
{"id":34509,"date":"2025-09-10T14:42:25","date_gmt":"2025-09-10T18:42:25","guid":{"rendered":"https:\/\/colegioarquitectos.com\/noticias\/?p=34509"},"modified":"2025-09-10T14:43:12","modified_gmt":"2025-09-10T18:43:12","slug":"52o-coloquio-de-arquitectura-indigena-urbanismo-andino-los-barrios-del-cusco-virreinal-y-la-continuidad-de-la-toponimia-inca-en-la-obra-del-inca-garcilaso-de-la-vega","status":"publish","type":"post","link":"https:\/\/colegioarquitectos.com\/noticias\/?p=34509","title":{"rendered":"52\u00ba Coloquio de Arquitectura Ind\u00edgena | Urbanismo Andino, los barrios del Cusco Virreinal y la continuidad de la toponimia inca en la obra del Inca Garcilaso De la Vega"},"content":{"rendered":"<p data-start=\"332\" data-end=\"678\">ARQA, el Coloquio de Nueva Arquitectura Ind\u00edgena, la Universidad Nacional de Misiones y la Universidad Aut\u00f3noma de Yucat\u00e1n invitan a participar en el <strong data-start=\"482\" data-end=\"531\">52\u00ba Coloquio Virtual de Arquitectura Ind\u00edgena<\/strong>, que se realizar\u00e1 el pr\u00f3ximo <strong data-start=\"561\" data-end=\"595\">lunes 15 de septiembre de 2025<\/strong> a las <strong data-start=\"602\" data-end=\"675\">18.00 h (Argentina), 15.00 h (M\u00e9xico), 16.00 h (Per\u00fa) y 21.00 h (GMT)<\/strong>.<\/p>\n<p data-start=\"680\" data-end=\"906\">La sesi\u00f3n estar\u00e1 a cargo de la antrop\u00f3loga <strong data-start=\"723\" data-end=\"746\">Lorena Tord Velasco<\/strong>, quien abordar\u00e1 el tema <em data-start=\"771\" data-end=\"903\">\u201cUrbanismo Andino, los barrios del Cusco Virreinal y la continuidad de la toponimia inca en la obra del Inca Garcilaso De la Vega\u201d<\/em>.<\/p>\n<p data-start=\"908\" data-end=\"1084\">La transmisi\u00f3n ser\u00e1 en vivo a trav\u00e9s de los canales oficiales de ARQA en <strong data-start=\"981\" data-end=\"992\">YouTube<\/strong> y <strong data-start=\"995\" data-end=\"1007\">Facebook<\/strong>, donde el p\u00fablico podr\u00e1 participar con preguntas y comentarios en el chat:<\/p>\n<p>&nbsp;<\/p>\n<p data-start=\"1086\" data-end=\"1211\"><span style=\"color: #000000;\"><strong><a class=\"decorated-link\" style=\"color: #000000;\" href=\"https:\/\/www.youtube.com\/watch?v=fgzDb6I0RgQ\" target=\"_new\" rel=\"noopener\" data-start=\"1089\" data-end=\"1143\">YouTube<\/a><\/strong><\/span><\/p>\n<p data-start=\"1086\" data-end=\"1211\"><br data-start=\"1143\" data-end=\"1146\" \/><span style=\"color: #000000;\"><strong><a class=\"decorated-link\" style=\"color: #000000;\" href=\"https:\/\/www.facebook.com\/events\/1474306527117579\" target=\"_new\" rel=\"noopener\" data-start=\"1149\" data-end=\"1209\">Facebook<\/a><\/strong><\/span><\/p>\n<p>&nbsp;<\/p>\n<p data-start=\"1213\" data-end=\"1284\">La actividad es abierta y gratuita, y no requiere inscripci\u00f3n previa.<\/p>\n<p>&nbsp;<\/p>\n<h4 data-start=\"1286\" data-end=\"1311\">Expositora<\/h4>\n<hr \/>\n<p data-start=\"1312\" data-end=\"1773\"><strong data-start=\"1312\" data-end=\"1335\">Lorena Tord Velasco<\/strong> (Lima, 1975) es antrop\u00f3loga por la Pontificia Universidad Cat\u00f3lica del Per\u00fa (PUCP) y M\u00e1ster en Antropolog\u00eda Cultural y Visual por la Universidad de Barcelona (UB). Actualmente desarrolla su investigaci\u00f3n doctoral en Historia en la Universitat Pompeu Fabra de Barcelona (UPF), donde forma parte del comit\u00e9 t\u00e9cnico de la revista <em data-start=\"1663\" data-end=\"1681\">Islas e Imperios<\/em> y del Grupo de Investigaci\u00f3n en Imperios, Metr\u00f3polis y Sociedades Extraeuropeas (GRIMSE).<\/p>\n<p data-start=\"1775\" data-end=\"2113\">Ha impartido conferencias y clases en diversas universidades de Europa y Am\u00e9rica Latina, y cuenta con una destacada trayectoria en investigaci\u00f3n, desarrollo de proyectos, turismo sostenible y periodismo cultural. Su m\u00e1s reciente publicaci\u00f3n corresponde a la <em data-start=\"2033\" data-end=\"2068\">Revista Hist\u00f3rica XLVIII 2 (2024)<\/em> de la PUCP, derivada de su tesis doctoral.<\/p>\n<p>&nbsp;<\/p>\n<p><\/p>","protected":false},"excerpt":{"rendered":"<p>ARQA, el Coloquio de Nueva Arquitectura Ind\u00edgena, la Universidad Nacional de Misiones y la Universidad Aut\u00f3noma de Yucat\u00e1n invitan a participar en el 52\u00ba Coloquio Virtual de Arquitectura Ind\u00edgena, que se realizar\u00e1 el pr\u00f3ximo lunes 15 de septiembre de 2025 &hellip; <a class=\"more-link\" href=\"https:\/\/colegioarquitectos.com\/noticias\/?p=34509\">ver m\u00e1s<\/a><\/p>","protected":false},"author":4,"featured_media":34510,"comment_status":"closed","ping_status":"closed","sticky":false,"template":"","format":"standard","meta":{"footnotes":""},"categories":[19,621],"tags":[1429,87,1430],"class_list":["post-34509","post","type-post","status-publish","format-standard","has-post-thumbnail","hentry","category-actividades","category-internacional","tag-52o-coloquio-de-arquitectura-indigena","tag-charla","tag-lorena-tord-velasco"],"yoast_head":"<!-- This site is optimized with the Yoast SEO plugin v24.2 - https:\/\/yoast.com\/wordpress\/plugins\/seo\/ -->\n<title>52\u00ba Coloquio de Arquitectura Ind\u00edgena | Urbanismo Andino, los barrios del Cusco Virreinal y la continuidad de la toponimia inca en la obra del Inca Garcilaso De la Vega - COLEGIO DE ARQUITECTOS DE CHILE<\/title>\n<meta name=\"robots\" content=\"index, follow, max-snippet:-1, max-image-preview:large, max-video-preview:-1\" \/>\n<link rel=\"canonical\" href=\"https:\/\/colegioarquitectos.com\/noticias\/?p=34509\" \/>\n<meta property=\"og:locale\" content=\"es_ES\" \/>\n<meta property=\"og:type\" content=\"article\" \/>\n<meta property=\"og:title\" content=\"52\u00ba Coloquio de Arquitectura Ind\u00edgena | Urbanismo Andino, los barrios del Cusco Virreinal y la continuidad de la toponimia inca en la obra del Inca Garcilaso De la Vega - COLEGIO DE ARQUITECTOS DE CHILE\" \/>\n<meta property=\"og:description\" content=\"ARQA, el Coloquio de Nueva Arquitectura Ind\u00edgena, la Universidad Nacional de Misiones y la Universidad Aut\u00f3noma de Yucat\u00e1n invitan a participar en el 52\u00ba Coloquio Virtual de Arquitectura Ind\u00edgena, que se realizar\u00e1 el pr\u00f3ximo lunes 15 de septiembre de 2025 &hellip; ver m\u00e1s\" \/>\n<meta property=\"og:url\" content=\"https:\/\/colegioarquitectos.com\/noticias\/?p=34509\" \/>\n<meta property=\"og:site_name\" content=\"COLEGIO DE ARQUITECTOS DE CHILE\" \/>\n<meta property=\"article:publisher\" content=\"https:\/\/facebook.com\/Colegioarq\/\" \/>\n<meta property=\"article:published_time\" content=\"2025-09-10T18:42:25+00:00\" \/>\n<meta property=\"article:modified_time\" content=\"2025-09-10T18:43:12+00:00\" \/>\n<meta property=\"og:image\" content=\"https:\/\/colegioarquitectos.com\/noticias\/wp-content\/uploads\/2025\/09\/maxresdefault.jpg\" \/>\n\t<meta property=\"og:image:width\" content=\"1280\" \/>\n\t<meta property=\"og:image:height\" content=\"720\" \/>\n\t<meta property=\"og:image:type\" content=\"image\/jpeg\" \/>\n<meta name=\"author\" content=\"Colegio de Arquitectos de Chile\" \/>\n<meta name=\"twitter:card\" content=\"summary_large_image\" \/>\n<meta name=\"twitter:creator\" content=\"@colegioarq\" \/>\n<meta name=\"twitter:site\" content=\"@colegioarq\" \/>\n<meta name=\"twitter:label1\" content=\"Escrito por\" \/>\n\t<meta name=\"twitter:data1\" content=\"Colegio de Arquitectos de Chile\" \/>\n\t<meta name=\"twitter:label2\" content=\"Tiempo de lectura\" \/>\n\t<meta name=\"twitter:data2\" content=\"2 minutos\" \/>\n<script type=\"application\/ld+json\" class=\"yoast-schema-graph\">{\"@context\":\"https:\/\/schema.org\",\"@graph\":[{\"@type\":\"Article\",\"@id\":\"https:\/\/colegioarquitectos.com\/noticias\/?p=34509#article\",\"isPartOf\":{\"@id\":\"https:\/\/colegioarquitectos.com\/noticias\/?p=34509\"},\"author\":{\"name\":\"Colegio de Arquitectos de Chile\",\"@id\":\"https:\/\/colegioarquitectos.com\/noticias\/#\/schema\/person\/685cc0aad148303c5608f049af8285ad\"},\"headline\":\"52\u00ba Coloquio de Arquitectura Ind\u00edgena | Urbanismo Andino, los barrios del Cusco Virreinal y la continuidad de la toponimia inca en la obra del Inca Garcilaso De la Vega\",\"datePublished\":\"2025-09-10T18:42:25+00:00\",\"dateModified\":\"2025-09-10T18:43:12+00:00\",\"mainEntityOfPage\":{\"@id\":\"https:\/\/colegioarquitectos.com\/noticias\/?p=34509\"},\"wordCount\":299,\"publisher\":{\"@id\":\"https:\/\/colegioarquitectos.com\/noticias\/#organization\"},\"image\":{\"@id\":\"https:\/\/colegioarquitectos.com\/noticias\/?p=34509#primaryimage\"},\"thumbnailUrl\":\"https:\/\/colegioarquitectos.com\/noticias\/wp-content\/uploads\/2025\/09\/maxresdefault.jpg\",\"keywords\":[\"52\u00ba Coloquio de Arquitectura Ind\u00edgena\",\"charla\",\"Lorena Tord Velasco\"],\"articleSection\":[\"Actividades\",\"Internacional\"],\"inLanguage\":\"es\"},{\"@type\":\"WebPage\",\"@id\":\"https:\/\/colegioarquitectos.com\/noticias\/?p=34509\",\"url\":\"https:\/\/colegioarquitectos.com\/noticias\/?p=34509\",\"name\":\"52\u00ba Coloquio de Arquitectura Ind\u00edgena | Urbanismo Andino, los barrios del Cusco Virreinal y la continuidad de la toponimia inca en la obra del Inca Garcilaso De la Vega - COLEGIO DE ARQUITECTOS DE CHILE\",\"isPartOf\":{\"@id\":\"https:\/\/colegioarquitectos.com\/noticias\/#website\"},\"primaryImageOfPage\":{\"@id\":\"https:\/\/colegioarquitectos.com\/noticias\/?p=34509#primaryimage\"},\"image\":{\"@id\":\"https:\/\/colegioarquitectos.com\/noticias\/?p=34509#primaryimage\"},\"thumbnailUrl\":\"https:\/\/colegioarquitectos.com\/noticias\/wp-content\/uploads\/2025\/09\/maxresdefault.jpg\",\"datePublished\":\"2025-09-10T18:42:25+00:00\",\"dateModified\":\"2025-09-10T18:43:12+00:00\",\"breadcrumb\":{\"@id\":\"https:\/\/colegioarquitectos.com\/noticias\/?p=34509#breadcrumb\"},\"inLanguage\":\"es\",\"potentialAction\":[{\"@type\":\"ReadAction\",\"target\":[\"https:\/\/colegioarquitectos.com\/noticias\/?p=34509\"]}]},{\"@type\":\"ImageObject\",\"inLanguage\":\"es\",\"@id\":\"https:\/\/colegioarquitectos.com\/noticias\/?p=34509#primaryimage\",\"url\":\"https:\/\/colegioarquitectos.com\/noticias\/wp-content\/uploads\/2025\/09\/maxresdefault.jpg\",\"contentUrl\":\"https:\/\/colegioarquitectos.com\/noticias\/wp-content\/uploads\/2025\/09\/maxresdefault.jpg\",\"width\":1280,\"height\":720},{\"@type\":\"BreadcrumbList\",\"@id\":\"https:\/\/colegioarquitectos.com\/noticias\/?p=34509#breadcrumb\",\"itemListElement\":[{\"@type\":\"ListItem\",\"position\":1,\"name\":\"Portada\",\"item\":\"https:\/\/colegioarquitectos.com\/noticias\"},{\"@type\":\"ListItem\",\"position\":2,\"name\":\"52\u00ba Coloquio de Arquitectura Ind\u00edgena | Urbanismo Andino, los barrios del Cusco Virreinal y la continuidad de la toponimia inca en la obra del Inca Garcilaso De la Vega\"}]},{\"@type\":\"WebSite\",\"@id\":\"https:\/\/colegioarquitectos.com\/noticias\/#website\",\"url\":\"https:\/\/colegioarquitectos.com\/noticias\/\",\"name\":\"COLEGIO DE ARQUITECTOS DE CHILE\",\"description\":\"\",\"publisher\":{\"@id\":\"https:\/\/colegioarquitectos.com\/noticias\/#organization\"},\"potentialAction\":[{\"@type\":\"SearchAction\",\"target\":{\"@type\":\"EntryPoint\",\"urlTemplate\":\"https:\/\/colegioarquitectos.com\/noticias\/?s={search_term_string}\"},\"query-input\":{\"@type\":\"PropertyValueSpecification\",\"valueRequired\":true,\"valueName\":\"search_term_string\"}}],\"inLanguage\":\"es\"},{\"@type\":\"Organization\",\"@id\":\"https:\/\/colegioarquitectos.com\/noticias\/#organization\",\"name\":\"COLEGIO DE ARQUITECTOS DE CHILE\",\"url\":\"https:\/\/colegioarquitectos.com\/noticias\/\",\"logo\":{\"@type\":\"ImageObject\",\"inLanguage\":\"es\",\"@id\":\"https:\/\/colegioarquitectos.com\/noticias\/#\/schema\/logo\/image\/\",\"url\":\"https:\/\/colegioarquitectos.com\/noticias\/wp-content\/uploads\/2021\/05\/ENCABEZADO-LOGO-CA.jpg\",\"contentUrl\":\"https:\/\/colegioarquitectos.com\/noticias\/wp-content\/uploads\/2021\/05\/ENCABEZADO-LOGO-CA.jpg\",\"width\":690,\"height\":350,\"caption\":\"COLEGIO DE ARQUITECTOS DE CHILE\"},\"image\":{\"@id\":\"https:\/\/colegioarquitectos.com\/noticias\/#\/schema\/logo\/image\/\"},\"sameAs\":[\"https:\/\/facebook.com\/Colegioarq\/\",\"https:\/\/x.com\/colegioarq\",\"https:\/\/instagram.com\/colegioarq\",\"https:\/\/youtube.com\/@ColegiodeArquitectosdeChile\"]},{\"@type\":\"Person\",\"@id\":\"https:\/\/colegioarquitectos.com\/noticias\/#\/schema\/person\/685cc0aad148303c5608f049af8285ad\",\"name\":\"Colegio de Arquitectos de Chile\",\"url\":\"https:\/\/colegioarquitectos.com\/noticias\/?author=4\"}]}<\/script>\n<!-- \/ Yoast SEO plugin. -->","yoast_head_json":{"title":"52\u00ba Coloquio de Arquitectura Ind\u00edgena | Urbanismo Andino, los barrios del Cusco Virreinal y la continuidad de la toponimia inca en la obra del Inca Garcilaso De la Vega - COLEGIO DE ARQUITECTOS DE CHILE","robots":{"index":"index","follow":"follow","max-snippet":"max-snippet:-1","max-image-preview":"max-image-preview:large","max-video-preview":"max-video-preview:-1"},"canonical":"https:\/\/colegioarquitectos.com\/noticias\/?p=34509","og_locale":"es_ES","og_type":"article","og_title":"52\u00ba Coloquio de Arquitectura Ind\u00edgena | Urbanismo Andino, los barrios del Cusco Virreinal y la continuidad de la toponimia inca en la obra del Inca Garcilaso De la Vega - COLEGIO DE ARQUITECTOS DE CHILE","og_description":"ARQA, el Coloquio de Nueva Arquitectura Ind\u00edgena, la Universidad Nacional de Misiones y la Universidad Aut\u00f3noma de Yucat\u00e1n invitan a participar en el 52\u00ba Coloquio Virtual de Arquitectura Ind\u00edgena, que se realizar\u00e1 el pr\u00f3ximo lunes 15 de septiembre de 2025 &hellip; ver m\u00e1s","og_url":"https:\/\/colegioarquitectos.com\/noticias\/?p=34509","og_site_name":"COLEGIO DE ARQUITECTOS DE CHILE","article_publisher":"https:\/\/facebook.com\/Colegioarq\/","article_published_time":"2025-09-10T18:42:25+00:00","article_modified_time":"2025-09-10T18:43:12+00:00","og_image":[{"width":1280,"height":720,"url":"https:\/\/colegioarquitectos.com\/noticias\/wp-content\/uploads\/2025\/09\/maxresdefault.jpg","type":"image\/jpeg"}],"author":"Colegio de Arquitectos de Chile","twitter_card":"summary_large_image","twitter_creator":"@colegioarq","twitter_site":"@colegioarq","twitter_misc":{"Escrito por":"Colegio de Arquitectos de Chile","Tiempo de lectura":"2 minutos"},"schema":{"@context":"https:\/\/schema.org","@graph":[{"@type":"Article","@id":"https:\/\/colegioarquitectos.com\/noticias\/?p=34509#article","isPartOf":{"@id":"https:\/\/colegioarquitectos.com\/noticias\/?p=34509"},"author":{"name":"Colegio de Arquitectos de Chile","@id":"https:\/\/colegioarquitectos.com\/noticias\/#\/schema\/person\/685cc0aad148303c5608f049af8285ad"},"headline":"52\u00ba Coloquio de Arquitectura Ind\u00edgena | Urbanismo Andino, los barrios del Cusco Virreinal y la continuidad de la toponimia inca en la obra del Inca Garcilaso De la Vega","datePublished":"2025-09-10T18:42:25+00:00","dateModified":"2025-09-10T18:43:12+00:00","mainEntityOfPage":{"@id":"https:\/\/colegioarquitectos.com\/noticias\/?p=34509"},"wordCount":299,"publisher":{"@id":"https:\/\/colegioarquitectos.com\/noticias\/#organization"},"image":{"@id":"https:\/\/colegioarquitectos.com\/noticias\/?p=34509#primaryimage"},"thumbnailUrl":"https:\/\/colegioarquitectos.com\/noticias\/wp-content\/uploads\/2025\/09\/maxresdefault.jpg","keywords":["52\u00ba Coloquio de Arquitectura Ind\u00edgena","charla","Lorena Tord Velasco"],"articleSection":["Actividades","Internacional"],"inLanguage":"es"},{"@type":"WebPage","@id":"https:\/\/colegioarquitectos.com\/noticias\/?p=34509","url":"https:\/\/colegioarquitectos.com\/noticias\/?p=34509","name":"52\u00ba Coloquio de Arquitectura Ind\u00edgena | Urbanismo Andino, los barrios del Cusco Virreinal y la continuidad de la toponimia inca en la obra del Inca Garcilaso De la Vega - COLEGIO DE ARQUITECTOS DE CHILE","isPartOf":{"@id":"https:\/\/colegioarquitectos.com\/noticias\/#website"},"primaryImageOfPage":{"@id":"https:\/\/colegioarquitectos.com\/noticias\/?p=34509#primaryimage"},"image":{"@id":"https:\/\/colegioarquitectos.com\/noticias\/?p=34509#primaryimage"},"thumbnailUrl":"https:\/\/colegioarquitectos.com\/noticias\/wp-content\/uploads\/2025\/09\/maxresdefault.jpg","datePublished":"2025-09-10T18:42:25+00:00","dateModified":"2025-09-10T18:43:12+00:00","breadcrumb":{"@id":"https:\/\/colegioarquitectos.com\/noticias\/?p=34509#breadcrumb"},"inLanguage":"es","potentialAction":[{"@type":"ReadAction","target":["https:\/\/colegioarquitectos.com\/noticias\/?p=34509"]}]},{"@type":"ImageObject","inLanguage":"es","@id":"https:\/\/colegioarquitectos.com\/noticias\/?p=34509#primaryimage","url":"https:\/\/colegioarquitectos.com\/noticias\/wp-content\/uploads\/2025\/09\/maxresdefault.jpg","contentUrl":"https:\/\/colegioarquitectos.com\/noticias\/wp-content\/uploads\/2025\/09\/maxresdefault.jpg","width":1280,"height":720},{"@type":"BreadcrumbList","@id":"https:\/\/colegioarquitectos.com\/noticias\/?p=34509#breadcrumb","itemListElement":[{"@type":"ListItem","position":1,"name":"Portada","item":"https:\/\/colegioarquitectos.com\/noticias"},{"@type":"ListItem","position":2,"name":"52\u00ba Coloquio de Arquitectura Ind\u00edgena | Urbanismo Andino, los barrios del Cusco Virreinal y la continuidad de la toponimia inca en la obra del Inca Garcilaso De la Vega"}]},{"@type":"WebSite","@id":"https:\/\/colegioarquitectos.com\/noticias\/#website","url":"https:\/\/colegioarquitectos.com\/noticias\/","name":"COLEGIO DE ARQUITECTOS DE CHILE","description":"","publisher":{"@id":"https:\/\/colegioarquitectos.com\/noticias\/#organization"},"potentialAction":[{"@type":"SearchAction","target":{"@type":"EntryPoint","urlTemplate":"https:\/\/colegioarquitectos.com\/noticias\/?s={search_term_string}"},"query-input":{"@type":"PropertyValueSpecification","valueRequired":true,"valueName":"search_term_string"}}],"inLanguage":"es"},{"@type":"Organization","@id":"https:\/\/colegioarquitectos.com\/noticias\/#organization","name":"COLEGIO DE ARQUITECTOS DE CHILE","url":"https:\/\/colegioarquitectos.com\/noticias\/","logo":{"@type":"ImageObject","inLanguage":"es","@id":"https:\/\/colegioarquitectos.com\/noticias\/#\/schema\/logo\/image\/","url":"https:\/\/colegioarquitectos.com\/noticias\/wp-content\/uploads\/2021\/05\/ENCABEZADO-LOGO-CA.jpg","contentUrl":"https:\/\/colegioarquitectos.com\/noticias\/wp-content\/uploads\/2021\/05\/ENCABEZADO-LOGO-CA.jpg","width":690,"height":350,"caption":"COLEGIO DE ARQUITECTOS DE CHILE"},"image":{"@id":"https:\/\/colegioarquitectos.com\/noticias\/#\/schema\/logo\/image\/"},"sameAs":["https:\/\/facebook.com\/Colegioarq\/","https:\/\/x.com\/colegioarq","https:\/\/instagram.com\/colegioarq","https:\/\/youtube.com\/@ColegiodeArquitectosdeChile"]},{"@type":"Person","@id":"https:\/\/colegioarquitectos.com\/noticias\/#\/schema\/person\/685cc0aad148303c5608f049af8285ad","name":"Colegio de Arquitectos de Chile","url":"https:\/\/colegioarquitectos.com\/noticias\/?author=4"}]}},"_links":{"self":[{"href":"https:\/\/colegioarquitectos.com\/noticias\/index.php?rest_route=\/wp\/v2\/posts\/34509","targetHints":{"allow":["GET"]}}],"collection":[{"href":"https:\/\/colegioarquitectos.com\/noticias\/index.php?rest_route=\/wp\/v2\/posts"}],"about":[{"href":"https:\/\/colegioarquitectos.com\/noticias\/index.php?rest_route=\/wp\/v2\/types\/post"}],"author":[{"embeddable":true,"href":"https:\/\/colegioarquitectos.com\/noticias\/index.php?rest_route=\/wp\/v2\/users\/4"}],"replies":[{"embeddable":true,"href":"https:\/\/colegioarquitectos.com\/noticias\/index.php?rest_route=%2Fwp%2Fv2%2Fcomments&post=34509"}],"version-history":[{"count":4,"href":"https:\/\/colegioarquitectos.com\/noticias\/index.php?rest_route=\/wp\/v2\/posts\/34509\/revisions"}],"predecessor-version":[{"id":34514,"href":"https:\/\/colegioarquitectos.com\/noticias\/index.php?rest_route=\/wp\/v2\/posts\/34509\/revisions\/34514"}],"wp:featuredmedia":[{"embeddable":true,"href":"https:\/\/colegioarquitectos.com\/noticias\/index.php?rest_route=\/wp\/v2\/media\/34510"}],"wp:attachment":[{"href":"https:\/\/colegioarquitectos.com\/noticias\/index.php?rest_route=%2Fwp%2Fv2%2Fmedia&parent=34509"}],"wp:term":[{"taxonomy":"category","embeddable":true,"href":"https:\/\/colegioarquitectos.com\/noticias\/index.php?rest_route=%2Fwp%2Fv2%2Fcategories&post=34509"},{"taxonomy":"post_tag","embeddable":true,"href":"https:\/\/colegioarquitectos.com\/noticias\/index.php?rest_route=%2Fwp%2Fv2%2Ftags&post=34509"}],"curies":[{"name":"wp","href":"https:\/\/api.w.org\/{rel}","templated":true}]}}