
{"id":34532,"date":"2025-09-16T14:00:39","date_gmt":"2025-09-16T18:00:39","guid":{"rendered":"https:\/\/colegioarquitectos.com\/noticias\/?p=34532"},"modified":"2025-09-16T14:00:39","modified_gmt":"2025-09-16T18:00:39","slug":"arquitectura-ciudad-y-territorio-lo-que-chile-necesita-escuchar-en-tiempos-de-elecciones-una-columna-de-opinion-de-rodolfo-jimenez-en-radio-bio-bio","status":"publish","type":"post","link":"https:\/\/colegioarquitectos.com\/noticias\/?p=34532","title":{"rendered":"\u00abArquitectura, ciudad y territorio: lo que Chile necesita escuchar en tiempos de elecciones\u00bb, una columna de opini\u00f3n de Rodolfo Jim\u00e9nez en Radio B\u00edo-B\u00edo"},"content":{"rendered":"<p>&nbsp;<\/p>\n<p style=\"text-align: right;\"><em>**Esta columna de opini\u00f3n fue publicada en <strong><span style=\"color: #000000;\"><a style=\"color: #000000;\" href=\"https:\/\/www.biobiochile.cl\/noticias\/opinion\/columnas-bbcl\/2025\/09\/16\/arquitectura-ciudad-y-territorio-lo-que-chile-necesita-escuchar-en-tiempos-de-elecciones.shtml\">biobiochile.cl<\/a><\/span><\/strong> el 16 de septiembre de 2025<\/em><\/p>\n<p>&nbsp;<\/p>\n<p>En cada proceso electoral, el pa\u00eds debate sobre crecimiento econ\u00f3mico, equidad social y sustentabilidad. Sin embargo, hay un aspecto fundamental que rara vez alcanza la centralidad en las campa\u00f1as: el modo en que habitamos nuestro territorio. La vivienda, la ciudad, el espacio p\u00fablico, la infraestructura y el ambiente no son solamente escenarios de la vida social; son parte constitutiva de la democracia, de la dignidad y del bienestar de la ciudadan\u00eda.<\/p>\n<p>Como Colegio de Arquitectos de Chile, recordamos que nuestro rol, definido en los estatutos, es contribuir al desarrollo arm\u00f3nico de la disciplina, al fortalecimiento de la profesi\u00f3n y, sobre todo, al bien com\u00fan. Ello implica una mirada cr\u00edtica sobre la planificaci\u00f3n urbana, la justicia territorial y la crisis habitacional que atraviesa el pa\u00eds. Por eso, creemos necesario plantear a quienes aspiran a la Presidencia de la Rep\u00fablica algunas demandas ineludibles que debieran ser parte de todo programa de gobierno responsable.<\/p>\n<p>&nbsp;<\/p>\n<ol>\n<li><strong>Pol\u00edtica habitacional integral<\/strong><\/li>\n<\/ol>\n<p>La persistente crisis de acceso a la vivienda no se resuelve \u00fanicamente con la construcci\u00f3n de m\u00e1s unidades. Exigimos programas que articulen cantidad con calidad, es decir, soluciones que garanticen localizaci\u00f3n adecuada, integraci\u00f3n social, acceso a servicios, sustentabilidad energ\u00e9tica y est\u00e1ndares espaciales dignos. La vivienda debe ser considerada un derecho humano efectivo y no solo un bien transable en el mercado.<\/p>\n<p>&nbsp;<\/p>\n<ol start=\"2\">\n<li><strong>Planificaci\u00f3n territorial descentralizada<\/strong><\/li>\n<\/ol>\n<p>El territorio chileno, diverso y desigual, demanda pol\u00edticas que fortalezcan la planificaci\u00f3n urbana y regional con enfoque descentralizado. Las regiones deben contar con atribuciones y recursos para decidir sobre su desarrollo, evitando la reproducci\u00f3n de inequidades que concentran oportunidades en pocas ciudades y abandonan al resto del pa\u00eds.<\/p>\n<p>&nbsp;<\/p>\n<ol start=\"3\">\n<li><strong>Adaptaci\u00f3n y resiliencia frente a la crisis clim\u00e1tica<\/strong><\/li>\n<\/ol>\n<p>Chile es altamente vulnerable a los efectos del cambio clim\u00e1tico: sequ\u00edas prolongadas, incendios, inundaciones y p\u00e9rdida de biodiversidad. Creemos que que la arquitectura y el urbanismo deben estar integrados en una estrategia nacional de cambios estructurales, que promuevan ciudades m\u00e1s verdes, infraestructuras resilientes, protecci\u00f3n de bordes costeros y una pol\u00edtica de vivienda que reduzca huella de carbono y consuma menos suelo.<\/p>\n<p>&nbsp;<\/p>\n<ol start=\"4\">\n<li><strong>Recuperaci\u00f3n del espacio p\u00fablico<\/strong><\/li>\n<\/ol>\n<p>El espacio p\u00fablico es el lugar donde se vive la democracia cotidiana. La recuperaci\u00f3n y creaci\u00f3n de espacios seguros, accesibles y de calidad debe ser prioridad de cualquier plan gubernamental. Se requiere m\u00e1s inversi\u00f3n en parques, ciclov\u00edas, equipamientos y \u00e1reas comunes que favorezcan la cohesi\u00f3n social y la vida comunitaria.<\/p>\n<p>&nbsp;<\/p>\n<ol start=\"5\">\n<li><strong>Equidad territorial y justicia urbana<\/strong><\/li>\n<\/ol>\n<p>La segregaci\u00f3n espacial es un problema estructural del pa\u00eds. Los programas de gobierno deben comprometerse a reducir la brecha entre comunas y regiones, asegurando equidad en el acceso a servicios urbanos, transporte y equipamiento. La justicia territorial es condici\u00f3n de la justicia social.<\/p>\n<p>&nbsp;<\/p>\n<ol start=\"6\">\n<li><strong>Participaci\u00f3n ciudadana vinculante<\/strong><\/li>\n<\/ol>\n<p>El dise\u00f1o de ciudades y territorios no puede seguir siendo decidido solo desde arriba. Proponemos institucionalizar mecanismos de participaci\u00f3n ciudadana vinculante en los planes de desarrollo urbano, en la definici\u00f3n de proyectos habitacionales y en la gesti\u00f3n de recursos ambientales.<\/p>\n<p>&nbsp;<\/p>\n<p><strong>Un llamado a la responsabilidad pol\u00edtica<\/strong><\/p>\n<p>Chile necesita un pacto social y territorial que mire m\u00e1s all\u00e1 de la coyuntura electoral. La vivienda digna, la ciudad justa, el territorio equilibrado y el medioambiente sano deben ser ejes estructurales de cualquier programa de gobierno. No es solo una exigencia gremial; es una urgencia \u00e9tica y democr\u00e1tica.<\/p>\n<p>Como arquitectas y arquitectos, ponemos nuestra voz y experiencia al servicio del pa\u00eds. Esperamos que quienes aspiran a gobernarlo asuman con valent\u00eda estas demandas, porque en ellas se juega el derecho de todas y todos a habitar con dignidad.<\/p>\n<p>&nbsp;<\/p>\n<p>&nbsp;<\/p>\n<p><strong>Rodolfo Jim\u00e9nez Cavieres<\/strong><\/p>\n<p><strong>Presidente nacional<\/strong><\/p>\n<p><strong>Colegio de Arquitectos de Chile<\/strong><\/p>\n<p>&nbsp;<\/p>\n<p><\/p>","protected":false},"excerpt":{"rendered":"<p>&nbsp; **Esta columna de opini\u00f3n fue publicada en biobiochile.cl el 16 de septiembre de 2025 &nbsp; En cada proceso electoral, el pa\u00eds debate sobre crecimiento econ\u00f3mico, equidad social y sustentabilidad. Sin embargo, hay un aspecto fundamental que rara vez alcanza &hellip; <a class=\"more-link\" href=\"https:\/\/colegioarquitectos.com\/noticias\/?p=34532\">ver m\u00e1s<\/a><\/p>","protected":false},"author":4,"featured_media":34533,"comment_status":"closed","ping_status":"closed","sticky":false,"template":"","format":"standard","meta":{"footnotes":""},"categories":[8,81],"tags":[1311,1312,143,1439,1440,1410,1127,1128],"class_list":["post-34532","post","type-post","status-publish","format-standard","has-post-thumbnail","hentry","category-colegio-de-arquitectos","category-sala-de-prensa","tag-columna","tag-columna-de-opinion","tag-elecciones","tag-elecciones-presidenciales","tag-elecciones-presidenciales-2025","tag-opinion","tag-rodolfo-jimenez","tag-rodolfo-jimenez-cavieres"],"yoast_head":"<!-- This site is optimized with the Yoast SEO plugin v24.2 - https:\/\/yoast.com\/wordpress\/plugins\/seo\/ -->\n<title>\u00abArquitectura, ciudad y territorio: lo que Chile necesita escuchar en tiempos de elecciones\u00bb, una columna de opini\u00f3n de Rodolfo Jim\u00e9nez en Radio B\u00edo-B\u00edo - COLEGIO DE ARQUITECTOS DE CHILE<\/title>\n<meta name=\"robots\" content=\"index, follow, max-snippet:-1, max-image-preview:large, max-video-preview:-1\" \/>\n<link rel=\"canonical\" href=\"https:\/\/colegioarquitectos.com\/noticias\/?p=34532\" \/>\n<meta property=\"og:locale\" content=\"es_ES\" \/>\n<meta property=\"og:type\" content=\"article\" \/>\n<meta property=\"og:title\" content=\"\u00abArquitectura, ciudad y territorio: lo que Chile necesita escuchar en tiempos de elecciones\u00bb, una columna de opini\u00f3n de Rodolfo Jim\u00e9nez en Radio B\u00edo-B\u00edo - COLEGIO DE ARQUITECTOS DE CHILE\" \/>\n<meta property=\"og:description\" content=\"&nbsp; **Esta columna de opini\u00f3n fue publicada en biobiochile.cl el 16 de septiembre de 2025 &nbsp; En cada proceso electoral, el pa\u00eds debate sobre crecimiento econ\u00f3mico, equidad social y sustentabilidad. Sin embargo, hay un aspecto fundamental que rara vez alcanza &hellip; ver m\u00e1s\" \/>\n<meta property=\"og:url\" content=\"https:\/\/colegioarquitectos.com\/noticias\/?p=34532\" \/>\n<meta property=\"og:site_name\" content=\"COLEGIO DE ARQUITECTOS DE CHILE\" \/>\n<meta property=\"article:publisher\" content=\"https:\/\/facebook.com\/Colegioarq\/\" \/>\n<meta property=\"article:published_time\" content=\"2025-09-16T18:00:39+00:00\" \/>\n<meta property=\"og:image\" content=\"https:\/\/colegioarquitectos.com\/noticias\/wp-content\/uploads\/2025\/09\/encab-web-biobio.png\" \/>\n\t<meta property=\"og:image:width\" content=\"1280\" \/>\n\t<meta property=\"og:image:height\" content=\"720\" \/>\n\t<meta property=\"og:image:type\" content=\"image\/png\" \/>\n<meta name=\"author\" content=\"Colegio de Arquitectos de Chile\" \/>\n<meta name=\"twitter:card\" content=\"summary_large_image\" \/>\n<meta name=\"twitter:creator\" content=\"@colegioarq\" \/>\n<meta name=\"twitter:site\" content=\"@colegioarq\" \/>\n<meta name=\"twitter:label1\" content=\"Escrito por\" \/>\n\t<meta name=\"twitter:data1\" content=\"Colegio de Arquitectos de Chile\" \/>\n\t<meta name=\"twitter:label2\" content=\"Tiempo de lectura\" \/>\n\t<meta name=\"twitter:data2\" content=\"3 minutos\" \/>\n<script type=\"application\/ld+json\" class=\"yoast-schema-graph\">{\"@context\":\"https:\/\/schema.org\",\"@graph\":[{\"@type\":\"Article\",\"@id\":\"https:\/\/colegioarquitectos.com\/noticias\/?p=34532#article\",\"isPartOf\":{\"@id\":\"https:\/\/colegioarquitectos.com\/noticias\/?p=34532\"},\"author\":{\"name\":\"Colegio de Arquitectos de Chile\",\"@id\":\"https:\/\/colegioarquitectos.com\/noticias\/#\/schema\/person\/685cc0aad148303c5608f049af8285ad\"},\"headline\":\"\u00abArquitectura, ciudad y territorio: lo que Chile necesita escuchar en tiempos de elecciones\u00bb, una columna de opini\u00f3n de Rodolfo Jim\u00e9nez en Radio B\u00edo-B\u00edo\",\"datePublished\":\"2025-09-16T18:00:39+00:00\",\"dateModified\":\"2025-09-16T18:00:39+00:00\",\"mainEntityOfPage\":{\"@id\":\"https:\/\/colegioarquitectos.com\/noticias\/?p=34532\"},\"wordCount\":692,\"publisher\":{\"@id\":\"https:\/\/colegioarquitectos.com\/noticias\/#organization\"},\"image\":{\"@id\":\"https:\/\/colegioarquitectos.com\/noticias\/?p=34532#primaryimage\"},\"thumbnailUrl\":\"https:\/\/colegioarquitectos.com\/noticias\/wp-content\/uploads\/2025\/09\/encab-web-biobio.png\",\"keywords\":[\"columna\",\"columna de opini\u00f3n\",\"Elecciones\",\"elecciones presidenciales\",\"elecciones presidenciales 2025\",\"opini\u00f3n\",\"Rodolfo Jim\u00e9nez\",\"Rodolfo Jim\u00e9nez Cavieres\"],\"articleSection\":[\"Colegio\",\"Sala de Prensa\"],\"inLanguage\":\"es\"},{\"@type\":\"WebPage\",\"@id\":\"https:\/\/colegioarquitectos.com\/noticias\/?p=34532\",\"url\":\"https:\/\/colegioarquitectos.com\/noticias\/?p=34532\",\"name\":\"\u00abArquitectura, ciudad y territorio: lo que Chile necesita escuchar en tiempos de elecciones\u00bb, una columna de opini\u00f3n de Rodolfo Jim\u00e9nez en Radio B\u00edo-B\u00edo - COLEGIO DE ARQUITECTOS DE CHILE\",\"isPartOf\":{\"@id\":\"https:\/\/colegioarquitectos.com\/noticias\/#website\"},\"primaryImageOfPage\":{\"@id\":\"https:\/\/colegioarquitectos.com\/noticias\/?p=34532#primaryimage\"},\"image\":{\"@id\":\"https:\/\/colegioarquitectos.com\/noticias\/?p=34532#primaryimage\"},\"thumbnailUrl\":\"https:\/\/colegioarquitectos.com\/noticias\/wp-content\/uploads\/2025\/09\/encab-web-biobio.png\",\"datePublished\":\"2025-09-16T18:00:39+00:00\",\"dateModified\":\"2025-09-16T18:00:39+00:00\",\"breadcrumb\":{\"@id\":\"https:\/\/colegioarquitectos.com\/noticias\/?p=34532#breadcrumb\"},\"inLanguage\":\"es\",\"potentialAction\":[{\"@type\":\"ReadAction\",\"target\":[\"https:\/\/colegioarquitectos.com\/noticias\/?p=34532\"]}]},{\"@type\":\"ImageObject\",\"inLanguage\":\"es\",\"@id\":\"https:\/\/colegioarquitectos.com\/noticias\/?p=34532#primaryimage\",\"url\":\"https:\/\/colegioarquitectos.com\/noticias\/wp-content\/uploads\/2025\/09\/encab-web-biobio.png\",\"contentUrl\":\"https:\/\/colegioarquitectos.com\/noticias\/wp-content\/uploads\/2025\/09\/encab-web-biobio.png\",\"width\":1280,\"height\":720},{\"@type\":\"BreadcrumbList\",\"@id\":\"https:\/\/colegioarquitectos.com\/noticias\/?p=34532#breadcrumb\",\"itemListElement\":[{\"@type\":\"ListItem\",\"position\":1,\"name\":\"Portada\",\"item\":\"https:\/\/colegioarquitectos.com\/noticias\"},{\"@type\":\"ListItem\",\"position\":2,\"name\":\"\u00abArquitectura, ciudad y territorio: lo que Chile necesita escuchar en tiempos de elecciones\u00bb, una columna de opini\u00f3n de Rodolfo Jim\u00e9nez en Radio B\u00edo-B\u00edo\"}]},{\"@type\":\"WebSite\",\"@id\":\"https:\/\/colegioarquitectos.com\/noticias\/#website\",\"url\":\"https:\/\/colegioarquitectos.com\/noticias\/\",\"name\":\"COLEGIO DE ARQUITECTOS DE CHILE\",\"description\":\"\",\"publisher\":{\"@id\":\"https:\/\/colegioarquitectos.com\/noticias\/#organization\"},\"potentialAction\":[{\"@type\":\"SearchAction\",\"target\":{\"@type\":\"EntryPoint\",\"urlTemplate\":\"https:\/\/colegioarquitectos.com\/noticias\/?s={search_term_string}\"},\"query-input\":{\"@type\":\"PropertyValueSpecification\",\"valueRequired\":true,\"valueName\":\"search_term_string\"}}],\"inLanguage\":\"es\"},{\"@type\":\"Organization\",\"@id\":\"https:\/\/colegioarquitectos.com\/noticias\/#organization\",\"name\":\"COLEGIO DE ARQUITECTOS DE CHILE\",\"url\":\"https:\/\/colegioarquitectos.com\/noticias\/\",\"logo\":{\"@type\":\"ImageObject\",\"inLanguage\":\"es\",\"@id\":\"https:\/\/colegioarquitectos.com\/noticias\/#\/schema\/logo\/image\/\",\"url\":\"https:\/\/colegioarquitectos.com\/noticias\/wp-content\/uploads\/2021\/05\/ENCABEZADO-LOGO-CA.jpg\",\"contentUrl\":\"https:\/\/colegioarquitectos.com\/noticias\/wp-content\/uploads\/2021\/05\/ENCABEZADO-LOGO-CA.jpg\",\"width\":690,\"height\":350,\"caption\":\"COLEGIO DE ARQUITECTOS DE CHILE\"},\"image\":{\"@id\":\"https:\/\/colegioarquitectos.com\/noticias\/#\/schema\/logo\/image\/\"},\"sameAs\":[\"https:\/\/facebook.com\/Colegioarq\/\",\"https:\/\/x.com\/colegioarq\",\"https:\/\/instagram.com\/colegioarq\",\"https:\/\/youtube.com\/@ColegiodeArquitectosdeChile\"]},{\"@type\":\"Person\",\"@id\":\"https:\/\/colegioarquitectos.com\/noticias\/#\/schema\/person\/685cc0aad148303c5608f049af8285ad\",\"name\":\"Colegio de Arquitectos de Chile\",\"url\":\"https:\/\/colegioarquitectos.com\/noticias\/?author=4\"}]}<\/script>\n<!-- \/ Yoast SEO plugin. -->","yoast_head_json":{"title":"\u00abArquitectura, ciudad y territorio: lo que Chile necesita escuchar en tiempos de elecciones\u00bb, una columna de opini\u00f3n de Rodolfo Jim\u00e9nez en Radio B\u00edo-B\u00edo - COLEGIO DE ARQUITECTOS DE CHILE","robots":{"index":"index","follow":"follow","max-snippet":"max-snippet:-1","max-image-preview":"max-image-preview:large","max-video-preview":"max-video-preview:-1"},"canonical":"https:\/\/colegioarquitectos.com\/noticias\/?p=34532","og_locale":"es_ES","og_type":"article","og_title":"\u00abArquitectura, ciudad y territorio: lo que Chile necesita escuchar en tiempos de elecciones\u00bb, una columna de opini\u00f3n de Rodolfo Jim\u00e9nez en Radio B\u00edo-B\u00edo - COLEGIO DE ARQUITECTOS DE CHILE","og_description":"&nbsp; **Esta columna de opini\u00f3n fue publicada en biobiochile.cl el 16 de septiembre de 2025 &nbsp; En cada proceso electoral, el pa\u00eds debate sobre crecimiento econ\u00f3mico, equidad social y sustentabilidad. Sin embargo, hay un aspecto fundamental que rara vez alcanza &hellip; ver m\u00e1s","og_url":"https:\/\/colegioarquitectos.com\/noticias\/?p=34532","og_site_name":"COLEGIO DE ARQUITECTOS DE CHILE","article_publisher":"https:\/\/facebook.com\/Colegioarq\/","article_published_time":"2025-09-16T18:00:39+00:00","og_image":[{"width":1280,"height":720,"url":"https:\/\/colegioarquitectos.com\/noticias\/wp-content\/uploads\/2025\/09\/encab-web-biobio.png","type":"image\/png"}],"author":"Colegio de Arquitectos de Chile","twitter_card":"summary_large_image","twitter_creator":"@colegioarq","twitter_site":"@colegioarq","twitter_misc":{"Escrito por":"Colegio de Arquitectos de Chile","Tiempo de lectura":"3 minutos"},"schema":{"@context":"https:\/\/schema.org","@graph":[{"@type":"Article","@id":"https:\/\/colegioarquitectos.com\/noticias\/?p=34532#article","isPartOf":{"@id":"https:\/\/colegioarquitectos.com\/noticias\/?p=34532"},"author":{"name":"Colegio de Arquitectos de Chile","@id":"https:\/\/colegioarquitectos.com\/noticias\/#\/schema\/person\/685cc0aad148303c5608f049af8285ad"},"headline":"\u00abArquitectura, ciudad y territorio: lo que Chile necesita escuchar en tiempos de elecciones\u00bb, una columna de opini\u00f3n de Rodolfo Jim\u00e9nez en Radio B\u00edo-B\u00edo","datePublished":"2025-09-16T18:00:39+00:00","dateModified":"2025-09-16T18:00:39+00:00","mainEntityOfPage":{"@id":"https:\/\/colegioarquitectos.com\/noticias\/?p=34532"},"wordCount":692,"publisher":{"@id":"https:\/\/colegioarquitectos.com\/noticias\/#organization"},"image":{"@id":"https:\/\/colegioarquitectos.com\/noticias\/?p=34532#primaryimage"},"thumbnailUrl":"https:\/\/colegioarquitectos.com\/noticias\/wp-content\/uploads\/2025\/09\/encab-web-biobio.png","keywords":["columna","columna de opini\u00f3n","Elecciones","elecciones presidenciales","elecciones presidenciales 2025","opini\u00f3n","Rodolfo Jim\u00e9nez","Rodolfo Jim\u00e9nez Cavieres"],"articleSection":["Colegio","Sala de Prensa"],"inLanguage":"es"},{"@type":"WebPage","@id":"https:\/\/colegioarquitectos.com\/noticias\/?p=34532","url":"https:\/\/colegioarquitectos.com\/noticias\/?p=34532","name":"\u00abArquitectura, ciudad y territorio: lo que Chile necesita escuchar en tiempos de elecciones\u00bb, una columna de opini\u00f3n de Rodolfo Jim\u00e9nez en Radio B\u00edo-B\u00edo - COLEGIO DE ARQUITECTOS DE CHILE","isPartOf":{"@id":"https:\/\/colegioarquitectos.com\/noticias\/#website"},"primaryImageOfPage":{"@id":"https:\/\/colegioarquitectos.com\/noticias\/?p=34532#primaryimage"},"image":{"@id":"https:\/\/colegioarquitectos.com\/noticias\/?p=34532#primaryimage"},"thumbnailUrl":"https:\/\/colegioarquitectos.com\/noticias\/wp-content\/uploads\/2025\/09\/encab-web-biobio.png","datePublished":"2025-09-16T18:00:39+00:00","dateModified":"2025-09-16T18:00:39+00:00","breadcrumb":{"@id":"https:\/\/colegioarquitectos.com\/noticias\/?p=34532#breadcrumb"},"inLanguage":"es","potentialAction":[{"@type":"ReadAction","target":["https:\/\/colegioarquitectos.com\/noticias\/?p=34532"]}]},{"@type":"ImageObject","inLanguage":"es","@id":"https:\/\/colegioarquitectos.com\/noticias\/?p=34532#primaryimage","url":"https:\/\/colegioarquitectos.com\/noticias\/wp-content\/uploads\/2025\/09\/encab-web-biobio.png","contentUrl":"https:\/\/colegioarquitectos.com\/noticias\/wp-content\/uploads\/2025\/09\/encab-web-biobio.png","width":1280,"height":720},{"@type":"BreadcrumbList","@id":"https:\/\/colegioarquitectos.com\/noticias\/?p=34532#breadcrumb","itemListElement":[{"@type":"ListItem","position":1,"name":"Portada","item":"https:\/\/colegioarquitectos.com\/noticias"},{"@type":"ListItem","position":2,"name":"\u00abArquitectura, ciudad y territorio: lo que Chile necesita escuchar en tiempos de elecciones\u00bb, una columna de opini\u00f3n de Rodolfo Jim\u00e9nez en Radio B\u00edo-B\u00edo"}]},{"@type":"WebSite","@id":"https:\/\/colegioarquitectos.com\/noticias\/#website","url":"https:\/\/colegioarquitectos.com\/noticias\/","name":"COLEGIO DE ARQUITECTOS DE CHILE","description":"","publisher":{"@id":"https:\/\/colegioarquitectos.com\/noticias\/#organization"},"potentialAction":[{"@type":"SearchAction","target":{"@type":"EntryPoint","urlTemplate":"https:\/\/colegioarquitectos.com\/noticias\/?s={search_term_string}"},"query-input":{"@type":"PropertyValueSpecification","valueRequired":true,"valueName":"search_term_string"}}],"inLanguage":"es"},{"@type":"Organization","@id":"https:\/\/colegioarquitectos.com\/noticias\/#organization","name":"COLEGIO DE ARQUITECTOS DE CHILE","url":"https:\/\/colegioarquitectos.com\/noticias\/","logo":{"@type":"ImageObject","inLanguage":"es","@id":"https:\/\/colegioarquitectos.com\/noticias\/#\/schema\/logo\/image\/","url":"https:\/\/colegioarquitectos.com\/noticias\/wp-content\/uploads\/2021\/05\/ENCABEZADO-LOGO-CA.jpg","contentUrl":"https:\/\/colegioarquitectos.com\/noticias\/wp-content\/uploads\/2021\/05\/ENCABEZADO-LOGO-CA.jpg","width":690,"height":350,"caption":"COLEGIO DE ARQUITECTOS DE CHILE"},"image":{"@id":"https:\/\/colegioarquitectos.com\/noticias\/#\/schema\/logo\/image\/"},"sameAs":["https:\/\/facebook.com\/Colegioarq\/","https:\/\/x.com\/colegioarq","https:\/\/instagram.com\/colegioarq","https:\/\/youtube.com\/@ColegiodeArquitectosdeChile"]},{"@type":"Person","@id":"https:\/\/colegioarquitectos.com\/noticias\/#\/schema\/person\/685cc0aad148303c5608f049af8285ad","name":"Colegio de Arquitectos de Chile","url":"https:\/\/colegioarquitectos.com\/noticias\/?author=4"}]}},"_links":{"self":[{"href":"https:\/\/colegioarquitectos.com\/noticias\/index.php?rest_route=\/wp\/v2\/posts\/34532","targetHints":{"allow":["GET"]}}],"collection":[{"href":"https:\/\/colegioarquitectos.com\/noticias\/index.php?rest_route=\/wp\/v2\/posts"}],"about":[{"href":"https:\/\/colegioarquitectos.com\/noticias\/index.php?rest_route=\/wp\/v2\/types\/post"}],"author":[{"embeddable":true,"href":"https:\/\/colegioarquitectos.com\/noticias\/index.php?rest_route=\/wp\/v2\/users\/4"}],"replies":[{"embeddable":true,"href":"https:\/\/colegioarquitectos.com\/noticias\/index.php?rest_route=%2Fwp%2Fv2%2Fcomments&post=34532"}],"version-history":[{"count":1,"href":"https:\/\/colegioarquitectos.com\/noticias\/index.php?rest_route=\/wp\/v2\/posts\/34532\/revisions"}],"predecessor-version":[{"id":34534,"href":"https:\/\/colegioarquitectos.com\/noticias\/index.php?rest_route=\/wp\/v2\/posts\/34532\/revisions\/34534"}],"wp:featuredmedia":[{"embeddable":true,"href":"https:\/\/colegioarquitectos.com\/noticias\/index.php?rest_route=\/wp\/v2\/media\/34533"}],"wp:attachment":[{"href":"https:\/\/colegioarquitectos.com\/noticias\/index.php?rest_route=%2Fwp%2Fv2%2Fmedia&parent=34532"}],"wp:term":[{"taxonomy":"category","embeddable":true,"href":"https:\/\/colegioarquitectos.com\/noticias\/index.php?rest_route=%2Fwp%2Fv2%2Fcategories&post=34532"},{"taxonomy":"post_tag","embeddable":true,"href":"https:\/\/colegioarquitectos.com\/noticias\/index.php?rest_route=%2Fwp%2Fv2%2Ftags&post=34532"}],"curies":[{"name":"wp","href":"https:\/\/api.w.org\/{rel}","templated":true}]}}