
{"id":34658,"date":"2025-10-28T17:30:10","date_gmt":"2025-10-28T21:30:10","guid":{"rendered":"https:\/\/colegioarquitectos.com\/noticias\/?p=34658"},"modified":"2025-10-29T09:14:35","modified_gmt":"2025-10-29T13:14:35","slug":"colegios-profesionales-presentan-al-ministro-del-interior-propuesta-para-reformar-la-constitucion-y-recuperar-el-control-etico","status":"publish","type":"post","link":"https:\/\/colegioarquitectos.com\/noticias\/?p=34658","title":{"rendered":"Colegios profesionales presentan al ministro del Interior propuesta para reformar la Constituci\u00f3n\u00a0 y recuperar el control \u00e9tico"},"content":{"rendered":"<p>Representantes del <strong>Colegio de Arquitectos de Chile, Colegio M\u00e9dico, Colegio de Abogados, Colegio de Cirujanos Dentistas y Colegio de Ingenieros<\/strong> se reunieron el pasado <strong>lunes 27 de octubre<\/strong> con el ministro del Interior, <strong>\u00c1lvaro Elizalde<\/strong>, para presentarle una <strong>propuesta de reforma constitucional que busca restablecer un control efectivo sobre el ejercicio \u00e9tico de las profesiones en Chile.<\/strong><\/p>\n<p>En representaci\u00f3n del Colegio de Arquitectos de Chile participaron nuestro presidente nacional, <strong>Rodolfo Jim\u00e9nez<\/strong>; y el vicepresidente de asuntos\u00a0 internos, <strong>Marco Rodr\u00edguez<\/strong>. En tanto, tomaron parte tambi\u00e9n en la reuni\u00f3n la presidenta y el vicepresidente del Colegio M\u00e9dico de Chile,<strong> Anamar\u00eda Arriagada y Mauricio Osorio<\/strong>; el presidente y la vicepresidenta del Colegio de Abogados, <strong>Ramiro Mendoza y Soledad Recabarren<\/strong>; el presidente y vicepresidente del Colegio de Ingenieros, <strong>Hern\u00e1n de Solminihac y Sergio Contreras<\/strong>; y la presidenta del Colegio de Cirujanos Dentistas, <strong>Mariluz Lozano<\/strong>.<\/p>\n<p>En el marco de los intensos trabajos en conjunto que vienen realizando hace meses los colegios profesionales, se le present\u00f3 al ministro Elizalde una <strong>propuesta de reforma constitucional \u2014elaborada por el Colegio de Abogados\u2014, que establece un sistema \u00fanico, universal y efectivo de control \u00e9tico, permitiendo a los colegios profesionales examinar la conducta de quienes ejercen su profesi\u00f3n y, en casos graves, aplicar sanciones hasta la inhabilitaci\u00f3n permanente para ejercer.<\/strong><\/p>\n<p>La ausencia del control \u00e9tico, perdido durante la dictadura c\u00edvico-militar, <strong>ha dificultado la posibilidad de sancionar pr\u00e1cticas y proteger la confianza de la ciudadan\u00eda<\/strong>, destacando Chile como el \u00fanico pa\u00eds de la OCDE que carece de tal control.<\/p>\n<p>Si bien el art\u00edculo 19 N\u00b016, inciso cuarto, de la Constituci\u00f3n Pol\u00edtica de la Rep\u00fablica, introducido en 2005, otorga a los colegios profesionales la facultad de conocer reclamaciones sobre la conducta \u00e9tica de sus miembros \u2014y a tribunales especiales las causas de profesionales no colegiados\u2014,<strong> a casi 20 a\u00f1os de esa reforma a\u00fan no se ha dictado una ley que permita su aplicaci\u00f3n efectiva. De hecho, el Ejecutivo present\u00f3 un proyecto en 2009 (Bolet\u00edn N\u00b0 6562-07), pero este lleva 16 a\u00f1os sin avances.<\/strong><\/p>\n<p>Actualmente, <strong>la Constituci\u00f3n permite que los colegios profesionales juzguen \u00e9ticamente a sus miembros, pero no existe una instancia que permita sancionar a quienes no est\u00e1n colegiados, generando un vac\u00edo legal serio<\/strong>.<\/p>\n<p><strong>La reforma presentada por los colegios profesionales busca corregir este grave problema, estableciendo un marco \u00e9tico aplicable a todos los profesionales, est\u00e9n o no colegiados.<\/strong><\/p>\n<p>&nbsp;<\/p>\n<p><\/p>","protected":false},"excerpt":{"rendered":"<p>Representantes del Colegio de Arquitectos de Chile, Colegio M\u00e9dico, Colegio de Abogados, Colegio de Cirujanos Dentistas y Colegio de Ingenieros se reunieron el pasado lunes 27 de octubre con el ministro del Interior, \u00c1lvaro Elizalde, para presentarle una propuesta de &hellip; <a class=\"more-link\" href=\"https:\/\/colegioarquitectos.com\/noticias\/?p=34658\">ver m\u00e1s<\/a><\/p>","protected":false},"author":4,"featured_media":34659,"comment_status":"closed","ping_status":"closed","sticky":false,"template":"","format":"standard","meta":{"footnotes":""},"categories":[8],"tags":[1473,1476,105,1477,1475,1471,1472,1141,1474,1470,1127],"class_list":["post-34658","post","type-post","status-publish","format-standard","has-post-thumbnail","hentry","category-colegio-de-arquitectos","tag-alvaro-elizalde","tag-colegio-de-abogados","tag-colegio-de-arquitectos-de-chile","tag-colegio-de-cirujanos-dentistas-y-colegio-de-ingenieros","tag-colegio-medico","tag-control-etico","tag-control-etico-de-la-profesion","tag-marco-rodriguez","tag-ministro-del-interior","tag-reforma-constitucional","tag-rodolfo-jimenez"],"yoast_head":"<!-- This site is optimized with the Yoast SEO plugin v24.2 - https:\/\/yoast.com\/wordpress\/plugins\/seo\/ -->\n<title>Colegios profesionales presentan al ministro del Interior propuesta para reformar la Constituci\u00f3n\u00a0 y recuperar el control \u00e9tico - COLEGIO DE ARQUITECTOS DE CHILE<\/title>\n<meta name=\"robots\" content=\"index, follow, max-snippet:-1, max-image-preview:large, max-video-preview:-1\" \/>\n<link rel=\"canonical\" href=\"https:\/\/colegioarquitectos.com\/noticias\/?p=34658\" \/>\n<meta property=\"og:locale\" content=\"es_ES\" \/>\n<meta property=\"og:type\" content=\"article\" \/>\n<meta property=\"og:title\" content=\"Colegios profesionales presentan al ministro del Interior propuesta para reformar la Constituci\u00f3n\u00a0 y recuperar el control \u00e9tico - COLEGIO DE ARQUITECTOS DE CHILE\" \/>\n<meta property=\"og:description\" content=\"Representantes del Colegio de Arquitectos de Chile, Colegio M\u00e9dico, Colegio de Abogados, Colegio de Cirujanos Dentistas y Colegio de Ingenieros se reunieron el pasado lunes 27 de octubre con el ministro del Interior, \u00c1lvaro Elizalde, para presentarle una propuesta de &hellip; ver m\u00e1s\" \/>\n<meta property=\"og:url\" content=\"https:\/\/colegioarquitectos.com\/noticias\/?p=34658\" \/>\n<meta property=\"og:site_name\" content=\"COLEGIO DE ARQUITECTOS DE CHILE\" \/>\n<meta property=\"article:publisher\" content=\"https:\/\/facebook.com\/Colegioarq\/\" \/>\n<meta property=\"article:published_time\" content=\"2025-10-28T21:30:10+00:00\" \/>\n<meta property=\"article:modified_time\" content=\"2025-10-29T13:14:35+00:00\" \/>\n<meta property=\"og:image\" content=\"https:\/\/colegioarquitectos.com\/noticias\/wp-content\/uploads\/2025\/10\/encabezado-reunion-ministerio-del-interior.png\" \/>\n\t<meta property=\"og:image:width\" content=\"1280\" \/>\n\t<meta property=\"og:image:height\" content=\"720\" \/>\n\t<meta property=\"og:image:type\" content=\"image\/png\" \/>\n<meta name=\"author\" content=\"Colegio de Arquitectos de Chile\" \/>\n<meta name=\"twitter:card\" content=\"summary_large_image\" \/>\n<meta name=\"twitter:creator\" content=\"@colegioarq\" \/>\n<meta name=\"twitter:site\" content=\"@colegioarq\" \/>\n<meta name=\"twitter:label1\" content=\"Escrito por\" \/>\n\t<meta name=\"twitter:data1\" content=\"Colegio de Arquitectos de Chile\" \/>\n\t<meta name=\"twitter:label2\" content=\"Tiempo de lectura\" \/>\n\t<meta name=\"twitter:data2\" content=\"2 minutos\" \/>\n<script type=\"application\/ld+json\" class=\"yoast-schema-graph\">{\"@context\":\"https:\/\/schema.org\",\"@graph\":[{\"@type\":\"Article\",\"@id\":\"https:\/\/colegioarquitectos.com\/noticias\/?p=34658#article\",\"isPartOf\":{\"@id\":\"https:\/\/colegioarquitectos.com\/noticias\/?p=34658\"},\"author\":{\"name\":\"Colegio de Arquitectos de Chile\",\"@id\":\"https:\/\/colegioarquitectos.com\/noticias\/#\/schema\/person\/685cc0aad148303c5608f049af8285ad\"},\"headline\":\"Colegios profesionales presentan al ministro del Interior propuesta para reformar la Constituci\u00f3n\u00a0 y recuperar el control \u00e9tico\",\"datePublished\":\"2025-10-28T21:30:10+00:00\",\"dateModified\":\"2025-10-29T13:14:35+00:00\",\"mainEntityOfPage\":{\"@id\":\"https:\/\/colegioarquitectos.com\/noticias\/?p=34658\"},\"wordCount\":428,\"publisher\":{\"@id\":\"https:\/\/colegioarquitectos.com\/noticias\/#organization\"},\"image\":{\"@id\":\"https:\/\/colegioarquitectos.com\/noticias\/?p=34658#primaryimage\"},\"thumbnailUrl\":\"https:\/\/colegioarquitectos.com\/noticias\/wp-content\/uploads\/2025\/10\/encabezado-reunion-ministerio-del-interior.png\",\"keywords\":[\"\u00e1lvaro elizalde\",\"Colegio de Abogados\",\"Colegio de Arquitectos de Chile\",\"Colegio de Cirujanos Dentistas y Colegio de Ingenieros\",\"Colegio M\u00e9dico\",\"control \u00e9tico\",\"control \u00e9tico de la profesi\u00f3n\",\"Marco Rodr\u00edguez\",\"ministro del interior\",\"reforma constitucional\",\"Rodolfo Jim\u00e9nez\"],\"articleSection\":[\"Colegio\"],\"inLanguage\":\"es\"},{\"@type\":\"WebPage\",\"@id\":\"https:\/\/colegioarquitectos.com\/noticias\/?p=34658\",\"url\":\"https:\/\/colegioarquitectos.com\/noticias\/?p=34658\",\"name\":\"Colegios profesionales presentan al ministro del Interior propuesta para reformar la Constituci\u00f3n\u00a0 y recuperar el control \u00e9tico - COLEGIO DE ARQUITECTOS DE CHILE\",\"isPartOf\":{\"@id\":\"https:\/\/colegioarquitectos.com\/noticias\/#website\"},\"primaryImageOfPage\":{\"@id\":\"https:\/\/colegioarquitectos.com\/noticias\/?p=34658#primaryimage\"},\"image\":{\"@id\":\"https:\/\/colegioarquitectos.com\/noticias\/?p=34658#primaryimage\"},\"thumbnailUrl\":\"https:\/\/colegioarquitectos.com\/noticias\/wp-content\/uploads\/2025\/10\/encabezado-reunion-ministerio-del-interior.png\",\"datePublished\":\"2025-10-28T21:30:10+00:00\",\"dateModified\":\"2025-10-29T13:14:35+00:00\",\"breadcrumb\":{\"@id\":\"https:\/\/colegioarquitectos.com\/noticias\/?p=34658#breadcrumb\"},\"inLanguage\":\"es\",\"potentialAction\":[{\"@type\":\"ReadAction\",\"target\":[\"https:\/\/colegioarquitectos.com\/noticias\/?p=34658\"]}]},{\"@type\":\"ImageObject\",\"inLanguage\":\"es\",\"@id\":\"https:\/\/colegioarquitectos.com\/noticias\/?p=34658#primaryimage\",\"url\":\"https:\/\/colegioarquitectos.com\/noticias\/wp-content\/uploads\/2025\/10\/encabezado-reunion-ministerio-del-interior.png\",\"contentUrl\":\"https:\/\/colegioarquitectos.com\/noticias\/wp-content\/uploads\/2025\/10\/encabezado-reunion-ministerio-del-interior.png\",\"width\":1280,\"height\":720},{\"@type\":\"BreadcrumbList\",\"@id\":\"https:\/\/colegioarquitectos.com\/noticias\/?p=34658#breadcrumb\",\"itemListElement\":[{\"@type\":\"ListItem\",\"position\":1,\"name\":\"Portada\",\"item\":\"https:\/\/colegioarquitectos.com\/noticias\"},{\"@type\":\"ListItem\",\"position\":2,\"name\":\"Colegios profesionales presentan al ministro del Interior propuesta para reformar la Constituci\u00f3n\u00a0 y recuperar el control \u00e9tico\"}]},{\"@type\":\"WebSite\",\"@id\":\"https:\/\/colegioarquitectos.com\/noticias\/#website\",\"url\":\"https:\/\/colegioarquitectos.com\/noticias\/\",\"name\":\"COLEGIO DE ARQUITECTOS DE CHILE\",\"description\":\"\",\"publisher\":{\"@id\":\"https:\/\/colegioarquitectos.com\/noticias\/#organization\"},\"potentialAction\":[{\"@type\":\"SearchAction\",\"target\":{\"@type\":\"EntryPoint\",\"urlTemplate\":\"https:\/\/colegioarquitectos.com\/noticias\/?s={search_term_string}\"},\"query-input\":{\"@type\":\"PropertyValueSpecification\",\"valueRequired\":true,\"valueName\":\"search_term_string\"}}],\"inLanguage\":\"es\"},{\"@type\":\"Organization\",\"@id\":\"https:\/\/colegioarquitectos.com\/noticias\/#organization\",\"name\":\"COLEGIO DE ARQUITECTOS DE CHILE\",\"url\":\"https:\/\/colegioarquitectos.com\/noticias\/\",\"logo\":{\"@type\":\"ImageObject\",\"inLanguage\":\"es\",\"@id\":\"https:\/\/colegioarquitectos.com\/noticias\/#\/schema\/logo\/image\/\",\"url\":\"https:\/\/colegioarquitectos.com\/noticias\/wp-content\/uploads\/2021\/05\/ENCABEZADO-LOGO-CA.jpg\",\"contentUrl\":\"https:\/\/colegioarquitectos.com\/noticias\/wp-content\/uploads\/2021\/05\/ENCABEZADO-LOGO-CA.jpg\",\"width\":690,\"height\":350,\"caption\":\"COLEGIO DE ARQUITECTOS DE CHILE\"},\"image\":{\"@id\":\"https:\/\/colegioarquitectos.com\/noticias\/#\/schema\/logo\/image\/\"},\"sameAs\":[\"https:\/\/facebook.com\/Colegioarq\/\",\"https:\/\/x.com\/colegioarq\",\"https:\/\/instagram.com\/colegioarq\",\"https:\/\/youtube.com\/@ColegiodeArquitectosdeChile\"]},{\"@type\":\"Person\",\"@id\":\"https:\/\/colegioarquitectos.com\/noticias\/#\/schema\/person\/685cc0aad148303c5608f049af8285ad\",\"name\":\"Colegio de Arquitectos de Chile\",\"url\":\"https:\/\/colegioarquitectos.com\/noticias\/?author=4\"}]}<\/script>\n<!-- \/ Yoast SEO plugin. -->","yoast_head_json":{"title":"Colegios profesionales presentan al ministro del Interior propuesta para reformar la Constituci\u00f3n\u00a0 y recuperar el control \u00e9tico - COLEGIO DE ARQUITECTOS DE CHILE","robots":{"index":"index","follow":"follow","max-snippet":"max-snippet:-1","max-image-preview":"max-image-preview:large","max-video-preview":"max-video-preview:-1"},"canonical":"https:\/\/colegioarquitectos.com\/noticias\/?p=34658","og_locale":"es_ES","og_type":"article","og_title":"Colegios profesionales presentan al ministro del Interior propuesta para reformar la Constituci\u00f3n\u00a0 y recuperar el control \u00e9tico - COLEGIO DE ARQUITECTOS DE CHILE","og_description":"Representantes del Colegio de Arquitectos de Chile, Colegio M\u00e9dico, Colegio de Abogados, Colegio de Cirujanos Dentistas y Colegio de Ingenieros se reunieron el pasado lunes 27 de octubre con el ministro del Interior, \u00c1lvaro Elizalde, para presentarle una propuesta de &hellip; ver m\u00e1s","og_url":"https:\/\/colegioarquitectos.com\/noticias\/?p=34658","og_site_name":"COLEGIO DE ARQUITECTOS DE CHILE","article_publisher":"https:\/\/facebook.com\/Colegioarq\/","article_published_time":"2025-10-28T21:30:10+00:00","article_modified_time":"2025-10-29T13:14:35+00:00","og_image":[{"width":1280,"height":720,"url":"https:\/\/colegioarquitectos.com\/noticias\/wp-content\/uploads\/2025\/10\/encabezado-reunion-ministerio-del-interior.png","type":"image\/png"}],"author":"Colegio de Arquitectos de Chile","twitter_card":"summary_large_image","twitter_creator":"@colegioarq","twitter_site":"@colegioarq","twitter_misc":{"Escrito por":"Colegio de Arquitectos de Chile","Tiempo de lectura":"2 minutos"},"schema":{"@context":"https:\/\/schema.org","@graph":[{"@type":"Article","@id":"https:\/\/colegioarquitectos.com\/noticias\/?p=34658#article","isPartOf":{"@id":"https:\/\/colegioarquitectos.com\/noticias\/?p=34658"},"author":{"name":"Colegio de Arquitectos de Chile","@id":"https:\/\/colegioarquitectos.com\/noticias\/#\/schema\/person\/685cc0aad148303c5608f049af8285ad"},"headline":"Colegios profesionales presentan al ministro del Interior propuesta para reformar la Constituci\u00f3n\u00a0 y recuperar el control \u00e9tico","datePublished":"2025-10-28T21:30:10+00:00","dateModified":"2025-10-29T13:14:35+00:00","mainEntityOfPage":{"@id":"https:\/\/colegioarquitectos.com\/noticias\/?p=34658"},"wordCount":428,"publisher":{"@id":"https:\/\/colegioarquitectos.com\/noticias\/#organization"},"image":{"@id":"https:\/\/colegioarquitectos.com\/noticias\/?p=34658#primaryimage"},"thumbnailUrl":"https:\/\/colegioarquitectos.com\/noticias\/wp-content\/uploads\/2025\/10\/encabezado-reunion-ministerio-del-interior.png","keywords":["\u00e1lvaro elizalde","Colegio de Abogados","Colegio de Arquitectos de Chile","Colegio de Cirujanos Dentistas y Colegio de Ingenieros","Colegio M\u00e9dico","control \u00e9tico","control \u00e9tico de la profesi\u00f3n","Marco Rodr\u00edguez","ministro del interior","reforma constitucional","Rodolfo Jim\u00e9nez"],"articleSection":["Colegio"],"inLanguage":"es"},{"@type":"WebPage","@id":"https:\/\/colegioarquitectos.com\/noticias\/?p=34658","url":"https:\/\/colegioarquitectos.com\/noticias\/?p=34658","name":"Colegios profesionales presentan al ministro del Interior propuesta para reformar la Constituci\u00f3n\u00a0 y recuperar el control \u00e9tico - COLEGIO DE ARQUITECTOS DE CHILE","isPartOf":{"@id":"https:\/\/colegioarquitectos.com\/noticias\/#website"},"primaryImageOfPage":{"@id":"https:\/\/colegioarquitectos.com\/noticias\/?p=34658#primaryimage"},"image":{"@id":"https:\/\/colegioarquitectos.com\/noticias\/?p=34658#primaryimage"},"thumbnailUrl":"https:\/\/colegioarquitectos.com\/noticias\/wp-content\/uploads\/2025\/10\/encabezado-reunion-ministerio-del-interior.png","datePublished":"2025-10-28T21:30:10+00:00","dateModified":"2025-10-29T13:14:35+00:00","breadcrumb":{"@id":"https:\/\/colegioarquitectos.com\/noticias\/?p=34658#breadcrumb"},"inLanguage":"es","potentialAction":[{"@type":"ReadAction","target":["https:\/\/colegioarquitectos.com\/noticias\/?p=34658"]}]},{"@type":"ImageObject","inLanguage":"es","@id":"https:\/\/colegioarquitectos.com\/noticias\/?p=34658#primaryimage","url":"https:\/\/colegioarquitectos.com\/noticias\/wp-content\/uploads\/2025\/10\/encabezado-reunion-ministerio-del-interior.png","contentUrl":"https:\/\/colegioarquitectos.com\/noticias\/wp-content\/uploads\/2025\/10\/encabezado-reunion-ministerio-del-interior.png","width":1280,"height":720},{"@type":"BreadcrumbList","@id":"https:\/\/colegioarquitectos.com\/noticias\/?p=34658#breadcrumb","itemListElement":[{"@type":"ListItem","position":1,"name":"Portada","item":"https:\/\/colegioarquitectos.com\/noticias"},{"@type":"ListItem","position":2,"name":"Colegios profesionales presentan al ministro del Interior propuesta para reformar la Constituci\u00f3n\u00a0 y recuperar el control \u00e9tico"}]},{"@type":"WebSite","@id":"https:\/\/colegioarquitectos.com\/noticias\/#website","url":"https:\/\/colegioarquitectos.com\/noticias\/","name":"COLEGIO DE ARQUITECTOS DE CHILE","description":"","publisher":{"@id":"https:\/\/colegioarquitectos.com\/noticias\/#organization"},"potentialAction":[{"@type":"SearchAction","target":{"@type":"EntryPoint","urlTemplate":"https:\/\/colegioarquitectos.com\/noticias\/?s={search_term_string}"},"query-input":{"@type":"PropertyValueSpecification","valueRequired":true,"valueName":"search_term_string"}}],"inLanguage":"es"},{"@type":"Organization","@id":"https:\/\/colegioarquitectos.com\/noticias\/#organization","name":"COLEGIO DE ARQUITECTOS DE CHILE","url":"https:\/\/colegioarquitectos.com\/noticias\/","logo":{"@type":"ImageObject","inLanguage":"es","@id":"https:\/\/colegioarquitectos.com\/noticias\/#\/schema\/logo\/image\/","url":"https:\/\/colegioarquitectos.com\/noticias\/wp-content\/uploads\/2021\/05\/ENCABEZADO-LOGO-CA.jpg","contentUrl":"https:\/\/colegioarquitectos.com\/noticias\/wp-content\/uploads\/2021\/05\/ENCABEZADO-LOGO-CA.jpg","width":690,"height":350,"caption":"COLEGIO DE ARQUITECTOS DE CHILE"},"image":{"@id":"https:\/\/colegioarquitectos.com\/noticias\/#\/schema\/logo\/image\/"},"sameAs":["https:\/\/facebook.com\/Colegioarq\/","https:\/\/x.com\/colegioarq","https:\/\/instagram.com\/colegioarq","https:\/\/youtube.com\/@ColegiodeArquitectosdeChile"]},{"@type":"Person","@id":"https:\/\/colegioarquitectos.com\/noticias\/#\/schema\/person\/685cc0aad148303c5608f049af8285ad","name":"Colegio de Arquitectos de Chile","url":"https:\/\/colegioarquitectos.com\/noticias\/?author=4"}]}},"_links":{"self":[{"href":"https:\/\/colegioarquitectos.com\/noticias\/index.php?rest_route=\/wp\/v2\/posts\/34658","targetHints":{"allow":["GET"]}}],"collection":[{"href":"https:\/\/colegioarquitectos.com\/noticias\/index.php?rest_route=\/wp\/v2\/posts"}],"about":[{"href":"https:\/\/colegioarquitectos.com\/noticias\/index.php?rest_route=\/wp\/v2\/types\/post"}],"author":[{"embeddable":true,"href":"https:\/\/colegioarquitectos.com\/noticias\/index.php?rest_route=\/wp\/v2\/users\/4"}],"replies":[{"embeddable":true,"href":"https:\/\/colegioarquitectos.com\/noticias\/index.php?rest_route=%2Fwp%2Fv2%2Fcomments&post=34658"}],"version-history":[{"count":1,"href":"https:\/\/colegioarquitectos.com\/noticias\/index.php?rest_route=\/wp\/v2\/posts\/34658\/revisions"}],"predecessor-version":[{"id":34660,"href":"https:\/\/colegioarquitectos.com\/noticias\/index.php?rest_route=\/wp\/v2\/posts\/34658\/revisions\/34660"}],"wp:featuredmedia":[{"embeddable":true,"href":"https:\/\/colegioarquitectos.com\/noticias\/index.php?rest_route=\/wp\/v2\/media\/34659"}],"wp:attachment":[{"href":"https:\/\/colegioarquitectos.com\/noticias\/index.php?rest_route=%2Fwp%2Fv2%2Fmedia&parent=34658"}],"wp:term":[{"taxonomy":"category","embeddable":true,"href":"https:\/\/colegioarquitectos.com\/noticias\/index.php?rest_route=%2Fwp%2Fv2%2Fcategories&post=34658"},{"taxonomy":"post_tag","embeddable":true,"href":"https:\/\/colegioarquitectos.com\/noticias\/index.php?rest_route=%2Fwp%2Fv2%2Ftags&post=34658"}],"curies":[{"name":"wp","href":"https:\/\/api.w.org\/{rel}","templated":true}]}}