
{"id":34661,"date":"2025-10-29T10:39:48","date_gmt":"2025-10-29T14:39:48","guid":{"rendered":"https:\/\/colegioarquitectos.com\/noticias\/?p=34661"},"modified":"2025-10-29T10:41:42","modified_gmt":"2025-10-29T14:41:42","slug":"nueve-universidades-reimaginan-el-conjunto-san-borja-en-la-xxiii-bienal-de-arquitectura-de-chile","status":"publish","type":"post","link":"https:\/\/colegioarquitectos.com\/noticias\/?p=34661","title":{"rendered":"Nueve universidades reimaginan el conjunto San Borja en la XXIII Bienal de Arquitectura de Chile"},"content":{"rendered":"<p>&nbsp;<\/p>\n<p style=\"text-align: center;\"><em>Workshop acad\u00e9mico_ XXIII Bienal de Arquitectura y Urbanismo de Chile<\/em><\/p>\n<p style=\"text-align: center;\"><em>DOBLE EXPOSICI\u00d3N: (re)programar \u00b7 (re)adaptar \u00b7 (re)construir<\/em><\/p>\n<p>&nbsp;<\/p>\n<p>En el marco de la XXIII Bienal de Arquitectura y Urbanismo de Chile, el workshop acad\u00e9mico San Borja (re)imaginado convoc\u00f3 a nueve universidades nacionales e internacionales a reflexionar sobre la vigencia del proyecto moderno y las posibilidades de intervenir lo existente desde la academia. El ejercicio se propuso como una extensi\u00f3n del discurso curatorial de la Bienal, que entiende la arquitectura no como producci\u00f3n de lo nuevo, sino como pr\u00e1ctica capaz de reactivar lo que ya est\u00e1 construido.<\/p>\n<p>El conjunto San Borja \u2014s\u00edmbolo de la modernizaci\u00f3n urbana y de las utop\u00edas colectivas del siglo XX\u2014 se convirti\u00f3 en materia de observaci\u00f3n, experimentaci\u00f3n y proyecto. A trav\u00e9s de un proceso intensivo, los equipos desarrollaron lecturas cr\u00edticas sobre sus pasajes, plazas, plataformas y vac\u00edos urbanos, proponiendo formas contempor\u00e1neas de rehabitar lo moderno.<\/p>\n<p>&nbsp;<\/p>\n<h4><strong>Un laboratorio sobre la modernidad habitada<\/strong><\/h4>\n<hr \/>\n<p>El workshop fue concebido como un laboratorio para repensar la modernidad habitada. Sus bases fueron elaboradas por el equipo curatorial de la XXIII Bienal de Arquitectura y Urbanismo de Chile \u2014Anagramma Arquitectes\u00a0(\u00c1ngela Carvajal y Sebasti\u00e1n L\u00f3pez) junto a\u00a0\u00d3scar Aceves\u2014, mientras que la\u00a0coordinaci\u00f3n general\u00a0estuvo a cargo de\u00a0Sebasti\u00e1n Valois Hermosilla, con la colaboraci\u00f3n activa de estudiantes de diversas universidades del pa\u00eds.<\/p>\n<p>Las\u00a0instancias de revisi\u00f3n y discusi\u00f3n\u00a0contaron con la participaci\u00f3n de los invitados\u00a0Carles Enrich\u00a0(Espa\u00f1a) y\u00a0UMWELT\u00a0(Chile), quienes compartieron su experiencia en torno al trabajo con las preexistencias, el paisaje construido y la activaci\u00f3n del territorio desde la arquitectura contempor\u00e1nea.<\/p>\n<p>El proceso se desarroll\u00f3 gracias al apoyo de las\u00a0instituciones organizadoras\u00a0\u2014el\u00a0Colegio de Arquitectos de Chile\u00a0y el\u00a0Ministerio de las Culturas, las Artes y el Patrimonio (MINCAP)\u2014, junto con la colaboraci\u00f3n del\u00a0Ministerio de Vivienda y Urbanismo\u00a0a trav\u00e9s de su programa\u00a0Quiero Mi Barrio, la\u00a0comunidad y juntas de vecinos del Barrio San Borja, y los patrocinadores\u00a0Kolff\u00a0y\u00a0Baldosas C\u00f3rdova.<\/p>\n<p>&nbsp;<\/p>\n<h4><strong>Nueve miradas sobre un barrio en transformaci\u00f3n<\/strong><\/h4>\n<hr \/>\n<p>Participaron las siguientes universidades:\u00a0Universidad Diego Portales (UDP),\u00a0Universidad Andr\u00e9s Bello (UNAB),\u00a0Universidad de Valpara\u00edso (UV),\u00a0Universidad de Chile (FAU),\u00a0Universidad Tecnol\u00f3gica Metropolitana (UTEM),\u00a0Universidad T\u00e9cnica Federico Santa Mar\u00eda (UTFSM),\u00a0Universidad de Santiago de Chile (USACH)\u00a0y dos grupos de la Universidad Casa Grande de Ecuador (UCG).<\/p>\n<p>Cada grupo abord\u00f3 el conjunto desde un enfoque particular, reconociendo la obsolescencia moderna como oportunidad y no como p\u00e9rdida. El workshop se consolid\u00f3 as\u00ed como un espacio de intercambio entre observaci\u00f3n, proyecto y comunidad, abriendo nuevas metodolog\u00edas de trabajo sobre lo existente y expandiendo la conversaci\u00f3n sobre el rol de la arquitectura en contextos de transformaci\u00f3n.<\/p>\n<p>&nbsp;<\/p>\n<h4><strong>Proyectos ganadores<\/strong><\/h4>\n<hr \/>\n<p>El jurado estuvo integrado por\u00a0Pamela Cortez\u00a0y\u00a0Crist\u00f3bal Tirado\u00a0(\u00e1mbito acad\u00e9mico);\u00a0Antonio Fritis, Mar\u00eda Paulina Manr\u00edquez, Mar\u00eda Jos\u00e9 Robles, V\u00edctor Seguel y Sandra Valenzuela\u00a0(MINVU);\u00a0Cristian Nilo, Ayxa Correa y Alba Guerrero\u00a0(Juntas de Vecinos del Barrio San Borja);\u00a0Fernando Miranda\u00a0(Colegio de Arquitectos de Chile); y\u00a0\u00c1ngela Carvajal\u00a0(co-curadora de la XXIII Bienal de Arquitectura y Urbanismo de Chile).<\/p>\n<p>El comit\u00e9 distingui\u00f3 seis proyectos que, desde distintas estrategias, reactivan el potencial del conjunto San Borja como materia viva de la arquitectura contempor\u00e1nea:<\/p>\n<p>&nbsp;<\/p>\n<p><strong>1\u00b0 Lugar<\/strong> \u2014 \u201cTestimonio del Agua: Valorizaci\u00f3n de las redes contenidas en San Borja\u201d (UDP)<\/p>\n<p>Equipo: Clemente Bustamante, Hengerly Ferrer, Crist\u00f3bal Mallea, Noelia Obando, Macarena Fontanez, Antonia Valarde. Docentes gu\u00edas: Carolina del Campo y Mat\u00edas G\u00f3mez.<\/p>\n<p>El proyecto reconoce el agua como huella material e inmaterial del conjunto, visibilizando sus redes ocultas como patrimonio y estructura social. Propone un sistema elevado de ca\u00f1er\u00edas que conecta hitos comunitarios \u2014la p\u00e9rgola, la multicancha y el memorial a Daniel Zamudio\u2014, revelando las capas hist\u00f3ricas y emocionales del parque.<br \/>\nA trav\u00e9s de la captaci\u00f3n de aguas lluvias en las azoteas y su redistribuci\u00f3n hacia el espacio p\u00fablico, la propuesta convierte la infraestructura en un dispositivo simb\u00f3lico y ecol\u00f3gico que rearticula la vida colectiva del barrio.<\/p>\n<p><img loading=\"lazy\" decoding=\"async\" class=\"aligncenter size-full wp-image-34662\" src=\"https:\/\/colegioarquitectos.com\/noticias\/wp-content\/uploads\/2025\/10\/7.-Activacion-de-la-Pirca-scaled.jpg\" alt=\"\" width=\"2560\" height=\"1056\" srcset=\"https:\/\/colegioarquitectos.com\/noticias\/wp-content\/uploads\/2025\/10\/7.-Activacion-de-la-Pirca-scaled.jpg 2560w, https:\/\/colegioarquitectos.com\/noticias\/wp-content\/uploads\/2025\/10\/7.-Activacion-de-la-Pirca-300x124.jpg 300w, https:\/\/colegioarquitectos.com\/noticias\/wp-content\/uploads\/2025\/10\/7.-Activacion-de-la-Pirca-1024x422.jpg 1024w, https:\/\/colegioarquitectos.com\/noticias\/wp-content\/uploads\/2025\/10\/7.-Activacion-de-la-Pirca-768x317.jpg 768w, https:\/\/colegioarquitectos.com\/noticias\/wp-content\/uploads\/2025\/10\/7.-Activacion-de-la-Pirca-1536x633.jpg 1536w, https:\/\/colegioarquitectos.com\/noticias\/wp-content\/uploads\/2025\/10\/7.-Activacion-de-la-Pirca-2048x845.jpg 2048w\" sizes=\"auto, (max-width: 2560px) 100vw, 2560px\" \/><\/p>\n<p><img loading=\"lazy\" decoding=\"async\" class=\"aligncenter size-full wp-image-34663\" src=\"https:\/\/colegioarquitectos.com\/noticias\/wp-content\/uploads\/2025\/10\/5.-Activacion-scaled.jpg\" alt=\"\" width=\"1056\" height=\"2560\" srcset=\"https:\/\/colegioarquitectos.com\/noticias\/wp-content\/uploads\/2025\/10\/5.-Activacion-scaled.jpg 1056w, https:\/\/colegioarquitectos.com\/noticias\/wp-content\/uploads\/2025\/10\/5.-Activacion-124x300.jpg 124w, https:\/\/colegioarquitectos.com\/noticias\/wp-content\/uploads\/2025\/10\/5.-Activacion-422x1024.jpg 422w, https:\/\/colegioarquitectos.com\/noticias\/wp-content\/uploads\/2025\/10\/5.-Activacion-768x1862.jpg 768w, https:\/\/colegioarquitectos.com\/noticias\/wp-content\/uploads\/2025\/10\/5.-Activacion-633x1536.jpg 633w, https:\/\/colegioarquitectos.com\/noticias\/wp-content\/uploads\/2025\/10\/5.-Activacion-845x2048.jpg 845w\" sizes=\"auto, (max-width: 1056px) 100vw, 1056px\" \/><\/p>\n<p><img loading=\"lazy\" decoding=\"async\" class=\"aligncenter size-full wp-image-34664\" src=\"https:\/\/colegioarquitectos.com\/noticias\/wp-content\/uploads\/2025\/10\/3.-Insercion-y-valorizacion-scaled.jpg\" alt=\"\" width=\"2112\" height=\"2560\" srcset=\"https:\/\/colegioarquitectos.com\/noticias\/wp-content\/uploads\/2025\/10\/3.-Insercion-y-valorizacion-scaled.jpg 2112w, https:\/\/colegioarquitectos.com\/noticias\/wp-content\/uploads\/2025\/10\/3.-Insercion-y-valorizacion-248x300.jpg 248w, https:\/\/colegioarquitectos.com\/noticias\/wp-content\/uploads\/2025\/10\/3.-Insercion-y-valorizacion-845x1024.jpg 845w, https:\/\/colegioarquitectos.com\/noticias\/wp-content\/uploads\/2025\/10\/3.-Insercion-y-valorizacion-768x931.jpg 768w, https:\/\/colegioarquitectos.com\/noticias\/wp-content\/uploads\/2025\/10\/3.-Insercion-y-valorizacion-1267x1536.jpg 1267w, https:\/\/colegioarquitectos.com\/noticias\/wp-content\/uploads\/2025\/10\/3.-Insercion-y-valorizacion-1690x2048.jpg 1690w\" sizes=\"auto, (max-width: 2112px) 100vw, 2112px\" \/><\/p>\n<p>&nbsp;<\/p>\n<p><strong>2\u00b0 Lugar<\/strong> \u2014 \u201cCircuito de Bases Activas: Inyecci\u00f3n de programa comunitario en las torres 3, 4, 5 y 6 de la Remodelaci\u00f3n San Borja\u201d (UNAB)<\/p>\n<p>Equipo: Millaray Bascur, Antonia Orme\u00f1o, Gabriel Figueroa, Valentina Barrientos, Mat\u00edas Espinoza. Docente gu\u00eda: Le\u00f3n Duval.<\/p>\n<p>La intervenci\u00f3n reinterpreta los accesos obsoletos de las torres como oportunidad de activaci\u00f3n social. A trav\u00e9s de un sistema de \u201cplug-ins\u201d insertos en el segundo nivel, los espacios en desuso se transforman en nuevos equipamientos \u2014centro deportivo, cowork, salas multiuso\u2014, articulando una red de actividades que devuelve dinamismo y convivencia al conjunto.<br \/>\nEl contraste entre el hormig\u00f3n visto original y una nueva piel de vidrio subraya la coexistencia entre la modernidad heredada y su actualizaci\u00f3n contempor\u00e1nea.<\/p>\n<p><img loading=\"lazy\" decoding=\"async\" class=\"aligncenter size-full wp-image-34666\" src=\"https:\/\/colegioarquitectos.com\/noticias\/wp-content\/uploads\/2025\/10\/AXONOMETRICA-DIGRAMA.jpeg\" alt=\"\" width=\"469\" height=\"568\" srcset=\"https:\/\/colegioarquitectos.com\/noticias\/wp-content\/uploads\/2025\/10\/AXONOMETRICA-DIGRAMA.jpeg 469w, https:\/\/colegioarquitectos.com\/noticias\/wp-content\/uploads\/2025\/10\/AXONOMETRICA-DIGRAMA-248x300.jpeg 248w\" sizes=\"auto, (max-width: 469px) 100vw, 469px\" \/><\/p>\n<p><img loading=\"lazy\" decoding=\"async\" class=\"aligncenter size-full wp-image-34667\" src=\"https:\/\/colegioarquitectos.com\/noticias\/wp-content\/uploads\/2025\/10\/IMAGINARIO.jpeg\" alt=\"\" width=\"1280\" height=\"906\" srcset=\"https:\/\/colegioarquitectos.com\/noticias\/wp-content\/uploads\/2025\/10\/IMAGINARIO.jpeg 1280w, https:\/\/colegioarquitectos.com\/noticias\/wp-content\/uploads\/2025\/10\/IMAGINARIO-300x212.jpeg 300w, https:\/\/colegioarquitectos.com\/noticias\/wp-content\/uploads\/2025\/10\/IMAGINARIO-1024x725.jpeg 1024w, https:\/\/colegioarquitectos.com\/noticias\/wp-content\/uploads\/2025\/10\/IMAGINARIO-768x544.jpeg 768w\" sizes=\"auto, (max-width: 1280px) 100vw, 1280px\" \/><\/p>\n<p>&nbsp;<\/p>\n<p>&nbsp;<\/p>\n<p><strong>3\u00b0 Lugar<\/strong> \u2014 \u201cLa com\u00fan-unidad vertical: resignificando v\u00ednculos entre vecindad y trama urbana en barrio San Borja\u201d (UV)<\/p>\n<p>Equipo: Valeria Fredes, Antonio Garay, Nayelin G\u00f3mez, Diego Guerrero, G\u00e9nesis Jara, Vicente Rojas. Docentes gu\u00edas: Mauricio Ortiz y Diego Ram\u00edrez.<\/p>\n<p>El proyecto busca restituir los v\u00ednculos entre las torres y el barrio mediante operaciones que reactivan sus azoteas, pasarelas y espacios intermedios como lugares de encuentro y cooperaci\u00f3n.<br \/>\nDesde la reprogramaci\u00f3n de la Torre 22 como equipamiento p\u00fablico hasta la creaci\u00f3n de nuevos recorridos a nivel peatonal, la propuesta imagina una red de vecindad que integra lo dom\u00e9stico, lo institucional y lo urbano, ampliando las nociones de habitar colectivo.<\/p>\n<p>&nbsp;<\/p>\n<p><img loading=\"lazy\" decoding=\"async\" class=\"aligncenter size-full wp-image-34669\" src=\"https:\/\/colegioarquitectos.com\/noticias\/wp-content\/uploads\/2025\/10\/5.-SECCION-TORRE-22-scaled.jpg\" alt=\"\" width=\"1057\" height=\"2560\" srcset=\"https:\/\/colegioarquitectos.com\/noticias\/wp-content\/uploads\/2025\/10\/5.-SECCION-TORRE-22-scaled.jpg 1057w, https:\/\/colegioarquitectos.com\/noticias\/wp-content\/uploads\/2025\/10\/5.-SECCION-TORRE-22-124x300.jpg 124w, https:\/\/colegioarquitectos.com\/noticias\/wp-content\/uploads\/2025\/10\/5.-SECCION-TORRE-22-423x1024.jpg 423w, https:\/\/colegioarquitectos.com\/noticias\/wp-content\/uploads\/2025\/10\/5.-SECCION-TORRE-22-768x1861.jpg 768w, https:\/\/colegioarquitectos.com\/noticias\/wp-content\/uploads\/2025\/10\/5.-SECCION-TORRE-22-634x1536.jpg 634w, https:\/\/colegioarquitectos.com\/noticias\/wp-content\/uploads\/2025\/10\/5.-SECCION-TORRE-22-845x2048.jpg 845w\" sizes=\"auto, (max-width: 1057px) 100vw, 1057px\" \/><\/p>\n<p><img loading=\"lazy\" decoding=\"async\" class=\"aligncenter size-full wp-image-34670\" src=\"https:\/\/colegioarquitectos.com\/noticias\/wp-content\/uploads\/2025\/10\/3.-ISOMETRICA-GENERAL-DEL-PROYECTO-3-ESTRATEGIAS-PROPUESTAS-scaled.jpg\" alt=\"\" width=\"2112\" height=\"2560\" srcset=\"https:\/\/colegioarquitectos.com\/noticias\/wp-content\/uploads\/2025\/10\/3.-ISOMETRICA-GENERAL-DEL-PROYECTO-3-ESTRATEGIAS-PROPUESTAS-scaled.jpg 2112w, https:\/\/colegioarquitectos.com\/noticias\/wp-content\/uploads\/2025\/10\/3.-ISOMETRICA-GENERAL-DEL-PROYECTO-3-ESTRATEGIAS-PROPUESTAS-248x300.jpg 248w, https:\/\/colegioarquitectos.com\/noticias\/wp-content\/uploads\/2025\/10\/3.-ISOMETRICA-GENERAL-DEL-PROYECTO-3-ESTRATEGIAS-PROPUESTAS-845x1024.jpg 845w, https:\/\/colegioarquitectos.com\/noticias\/wp-content\/uploads\/2025\/10\/3.-ISOMETRICA-GENERAL-DEL-PROYECTO-3-ESTRATEGIAS-PROPUESTAS-768x931.jpg 768w, https:\/\/colegioarquitectos.com\/noticias\/wp-content\/uploads\/2025\/10\/3.-ISOMETRICA-GENERAL-DEL-PROYECTO-3-ESTRATEGIAS-PROPUESTAS-1267x1536.jpg 1267w, https:\/\/colegioarquitectos.com\/noticias\/wp-content\/uploads\/2025\/10\/3.-ISOMETRICA-GENERAL-DEL-PROYECTO-3-ESTRATEGIAS-PROPUESTAS-1690x2048.jpg 1690w\" sizes=\"auto, (max-width: 2112px) 100vw, 2112px\" \/><\/p>\n<p>&nbsp;<\/p>\n<p>&nbsp;<\/p>\n<p><strong>Menci\u00f3n Honrosa<\/strong> \u2014 \u201cSan Borja (re)iluminado\u201d (FAU \u2013 Universidad de Chile)<\/p>\n<p>Equipo: Joaqu\u00edn Lerdo de Tejada, \u00c1ngela Toledo, Islier Ote\u00edza, Mayte Valdivia, Paola Navas, Benjam\u00edn Montedonico. Docente gu\u00eda: Pablo Rojas B\u00f6tnner.<\/p>\n<p>La propuesta utiliza la luz como instrumento de reactivaci\u00f3n urbana. Un trazado lum\u00ednico recorre pasarelas, plazas y zonas de tr\u00e1nsito, proponiendo una lectura nocturna del conjunto que fomenta la permanencia y la seguridad.<br \/>\nMediante la combinaci\u00f3n de distintas intensidades y temperaturas, la iluminaci\u00f3n acompa\u00f1a los usos cotidianos, redefiniendo la percepci\u00f3n del espacio p\u00fablico y subrayando la dimensi\u00f3n afectiva de la arquitectura en la vida barrial.<\/p>\n<p><img loading=\"lazy\" decoding=\"async\" class=\"aligncenter size-full wp-image-34671\" src=\"https:\/\/colegioarquitectos.com\/noticias\/wp-content\/uploads\/2025\/10\/DIGRAMAS-LUMINARIAS_page-0001.jpg\" alt=\"\" width=\"975\" height=\"2363\" srcset=\"https:\/\/colegioarquitectos.com\/noticias\/wp-content\/uploads\/2025\/10\/DIGRAMAS-LUMINARIAS_page-0001.jpg 975w, https:\/\/colegioarquitectos.com\/noticias\/wp-content\/uploads\/2025\/10\/DIGRAMAS-LUMINARIAS_page-0001-124x300.jpg 124w, https:\/\/colegioarquitectos.com\/noticias\/wp-content\/uploads\/2025\/10\/DIGRAMAS-LUMINARIAS_page-0001-423x1024.jpg 423w, https:\/\/colegioarquitectos.com\/noticias\/wp-content\/uploads\/2025\/10\/DIGRAMAS-LUMINARIAS_page-0001-768x1861.jpg 768w, https:\/\/colegioarquitectos.com\/noticias\/wp-content\/uploads\/2025\/10\/DIGRAMAS-LUMINARIAS_page-0001-634x1536.jpg 634w, https:\/\/colegioarquitectos.com\/noticias\/wp-content\/uploads\/2025\/10\/DIGRAMAS-LUMINARIAS_page-0001-845x2048.jpg 845w\" sizes=\"auto, (max-width: 975px) 100vw, 975px\" \/><\/p>\n<p><img loading=\"lazy\" decoding=\"async\" class=\"aligncenter size-full wp-image-34672\" src=\"https:\/\/colegioarquitectos.com\/noticias\/wp-content\/uploads\/2025\/10\/FOTOMONTAJES_page-0001.jpg\" alt=\"\" width=\"945\" height=\"1182\" srcset=\"https:\/\/colegioarquitectos.com\/noticias\/wp-content\/uploads\/2025\/10\/FOTOMONTAJES_page-0001.jpg 945w, https:\/\/colegioarquitectos.com\/noticias\/wp-content\/uploads\/2025\/10\/FOTOMONTAJES_page-0001-240x300.jpg 240w, https:\/\/colegioarquitectos.com\/noticias\/wp-content\/uploads\/2025\/10\/FOTOMONTAJES_page-0001-819x1024.jpg 819w, https:\/\/colegioarquitectos.com\/noticias\/wp-content\/uploads\/2025\/10\/FOTOMONTAJES_page-0001-768x961.jpg 768w\" sizes=\"auto, (max-width: 945px) 100vw, 945px\" \/><\/p>\n<p>&nbsp;<\/p>\n<p>&nbsp;<\/p>\n<p><strong>Menci\u00f3n Honrosa<\/strong> \u2014 \u201cPasarela Biodiversa\u201d (UTEM)<\/p>\n<p>Equipo: Bryan Peretta, Constanza Carrillo, Benjam\u00edn Rivera, Diego Albornoz, Francisca Saavedra, Alonso Dur\u00e1n. Docentes gu\u00edas: Jos\u00e9 Becerra y Luis Silva.<\/p>\n<p>El proyecto reinterpreta la infraestructura peatonal elevada como un corredor ecol\u00f3gico que vincula el paisaje natural con el tejido urbano.<br \/>\nA trav\u00e9s de un sistema continuo de pasarelas verdes, genera nuevos recorridos entre las copas de los \u00e1rboles, integrando biodiversidad, sombra y descanso.<br \/>\nEl uso de especies nativas de bajo consumo h\u00eddrico y un sistema pasivo de riego convierten la intervenci\u00f3n en un modelo de regeneraci\u00f3n ambiental que repara la relaci\u00f3n entre naturaleza y ciudad.<\/p>\n<p><img loading=\"lazy\" decoding=\"async\" class=\"aligncenter size-full wp-image-34677\" src=\"https:\/\/colegioarquitectos.com\/noticias\/wp-content\/uploads\/2025\/10\/IMAGEN_PRINCIPAL_page-0001-1-rotated.jpg\" alt=\"\" width=\"2363\" height=\"975\" srcset=\"https:\/\/colegioarquitectos.com\/noticias\/wp-content\/uploads\/2025\/10\/IMAGEN_PRINCIPAL_page-0001-1-rotated.jpg 2363w, https:\/\/colegioarquitectos.com\/noticias\/wp-content\/uploads\/2025\/10\/IMAGEN_PRINCIPAL_page-0001-1-300x124.jpg 300w, https:\/\/colegioarquitectos.com\/noticias\/wp-content\/uploads\/2025\/10\/IMAGEN_PRINCIPAL_page-0001-1-1024x423.jpg 1024w, https:\/\/colegioarquitectos.com\/noticias\/wp-content\/uploads\/2025\/10\/IMAGEN_PRINCIPAL_page-0001-1-768x317.jpg 768w, https:\/\/colegioarquitectos.com\/noticias\/wp-content\/uploads\/2025\/10\/IMAGEN_PRINCIPAL_page-0001-1-1536x634.jpg 1536w, https:\/\/colegioarquitectos.com\/noticias\/wp-content\/uploads\/2025\/10\/IMAGEN_PRINCIPAL_page-0001-1-2048x845.jpg 2048w\" sizes=\"auto, (max-width: 2363px) 100vw, 2363px\" \/><\/p>\n<p>&nbsp;<\/p>\n<p><img loading=\"lazy\" decoding=\"async\" class=\"aligncenter size-full wp-image-34674\" src=\"https:\/\/colegioarquitectos.com\/noticias\/wp-content\/uploads\/2025\/10\/TRATAMIENTO_page-0001.jpg\" alt=\"\" width=\"975\" height=\"1182\" srcset=\"https:\/\/colegioarquitectos.com\/noticias\/wp-content\/uploads\/2025\/10\/TRATAMIENTO_page-0001.jpg 975w, https:\/\/colegioarquitectos.com\/noticias\/wp-content\/uploads\/2025\/10\/TRATAMIENTO_page-0001-247x300.jpg 247w, https:\/\/colegioarquitectos.com\/noticias\/wp-content\/uploads\/2025\/10\/TRATAMIENTO_page-0001-845x1024.jpg 845w, https:\/\/colegioarquitectos.com\/noticias\/wp-content\/uploads\/2025\/10\/TRATAMIENTO_page-0001-768x931.jpg 768w\" sizes=\"auto, (max-width: 975px) 100vw, 975px\" \/><\/p>\n<p>&nbsp;<\/p>\n<p>&nbsp;<\/p>\n<p><strong>Menci\u00f3n Honrosa<\/strong> \u2014 \u201cFaros de San Borja\u201d (UTFSM)<\/p>\n<p>Equipo: An\u00edbal Mellado, Scarlet Urbina, Antonia Robles, Christopher Quinteros, Valther Hern\u00e1ndez, Valentina Letelier. Docentes gu\u00edas: Francisco Quitral y Ra\u00fal Sol\u00eds.<\/p>\n<p>Una red de estructuras lum\u00ednicas redefine la relaci\u00f3n entre seguridad, encuentro y orientaci\u00f3n. Los faros, concebidos en tres estratos \u2014bajo, medio y alto\u2014, iluminan desde la escala del peat\u00f3n hasta el horizonte urbano, generando nuevas percepciones del conjunto.<br \/>\nA la vez, su presencia introduce una dimensi\u00f3n simb\u00f3lica: la luz como lenguaje com\u00fan que gu\u00eda, protege y reconstruye confianza en un sector hist\u00f3ricamente fragmentado.<\/p>\n<p><img loading=\"lazy\" decoding=\"async\" class=\"aligncenter size-full wp-image-34678\" src=\"https:\/\/colegioarquitectos.com\/noticias\/wp-content\/uploads\/2025\/10\/Imagen-objetivo.png\" alt=\"\" width=\"1949\" height=\"4724\" srcset=\"https:\/\/colegioarquitectos.com\/noticias\/wp-content\/uploads\/2025\/10\/Imagen-objetivo.png 1949w, https:\/\/colegioarquitectos.com\/noticias\/wp-content\/uploads\/2025\/10\/Imagen-objetivo-124x300.png 124w, https:\/\/colegioarquitectos.com\/noticias\/wp-content\/uploads\/2025\/10\/Imagen-objetivo-422x1024.png 422w, https:\/\/colegioarquitectos.com\/noticias\/wp-content\/uploads\/2025\/10\/Imagen-objetivo-768x1861.png 768w, https:\/\/colegioarquitectos.com\/noticias\/wp-content\/uploads\/2025\/10\/Imagen-objetivo-634x1536.png 634w, https:\/\/colegioarquitectos.com\/noticias\/wp-content\/uploads\/2025\/10\/Imagen-objetivo-845x2048.png 845w\" sizes=\"auto, (max-width: 1949px) 100vw, 1949px\" \/><\/p>\n<p><img loading=\"lazy\" decoding=\"async\" class=\"aligncenter size-full wp-image-34679\" src=\"https:\/\/colegioarquitectos.com\/noticias\/wp-content\/uploads\/2025\/10\/Faros-de-San-Borja.png\" alt=\"\" width=\"4723\" height=\"1940\" srcset=\"https:\/\/colegioarquitectos.com\/noticias\/wp-content\/uploads\/2025\/10\/Faros-de-San-Borja.png 4723w, https:\/\/colegioarquitectos.com\/noticias\/wp-content\/uploads\/2025\/10\/Faros-de-San-Borja-300x123.png 300w, https:\/\/colegioarquitectos.com\/noticias\/wp-content\/uploads\/2025\/10\/Faros-de-San-Borja-1024x421.png 1024w, https:\/\/colegioarquitectos.com\/noticias\/wp-content\/uploads\/2025\/10\/Faros-de-San-Borja-768x315.png 768w, https:\/\/colegioarquitectos.com\/noticias\/wp-content\/uploads\/2025\/10\/Faros-de-San-Borja-1536x631.png 1536w, https:\/\/colegioarquitectos.com\/noticias\/wp-content\/uploads\/2025\/10\/Faros-de-San-Borja-2048x841.png 2048w\" sizes=\"auto, (max-width: 4723px) 100vw, 4723px\" \/><\/p>\n<p><img loading=\"lazy\" decoding=\"async\" class=\"aligncenter size-full wp-image-34680\" src=\"https:\/\/colegioarquitectos.com\/noticias\/wp-content\/uploads\/2025\/10\/Corte-Fugado.png\" alt=\"\" width=\"4722\" height=\"1943\" srcset=\"https:\/\/colegioarquitectos.com\/noticias\/wp-content\/uploads\/2025\/10\/Corte-Fugado.png 4722w, https:\/\/colegioarquitectos.com\/noticias\/wp-content\/uploads\/2025\/10\/Corte-Fugado-300x123.png 300w, https:\/\/colegioarquitectos.com\/noticias\/wp-content\/uploads\/2025\/10\/Corte-Fugado-1024x421.png 1024w, https:\/\/colegioarquitectos.com\/noticias\/wp-content\/uploads\/2025\/10\/Corte-Fugado-768x316.png 768w, https:\/\/colegioarquitectos.com\/noticias\/wp-content\/uploads\/2025\/10\/Corte-Fugado-1536x632.png 1536w, https:\/\/colegioarquitectos.com\/noticias\/wp-content\/uploads\/2025\/10\/Corte-Fugado-2048x843.png 2048w\" sizes=\"auto, (max-width: 4722px) 100vw, 4722px\" \/><\/p>\n<p>&nbsp;<\/p>\n<h4><strong>Reimaginar lo moderno<\/strong><\/h4>\n<hr \/>\n<p><em>San Borja (re)imaginado<\/em>\u00a0se consolid\u00f3 como un ejercicio de aprendizaje situado, donde la observaci\u00f3n y el trabajo colectivo permitieron rearticular los v\u00ednculos entre arquitectura, memoria y comunidad. Las propuestas no buscaron reconstruir un pasado ideal, sino\u00a0activar lo existente para imaginar nuevas formas de lo com\u00fan. En un contexto de urgencia y cambio, el workshop reafirm\u00f3 que\u00a0proyectar sobre lo heredado es tambi\u00e9n proyectar sobre el futuro.<\/p>\n<p>&nbsp;<\/p>\n<p><\/p>","protected":false},"excerpt":{"rendered":"<p>&nbsp; Workshop acad\u00e9mico_ XXIII Bienal de Arquitectura y Urbanismo de Chile DOBLE EXPOSICI\u00d3N: (re)programar \u00b7 (re)adaptar \u00b7 (re)construir &nbsp; En el marco de la XXIII Bienal de Arquitectura y Urbanismo de Chile, el workshop acad\u00e9mico San Borja (re)imaginado convoc\u00f3 a &hellip; <a class=\"more-link\" href=\"https:\/\/colegioarquitectos.com\/noticias\/?p=34661\">ver m\u00e1s<\/a><\/p>","protected":false},"author":4,"featured_media":34676,"comment_status":"closed","ping_status":"closed","sticky":false,"template":"","format":"standard","meta":{"footnotes":""},"categories":[59],"tags":[128,1099,1478,1479,981,1480,1196,1024,1387],"class_list":["post-34661","post","type-post","status-publish","format-standard","has-post-thumbnail","hentry","category-bienal","tag-bienal","tag-doble-exposicion","tag-reimaginar","tag-san-borja","tag-workshop","tag-workshop-academico","tag-xxiii-bienal","tag-xxiii-bienal-de-arquitectura-y-urbanismo-de-chile","tag-xxiii-bienal-de-arquitectura-y-urbanismo-de-chile-2025"],"yoast_head":"<!-- This site is optimized with the Yoast SEO plugin v24.2 - https:\/\/yoast.com\/wordpress\/plugins\/seo\/ -->\n<title>Nueve universidades reimaginan el conjunto San Borja en la XXIII Bienal de Arquitectura de Chile - COLEGIO DE ARQUITECTOS DE CHILE<\/title>\n<meta name=\"robots\" content=\"index, follow, max-snippet:-1, max-image-preview:large, max-video-preview:-1\" \/>\n<link rel=\"canonical\" href=\"https:\/\/colegioarquitectos.com\/noticias\/?p=34661\" \/>\n<meta property=\"og:locale\" content=\"es_ES\" \/>\n<meta property=\"og:type\" content=\"article\" \/>\n<meta property=\"og:title\" content=\"Nueve universidades reimaginan el conjunto San Borja en la XXIII Bienal de Arquitectura de Chile - COLEGIO DE ARQUITECTOS DE CHILE\" \/>\n<meta property=\"og:description\" content=\"&nbsp; Workshop acad\u00e9mico_ XXIII Bienal de Arquitectura y Urbanismo de Chile DOBLE EXPOSICI\u00d3N: (re)programar \u00b7 (re)adaptar \u00b7 (re)construir &nbsp; En el marco de la XXIII Bienal de Arquitectura y Urbanismo de Chile, el workshop acad\u00e9mico San Borja (re)imaginado convoc\u00f3 a &hellip; ver m\u00e1s\" \/>\n<meta property=\"og:url\" content=\"https:\/\/colegioarquitectos.com\/noticias\/?p=34661\" \/>\n<meta property=\"og:site_name\" content=\"COLEGIO DE ARQUITECTOS DE CHILE\" \/>\n<meta property=\"article:publisher\" content=\"https:\/\/facebook.com\/Colegioarq\/\" \/>\n<meta property=\"article:published_time\" content=\"2025-10-29T14:39:48+00:00\" \/>\n<meta property=\"article:modified_time\" content=\"2025-10-29T14:41:42+00:00\" \/>\n<meta property=\"og:image\" content=\"https:\/\/colegioarquitectos.com\/noticias\/wp-content\/uploads\/2025\/10\/ENCABEZADO-WORKSHOP-1024x576.png\" \/>\n\t<meta property=\"og:image:width\" content=\"1024\" \/>\n\t<meta property=\"og:image:height\" content=\"576\" \/>\n\t<meta property=\"og:image:type\" content=\"image\/png\" \/>\n<meta name=\"author\" content=\"Colegio de Arquitectos de Chile\" \/>\n<meta name=\"twitter:card\" content=\"summary_large_image\" \/>\n<meta name=\"twitter:creator\" content=\"@colegioarq\" \/>\n<meta name=\"twitter:site\" content=\"@colegioarq\" \/>\n<meta name=\"twitter:label1\" content=\"Escrito por\" \/>\n\t<meta name=\"twitter:data1\" content=\"Colegio de Arquitectos de Chile\" \/>\n\t<meta name=\"twitter:label2\" content=\"Tiempo de lectura\" \/>\n\t<meta name=\"twitter:data2\" content=\"9 minutos\" \/>\n<script type=\"application\/ld+json\" class=\"yoast-schema-graph\">{\"@context\":\"https:\/\/schema.org\",\"@graph\":[{\"@type\":\"Article\",\"@id\":\"https:\/\/colegioarquitectos.com\/noticias\/?p=34661#article\",\"isPartOf\":{\"@id\":\"https:\/\/colegioarquitectos.com\/noticias\/?p=34661\"},\"author\":{\"name\":\"Colegio de Arquitectos de Chile\",\"@id\":\"https:\/\/colegioarquitectos.com\/noticias\/#\/schema\/person\/685cc0aad148303c5608f049af8285ad\"},\"headline\":\"Nueve universidades reimaginan el conjunto San Borja en la XXIII Bienal de Arquitectura de Chile\",\"datePublished\":\"2025-10-29T14:39:48+00:00\",\"dateModified\":\"2025-10-29T14:41:42+00:00\",\"mainEntityOfPage\":{\"@id\":\"https:\/\/colegioarquitectos.com\/noticias\/?p=34661\"},\"wordCount\":1375,\"publisher\":{\"@id\":\"https:\/\/colegioarquitectos.com\/noticias\/#organization\"},\"image\":{\"@id\":\"https:\/\/colegioarquitectos.com\/noticias\/?p=34661#primaryimage\"},\"thumbnailUrl\":\"https:\/\/colegioarquitectos.com\/noticias\/wp-content\/uploads\/2025\/10\/ENCABEZADO-WORKSHOP.png\",\"keywords\":[\"Bienal\",\"Doble exposici\u00f3n\",\"reimaginar\",\"san borja\",\"Workshop\",\"workshop acad\u00e9mico\",\"XXIII Bienal\",\"XXIII Bienal de Arquitectura y Urbanismo de Chile\",\"XXIII Bienal de Arquitectura y Urbanismo de Chile 2025\"],\"articleSection\":[\"Bienal\"],\"inLanguage\":\"es\"},{\"@type\":\"WebPage\",\"@id\":\"https:\/\/colegioarquitectos.com\/noticias\/?p=34661\",\"url\":\"https:\/\/colegioarquitectos.com\/noticias\/?p=34661\",\"name\":\"Nueve universidades reimaginan el conjunto San Borja en la XXIII Bienal de Arquitectura de Chile - COLEGIO DE ARQUITECTOS DE CHILE\",\"isPartOf\":{\"@id\":\"https:\/\/colegioarquitectos.com\/noticias\/#website\"},\"primaryImageOfPage\":{\"@id\":\"https:\/\/colegioarquitectos.com\/noticias\/?p=34661#primaryimage\"},\"image\":{\"@id\":\"https:\/\/colegioarquitectos.com\/noticias\/?p=34661#primaryimage\"},\"thumbnailUrl\":\"https:\/\/colegioarquitectos.com\/noticias\/wp-content\/uploads\/2025\/10\/ENCABEZADO-WORKSHOP.png\",\"datePublished\":\"2025-10-29T14:39:48+00:00\",\"dateModified\":\"2025-10-29T14:41:42+00:00\",\"breadcrumb\":{\"@id\":\"https:\/\/colegioarquitectos.com\/noticias\/?p=34661#breadcrumb\"},\"inLanguage\":\"es\",\"potentialAction\":[{\"@type\":\"ReadAction\",\"target\":[\"https:\/\/colegioarquitectos.com\/noticias\/?p=34661\"]}]},{\"@type\":\"ImageObject\",\"inLanguage\":\"es\",\"@id\":\"https:\/\/colegioarquitectos.com\/noticias\/?p=34661#primaryimage\",\"url\":\"https:\/\/colegioarquitectos.com\/noticias\/wp-content\/uploads\/2025\/10\/ENCABEZADO-WORKSHOP.png\",\"contentUrl\":\"https:\/\/colegioarquitectos.com\/noticias\/wp-content\/uploads\/2025\/10\/ENCABEZADO-WORKSHOP.png\",\"width\":1280,\"height\":720},{\"@type\":\"BreadcrumbList\",\"@id\":\"https:\/\/colegioarquitectos.com\/noticias\/?p=34661#breadcrumb\",\"itemListElement\":[{\"@type\":\"ListItem\",\"position\":1,\"name\":\"Portada\",\"item\":\"https:\/\/colegioarquitectos.com\/noticias\"},{\"@type\":\"ListItem\",\"position\":2,\"name\":\"Nueve universidades reimaginan el conjunto San Borja en la XXIII Bienal de Arquitectura de Chile\"}]},{\"@type\":\"WebSite\",\"@id\":\"https:\/\/colegioarquitectos.com\/noticias\/#website\",\"url\":\"https:\/\/colegioarquitectos.com\/noticias\/\",\"name\":\"COLEGIO DE ARQUITECTOS DE CHILE\",\"description\":\"\",\"publisher\":{\"@id\":\"https:\/\/colegioarquitectos.com\/noticias\/#organization\"},\"potentialAction\":[{\"@type\":\"SearchAction\",\"target\":{\"@type\":\"EntryPoint\",\"urlTemplate\":\"https:\/\/colegioarquitectos.com\/noticias\/?s={search_term_string}\"},\"query-input\":{\"@type\":\"PropertyValueSpecification\",\"valueRequired\":true,\"valueName\":\"search_term_string\"}}],\"inLanguage\":\"es\"},{\"@type\":\"Organization\",\"@id\":\"https:\/\/colegioarquitectos.com\/noticias\/#organization\",\"name\":\"COLEGIO DE ARQUITECTOS DE CHILE\",\"url\":\"https:\/\/colegioarquitectos.com\/noticias\/\",\"logo\":{\"@type\":\"ImageObject\",\"inLanguage\":\"es\",\"@id\":\"https:\/\/colegioarquitectos.com\/noticias\/#\/schema\/logo\/image\/\",\"url\":\"https:\/\/colegioarquitectos.com\/noticias\/wp-content\/uploads\/2021\/05\/ENCABEZADO-LOGO-CA.jpg\",\"contentUrl\":\"https:\/\/colegioarquitectos.com\/noticias\/wp-content\/uploads\/2021\/05\/ENCABEZADO-LOGO-CA.jpg\",\"width\":690,\"height\":350,\"caption\":\"COLEGIO DE ARQUITECTOS DE CHILE\"},\"image\":{\"@id\":\"https:\/\/colegioarquitectos.com\/noticias\/#\/schema\/logo\/image\/\"},\"sameAs\":[\"https:\/\/facebook.com\/Colegioarq\/\",\"https:\/\/x.com\/colegioarq\",\"https:\/\/instagram.com\/colegioarq\",\"https:\/\/youtube.com\/@ColegiodeArquitectosdeChile\"]},{\"@type\":\"Person\",\"@id\":\"https:\/\/colegioarquitectos.com\/noticias\/#\/schema\/person\/685cc0aad148303c5608f049af8285ad\",\"name\":\"Colegio de Arquitectos de Chile\",\"url\":\"https:\/\/colegioarquitectos.com\/noticias\/?author=4\"}]}<\/script>\n<!-- \/ Yoast SEO plugin. -->","yoast_head_json":{"title":"Nueve universidades reimaginan el conjunto San Borja en la XXIII Bienal de Arquitectura de Chile - COLEGIO DE ARQUITECTOS DE CHILE","robots":{"index":"index","follow":"follow","max-snippet":"max-snippet:-1","max-image-preview":"max-image-preview:large","max-video-preview":"max-video-preview:-1"},"canonical":"https:\/\/colegioarquitectos.com\/noticias\/?p=34661","og_locale":"es_ES","og_type":"article","og_title":"Nueve universidades reimaginan el conjunto San Borja en la XXIII Bienal de Arquitectura de Chile - COLEGIO DE ARQUITECTOS DE CHILE","og_description":"&nbsp; Workshop acad\u00e9mico_ XXIII Bienal de Arquitectura y Urbanismo de Chile DOBLE EXPOSICI\u00d3N: (re)programar \u00b7 (re)adaptar \u00b7 (re)construir &nbsp; En el marco de la XXIII Bienal de Arquitectura y Urbanismo de Chile, el workshop acad\u00e9mico San Borja (re)imaginado convoc\u00f3 a &hellip; ver m\u00e1s","og_url":"https:\/\/colegioarquitectos.com\/noticias\/?p=34661","og_site_name":"COLEGIO DE ARQUITECTOS DE CHILE","article_publisher":"https:\/\/facebook.com\/Colegioarq\/","article_published_time":"2025-10-29T14:39:48+00:00","article_modified_time":"2025-10-29T14:41:42+00:00","og_image":[{"width":1024,"height":576,"url":"https:\/\/colegioarquitectos.com\/noticias\/wp-content\/uploads\/2025\/10\/ENCABEZADO-WORKSHOP-1024x576.png","type":"image\/png"}],"author":"Colegio de Arquitectos de Chile","twitter_card":"summary_large_image","twitter_creator":"@colegioarq","twitter_site":"@colegioarq","twitter_misc":{"Escrito por":"Colegio de Arquitectos de Chile","Tiempo de lectura":"9 minutos"},"schema":{"@context":"https:\/\/schema.org","@graph":[{"@type":"Article","@id":"https:\/\/colegioarquitectos.com\/noticias\/?p=34661#article","isPartOf":{"@id":"https:\/\/colegioarquitectos.com\/noticias\/?p=34661"},"author":{"name":"Colegio de Arquitectos de Chile","@id":"https:\/\/colegioarquitectos.com\/noticias\/#\/schema\/person\/685cc0aad148303c5608f049af8285ad"},"headline":"Nueve universidades reimaginan el conjunto San Borja en la XXIII Bienal de Arquitectura de Chile","datePublished":"2025-10-29T14:39:48+00:00","dateModified":"2025-10-29T14:41:42+00:00","mainEntityOfPage":{"@id":"https:\/\/colegioarquitectos.com\/noticias\/?p=34661"},"wordCount":1375,"publisher":{"@id":"https:\/\/colegioarquitectos.com\/noticias\/#organization"},"image":{"@id":"https:\/\/colegioarquitectos.com\/noticias\/?p=34661#primaryimage"},"thumbnailUrl":"https:\/\/colegioarquitectos.com\/noticias\/wp-content\/uploads\/2025\/10\/ENCABEZADO-WORKSHOP.png","keywords":["Bienal","Doble exposici\u00f3n","reimaginar","san borja","Workshop","workshop acad\u00e9mico","XXIII Bienal","XXIII Bienal de Arquitectura y Urbanismo de Chile","XXIII Bienal de Arquitectura y Urbanismo de Chile 2025"],"articleSection":["Bienal"],"inLanguage":"es"},{"@type":"WebPage","@id":"https:\/\/colegioarquitectos.com\/noticias\/?p=34661","url":"https:\/\/colegioarquitectos.com\/noticias\/?p=34661","name":"Nueve universidades reimaginan el conjunto San Borja en la XXIII Bienal de Arquitectura de Chile - COLEGIO DE ARQUITECTOS DE CHILE","isPartOf":{"@id":"https:\/\/colegioarquitectos.com\/noticias\/#website"},"primaryImageOfPage":{"@id":"https:\/\/colegioarquitectos.com\/noticias\/?p=34661#primaryimage"},"image":{"@id":"https:\/\/colegioarquitectos.com\/noticias\/?p=34661#primaryimage"},"thumbnailUrl":"https:\/\/colegioarquitectos.com\/noticias\/wp-content\/uploads\/2025\/10\/ENCABEZADO-WORKSHOP.png","datePublished":"2025-10-29T14:39:48+00:00","dateModified":"2025-10-29T14:41:42+00:00","breadcrumb":{"@id":"https:\/\/colegioarquitectos.com\/noticias\/?p=34661#breadcrumb"},"inLanguage":"es","potentialAction":[{"@type":"ReadAction","target":["https:\/\/colegioarquitectos.com\/noticias\/?p=34661"]}]},{"@type":"ImageObject","inLanguage":"es","@id":"https:\/\/colegioarquitectos.com\/noticias\/?p=34661#primaryimage","url":"https:\/\/colegioarquitectos.com\/noticias\/wp-content\/uploads\/2025\/10\/ENCABEZADO-WORKSHOP.png","contentUrl":"https:\/\/colegioarquitectos.com\/noticias\/wp-content\/uploads\/2025\/10\/ENCABEZADO-WORKSHOP.png","width":1280,"height":720},{"@type":"BreadcrumbList","@id":"https:\/\/colegioarquitectos.com\/noticias\/?p=34661#breadcrumb","itemListElement":[{"@type":"ListItem","position":1,"name":"Portada","item":"https:\/\/colegioarquitectos.com\/noticias"},{"@type":"ListItem","position":2,"name":"Nueve universidades reimaginan el conjunto San Borja en la XXIII Bienal de Arquitectura de Chile"}]},{"@type":"WebSite","@id":"https:\/\/colegioarquitectos.com\/noticias\/#website","url":"https:\/\/colegioarquitectos.com\/noticias\/","name":"COLEGIO DE ARQUITECTOS DE CHILE","description":"","publisher":{"@id":"https:\/\/colegioarquitectos.com\/noticias\/#organization"},"potentialAction":[{"@type":"SearchAction","target":{"@type":"EntryPoint","urlTemplate":"https:\/\/colegioarquitectos.com\/noticias\/?s={search_term_string}"},"query-input":{"@type":"PropertyValueSpecification","valueRequired":true,"valueName":"search_term_string"}}],"inLanguage":"es"},{"@type":"Organization","@id":"https:\/\/colegioarquitectos.com\/noticias\/#organization","name":"COLEGIO DE ARQUITECTOS DE CHILE","url":"https:\/\/colegioarquitectos.com\/noticias\/","logo":{"@type":"ImageObject","inLanguage":"es","@id":"https:\/\/colegioarquitectos.com\/noticias\/#\/schema\/logo\/image\/","url":"https:\/\/colegioarquitectos.com\/noticias\/wp-content\/uploads\/2021\/05\/ENCABEZADO-LOGO-CA.jpg","contentUrl":"https:\/\/colegioarquitectos.com\/noticias\/wp-content\/uploads\/2021\/05\/ENCABEZADO-LOGO-CA.jpg","width":690,"height":350,"caption":"COLEGIO DE ARQUITECTOS DE CHILE"},"image":{"@id":"https:\/\/colegioarquitectos.com\/noticias\/#\/schema\/logo\/image\/"},"sameAs":["https:\/\/facebook.com\/Colegioarq\/","https:\/\/x.com\/colegioarq","https:\/\/instagram.com\/colegioarq","https:\/\/youtube.com\/@ColegiodeArquitectosdeChile"]},{"@type":"Person","@id":"https:\/\/colegioarquitectos.com\/noticias\/#\/schema\/person\/685cc0aad148303c5608f049af8285ad","name":"Colegio de Arquitectos de Chile","url":"https:\/\/colegioarquitectos.com\/noticias\/?author=4"}]}},"_links":{"self":[{"href":"https:\/\/colegioarquitectos.com\/noticias\/index.php?rest_route=\/wp\/v2\/posts\/34661","targetHints":{"allow":["GET"]}}],"collection":[{"href":"https:\/\/colegioarquitectos.com\/noticias\/index.php?rest_route=\/wp\/v2\/posts"}],"about":[{"href":"https:\/\/colegioarquitectos.com\/noticias\/index.php?rest_route=\/wp\/v2\/types\/post"}],"author":[{"embeddable":true,"href":"https:\/\/colegioarquitectos.com\/noticias\/index.php?rest_route=\/wp\/v2\/users\/4"}],"replies":[{"embeddable":true,"href":"https:\/\/colegioarquitectos.com\/noticias\/index.php?rest_route=%2Fwp%2Fv2%2Fcomments&post=34661"}],"version-history":[{"count":4,"href":"https:\/\/colegioarquitectos.com\/noticias\/index.php?rest_route=\/wp\/v2\/posts\/34661\/revisions"}],"predecessor-version":[{"id":34683,"href":"https:\/\/colegioarquitectos.com\/noticias\/index.php?rest_route=\/wp\/v2\/posts\/34661\/revisions\/34683"}],"wp:featuredmedia":[{"embeddable":true,"href":"https:\/\/colegioarquitectos.com\/noticias\/index.php?rest_route=\/wp\/v2\/media\/34676"}],"wp:attachment":[{"href":"https:\/\/colegioarquitectos.com\/noticias\/index.php?rest_route=%2Fwp%2Fv2%2Fmedia&parent=34661"}],"wp:term":[{"taxonomy":"category","embeddable":true,"href":"https:\/\/colegioarquitectos.com\/noticias\/index.php?rest_route=%2Fwp%2Fv2%2Fcategories&post=34661"},{"taxonomy":"post_tag","embeddable":true,"href":"https:\/\/colegioarquitectos.com\/noticias\/index.php?rest_route=%2Fwp%2Fv2%2Ftags&post=34661"}],"curies":[{"name":"wp","href":"https:\/\/api.w.org\/{rel}","templated":true}]}}