
{"id":34810,"date":"2025-11-14T11:45:26","date_gmt":"2025-11-14T15:45:26","guid":{"rendered":"https:\/\/colegioarquitectos.com\/noticias\/?p=34810"},"modified":"2025-11-21T11:47:59","modified_gmt":"2025-11-21T15:47:59","slug":"revista-ca-suma-re-lanzamientos-en-puerto-varas-valdivia-y-concepcion-y-abre-segunda-preventa-2","status":"publish","type":"post","link":"https:\/\/colegioarquitectos.com\/noticias\/?p=34810","title":{"rendered":"Revista CA suma re-lanzamientos en Puerto Varas, Valdivia y Concepci\u00f3n, y abre segunda preventa"},"content":{"rendered":"<p><strong>Doce a\u00f1os<\/strong> luego de su \u00faltimo n\u00famero, la <strong>Revista CA<\/strong> volvi\u00f3 a imprimirse con su n\u00famero <strong>154<\/strong> y con la <strong>vivienda social<\/strong> como tema central y observada con amplitud desde varias perspectivas, con proyectos ya ejecutados, por ejecutar y nuevas propuestas.<\/p>\n<p>El Directorio Nacional y el Comit\u00e9 Editorial de la Revista CA se encuentran trabajando para que en un futuro cercano,<strong> nuestra revista pueda llegar gratuitamente a todas y todos los colegiados activos<\/strong>. Este primer n\u00famero es un esfuerzo solidario,<strong> un esfuerzo para recuperar la periodicidad perdida de nuestra publicaci\u00f3n.<\/strong><\/p>\n<p>En esa l\u00ednea, y buscando el mayor alcance para que nuestros colegiados y colegiadas se familiaricen nuevamente con la Revista CA,<strong> se han realizado re-lanzamientos de la publicaci\u00f3n en distintos puntos del pa\u00eds liderados por el editor Cristi\u00e1n Figueroa Claude y comienza la segunda preventa.<\/strong><\/p>\n<p>&nbsp;<\/p>\n<h4><strong>Presentaci\u00f3n Revista CA \u2013 Delegaci\u00f3n Zonal Concepci\u00f3n<\/strong><\/h4>\n<hr \/>\n<p>El Colegio de Arquitectos de Chile, a trav\u00e9s de su Delegaci\u00f3n Zonal Concepci\u00f3n, realiz\u00f3 la presentaci\u00f3n de la Revista CA N\u00b0154, dedicada al tema \u00abVivienda Social\u00bb. La actividad se llev\u00f3 a cabo el martes 11 de noviembre a las 18:30 horas, en la Sala de Obra.<\/p>\n<p>Durante la jornada se abordaron los principales contenidos del nuevo n\u00famero de la publicaci\u00f3n y permiti\u00f3 generar reflexi\u00f3n y di\u00e1logo sobre los desaf\u00edos actuales de la vivienda social en Chile, en un espacio de encuentro que reuni\u00f3 a arquitectos, profesionales del \u00e1rea y estudiantes.<\/p>\n\n\t\t<style type=\"text\/css\">\n\t\t\t#gallery-1 {\n\t\t\t\tmargin: auto;\n\t\t\t}\n\t\t\t#gallery-1 .gallery-item {\n\t\t\t\tfloat: left;\n\t\t\t\tmargin-top: 10px;\n\t\t\t\ttext-align: center;\n\t\t\t\twidth: 33%;\n\t\t\t}\n\t\t\t#gallery-1 img {\n\t\t\t\tborder: 2px solid #cfcfcf;\n\t\t\t}\n\t\t\t#gallery-1 .gallery-caption {\n\t\t\t\tmargin-left: 0;\n\t\t\t}\n\t\t\t\/* see gallery_shortcode() in wp-includes\/media.php *\/\n\t\t<\/style>\n\t\t<div id='gallery-1' class='gallery galleryid-34810 gallery-columns-3 gallery-size-large'><dl class='gallery-item'>\n\t\t\t<dt class='gallery-icon portrait'>\n\t\t\t\t<a href='https:\/\/colegioarquitectos.com\/noticias\/?attachment_id=34782'><img loading=\"lazy\" decoding=\"async\" width=\"690\" height=\"920\" src=\"https:\/\/colegioarquitectos.com\/noticias\/wp-content\/uploads\/2025\/11\/WhatsApp-Image-2025-11-13-at-8.41.12-AM-768x1024.jpeg\" class=\"attachment-large size-large\" alt=\"\" srcset=\"https:\/\/colegioarquitectos.com\/noticias\/wp-content\/uploads\/2025\/11\/WhatsApp-Image-2025-11-13-at-8.41.12-AM-768x1024.jpeg 768w, https:\/\/colegioarquitectos.com\/noticias\/wp-content\/uploads\/2025\/11\/WhatsApp-Image-2025-11-13-at-8.41.12-AM-225x300.jpeg 225w, https:\/\/colegioarquitectos.com\/noticias\/wp-content\/uploads\/2025\/11\/WhatsApp-Image-2025-11-13-at-8.41.12-AM-1152x1536.jpeg 1152w, https:\/\/colegioarquitectos.com\/noticias\/wp-content\/uploads\/2025\/11\/WhatsApp-Image-2025-11-13-at-8.41.12-AM.jpeg 1200w\" sizes=\"auto, (max-width: 690px) 100vw, 690px\" \/><\/a>\n\t\t\t<\/dt><\/dl><dl class='gallery-item'>\n\t\t\t<dt class='gallery-icon landscape'>\n\t\t\t\t<a href='https:\/\/colegioarquitectos.com\/noticias\/?attachment_id=34783'><img loading=\"lazy\" decoding=\"async\" width=\"690\" height=\"518\" src=\"https:\/\/colegioarquitectos.com\/noticias\/wp-content\/uploads\/2025\/11\/WhatsApp-Image-2025-11-13-at-8.41.11-AM-1-1024x768.jpeg\" class=\"attachment-large size-large\" alt=\"\" srcset=\"https:\/\/colegioarquitectos.com\/noticias\/wp-content\/uploads\/2025\/11\/WhatsApp-Image-2025-11-13-at-8.41.11-AM-1-1024x768.jpeg 1024w, https:\/\/colegioarquitectos.com\/noticias\/wp-content\/uploads\/2025\/11\/WhatsApp-Image-2025-11-13-at-8.41.11-AM-1-300x225.jpeg 300w, https:\/\/colegioarquitectos.com\/noticias\/wp-content\/uploads\/2025\/11\/WhatsApp-Image-2025-11-13-at-8.41.11-AM-1-768x576.jpeg 768w, https:\/\/colegioarquitectos.com\/noticias\/wp-content\/uploads\/2025\/11\/WhatsApp-Image-2025-11-13-at-8.41.11-AM-1-1536x1152.jpeg 1536w, https:\/\/colegioarquitectos.com\/noticias\/wp-content\/uploads\/2025\/11\/WhatsApp-Image-2025-11-13-at-8.41.11-AM-1.jpeg 1600w\" sizes=\"auto, (max-width: 690px) 100vw, 690px\" \/><\/a>\n\t\t\t<\/dt><\/dl><dl class='gallery-item'>\n\t\t\t<dt class='gallery-icon portrait'>\n\t\t\t\t<a href='https:\/\/colegioarquitectos.com\/noticias\/?attachment_id=34784'><img loading=\"lazy\" decoding=\"async\" width=\"690\" height=\"920\" src=\"https:\/\/colegioarquitectos.com\/noticias\/wp-content\/uploads\/2025\/11\/WhatsApp-Image-2025-11-13-at-8.41.11-AM-768x1024.jpeg\" class=\"attachment-large size-large\" alt=\"\" srcset=\"https:\/\/colegioarquitectos.com\/noticias\/wp-content\/uploads\/2025\/11\/WhatsApp-Image-2025-11-13-at-8.41.11-AM-768x1024.jpeg 768w, https:\/\/colegioarquitectos.com\/noticias\/wp-content\/uploads\/2025\/11\/WhatsApp-Image-2025-11-13-at-8.41.11-AM-225x300.jpeg 225w, https:\/\/colegioarquitectos.com\/noticias\/wp-content\/uploads\/2025\/11\/WhatsApp-Image-2025-11-13-at-8.41.11-AM-1152x1536.jpeg 1152w, https:\/\/colegioarquitectos.com\/noticias\/wp-content\/uploads\/2025\/11\/WhatsApp-Image-2025-11-13-at-8.41.11-AM.jpeg 1200w\" sizes=\"auto, (max-width: 690px) 100vw, 690px\" \/><\/a>\n\t\t\t<\/dt><\/dl><br style=\"clear: both\" \/>\n\t\t<\/div>\n\n<p>&nbsp;<\/p>\n<h4><strong>Charla \u2013 Re-lanzamiento Revista CA en Valdivia<\/strong><\/h4>\n<hr \/>\n<p>La <strong>Escuela de Arquitectura de la Universidad Austral de Chile<\/strong> y el <strong>Colegio de Arquitectos de Chile<\/strong> realizaron el re-lanzamiento de la Revista CA, en una jornada que combin\u00f3 conversatorio y networking. La actividad se efectu\u00f3 el <strong>mi\u00e9rcoles 12 de noviembre a las 17:00 horas<\/strong>, en el <strong>Auditorio de la Escuela de Arquitectura<\/strong>, en <strong>Valdivia<\/strong>.<\/p>\n<p>El encuentro cont\u00f3 con la participaci\u00f3n de <strong>Cristi\u00e1n Figueroa, Carlos Osorio <\/strong>y<strong> Emil Osorio<\/strong>, quienes compartieron sus visiones sobre el rol de la revista como plataforma de difusi\u00f3n del pensamiento arquitect\u00f3nico nacional. Adem\u00e1s, <strong>se gener\u00f3 un espacio de di\u00e1logo y vinculaci\u00f3n entre estudiantes, acad\u00e9micos y profesionales, en torno a los desaf\u00edos de la arquitectura contempor\u00e1nea y las oportunidades de colaboraci\u00f3n que abre esta nueva etapa de la publicaci\u00f3n.<\/strong><\/p>\n\n\t\t<style type=\"text\/css\">\n\t\t\t#gallery-2 {\n\t\t\t\tmargin: auto;\n\t\t\t}\n\t\t\t#gallery-2 .gallery-item {\n\t\t\t\tfloat: left;\n\t\t\t\tmargin-top: 10px;\n\t\t\t\ttext-align: center;\n\t\t\t\twidth: 33%;\n\t\t\t}\n\t\t\t#gallery-2 img {\n\t\t\t\tborder: 2px solid #cfcfcf;\n\t\t\t}\n\t\t\t#gallery-2 .gallery-caption {\n\t\t\t\tmargin-left: 0;\n\t\t\t}\n\t\t\t\/* see gallery_shortcode() in wp-includes\/media.php *\/\n\t\t<\/style>\n\t\t<div id='gallery-2' class='gallery galleryid-34810 gallery-columns-3 gallery-size-large'><dl class='gallery-item'>\n\t\t\t<dt class='gallery-icon landscape'>\n\t\t\t\t<a href='https:\/\/colegioarquitectos.com\/noticias\/?attachment_id=34785'><img loading=\"lazy\" decoding=\"async\" width=\"690\" height=\"518\" src=\"https:\/\/colegioarquitectos.com\/noticias\/wp-content\/uploads\/2025\/11\/WhatsApp-Image-2025-11-13-at-8.41.10-AM-1-1024x768.jpeg\" class=\"attachment-large size-large\" alt=\"\" srcset=\"https:\/\/colegioarquitectos.com\/noticias\/wp-content\/uploads\/2025\/11\/WhatsApp-Image-2025-11-13-at-8.41.10-AM-1-1024x768.jpeg 1024w, https:\/\/colegioarquitectos.com\/noticias\/wp-content\/uploads\/2025\/11\/WhatsApp-Image-2025-11-13-at-8.41.10-AM-1-300x225.jpeg 300w, https:\/\/colegioarquitectos.com\/noticias\/wp-content\/uploads\/2025\/11\/WhatsApp-Image-2025-11-13-at-8.41.10-AM-1-768x576.jpeg 768w, https:\/\/colegioarquitectos.com\/noticias\/wp-content\/uploads\/2025\/11\/WhatsApp-Image-2025-11-13-at-8.41.10-AM-1.jpeg 1280w\" sizes=\"auto, (max-width: 690px) 100vw, 690px\" \/><\/a>\n\t\t\t<\/dt><\/dl><dl class='gallery-item'>\n\t\t\t<dt class='gallery-icon landscape'>\n\t\t\t\t<a href='https:\/\/colegioarquitectos.com\/noticias\/?attachment_id=34786'><img loading=\"lazy\" decoding=\"async\" width=\"690\" height=\"518\" src=\"https:\/\/colegioarquitectos.com\/noticias\/wp-content\/uploads\/2025\/11\/WhatsApp-Image-2025-11-13-at-8.41.10-AM-1024x768.jpeg\" class=\"attachment-large size-large\" alt=\"\" srcset=\"https:\/\/colegioarquitectos.com\/noticias\/wp-content\/uploads\/2025\/11\/WhatsApp-Image-2025-11-13-at-8.41.10-AM-1024x768.jpeg 1024w, https:\/\/colegioarquitectos.com\/noticias\/wp-content\/uploads\/2025\/11\/WhatsApp-Image-2025-11-13-at-8.41.10-AM-300x225.jpeg 300w, https:\/\/colegioarquitectos.com\/noticias\/wp-content\/uploads\/2025\/11\/WhatsApp-Image-2025-11-13-at-8.41.10-AM-768x576.jpeg 768w, https:\/\/colegioarquitectos.com\/noticias\/wp-content\/uploads\/2025\/11\/WhatsApp-Image-2025-11-13-at-8.41.10-AM.jpeg 1280w\" sizes=\"auto, (max-width: 690px) 100vw, 690px\" \/><\/a>\n\t\t\t<\/dt><\/dl>\n\t\t\t<br style='clear: both' \/>\n\t\t<\/div>\n\n<p>&nbsp;<\/p>\n<h4><strong>Presentaci\u00f3n Revista CA \u2013 Delegaci\u00f3n Zonal Llanquihue<\/strong><\/h4>\n<hr \/>\n<p>La <strong>Delegaci\u00f3n Zonal Llanquihue<\/strong> del Colegio de Arquitectos de Chile llev\u00f3 a cabo la presentaci\u00f3n de la Revista CA N\u00b0154 \u00abVivienda Social\u00bb el<strong> viernes 17 de octubre a las 18:00 horas<\/strong>, en el <strong>Caf\u00e9 Machmar del Centro Cultural Molino Machmar (CAMM)<\/strong>, en <strong>Puerto Varas<\/strong>.<\/p>\n<p>La actividad cont\u00f3 con la participaci\u00f3n del arquitecto <strong>Jos\u00e9 Tom\u00e1s Infante<\/strong>, la arquitecta <strong>Tamara Rammsy S\u00e1nchez<\/strong> y el editor <strong>Cristian Figueroa Claude<\/strong>, quienes presentaron los contenidos y ejes tem\u00e1ticos de la edici\u00f3n, centrados en experiencias innovadoras y reflexiones sobre la vivienda social en Chile. <strong>La instancia permiti\u00f3 acercar la publicaci\u00f3n a la comunidad del sur del pa\u00eds, promoviendo el intercambio de ideas y experiencias en torno a la arquitectura y la construcci\u00f3n de ciudades m\u00e1s equitativas y sostenibles.<\/strong><\/p>\n\n\t\t<style type=\"text\/css\">\n\t\t\t#gallery-3 {\n\t\t\t\tmargin: auto;\n\t\t\t}\n\t\t\t#gallery-3 .gallery-item {\n\t\t\t\tfloat: left;\n\t\t\t\tmargin-top: 10px;\n\t\t\t\ttext-align: center;\n\t\t\t\twidth: 33%;\n\t\t\t}\n\t\t\t#gallery-3 img {\n\t\t\t\tborder: 2px solid #cfcfcf;\n\t\t\t}\n\t\t\t#gallery-3 .gallery-caption {\n\t\t\t\tmargin-left: 0;\n\t\t\t}\n\t\t\t\/* see gallery_shortcode() in wp-includes\/media.php *\/\n\t\t<\/style>\n\t\t<div id='gallery-3' class='gallery galleryid-34810 gallery-columns-3 gallery-size-large'><dl class='gallery-item'>\n\t\t\t<dt class='gallery-icon landscape'>\n\t\t\t\t<a href='https:\/\/colegioarquitectos.com\/noticias\/?attachment_id=34787'><img loading=\"lazy\" decoding=\"async\" width=\"690\" height=\"520\" src=\"https:\/\/colegioarquitectos.com\/noticias\/wp-content\/uploads\/2025\/11\/567258093_18099488812671705_5756793263184708689_n-1024x772.jpg\" class=\"attachment-large size-large\" alt=\"\" srcset=\"https:\/\/colegioarquitectos.com\/noticias\/wp-content\/uploads\/2025\/11\/567258093_18099488812671705_5756793263184708689_n-1024x772.jpg 1024w, https:\/\/colegioarquitectos.com\/noticias\/wp-content\/uploads\/2025\/11\/567258093_18099488812671705_5756793263184708689_n-300x226.jpg 300w, https:\/\/colegioarquitectos.com\/noticias\/wp-content\/uploads\/2025\/11\/567258093_18099488812671705_5756793263184708689_n-768x579.jpg 768w, https:\/\/colegioarquitectos.com\/noticias\/wp-content\/uploads\/2025\/11\/567258093_18099488812671705_5756793263184708689_n.jpg 1440w\" sizes=\"auto, (max-width: 690px) 100vw, 690px\" \/><\/a>\n\t\t\t<\/dt><\/dl><dl class='gallery-item'>\n\t\t\t<dt class='gallery-icon landscape'>\n\t\t\t\t<a href='https:\/\/colegioarquitectos.com\/noticias\/?attachment_id=34788'><img loading=\"lazy\" decoding=\"async\" width=\"690\" height=\"520\" src=\"https:\/\/colegioarquitectos.com\/noticias\/wp-content\/uploads\/2025\/11\/567258082_18099488800671705_2444877116863186576_n-1024x772.jpg\" class=\"attachment-large size-large\" alt=\"\" srcset=\"https:\/\/colegioarquitectos.com\/noticias\/wp-content\/uploads\/2025\/11\/567258082_18099488800671705_2444877116863186576_n-1024x772.jpg 1024w, https:\/\/colegioarquitectos.com\/noticias\/wp-content\/uploads\/2025\/11\/567258082_18099488800671705_2444877116863186576_n-300x226.jpg 300w, https:\/\/colegioarquitectos.com\/noticias\/wp-content\/uploads\/2025\/11\/567258082_18099488800671705_2444877116863186576_n-768x579.jpg 768w, https:\/\/colegioarquitectos.com\/noticias\/wp-content\/uploads\/2025\/11\/567258082_18099488800671705_2444877116863186576_n.jpg 1440w\" sizes=\"auto, (max-width: 690px) 100vw, 690px\" \/><\/a>\n\t\t\t<\/dt><\/dl>\n\t\t\t<br style='clear: both' \/>\n\t\t<\/div>\n\n<p>&nbsp;<\/p>\n<h4>Preventa N\u00b02: \u00a1Abierta!<\/h4>\n<hr \/>\n<p>Luego de agotar la primera preventa, la Revista CA ha abierto una segunda preventa para acceder al N\u00b0154, dedicada al tema \u00abVivienda Social\u00bb, <strong>abierta a todo p\u00fablico y con descuento especial para colegiadas y colegiados activos<\/strong>.<\/p>\n<p>&nbsp;<\/p>\n<p>Colegiadas y colegiados activos: <strong>$14.000<\/strong><\/p>\n<p>P\u00fablico general: <strong>$20.000<\/strong><\/p>\n<p>&nbsp;<\/p>\n<p><strong>\u00bfC\u00f3mo pagar?<\/strong><\/p>\n<p>COLEGIO DE ARQUITECTOS DE CHILE<\/p>\n<p>RUT: 82465700-9<\/p>\n<p>BANCO SCOTIABANK<\/p>\n<p>CUENTA CORRIENTE: 000970318259<\/p>\n<p>CORREO: colegiados@colegioarquitectos.com<\/p>\n<p>ASUNTO: PAGO PREVENTA 2 REVISTA CA 154- NOMBRE<\/p>\n<p>&nbsp;<\/p>\n<p><\/p>","protected":false},"excerpt":{"rendered":"<p>Doce a\u00f1os luego de su \u00faltimo n\u00famero, la Revista CA volvi\u00f3 a imprimirse con su n\u00famero 154 y con la vivienda social como tema central y observada con amplitud desde varias perspectivas, con proyectos ya ejecutados, por ejecutar y nuevas &hellip; <a class=\"more-link\" href=\"https:\/\/colegioarquitectos.com\/noticias\/?p=34810\">ver m\u00e1s<\/a><\/p>","protected":false},"author":1,"featured_media":34795,"comment_status":"closed","ping_status":"closed","sticky":false,"template":"","format":"standard","meta":{"footnotes":""},"categories":[8,6],"tags":[1518,1452,1519],"class_list":["post-34810","post","type-post","status-publish","format-standard","has-post-thumbnail","hentry","category-colegio-de-arquitectos","category-revistaca","tag-relanzamientos","tag-revista-ca","tag-segunda-preventa"],"yoast_head":"<!-- This site is optimized with the Yoast SEO plugin v24.2 - https:\/\/yoast.com\/wordpress\/plugins\/seo\/ -->\n<title>Revista CA suma re-lanzamientos en Puerto Varas, Valdivia y Concepci\u00f3n, y abre segunda preventa - COLEGIO DE ARQUITECTOS DE CHILE<\/title>\n<meta name=\"robots\" content=\"index, follow, max-snippet:-1, max-image-preview:large, max-video-preview:-1\" \/>\n<link rel=\"canonical\" href=\"https:\/\/colegioarquitectos.com\/noticias\/?p=34810\" \/>\n<meta property=\"og:locale\" content=\"es_ES\" \/>\n<meta property=\"og:type\" content=\"article\" \/>\n<meta property=\"og:title\" content=\"Revista CA suma re-lanzamientos en Puerto Varas, Valdivia y Concepci\u00f3n, y abre segunda preventa - COLEGIO DE ARQUITECTOS DE CHILE\" \/>\n<meta property=\"og:description\" content=\"Doce a\u00f1os luego de su \u00faltimo n\u00famero, la Revista CA volvi\u00f3 a imprimirse con su n\u00famero 154 y con la vivienda social como tema central y observada con amplitud desde varias perspectivas, con proyectos ya ejecutados, por ejecutar y nuevas &hellip; ver m\u00e1s\" \/>\n<meta property=\"og:url\" content=\"https:\/\/colegioarquitectos.com\/noticias\/?p=34810\" \/>\n<meta property=\"og:site_name\" content=\"COLEGIO DE ARQUITECTOS DE CHILE\" \/>\n<meta property=\"article:publisher\" content=\"https:\/\/facebook.com\/Colegioarq\/\" \/>\n<meta property=\"article:published_time\" content=\"2025-11-14T15:45:26+00:00\" \/>\n<meta property=\"article:modified_time\" content=\"2025-11-21T15:47:59+00:00\" \/>\n<meta property=\"og:image\" content=\"https:\/\/colegioarquitectos.com\/noticias\/wp-content\/uploads\/2025\/11\/PREVENTA-2-FINAL.png\" \/>\n\t<meta property=\"og:image:width\" content=\"1280\" \/>\n\t<meta property=\"og:image:height\" content=\"720\" \/>\n\t<meta property=\"og:image:type\" content=\"image\/png\" \/>\n<meta name=\"author\" content=\"Gabriel Salgado S.\" \/>\n<meta name=\"twitter:card\" content=\"summary_large_image\" \/>\n<meta name=\"twitter:creator\" content=\"@colegioarq\" \/>\n<meta name=\"twitter:site\" content=\"@colegioarq\" \/>\n<meta name=\"twitter:label1\" content=\"Escrito por\" \/>\n\t<meta name=\"twitter:data1\" content=\"Gabriel Salgado S.\" \/>\n\t<meta name=\"twitter:label2\" content=\"Tiempo de lectura\" \/>\n\t<meta name=\"twitter:data2\" content=\"3 minutos\" \/>\n<script type=\"application\/ld+json\" class=\"yoast-schema-graph\">{\"@context\":\"https:\/\/schema.org\",\"@graph\":[{\"@type\":\"Article\",\"@id\":\"https:\/\/colegioarquitectos.com\/noticias\/?p=34810#article\",\"isPartOf\":{\"@id\":\"https:\/\/colegioarquitectos.com\/noticias\/?p=34810\"},\"author\":{\"name\":\"Gabriel Salgado S.\",\"@id\":\"https:\/\/colegioarquitectos.com\/noticias\/#\/schema\/person\/b6c7e912cd1283c089114093ed09741f\"},\"headline\":\"Revista CA suma re-lanzamientos en Puerto Varas, Valdivia y Concepci\u00f3n, y abre segunda preventa\",\"datePublished\":\"2025-11-14T15:45:26+00:00\",\"dateModified\":\"2025-11-21T15:47:59+00:00\",\"mainEntityOfPage\":{\"@id\":\"https:\/\/colegioarquitectos.com\/noticias\/?p=34810\"},\"wordCount\":634,\"publisher\":{\"@id\":\"https:\/\/colegioarquitectos.com\/noticias\/#organization\"},\"image\":{\"@id\":\"https:\/\/colegioarquitectos.com\/noticias\/?p=34810#primaryimage\"},\"thumbnailUrl\":\"https:\/\/colegioarquitectos.com\/noticias\/wp-content\/uploads\/2025\/11\/PREVENTA-2-FINAL.png\",\"keywords\":[\"Relanzamientos\",\"Revista CA\",\"segunda preventa\"],\"articleSection\":[\"Colegio\",\"Revista CA\"],\"inLanguage\":\"es\"},{\"@type\":\"WebPage\",\"@id\":\"https:\/\/colegioarquitectos.com\/noticias\/?p=34810\",\"url\":\"https:\/\/colegioarquitectos.com\/noticias\/?p=34810\",\"name\":\"Revista CA suma re-lanzamientos en Puerto Varas, Valdivia y Concepci\u00f3n, y abre segunda preventa - COLEGIO DE ARQUITECTOS DE CHILE\",\"isPartOf\":{\"@id\":\"https:\/\/colegioarquitectos.com\/noticias\/#website\"},\"primaryImageOfPage\":{\"@id\":\"https:\/\/colegioarquitectos.com\/noticias\/?p=34810#primaryimage\"},\"image\":{\"@id\":\"https:\/\/colegioarquitectos.com\/noticias\/?p=34810#primaryimage\"},\"thumbnailUrl\":\"https:\/\/colegioarquitectos.com\/noticias\/wp-content\/uploads\/2025\/11\/PREVENTA-2-FINAL.png\",\"datePublished\":\"2025-11-14T15:45:26+00:00\",\"dateModified\":\"2025-11-21T15:47:59+00:00\",\"breadcrumb\":{\"@id\":\"https:\/\/colegioarquitectos.com\/noticias\/?p=34810#breadcrumb\"},\"inLanguage\":\"es\",\"potentialAction\":[{\"@type\":\"ReadAction\",\"target\":[\"https:\/\/colegioarquitectos.com\/noticias\/?p=34810\"]}]},{\"@type\":\"ImageObject\",\"inLanguage\":\"es\",\"@id\":\"https:\/\/colegioarquitectos.com\/noticias\/?p=34810#primaryimage\",\"url\":\"https:\/\/colegioarquitectos.com\/noticias\/wp-content\/uploads\/2025\/11\/PREVENTA-2-FINAL.png\",\"contentUrl\":\"https:\/\/colegioarquitectos.com\/noticias\/wp-content\/uploads\/2025\/11\/PREVENTA-2-FINAL.png\",\"width\":1280,\"height\":720},{\"@type\":\"BreadcrumbList\",\"@id\":\"https:\/\/colegioarquitectos.com\/noticias\/?p=34810#breadcrumb\",\"itemListElement\":[{\"@type\":\"ListItem\",\"position\":1,\"name\":\"Portada\",\"item\":\"https:\/\/colegioarquitectos.com\/noticias\"},{\"@type\":\"ListItem\",\"position\":2,\"name\":\"Revista CA suma re-lanzamientos en Puerto Varas, Valdivia y Concepci\u00f3n, y abre segunda preventa\"}]},{\"@type\":\"WebSite\",\"@id\":\"https:\/\/colegioarquitectos.com\/noticias\/#website\",\"url\":\"https:\/\/colegioarquitectos.com\/noticias\/\",\"name\":\"COLEGIO DE ARQUITECTOS DE CHILE\",\"description\":\"\",\"publisher\":{\"@id\":\"https:\/\/colegioarquitectos.com\/noticias\/#organization\"},\"potentialAction\":[{\"@type\":\"SearchAction\",\"target\":{\"@type\":\"EntryPoint\",\"urlTemplate\":\"https:\/\/colegioarquitectos.com\/noticias\/?s={search_term_string}\"},\"query-input\":{\"@type\":\"PropertyValueSpecification\",\"valueRequired\":true,\"valueName\":\"search_term_string\"}}],\"inLanguage\":\"es\"},{\"@type\":\"Organization\",\"@id\":\"https:\/\/colegioarquitectos.com\/noticias\/#organization\",\"name\":\"COLEGIO DE ARQUITECTOS DE CHILE\",\"url\":\"https:\/\/colegioarquitectos.com\/noticias\/\",\"logo\":{\"@type\":\"ImageObject\",\"inLanguage\":\"es\",\"@id\":\"https:\/\/colegioarquitectos.com\/noticias\/#\/schema\/logo\/image\/\",\"url\":\"https:\/\/colegioarquitectos.com\/noticias\/wp-content\/uploads\/2021\/05\/ENCABEZADO-LOGO-CA.jpg\",\"contentUrl\":\"https:\/\/colegioarquitectos.com\/noticias\/wp-content\/uploads\/2021\/05\/ENCABEZADO-LOGO-CA.jpg\",\"width\":690,\"height\":350,\"caption\":\"COLEGIO DE ARQUITECTOS DE CHILE\"},\"image\":{\"@id\":\"https:\/\/colegioarquitectos.com\/noticias\/#\/schema\/logo\/image\/\"},\"sameAs\":[\"https:\/\/facebook.com\/Colegioarq\/\",\"https:\/\/x.com\/colegioarq\",\"https:\/\/instagram.com\/colegioarq\",\"https:\/\/youtube.com\/@ColegiodeArquitectosdeChile\"]},{\"@type\":\"Person\",\"@id\":\"https:\/\/colegioarquitectos.com\/noticias\/#\/schema\/person\/b6c7e912cd1283c089114093ed09741f\",\"name\":\"Gabriel Salgado S.\",\"url\":\"https:\/\/colegioarquitectos.com\/noticias\/?author=1\"}]}<\/script>\n<!-- \/ Yoast SEO plugin. -->","yoast_head_json":{"title":"Revista CA suma re-lanzamientos en Puerto Varas, Valdivia y Concepci\u00f3n, y abre segunda preventa - COLEGIO DE ARQUITECTOS DE CHILE","robots":{"index":"index","follow":"follow","max-snippet":"max-snippet:-1","max-image-preview":"max-image-preview:large","max-video-preview":"max-video-preview:-1"},"canonical":"https:\/\/colegioarquitectos.com\/noticias\/?p=34810","og_locale":"es_ES","og_type":"article","og_title":"Revista CA suma re-lanzamientos en Puerto Varas, Valdivia y Concepci\u00f3n, y abre segunda preventa - COLEGIO DE ARQUITECTOS DE CHILE","og_description":"Doce a\u00f1os luego de su \u00faltimo n\u00famero, la Revista CA volvi\u00f3 a imprimirse con su n\u00famero 154 y con la vivienda social como tema central y observada con amplitud desde varias perspectivas, con proyectos ya ejecutados, por ejecutar y nuevas &hellip; ver m\u00e1s","og_url":"https:\/\/colegioarquitectos.com\/noticias\/?p=34810","og_site_name":"COLEGIO DE ARQUITECTOS DE CHILE","article_publisher":"https:\/\/facebook.com\/Colegioarq\/","article_published_time":"2025-11-14T15:45:26+00:00","article_modified_time":"2025-11-21T15:47:59+00:00","og_image":[{"width":1280,"height":720,"url":"https:\/\/colegioarquitectos.com\/noticias\/wp-content\/uploads\/2025\/11\/PREVENTA-2-FINAL.png","type":"image\/png"}],"author":"Gabriel Salgado S.","twitter_card":"summary_large_image","twitter_creator":"@colegioarq","twitter_site":"@colegioarq","twitter_misc":{"Escrito por":"Gabriel Salgado S.","Tiempo de lectura":"3 minutos"},"schema":{"@context":"https:\/\/schema.org","@graph":[{"@type":"Article","@id":"https:\/\/colegioarquitectos.com\/noticias\/?p=34810#article","isPartOf":{"@id":"https:\/\/colegioarquitectos.com\/noticias\/?p=34810"},"author":{"name":"Gabriel Salgado S.","@id":"https:\/\/colegioarquitectos.com\/noticias\/#\/schema\/person\/b6c7e912cd1283c089114093ed09741f"},"headline":"Revista CA suma re-lanzamientos en Puerto Varas, Valdivia y Concepci\u00f3n, y abre segunda preventa","datePublished":"2025-11-14T15:45:26+00:00","dateModified":"2025-11-21T15:47:59+00:00","mainEntityOfPage":{"@id":"https:\/\/colegioarquitectos.com\/noticias\/?p=34810"},"wordCount":634,"publisher":{"@id":"https:\/\/colegioarquitectos.com\/noticias\/#organization"},"image":{"@id":"https:\/\/colegioarquitectos.com\/noticias\/?p=34810#primaryimage"},"thumbnailUrl":"https:\/\/colegioarquitectos.com\/noticias\/wp-content\/uploads\/2025\/11\/PREVENTA-2-FINAL.png","keywords":["Relanzamientos","Revista CA","segunda preventa"],"articleSection":["Colegio","Revista CA"],"inLanguage":"es"},{"@type":"WebPage","@id":"https:\/\/colegioarquitectos.com\/noticias\/?p=34810","url":"https:\/\/colegioarquitectos.com\/noticias\/?p=34810","name":"Revista CA suma re-lanzamientos en Puerto Varas, Valdivia y Concepci\u00f3n, y abre segunda preventa - COLEGIO DE ARQUITECTOS DE CHILE","isPartOf":{"@id":"https:\/\/colegioarquitectos.com\/noticias\/#website"},"primaryImageOfPage":{"@id":"https:\/\/colegioarquitectos.com\/noticias\/?p=34810#primaryimage"},"image":{"@id":"https:\/\/colegioarquitectos.com\/noticias\/?p=34810#primaryimage"},"thumbnailUrl":"https:\/\/colegioarquitectos.com\/noticias\/wp-content\/uploads\/2025\/11\/PREVENTA-2-FINAL.png","datePublished":"2025-11-14T15:45:26+00:00","dateModified":"2025-11-21T15:47:59+00:00","breadcrumb":{"@id":"https:\/\/colegioarquitectos.com\/noticias\/?p=34810#breadcrumb"},"inLanguage":"es","potentialAction":[{"@type":"ReadAction","target":["https:\/\/colegioarquitectos.com\/noticias\/?p=34810"]}]},{"@type":"ImageObject","inLanguage":"es","@id":"https:\/\/colegioarquitectos.com\/noticias\/?p=34810#primaryimage","url":"https:\/\/colegioarquitectos.com\/noticias\/wp-content\/uploads\/2025\/11\/PREVENTA-2-FINAL.png","contentUrl":"https:\/\/colegioarquitectos.com\/noticias\/wp-content\/uploads\/2025\/11\/PREVENTA-2-FINAL.png","width":1280,"height":720},{"@type":"BreadcrumbList","@id":"https:\/\/colegioarquitectos.com\/noticias\/?p=34810#breadcrumb","itemListElement":[{"@type":"ListItem","position":1,"name":"Portada","item":"https:\/\/colegioarquitectos.com\/noticias"},{"@type":"ListItem","position":2,"name":"Revista CA suma re-lanzamientos en Puerto Varas, Valdivia y Concepci\u00f3n, y abre segunda preventa"}]},{"@type":"WebSite","@id":"https:\/\/colegioarquitectos.com\/noticias\/#website","url":"https:\/\/colegioarquitectos.com\/noticias\/","name":"COLEGIO DE ARQUITECTOS DE CHILE","description":"","publisher":{"@id":"https:\/\/colegioarquitectos.com\/noticias\/#organization"},"potentialAction":[{"@type":"SearchAction","target":{"@type":"EntryPoint","urlTemplate":"https:\/\/colegioarquitectos.com\/noticias\/?s={search_term_string}"},"query-input":{"@type":"PropertyValueSpecification","valueRequired":true,"valueName":"search_term_string"}}],"inLanguage":"es"},{"@type":"Organization","@id":"https:\/\/colegioarquitectos.com\/noticias\/#organization","name":"COLEGIO DE ARQUITECTOS DE CHILE","url":"https:\/\/colegioarquitectos.com\/noticias\/","logo":{"@type":"ImageObject","inLanguage":"es","@id":"https:\/\/colegioarquitectos.com\/noticias\/#\/schema\/logo\/image\/","url":"https:\/\/colegioarquitectos.com\/noticias\/wp-content\/uploads\/2021\/05\/ENCABEZADO-LOGO-CA.jpg","contentUrl":"https:\/\/colegioarquitectos.com\/noticias\/wp-content\/uploads\/2021\/05\/ENCABEZADO-LOGO-CA.jpg","width":690,"height":350,"caption":"COLEGIO DE ARQUITECTOS DE CHILE"},"image":{"@id":"https:\/\/colegioarquitectos.com\/noticias\/#\/schema\/logo\/image\/"},"sameAs":["https:\/\/facebook.com\/Colegioarq\/","https:\/\/x.com\/colegioarq","https:\/\/instagram.com\/colegioarq","https:\/\/youtube.com\/@ColegiodeArquitectosdeChile"]},{"@type":"Person","@id":"https:\/\/colegioarquitectos.com\/noticias\/#\/schema\/person\/b6c7e912cd1283c089114093ed09741f","name":"Gabriel Salgado S.","url":"https:\/\/colegioarquitectos.com\/noticias\/?author=1"}]}},"_links":{"self":[{"href":"https:\/\/colegioarquitectos.com\/noticias\/index.php?rest_route=\/wp\/v2\/posts\/34810","targetHints":{"allow":["GET"]}}],"collection":[{"href":"https:\/\/colegioarquitectos.com\/noticias\/index.php?rest_route=\/wp\/v2\/posts"}],"about":[{"href":"https:\/\/colegioarquitectos.com\/noticias\/index.php?rest_route=\/wp\/v2\/types\/post"}],"author":[{"embeddable":true,"href":"https:\/\/colegioarquitectos.com\/noticias\/index.php?rest_route=\/wp\/v2\/users\/1"}],"replies":[{"embeddable":true,"href":"https:\/\/colegioarquitectos.com\/noticias\/index.php?rest_route=%2Fwp%2Fv2%2Fcomments&post=34810"}],"version-history":[{"count":3,"href":"https:\/\/colegioarquitectos.com\/noticias\/index.php?rest_route=\/wp\/v2\/posts\/34810\/revisions"}],"predecessor-version":[{"id":34824,"href":"https:\/\/colegioarquitectos.com\/noticias\/index.php?rest_route=\/wp\/v2\/posts\/34810\/revisions\/34824"}],"wp:featuredmedia":[{"embeddable":true,"href":"https:\/\/colegioarquitectos.com\/noticias\/index.php?rest_route=\/wp\/v2\/media\/34795"}],"wp:attachment":[{"href":"https:\/\/colegioarquitectos.com\/noticias\/index.php?rest_route=%2Fwp%2Fv2%2Fmedia&parent=34810"}],"wp:term":[{"taxonomy":"category","embeddable":true,"href":"https:\/\/colegioarquitectos.com\/noticias\/index.php?rest_route=%2Fwp%2Fv2%2Fcategories&post=34810"},{"taxonomy":"post_tag","embeddable":true,"href":"https:\/\/colegioarquitectos.com\/noticias\/index.php?rest_route=%2Fwp%2Fv2%2Ftags&post=34810"}],"curies":[{"name":"wp","href":"https:\/\/api.w.org\/{rel}","templated":true}]}}