
{"id":34887,"date":"2025-12-12T10:34:35","date_gmt":"2025-12-12T14:34:35","guid":{"rendered":"https:\/\/colegioarquitectos.com\/noticias\/?p=34887"},"modified":"2025-12-12T10:34:35","modified_gmt":"2025-12-12T14:34:35","slug":"la-arquitectura-si-importa-una-columna-de-opinion-de-rodolfo-jimenez-en-radio-bio-bio","status":"publish","type":"post","link":"https:\/\/colegioarquitectos.com\/noticias\/?p=34887","title":{"rendered":"\u00abLa arquitectura s\u00ed importa\u00bb, una columna de opini\u00f3n de Rodolfo Jim\u00e9nez en Radio B\u00edo-B\u00edo"},"content":{"rendered":"<p>&nbsp;<\/p>\n<p style=\"text-align: right;\"><em>**Esta columna de opini\u00f3n fue publicada en<span style=\"color: #000000;\"><a style=\"color: #000000;\" href=\"https:\/\/www.biobiochile.cl\/noticias\/opinion\/columnas-bbcl\/2025\/12\/12\/la-arquitectura-si-importa.shtml\"> <strong>biobiochile.cl<\/strong><\/a><\/span> el 12 de diciembre de 2025<\/em><\/p>\n<p>&nbsp;<\/p>\n<p>&nbsp;<\/p>\n<p>En Estados Unidos se est\u00e1 gestando un cambio silencioso pero profundo: el Departamento de Educaci\u00f3n dejar\u00e1 de considerar la arquitectura como un \u00abprofessional degree\u00bb para efectos del financiamiento estudiantil. Aunque las autoridades insisten en que este ajuste es meramente administrativo, las implicancias reales sobre qui\u00e9n podr\u00e1 estudiar arquitectura y qu\u00e9 tipo de profesi\u00f3n tendremos en el futuro son ineludibles.<\/p>\n<p>La arquitectura no pierde su condici\u00f3n profesional ante los organismos que regulan el ejercicio \u2014NAAB, NCARB y los estados mantienen intactas sus exigencias de acreditaci\u00f3n y licencia\u2014, pero el Estado federal est\u00e1 enviando un mensaje contradictorio: mientras reclama m\u00e1s infraestructura, vivienda y planificaci\u00f3n urbana, reduce dr\u00e1sticamente el acceso a la formaci\u00f3n de quienes deben liderar esos procesos. El l\u00edmite de pr\u00e9stamos federales para estudiantes de posgrado en arquitectura caer\u00e1 a menos de la mitad del que reciben otras profesiones reconocidas como tales. Esa decisi\u00f3n expulsa del sistema a quienes dependen del cr\u00e9dito p\u00fablico para financiar estudios cada vez m\u00e1s costosos.<\/p>\n<p>El efecto no ser\u00e1 neutro. Los programas de arquitectura, especialmente en universidades p\u00fablicas y regionales, ver\u00e1n disminuir su matr\u00edcula y, con ello, su capacidad de sostener proyectos acad\u00e9micos que tradicionalmente han cumplido un rol de movilidad social y territorial. Al mismo tiempo, los estudiantes se ver\u00e1n empujados hacia pr\u00e9stamos privados m\u00e1s onerosos o, simplemente, hacia la renuncia a su vocaci\u00f3n. La profesi\u00f3n corre el riesgo de volverse m\u00e1s elitista, menos diversa y m\u00e1s alejada de las realidades que pretende transformar.<\/p>\n<p>El impacto urbano tambi\u00e9n es evidente. Una arquitectura menos accesible produce ciudades menos justas: si quienes dise\u00f1an nuestros espacios p\u00fablicos provienen de un segmento cada vez m\u00e1s reducido, disminuye la capacidad de la disciplina para comprender la complejidad social, territorial y ambiental de las comunidades a las que debe servir. Esto resulta especialmente grave en un contexto de crisis clim\u00e1tica y d\u00e9ficit habitacional, donde la arquitectura tiene un papel decisivo en la salud, seguridad y bienestar de la poblaci\u00f3n.<\/p>\n<p>Lo que est\u00e1 en juego no es una etiqueta burocr\u00e1tica, sino la definici\u00f3n misma de qu\u00e9 profesiones considera valiosas el Estado y a qui\u00e9n se le permite acceder a ellas. Cuando las pol\u00edticas de financiamiento dejan de alinearse con las necesidades p\u00fablicas, la consecuencia es una sociedad peor preparada para afrontar sus desaf\u00edos. La arquitectura, como campo estrat\u00e9gico para la sustentabilidad, la cohesi\u00f3n social y la equidad urbana, merece algo distinto.<\/p>\n<p>El debate estadounidense deber\u00eda servirnos de advertencia. La formaci\u00f3n profesional no puede depender \u00fanicamente de criterios fiscales; requiere una visi\u00f3n de futuro que reconozca su aporte al bien com\u00fan. Si no defendemos ese principio, corremos el riesgo de construir ciudades \u2014y profesiones\u2014 que excluyan precisamente a quienes m\u00e1s necesitan ser incluidos.<\/p>\n<p>&nbsp;<\/p>\n<p>&nbsp;<\/p>\n<p>&nbsp;<\/p>\n<p>&nbsp;<\/p>\n<p><strong>Rodolfo Jim\u00e9nez Cavieres<\/strong><\/p>\n<p>Presidente nacional del Colegio de Arquitectos de Chile<\/p>\n<p>Acad\u00e9mico arquitectura USACH<\/p>\n<p>&nbsp;<\/p>\n<p><\/p>","protected":false},"excerpt":{"rendered":"<p>&nbsp; **Esta columna de opini\u00f3n fue publicada en biobiochile.cl el 12 de diciembre de 2025 &nbsp; &nbsp; En Estados Unidos se est\u00e1 gestando un cambio silencioso pero profundo: el Departamento de Educaci\u00f3n dejar\u00e1 de considerar la arquitectura como un \u00abprofessional &hellip; <a class=\"more-link\" href=\"https:\/\/colegioarquitectos.com\/noticias\/?p=34887\">ver m\u00e1s<\/a><\/p>","protected":false},"author":4,"featured_media":34890,"comment_status":"closed","ping_status":"closed","sticky":false,"template":"","format":"standard","meta":{"footnotes":""},"categories":[8,81],"tags":[91,1311,1312,1561,1558,1559,1127,1128,1560],"class_list":["post-34887","post","type-post","status-publish","format-standard","has-post-thumbnail","hentry","category-colegio-de-arquitectos","category-sala-de-prensa","tag-arquitectura","tag-columna","tag-columna-de-opinion","tag-donald-trump","tag-estados-unidos","tag-grado-profesional","tag-rodolfo-jimenez","tag-rodolfo-jimenez-cavieres","tag-trump"],"yoast_head":"<!-- This site is optimized with the Yoast SEO plugin v24.2 - https:\/\/yoast.com\/wordpress\/plugins\/seo\/ -->\n<title>\u00abLa arquitectura s\u00ed importa\u00bb, una columna de opini\u00f3n de Rodolfo Jim\u00e9nez en Radio B\u00edo-B\u00edo - COLEGIO DE ARQUITECTOS DE CHILE<\/title>\n<meta name=\"robots\" content=\"index, follow, max-snippet:-1, max-image-preview:large, max-video-preview:-1\" \/>\n<link rel=\"canonical\" href=\"https:\/\/colegioarquitectos.com\/noticias\/?p=34887\" \/>\n<meta property=\"og:locale\" content=\"es_ES\" \/>\n<meta property=\"og:type\" content=\"article\" \/>\n<meta property=\"og:title\" content=\"\u00abLa arquitectura s\u00ed importa\u00bb, una columna de opini\u00f3n de Rodolfo Jim\u00e9nez en Radio B\u00edo-B\u00edo - COLEGIO DE ARQUITECTOS DE CHILE\" \/>\n<meta property=\"og:description\" content=\"&nbsp; **Esta columna de opini\u00f3n fue publicada en biobiochile.cl el 12 de diciembre de 2025 &nbsp; &nbsp; En Estados Unidos se est\u00e1 gestando un cambio silencioso pero profundo: el Departamento de Educaci\u00f3n dejar\u00e1 de considerar la arquitectura como un \u00abprofessional &hellip; ver m\u00e1s\" \/>\n<meta property=\"og:url\" content=\"https:\/\/colegioarquitectos.com\/noticias\/?p=34887\" \/>\n<meta property=\"og:site_name\" content=\"COLEGIO DE ARQUITECTOS DE CHILE\" \/>\n<meta property=\"article:publisher\" content=\"https:\/\/facebook.com\/Colegioarq\/\" \/>\n<meta property=\"article:published_time\" content=\"2025-12-12T14:34:35+00:00\" \/>\n<meta property=\"og:image\" content=\"https:\/\/colegioarquitectos.com\/noticias\/wp-content\/uploads\/2025\/12\/ENCAB-WEB.png\" \/>\n\t<meta property=\"og:image:width\" content=\"1280\" \/>\n\t<meta property=\"og:image:height\" content=\"720\" \/>\n\t<meta property=\"og:image:type\" content=\"image\/png\" \/>\n<meta name=\"author\" content=\"Colegio de Arquitectos de Chile\" \/>\n<meta name=\"twitter:card\" content=\"summary_large_image\" \/>\n<meta name=\"twitter:creator\" content=\"@colegioarq\" \/>\n<meta name=\"twitter:site\" content=\"@colegioarq\" \/>\n<meta name=\"twitter:label1\" content=\"Escrito por\" \/>\n\t<meta name=\"twitter:data1\" content=\"Colegio de Arquitectos de Chile\" \/>\n\t<meta name=\"twitter:label2\" content=\"Tiempo de lectura\" \/>\n\t<meta name=\"twitter:data2\" content=\"3 minutos\" \/>\n<script type=\"application\/ld+json\" class=\"yoast-schema-graph\">{\"@context\":\"https:\/\/schema.org\",\"@graph\":[{\"@type\":\"Article\",\"@id\":\"https:\/\/colegioarquitectos.com\/noticias\/?p=34887#article\",\"isPartOf\":{\"@id\":\"https:\/\/colegioarquitectos.com\/noticias\/?p=34887\"},\"author\":{\"name\":\"Colegio de Arquitectos de Chile\",\"@id\":\"https:\/\/colegioarquitectos.com\/noticias\/#\/schema\/person\/685cc0aad148303c5608f049af8285ad\"},\"headline\":\"\u00abLa arquitectura s\u00ed importa\u00bb, una columna de opini\u00f3n de Rodolfo Jim\u00e9nez en Radio B\u00edo-B\u00edo\",\"datePublished\":\"2025-12-12T14:34:35+00:00\",\"dateModified\":\"2025-12-12T14:34:35+00:00\",\"mainEntityOfPage\":{\"@id\":\"https:\/\/colegioarquitectos.com\/noticias\/?p=34887\"},\"wordCount\":542,\"publisher\":{\"@id\":\"https:\/\/colegioarquitectos.com\/noticias\/#organization\"},\"image\":{\"@id\":\"https:\/\/colegioarquitectos.com\/noticias\/?p=34887#primaryimage\"},\"thumbnailUrl\":\"https:\/\/colegioarquitectos.com\/noticias\/wp-content\/uploads\/2025\/12\/ENCAB-WEB.png\",\"keywords\":[\"arquitectura\",\"columna\",\"columna de opini\u00f3n\",\"donald trump\",\"estados unidos\",\"grado profesional\",\"Rodolfo Jim\u00e9nez\",\"Rodolfo Jim\u00e9nez Cavieres\",\"trump\"],\"articleSection\":[\"Colegio\",\"Sala de Prensa\"],\"inLanguage\":\"es\"},{\"@type\":\"WebPage\",\"@id\":\"https:\/\/colegioarquitectos.com\/noticias\/?p=34887\",\"url\":\"https:\/\/colegioarquitectos.com\/noticias\/?p=34887\",\"name\":\"\u00abLa arquitectura s\u00ed importa\u00bb, una columna de opini\u00f3n de Rodolfo Jim\u00e9nez en Radio B\u00edo-B\u00edo - COLEGIO DE ARQUITECTOS DE CHILE\",\"isPartOf\":{\"@id\":\"https:\/\/colegioarquitectos.com\/noticias\/#website\"},\"primaryImageOfPage\":{\"@id\":\"https:\/\/colegioarquitectos.com\/noticias\/?p=34887#primaryimage\"},\"image\":{\"@id\":\"https:\/\/colegioarquitectos.com\/noticias\/?p=34887#primaryimage\"},\"thumbnailUrl\":\"https:\/\/colegioarquitectos.com\/noticias\/wp-content\/uploads\/2025\/12\/ENCAB-WEB.png\",\"datePublished\":\"2025-12-12T14:34:35+00:00\",\"dateModified\":\"2025-12-12T14:34:35+00:00\",\"breadcrumb\":{\"@id\":\"https:\/\/colegioarquitectos.com\/noticias\/?p=34887#breadcrumb\"},\"inLanguage\":\"es\",\"potentialAction\":[{\"@type\":\"ReadAction\",\"target\":[\"https:\/\/colegioarquitectos.com\/noticias\/?p=34887\"]}]},{\"@type\":\"ImageObject\",\"inLanguage\":\"es\",\"@id\":\"https:\/\/colegioarquitectos.com\/noticias\/?p=34887#primaryimage\",\"url\":\"https:\/\/colegioarquitectos.com\/noticias\/wp-content\/uploads\/2025\/12\/ENCAB-WEB.png\",\"contentUrl\":\"https:\/\/colegioarquitectos.com\/noticias\/wp-content\/uploads\/2025\/12\/ENCAB-WEB.png\",\"width\":1280,\"height\":720},{\"@type\":\"BreadcrumbList\",\"@id\":\"https:\/\/colegioarquitectos.com\/noticias\/?p=34887#breadcrumb\",\"itemListElement\":[{\"@type\":\"ListItem\",\"position\":1,\"name\":\"Portada\",\"item\":\"https:\/\/colegioarquitectos.com\/noticias\"},{\"@type\":\"ListItem\",\"position\":2,\"name\":\"\u00abLa arquitectura s\u00ed importa\u00bb, una columna de opini\u00f3n de Rodolfo Jim\u00e9nez en Radio B\u00edo-B\u00edo\"}]},{\"@type\":\"WebSite\",\"@id\":\"https:\/\/colegioarquitectos.com\/noticias\/#website\",\"url\":\"https:\/\/colegioarquitectos.com\/noticias\/\",\"name\":\"COLEGIO DE ARQUITECTOS DE CHILE\",\"description\":\"\",\"publisher\":{\"@id\":\"https:\/\/colegioarquitectos.com\/noticias\/#organization\"},\"potentialAction\":[{\"@type\":\"SearchAction\",\"target\":{\"@type\":\"EntryPoint\",\"urlTemplate\":\"https:\/\/colegioarquitectos.com\/noticias\/?s={search_term_string}\"},\"query-input\":{\"@type\":\"PropertyValueSpecification\",\"valueRequired\":true,\"valueName\":\"search_term_string\"}}],\"inLanguage\":\"es\"},{\"@type\":\"Organization\",\"@id\":\"https:\/\/colegioarquitectos.com\/noticias\/#organization\",\"name\":\"COLEGIO DE ARQUITECTOS DE CHILE\",\"url\":\"https:\/\/colegioarquitectos.com\/noticias\/\",\"logo\":{\"@type\":\"ImageObject\",\"inLanguage\":\"es\",\"@id\":\"https:\/\/colegioarquitectos.com\/noticias\/#\/schema\/logo\/image\/\",\"url\":\"https:\/\/colegioarquitectos.com\/noticias\/wp-content\/uploads\/2021\/05\/ENCABEZADO-LOGO-CA.jpg\",\"contentUrl\":\"https:\/\/colegioarquitectos.com\/noticias\/wp-content\/uploads\/2021\/05\/ENCABEZADO-LOGO-CA.jpg\",\"width\":690,\"height\":350,\"caption\":\"COLEGIO DE ARQUITECTOS DE CHILE\"},\"image\":{\"@id\":\"https:\/\/colegioarquitectos.com\/noticias\/#\/schema\/logo\/image\/\"},\"sameAs\":[\"https:\/\/facebook.com\/Colegioarq\/\",\"https:\/\/x.com\/colegioarq\",\"https:\/\/instagram.com\/colegioarq\",\"https:\/\/youtube.com\/@ColegiodeArquitectosdeChile\"]},{\"@type\":\"Person\",\"@id\":\"https:\/\/colegioarquitectos.com\/noticias\/#\/schema\/person\/685cc0aad148303c5608f049af8285ad\",\"name\":\"Colegio de Arquitectos de Chile\",\"url\":\"https:\/\/colegioarquitectos.com\/noticias\/?author=4\"}]}<\/script>\n<!-- \/ Yoast SEO plugin. -->","yoast_head_json":{"title":"\u00abLa arquitectura s\u00ed importa\u00bb, una columna de opini\u00f3n de Rodolfo Jim\u00e9nez en Radio B\u00edo-B\u00edo - COLEGIO DE ARQUITECTOS DE CHILE","robots":{"index":"index","follow":"follow","max-snippet":"max-snippet:-1","max-image-preview":"max-image-preview:large","max-video-preview":"max-video-preview:-1"},"canonical":"https:\/\/colegioarquitectos.com\/noticias\/?p=34887","og_locale":"es_ES","og_type":"article","og_title":"\u00abLa arquitectura s\u00ed importa\u00bb, una columna de opini\u00f3n de Rodolfo Jim\u00e9nez en Radio B\u00edo-B\u00edo - COLEGIO DE ARQUITECTOS DE CHILE","og_description":"&nbsp; **Esta columna de opini\u00f3n fue publicada en biobiochile.cl el 12 de diciembre de 2025 &nbsp; &nbsp; En Estados Unidos se est\u00e1 gestando un cambio silencioso pero profundo: el Departamento de Educaci\u00f3n dejar\u00e1 de considerar la arquitectura como un \u00abprofessional &hellip; ver m\u00e1s","og_url":"https:\/\/colegioarquitectos.com\/noticias\/?p=34887","og_site_name":"COLEGIO DE ARQUITECTOS DE CHILE","article_publisher":"https:\/\/facebook.com\/Colegioarq\/","article_published_time":"2025-12-12T14:34:35+00:00","og_image":[{"width":1280,"height":720,"url":"https:\/\/colegioarquitectos.com\/noticias\/wp-content\/uploads\/2025\/12\/ENCAB-WEB.png","type":"image\/png"}],"author":"Colegio de Arquitectos de Chile","twitter_card":"summary_large_image","twitter_creator":"@colegioarq","twitter_site":"@colegioarq","twitter_misc":{"Escrito por":"Colegio de Arquitectos de Chile","Tiempo de lectura":"3 minutos"},"schema":{"@context":"https:\/\/schema.org","@graph":[{"@type":"Article","@id":"https:\/\/colegioarquitectos.com\/noticias\/?p=34887#article","isPartOf":{"@id":"https:\/\/colegioarquitectos.com\/noticias\/?p=34887"},"author":{"name":"Colegio de Arquitectos de Chile","@id":"https:\/\/colegioarquitectos.com\/noticias\/#\/schema\/person\/685cc0aad148303c5608f049af8285ad"},"headline":"\u00abLa arquitectura s\u00ed importa\u00bb, una columna de opini\u00f3n de Rodolfo Jim\u00e9nez en Radio B\u00edo-B\u00edo","datePublished":"2025-12-12T14:34:35+00:00","dateModified":"2025-12-12T14:34:35+00:00","mainEntityOfPage":{"@id":"https:\/\/colegioarquitectos.com\/noticias\/?p=34887"},"wordCount":542,"publisher":{"@id":"https:\/\/colegioarquitectos.com\/noticias\/#organization"},"image":{"@id":"https:\/\/colegioarquitectos.com\/noticias\/?p=34887#primaryimage"},"thumbnailUrl":"https:\/\/colegioarquitectos.com\/noticias\/wp-content\/uploads\/2025\/12\/ENCAB-WEB.png","keywords":["arquitectura","columna","columna de opini\u00f3n","donald trump","estados unidos","grado profesional","Rodolfo Jim\u00e9nez","Rodolfo Jim\u00e9nez Cavieres","trump"],"articleSection":["Colegio","Sala de Prensa"],"inLanguage":"es"},{"@type":"WebPage","@id":"https:\/\/colegioarquitectos.com\/noticias\/?p=34887","url":"https:\/\/colegioarquitectos.com\/noticias\/?p=34887","name":"\u00abLa arquitectura s\u00ed importa\u00bb, una columna de opini\u00f3n de Rodolfo Jim\u00e9nez en Radio B\u00edo-B\u00edo - COLEGIO DE ARQUITECTOS DE CHILE","isPartOf":{"@id":"https:\/\/colegioarquitectos.com\/noticias\/#website"},"primaryImageOfPage":{"@id":"https:\/\/colegioarquitectos.com\/noticias\/?p=34887#primaryimage"},"image":{"@id":"https:\/\/colegioarquitectos.com\/noticias\/?p=34887#primaryimage"},"thumbnailUrl":"https:\/\/colegioarquitectos.com\/noticias\/wp-content\/uploads\/2025\/12\/ENCAB-WEB.png","datePublished":"2025-12-12T14:34:35+00:00","dateModified":"2025-12-12T14:34:35+00:00","breadcrumb":{"@id":"https:\/\/colegioarquitectos.com\/noticias\/?p=34887#breadcrumb"},"inLanguage":"es","potentialAction":[{"@type":"ReadAction","target":["https:\/\/colegioarquitectos.com\/noticias\/?p=34887"]}]},{"@type":"ImageObject","inLanguage":"es","@id":"https:\/\/colegioarquitectos.com\/noticias\/?p=34887#primaryimage","url":"https:\/\/colegioarquitectos.com\/noticias\/wp-content\/uploads\/2025\/12\/ENCAB-WEB.png","contentUrl":"https:\/\/colegioarquitectos.com\/noticias\/wp-content\/uploads\/2025\/12\/ENCAB-WEB.png","width":1280,"height":720},{"@type":"BreadcrumbList","@id":"https:\/\/colegioarquitectos.com\/noticias\/?p=34887#breadcrumb","itemListElement":[{"@type":"ListItem","position":1,"name":"Portada","item":"https:\/\/colegioarquitectos.com\/noticias"},{"@type":"ListItem","position":2,"name":"\u00abLa arquitectura s\u00ed importa\u00bb, una columna de opini\u00f3n de Rodolfo Jim\u00e9nez en Radio B\u00edo-B\u00edo"}]},{"@type":"WebSite","@id":"https:\/\/colegioarquitectos.com\/noticias\/#website","url":"https:\/\/colegioarquitectos.com\/noticias\/","name":"COLEGIO DE ARQUITECTOS DE CHILE","description":"","publisher":{"@id":"https:\/\/colegioarquitectos.com\/noticias\/#organization"},"potentialAction":[{"@type":"SearchAction","target":{"@type":"EntryPoint","urlTemplate":"https:\/\/colegioarquitectos.com\/noticias\/?s={search_term_string}"},"query-input":{"@type":"PropertyValueSpecification","valueRequired":true,"valueName":"search_term_string"}}],"inLanguage":"es"},{"@type":"Organization","@id":"https:\/\/colegioarquitectos.com\/noticias\/#organization","name":"COLEGIO DE ARQUITECTOS DE CHILE","url":"https:\/\/colegioarquitectos.com\/noticias\/","logo":{"@type":"ImageObject","inLanguage":"es","@id":"https:\/\/colegioarquitectos.com\/noticias\/#\/schema\/logo\/image\/","url":"https:\/\/colegioarquitectos.com\/noticias\/wp-content\/uploads\/2021\/05\/ENCABEZADO-LOGO-CA.jpg","contentUrl":"https:\/\/colegioarquitectos.com\/noticias\/wp-content\/uploads\/2021\/05\/ENCABEZADO-LOGO-CA.jpg","width":690,"height":350,"caption":"COLEGIO DE ARQUITECTOS DE CHILE"},"image":{"@id":"https:\/\/colegioarquitectos.com\/noticias\/#\/schema\/logo\/image\/"},"sameAs":["https:\/\/facebook.com\/Colegioarq\/","https:\/\/x.com\/colegioarq","https:\/\/instagram.com\/colegioarq","https:\/\/youtube.com\/@ColegiodeArquitectosdeChile"]},{"@type":"Person","@id":"https:\/\/colegioarquitectos.com\/noticias\/#\/schema\/person\/685cc0aad148303c5608f049af8285ad","name":"Colegio de Arquitectos de Chile","url":"https:\/\/colegioarquitectos.com\/noticias\/?author=4"}]}},"_links":{"self":[{"href":"https:\/\/colegioarquitectos.com\/noticias\/index.php?rest_route=\/wp\/v2\/posts\/34887","targetHints":{"allow":["GET"]}}],"collection":[{"href":"https:\/\/colegioarquitectos.com\/noticias\/index.php?rest_route=\/wp\/v2\/posts"}],"about":[{"href":"https:\/\/colegioarquitectos.com\/noticias\/index.php?rest_route=\/wp\/v2\/types\/post"}],"author":[{"embeddable":true,"href":"https:\/\/colegioarquitectos.com\/noticias\/index.php?rest_route=\/wp\/v2\/users\/4"}],"replies":[{"embeddable":true,"href":"https:\/\/colegioarquitectos.com\/noticias\/index.php?rest_route=%2Fwp%2Fv2%2Fcomments&post=34887"}],"version-history":[{"count":2,"href":"https:\/\/colegioarquitectos.com\/noticias\/index.php?rest_route=\/wp\/v2\/posts\/34887\/revisions"}],"predecessor-version":[{"id":34891,"href":"https:\/\/colegioarquitectos.com\/noticias\/index.php?rest_route=\/wp\/v2\/posts\/34887\/revisions\/34891"}],"wp:featuredmedia":[{"embeddable":true,"href":"https:\/\/colegioarquitectos.com\/noticias\/index.php?rest_route=\/wp\/v2\/media\/34890"}],"wp:attachment":[{"href":"https:\/\/colegioarquitectos.com\/noticias\/index.php?rest_route=%2Fwp%2Fv2%2Fmedia&parent=34887"}],"wp:term":[{"taxonomy":"category","embeddable":true,"href":"https:\/\/colegioarquitectos.com\/noticias\/index.php?rest_route=%2Fwp%2Fv2%2Fcategories&post=34887"},{"taxonomy":"post_tag","embeddable":true,"href":"https:\/\/colegioarquitectos.com\/noticias\/index.php?rest_route=%2Fwp%2Fv2%2Ftags&post=34887"}],"curies":[{"name":"wp","href":"https:\/\/api.w.org\/{rel}","templated":true}]}}