
{"id":35006,"date":"2026-01-17T10:13:44","date_gmt":"2026-01-17T14:13:44","guid":{"rendered":"https:\/\/colegioarquitectos.com\/noticias\/?p=35006"},"modified":"2026-01-21T10:18:58","modified_gmt":"2026-01-21T14:18:58","slug":"presidenta-del-comite-de-habitat-y-vivienda-participo-como-expositora-en-el-congreso-futuro","status":"publish","type":"post","link":"https:\/\/colegioarquitectos.com\/noticias\/?p=35006","title":{"rendered":"Presidenta del Comit\u00e9 de H\u00e1bitat y Vivienda particip\u00f3 como expositora en el Congreso Futuro"},"content":{"rendered":"<p>El pasado <strong>mi\u00e9rcoles<\/strong> <strong>14 de enero<\/strong>, en el<strong> centro cultural CEINA<\/strong>, la arquitecta y presidenta del <strong>Comit\u00e9 de H\u00e1bitat y Vivienda<\/strong> del Colegio de Arquitectos de Chile, <strong>Ana Sugranyes<\/strong>, particip\u00f3 del bloque <strong>\u00abInjusticia sistem\u00e1tica\u00bb<\/strong> del <strong>Congreso Futuro<\/strong>, orientado a comprender<strong> c\u00f3mo las desigualdades estructurales se producen y perpet\u00faan en distintos \u00e1mbitos de la vida social.<\/strong><\/p>\n<p>La exposici\u00f3n abord\u00f3 los procesos contempor\u00e1neos de producci\u00f3n de ciudad y sus impactos en la convivencia, el territorio y la vida cotidiana. A partir de su an\u00e1lisis,<strong> plante\u00f3 la necesidad de repensar c\u00f3mo se construyen hoy las ciudades y de fortalecer la participaci\u00f3n ciudadana como un elemento clave para avanzar hacia entornos urbanos m\u00e1s justos, seguros y cohesionados.<\/strong><\/p>\n<p>Tambi\u00e9n detall\u00f3 los siete atributos del derecho humano a una vivienda adecuada: <strong>seguridad de tenencia, servicios b\u00e1sicos, asequibilidad, accesibilidad, ubicaci\u00f3n y adecuaci\u00f3n cultural.<\/strong><\/p>\n<p>La presidenta del Comit\u00e9 de H\u00e1bitat y Vivienda ilustr\u00f3 su exposici\u00f3n con casos concretos, como el macrocampamento Los Arenales en Antofagasta y los conflictos urbanos en San Antonio y Cartagena, <strong>mostrando c\u00f3mo comunidades locales, incluso en escenarios adversos, han logrado organizarse, generar propuestas y disputar modelos de ciudad menos fragmentados.<\/strong><\/p>\n<p>&nbsp;<\/p>\n<div id=\"attachment_35008\" style=\"width: 1610px\" class=\"wp-caption aligncenter\"><img loading=\"lazy\" decoding=\"async\" aria-describedby=\"caption-attachment-35008\" class=\"size-full wp-image-35008\" src=\"https:\/\/colegioarquitectos.com\/noticias\/wp-content\/uploads\/2026\/01\/WhatsApp-Image-2026-01-14-at-4.37.17-PM.jpeg\" alt=\"\" width=\"1600\" height=\"900\" srcset=\"https:\/\/colegioarquitectos.com\/noticias\/wp-content\/uploads\/2026\/01\/WhatsApp-Image-2026-01-14-at-4.37.17-PM.jpeg 1600w, https:\/\/colegioarquitectos.com\/noticias\/wp-content\/uploads\/2026\/01\/WhatsApp-Image-2026-01-14-at-4.37.17-PM-300x169.jpeg 300w, https:\/\/colegioarquitectos.com\/noticias\/wp-content\/uploads\/2026\/01\/WhatsApp-Image-2026-01-14-at-4.37.17-PM-1024x576.jpeg 1024w, https:\/\/colegioarquitectos.com\/noticias\/wp-content\/uploads\/2026\/01\/WhatsApp-Image-2026-01-14-at-4.37.17-PM-768x432.jpeg 768w, https:\/\/colegioarquitectos.com\/noticias\/wp-content\/uploads\/2026\/01\/WhatsApp-Image-2026-01-14-at-4.37.17-PM-1536x864.jpeg 1536w\" sizes=\"auto, (max-width: 1600px) 100vw, 1600px\" \/><p id=\"caption-attachment-35008\" class=\"wp-caption-text\">Ana Sugranyes y el Comit\u00e9 de H\u00e1bitat y Vivienda del Colegio de Arquitectos de Chile, presentes en el Congreso Futuro<\/p><\/div>\n<p>En el marco de las actividades regionales del Congreso Futuro, Ana Sugranyes tambi\u00e9n particip\u00f3 en el <strong>XI Congreso Futuro Regi\u00f3n de Los R\u00edos<\/strong>, realizado en <strong>Valdivia<\/strong>, instancia que convoc\u00f3 a una amplia participaci\u00f3n ciudadana y reuni\u00f3 a investigadoras e investigadores, autoridades, acad\u00e9micos, estudiantes y p\u00fablico general.<\/p>\n<p>El <strong>Congreso Futuro<\/strong> es una plataforma de encuentro interdisciplinaria que, desde hace 15 a\u00f1os, re\u00fane a investigadores, acad\u00e9micos, creadores, autoridades y organizaciones de la sociedad civil para reflexionar sobre los grandes desaf\u00edos del presente y del futuro. Con actividades abiertas, gratuitas y descentralizadas a lo largo del pa\u00eds, el evento busca acercar el conocimiento a la ciudadan\u00eda y promover un di\u00e1logo informado sobre ciencia, tecnolog\u00eda, cultura, sociedad y territorio.<\/p>\n<p>&nbsp;<\/p>\n<p><\/p>","protected":false},"excerpt":{"rendered":"<p>El pasado mi\u00e9rcoles 14 de enero, en el centro cultural CEINA, la arquitecta y presidenta del Comit\u00e9 de H\u00e1bitat y Vivienda del Colegio de Arquitectos de Chile, Ana Sugranyes, particip\u00f3 del bloque \u00abInjusticia sistem\u00e1tica\u00bb del Congreso Futuro, orientado a comprender &hellip; <a class=\"more-link\" href=\"https:\/\/colegioarquitectos.com\/noticias\/?p=35006\">ver m\u00e1s<\/a><\/p>","protected":false},"author":4,"featured_media":35007,"comment_status":"closed","ping_status":"closed","sticky":false,"template":"","format":"standard","meta":{"footnotes":""},"categories":[9],"tags":[1570,1193,209,1605,1606,1607,1608,1609,96],"class_list":["post-35006","post","type-post","status-publish","format-standard","has-post-thumbnail","hentry","category-comites","tag-ana-sugranyes","tag-campamentos","tag-comite-de-habitat-y-vivienda","tag-congreso-futuro","tag-congreso-futuro-2026","tag-injusticia-sistematica","tag-los-rios","tag-valdivia","tag-vivienda"],"yoast_head":"<!-- This site is optimized with the Yoast SEO plugin v24.2 - https:\/\/yoast.com\/wordpress\/plugins\/seo\/ -->\n<title>Presidenta del Comit\u00e9 de H\u00e1bitat y Vivienda particip\u00f3 como expositora en el Congreso Futuro - COLEGIO DE ARQUITECTOS DE CHILE<\/title>\n<meta name=\"robots\" content=\"index, follow, max-snippet:-1, max-image-preview:large, max-video-preview:-1\" \/>\n<link rel=\"canonical\" href=\"https:\/\/colegioarquitectos.com\/noticias\/?p=35006\" \/>\n<meta property=\"og:locale\" content=\"es_ES\" \/>\n<meta property=\"og:type\" content=\"article\" \/>\n<meta property=\"og:title\" content=\"Presidenta del Comit\u00e9 de H\u00e1bitat y Vivienda particip\u00f3 como expositora en el Congreso Futuro - COLEGIO DE ARQUITECTOS DE CHILE\" \/>\n<meta property=\"og:description\" content=\"El pasado mi\u00e9rcoles 14 de enero, en el centro cultural CEINA, la arquitecta y presidenta del Comit\u00e9 de H\u00e1bitat y Vivienda del Colegio de Arquitectos de Chile, Ana Sugranyes, particip\u00f3 del bloque \u00abInjusticia sistem\u00e1tica\u00bb del Congreso Futuro, orientado a comprender &hellip; ver m\u00e1s\" \/>\n<meta property=\"og:url\" content=\"https:\/\/colegioarquitectos.com\/noticias\/?p=35006\" \/>\n<meta property=\"og:site_name\" content=\"COLEGIO DE ARQUITECTOS DE CHILE\" \/>\n<meta property=\"article:publisher\" content=\"https:\/\/facebook.com\/Colegioarq\/\" \/>\n<meta property=\"article:published_time\" content=\"2026-01-17T14:13:44+00:00\" \/>\n<meta property=\"article:modified_time\" content=\"2026-01-21T14:18:58+00:00\" \/>\n<meta property=\"og:image\" content=\"https:\/\/colegioarquitectos.com\/noticias\/wp-content\/uploads\/2026\/01\/sugranyes-congreso-futuro.png\" \/>\n\t<meta property=\"og:image:width\" content=\"1280\" \/>\n\t<meta property=\"og:image:height\" content=\"720\" \/>\n\t<meta property=\"og:image:type\" content=\"image\/png\" \/>\n<meta name=\"author\" content=\"Colegio de Arquitectos de Chile\" \/>\n<meta name=\"twitter:card\" content=\"summary_large_image\" \/>\n<meta name=\"twitter:creator\" content=\"@colegioarq\" \/>\n<meta name=\"twitter:site\" content=\"@colegioarq\" \/>\n<meta name=\"twitter:label1\" content=\"Escrito por\" \/>\n\t<meta name=\"twitter:data1\" content=\"Colegio de Arquitectos de Chile\" \/>\n\t<meta name=\"twitter:label2\" content=\"Tiempo de lectura\" \/>\n\t<meta name=\"twitter:data2\" content=\"2 minutos\" \/>\n<script type=\"application\/ld+json\" class=\"yoast-schema-graph\">{\"@context\":\"https:\/\/schema.org\",\"@graph\":[{\"@type\":\"Article\",\"@id\":\"https:\/\/colegioarquitectos.com\/noticias\/?p=35006#article\",\"isPartOf\":{\"@id\":\"https:\/\/colegioarquitectos.com\/noticias\/?p=35006\"},\"author\":{\"name\":\"Colegio de Arquitectos de Chile\",\"@id\":\"https:\/\/colegioarquitectos.com\/noticias\/#\/schema\/person\/685cc0aad148303c5608f049af8285ad\"},\"headline\":\"Presidenta del Comit\u00e9 de H\u00e1bitat y Vivienda particip\u00f3 como expositora en el Congreso Futuro\",\"datePublished\":\"2026-01-17T14:13:44+00:00\",\"dateModified\":\"2026-01-21T14:18:58+00:00\",\"mainEntityOfPage\":{\"@id\":\"https:\/\/colegioarquitectos.com\/noticias\/?p=35006\"},\"wordCount\":377,\"publisher\":{\"@id\":\"https:\/\/colegioarquitectos.com\/noticias\/#organization\"},\"image\":{\"@id\":\"https:\/\/colegioarquitectos.com\/noticias\/?p=35006#primaryimage\"},\"thumbnailUrl\":\"https:\/\/colegioarquitectos.com\/noticias\/wp-content\/uploads\/2026\/01\/sugranyes-congreso-futuro.png\",\"keywords\":[\"ana sugranyes\",\"campamentos\",\"Comit\u00e9 de H\u00e1bitat y Vivienda\",\"congreso futuro\",\"congreso futuro 2026\",\"injusticia sistem\u00e1tica\",\"los r\u00edos\",\"Valdivia\",\"Vivienda\"],\"articleSection\":[\"Comit\u00e9s\"],\"inLanguage\":\"es\"},{\"@type\":\"WebPage\",\"@id\":\"https:\/\/colegioarquitectos.com\/noticias\/?p=35006\",\"url\":\"https:\/\/colegioarquitectos.com\/noticias\/?p=35006\",\"name\":\"Presidenta del Comit\u00e9 de H\u00e1bitat y Vivienda particip\u00f3 como expositora en el Congreso Futuro - COLEGIO DE ARQUITECTOS DE CHILE\",\"isPartOf\":{\"@id\":\"https:\/\/colegioarquitectos.com\/noticias\/#website\"},\"primaryImageOfPage\":{\"@id\":\"https:\/\/colegioarquitectos.com\/noticias\/?p=35006#primaryimage\"},\"image\":{\"@id\":\"https:\/\/colegioarquitectos.com\/noticias\/?p=35006#primaryimage\"},\"thumbnailUrl\":\"https:\/\/colegioarquitectos.com\/noticias\/wp-content\/uploads\/2026\/01\/sugranyes-congreso-futuro.png\",\"datePublished\":\"2026-01-17T14:13:44+00:00\",\"dateModified\":\"2026-01-21T14:18:58+00:00\",\"breadcrumb\":{\"@id\":\"https:\/\/colegioarquitectos.com\/noticias\/?p=35006#breadcrumb\"},\"inLanguage\":\"es\",\"potentialAction\":[{\"@type\":\"ReadAction\",\"target\":[\"https:\/\/colegioarquitectos.com\/noticias\/?p=35006\"]}]},{\"@type\":\"ImageObject\",\"inLanguage\":\"es\",\"@id\":\"https:\/\/colegioarquitectos.com\/noticias\/?p=35006#primaryimage\",\"url\":\"https:\/\/colegioarquitectos.com\/noticias\/wp-content\/uploads\/2026\/01\/sugranyes-congreso-futuro.png\",\"contentUrl\":\"https:\/\/colegioarquitectos.com\/noticias\/wp-content\/uploads\/2026\/01\/sugranyes-congreso-futuro.png\",\"width\":1280,\"height\":720},{\"@type\":\"BreadcrumbList\",\"@id\":\"https:\/\/colegioarquitectos.com\/noticias\/?p=35006#breadcrumb\",\"itemListElement\":[{\"@type\":\"ListItem\",\"position\":1,\"name\":\"Portada\",\"item\":\"https:\/\/colegioarquitectos.com\/noticias\"},{\"@type\":\"ListItem\",\"position\":2,\"name\":\"Presidenta del Comit\u00e9 de H\u00e1bitat y Vivienda particip\u00f3 como expositora en el Congreso Futuro\"}]},{\"@type\":\"WebSite\",\"@id\":\"https:\/\/colegioarquitectos.com\/noticias\/#website\",\"url\":\"https:\/\/colegioarquitectos.com\/noticias\/\",\"name\":\"COLEGIO DE ARQUITECTOS DE CHILE\",\"description\":\"\",\"publisher\":{\"@id\":\"https:\/\/colegioarquitectos.com\/noticias\/#organization\"},\"potentialAction\":[{\"@type\":\"SearchAction\",\"target\":{\"@type\":\"EntryPoint\",\"urlTemplate\":\"https:\/\/colegioarquitectos.com\/noticias\/?s={search_term_string}\"},\"query-input\":{\"@type\":\"PropertyValueSpecification\",\"valueRequired\":true,\"valueName\":\"search_term_string\"}}],\"inLanguage\":\"es\"},{\"@type\":\"Organization\",\"@id\":\"https:\/\/colegioarquitectos.com\/noticias\/#organization\",\"name\":\"COLEGIO DE ARQUITECTOS DE CHILE\",\"url\":\"https:\/\/colegioarquitectos.com\/noticias\/\",\"logo\":{\"@type\":\"ImageObject\",\"inLanguage\":\"es\",\"@id\":\"https:\/\/colegioarquitectos.com\/noticias\/#\/schema\/logo\/image\/\",\"url\":\"https:\/\/colegioarquitectos.com\/noticias\/wp-content\/uploads\/2021\/05\/ENCABEZADO-LOGO-CA.jpg\",\"contentUrl\":\"https:\/\/colegioarquitectos.com\/noticias\/wp-content\/uploads\/2021\/05\/ENCABEZADO-LOGO-CA.jpg\",\"width\":690,\"height\":350,\"caption\":\"COLEGIO DE ARQUITECTOS DE CHILE\"},\"image\":{\"@id\":\"https:\/\/colegioarquitectos.com\/noticias\/#\/schema\/logo\/image\/\"},\"sameAs\":[\"https:\/\/facebook.com\/Colegioarq\/\",\"https:\/\/x.com\/colegioarq\",\"https:\/\/instagram.com\/colegioarq\",\"https:\/\/youtube.com\/@ColegiodeArquitectosdeChile\"]},{\"@type\":\"Person\",\"@id\":\"https:\/\/colegioarquitectos.com\/noticias\/#\/schema\/person\/685cc0aad148303c5608f049af8285ad\",\"name\":\"Colegio de Arquitectos de Chile\",\"url\":\"https:\/\/colegioarquitectos.com\/noticias\/?author=4\"}]}<\/script>\n<!-- \/ Yoast SEO plugin. -->","yoast_head_json":{"title":"Presidenta del Comit\u00e9 de H\u00e1bitat y Vivienda particip\u00f3 como expositora en el Congreso Futuro - COLEGIO DE ARQUITECTOS DE CHILE","robots":{"index":"index","follow":"follow","max-snippet":"max-snippet:-1","max-image-preview":"max-image-preview:large","max-video-preview":"max-video-preview:-1"},"canonical":"https:\/\/colegioarquitectos.com\/noticias\/?p=35006","og_locale":"es_ES","og_type":"article","og_title":"Presidenta del Comit\u00e9 de H\u00e1bitat y Vivienda particip\u00f3 como expositora en el Congreso Futuro - COLEGIO DE ARQUITECTOS DE CHILE","og_description":"El pasado mi\u00e9rcoles 14 de enero, en el centro cultural CEINA, la arquitecta y presidenta del Comit\u00e9 de H\u00e1bitat y Vivienda del Colegio de Arquitectos de Chile, Ana Sugranyes, particip\u00f3 del bloque \u00abInjusticia sistem\u00e1tica\u00bb del Congreso Futuro, orientado a comprender &hellip; ver m\u00e1s","og_url":"https:\/\/colegioarquitectos.com\/noticias\/?p=35006","og_site_name":"COLEGIO DE ARQUITECTOS DE CHILE","article_publisher":"https:\/\/facebook.com\/Colegioarq\/","article_published_time":"2026-01-17T14:13:44+00:00","article_modified_time":"2026-01-21T14:18:58+00:00","og_image":[{"width":1280,"height":720,"url":"https:\/\/colegioarquitectos.com\/noticias\/wp-content\/uploads\/2026\/01\/sugranyes-congreso-futuro.png","type":"image\/png"}],"author":"Colegio de Arquitectos de Chile","twitter_card":"summary_large_image","twitter_creator":"@colegioarq","twitter_site":"@colegioarq","twitter_misc":{"Escrito por":"Colegio de Arquitectos de Chile","Tiempo de lectura":"2 minutos"},"schema":{"@context":"https:\/\/schema.org","@graph":[{"@type":"Article","@id":"https:\/\/colegioarquitectos.com\/noticias\/?p=35006#article","isPartOf":{"@id":"https:\/\/colegioarquitectos.com\/noticias\/?p=35006"},"author":{"name":"Colegio de Arquitectos de Chile","@id":"https:\/\/colegioarquitectos.com\/noticias\/#\/schema\/person\/685cc0aad148303c5608f049af8285ad"},"headline":"Presidenta del Comit\u00e9 de H\u00e1bitat y Vivienda particip\u00f3 como expositora en el Congreso Futuro","datePublished":"2026-01-17T14:13:44+00:00","dateModified":"2026-01-21T14:18:58+00:00","mainEntityOfPage":{"@id":"https:\/\/colegioarquitectos.com\/noticias\/?p=35006"},"wordCount":377,"publisher":{"@id":"https:\/\/colegioarquitectos.com\/noticias\/#organization"},"image":{"@id":"https:\/\/colegioarquitectos.com\/noticias\/?p=35006#primaryimage"},"thumbnailUrl":"https:\/\/colegioarquitectos.com\/noticias\/wp-content\/uploads\/2026\/01\/sugranyes-congreso-futuro.png","keywords":["ana sugranyes","campamentos","Comit\u00e9 de H\u00e1bitat y Vivienda","congreso futuro","congreso futuro 2026","injusticia sistem\u00e1tica","los r\u00edos","Valdivia","Vivienda"],"articleSection":["Comit\u00e9s"],"inLanguage":"es"},{"@type":"WebPage","@id":"https:\/\/colegioarquitectos.com\/noticias\/?p=35006","url":"https:\/\/colegioarquitectos.com\/noticias\/?p=35006","name":"Presidenta del Comit\u00e9 de H\u00e1bitat y Vivienda particip\u00f3 como expositora en el Congreso Futuro - COLEGIO DE ARQUITECTOS DE CHILE","isPartOf":{"@id":"https:\/\/colegioarquitectos.com\/noticias\/#website"},"primaryImageOfPage":{"@id":"https:\/\/colegioarquitectos.com\/noticias\/?p=35006#primaryimage"},"image":{"@id":"https:\/\/colegioarquitectos.com\/noticias\/?p=35006#primaryimage"},"thumbnailUrl":"https:\/\/colegioarquitectos.com\/noticias\/wp-content\/uploads\/2026\/01\/sugranyes-congreso-futuro.png","datePublished":"2026-01-17T14:13:44+00:00","dateModified":"2026-01-21T14:18:58+00:00","breadcrumb":{"@id":"https:\/\/colegioarquitectos.com\/noticias\/?p=35006#breadcrumb"},"inLanguage":"es","potentialAction":[{"@type":"ReadAction","target":["https:\/\/colegioarquitectos.com\/noticias\/?p=35006"]}]},{"@type":"ImageObject","inLanguage":"es","@id":"https:\/\/colegioarquitectos.com\/noticias\/?p=35006#primaryimage","url":"https:\/\/colegioarquitectos.com\/noticias\/wp-content\/uploads\/2026\/01\/sugranyes-congreso-futuro.png","contentUrl":"https:\/\/colegioarquitectos.com\/noticias\/wp-content\/uploads\/2026\/01\/sugranyes-congreso-futuro.png","width":1280,"height":720},{"@type":"BreadcrumbList","@id":"https:\/\/colegioarquitectos.com\/noticias\/?p=35006#breadcrumb","itemListElement":[{"@type":"ListItem","position":1,"name":"Portada","item":"https:\/\/colegioarquitectos.com\/noticias"},{"@type":"ListItem","position":2,"name":"Presidenta del Comit\u00e9 de H\u00e1bitat y Vivienda particip\u00f3 como expositora en el Congreso Futuro"}]},{"@type":"WebSite","@id":"https:\/\/colegioarquitectos.com\/noticias\/#website","url":"https:\/\/colegioarquitectos.com\/noticias\/","name":"COLEGIO DE ARQUITECTOS DE CHILE","description":"","publisher":{"@id":"https:\/\/colegioarquitectos.com\/noticias\/#organization"},"potentialAction":[{"@type":"SearchAction","target":{"@type":"EntryPoint","urlTemplate":"https:\/\/colegioarquitectos.com\/noticias\/?s={search_term_string}"},"query-input":{"@type":"PropertyValueSpecification","valueRequired":true,"valueName":"search_term_string"}}],"inLanguage":"es"},{"@type":"Organization","@id":"https:\/\/colegioarquitectos.com\/noticias\/#organization","name":"COLEGIO DE ARQUITECTOS DE CHILE","url":"https:\/\/colegioarquitectos.com\/noticias\/","logo":{"@type":"ImageObject","inLanguage":"es","@id":"https:\/\/colegioarquitectos.com\/noticias\/#\/schema\/logo\/image\/","url":"https:\/\/colegioarquitectos.com\/noticias\/wp-content\/uploads\/2021\/05\/ENCABEZADO-LOGO-CA.jpg","contentUrl":"https:\/\/colegioarquitectos.com\/noticias\/wp-content\/uploads\/2021\/05\/ENCABEZADO-LOGO-CA.jpg","width":690,"height":350,"caption":"COLEGIO DE ARQUITECTOS DE CHILE"},"image":{"@id":"https:\/\/colegioarquitectos.com\/noticias\/#\/schema\/logo\/image\/"},"sameAs":["https:\/\/facebook.com\/Colegioarq\/","https:\/\/x.com\/colegioarq","https:\/\/instagram.com\/colegioarq","https:\/\/youtube.com\/@ColegiodeArquitectosdeChile"]},{"@type":"Person","@id":"https:\/\/colegioarquitectos.com\/noticias\/#\/schema\/person\/685cc0aad148303c5608f049af8285ad","name":"Colegio de Arquitectos de Chile","url":"https:\/\/colegioarquitectos.com\/noticias\/?author=4"}]}},"_links":{"self":[{"href":"https:\/\/colegioarquitectos.com\/noticias\/index.php?rest_route=\/wp\/v2\/posts\/35006","targetHints":{"allow":["GET"]}}],"collection":[{"href":"https:\/\/colegioarquitectos.com\/noticias\/index.php?rest_route=\/wp\/v2\/posts"}],"about":[{"href":"https:\/\/colegioarquitectos.com\/noticias\/index.php?rest_route=\/wp\/v2\/types\/post"}],"author":[{"embeddable":true,"href":"https:\/\/colegioarquitectos.com\/noticias\/index.php?rest_route=\/wp\/v2\/users\/4"}],"replies":[{"embeddable":true,"href":"https:\/\/colegioarquitectos.com\/noticias\/index.php?rest_route=%2Fwp%2Fv2%2Fcomments&post=35006"}],"version-history":[{"count":1,"href":"https:\/\/colegioarquitectos.com\/noticias\/index.php?rest_route=\/wp\/v2\/posts\/35006\/revisions"}],"predecessor-version":[{"id":35009,"href":"https:\/\/colegioarquitectos.com\/noticias\/index.php?rest_route=\/wp\/v2\/posts\/35006\/revisions\/35009"}],"wp:featuredmedia":[{"embeddable":true,"href":"https:\/\/colegioarquitectos.com\/noticias\/index.php?rest_route=\/wp\/v2\/media\/35007"}],"wp:attachment":[{"href":"https:\/\/colegioarquitectos.com\/noticias\/index.php?rest_route=%2Fwp%2Fv2%2Fmedia&parent=35006"}],"wp:term":[{"taxonomy":"category","embeddable":true,"href":"https:\/\/colegioarquitectos.com\/noticias\/index.php?rest_route=%2Fwp%2Fv2%2Fcategories&post=35006"},{"taxonomy":"post_tag","embeddable":true,"href":"https:\/\/colegioarquitectos.com\/noticias\/index.php?rest_route=%2Fwp%2Fv2%2Ftags&post=35006"}],"curies":[{"name":"wp","href":"https:\/\/api.w.org\/{rel}","templated":true}]}}