
{"id":35010,"date":"2026-01-28T10:33:44","date_gmt":"2026-01-28T14:33:44","guid":{"rendered":"https:\/\/colegioarquitectos.com\/noticias\/?p=35010"},"modified":"2026-03-02T08:58:48","modified_gmt":"2026-03-02T12:58:48","slug":"receso-por-vacaciones-anuales-del-personal-del-colegio-de-arquitectos-de-chile-desde-el-2-al-27-de-febrero-de-2026","status":"publish","type":"post","link":"https:\/\/colegioarquitectos.com\/noticias\/?p=35010","title":{"rendered":"Receso por vacaciones anuales del personal del Colegio de Arquitectos de Chile: desde el 2 al 27 de febrero de 2026"},"content":{"rendered":"<p>Desde el pr\u00f3ximo <strong>lunes 2 y hasta el viernes 27 de febrero de 2026<\/strong>, los funcionarios y funcionarias del Colegio de Arquitectos de Chile se encontrar\u00e1n en su <strong>periodo de vacaciones anuales<\/strong>, lo que tambi\u00e9n incluye la atenci\u00f3n del <strong>Servicio de Asistencia T\u00e9cnica (SAT)<\/strong>.<\/p>\n<p><strong>Los funcionarios y funcionarias del Colegio de Arquitectos de Chile retomar\u00e1n sus labores y estar\u00e1n disponibles a partir del lunes 2 de marzo desde las 09.00 horas.<\/strong><\/p>\n<p>En tanto, el Servicio de Asistencia T\u00e9cnica (SAT), retomar\u00e1 sus labores el mismo d\u00eda, desde las <strong>10:00 horas<\/strong> en nuestra sede nacional (Avenida Libertador Bernardo O\u2019Higgins 115, Santiago), s\u00f3lo con hora reservada con anterioridad.<\/p>\n<p>&nbsp;<\/p>\n<p><strong>Colegio de Arquitectos de Chile<\/strong><\/p>\n<p>&nbsp;<\/p>\n<p><\/p>","protected":false},"excerpt":{"rendered":"<p>Desde el pr\u00f3ximo lunes 2 y hasta el viernes 27 de febrero de 2026, los funcionarios y funcionarias del Colegio de Arquitectos de Chile se encontrar\u00e1n en su periodo de vacaciones anuales, lo que tambi\u00e9n incluye la atenci\u00f3n del Servicio &hellip; <a class=\"more-link\" href=\"https:\/\/colegioarquitectos.com\/noticias\/?p=35010\">ver m\u00e1s<\/a><\/p>","protected":false},"author":4,"featured_media":35029,"comment_status":"closed","ping_status":"closed","sticky":false,"template":"","format":"standard","meta":{"footnotes":""},"categories":[8],"tags":[1107,1145,620,996,755,1610],"class_list":["post-35010","post","type-post","status-publish","format-standard","has-post-thumbnail","hentry","category-colegio-de-arquitectos","tag-cierre","tag-cierre-sede-nacional","tag-receso","tag-vacaciones","tag-vacaciones-anuales","tag-vacaciones-anuales-personal"],"yoast_head":"<!-- This site is optimized with the Yoast SEO plugin v24.2 - https:\/\/yoast.com\/wordpress\/plugins\/seo\/ -->\n<title>Receso por vacaciones anuales del personal del Colegio de Arquitectos de Chile: desde el 2 al 27 de febrero de 2026 - COLEGIO DE ARQUITECTOS DE CHILE<\/title>\n<meta name=\"description\" content=\"Desde el pr\u00f3ximo lunes 2 y hasta el viernes 27 de febrero de 2026, los funcionarios y funcionarias del Colegio de Arquitectos de Chile se encontrar\u00e1n en su periodo de vacaciones anuales, lo que tambi\u00e9n incluye la atenci\u00f3n del Servicio de Asistencia T\u00e9cnica (SAT).\" \/>\n<meta name=\"robots\" content=\"index, follow, max-snippet:-1, max-image-preview:large, max-video-preview:-1\" \/>\n<link rel=\"canonical\" href=\"https:\/\/colegioarquitectos.com\/noticias\/?p=35010\" \/>\n<meta property=\"og:locale\" content=\"es_ES\" \/>\n<meta property=\"og:type\" content=\"article\" \/>\n<meta property=\"og:title\" content=\"Receso por vacaciones anuales del personal del Colegio de Arquitectos de Chile: desde el 2 al 27 de febrero de 2026 - COLEGIO DE ARQUITECTOS DE CHILE\" \/>\n<meta property=\"og:description\" content=\"Desde el pr\u00f3ximo lunes 2 y hasta el viernes 27 de febrero de 2026, los funcionarios y funcionarias del Colegio de Arquitectos de Chile se encontrar\u00e1n en su periodo de vacaciones anuales, lo que tambi\u00e9n incluye la atenci\u00f3n del Servicio de Asistencia T\u00e9cnica (SAT).\" \/>\n<meta property=\"og:url\" content=\"https:\/\/colegioarquitectos.com\/noticias\/?p=35010\" \/>\n<meta property=\"og:site_name\" content=\"COLEGIO DE ARQUITECTOS DE CHILE\" \/>\n<meta property=\"article:publisher\" content=\"https:\/\/facebook.com\/Colegioarq\/\" \/>\n<meta property=\"article:published_time\" content=\"2026-01-28T14:33:44+00:00\" \/>\n<meta property=\"article:modified_time\" content=\"2026-03-02T12:58:48+00:00\" \/>\n<meta property=\"og:image\" content=\"https:\/\/colegioarquitectos.com\/noticias\/wp-content\/uploads\/2026\/01\/ENCAB-RECESO.png\" \/>\n\t<meta property=\"og:image:width\" content=\"1280\" \/>\n\t<meta property=\"og:image:height\" content=\"720\" \/>\n\t<meta property=\"og:image:type\" content=\"image\/png\" \/>\n<meta name=\"author\" content=\"Colegio de Arquitectos de Chile\" \/>\n<meta name=\"twitter:card\" content=\"summary_large_image\" \/>\n<meta name=\"twitter:creator\" content=\"@colegioarq\" \/>\n<meta name=\"twitter:site\" content=\"@colegioarq\" \/>\n<meta name=\"twitter:label1\" content=\"Escrito por\" \/>\n\t<meta name=\"twitter:data1\" content=\"Colegio de Arquitectos de Chile\" \/>\n\t<meta name=\"twitter:label2\" content=\"Tiempo de lectura\" \/>\n\t<meta name=\"twitter:data2\" content=\"1 minuto\" \/>\n<script type=\"application\/ld+json\" class=\"yoast-schema-graph\">{\"@context\":\"https:\/\/schema.org\",\"@graph\":[{\"@type\":\"Article\",\"@id\":\"https:\/\/colegioarquitectos.com\/noticias\/?p=35010#article\",\"isPartOf\":{\"@id\":\"https:\/\/colegioarquitectos.com\/noticias\/?p=35010\"},\"author\":{\"name\":\"Colegio de Arquitectos de Chile\",\"@id\":\"https:\/\/colegioarquitectos.com\/noticias\/#\/schema\/person\/685cc0aad148303c5608f049af8285ad\"},\"headline\":\"Receso por vacaciones anuales del personal del Colegio de Arquitectos de Chile: desde el 2 al 27 de febrero de 2026\",\"datePublished\":\"2026-01-28T14:33:44+00:00\",\"dateModified\":\"2026-03-02T12:58:48+00:00\",\"mainEntityOfPage\":{\"@id\":\"https:\/\/colegioarquitectos.com\/noticias\/?p=35010\"},\"wordCount\":134,\"publisher\":{\"@id\":\"https:\/\/colegioarquitectos.com\/noticias\/#organization\"},\"image\":{\"@id\":\"https:\/\/colegioarquitectos.com\/noticias\/?p=35010#primaryimage\"},\"thumbnailUrl\":\"https:\/\/colegioarquitectos.com\/noticias\/wp-content\/uploads\/2026\/01\/ENCAB-RECESO.png\",\"keywords\":[\"cierre\",\"Cierre Sede Nacional\",\"Receso\",\"Vacaciones\",\"vacaciones anuales\",\"vacaciones anuales personal\"],\"articleSection\":[\"Colegio\"],\"inLanguage\":\"es\"},{\"@type\":\"WebPage\",\"@id\":\"https:\/\/colegioarquitectos.com\/noticias\/?p=35010\",\"url\":\"https:\/\/colegioarquitectos.com\/noticias\/?p=35010\",\"name\":\"Receso por vacaciones anuales del personal del Colegio de Arquitectos de Chile: desde el 2 al 27 de febrero de 2026 - COLEGIO DE ARQUITECTOS DE CHILE\",\"isPartOf\":{\"@id\":\"https:\/\/colegioarquitectos.com\/noticias\/#website\"},\"primaryImageOfPage\":{\"@id\":\"https:\/\/colegioarquitectos.com\/noticias\/?p=35010#primaryimage\"},\"image\":{\"@id\":\"https:\/\/colegioarquitectos.com\/noticias\/?p=35010#primaryimage\"},\"thumbnailUrl\":\"https:\/\/colegioarquitectos.com\/noticias\/wp-content\/uploads\/2026\/01\/ENCAB-RECESO.png\",\"datePublished\":\"2026-01-28T14:33:44+00:00\",\"dateModified\":\"2026-03-02T12:58:48+00:00\",\"description\":\"Desde el pr\u00f3ximo lunes 2 y hasta el viernes 27 de febrero de 2026, los funcionarios y funcionarias del Colegio de Arquitectos de Chile se encontrar\u00e1n en su periodo de vacaciones anuales, lo que tambi\u00e9n incluye la atenci\u00f3n del Servicio de Asistencia T\u00e9cnica (SAT).\",\"breadcrumb\":{\"@id\":\"https:\/\/colegioarquitectos.com\/noticias\/?p=35010#breadcrumb\"},\"inLanguage\":\"es\",\"potentialAction\":[{\"@type\":\"ReadAction\",\"target\":[\"https:\/\/colegioarquitectos.com\/noticias\/?p=35010\"]}]},{\"@type\":\"ImageObject\",\"inLanguage\":\"es\",\"@id\":\"https:\/\/colegioarquitectos.com\/noticias\/?p=35010#primaryimage\",\"url\":\"https:\/\/colegioarquitectos.com\/noticias\/wp-content\/uploads\/2026\/01\/ENCAB-RECESO.png\",\"contentUrl\":\"https:\/\/colegioarquitectos.com\/noticias\/wp-content\/uploads\/2026\/01\/ENCAB-RECESO.png\",\"width\":1280,\"height\":720},{\"@type\":\"BreadcrumbList\",\"@id\":\"https:\/\/colegioarquitectos.com\/noticias\/?p=35010#breadcrumb\",\"itemListElement\":[{\"@type\":\"ListItem\",\"position\":1,\"name\":\"Portada\",\"item\":\"https:\/\/colegioarquitectos.com\/noticias\"},{\"@type\":\"ListItem\",\"position\":2,\"name\":\"Receso por vacaciones anuales del personal del Colegio de Arquitectos de Chile: desde el 2 al 27 de febrero de 2026\"}]},{\"@type\":\"WebSite\",\"@id\":\"https:\/\/colegioarquitectos.com\/noticias\/#website\",\"url\":\"https:\/\/colegioarquitectos.com\/noticias\/\",\"name\":\"COLEGIO DE ARQUITECTOS DE CHILE\",\"description\":\"\",\"publisher\":{\"@id\":\"https:\/\/colegioarquitectos.com\/noticias\/#organization\"},\"potentialAction\":[{\"@type\":\"SearchAction\",\"target\":{\"@type\":\"EntryPoint\",\"urlTemplate\":\"https:\/\/colegioarquitectos.com\/noticias\/?s={search_term_string}\"},\"query-input\":{\"@type\":\"PropertyValueSpecification\",\"valueRequired\":true,\"valueName\":\"search_term_string\"}}],\"inLanguage\":\"es\"},{\"@type\":\"Organization\",\"@id\":\"https:\/\/colegioarquitectos.com\/noticias\/#organization\",\"name\":\"COLEGIO DE ARQUITECTOS DE CHILE\",\"url\":\"https:\/\/colegioarquitectos.com\/noticias\/\",\"logo\":{\"@type\":\"ImageObject\",\"inLanguage\":\"es\",\"@id\":\"https:\/\/colegioarquitectos.com\/noticias\/#\/schema\/logo\/image\/\",\"url\":\"https:\/\/colegioarquitectos.com\/noticias\/wp-content\/uploads\/2021\/05\/ENCABEZADO-LOGO-CA.jpg\",\"contentUrl\":\"https:\/\/colegioarquitectos.com\/noticias\/wp-content\/uploads\/2021\/05\/ENCABEZADO-LOGO-CA.jpg\",\"width\":690,\"height\":350,\"caption\":\"COLEGIO DE ARQUITECTOS DE CHILE\"},\"image\":{\"@id\":\"https:\/\/colegioarquitectos.com\/noticias\/#\/schema\/logo\/image\/\"},\"sameAs\":[\"https:\/\/facebook.com\/Colegioarq\/\",\"https:\/\/x.com\/colegioarq\",\"https:\/\/instagram.com\/colegioarq\",\"https:\/\/youtube.com\/@ColegiodeArquitectosdeChile\"]},{\"@type\":\"Person\",\"@id\":\"https:\/\/colegioarquitectos.com\/noticias\/#\/schema\/person\/685cc0aad148303c5608f049af8285ad\",\"name\":\"Colegio de Arquitectos de Chile\",\"url\":\"https:\/\/colegioarquitectos.com\/noticias\/?author=4\"}]}<\/script>\n<!-- \/ Yoast SEO plugin. -->","yoast_head_json":{"title":"Receso por vacaciones anuales del personal del Colegio de Arquitectos de Chile: desde el 2 al 27 de febrero de 2026 - COLEGIO DE ARQUITECTOS DE CHILE","description":"Desde el pr\u00f3ximo lunes 2 y hasta el viernes 27 de febrero de 2026, los funcionarios y funcionarias del Colegio de Arquitectos de Chile se encontrar\u00e1n en su periodo de vacaciones anuales, lo que tambi\u00e9n incluye la atenci\u00f3n del Servicio de Asistencia T\u00e9cnica (SAT).","robots":{"index":"index","follow":"follow","max-snippet":"max-snippet:-1","max-image-preview":"max-image-preview:large","max-video-preview":"max-video-preview:-1"},"canonical":"https:\/\/colegioarquitectos.com\/noticias\/?p=35010","og_locale":"es_ES","og_type":"article","og_title":"Receso por vacaciones anuales del personal del Colegio de Arquitectos de Chile: desde el 2 al 27 de febrero de 2026 - COLEGIO DE ARQUITECTOS DE CHILE","og_description":"Desde el pr\u00f3ximo lunes 2 y hasta el viernes 27 de febrero de 2026, los funcionarios y funcionarias del Colegio de Arquitectos de Chile se encontrar\u00e1n en su periodo de vacaciones anuales, lo que tambi\u00e9n incluye la atenci\u00f3n del Servicio de Asistencia T\u00e9cnica (SAT).","og_url":"https:\/\/colegioarquitectos.com\/noticias\/?p=35010","og_site_name":"COLEGIO DE ARQUITECTOS DE CHILE","article_publisher":"https:\/\/facebook.com\/Colegioarq\/","article_published_time":"2026-01-28T14:33:44+00:00","article_modified_time":"2026-03-02T12:58:48+00:00","og_image":[{"width":1280,"height":720,"url":"https:\/\/colegioarquitectos.com\/noticias\/wp-content\/uploads\/2026\/01\/ENCAB-RECESO.png","type":"image\/png"}],"author":"Colegio de Arquitectos de Chile","twitter_card":"summary_large_image","twitter_creator":"@colegioarq","twitter_site":"@colegioarq","twitter_misc":{"Escrito por":"Colegio de Arquitectos de Chile","Tiempo de lectura":"1 minuto"},"schema":{"@context":"https:\/\/schema.org","@graph":[{"@type":"Article","@id":"https:\/\/colegioarquitectos.com\/noticias\/?p=35010#article","isPartOf":{"@id":"https:\/\/colegioarquitectos.com\/noticias\/?p=35010"},"author":{"name":"Colegio de Arquitectos de Chile","@id":"https:\/\/colegioarquitectos.com\/noticias\/#\/schema\/person\/685cc0aad148303c5608f049af8285ad"},"headline":"Receso por vacaciones anuales del personal del Colegio de Arquitectos de Chile: desde el 2 al 27 de febrero de 2026","datePublished":"2026-01-28T14:33:44+00:00","dateModified":"2026-03-02T12:58:48+00:00","mainEntityOfPage":{"@id":"https:\/\/colegioarquitectos.com\/noticias\/?p=35010"},"wordCount":134,"publisher":{"@id":"https:\/\/colegioarquitectos.com\/noticias\/#organization"},"image":{"@id":"https:\/\/colegioarquitectos.com\/noticias\/?p=35010#primaryimage"},"thumbnailUrl":"https:\/\/colegioarquitectos.com\/noticias\/wp-content\/uploads\/2026\/01\/ENCAB-RECESO.png","keywords":["cierre","Cierre Sede Nacional","Receso","Vacaciones","vacaciones anuales","vacaciones anuales personal"],"articleSection":["Colegio"],"inLanguage":"es"},{"@type":"WebPage","@id":"https:\/\/colegioarquitectos.com\/noticias\/?p=35010","url":"https:\/\/colegioarquitectos.com\/noticias\/?p=35010","name":"Receso por vacaciones anuales del personal del Colegio de Arquitectos de Chile: desde el 2 al 27 de febrero de 2026 - COLEGIO DE ARQUITECTOS DE CHILE","isPartOf":{"@id":"https:\/\/colegioarquitectos.com\/noticias\/#website"},"primaryImageOfPage":{"@id":"https:\/\/colegioarquitectos.com\/noticias\/?p=35010#primaryimage"},"image":{"@id":"https:\/\/colegioarquitectos.com\/noticias\/?p=35010#primaryimage"},"thumbnailUrl":"https:\/\/colegioarquitectos.com\/noticias\/wp-content\/uploads\/2026\/01\/ENCAB-RECESO.png","datePublished":"2026-01-28T14:33:44+00:00","dateModified":"2026-03-02T12:58:48+00:00","description":"Desde el pr\u00f3ximo lunes 2 y hasta el viernes 27 de febrero de 2026, los funcionarios y funcionarias del Colegio de Arquitectos de Chile se encontrar\u00e1n en su periodo de vacaciones anuales, lo que tambi\u00e9n incluye la atenci\u00f3n del Servicio de Asistencia T\u00e9cnica (SAT).","breadcrumb":{"@id":"https:\/\/colegioarquitectos.com\/noticias\/?p=35010#breadcrumb"},"inLanguage":"es","potentialAction":[{"@type":"ReadAction","target":["https:\/\/colegioarquitectos.com\/noticias\/?p=35010"]}]},{"@type":"ImageObject","inLanguage":"es","@id":"https:\/\/colegioarquitectos.com\/noticias\/?p=35010#primaryimage","url":"https:\/\/colegioarquitectos.com\/noticias\/wp-content\/uploads\/2026\/01\/ENCAB-RECESO.png","contentUrl":"https:\/\/colegioarquitectos.com\/noticias\/wp-content\/uploads\/2026\/01\/ENCAB-RECESO.png","width":1280,"height":720},{"@type":"BreadcrumbList","@id":"https:\/\/colegioarquitectos.com\/noticias\/?p=35010#breadcrumb","itemListElement":[{"@type":"ListItem","position":1,"name":"Portada","item":"https:\/\/colegioarquitectos.com\/noticias"},{"@type":"ListItem","position":2,"name":"Receso por vacaciones anuales del personal del Colegio de Arquitectos de Chile: desde el 2 al 27 de febrero de 2026"}]},{"@type":"WebSite","@id":"https:\/\/colegioarquitectos.com\/noticias\/#website","url":"https:\/\/colegioarquitectos.com\/noticias\/","name":"COLEGIO DE ARQUITECTOS DE CHILE","description":"","publisher":{"@id":"https:\/\/colegioarquitectos.com\/noticias\/#organization"},"potentialAction":[{"@type":"SearchAction","target":{"@type":"EntryPoint","urlTemplate":"https:\/\/colegioarquitectos.com\/noticias\/?s={search_term_string}"},"query-input":{"@type":"PropertyValueSpecification","valueRequired":true,"valueName":"search_term_string"}}],"inLanguage":"es"},{"@type":"Organization","@id":"https:\/\/colegioarquitectos.com\/noticias\/#organization","name":"COLEGIO DE ARQUITECTOS DE CHILE","url":"https:\/\/colegioarquitectos.com\/noticias\/","logo":{"@type":"ImageObject","inLanguage":"es","@id":"https:\/\/colegioarquitectos.com\/noticias\/#\/schema\/logo\/image\/","url":"https:\/\/colegioarquitectos.com\/noticias\/wp-content\/uploads\/2021\/05\/ENCABEZADO-LOGO-CA.jpg","contentUrl":"https:\/\/colegioarquitectos.com\/noticias\/wp-content\/uploads\/2021\/05\/ENCABEZADO-LOGO-CA.jpg","width":690,"height":350,"caption":"COLEGIO DE ARQUITECTOS DE CHILE"},"image":{"@id":"https:\/\/colegioarquitectos.com\/noticias\/#\/schema\/logo\/image\/"},"sameAs":["https:\/\/facebook.com\/Colegioarq\/","https:\/\/x.com\/colegioarq","https:\/\/instagram.com\/colegioarq","https:\/\/youtube.com\/@ColegiodeArquitectosdeChile"]},{"@type":"Person","@id":"https:\/\/colegioarquitectos.com\/noticias\/#\/schema\/person\/685cc0aad148303c5608f049af8285ad","name":"Colegio de Arquitectos de Chile","url":"https:\/\/colegioarquitectos.com\/noticias\/?author=4"}]}},"_links":{"self":[{"href":"https:\/\/colegioarquitectos.com\/noticias\/index.php?rest_route=\/wp\/v2\/posts\/35010","targetHints":{"allow":["GET"]}}],"collection":[{"href":"https:\/\/colegioarquitectos.com\/noticias\/index.php?rest_route=\/wp\/v2\/posts"}],"about":[{"href":"https:\/\/colegioarquitectos.com\/noticias\/index.php?rest_route=\/wp\/v2\/types\/post"}],"author":[{"embeddable":true,"href":"https:\/\/colegioarquitectos.com\/noticias\/index.php?rest_route=\/wp\/v2\/users\/4"}],"replies":[{"embeddable":true,"href":"https:\/\/colegioarquitectos.com\/noticias\/index.php?rest_route=%2Fwp%2Fv2%2Fcomments&post=35010"}],"version-history":[{"count":2,"href":"https:\/\/colegioarquitectos.com\/noticias\/index.php?rest_route=\/wp\/v2\/posts\/35010\/revisions"}],"predecessor-version":[{"id":35034,"href":"https:\/\/colegioarquitectos.com\/noticias\/index.php?rest_route=\/wp\/v2\/posts\/35010\/revisions\/35034"}],"wp:featuredmedia":[{"embeddable":true,"href":"https:\/\/colegioarquitectos.com\/noticias\/index.php?rest_route=\/wp\/v2\/media\/35029"}],"wp:attachment":[{"href":"https:\/\/colegioarquitectos.com\/noticias\/index.php?rest_route=%2Fwp%2Fv2%2Fmedia&parent=35010"}],"wp:term":[{"taxonomy":"category","embeddable":true,"href":"https:\/\/colegioarquitectos.com\/noticias\/index.php?rest_route=%2Fwp%2Fv2%2Fcategories&post=35010"},{"taxonomy":"post_tag","embeddable":true,"href":"https:\/\/colegioarquitectos.com\/noticias\/index.php?rest_route=%2Fwp%2Fv2%2Ftags&post=35010"}],"curies":[{"name":"wp","href":"https:\/\/api.w.org\/{rel}","templated":true}]}}