
{"id":35112,"date":"2026-03-11T10:50:42","date_gmt":"2026-03-11T14:50:42","guid":{"rendered":"https:\/\/colegioarquitectos.com\/noticias\/?p=35112"},"modified":"2026-03-11T10:50:42","modified_gmt":"2026-03-11T14:50:42","slug":"exitosa-primera-funcion-al-aire-libre-del-centro-arte-alameda-en-el-colegio-de-arquitectos-de-chile","status":"publish","type":"post","link":"https:\/\/colegioarquitectos.com\/noticias\/?p=35112","title":{"rendered":"Exitosa primera funci\u00f3n al aire libre del Centro Arte Alameda en el Colegio de Arquitectos de Chile"},"content":{"rendered":"<p class=\"mcePastedContent\">El pasado viernes 30 de enero en la terraza de nuestra Sede Nacional y con la presencia de <strong>casi un centenar de asistentes<\/strong>, se realiz\u00f3 la primera funci\u00f3n al aire libre del documental <strong>\u00abAqu\u00ed se construye\u00bb<\/strong>, del renombrado director nacional\u00a0<strong>Ignacio Ag\u00fcero.<\/strong><\/p>\n<p class=\"mcePastedContent\"><strong>\u00abAqu\u00ed se construye\u00bb<\/strong>\u00a0sigue el proceso de demolici\u00f3n de una casa y la implacable construcci\u00f3n de un edificio en su lugar, capturando el pulso de la vida \u2014entre nacimientos, muertes y el paso de las estaciones\u2014 para revelar la transformaci\u00f3n radical del entorno. A trav\u00e9s de una mirada \u00edntima y aguda, Ag\u00fcero<strong>\u00a0retrata la victoria silenciosa de la verticalidad moderna sobre la identidad barrial, exponiendo el transcurso del tiempo en una ciudad tomada por un invasor sin rostro<\/strong>.<\/p>\n<p>Esta exhibici\u00f3n constituye el primer hito de una enriquecedora alianza cultural entre el Colegio de Arquitectos de Chile y la <strong>Corporaci\u00f3n Cultural Arte Alameda<\/strong>.<\/p>\n<p>&nbsp;<\/p>\n<p><img loading=\"lazy\" decoding=\"async\" class=\"aligncenter size-full wp-image-35114\" src=\"https:\/\/colegioarquitectos.com\/noticias\/wp-content\/uploads\/2026\/03\/ENCAB-ARTE-ALAMEDA.png\" alt=\"\" width=\"1280\" height=\"720\" srcset=\"https:\/\/colegioarquitectos.com\/noticias\/wp-content\/uploads\/2026\/03\/ENCAB-ARTE-ALAMEDA.png 1280w, https:\/\/colegioarquitectos.com\/noticias\/wp-content\/uploads\/2026\/03\/ENCAB-ARTE-ALAMEDA-300x169.png 300w, https:\/\/colegioarquitectos.com\/noticias\/wp-content\/uploads\/2026\/03\/ENCAB-ARTE-ALAMEDA-1024x576.png 1024w, https:\/\/colegioarquitectos.com\/noticias\/wp-content\/uploads\/2026\/03\/ENCAB-ARTE-ALAMEDA-768x432.png 768w\" sizes=\"auto, (max-width: 1280px) 100vw, 1280px\" \/><\/p>\n<p><img loading=\"lazy\" decoding=\"async\" class=\"aligncenter size-full wp-image-35115\" src=\"https:\/\/colegioarquitectos.com\/noticias\/wp-content\/uploads\/2026\/03\/DSC03756.png\" alt=\"\" width=\"5790\" height=\"3860\" srcset=\"https:\/\/colegioarquitectos.com\/noticias\/wp-content\/uploads\/2026\/03\/DSC03756.png 5790w, https:\/\/colegioarquitectos.com\/noticias\/wp-content\/uploads\/2026\/03\/DSC03756-300x200.png 300w, https:\/\/colegioarquitectos.com\/noticias\/wp-content\/uploads\/2026\/03\/DSC03756-1024x683.png 1024w, https:\/\/colegioarquitectos.com\/noticias\/wp-content\/uploads\/2026\/03\/DSC03756-768x512.png 768w, https:\/\/colegioarquitectos.com\/noticias\/wp-content\/uploads\/2026\/03\/DSC03756-1536x1024.png 1536w, https:\/\/colegioarquitectos.com\/noticias\/wp-content\/uploads\/2026\/03\/DSC03756-2048x1365.png 2048w\" sizes=\"auto, (max-width: 5790px) 100vw, 5790px\" \/><\/p>\n<p><img loading=\"lazy\" decoding=\"async\" class=\"aligncenter size-full wp-image-35116\" src=\"https:\/\/colegioarquitectos.com\/noticias\/wp-content\/uploads\/2026\/03\/DSC03901.png\" alt=\"\" width=\"5562\" height=\"3708\" srcset=\"https:\/\/colegioarquitectos.com\/noticias\/wp-content\/uploads\/2026\/03\/DSC03901.png 5562w, https:\/\/colegioarquitectos.com\/noticias\/wp-content\/uploads\/2026\/03\/DSC03901-300x200.png 300w, https:\/\/colegioarquitectos.com\/noticias\/wp-content\/uploads\/2026\/03\/DSC03901-1024x683.png 1024w, https:\/\/colegioarquitectos.com\/noticias\/wp-content\/uploads\/2026\/03\/DSC03901-768x512.png 768w, https:\/\/colegioarquitectos.com\/noticias\/wp-content\/uploads\/2026\/03\/DSC03901-1536x1024.png 1536w, https:\/\/colegioarquitectos.com\/noticias\/wp-content\/uploads\/2026\/03\/DSC03901-2048x1365.png 2048w\" sizes=\"auto, (max-width: 5562px) 100vw, 5562px\" \/><\/p>\n<p><img loading=\"lazy\" decoding=\"async\" class=\"aligncenter size-full wp-image-35117\" src=\"https:\/\/colegioarquitectos.com\/noticias\/wp-content\/uploads\/2026\/03\/DSC03868.png\" alt=\"\" width=\"5188\" height=\"3459\" srcset=\"https:\/\/colegioarquitectos.com\/noticias\/wp-content\/uploads\/2026\/03\/DSC03868.png 5188w, https:\/\/colegioarquitectos.com\/noticias\/wp-content\/uploads\/2026\/03\/DSC03868-300x200.png 300w, https:\/\/colegioarquitectos.com\/noticias\/wp-content\/uploads\/2026\/03\/DSC03868-1024x683.png 1024w, https:\/\/colegioarquitectos.com\/noticias\/wp-content\/uploads\/2026\/03\/DSC03868-768x512.png 768w, https:\/\/colegioarquitectos.com\/noticias\/wp-content\/uploads\/2026\/03\/DSC03868-1536x1024.png 1536w, https:\/\/colegioarquitectos.com\/noticias\/wp-content\/uploads\/2026\/03\/DSC03868-2048x1365.png 2048w\" sizes=\"auto, (max-width: 5188px) 100vw, 5188px\" \/><\/p>\n<p><img loading=\"lazy\" decoding=\"async\" class=\"aligncenter size-full wp-image-35118\" src=\"https:\/\/colegioarquitectos.com\/noticias\/wp-content\/uploads\/2026\/03\/DSC03905.png\" alt=\"\" width=\"5567\" height=\"3711\" srcset=\"https:\/\/colegioarquitectos.com\/noticias\/wp-content\/uploads\/2026\/03\/DSC03905.png 5567w, https:\/\/colegioarquitectos.com\/noticias\/wp-content\/uploads\/2026\/03\/DSC03905-300x200.png 300w, https:\/\/colegioarquitectos.com\/noticias\/wp-content\/uploads\/2026\/03\/DSC03905-1024x683.png 1024w, https:\/\/colegioarquitectos.com\/noticias\/wp-content\/uploads\/2026\/03\/DSC03905-768x512.png 768w, https:\/\/colegioarquitectos.com\/noticias\/wp-content\/uploads\/2026\/03\/DSC03905-1536x1024.png 1536w, https:\/\/colegioarquitectos.com\/noticias\/wp-content\/uploads\/2026\/03\/DSC03905-2048x1365.png 2048w\" sizes=\"auto, (max-width: 5567px) 100vw, 5567px\" \/><\/p>\n<p><img loading=\"lazy\" decoding=\"async\" class=\"aligncenter size-full wp-image-35119\" src=\"https:\/\/colegioarquitectos.com\/noticias\/wp-content\/uploads\/2026\/03\/DSC03886.png\" alt=\"\" width=\"7008\" height=\"4672\" srcset=\"https:\/\/colegioarquitectos.com\/noticias\/wp-content\/uploads\/2026\/03\/DSC03886.png 7008w, https:\/\/colegioarquitectos.com\/noticias\/wp-content\/uploads\/2026\/03\/DSC03886-300x200.png 300w, https:\/\/colegioarquitectos.com\/noticias\/wp-content\/uploads\/2026\/03\/DSC03886-1024x683.png 1024w, https:\/\/colegioarquitectos.com\/noticias\/wp-content\/uploads\/2026\/03\/DSC03886-768x512.png 768w, https:\/\/colegioarquitectos.com\/noticias\/wp-content\/uploads\/2026\/03\/DSC03886-1536x1024.png 1536w, https:\/\/colegioarquitectos.com\/noticias\/wp-content\/uploads\/2026\/03\/DSC03886-2048x1365.png 2048w\" sizes=\"auto, (max-width: 7008px) 100vw, 7008px\" \/><\/p>\n<p>&nbsp;<\/p>\n<p style=\"text-align: right;\">Fotograf\u00edas: <strong>Corporaci\u00f3n Cultural Arte Alameda<\/strong><\/p>\n<p>&nbsp;<\/p>\n<p><\/p>","protected":false},"excerpt":{"rendered":"<p>El pasado viernes 30 de enero en la terraza de nuestra Sede Nacional y con la presencia de casi un centenar de asistentes, se realiz\u00f3 la primera funci\u00f3n al aire libre del documental \u00abAqu\u00ed se construye\u00bb, del renombrado director nacional\u00a0Ignacio &hellip; <a class=\"more-link\" href=\"https:\/\/colegioarquitectos.com\/noticias\/?p=35112\">ver m\u00e1s<\/a><\/p>","protected":false},"author":4,"featured_media":35114,"comment_status":"closed","ping_status":"closed","sticky":false,"template":"","format":"standard","meta":{"footnotes":""},"categories":[8],"tags":[1633,1635,1055,1631,1634,1636,1632],"class_list":["post-35112","post","type-post","status-publish","format-standard","has-post-thumbnail","hentry","category-colegio-de-arquitectos","tag-aqui-se-construye","tag-centro-arte-alameda","tag-cine","tag-cine-al-aire-libre","tag-corporacion-cultural-arte-alameda","tag-documental","tag-ignacio-aguero"],"yoast_head":"<!-- This site is optimized with the Yoast SEO plugin v24.2 - https:\/\/yoast.com\/wordpress\/plugins\/seo\/ -->\n<title>Exitosa primera funci\u00f3n al aire libre del Centro Arte Alameda en el Colegio de Arquitectos de Chile - COLEGIO DE ARQUITECTOS DE CHILE<\/title>\n<meta name=\"robots\" content=\"index, follow, max-snippet:-1, max-image-preview:large, max-video-preview:-1\" \/>\n<link rel=\"canonical\" href=\"https:\/\/colegioarquitectos.com\/noticias\/?p=35112\" \/>\n<meta property=\"og:locale\" content=\"es_ES\" \/>\n<meta property=\"og:type\" content=\"article\" \/>\n<meta property=\"og:title\" content=\"Exitosa primera funci\u00f3n al aire libre del Centro Arte Alameda en el Colegio de Arquitectos de Chile - COLEGIO DE ARQUITECTOS DE CHILE\" \/>\n<meta property=\"og:description\" content=\"El pasado viernes 30 de enero en la terraza de nuestra Sede Nacional y con la presencia de casi un centenar de asistentes, se realiz\u00f3 la primera funci\u00f3n al aire libre del documental \u00abAqu\u00ed se construye\u00bb, del renombrado director nacional\u00a0Ignacio &hellip; ver m\u00e1s\" \/>\n<meta property=\"og:url\" content=\"https:\/\/colegioarquitectos.com\/noticias\/?p=35112\" \/>\n<meta property=\"og:site_name\" content=\"COLEGIO DE ARQUITECTOS DE CHILE\" \/>\n<meta property=\"article:publisher\" content=\"https:\/\/facebook.com\/Colegioarq\/\" \/>\n<meta property=\"article:published_time\" content=\"2026-03-11T14:50:42+00:00\" \/>\n<meta property=\"og:image\" content=\"https:\/\/colegioarquitectos.com\/noticias\/wp-content\/uploads\/2026\/03\/ENCAB-ARTE-ALAMEDA.png\" \/>\n\t<meta property=\"og:image:width\" content=\"1280\" \/>\n\t<meta property=\"og:image:height\" content=\"720\" \/>\n\t<meta property=\"og:image:type\" content=\"image\/png\" \/>\n<meta name=\"author\" content=\"Colegio de Arquitectos de Chile\" \/>\n<meta name=\"twitter:card\" content=\"summary_large_image\" \/>\n<meta name=\"twitter:creator\" content=\"@colegioarq\" \/>\n<meta name=\"twitter:site\" content=\"@colegioarq\" \/>\n<meta name=\"twitter:label1\" content=\"Escrito por\" \/>\n\t<meta name=\"twitter:data1\" content=\"Colegio de Arquitectos de Chile\" \/>\n\t<meta name=\"twitter:label2\" content=\"Tiempo de lectura\" \/>\n\t<meta name=\"twitter:data2\" content=\"3 minutos\" \/>\n<script type=\"application\/ld+json\" class=\"yoast-schema-graph\">{\"@context\":\"https:\/\/schema.org\",\"@graph\":[{\"@type\":\"Article\",\"@id\":\"https:\/\/colegioarquitectos.com\/noticias\/?p=35112#article\",\"isPartOf\":{\"@id\":\"https:\/\/colegioarquitectos.com\/noticias\/?p=35112\"},\"author\":{\"name\":\"Colegio de Arquitectos de Chile\",\"@id\":\"https:\/\/colegioarquitectos.com\/noticias\/#\/schema\/person\/685cc0aad148303c5608f049af8285ad\"},\"headline\":\"Exitosa primera funci\u00f3n al aire libre del Centro Arte Alameda en el Colegio de Arquitectos de Chile\",\"datePublished\":\"2026-03-11T14:50:42+00:00\",\"dateModified\":\"2026-03-11T14:50:42+00:00\",\"mainEntityOfPage\":{\"@id\":\"https:\/\/colegioarquitectos.com\/noticias\/?p=35112\"},\"wordCount\":180,\"publisher\":{\"@id\":\"https:\/\/colegioarquitectos.com\/noticias\/#organization\"},\"image\":{\"@id\":\"https:\/\/colegioarquitectos.com\/noticias\/?p=35112#primaryimage\"},\"thumbnailUrl\":\"https:\/\/colegioarquitectos.com\/noticias\/wp-content\/uploads\/2026\/03\/ENCAB-ARTE-ALAMEDA.png\",\"keywords\":[\"Aqu\u00ed se construye\",\"Centro Arte Alameda\",\"cine\",\"cine al aire libre\",\"Corporaci\u00f3n Cultural Arte Alameda\",\"Documental\",\"ignacio aguero\"],\"articleSection\":[\"Colegio\"],\"inLanguage\":\"es\"},{\"@type\":\"WebPage\",\"@id\":\"https:\/\/colegioarquitectos.com\/noticias\/?p=35112\",\"url\":\"https:\/\/colegioarquitectos.com\/noticias\/?p=35112\",\"name\":\"Exitosa primera funci\u00f3n al aire libre del Centro Arte Alameda en el Colegio de Arquitectos de Chile - COLEGIO DE ARQUITECTOS DE CHILE\",\"isPartOf\":{\"@id\":\"https:\/\/colegioarquitectos.com\/noticias\/#website\"},\"primaryImageOfPage\":{\"@id\":\"https:\/\/colegioarquitectos.com\/noticias\/?p=35112#primaryimage\"},\"image\":{\"@id\":\"https:\/\/colegioarquitectos.com\/noticias\/?p=35112#primaryimage\"},\"thumbnailUrl\":\"https:\/\/colegioarquitectos.com\/noticias\/wp-content\/uploads\/2026\/03\/ENCAB-ARTE-ALAMEDA.png\",\"datePublished\":\"2026-03-11T14:50:42+00:00\",\"dateModified\":\"2026-03-11T14:50:42+00:00\",\"breadcrumb\":{\"@id\":\"https:\/\/colegioarquitectos.com\/noticias\/?p=35112#breadcrumb\"},\"inLanguage\":\"es\",\"potentialAction\":[{\"@type\":\"ReadAction\",\"target\":[\"https:\/\/colegioarquitectos.com\/noticias\/?p=35112\"]}]},{\"@type\":\"ImageObject\",\"inLanguage\":\"es\",\"@id\":\"https:\/\/colegioarquitectos.com\/noticias\/?p=35112#primaryimage\",\"url\":\"https:\/\/colegioarquitectos.com\/noticias\/wp-content\/uploads\/2026\/03\/ENCAB-ARTE-ALAMEDA.png\",\"contentUrl\":\"https:\/\/colegioarquitectos.com\/noticias\/wp-content\/uploads\/2026\/03\/ENCAB-ARTE-ALAMEDA.png\",\"width\":1280,\"height\":720},{\"@type\":\"BreadcrumbList\",\"@id\":\"https:\/\/colegioarquitectos.com\/noticias\/?p=35112#breadcrumb\",\"itemListElement\":[{\"@type\":\"ListItem\",\"position\":1,\"name\":\"Portada\",\"item\":\"https:\/\/colegioarquitectos.com\/noticias\"},{\"@type\":\"ListItem\",\"position\":2,\"name\":\"Exitosa primera funci\u00f3n al aire libre del Centro Arte Alameda en el Colegio de Arquitectos de Chile\"}]},{\"@type\":\"WebSite\",\"@id\":\"https:\/\/colegioarquitectos.com\/noticias\/#website\",\"url\":\"https:\/\/colegioarquitectos.com\/noticias\/\",\"name\":\"COLEGIO DE ARQUITECTOS DE CHILE\",\"description\":\"\",\"publisher\":{\"@id\":\"https:\/\/colegioarquitectos.com\/noticias\/#organization\"},\"potentialAction\":[{\"@type\":\"SearchAction\",\"target\":{\"@type\":\"EntryPoint\",\"urlTemplate\":\"https:\/\/colegioarquitectos.com\/noticias\/?s={search_term_string}\"},\"query-input\":{\"@type\":\"PropertyValueSpecification\",\"valueRequired\":true,\"valueName\":\"search_term_string\"}}],\"inLanguage\":\"es\"},{\"@type\":\"Organization\",\"@id\":\"https:\/\/colegioarquitectos.com\/noticias\/#organization\",\"name\":\"COLEGIO DE ARQUITECTOS DE CHILE\",\"url\":\"https:\/\/colegioarquitectos.com\/noticias\/\",\"logo\":{\"@type\":\"ImageObject\",\"inLanguage\":\"es\",\"@id\":\"https:\/\/colegioarquitectos.com\/noticias\/#\/schema\/logo\/image\/\",\"url\":\"https:\/\/colegioarquitectos.com\/noticias\/wp-content\/uploads\/2021\/05\/ENCABEZADO-LOGO-CA.jpg\",\"contentUrl\":\"https:\/\/colegioarquitectos.com\/noticias\/wp-content\/uploads\/2021\/05\/ENCABEZADO-LOGO-CA.jpg\",\"width\":690,\"height\":350,\"caption\":\"COLEGIO DE ARQUITECTOS DE CHILE\"},\"image\":{\"@id\":\"https:\/\/colegioarquitectos.com\/noticias\/#\/schema\/logo\/image\/\"},\"sameAs\":[\"https:\/\/facebook.com\/Colegioarq\/\",\"https:\/\/x.com\/colegioarq\",\"https:\/\/instagram.com\/colegioarq\",\"https:\/\/youtube.com\/@ColegiodeArquitectosdeChile\"]},{\"@type\":\"Person\",\"@id\":\"https:\/\/colegioarquitectos.com\/noticias\/#\/schema\/person\/685cc0aad148303c5608f049af8285ad\",\"name\":\"Colegio de Arquitectos de Chile\",\"url\":\"https:\/\/colegioarquitectos.com\/noticias\/?author=4\"}]}<\/script>\n<!-- \/ Yoast SEO plugin. -->","yoast_head_json":{"title":"Exitosa primera funci\u00f3n al aire libre del Centro Arte Alameda en el Colegio de Arquitectos de Chile - COLEGIO DE ARQUITECTOS DE CHILE","robots":{"index":"index","follow":"follow","max-snippet":"max-snippet:-1","max-image-preview":"max-image-preview:large","max-video-preview":"max-video-preview:-1"},"canonical":"https:\/\/colegioarquitectos.com\/noticias\/?p=35112","og_locale":"es_ES","og_type":"article","og_title":"Exitosa primera funci\u00f3n al aire libre del Centro Arte Alameda en el Colegio de Arquitectos de Chile - COLEGIO DE ARQUITECTOS DE CHILE","og_description":"El pasado viernes 30 de enero en la terraza de nuestra Sede Nacional y con la presencia de casi un centenar de asistentes, se realiz\u00f3 la primera funci\u00f3n al aire libre del documental \u00abAqu\u00ed se construye\u00bb, del renombrado director nacional\u00a0Ignacio &hellip; ver m\u00e1s","og_url":"https:\/\/colegioarquitectos.com\/noticias\/?p=35112","og_site_name":"COLEGIO DE ARQUITECTOS DE CHILE","article_publisher":"https:\/\/facebook.com\/Colegioarq\/","article_published_time":"2026-03-11T14:50:42+00:00","og_image":[{"width":1280,"height":720,"url":"https:\/\/colegioarquitectos.com\/noticias\/wp-content\/uploads\/2026\/03\/ENCAB-ARTE-ALAMEDA.png","type":"image\/png"}],"author":"Colegio de Arquitectos de Chile","twitter_card":"summary_large_image","twitter_creator":"@colegioarq","twitter_site":"@colegioarq","twitter_misc":{"Escrito por":"Colegio de Arquitectos de Chile","Tiempo de lectura":"3 minutos"},"schema":{"@context":"https:\/\/schema.org","@graph":[{"@type":"Article","@id":"https:\/\/colegioarquitectos.com\/noticias\/?p=35112#article","isPartOf":{"@id":"https:\/\/colegioarquitectos.com\/noticias\/?p=35112"},"author":{"name":"Colegio de Arquitectos de Chile","@id":"https:\/\/colegioarquitectos.com\/noticias\/#\/schema\/person\/685cc0aad148303c5608f049af8285ad"},"headline":"Exitosa primera funci\u00f3n al aire libre del Centro Arte Alameda en el Colegio de Arquitectos de Chile","datePublished":"2026-03-11T14:50:42+00:00","dateModified":"2026-03-11T14:50:42+00:00","mainEntityOfPage":{"@id":"https:\/\/colegioarquitectos.com\/noticias\/?p=35112"},"wordCount":180,"publisher":{"@id":"https:\/\/colegioarquitectos.com\/noticias\/#organization"},"image":{"@id":"https:\/\/colegioarquitectos.com\/noticias\/?p=35112#primaryimage"},"thumbnailUrl":"https:\/\/colegioarquitectos.com\/noticias\/wp-content\/uploads\/2026\/03\/ENCAB-ARTE-ALAMEDA.png","keywords":["Aqu\u00ed se construye","Centro Arte Alameda","cine","cine al aire libre","Corporaci\u00f3n Cultural Arte Alameda","Documental","ignacio aguero"],"articleSection":["Colegio"],"inLanguage":"es"},{"@type":"WebPage","@id":"https:\/\/colegioarquitectos.com\/noticias\/?p=35112","url":"https:\/\/colegioarquitectos.com\/noticias\/?p=35112","name":"Exitosa primera funci\u00f3n al aire libre del Centro Arte Alameda en el Colegio de Arquitectos de Chile - COLEGIO DE ARQUITECTOS DE CHILE","isPartOf":{"@id":"https:\/\/colegioarquitectos.com\/noticias\/#website"},"primaryImageOfPage":{"@id":"https:\/\/colegioarquitectos.com\/noticias\/?p=35112#primaryimage"},"image":{"@id":"https:\/\/colegioarquitectos.com\/noticias\/?p=35112#primaryimage"},"thumbnailUrl":"https:\/\/colegioarquitectos.com\/noticias\/wp-content\/uploads\/2026\/03\/ENCAB-ARTE-ALAMEDA.png","datePublished":"2026-03-11T14:50:42+00:00","dateModified":"2026-03-11T14:50:42+00:00","breadcrumb":{"@id":"https:\/\/colegioarquitectos.com\/noticias\/?p=35112#breadcrumb"},"inLanguage":"es","potentialAction":[{"@type":"ReadAction","target":["https:\/\/colegioarquitectos.com\/noticias\/?p=35112"]}]},{"@type":"ImageObject","inLanguage":"es","@id":"https:\/\/colegioarquitectos.com\/noticias\/?p=35112#primaryimage","url":"https:\/\/colegioarquitectos.com\/noticias\/wp-content\/uploads\/2026\/03\/ENCAB-ARTE-ALAMEDA.png","contentUrl":"https:\/\/colegioarquitectos.com\/noticias\/wp-content\/uploads\/2026\/03\/ENCAB-ARTE-ALAMEDA.png","width":1280,"height":720},{"@type":"BreadcrumbList","@id":"https:\/\/colegioarquitectos.com\/noticias\/?p=35112#breadcrumb","itemListElement":[{"@type":"ListItem","position":1,"name":"Portada","item":"https:\/\/colegioarquitectos.com\/noticias"},{"@type":"ListItem","position":2,"name":"Exitosa primera funci\u00f3n al aire libre del Centro Arte Alameda en el Colegio de Arquitectos de Chile"}]},{"@type":"WebSite","@id":"https:\/\/colegioarquitectos.com\/noticias\/#website","url":"https:\/\/colegioarquitectos.com\/noticias\/","name":"COLEGIO DE ARQUITECTOS DE CHILE","description":"","publisher":{"@id":"https:\/\/colegioarquitectos.com\/noticias\/#organization"},"potentialAction":[{"@type":"SearchAction","target":{"@type":"EntryPoint","urlTemplate":"https:\/\/colegioarquitectos.com\/noticias\/?s={search_term_string}"},"query-input":{"@type":"PropertyValueSpecification","valueRequired":true,"valueName":"search_term_string"}}],"inLanguage":"es"},{"@type":"Organization","@id":"https:\/\/colegioarquitectos.com\/noticias\/#organization","name":"COLEGIO DE ARQUITECTOS DE CHILE","url":"https:\/\/colegioarquitectos.com\/noticias\/","logo":{"@type":"ImageObject","inLanguage":"es","@id":"https:\/\/colegioarquitectos.com\/noticias\/#\/schema\/logo\/image\/","url":"https:\/\/colegioarquitectos.com\/noticias\/wp-content\/uploads\/2021\/05\/ENCABEZADO-LOGO-CA.jpg","contentUrl":"https:\/\/colegioarquitectos.com\/noticias\/wp-content\/uploads\/2021\/05\/ENCABEZADO-LOGO-CA.jpg","width":690,"height":350,"caption":"COLEGIO DE ARQUITECTOS DE CHILE"},"image":{"@id":"https:\/\/colegioarquitectos.com\/noticias\/#\/schema\/logo\/image\/"},"sameAs":["https:\/\/facebook.com\/Colegioarq\/","https:\/\/x.com\/colegioarq","https:\/\/instagram.com\/colegioarq","https:\/\/youtube.com\/@ColegiodeArquitectosdeChile"]},{"@type":"Person","@id":"https:\/\/colegioarquitectos.com\/noticias\/#\/schema\/person\/685cc0aad148303c5608f049af8285ad","name":"Colegio de Arquitectos de Chile","url":"https:\/\/colegioarquitectos.com\/noticias\/?author=4"}]}},"_links":{"self":[{"href":"https:\/\/colegioarquitectos.com\/noticias\/index.php?rest_route=\/wp\/v2\/posts\/35112","targetHints":{"allow":["GET"]}}],"collection":[{"href":"https:\/\/colegioarquitectos.com\/noticias\/index.php?rest_route=\/wp\/v2\/posts"}],"about":[{"href":"https:\/\/colegioarquitectos.com\/noticias\/index.php?rest_route=\/wp\/v2\/types\/post"}],"author":[{"embeddable":true,"href":"https:\/\/colegioarquitectos.com\/noticias\/index.php?rest_route=\/wp\/v2\/users\/4"}],"replies":[{"embeddable":true,"href":"https:\/\/colegioarquitectos.com\/noticias\/index.php?rest_route=%2Fwp%2Fv2%2Fcomments&post=35112"}],"version-history":[{"count":2,"href":"https:\/\/colegioarquitectos.com\/noticias\/index.php?rest_route=\/wp\/v2\/posts\/35112\/revisions"}],"predecessor-version":[{"id":35120,"href":"https:\/\/colegioarquitectos.com\/noticias\/index.php?rest_route=\/wp\/v2\/posts\/35112\/revisions\/35120"}],"wp:featuredmedia":[{"embeddable":true,"href":"https:\/\/colegioarquitectos.com\/noticias\/index.php?rest_route=\/wp\/v2\/media\/35114"}],"wp:attachment":[{"href":"https:\/\/colegioarquitectos.com\/noticias\/index.php?rest_route=%2Fwp%2Fv2%2Fmedia&parent=35112"}],"wp:term":[{"taxonomy":"category","embeddable":true,"href":"https:\/\/colegioarquitectos.com\/noticias\/index.php?rest_route=%2Fwp%2Fv2%2Fcategories&post=35112"},{"taxonomy":"post_tag","embeddable":true,"href":"https:\/\/colegioarquitectos.com\/noticias\/index.php?rest_route=%2Fwp%2Fv2%2Ftags&post=35112"}],"curies":[{"name":"wp","href":"https:\/\/api.w.org\/{rel}","templated":true}]}}