
{"id":35124,"date":"2026-03-12T09:18:11","date_gmt":"2026-03-12T13:18:11","guid":{"rendered":"https:\/\/colegioarquitectos.com\/noticias\/?p=35124"},"modified":"2026-03-12T10:20:36","modified_gmt":"2026-03-12T14:20:36","slug":"smiljan-radic-clarke-es-el-ganador-del-premio-pritzker-de-arquitectura-2026","status":"publish","type":"post","link":"https:\/\/colegioarquitectos.com\/noticias\/?p=35124","title":{"rendered":"Smiljan Radi\u0107 Clarke es el ganador del Premio Pritzker de Arquitectura 2026"},"content":{"rendered":"<p>El arquitecto chileno Smiljan Radi\u0107 Clarke fue seleccionado como el ganador del Premio Pritzker de Arquitectura 2026, el premio m\u00e1s importante que puede obtener un arquitecto o arquitecta a nivel mundial, convirti\u00e9ndose en el segundo compatriota en obtenerlo luego de Alejandro Aravena Mori en 2016.<\/p>\n<p>\u00abSi la arquitectura moldea la forma en que las personas viven, la obra de Radi\u0107 produce experiencias espaciales que resultan sorprendentes y completamente naturales. Sorprenden por su capacidad flexible para combinar, cuestionar y desmantelar tipolog\u00edas establecidas; naturales en la forma en que emergen tanto de su historia personal como de la de quienes finalmente habitar\u00e1n sus edificios\u00bb, afirma en parte la Menci\u00f3n del Jurado 2026.<\/p>\n<p>\u00abLleva al l\u00edmite las estrategias espaciales coherentes, desarroll\u00e1ndolas con rigor para involucrar activamente al usuario: no se requieren conocimientos especializados para &#8216;comprender&#8217; el espacio, porque la comprensi\u00f3n nunca es completa\u00bb, contin\u00faa.<\/p>\n<p>\u00abLa arquitectura se sit\u00faa entre formas grandes, masivas y perdurables \u2014estructuras que se yerguen bajo el sol durante siglos, esperando nuestra visita\u2014 y construcciones m\u00e1s peque\u00f1as y fr\u00e1giles, fugaces como la vida de una mosca, a menudo sin un destino claro bajo la luz convencional\u00bb, coment\u00f3 el arquitecto Smiljan Radi\u0107. \u00abEn esta tensi\u00f3n de tiempos dispares, nos esforzamos por crear experiencias con una presencia emocional, animando a las personas a detenerse y reconsiderar un mundo que tan a menudo las pasa por alto con indiferencia\u00bb.<\/p>\n<p>Por otra parte, Alejandro Aravena, presidente del Jurado 2026 y ganador del Premio Pritzker 2016, indica que \u00aben cada obra, es capaz de responder con una originalidad radical, haciendo obvio lo que no es obvio. Recurre a los fundamentos m\u00e1s irreductibles de la arquitectura, explorando al mismo tiempo l\u00edmites a\u00fan inexplorados\u00bb.<\/p>\n<p>\u00abPor recordarnos que la arquitectura es un arte, en cuanto toca la esencia misma de la condici\u00f3n humana; por permitir que la disciplina abrace la imperfecci\u00f3n y la fragilidad, ofreciendo refugios tranquilos en un mundo moldeado por la incertidumbre, sin la necesidad de ser m\u00e1s ruidoso o m\u00e1s espectacular para importar; por crear edificios cuya naturaleza h\u00edbrida refleja la difuminaci\u00f3n contempor\u00e1nea de los l\u00edmites disciplinarios, y que no hablan en nombre de las personas, sino que permiten que las personas encuentren su propia voz a trav\u00e9s de ellos, Smiljan Radi\u0107 Clarke es nombrado Premio Pritzker 2026\u00bb, cierra la Menci\u00f3n del Jurado.<\/p>\n<p>&nbsp;<\/p>\n<h4>Smiljan Radi\u0107 Clarke (1965)<\/h4>\n<hr \/>\n<p>Estudi\u00f3 arquitectura en la Pontificia Universidad Cat\u00f3lica de Chile, donde reprob\u00f3 su primer intento en el examen final antes de graduarse en 1989. Este rev\u00e9s result\u00f3 formativo, oblig\u00e1ndolo a estudiar historia en el Istituto Universitario di Architettura di Venezia y a viajar extensamente, lo que considera la asignatura m\u00e1s esencial de su formaci\u00f3n. M\u00e1s all\u00e1 de las definiciones convencionales de la disciplina, la filosof\u00eda, el arte y la alusi\u00f3n a referencias m\u00edticas y literarias se infundieron tanto en su imaginer\u00eda como en sus formas.<\/p>\n<p>Durante sus a\u00f1os universitarios, conoci\u00f3 a la escultora Marcela Correa, quien m\u00e1s tarde se convertir\u00eda en su clienta y, con el tiempo, en su esposa. En 1995, fund\u00f3 su estudio hom\u00f3nimo, Smiljan Radi\u0107 Clarke, en Santiago de Chile, cuyo espacio se mantiene intencionadamente \u00edntimo. Juntos dise\u00f1aron su primera casa, Casa Chica (Vilches, Chile, 1997), un edificio de 24 metros cuadrados construido a mano en la Cordillera de los Andes. Si bien colaboran ocasionalmente, mantienen un di\u00e1logo diario y continuo de ideas que perduran a lo largo del tiempo.<\/p>\n<p>Con el tiempo, estos intereses se expandieron a trav\u00e9s de escalas y tipolog\u00edas, desde instituciones c\u00edvicas y culturales, edificios comerciales, residencias privadas y estructuras temporales. Junto con Correa, cre\u00f3 El ni\u00f1o escondido en un pez (Venecia, Italia, 2010), una instalaci\u00f3n de granito y cedro para la entrada de la 12.\u00aa Exposici\u00f3n Internacional de Arquitectura de la Bienal de Arquitectura de Venecia, comisariada por Sejima Kazuyo, jurado y Premio Pritzker 2010, que alberga figuras humanas dentro de la masa, reflejando su atenci\u00f3n al registro corporal y emocional.<\/p>\n<p>Fue seleccionado para dise\u00f1ar el 14.\u00ba Pabell\u00f3n Serpentine (Londres, Reino Unido, 2014), una carcasa transl\u00facida de fibra de vidrio que reposa sobre piedras portantes, creando un refugio temporal que no es ni completamente cerrado ni abiertamente transparente. Sus obras sugieren una arquitectura en sinton\u00eda con la presencia emocional y la serena inteligencia de la construcci\u00f3n.<\/p>\n<p>En 2017, Radi\u0107 fund\u00f3 la Fundaci\u00f3n de Arquitectura Fr\u00e1gil, ubicada en su estudio en Santiago, para apoyar la arquitectura experimental que desaf\u00eda las fronteras disciplinarias. A trav\u00e9s de exposiciones, talleres e indagaci\u00f3n compartida, la fundaci\u00f3n refleja su convicci\u00f3n de que la arquitectura es una pr\u00e1ctica colectiva y en constante evoluci\u00f3n.<\/p>\n<p>La obra de Radi\u0107 ha recibido numerosos reconocimientos internacionales, entre ellos el premio al Mejor Arquitecto Menor de 35 A\u00f1os otorgado por el Colegio de Arquitectos de Chile (Chile, 2001), el premio Architectural Record Design Vanguard Award (Estados Unidos, 2008), el premio Oris Award (Croacia, 2015), el premio Arnold W. Brunner Memorial Prize de la Academia Estadounidense de las Artes y las Letras (Estados Unidos, 2018) y el Gran Premio de la Bienal Panamericana de Arquitectura de Quito (Ecuador, 2022). Es Miembro Honorario del Instituto Americano de Arquitectos y Miembro Honorario de la Academia Croata de Ciencias y Artes desde 2009 y 2020, respectivamente.<\/p>\n<p>El trabajo de Radi\u0107 ha sido presentado en importantes exposiciones internacionales, incluyendo Global Ends en la Galer\u00eda Ma (Tokio, Jap\u00f3n, 2010); Un Ruido Naranjo en el Museo de Arte Contempor\u00e1neo (Hiroshima, Jap\u00f3n, 2012); The Wardrobe and the Mattress , Galer\u00eda Herm\u00e8s, Tokio, con Marcela Correa (Tokio, Jap\u00f3n, 2013); Bus Stop for Krumbach en Kunsthaus Bregenz (Bergenz, Austria, 2013); Smiljan Radi\u0107: BESTIARY en TOTO Gallery Ma (Tokio, Jap\u00f3n 2016); The House for the Poem of the Right Angle en Endless House: Intersections of Art and Architecture en el Museo de Arte Moderno (Nueva York, Estados Unidos, 2015-2016); y Guatero Bubble en la XXII Bienal de Arquitectura y Urbanismo de Chile (Santiago, Chile, 2023).<\/p>\n<p>Radi\u0107 contin\u00faa viviendo y trabajando desde Santiago, Chile, manteniendo una pr\u00e1ctica intencionalmente \u00edntima en la que la arquitectura sigue siendo personal, atenta y profundamente sentida.<\/p>\n<p>&nbsp;<\/p>\n<p><img loading=\"lazy\" decoding=\"async\" class=\"aligncenter size-full wp-image-35132\" src=\"https:\/\/colegioarquitectos.com\/noticias\/wp-content\/uploads\/2026\/03\/pritzker-prize-2026-radic-feed3.png\" alt=\"\" width=\"1080\" height=\"1350\" srcset=\"https:\/\/colegioarquitectos.com\/noticias\/wp-content\/uploads\/2026\/03\/pritzker-prize-2026-radic-feed3.png 1080w, https:\/\/colegioarquitectos.com\/noticias\/wp-content\/uploads\/2026\/03\/pritzker-prize-2026-radic-feed3-240x300.png 240w, https:\/\/colegioarquitectos.com\/noticias\/wp-content\/uploads\/2026\/03\/pritzker-prize-2026-radic-feed3-819x1024.png 819w, https:\/\/colegioarquitectos.com\/noticias\/wp-content\/uploads\/2026\/03\/pritzker-prize-2026-radic-feed3-768x960.png 768w\" sizes=\"auto, (max-width: 1080px) 100vw, 1080px\" \/><\/p>\n<p><img loading=\"lazy\" decoding=\"async\" class=\"aligncenter size-full wp-image-35133\" src=\"https:\/\/colegioarquitectos.com\/noticias\/wp-content\/uploads\/2026\/03\/pritzker-prize-2026-radic-feed4.png\" alt=\"\" width=\"1080\" height=\"1350\" srcset=\"https:\/\/colegioarquitectos.com\/noticias\/wp-content\/uploads\/2026\/03\/pritzker-prize-2026-radic-feed4.png 1080w, https:\/\/colegioarquitectos.com\/noticias\/wp-content\/uploads\/2026\/03\/pritzker-prize-2026-radic-feed4-240x300.png 240w, https:\/\/colegioarquitectos.com\/noticias\/wp-content\/uploads\/2026\/03\/pritzker-prize-2026-radic-feed4-819x1024.png 819w, https:\/\/colegioarquitectos.com\/noticias\/wp-content\/uploads\/2026\/03\/pritzker-prize-2026-radic-feed4-768x960.png 768w\" sizes=\"auto, (max-width: 1080px) 100vw, 1080px\" \/><\/p>\n<p><img loading=\"lazy\" decoding=\"async\" class=\"aligncenter size-full wp-image-35134\" src=\"https:\/\/colegioarquitectos.com\/noticias\/wp-content\/uploads\/2026\/03\/pritzker-prize-2026-radic-feed5.png\" alt=\"\" width=\"1080\" height=\"1350\" srcset=\"https:\/\/colegioarquitectos.com\/noticias\/wp-content\/uploads\/2026\/03\/pritzker-prize-2026-radic-feed5.png 1080w, https:\/\/colegioarquitectos.com\/noticias\/wp-content\/uploads\/2026\/03\/pritzker-prize-2026-radic-feed5-240x300.png 240w, https:\/\/colegioarquitectos.com\/noticias\/wp-content\/uploads\/2026\/03\/pritzker-prize-2026-radic-feed5-819x1024.png 819w, https:\/\/colegioarquitectos.com\/noticias\/wp-content\/uploads\/2026\/03\/pritzker-prize-2026-radic-feed5-768x960.png 768w\" sizes=\"auto, (max-width: 1080px) 100vw, 1080px\" \/><\/p>\n<p><img loading=\"lazy\" decoding=\"async\" class=\"aligncenter size-full wp-image-35135\" src=\"https:\/\/colegioarquitectos.com\/noticias\/wp-content\/uploads\/2026\/03\/pritzker-prize-2026-radic-feed2.png\" alt=\"\" width=\"1080\" height=\"1350\" srcset=\"https:\/\/colegioarquitectos.com\/noticias\/wp-content\/uploads\/2026\/03\/pritzker-prize-2026-radic-feed2.png 1080w, https:\/\/colegioarquitectos.com\/noticias\/wp-content\/uploads\/2026\/03\/pritzker-prize-2026-radic-feed2-240x300.png 240w, https:\/\/colegioarquitectos.com\/noticias\/wp-content\/uploads\/2026\/03\/pritzker-prize-2026-radic-feed2-819x1024.png 819w, https:\/\/colegioarquitectos.com\/noticias\/wp-content\/uploads\/2026\/03\/pritzker-prize-2026-radic-feed2-768x960.png 768w\" sizes=\"auto, (max-width: 1080px) 100vw, 1080px\" \/><\/p>\n<p>&nbsp;<\/p>\n<p>&nbsp;<\/p>\n<p><\/p>","protected":false},"excerpt":{"rendered":"<p>El arquitecto chileno Smiljan Radi\u0107 Clarke fue seleccionado como el ganador del Premio Pritzker de Arquitectura 2026, el premio m\u00e1s importante que puede obtener un arquitecto o arquitecta a nivel mundial, convirti\u00e9ndose en el segundo compatriota en obtenerlo luego de &hellip; <a class=\"more-link\" href=\"https:\/\/colegioarquitectos.com\/noticias\/?p=35124\">ver m\u00e1s<\/a><\/p>","protected":false},"author":4,"featured_media":35130,"comment_status":"closed","ping_status":"closed","sticky":false,"template":"","format":"standard","meta":{"footnotes":""},"categories":[621,3],"tags":[1641,183,1642,181,1206,1640],"class_list":["post-35124","post","type-post","status-publish","format-standard","has-post-thumbnail","hentry","category-internacional","category-noticias","tag-premio-pritzker-2026","tag-premio-pritzker-de-arquitectura","tag-premio-pritzker-de-arquitectura-2026","tag-pritzker","tag-smiljan-radic","tag-smiljan-radic-clarke"],"yoast_head":"<!-- This site is optimized with the Yoast SEO plugin v24.2 - https:\/\/yoast.com\/wordpress\/plugins\/seo\/ -->\n<title>Smiljan Radi\u0107 Clarke es el ganador del Premio Pritzker de Arquitectura 2026 - COLEGIO DE ARQUITECTOS DE CHILE<\/title>\n<meta name=\"robots\" content=\"index, follow, max-snippet:-1, max-image-preview:large, max-video-preview:-1\" \/>\n<link rel=\"canonical\" href=\"https:\/\/colegioarquitectos.com\/noticias\/?p=35124\" \/>\n<meta property=\"og:locale\" content=\"es_ES\" \/>\n<meta property=\"og:type\" content=\"article\" \/>\n<meta property=\"og:title\" content=\"Smiljan Radi\u0107 Clarke es el ganador del Premio Pritzker de Arquitectura 2026 - COLEGIO DE ARQUITECTOS DE CHILE\" \/>\n<meta property=\"og:description\" content=\"El arquitecto chileno Smiljan Radi\u0107 Clarke fue seleccionado como el ganador del Premio Pritzker de Arquitectura 2026, el premio m\u00e1s importante que puede obtener un arquitecto o arquitecta a nivel mundial, convirti\u00e9ndose en el segundo compatriota en obtenerlo luego de &hellip; ver m\u00e1s\" \/>\n<meta property=\"og:url\" content=\"https:\/\/colegioarquitectos.com\/noticias\/?p=35124\" \/>\n<meta property=\"og:site_name\" content=\"COLEGIO DE ARQUITECTOS DE CHILE\" \/>\n<meta property=\"article:publisher\" content=\"https:\/\/facebook.com\/Colegioarq\/\" \/>\n<meta property=\"article:published_time\" content=\"2026-03-12T13:18:11+00:00\" \/>\n<meta property=\"article:modified_time\" content=\"2026-03-12T14:20:36+00:00\" \/>\n<meta property=\"og:image\" content=\"https:\/\/colegioarquitectos.com\/noticias\/wp-content\/uploads\/2026\/03\/pritzker-prize-2026-radicdestweb.png\" \/>\n\t<meta property=\"og:image:width\" content=\"1280\" \/>\n\t<meta property=\"og:image:height\" content=\"720\" \/>\n\t<meta property=\"og:image:type\" content=\"image\/png\" \/>\n<meta name=\"author\" content=\"Colegio de Arquitectos de Chile\" \/>\n<meta name=\"twitter:card\" content=\"summary_large_image\" \/>\n<meta name=\"twitter:creator\" content=\"@colegioarq\" \/>\n<meta name=\"twitter:site\" content=\"@colegioarq\" \/>\n<meta name=\"twitter:label1\" content=\"Escrito por\" \/>\n\t<meta name=\"twitter:data1\" content=\"Colegio de Arquitectos de Chile\" \/>\n\t<meta name=\"twitter:label2\" content=\"Tiempo de lectura\" \/>\n\t<meta name=\"twitter:data2\" content=\"6 minutos\" \/>\n<script type=\"application\/ld+json\" class=\"yoast-schema-graph\">{\"@context\":\"https:\/\/schema.org\",\"@graph\":[{\"@type\":\"Article\",\"@id\":\"https:\/\/colegioarquitectos.com\/noticias\/?p=35124#article\",\"isPartOf\":{\"@id\":\"https:\/\/colegioarquitectos.com\/noticias\/?p=35124\"},\"author\":{\"name\":\"Colegio de Arquitectos de Chile\",\"@id\":\"https:\/\/colegioarquitectos.com\/noticias\/#\/schema\/person\/685cc0aad148303c5608f049af8285ad\"},\"headline\":\"Smiljan Radi\u0107 Clarke es el ganador del Premio Pritzker de Arquitectura 2026\",\"datePublished\":\"2026-03-12T13:18:11+00:00\",\"dateModified\":\"2026-03-12T14:20:36+00:00\",\"mainEntityOfPage\":{\"@id\":\"https:\/\/colegioarquitectos.com\/noticias\/?p=35124\"},\"wordCount\":1044,\"publisher\":{\"@id\":\"https:\/\/colegioarquitectos.com\/noticias\/#organization\"},\"image\":{\"@id\":\"https:\/\/colegioarquitectos.com\/noticias\/?p=35124#primaryimage\"},\"thumbnailUrl\":\"https:\/\/colegioarquitectos.com\/noticias\/wp-content\/uploads\/2026\/03\/pritzker-prize-2026-radicdestweb.png\",\"keywords\":[\"Premio Pritzker 2026\",\"Premio Pritzker de Arquitectura\",\"Premio Pritzker de Arquitectura 2026\",\"Pritzker\",\"Smiljan Radi\u0107\",\"Smiljan Radi\u0107 Clarke\"],\"articleSection\":[\"Internacional\",\"Noticias\"],\"inLanguage\":\"es\"},{\"@type\":\"WebPage\",\"@id\":\"https:\/\/colegioarquitectos.com\/noticias\/?p=35124\",\"url\":\"https:\/\/colegioarquitectos.com\/noticias\/?p=35124\",\"name\":\"Smiljan Radi\u0107 Clarke es el ganador del Premio Pritzker de Arquitectura 2026 - COLEGIO DE ARQUITECTOS DE CHILE\",\"isPartOf\":{\"@id\":\"https:\/\/colegioarquitectos.com\/noticias\/#website\"},\"primaryImageOfPage\":{\"@id\":\"https:\/\/colegioarquitectos.com\/noticias\/?p=35124#primaryimage\"},\"image\":{\"@id\":\"https:\/\/colegioarquitectos.com\/noticias\/?p=35124#primaryimage\"},\"thumbnailUrl\":\"https:\/\/colegioarquitectos.com\/noticias\/wp-content\/uploads\/2026\/03\/pritzker-prize-2026-radicdestweb.png\",\"datePublished\":\"2026-03-12T13:18:11+00:00\",\"dateModified\":\"2026-03-12T14:20:36+00:00\",\"breadcrumb\":{\"@id\":\"https:\/\/colegioarquitectos.com\/noticias\/?p=35124#breadcrumb\"},\"inLanguage\":\"es\",\"potentialAction\":[{\"@type\":\"ReadAction\",\"target\":[\"https:\/\/colegioarquitectos.com\/noticias\/?p=35124\"]}]},{\"@type\":\"ImageObject\",\"inLanguage\":\"es\",\"@id\":\"https:\/\/colegioarquitectos.com\/noticias\/?p=35124#primaryimage\",\"url\":\"https:\/\/colegioarquitectos.com\/noticias\/wp-content\/uploads\/2026\/03\/pritzker-prize-2026-radicdestweb.png\",\"contentUrl\":\"https:\/\/colegioarquitectos.com\/noticias\/wp-content\/uploads\/2026\/03\/pritzker-prize-2026-radicdestweb.png\",\"width\":1280,\"height\":720},{\"@type\":\"BreadcrumbList\",\"@id\":\"https:\/\/colegioarquitectos.com\/noticias\/?p=35124#breadcrumb\",\"itemListElement\":[{\"@type\":\"ListItem\",\"position\":1,\"name\":\"Portada\",\"item\":\"https:\/\/colegioarquitectos.com\/noticias\"},{\"@type\":\"ListItem\",\"position\":2,\"name\":\"Smiljan Radi\u0107 Clarke es el ganador del Premio Pritzker de Arquitectura 2026\"}]},{\"@type\":\"WebSite\",\"@id\":\"https:\/\/colegioarquitectos.com\/noticias\/#website\",\"url\":\"https:\/\/colegioarquitectos.com\/noticias\/\",\"name\":\"COLEGIO DE ARQUITECTOS DE CHILE\",\"description\":\"\",\"publisher\":{\"@id\":\"https:\/\/colegioarquitectos.com\/noticias\/#organization\"},\"potentialAction\":[{\"@type\":\"SearchAction\",\"target\":{\"@type\":\"EntryPoint\",\"urlTemplate\":\"https:\/\/colegioarquitectos.com\/noticias\/?s={search_term_string}\"},\"query-input\":{\"@type\":\"PropertyValueSpecification\",\"valueRequired\":true,\"valueName\":\"search_term_string\"}}],\"inLanguage\":\"es\"},{\"@type\":\"Organization\",\"@id\":\"https:\/\/colegioarquitectos.com\/noticias\/#organization\",\"name\":\"COLEGIO DE ARQUITECTOS DE CHILE\",\"url\":\"https:\/\/colegioarquitectos.com\/noticias\/\",\"logo\":{\"@type\":\"ImageObject\",\"inLanguage\":\"es\",\"@id\":\"https:\/\/colegioarquitectos.com\/noticias\/#\/schema\/logo\/image\/\",\"url\":\"https:\/\/colegioarquitectos.com\/noticias\/wp-content\/uploads\/2021\/05\/ENCABEZADO-LOGO-CA.jpg\",\"contentUrl\":\"https:\/\/colegioarquitectos.com\/noticias\/wp-content\/uploads\/2021\/05\/ENCABEZADO-LOGO-CA.jpg\",\"width\":690,\"height\":350,\"caption\":\"COLEGIO DE ARQUITECTOS DE CHILE\"},\"image\":{\"@id\":\"https:\/\/colegioarquitectos.com\/noticias\/#\/schema\/logo\/image\/\"},\"sameAs\":[\"https:\/\/facebook.com\/Colegioarq\/\",\"https:\/\/x.com\/colegioarq\",\"https:\/\/instagram.com\/colegioarq\",\"https:\/\/youtube.com\/@ColegiodeArquitectosdeChile\"]},{\"@type\":\"Person\",\"@id\":\"https:\/\/colegioarquitectos.com\/noticias\/#\/schema\/person\/685cc0aad148303c5608f049af8285ad\",\"name\":\"Colegio de Arquitectos de Chile\",\"url\":\"https:\/\/colegioarquitectos.com\/noticias\/?author=4\"}]}<\/script>\n<!-- \/ Yoast SEO plugin. -->","yoast_head_json":{"title":"Smiljan Radi\u0107 Clarke es el ganador del Premio Pritzker de Arquitectura 2026 - COLEGIO DE ARQUITECTOS DE CHILE","robots":{"index":"index","follow":"follow","max-snippet":"max-snippet:-1","max-image-preview":"max-image-preview:large","max-video-preview":"max-video-preview:-1"},"canonical":"https:\/\/colegioarquitectos.com\/noticias\/?p=35124","og_locale":"es_ES","og_type":"article","og_title":"Smiljan Radi\u0107 Clarke es el ganador del Premio Pritzker de Arquitectura 2026 - COLEGIO DE ARQUITECTOS DE CHILE","og_description":"El arquitecto chileno Smiljan Radi\u0107 Clarke fue seleccionado como el ganador del Premio Pritzker de Arquitectura 2026, el premio m\u00e1s importante que puede obtener un arquitecto o arquitecta a nivel mundial, convirti\u00e9ndose en el segundo compatriota en obtenerlo luego de &hellip; ver m\u00e1s","og_url":"https:\/\/colegioarquitectos.com\/noticias\/?p=35124","og_site_name":"COLEGIO DE ARQUITECTOS DE CHILE","article_publisher":"https:\/\/facebook.com\/Colegioarq\/","article_published_time":"2026-03-12T13:18:11+00:00","article_modified_time":"2026-03-12T14:20:36+00:00","og_image":[{"width":1280,"height":720,"url":"https:\/\/colegioarquitectos.com\/noticias\/wp-content\/uploads\/2026\/03\/pritzker-prize-2026-radicdestweb.png","type":"image\/png"}],"author":"Colegio de Arquitectos de Chile","twitter_card":"summary_large_image","twitter_creator":"@colegioarq","twitter_site":"@colegioarq","twitter_misc":{"Escrito por":"Colegio de Arquitectos de Chile","Tiempo de lectura":"6 minutos"},"schema":{"@context":"https:\/\/schema.org","@graph":[{"@type":"Article","@id":"https:\/\/colegioarquitectos.com\/noticias\/?p=35124#article","isPartOf":{"@id":"https:\/\/colegioarquitectos.com\/noticias\/?p=35124"},"author":{"name":"Colegio de Arquitectos de Chile","@id":"https:\/\/colegioarquitectos.com\/noticias\/#\/schema\/person\/685cc0aad148303c5608f049af8285ad"},"headline":"Smiljan Radi\u0107 Clarke es el ganador del Premio Pritzker de Arquitectura 2026","datePublished":"2026-03-12T13:18:11+00:00","dateModified":"2026-03-12T14:20:36+00:00","mainEntityOfPage":{"@id":"https:\/\/colegioarquitectos.com\/noticias\/?p=35124"},"wordCount":1044,"publisher":{"@id":"https:\/\/colegioarquitectos.com\/noticias\/#organization"},"image":{"@id":"https:\/\/colegioarquitectos.com\/noticias\/?p=35124#primaryimage"},"thumbnailUrl":"https:\/\/colegioarquitectos.com\/noticias\/wp-content\/uploads\/2026\/03\/pritzker-prize-2026-radicdestweb.png","keywords":["Premio Pritzker 2026","Premio Pritzker de Arquitectura","Premio Pritzker de Arquitectura 2026","Pritzker","Smiljan Radi\u0107","Smiljan Radi\u0107 Clarke"],"articleSection":["Internacional","Noticias"],"inLanguage":"es"},{"@type":"WebPage","@id":"https:\/\/colegioarquitectos.com\/noticias\/?p=35124","url":"https:\/\/colegioarquitectos.com\/noticias\/?p=35124","name":"Smiljan Radi\u0107 Clarke es el ganador del Premio Pritzker de Arquitectura 2026 - COLEGIO DE ARQUITECTOS DE CHILE","isPartOf":{"@id":"https:\/\/colegioarquitectos.com\/noticias\/#website"},"primaryImageOfPage":{"@id":"https:\/\/colegioarquitectos.com\/noticias\/?p=35124#primaryimage"},"image":{"@id":"https:\/\/colegioarquitectos.com\/noticias\/?p=35124#primaryimage"},"thumbnailUrl":"https:\/\/colegioarquitectos.com\/noticias\/wp-content\/uploads\/2026\/03\/pritzker-prize-2026-radicdestweb.png","datePublished":"2026-03-12T13:18:11+00:00","dateModified":"2026-03-12T14:20:36+00:00","breadcrumb":{"@id":"https:\/\/colegioarquitectos.com\/noticias\/?p=35124#breadcrumb"},"inLanguage":"es","potentialAction":[{"@type":"ReadAction","target":["https:\/\/colegioarquitectos.com\/noticias\/?p=35124"]}]},{"@type":"ImageObject","inLanguage":"es","@id":"https:\/\/colegioarquitectos.com\/noticias\/?p=35124#primaryimage","url":"https:\/\/colegioarquitectos.com\/noticias\/wp-content\/uploads\/2026\/03\/pritzker-prize-2026-radicdestweb.png","contentUrl":"https:\/\/colegioarquitectos.com\/noticias\/wp-content\/uploads\/2026\/03\/pritzker-prize-2026-radicdestweb.png","width":1280,"height":720},{"@type":"BreadcrumbList","@id":"https:\/\/colegioarquitectos.com\/noticias\/?p=35124#breadcrumb","itemListElement":[{"@type":"ListItem","position":1,"name":"Portada","item":"https:\/\/colegioarquitectos.com\/noticias"},{"@type":"ListItem","position":2,"name":"Smiljan Radi\u0107 Clarke es el ganador del Premio Pritzker de Arquitectura 2026"}]},{"@type":"WebSite","@id":"https:\/\/colegioarquitectos.com\/noticias\/#website","url":"https:\/\/colegioarquitectos.com\/noticias\/","name":"COLEGIO DE ARQUITECTOS DE CHILE","description":"","publisher":{"@id":"https:\/\/colegioarquitectos.com\/noticias\/#organization"},"potentialAction":[{"@type":"SearchAction","target":{"@type":"EntryPoint","urlTemplate":"https:\/\/colegioarquitectos.com\/noticias\/?s={search_term_string}"},"query-input":{"@type":"PropertyValueSpecification","valueRequired":true,"valueName":"search_term_string"}}],"inLanguage":"es"},{"@type":"Organization","@id":"https:\/\/colegioarquitectos.com\/noticias\/#organization","name":"COLEGIO DE ARQUITECTOS DE CHILE","url":"https:\/\/colegioarquitectos.com\/noticias\/","logo":{"@type":"ImageObject","inLanguage":"es","@id":"https:\/\/colegioarquitectos.com\/noticias\/#\/schema\/logo\/image\/","url":"https:\/\/colegioarquitectos.com\/noticias\/wp-content\/uploads\/2021\/05\/ENCABEZADO-LOGO-CA.jpg","contentUrl":"https:\/\/colegioarquitectos.com\/noticias\/wp-content\/uploads\/2021\/05\/ENCABEZADO-LOGO-CA.jpg","width":690,"height":350,"caption":"COLEGIO DE ARQUITECTOS DE CHILE"},"image":{"@id":"https:\/\/colegioarquitectos.com\/noticias\/#\/schema\/logo\/image\/"},"sameAs":["https:\/\/facebook.com\/Colegioarq\/","https:\/\/x.com\/colegioarq","https:\/\/instagram.com\/colegioarq","https:\/\/youtube.com\/@ColegiodeArquitectosdeChile"]},{"@type":"Person","@id":"https:\/\/colegioarquitectos.com\/noticias\/#\/schema\/person\/685cc0aad148303c5608f049af8285ad","name":"Colegio de Arquitectos de Chile","url":"https:\/\/colegioarquitectos.com\/noticias\/?author=4"}]}},"_links":{"self":[{"href":"https:\/\/colegioarquitectos.com\/noticias\/index.php?rest_route=\/wp\/v2\/posts\/35124","targetHints":{"allow":["GET"]}}],"collection":[{"href":"https:\/\/colegioarquitectos.com\/noticias\/index.php?rest_route=\/wp\/v2\/posts"}],"about":[{"href":"https:\/\/colegioarquitectos.com\/noticias\/index.php?rest_route=\/wp\/v2\/types\/post"}],"author":[{"embeddable":true,"href":"https:\/\/colegioarquitectos.com\/noticias\/index.php?rest_route=\/wp\/v2\/users\/4"}],"replies":[{"embeddable":true,"href":"https:\/\/colegioarquitectos.com\/noticias\/index.php?rest_route=%2Fwp%2Fv2%2Fcomments&post=35124"}],"version-history":[{"count":5,"href":"https:\/\/colegioarquitectos.com\/noticias\/index.php?rest_route=\/wp\/v2\/posts\/35124\/revisions"}],"predecessor-version":[{"id":35137,"href":"https:\/\/colegioarquitectos.com\/noticias\/index.php?rest_route=\/wp\/v2\/posts\/35124\/revisions\/35137"}],"wp:featuredmedia":[{"embeddable":true,"href":"https:\/\/colegioarquitectos.com\/noticias\/index.php?rest_route=\/wp\/v2\/media\/35130"}],"wp:attachment":[{"href":"https:\/\/colegioarquitectos.com\/noticias\/index.php?rest_route=%2Fwp%2Fv2%2Fmedia&parent=35124"}],"wp:term":[{"taxonomy":"category","embeddable":true,"href":"https:\/\/colegioarquitectos.com\/noticias\/index.php?rest_route=%2Fwp%2Fv2%2Fcategories&post=35124"},{"taxonomy":"post_tag","embeddable":true,"href":"https:\/\/colegioarquitectos.com\/noticias\/index.php?rest_route=%2Fwp%2Fv2%2Ftags&post=35124"}],"curies":[{"name":"wp","href":"https:\/\/api.w.org\/{rel}","templated":true}]}}