
{"id":3513,"date":"2013-01-02T08:54:23","date_gmt":"2013-01-02T08:54:23","guid":{"rendered":"http:\/\/colegioarquitectos.com\/noticias\/?p=3513"},"modified":"2013-01-08T13:39:42","modified_gmt":"2013-01-08T13:39:42","slug":"libro-la-autopista-como-espacio-arquitectonico-ceaup-facultad-arquitectura-urbanismo-y-paisaje-universidad-central","status":"publish","type":"post","link":"https:\/\/colegioarquitectos.com\/noticias\/?p=3513","title":{"rendered":"Libro \u00abLa autopista como espacio arquitect\u00f3nico\u00bb- CEAUP, Facultad  Arquitectura, Urbanismo y Paisaje &#8211; Universidad Central"},"content":{"rendered":"<p style=\"text-align: justify;\"><strong>Las autopistas urbanas concebidas como espacios arquitect\u00f3nicos plantea libro publicado por la Universidad Central<\/strong><\/p>\n<p style=\"text-align: justify;\"><strong>\u00a0<\/strong><\/p>\n<p style=\"text-align: justify;\">\u00bfLas autopistas podr\u00edan convertirse en espacios ideados para integrar m\u00e1s que para dividir un barrio o una ciudad? Esa es la pregunta que tres arquitectos intentan contestar en una publicaci\u00f3n que acaba de lanzar el Centro de Estudios Arquitect\u00f3nicos, Urban\u00edsticos y del Paisaje (CEAUP) de la Universidad Central.<\/p>\n<p style=\"text-align: justify;\">Se trata de <strong><em>\u201cLa autopista como espacio arquitect\u00f3nico. Oportunidad para integrar las infraestructuras de la movilidad con el tejido urbano\u201d<\/em><\/strong> de los docentes FAUP Vladimir Pereda, Marcelo Reyes y Leonardo Cort\u00e9s. El texto expone los resultados de un estudio de dise\u00f1o urbano arquitect\u00f3nico donde se propone que aquellos espacios a\u00e9reos, residuales y soterrados de las autopistas urbanas tienen un alto potencial para entregar a la comunidad conectividad, servicios metropolitanos e \u00a0identidad a los lugares que atraviesan.<\/p>\n<p style=\"text-align: justify;\">De acuerdo los autores, ello permitir\u00eda superar deficiencias en la \u00a0conectividad y accesibilidad al restablecer la continuidad urbana b\u00e1sica entre los tejidos cortados y permitir, a trav\u00e9s de las autopistas, un acceso continuo de los barrios con el resto de la metr\u00f3poli.<\/p>\n<p style=\"text-align: justify;\">Otra propuesta es\u00a0 la de incorporar servicios para el uso y beneficio de los vecinos los que hoy, por motivos de costos y escasez de terrenos, no han podido ser implementados. A nivel local se podr\u00edan instalar centros comerciales, ferias libres o canchas de\u00a0 f\u00fatbol, mientras a\u00a0 nivel metropolitano la accesibilidad que brinda la red de autopistas podr\u00eda derivar en la instalaci\u00f3n de terminales de buses o parques.<\/p>\n<p style=\"text-align: justify;\">Por \u00faltimo, se sugiere convertir las autopistas en espacios arquitect\u00f3nicos integrados con el tejido urbano, para lo cual se presentan algunos casos donde los investigadores realizan propuestas de intervenci\u00f3n. En este contexto, est\u00e1n los nudos viales conformados por los cruces entre la Autopista Costanera Norte y Autopista Central, el de Am\u00e9rico Vespucio Oriente con Costanera Norte, Autopista Central con avenida Isabel Riquelme y el de Autopista Central \u00a0con Am\u00e9rico Vespucio Sur.<\/p>\n<p style=\"text-align: justify;\">Hay que se\u00f1alar que esta publicaci\u00f3n se origina en la investigaci\u00f3n <strong>\u201c<em>Tramando nuevas urdiembres. Hibridaci\u00f3n entre autopistas y trama urbana tradicional: \u00bfUna estrategia posible?<\/em>\u201d<\/strong><strong>,<\/strong> que en el 2008 obtuvo fondos en el concurso interno de investigaci\u00f3n convocado por\u00a0 la\u00a0 Vicerrector\u00eda Acad\u00e9mica de esta Universidad y\u00a0 tambi\u00e9n form\u00f3 parte del\u00a0 Programa\u00a0 Regular de Investigaci\u00f3n (PRI) del CEAUP.<\/p>\n<p style=\"text-align: justify;\">M\u00e1s informaci\u00f3n en <a href=\"mailto:infofaup@ucentral.cl\">infofaup@ucentral.cl<\/a><\/p>\n<p style=\"text-align: justify;\"><a href=\"http:\/\/colegioarquitectos.com\/noticias\/wp-content\/uploads\/2013\/01\/autopista.jpg\"><img loading=\"lazy\" decoding=\"async\" class=\"alignnone size-full wp-image-3515\" title=\"autopista\" src=\"http:\/\/colegioarquitectos.com\/noticias\/wp-content\/uploads\/2013\/01\/autopista.jpg\" alt=\"\" width=\"550\" height=\"555\" srcset=\"https:\/\/colegioarquitectos.com\/noticias\/wp-content\/uploads\/2013\/01\/autopista.jpg 550w, https:\/\/colegioarquitectos.com\/noticias\/wp-content\/uploads\/2013\/01\/autopista-150x150.jpg 150w, https:\/\/colegioarquitectos.com\/noticias\/wp-content\/uploads\/2013\/01\/autopista-297x300.jpg 297w\" sizes=\"auto, (max-width: 550px) 100vw, 550px\" \/><\/a><\/p>\n<p><\/p>","protected":false},"excerpt":{"rendered":"<p>Las autopistas urbanas concebidas como espacios arquitect\u00f3nicos plantea libro publicado por la Universidad Central \u00a0 \u00bfLas autopistas podr\u00edan convertirse en espacios ideados para integrar m\u00e1s que para dividir un barrio o una ciudad? Esa es la pregunta que tres arquitectos &hellip; <a class=\"more-link\" href=\"https:\/\/colegioarquitectos.com\/noticias\/?p=3513\">ver m\u00e1s<\/a><\/p>","protected":false},"author":1,"featured_media":0,"comment_status":"open","ping_status":"open","sticky":false,"template":"","format":"standard","meta":{"footnotes":""},"categories":[19,25],"tags":[],"class_list":["post-3513","post","type-post","status-publish","format-standard","hentry","category-actividades","category-lanzamientos"],"yoast_head":"<!-- This site is optimized with the Yoast SEO plugin v24.2 - https:\/\/yoast.com\/wordpress\/plugins\/seo\/ -->\n<title>Libro &quot;La autopista como espacio arquitect\u00f3nico&quot;- CEAUP, Facultad Arquitectura, Urbanismo y Paisaje - Universidad Central - COLEGIO DE ARQUITECTOS DE CHILE<\/title>\n<meta name=\"robots\" content=\"index, follow, max-snippet:-1, max-image-preview:large, max-video-preview:-1\" \/>\n<link rel=\"canonical\" href=\"https:\/\/colegioarquitectos.com\/noticias\/?p=3513\" \/>\n<meta property=\"og:locale\" content=\"es_ES\" \/>\n<meta property=\"og:type\" content=\"article\" \/>\n<meta property=\"og:title\" content=\"Libro &quot;La autopista como espacio arquitect\u00f3nico&quot;- CEAUP, Facultad Arquitectura, Urbanismo y Paisaje - Universidad Central - COLEGIO DE ARQUITECTOS DE CHILE\" \/>\n<meta property=\"og:description\" content=\"Las autopistas urbanas concebidas como espacios arquitect\u00f3nicos plantea libro publicado por la Universidad Central \u00a0 \u00bfLas autopistas podr\u00edan convertirse en espacios ideados para integrar m\u00e1s que para dividir un barrio o una ciudad? Esa es la pregunta que tres arquitectos &hellip; ver m\u00e1s\" \/>\n<meta property=\"og:url\" content=\"https:\/\/colegioarquitectos.com\/noticias\/?p=3513\" \/>\n<meta property=\"og:site_name\" content=\"COLEGIO DE ARQUITECTOS DE CHILE\" \/>\n<meta property=\"article:publisher\" content=\"https:\/\/facebook.com\/Colegioarq\/\" \/>\n<meta property=\"article:published_time\" content=\"2013-01-02T08:54:23+00:00\" \/>\n<meta property=\"article:modified_time\" content=\"2013-01-08T13:39:42+00:00\" \/>\n<meta property=\"og:image\" content=\"https:\/\/colegioarquitectos.com\/noticias\/wp-content\/uploads\/2013\/01\/autopista.jpg\" \/>\n\t<meta property=\"og:image:width\" content=\"550\" \/>\n\t<meta property=\"og:image:height\" content=\"555\" \/>\n\t<meta property=\"og:image:type\" content=\"image\/jpeg\" \/>\n<meta name=\"author\" content=\"Gabriel Salgado S.\" \/>\n<meta name=\"twitter:card\" content=\"summary_large_image\" \/>\n<meta name=\"twitter:creator\" content=\"@colegioarq\" \/>\n<meta name=\"twitter:site\" content=\"@colegioarq\" \/>\n<meta name=\"twitter:label1\" content=\"Escrito por\" \/>\n\t<meta name=\"twitter:data1\" content=\"Gabriel Salgado S.\" \/>\n\t<meta name=\"twitter:label2\" content=\"Tiempo de lectura\" \/>\n\t<meta name=\"twitter:data2\" content=\"2 minutos\" \/>\n<script type=\"application\/ld+json\" class=\"yoast-schema-graph\">{\"@context\":\"https:\/\/schema.org\",\"@graph\":[{\"@type\":\"Article\",\"@id\":\"https:\/\/colegioarquitectos.com\/noticias\/?p=3513#article\",\"isPartOf\":{\"@id\":\"https:\/\/colegioarquitectos.com\/noticias\/?p=3513\"},\"author\":{\"name\":\"Gabriel Salgado S.\",\"@id\":\"https:\/\/colegioarquitectos.com\/noticias\/#\/schema\/person\/b6c7e912cd1283c089114093ed09741f\"},\"headline\":\"Libro \u00abLa autopista como espacio arquitect\u00f3nico\u00bb- CEAUP, Facultad Arquitectura, Urbanismo y Paisaje &#8211; Universidad Central\",\"datePublished\":\"2013-01-02T08:54:23+00:00\",\"dateModified\":\"2013-01-08T13:39:42+00:00\",\"mainEntityOfPage\":{\"@id\":\"https:\/\/colegioarquitectos.com\/noticias\/?p=3513\"},\"wordCount\":432,\"commentCount\":0,\"publisher\":{\"@id\":\"https:\/\/colegioarquitectos.com\/noticias\/#organization\"},\"image\":{\"@id\":\"https:\/\/colegioarquitectos.com\/noticias\/?p=3513#primaryimage\"},\"thumbnailUrl\":\"http:\/\/colegioarquitectos.com\/noticias\/wp-content\/uploads\/2013\/01\/autopista.jpg\",\"articleSection\":[\"Actividades\",\"Lanzamientos\"],\"inLanguage\":\"es\",\"potentialAction\":[{\"@type\":\"CommentAction\",\"name\":\"Comment\",\"target\":[\"https:\/\/colegioarquitectos.com\/noticias\/?p=3513#respond\"]}]},{\"@type\":\"WebPage\",\"@id\":\"https:\/\/colegioarquitectos.com\/noticias\/?p=3513\",\"url\":\"https:\/\/colegioarquitectos.com\/noticias\/?p=3513\",\"name\":\"Libro \\\"La autopista como espacio arquitect\u00f3nico\\\"- CEAUP, Facultad Arquitectura, Urbanismo y Paisaje - Universidad Central - COLEGIO DE ARQUITECTOS DE CHILE\",\"isPartOf\":{\"@id\":\"https:\/\/colegioarquitectos.com\/noticias\/#website\"},\"primaryImageOfPage\":{\"@id\":\"https:\/\/colegioarquitectos.com\/noticias\/?p=3513#primaryimage\"},\"image\":{\"@id\":\"https:\/\/colegioarquitectos.com\/noticias\/?p=3513#primaryimage\"},\"thumbnailUrl\":\"http:\/\/colegioarquitectos.com\/noticias\/wp-content\/uploads\/2013\/01\/autopista.jpg\",\"datePublished\":\"2013-01-02T08:54:23+00:00\",\"dateModified\":\"2013-01-08T13:39:42+00:00\",\"breadcrumb\":{\"@id\":\"https:\/\/colegioarquitectos.com\/noticias\/?p=3513#breadcrumb\"},\"inLanguage\":\"es\",\"potentialAction\":[{\"@type\":\"ReadAction\",\"target\":[\"https:\/\/colegioarquitectos.com\/noticias\/?p=3513\"]}]},{\"@type\":\"ImageObject\",\"inLanguage\":\"es\",\"@id\":\"https:\/\/colegioarquitectos.com\/noticias\/?p=3513#primaryimage\",\"url\":\"http:\/\/colegioarquitectos.com\/noticias\/wp-content\/uploads\/2013\/01\/autopista.jpg\",\"contentUrl\":\"http:\/\/colegioarquitectos.com\/noticias\/wp-content\/uploads\/2013\/01\/autopista.jpg\"},{\"@type\":\"BreadcrumbList\",\"@id\":\"https:\/\/colegioarquitectos.com\/noticias\/?p=3513#breadcrumb\",\"itemListElement\":[{\"@type\":\"ListItem\",\"position\":1,\"name\":\"Portada\",\"item\":\"https:\/\/colegioarquitectos.com\/noticias\"},{\"@type\":\"ListItem\",\"position\":2,\"name\":\"Libro \u00abLa autopista como espacio arquitect\u00f3nico\u00bb- CEAUP, Facultad Arquitectura, Urbanismo y Paisaje &#8211; Universidad Central\"}]},{\"@type\":\"WebSite\",\"@id\":\"https:\/\/colegioarquitectos.com\/noticias\/#website\",\"url\":\"https:\/\/colegioarquitectos.com\/noticias\/\",\"name\":\"COLEGIO DE ARQUITECTOS DE CHILE\",\"description\":\"\",\"publisher\":{\"@id\":\"https:\/\/colegioarquitectos.com\/noticias\/#organization\"},\"potentialAction\":[{\"@type\":\"SearchAction\",\"target\":{\"@type\":\"EntryPoint\",\"urlTemplate\":\"https:\/\/colegioarquitectos.com\/noticias\/?s={search_term_string}\"},\"query-input\":{\"@type\":\"PropertyValueSpecification\",\"valueRequired\":true,\"valueName\":\"search_term_string\"}}],\"inLanguage\":\"es\"},{\"@type\":\"Organization\",\"@id\":\"https:\/\/colegioarquitectos.com\/noticias\/#organization\",\"name\":\"COLEGIO DE ARQUITECTOS DE CHILE\",\"url\":\"https:\/\/colegioarquitectos.com\/noticias\/\",\"logo\":{\"@type\":\"ImageObject\",\"inLanguage\":\"es\",\"@id\":\"https:\/\/colegioarquitectos.com\/noticias\/#\/schema\/logo\/image\/\",\"url\":\"https:\/\/colegioarquitectos.com\/noticias\/wp-content\/uploads\/2021\/05\/ENCABEZADO-LOGO-CA.jpg\",\"contentUrl\":\"https:\/\/colegioarquitectos.com\/noticias\/wp-content\/uploads\/2021\/05\/ENCABEZADO-LOGO-CA.jpg\",\"width\":690,\"height\":350,\"caption\":\"COLEGIO DE ARQUITECTOS DE CHILE\"},\"image\":{\"@id\":\"https:\/\/colegioarquitectos.com\/noticias\/#\/schema\/logo\/image\/\"},\"sameAs\":[\"https:\/\/facebook.com\/Colegioarq\/\",\"https:\/\/x.com\/colegioarq\",\"https:\/\/instagram.com\/colegioarq\",\"https:\/\/youtube.com\/@ColegiodeArquitectosdeChile\"]},{\"@type\":\"Person\",\"@id\":\"https:\/\/colegioarquitectos.com\/noticias\/#\/schema\/person\/b6c7e912cd1283c089114093ed09741f\",\"name\":\"Gabriel Salgado S.\",\"url\":\"https:\/\/colegioarquitectos.com\/noticias\/?author=1\"}]}<\/script>\n<!-- \/ Yoast SEO plugin. -->","yoast_head_json":{"title":"Libro \"La autopista como espacio arquitect\u00f3nico\"- CEAUP, Facultad Arquitectura, Urbanismo y Paisaje - Universidad Central - COLEGIO DE ARQUITECTOS DE CHILE","robots":{"index":"index","follow":"follow","max-snippet":"max-snippet:-1","max-image-preview":"max-image-preview:large","max-video-preview":"max-video-preview:-1"},"canonical":"https:\/\/colegioarquitectos.com\/noticias\/?p=3513","og_locale":"es_ES","og_type":"article","og_title":"Libro \"La autopista como espacio arquitect\u00f3nico\"- CEAUP, Facultad Arquitectura, Urbanismo y Paisaje - Universidad Central - COLEGIO DE ARQUITECTOS DE CHILE","og_description":"Las autopistas urbanas concebidas como espacios arquitect\u00f3nicos plantea libro publicado por la Universidad Central \u00a0 \u00bfLas autopistas podr\u00edan convertirse en espacios ideados para integrar m\u00e1s que para dividir un barrio o una ciudad? Esa es la pregunta que tres arquitectos &hellip; ver m\u00e1s","og_url":"https:\/\/colegioarquitectos.com\/noticias\/?p=3513","og_site_name":"COLEGIO DE ARQUITECTOS DE CHILE","article_publisher":"https:\/\/facebook.com\/Colegioarq\/","article_published_time":"2013-01-02T08:54:23+00:00","article_modified_time":"2013-01-08T13:39:42+00:00","og_image":[{"width":550,"height":555,"url":"https:\/\/colegioarquitectos.com\/noticias\/wp-content\/uploads\/2013\/01\/autopista.jpg","type":"image\/jpeg"}],"author":"Gabriel Salgado S.","twitter_card":"summary_large_image","twitter_creator":"@colegioarq","twitter_site":"@colegioarq","twitter_misc":{"Escrito por":"Gabriel Salgado S.","Tiempo de lectura":"2 minutos"},"schema":{"@context":"https:\/\/schema.org","@graph":[{"@type":"Article","@id":"https:\/\/colegioarquitectos.com\/noticias\/?p=3513#article","isPartOf":{"@id":"https:\/\/colegioarquitectos.com\/noticias\/?p=3513"},"author":{"name":"Gabriel Salgado S.","@id":"https:\/\/colegioarquitectos.com\/noticias\/#\/schema\/person\/b6c7e912cd1283c089114093ed09741f"},"headline":"Libro \u00abLa autopista como espacio arquitect\u00f3nico\u00bb- CEAUP, Facultad Arquitectura, Urbanismo y Paisaje &#8211; Universidad Central","datePublished":"2013-01-02T08:54:23+00:00","dateModified":"2013-01-08T13:39:42+00:00","mainEntityOfPage":{"@id":"https:\/\/colegioarquitectos.com\/noticias\/?p=3513"},"wordCount":432,"commentCount":0,"publisher":{"@id":"https:\/\/colegioarquitectos.com\/noticias\/#organization"},"image":{"@id":"https:\/\/colegioarquitectos.com\/noticias\/?p=3513#primaryimage"},"thumbnailUrl":"http:\/\/colegioarquitectos.com\/noticias\/wp-content\/uploads\/2013\/01\/autopista.jpg","articleSection":["Actividades","Lanzamientos"],"inLanguage":"es","potentialAction":[{"@type":"CommentAction","name":"Comment","target":["https:\/\/colegioarquitectos.com\/noticias\/?p=3513#respond"]}]},{"@type":"WebPage","@id":"https:\/\/colegioarquitectos.com\/noticias\/?p=3513","url":"https:\/\/colegioarquitectos.com\/noticias\/?p=3513","name":"Libro \"La autopista como espacio arquitect\u00f3nico\"- CEAUP, Facultad Arquitectura, Urbanismo y Paisaje - Universidad Central - COLEGIO DE ARQUITECTOS DE CHILE","isPartOf":{"@id":"https:\/\/colegioarquitectos.com\/noticias\/#website"},"primaryImageOfPage":{"@id":"https:\/\/colegioarquitectos.com\/noticias\/?p=3513#primaryimage"},"image":{"@id":"https:\/\/colegioarquitectos.com\/noticias\/?p=3513#primaryimage"},"thumbnailUrl":"http:\/\/colegioarquitectos.com\/noticias\/wp-content\/uploads\/2013\/01\/autopista.jpg","datePublished":"2013-01-02T08:54:23+00:00","dateModified":"2013-01-08T13:39:42+00:00","breadcrumb":{"@id":"https:\/\/colegioarquitectos.com\/noticias\/?p=3513#breadcrumb"},"inLanguage":"es","potentialAction":[{"@type":"ReadAction","target":["https:\/\/colegioarquitectos.com\/noticias\/?p=3513"]}]},{"@type":"ImageObject","inLanguage":"es","@id":"https:\/\/colegioarquitectos.com\/noticias\/?p=3513#primaryimage","url":"http:\/\/colegioarquitectos.com\/noticias\/wp-content\/uploads\/2013\/01\/autopista.jpg","contentUrl":"http:\/\/colegioarquitectos.com\/noticias\/wp-content\/uploads\/2013\/01\/autopista.jpg"},{"@type":"BreadcrumbList","@id":"https:\/\/colegioarquitectos.com\/noticias\/?p=3513#breadcrumb","itemListElement":[{"@type":"ListItem","position":1,"name":"Portada","item":"https:\/\/colegioarquitectos.com\/noticias"},{"@type":"ListItem","position":2,"name":"Libro \u00abLa autopista como espacio arquitect\u00f3nico\u00bb- CEAUP, Facultad Arquitectura, Urbanismo y Paisaje &#8211; Universidad Central"}]},{"@type":"WebSite","@id":"https:\/\/colegioarquitectos.com\/noticias\/#website","url":"https:\/\/colegioarquitectos.com\/noticias\/","name":"COLEGIO DE ARQUITECTOS DE CHILE","description":"","publisher":{"@id":"https:\/\/colegioarquitectos.com\/noticias\/#organization"},"potentialAction":[{"@type":"SearchAction","target":{"@type":"EntryPoint","urlTemplate":"https:\/\/colegioarquitectos.com\/noticias\/?s={search_term_string}"},"query-input":{"@type":"PropertyValueSpecification","valueRequired":true,"valueName":"search_term_string"}}],"inLanguage":"es"},{"@type":"Organization","@id":"https:\/\/colegioarquitectos.com\/noticias\/#organization","name":"COLEGIO DE ARQUITECTOS DE CHILE","url":"https:\/\/colegioarquitectos.com\/noticias\/","logo":{"@type":"ImageObject","inLanguage":"es","@id":"https:\/\/colegioarquitectos.com\/noticias\/#\/schema\/logo\/image\/","url":"https:\/\/colegioarquitectos.com\/noticias\/wp-content\/uploads\/2021\/05\/ENCABEZADO-LOGO-CA.jpg","contentUrl":"https:\/\/colegioarquitectos.com\/noticias\/wp-content\/uploads\/2021\/05\/ENCABEZADO-LOGO-CA.jpg","width":690,"height":350,"caption":"COLEGIO DE ARQUITECTOS DE CHILE"},"image":{"@id":"https:\/\/colegioarquitectos.com\/noticias\/#\/schema\/logo\/image\/"},"sameAs":["https:\/\/facebook.com\/Colegioarq\/","https:\/\/x.com\/colegioarq","https:\/\/instagram.com\/colegioarq","https:\/\/youtube.com\/@ColegiodeArquitectosdeChile"]},{"@type":"Person","@id":"https:\/\/colegioarquitectos.com\/noticias\/#\/schema\/person\/b6c7e912cd1283c089114093ed09741f","name":"Gabriel Salgado S.","url":"https:\/\/colegioarquitectos.com\/noticias\/?author=1"}]}},"_links":{"self":[{"href":"https:\/\/colegioarquitectos.com\/noticias\/index.php?rest_route=\/wp\/v2\/posts\/3513","targetHints":{"allow":["GET"]}}],"collection":[{"href":"https:\/\/colegioarquitectos.com\/noticias\/index.php?rest_route=\/wp\/v2\/posts"}],"about":[{"href":"https:\/\/colegioarquitectos.com\/noticias\/index.php?rest_route=\/wp\/v2\/types\/post"}],"author":[{"embeddable":true,"href":"https:\/\/colegioarquitectos.com\/noticias\/index.php?rest_route=\/wp\/v2\/users\/1"}],"replies":[{"embeddable":true,"href":"https:\/\/colegioarquitectos.com\/noticias\/index.php?rest_route=%2Fwp%2Fv2%2Fcomments&post=3513"}],"version-history":[{"count":0,"href":"https:\/\/colegioarquitectos.com\/noticias\/index.php?rest_route=\/wp\/v2\/posts\/3513\/revisions"}],"wp:attachment":[{"href":"https:\/\/colegioarquitectos.com\/noticias\/index.php?rest_route=%2Fwp%2Fv2%2Fmedia&parent=3513"}],"wp:term":[{"taxonomy":"category","embeddable":true,"href":"https:\/\/colegioarquitectos.com\/noticias\/index.php?rest_route=%2Fwp%2Fv2%2Fcategories&post=3513"},{"taxonomy":"post_tag","embeddable":true,"href":"https:\/\/colegioarquitectos.com\/noticias\/index.php?rest_route=%2Fwp%2Fv2%2Ftags&post=3513"}],"curies":[{"name":"wp","href":"https:\/\/api.w.org\/{rel}","templated":true}]}}