
{"id":35138,"date":"2026-03-12T14:00:38","date_gmt":"2026-03-12T18:00:38","guid":{"rendered":"https:\/\/colegioarquitectos.com\/noticias\/?p=35138"},"modified":"2026-03-13T10:10:24","modified_gmt":"2026-03-13T14:10:24","slug":"carta-del-presidente-nacional-a-smiljan-radic-clarke-por-la-obtencion-del-premio-pritzker-de-arquitectura-2026","status":"publish","type":"post","link":"https:\/\/colegioarquitectos.com\/noticias\/?p=35138","title":{"rendered":"Carta del presidente nacional Rodolfo Jim\u00e9nez a Smiljan Radi\u0107 por la obtenci\u00f3n del Premio Pritzker de Arquitectura 2026"},"content":{"rendered":"<p style=\"text-align: right;\">Santiago de Chile, 12 de marzo de 2026<\/p>\n<p>&nbsp;<\/p>\n<p>Se\u00f1or<\/p>\n<p><strong>Smiljan Radi\u0107 Clarke<\/strong><\/p>\n<p>Premio Pritzker de Arquitectura 2026<\/p>\n<p>ICA 5604<\/p>\n<p>&nbsp;<\/p>\n<p><strong><u>P R E S E N T E<\/u><\/strong><\/p>\n<p>&nbsp;<\/p>\n<p>Estimado Smiljan:<\/p>\n<p>Los arquitectos y arquitectas de Chile hemos recibido esta ma\u00f1ana con orgullo y emoci\u00f3n el anuncio de su obtenci\u00f3n del Premio Pritzker de Arquitectura 2026, el premio m\u00e1s importante que puede obtener un arquitecto o arquitecta a nivel mundial.<\/p>\n<p>En estas horas felices, perm\u00edtame felicitarlo en nombre del Colegio de Arquitectos de Chile y expresarle que su trayectoria ha contribuido de manera decisiva a ampliar los horizontes de la arquitectura contempor\u00e1nea, a trav\u00e9s de una obra que se distingue por su singularidad, su rigor y su profunda sensibilidad hacia la experiencia espacial. A lo largo de distintas escalas y contextos, su trabajo ha abierto nuevas posibilidades para pensar la relaci\u00f3n entre materia, espacio y paisaje.<\/p>\n<p>La distinci\u00f3n que hoy se le otorga reconoce una obra que, desde Chile, se ha proyectado con fuerza y originalidad en el escenario global, en un per\u00edodo en que la arquitectura chilena ha alcanzado un lugar destacado. En ella reconocemos una b\u00fasqueda constante por explorar los fundamentos de nuestra disciplina, generando espacios capaces de conmover, interpelar y acompa\u00f1ar la experiencia humana.<\/p>\n<p>Desde el Colegio de Arquitectos de Chile celebramos con orgullo este reconocimiento, que no solo distingue su obra excepcional, sino que tambi\u00e9n proyecta el talento y la profundidad del pensamiento arquitect\u00f3nico desarrollado en nuestro pa\u00eds. Este premio constituye una inspiraci\u00f3n para las nuevas generaciones de arquitectos y arquitectas, y reafirma la capacidad de la arquitectura chilena de aportar miradas originales y significativas al debate contempor\u00e1neo de la disciplina.<\/p>\n<p>Reciba un fraternal saludo y nuevamente nuestras felicitaciones y emoci\u00f3n pro el premio que merecidamente obtuvo.<\/p>\n<p>&nbsp;<\/p>\n<p>&nbsp;<\/p>\n<p>&nbsp;<\/p>\n<p><img loading=\"lazy\" decoding=\"async\" class=\"alignleft size-thumbnail wp-image-35139\" src=\"https:\/\/colegioarquitectos.com\/noticias\/wp-content\/uploads\/2026\/03\/Firma-R.J-1-180x180.png\" alt=\"\" width=\"180\" height=\"180\" \/><\/p>\n<p>&nbsp;<\/p>\n<p>&nbsp;<\/p>\n<p>&nbsp;<\/p>\n<p>&nbsp;<\/p>\n<p>&nbsp;<\/p>\n<p>&nbsp;<\/p>\n<p><strong>Rodolfo Jim\u00e9nez Cavieres<\/strong><\/p>\n<p>Presidente nacional<\/p>\n<p>Colegio de Arquitectos de Chile A.G.<\/p>\n<p>&nbsp;<\/p>\n<p>&nbsp;<\/p>\n<p><\/p>","protected":false},"excerpt":{"rendered":"<p>Santiago de Chile, 12 de marzo de 2026 &nbsp; Se\u00f1or Smiljan Radi\u0107 Clarke Premio Pritzker de Arquitectura 2026 ICA 5604 &nbsp; P R E S E N T E &nbsp; Estimado Smiljan: Los arquitectos y arquitectas de Chile hemos recibido &hellip; <a class=\"more-link\" href=\"https:\/\/colegioarquitectos.com\/noticias\/?p=35138\">ver m\u00e1s<\/a><\/p>","protected":false},"author":4,"featured_media":35140,"comment_status":"closed","ping_status":"closed","sticky":false,"template":"","format":"standard","meta":{"footnotes":""},"categories":[8,621],"tags":[157,182,183,1642,181,1643,1127,1128,1206,1640],"class_list":["post-35138","post","type-post","status-publish","format-standard","has-post-thumbnail","hentry","category-colegio-de-arquitectos","category-internacional","tag-carta","tag-premio-pritzker","tag-premio-pritzker-de-arquitectura","tag-premio-pritzker-de-arquitectura-2026","tag-pritzker","tag-pritzker-2026","tag-rodolfo-jimenez","tag-rodolfo-jimenez-cavieres","tag-smiljan-radic","tag-smiljan-radic-clarke"],"yoast_head":"<!-- This site is optimized with the Yoast SEO plugin v24.2 - https:\/\/yoast.com\/wordpress\/plugins\/seo\/ -->\n<title>Carta del presidente nacional Rodolfo Jim\u00e9nez a Smiljan Radi\u0107 por la obtenci\u00f3n del Premio Pritzker de Arquitectura 2026 - COLEGIO DE ARQUITECTOS DE CHILE<\/title>\n<meta name=\"robots\" content=\"index, follow, max-snippet:-1, max-image-preview:large, max-video-preview:-1\" \/>\n<link rel=\"canonical\" href=\"https:\/\/colegioarquitectos.com\/noticias\/?p=35138\" \/>\n<meta property=\"og:locale\" content=\"es_ES\" \/>\n<meta property=\"og:type\" content=\"article\" \/>\n<meta property=\"og:title\" content=\"Carta del presidente nacional Rodolfo Jim\u00e9nez a Smiljan Radi\u0107 por la obtenci\u00f3n del Premio Pritzker de Arquitectura 2026 - COLEGIO DE ARQUITECTOS DE CHILE\" \/>\n<meta property=\"og:description\" content=\"Santiago de Chile, 12 de marzo de 2026 &nbsp; Se\u00f1or Smiljan Radi\u0107 Clarke Premio Pritzker de Arquitectura 2026 ICA 5604 &nbsp; P R E S E N T E &nbsp; Estimado Smiljan: Los arquitectos y arquitectas de Chile hemos recibido &hellip; ver m\u00e1s\" \/>\n<meta property=\"og:url\" content=\"https:\/\/colegioarquitectos.com\/noticias\/?p=35138\" \/>\n<meta property=\"og:site_name\" content=\"COLEGIO DE ARQUITECTOS DE CHILE\" \/>\n<meta property=\"article:publisher\" content=\"https:\/\/facebook.com\/Colegioarq\/\" \/>\n<meta property=\"article:published_time\" content=\"2026-03-12T18:00:38+00:00\" \/>\n<meta property=\"article:modified_time\" content=\"2026-03-13T14:10:24+00:00\" \/>\n<meta property=\"og:image\" content=\"https:\/\/colegioarquitectos.com\/noticias\/wp-content\/uploads\/2026\/03\/carta-PRITZKER-RADIC-VERSION-WEB-APAISADA.png\" \/>\n\t<meta property=\"og:image:width\" content=\"1280\" \/>\n\t<meta property=\"og:image:height\" content=\"800\" \/>\n\t<meta property=\"og:image:type\" content=\"image\/png\" \/>\n<meta name=\"author\" content=\"Colegio de Arquitectos de Chile\" \/>\n<meta name=\"twitter:card\" content=\"summary_large_image\" \/>\n<meta name=\"twitter:creator\" content=\"@colegioarq\" \/>\n<meta name=\"twitter:site\" content=\"@colegioarq\" \/>\n<meta name=\"twitter:label1\" content=\"Escrito por\" \/>\n\t<meta name=\"twitter:data1\" content=\"Colegio de Arquitectos de Chile\" \/>\n\t<meta name=\"twitter:label2\" content=\"Tiempo de lectura\" \/>\n\t<meta name=\"twitter:data2\" content=\"2 minutos\" \/>\n<script type=\"application\/ld+json\" class=\"yoast-schema-graph\">{\"@context\":\"https:\/\/schema.org\",\"@graph\":[{\"@type\":\"Article\",\"@id\":\"https:\/\/colegioarquitectos.com\/noticias\/?p=35138#article\",\"isPartOf\":{\"@id\":\"https:\/\/colegioarquitectos.com\/noticias\/?p=35138\"},\"author\":{\"name\":\"Colegio de Arquitectos de Chile\",\"@id\":\"https:\/\/colegioarquitectos.com\/noticias\/#\/schema\/person\/685cc0aad148303c5608f049af8285ad\"},\"headline\":\"Carta del presidente nacional Rodolfo Jim\u00e9nez a Smiljan Radi\u0107 por la obtenci\u00f3n del Premio Pritzker de Arquitectura 2026\",\"datePublished\":\"2026-03-12T18:00:38+00:00\",\"dateModified\":\"2026-03-13T14:10:24+00:00\",\"mainEntityOfPage\":{\"@id\":\"https:\/\/colegioarquitectos.com\/noticias\/?p=35138\"},\"wordCount\":349,\"publisher\":{\"@id\":\"https:\/\/colegioarquitectos.com\/noticias\/#organization\"},\"image\":{\"@id\":\"https:\/\/colegioarquitectos.com\/noticias\/?p=35138#primaryimage\"},\"thumbnailUrl\":\"https:\/\/colegioarquitectos.com\/noticias\/wp-content\/uploads\/2026\/03\/carta-PRITZKER-RADIC-VERSION-WEB-APAISADA.png\",\"keywords\":[\"Carta\",\"Premio Pritzker\",\"Premio Pritzker de Arquitectura\",\"Premio Pritzker de Arquitectura 2026\",\"Pritzker\",\"Pritzker 2026\",\"Rodolfo Jim\u00e9nez\",\"Rodolfo Jim\u00e9nez Cavieres\",\"Smiljan Radi\u0107\",\"Smiljan Radi\u0107 Clarke\"],\"articleSection\":[\"Colegio\",\"Internacional\"],\"inLanguage\":\"es\"},{\"@type\":\"WebPage\",\"@id\":\"https:\/\/colegioarquitectos.com\/noticias\/?p=35138\",\"url\":\"https:\/\/colegioarquitectos.com\/noticias\/?p=35138\",\"name\":\"Carta del presidente nacional Rodolfo Jim\u00e9nez a Smiljan Radi\u0107 por la obtenci\u00f3n del Premio Pritzker de Arquitectura 2026 - COLEGIO DE ARQUITECTOS DE CHILE\",\"isPartOf\":{\"@id\":\"https:\/\/colegioarquitectos.com\/noticias\/#website\"},\"primaryImageOfPage\":{\"@id\":\"https:\/\/colegioarquitectos.com\/noticias\/?p=35138#primaryimage\"},\"image\":{\"@id\":\"https:\/\/colegioarquitectos.com\/noticias\/?p=35138#primaryimage\"},\"thumbnailUrl\":\"https:\/\/colegioarquitectos.com\/noticias\/wp-content\/uploads\/2026\/03\/carta-PRITZKER-RADIC-VERSION-WEB-APAISADA.png\",\"datePublished\":\"2026-03-12T18:00:38+00:00\",\"dateModified\":\"2026-03-13T14:10:24+00:00\",\"breadcrumb\":{\"@id\":\"https:\/\/colegioarquitectos.com\/noticias\/?p=35138#breadcrumb\"},\"inLanguage\":\"es\",\"potentialAction\":[{\"@type\":\"ReadAction\",\"target\":[\"https:\/\/colegioarquitectos.com\/noticias\/?p=35138\"]}]},{\"@type\":\"ImageObject\",\"inLanguage\":\"es\",\"@id\":\"https:\/\/colegioarquitectos.com\/noticias\/?p=35138#primaryimage\",\"url\":\"https:\/\/colegioarquitectos.com\/noticias\/wp-content\/uploads\/2026\/03\/carta-PRITZKER-RADIC-VERSION-WEB-APAISADA.png\",\"contentUrl\":\"https:\/\/colegioarquitectos.com\/noticias\/wp-content\/uploads\/2026\/03\/carta-PRITZKER-RADIC-VERSION-WEB-APAISADA.png\",\"width\":1280,\"height\":800},{\"@type\":\"BreadcrumbList\",\"@id\":\"https:\/\/colegioarquitectos.com\/noticias\/?p=35138#breadcrumb\",\"itemListElement\":[{\"@type\":\"ListItem\",\"position\":1,\"name\":\"Portada\",\"item\":\"https:\/\/colegioarquitectos.com\/noticias\"},{\"@type\":\"ListItem\",\"position\":2,\"name\":\"Carta del presidente nacional Rodolfo Jim\u00e9nez a Smiljan Radi\u0107 por la obtenci\u00f3n del Premio Pritzker de Arquitectura 2026\"}]},{\"@type\":\"WebSite\",\"@id\":\"https:\/\/colegioarquitectos.com\/noticias\/#website\",\"url\":\"https:\/\/colegioarquitectos.com\/noticias\/\",\"name\":\"COLEGIO DE ARQUITECTOS DE CHILE\",\"description\":\"\",\"publisher\":{\"@id\":\"https:\/\/colegioarquitectos.com\/noticias\/#organization\"},\"potentialAction\":[{\"@type\":\"SearchAction\",\"target\":{\"@type\":\"EntryPoint\",\"urlTemplate\":\"https:\/\/colegioarquitectos.com\/noticias\/?s={search_term_string}\"},\"query-input\":{\"@type\":\"PropertyValueSpecification\",\"valueRequired\":true,\"valueName\":\"search_term_string\"}}],\"inLanguage\":\"es\"},{\"@type\":\"Organization\",\"@id\":\"https:\/\/colegioarquitectos.com\/noticias\/#organization\",\"name\":\"COLEGIO DE ARQUITECTOS DE CHILE\",\"url\":\"https:\/\/colegioarquitectos.com\/noticias\/\",\"logo\":{\"@type\":\"ImageObject\",\"inLanguage\":\"es\",\"@id\":\"https:\/\/colegioarquitectos.com\/noticias\/#\/schema\/logo\/image\/\",\"url\":\"https:\/\/colegioarquitectos.com\/noticias\/wp-content\/uploads\/2021\/05\/ENCABEZADO-LOGO-CA.jpg\",\"contentUrl\":\"https:\/\/colegioarquitectos.com\/noticias\/wp-content\/uploads\/2021\/05\/ENCABEZADO-LOGO-CA.jpg\",\"width\":690,\"height\":350,\"caption\":\"COLEGIO DE ARQUITECTOS DE CHILE\"},\"image\":{\"@id\":\"https:\/\/colegioarquitectos.com\/noticias\/#\/schema\/logo\/image\/\"},\"sameAs\":[\"https:\/\/facebook.com\/Colegioarq\/\",\"https:\/\/x.com\/colegioarq\",\"https:\/\/instagram.com\/colegioarq\",\"https:\/\/youtube.com\/@ColegiodeArquitectosdeChile\"]},{\"@type\":\"Person\",\"@id\":\"https:\/\/colegioarquitectos.com\/noticias\/#\/schema\/person\/685cc0aad148303c5608f049af8285ad\",\"name\":\"Colegio de Arquitectos de Chile\",\"url\":\"https:\/\/colegioarquitectos.com\/noticias\/?author=4\"}]}<\/script>\n<!-- \/ Yoast SEO plugin. -->","yoast_head_json":{"title":"Carta del presidente nacional Rodolfo Jim\u00e9nez a Smiljan Radi\u0107 por la obtenci\u00f3n del Premio Pritzker de Arquitectura 2026 - COLEGIO DE ARQUITECTOS DE CHILE","robots":{"index":"index","follow":"follow","max-snippet":"max-snippet:-1","max-image-preview":"max-image-preview:large","max-video-preview":"max-video-preview:-1"},"canonical":"https:\/\/colegioarquitectos.com\/noticias\/?p=35138","og_locale":"es_ES","og_type":"article","og_title":"Carta del presidente nacional Rodolfo Jim\u00e9nez a Smiljan Radi\u0107 por la obtenci\u00f3n del Premio Pritzker de Arquitectura 2026 - COLEGIO DE ARQUITECTOS DE CHILE","og_description":"Santiago de Chile, 12 de marzo de 2026 &nbsp; Se\u00f1or Smiljan Radi\u0107 Clarke Premio Pritzker de Arquitectura 2026 ICA 5604 &nbsp; P R E S E N T E &nbsp; Estimado Smiljan: Los arquitectos y arquitectas de Chile hemos recibido &hellip; ver m\u00e1s","og_url":"https:\/\/colegioarquitectos.com\/noticias\/?p=35138","og_site_name":"COLEGIO DE ARQUITECTOS DE CHILE","article_publisher":"https:\/\/facebook.com\/Colegioarq\/","article_published_time":"2026-03-12T18:00:38+00:00","article_modified_time":"2026-03-13T14:10:24+00:00","og_image":[{"width":1280,"height":800,"url":"https:\/\/colegioarquitectos.com\/noticias\/wp-content\/uploads\/2026\/03\/carta-PRITZKER-RADIC-VERSION-WEB-APAISADA.png","type":"image\/png"}],"author":"Colegio de Arquitectos de Chile","twitter_card":"summary_large_image","twitter_creator":"@colegioarq","twitter_site":"@colegioarq","twitter_misc":{"Escrito por":"Colegio de Arquitectos de Chile","Tiempo de lectura":"2 minutos"},"schema":{"@context":"https:\/\/schema.org","@graph":[{"@type":"Article","@id":"https:\/\/colegioarquitectos.com\/noticias\/?p=35138#article","isPartOf":{"@id":"https:\/\/colegioarquitectos.com\/noticias\/?p=35138"},"author":{"name":"Colegio de Arquitectos de Chile","@id":"https:\/\/colegioarquitectos.com\/noticias\/#\/schema\/person\/685cc0aad148303c5608f049af8285ad"},"headline":"Carta del presidente nacional Rodolfo Jim\u00e9nez a Smiljan Radi\u0107 por la obtenci\u00f3n del Premio Pritzker de Arquitectura 2026","datePublished":"2026-03-12T18:00:38+00:00","dateModified":"2026-03-13T14:10:24+00:00","mainEntityOfPage":{"@id":"https:\/\/colegioarquitectos.com\/noticias\/?p=35138"},"wordCount":349,"publisher":{"@id":"https:\/\/colegioarquitectos.com\/noticias\/#organization"},"image":{"@id":"https:\/\/colegioarquitectos.com\/noticias\/?p=35138#primaryimage"},"thumbnailUrl":"https:\/\/colegioarquitectos.com\/noticias\/wp-content\/uploads\/2026\/03\/carta-PRITZKER-RADIC-VERSION-WEB-APAISADA.png","keywords":["Carta","Premio Pritzker","Premio Pritzker de Arquitectura","Premio Pritzker de Arquitectura 2026","Pritzker","Pritzker 2026","Rodolfo Jim\u00e9nez","Rodolfo Jim\u00e9nez Cavieres","Smiljan Radi\u0107","Smiljan Radi\u0107 Clarke"],"articleSection":["Colegio","Internacional"],"inLanguage":"es"},{"@type":"WebPage","@id":"https:\/\/colegioarquitectos.com\/noticias\/?p=35138","url":"https:\/\/colegioarquitectos.com\/noticias\/?p=35138","name":"Carta del presidente nacional Rodolfo Jim\u00e9nez a Smiljan Radi\u0107 por la obtenci\u00f3n del Premio Pritzker de Arquitectura 2026 - COLEGIO DE ARQUITECTOS DE CHILE","isPartOf":{"@id":"https:\/\/colegioarquitectos.com\/noticias\/#website"},"primaryImageOfPage":{"@id":"https:\/\/colegioarquitectos.com\/noticias\/?p=35138#primaryimage"},"image":{"@id":"https:\/\/colegioarquitectos.com\/noticias\/?p=35138#primaryimage"},"thumbnailUrl":"https:\/\/colegioarquitectos.com\/noticias\/wp-content\/uploads\/2026\/03\/carta-PRITZKER-RADIC-VERSION-WEB-APAISADA.png","datePublished":"2026-03-12T18:00:38+00:00","dateModified":"2026-03-13T14:10:24+00:00","breadcrumb":{"@id":"https:\/\/colegioarquitectos.com\/noticias\/?p=35138#breadcrumb"},"inLanguage":"es","potentialAction":[{"@type":"ReadAction","target":["https:\/\/colegioarquitectos.com\/noticias\/?p=35138"]}]},{"@type":"ImageObject","inLanguage":"es","@id":"https:\/\/colegioarquitectos.com\/noticias\/?p=35138#primaryimage","url":"https:\/\/colegioarquitectos.com\/noticias\/wp-content\/uploads\/2026\/03\/carta-PRITZKER-RADIC-VERSION-WEB-APAISADA.png","contentUrl":"https:\/\/colegioarquitectos.com\/noticias\/wp-content\/uploads\/2026\/03\/carta-PRITZKER-RADIC-VERSION-WEB-APAISADA.png","width":1280,"height":800},{"@type":"BreadcrumbList","@id":"https:\/\/colegioarquitectos.com\/noticias\/?p=35138#breadcrumb","itemListElement":[{"@type":"ListItem","position":1,"name":"Portada","item":"https:\/\/colegioarquitectos.com\/noticias"},{"@type":"ListItem","position":2,"name":"Carta del presidente nacional Rodolfo Jim\u00e9nez a Smiljan Radi\u0107 por la obtenci\u00f3n del Premio Pritzker de Arquitectura 2026"}]},{"@type":"WebSite","@id":"https:\/\/colegioarquitectos.com\/noticias\/#website","url":"https:\/\/colegioarquitectos.com\/noticias\/","name":"COLEGIO DE ARQUITECTOS DE CHILE","description":"","publisher":{"@id":"https:\/\/colegioarquitectos.com\/noticias\/#organization"},"potentialAction":[{"@type":"SearchAction","target":{"@type":"EntryPoint","urlTemplate":"https:\/\/colegioarquitectos.com\/noticias\/?s={search_term_string}"},"query-input":{"@type":"PropertyValueSpecification","valueRequired":true,"valueName":"search_term_string"}}],"inLanguage":"es"},{"@type":"Organization","@id":"https:\/\/colegioarquitectos.com\/noticias\/#organization","name":"COLEGIO DE ARQUITECTOS DE CHILE","url":"https:\/\/colegioarquitectos.com\/noticias\/","logo":{"@type":"ImageObject","inLanguage":"es","@id":"https:\/\/colegioarquitectos.com\/noticias\/#\/schema\/logo\/image\/","url":"https:\/\/colegioarquitectos.com\/noticias\/wp-content\/uploads\/2021\/05\/ENCABEZADO-LOGO-CA.jpg","contentUrl":"https:\/\/colegioarquitectos.com\/noticias\/wp-content\/uploads\/2021\/05\/ENCABEZADO-LOGO-CA.jpg","width":690,"height":350,"caption":"COLEGIO DE ARQUITECTOS DE CHILE"},"image":{"@id":"https:\/\/colegioarquitectos.com\/noticias\/#\/schema\/logo\/image\/"},"sameAs":["https:\/\/facebook.com\/Colegioarq\/","https:\/\/x.com\/colegioarq","https:\/\/instagram.com\/colegioarq","https:\/\/youtube.com\/@ColegiodeArquitectosdeChile"]},{"@type":"Person","@id":"https:\/\/colegioarquitectos.com\/noticias\/#\/schema\/person\/685cc0aad148303c5608f049af8285ad","name":"Colegio de Arquitectos de Chile","url":"https:\/\/colegioarquitectos.com\/noticias\/?author=4"}]}},"_links":{"self":[{"href":"https:\/\/colegioarquitectos.com\/noticias\/index.php?rest_route=\/wp\/v2\/posts\/35138","targetHints":{"allow":["GET"]}}],"collection":[{"href":"https:\/\/colegioarquitectos.com\/noticias\/index.php?rest_route=\/wp\/v2\/posts"}],"about":[{"href":"https:\/\/colegioarquitectos.com\/noticias\/index.php?rest_route=\/wp\/v2\/types\/post"}],"author":[{"embeddable":true,"href":"https:\/\/colegioarquitectos.com\/noticias\/index.php?rest_route=\/wp\/v2\/users\/4"}],"replies":[{"embeddable":true,"href":"https:\/\/colegioarquitectos.com\/noticias\/index.php?rest_route=%2Fwp%2Fv2%2Fcomments&post=35138"}],"version-history":[{"count":2,"href":"https:\/\/colegioarquitectos.com\/noticias\/index.php?rest_route=\/wp\/v2\/posts\/35138\/revisions"}],"predecessor-version":[{"id":35142,"href":"https:\/\/colegioarquitectos.com\/noticias\/index.php?rest_route=\/wp\/v2\/posts\/35138\/revisions\/35142"}],"wp:featuredmedia":[{"embeddable":true,"href":"https:\/\/colegioarquitectos.com\/noticias\/index.php?rest_route=\/wp\/v2\/media\/35140"}],"wp:attachment":[{"href":"https:\/\/colegioarquitectos.com\/noticias\/index.php?rest_route=%2Fwp%2Fv2%2Fmedia&parent=35138"}],"wp:term":[{"taxonomy":"category","embeddable":true,"href":"https:\/\/colegioarquitectos.com\/noticias\/index.php?rest_route=%2Fwp%2Fv2%2Fcategories&post=35138"},{"taxonomy":"post_tag","embeddable":true,"href":"https:\/\/colegioarquitectos.com\/noticias\/index.php?rest_route=%2Fwp%2Fv2%2Ftags&post=35138"}],"curies":[{"name":"wp","href":"https:\/\/api.w.org\/{rel}","templated":true}]}}