
{"id":35144,"date":"2026-03-16T09:29:20","date_gmt":"2026-03-16T13:29:20","guid":{"rendered":"https:\/\/colegioarquitectos.com\/noticias\/?p=35144"},"modified":"2026-03-16T09:37:08","modified_gmt":"2026-03-16T13:37:08","slug":"no-te-pierdas-el-4to-foro-panamericano-de-arquitectas-fpaa-vivienda-colectiva-resiliencia-y-adaptabilidad-para-la-equidad-territorial","status":"publish","type":"post","link":"https:\/\/colegioarquitectos.com\/noticias\/?p=35144","title":{"rendered":"No te pierdas el 4to Foro Panamericano de Arquitectas FPAA: Vivienda Colectiva, Resiliencia y Adaptabilidad para la Equidad Territorial"},"content":{"rendered":"<p>El<strong> 4\u00ba Foro Panamericano de Arquitectas FPAA<\/strong> reunir\u00e1 este <strong>mi\u00e9rcoles 18 de marzo<\/strong> desde las <strong>18.30 horas (Horario Santiago de Chile | Horario Montevideo)<\/strong> a destacadas profesionales del continente para reflexionar sobre el papel de la arquitectura frente a los retos actuales del h\u00e1bitat.<\/p>\n<p>Con el tema <strong>\u00abVivienda Colectiva: Resiliencia y Adaptabilidad para la Equidad Territorial\u00bb<\/strong>, el encuentro convoca a arquitectas con trayectoria internacional en urbanismo, pol\u00edticas habitacionales, gesti\u00f3n p\u00fablica y pr\u00e1ctica profesional, entre las que se encuentra la presidenta de nuestro Comit\u00e9 de H\u00e1bitat y Vivienda, <strong>Ana Sugranyes Bickel<\/strong>.<\/p>\n<p>En la ocasi\u00f3n, tambi\u00e9n participar\u00e1n<strong> Johanna Hurme (Canad\u00e1), Gabriela Madrigal Garro (Costa Rica), Matilde Hinostroza Morales (Per\u00fa) <\/strong>y<strong> Caroline Marie-Calixte (Guyana Francesa)<\/strong>, arquitectas que compartir\u00e1n experiencias y enfoques sobre vivienda colectiva, derecho al h\u00e1bitat y transformaci\u00f3n urbana en Am\u00e9rica.<\/p>\n<p>Este espacio busca promover el di\u00e1logo panamericano y visibilizar el aporte de las arquitectas en la construcci\u00f3n de ciudades m\u00e1s justas, resilientes e inclusivas.<\/p>\n<p>&nbsp;<\/p>\n<h4>\u00bfC\u00f3mo verlo?<\/h4>\n<hr \/>\n<p>Podr\u00e1s seguirlo en vivo este <strong>mi\u00e9rcoles 18 de marzo desde las 18.30 horas<\/strong> en el canal de YouTube de la<span style=\"color: #000000;\"><strong> <a style=\"color: #000000;\" href=\"https:\/\/www.youtube.com\/@FPAAArquitectura\">Federaci\u00f3n Panamericana de Asociaciones de Arquitectos (FPAA)<\/a><\/strong><\/span>.<\/p>\n<p>&nbsp;<\/p>\n<p><\/p>","protected":false},"excerpt":{"rendered":"<p>El 4\u00ba Foro Panamericano de Arquitectas FPAA reunir\u00e1 este mi\u00e9rcoles 18 de marzo desde las 18.30 horas (Horario Santiago de Chile | Horario Montevideo) a destacadas profesionales del continente para reflexionar sobre el papel de la arquitectura frente a los &hellip; <a class=\"more-link\" href=\"https:\/\/colegioarquitectos.com\/noticias\/?p=35144\">ver m\u00e1s<\/a><\/p>","protected":false},"author":4,"featured_media":35145,"comment_status":"closed","ping_status":"closed","sticky":false,"template":"","format":"standard","meta":{"footnotes":""},"categories":[19,621],"tags":[1645,1570,1647,701,1650,724,1644,253,1648,1646,1649,1651],"class_list":["post-35144","post","type-post","status-publish","format-standard","has-post-thumbnail","hentry","category-actividades","category-internacional","tag-4to-foro-panamericano-de-arquitectas-fpaa","tag-ana-sugranyes","tag-ana-sugranyes-bickel","tag-arquitectas","tag-caroline-marie-calixte","tag-federacion-panamericana-de-asociaciones-de-arquitectos","tag-foro-panamericano-de-arquitectas-fpaa","tag-fpaa","tag-gabriela-madrigal-garro","tag-johanna-hurme","tag-matilde-hinostroza-morales","tag-vivienda-colectiva"],"yoast_head":"<!-- This site is optimized with the Yoast SEO plugin v24.2 - https:\/\/yoast.com\/wordpress\/plugins\/seo\/ -->\n<title>No te pierdas el 4to Foro Panamericano de Arquitectas FPAA: Vivienda Colectiva, Resiliencia y Adaptabilidad para la Equidad Territorial - COLEGIO DE ARQUITECTOS DE CHILE<\/title>\n<meta name=\"robots\" content=\"index, follow, max-snippet:-1, max-image-preview:large, max-video-preview:-1\" \/>\n<link rel=\"canonical\" href=\"https:\/\/colegioarquitectos.com\/noticias\/?p=35144\" \/>\n<meta property=\"og:locale\" content=\"es_ES\" \/>\n<meta property=\"og:type\" content=\"article\" \/>\n<meta property=\"og:title\" content=\"No te pierdas el 4to Foro Panamericano de Arquitectas FPAA: Vivienda Colectiva, Resiliencia y Adaptabilidad para la Equidad Territorial - COLEGIO DE ARQUITECTOS DE CHILE\" \/>\n<meta property=\"og:description\" content=\"El 4\u00ba Foro Panamericano de Arquitectas FPAA reunir\u00e1 este mi\u00e9rcoles 18 de marzo desde las 18.30 horas (Horario Santiago de Chile | Horario Montevideo) a destacadas profesionales del continente para reflexionar sobre el papel de la arquitectura frente a los &hellip; ver m\u00e1s\" \/>\n<meta property=\"og:url\" content=\"https:\/\/colegioarquitectos.com\/noticias\/?p=35144\" \/>\n<meta property=\"og:site_name\" content=\"COLEGIO DE ARQUITECTOS DE CHILE\" \/>\n<meta property=\"article:publisher\" content=\"https:\/\/facebook.com\/Colegioarq\/\" \/>\n<meta property=\"article:published_time\" content=\"2026-03-16T13:29:20+00:00\" \/>\n<meta property=\"article:modified_time\" content=\"2026-03-16T13:37:08+00:00\" \/>\n<meta property=\"og:image\" content=\"https:\/\/colegioarquitectos.com\/noticias\/wp-content\/uploads\/2026\/03\/ENCAB-FORO-FPAA.png\" \/>\n\t<meta property=\"og:image:width\" content=\"1280\" \/>\n\t<meta property=\"og:image:height\" content=\"720\" \/>\n\t<meta property=\"og:image:type\" content=\"image\/png\" \/>\n<meta name=\"author\" content=\"Colegio de Arquitectos de Chile\" \/>\n<meta name=\"twitter:card\" content=\"summary_large_image\" \/>\n<meta name=\"twitter:creator\" content=\"@colegioarq\" \/>\n<meta name=\"twitter:site\" content=\"@colegioarq\" \/>\n<meta name=\"twitter:label1\" content=\"Escrito por\" \/>\n\t<meta name=\"twitter:data1\" content=\"Colegio de Arquitectos de Chile\" \/>\n\t<meta name=\"twitter:label2\" content=\"Tiempo de lectura\" \/>\n\t<meta name=\"twitter:data2\" content=\"2 minutos\" \/>\n<script type=\"application\/ld+json\" class=\"yoast-schema-graph\">{\"@context\":\"https:\/\/schema.org\",\"@graph\":[{\"@type\":\"Article\",\"@id\":\"https:\/\/colegioarquitectos.com\/noticias\/?p=35144#article\",\"isPartOf\":{\"@id\":\"https:\/\/colegioarquitectos.com\/noticias\/?p=35144\"},\"author\":{\"name\":\"Colegio de Arquitectos de Chile\",\"@id\":\"https:\/\/colegioarquitectos.com\/noticias\/#\/schema\/person\/685cc0aad148303c5608f049af8285ad\"},\"headline\":\"No te pierdas el 4to Foro Panamericano de Arquitectas FPAA: Vivienda Colectiva, Resiliencia y Adaptabilidad para la Equidad Territorial\",\"datePublished\":\"2026-03-16T13:29:20+00:00\",\"dateModified\":\"2026-03-16T13:37:08+00:00\",\"mainEntityOfPage\":{\"@id\":\"https:\/\/colegioarquitectos.com\/noticias\/?p=35144\"},\"wordCount\":218,\"publisher\":{\"@id\":\"https:\/\/colegioarquitectos.com\/noticias\/#organization\"},\"image\":{\"@id\":\"https:\/\/colegioarquitectos.com\/noticias\/?p=35144#primaryimage\"},\"thumbnailUrl\":\"https:\/\/colegioarquitectos.com\/noticias\/wp-content\/uploads\/2026\/03\/ENCAB-FORO-FPAA.png\",\"keywords\":[\"4to Foro Panamericano de Arquitectas FPAA\",\"ana sugranyes\",\"Ana Sugranyes Bickel\",\"Arquitectas\",\"Caroline Marie-Calixte\",\"Federaci\u00f3n Panamericana de Asociaciones de Arquitectos\",\"Foro Panamericano de Arquitectas FPAA\",\"FPAA\",\"Gabriela Madrigal Garro\",\"Johanna Hurme\",\"Matilde Hinostroza Morales\",\"vivienda colectiva\"],\"articleSection\":[\"Actividades\",\"Internacional\"],\"inLanguage\":\"es\"},{\"@type\":\"WebPage\",\"@id\":\"https:\/\/colegioarquitectos.com\/noticias\/?p=35144\",\"url\":\"https:\/\/colegioarquitectos.com\/noticias\/?p=35144\",\"name\":\"No te pierdas el 4to Foro Panamericano de Arquitectas FPAA: Vivienda Colectiva, Resiliencia y Adaptabilidad para la Equidad Territorial - COLEGIO DE ARQUITECTOS DE CHILE\",\"isPartOf\":{\"@id\":\"https:\/\/colegioarquitectos.com\/noticias\/#website\"},\"primaryImageOfPage\":{\"@id\":\"https:\/\/colegioarquitectos.com\/noticias\/?p=35144#primaryimage\"},\"image\":{\"@id\":\"https:\/\/colegioarquitectos.com\/noticias\/?p=35144#primaryimage\"},\"thumbnailUrl\":\"https:\/\/colegioarquitectos.com\/noticias\/wp-content\/uploads\/2026\/03\/ENCAB-FORO-FPAA.png\",\"datePublished\":\"2026-03-16T13:29:20+00:00\",\"dateModified\":\"2026-03-16T13:37:08+00:00\",\"breadcrumb\":{\"@id\":\"https:\/\/colegioarquitectos.com\/noticias\/?p=35144#breadcrumb\"},\"inLanguage\":\"es\",\"potentialAction\":[{\"@type\":\"ReadAction\",\"target\":[\"https:\/\/colegioarquitectos.com\/noticias\/?p=35144\"]}]},{\"@type\":\"ImageObject\",\"inLanguage\":\"es\",\"@id\":\"https:\/\/colegioarquitectos.com\/noticias\/?p=35144#primaryimage\",\"url\":\"https:\/\/colegioarquitectos.com\/noticias\/wp-content\/uploads\/2026\/03\/ENCAB-FORO-FPAA.png\",\"contentUrl\":\"https:\/\/colegioarquitectos.com\/noticias\/wp-content\/uploads\/2026\/03\/ENCAB-FORO-FPAA.png\",\"width\":1280,\"height\":720},{\"@type\":\"BreadcrumbList\",\"@id\":\"https:\/\/colegioarquitectos.com\/noticias\/?p=35144#breadcrumb\",\"itemListElement\":[{\"@type\":\"ListItem\",\"position\":1,\"name\":\"Portada\",\"item\":\"https:\/\/colegioarquitectos.com\/noticias\"},{\"@type\":\"ListItem\",\"position\":2,\"name\":\"No te pierdas el 4to Foro Panamericano de Arquitectas FPAA: Vivienda Colectiva, Resiliencia y Adaptabilidad para la Equidad Territorial\"}]},{\"@type\":\"WebSite\",\"@id\":\"https:\/\/colegioarquitectos.com\/noticias\/#website\",\"url\":\"https:\/\/colegioarquitectos.com\/noticias\/\",\"name\":\"COLEGIO DE ARQUITECTOS DE CHILE\",\"description\":\"\",\"publisher\":{\"@id\":\"https:\/\/colegioarquitectos.com\/noticias\/#organization\"},\"potentialAction\":[{\"@type\":\"SearchAction\",\"target\":{\"@type\":\"EntryPoint\",\"urlTemplate\":\"https:\/\/colegioarquitectos.com\/noticias\/?s={search_term_string}\"},\"query-input\":{\"@type\":\"PropertyValueSpecification\",\"valueRequired\":true,\"valueName\":\"search_term_string\"}}],\"inLanguage\":\"es\"},{\"@type\":\"Organization\",\"@id\":\"https:\/\/colegioarquitectos.com\/noticias\/#organization\",\"name\":\"COLEGIO DE ARQUITECTOS DE CHILE\",\"url\":\"https:\/\/colegioarquitectos.com\/noticias\/\",\"logo\":{\"@type\":\"ImageObject\",\"inLanguage\":\"es\",\"@id\":\"https:\/\/colegioarquitectos.com\/noticias\/#\/schema\/logo\/image\/\",\"url\":\"https:\/\/colegioarquitectos.com\/noticias\/wp-content\/uploads\/2021\/05\/ENCABEZADO-LOGO-CA.jpg\",\"contentUrl\":\"https:\/\/colegioarquitectos.com\/noticias\/wp-content\/uploads\/2021\/05\/ENCABEZADO-LOGO-CA.jpg\",\"width\":690,\"height\":350,\"caption\":\"COLEGIO DE ARQUITECTOS DE CHILE\"},\"image\":{\"@id\":\"https:\/\/colegioarquitectos.com\/noticias\/#\/schema\/logo\/image\/\"},\"sameAs\":[\"https:\/\/facebook.com\/Colegioarq\/\",\"https:\/\/x.com\/colegioarq\",\"https:\/\/instagram.com\/colegioarq\",\"https:\/\/youtube.com\/@ColegiodeArquitectosdeChile\"]},{\"@type\":\"Person\",\"@id\":\"https:\/\/colegioarquitectos.com\/noticias\/#\/schema\/person\/685cc0aad148303c5608f049af8285ad\",\"name\":\"Colegio de Arquitectos de Chile\",\"url\":\"https:\/\/colegioarquitectos.com\/noticias\/?author=4\"}]}<\/script>\n<!-- \/ Yoast SEO plugin. -->","yoast_head_json":{"title":"No te pierdas el 4to Foro Panamericano de Arquitectas FPAA: Vivienda Colectiva, Resiliencia y Adaptabilidad para la Equidad Territorial - COLEGIO DE ARQUITECTOS DE CHILE","robots":{"index":"index","follow":"follow","max-snippet":"max-snippet:-1","max-image-preview":"max-image-preview:large","max-video-preview":"max-video-preview:-1"},"canonical":"https:\/\/colegioarquitectos.com\/noticias\/?p=35144","og_locale":"es_ES","og_type":"article","og_title":"No te pierdas el 4to Foro Panamericano de Arquitectas FPAA: Vivienda Colectiva, Resiliencia y Adaptabilidad para la Equidad Territorial - COLEGIO DE ARQUITECTOS DE CHILE","og_description":"El 4\u00ba Foro Panamericano de Arquitectas FPAA reunir\u00e1 este mi\u00e9rcoles 18 de marzo desde las 18.30 horas (Horario Santiago de Chile | Horario Montevideo) a destacadas profesionales del continente para reflexionar sobre el papel de la arquitectura frente a los &hellip; ver m\u00e1s","og_url":"https:\/\/colegioarquitectos.com\/noticias\/?p=35144","og_site_name":"COLEGIO DE ARQUITECTOS DE CHILE","article_publisher":"https:\/\/facebook.com\/Colegioarq\/","article_published_time":"2026-03-16T13:29:20+00:00","article_modified_time":"2026-03-16T13:37:08+00:00","og_image":[{"width":1280,"height":720,"url":"https:\/\/colegioarquitectos.com\/noticias\/wp-content\/uploads\/2026\/03\/ENCAB-FORO-FPAA.png","type":"image\/png"}],"author":"Colegio de Arquitectos de Chile","twitter_card":"summary_large_image","twitter_creator":"@colegioarq","twitter_site":"@colegioarq","twitter_misc":{"Escrito por":"Colegio de Arquitectos de Chile","Tiempo de lectura":"2 minutos"},"schema":{"@context":"https:\/\/schema.org","@graph":[{"@type":"Article","@id":"https:\/\/colegioarquitectos.com\/noticias\/?p=35144#article","isPartOf":{"@id":"https:\/\/colegioarquitectos.com\/noticias\/?p=35144"},"author":{"name":"Colegio de Arquitectos de Chile","@id":"https:\/\/colegioarquitectos.com\/noticias\/#\/schema\/person\/685cc0aad148303c5608f049af8285ad"},"headline":"No te pierdas el 4to Foro Panamericano de Arquitectas FPAA: Vivienda Colectiva, Resiliencia y Adaptabilidad para la Equidad Territorial","datePublished":"2026-03-16T13:29:20+00:00","dateModified":"2026-03-16T13:37:08+00:00","mainEntityOfPage":{"@id":"https:\/\/colegioarquitectos.com\/noticias\/?p=35144"},"wordCount":218,"publisher":{"@id":"https:\/\/colegioarquitectos.com\/noticias\/#organization"},"image":{"@id":"https:\/\/colegioarquitectos.com\/noticias\/?p=35144#primaryimage"},"thumbnailUrl":"https:\/\/colegioarquitectos.com\/noticias\/wp-content\/uploads\/2026\/03\/ENCAB-FORO-FPAA.png","keywords":["4to Foro Panamericano de Arquitectas FPAA","ana sugranyes","Ana Sugranyes Bickel","Arquitectas","Caroline Marie-Calixte","Federaci\u00f3n Panamericana de Asociaciones de Arquitectos","Foro Panamericano de Arquitectas FPAA","FPAA","Gabriela Madrigal Garro","Johanna Hurme","Matilde Hinostroza Morales","vivienda colectiva"],"articleSection":["Actividades","Internacional"],"inLanguage":"es"},{"@type":"WebPage","@id":"https:\/\/colegioarquitectos.com\/noticias\/?p=35144","url":"https:\/\/colegioarquitectos.com\/noticias\/?p=35144","name":"No te pierdas el 4to Foro Panamericano de Arquitectas FPAA: Vivienda Colectiva, Resiliencia y Adaptabilidad para la Equidad Territorial - COLEGIO DE ARQUITECTOS DE CHILE","isPartOf":{"@id":"https:\/\/colegioarquitectos.com\/noticias\/#website"},"primaryImageOfPage":{"@id":"https:\/\/colegioarquitectos.com\/noticias\/?p=35144#primaryimage"},"image":{"@id":"https:\/\/colegioarquitectos.com\/noticias\/?p=35144#primaryimage"},"thumbnailUrl":"https:\/\/colegioarquitectos.com\/noticias\/wp-content\/uploads\/2026\/03\/ENCAB-FORO-FPAA.png","datePublished":"2026-03-16T13:29:20+00:00","dateModified":"2026-03-16T13:37:08+00:00","breadcrumb":{"@id":"https:\/\/colegioarquitectos.com\/noticias\/?p=35144#breadcrumb"},"inLanguage":"es","potentialAction":[{"@type":"ReadAction","target":["https:\/\/colegioarquitectos.com\/noticias\/?p=35144"]}]},{"@type":"ImageObject","inLanguage":"es","@id":"https:\/\/colegioarquitectos.com\/noticias\/?p=35144#primaryimage","url":"https:\/\/colegioarquitectos.com\/noticias\/wp-content\/uploads\/2026\/03\/ENCAB-FORO-FPAA.png","contentUrl":"https:\/\/colegioarquitectos.com\/noticias\/wp-content\/uploads\/2026\/03\/ENCAB-FORO-FPAA.png","width":1280,"height":720},{"@type":"BreadcrumbList","@id":"https:\/\/colegioarquitectos.com\/noticias\/?p=35144#breadcrumb","itemListElement":[{"@type":"ListItem","position":1,"name":"Portada","item":"https:\/\/colegioarquitectos.com\/noticias"},{"@type":"ListItem","position":2,"name":"No te pierdas el 4to Foro Panamericano de Arquitectas FPAA: Vivienda Colectiva, Resiliencia y Adaptabilidad para la Equidad Territorial"}]},{"@type":"WebSite","@id":"https:\/\/colegioarquitectos.com\/noticias\/#website","url":"https:\/\/colegioarquitectos.com\/noticias\/","name":"COLEGIO DE ARQUITECTOS DE CHILE","description":"","publisher":{"@id":"https:\/\/colegioarquitectos.com\/noticias\/#organization"},"potentialAction":[{"@type":"SearchAction","target":{"@type":"EntryPoint","urlTemplate":"https:\/\/colegioarquitectos.com\/noticias\/?s={search_term_string}"},"query-input":{"@type":"PropertyValueSpecification","valueRequired":true,"valueName":"search_term_string"}}],"inLanguage":"es"},{"@type":"Organization","@id":"https:\/\/colegioarquitectos.com\/noticias\/#organization","name":"COLEGIO DE ARQUITECTOS DE CHILE","url":"https:\/\/colegioarquitectos.com\/noticias\/","logo":{"@type":"ImageObject","inLanguage":"es","@id":"https:\/\/colegioarquitectos.com\/noticias\/#\/schema\/logo\/image\/","url":"https:\/\/colegioarquitectos.com\/noticias\/wp-content\/uploads\/2021\/05\/ENCABEZADO-LOGO-CA.jpg","contentUrl":"https:\/\/colegioarquitectos.com\/noticias\/wp-content\/uploads\/2021\/05\/ENCABEZADO-LOGO-CA.jpg","width":690,"height":350,"caption":"COLEGIO DE ARQUITECTOS DE CHILE"},"image":{"@id":"https:\/\/colegioarquitectos.com\/noticias\/#\/schema\/logo\/image\/"},"sameAs":["https:\/\/facebook.com\/Colegioarq\/","https:\/\/x.com\/colegioarq","https:\/\/instagram.com\/colegioarq","https:\/\/youtube.com\/@ColegiodeArquitectosdeChile"]},{"@type":"Person","@id":"https:\/\/colegioarquitectos.com\/noticias\/#\/schema\/person\/685cc0aad148303c5608f049af8285ad","name":"Colegio de Arquitectos de Chile","url":"https:\/\/colegioarquitectos.com\/noticias\/?author=4"}]}},"_links":{"self":[{"href":"https:\/\/colegioarquitectos.com\/noticias\/index.php?rest_route=\/wp\/v2\/posts\/35144","targetHints":{"allow":["GET"]}}],"collection":[{"href":"https:\/\/colegioarquitectos.com\/noticias\/index.php?rest_route=\/wp\/v2\/posts"}],"about":[{"href":"https:\/\/colegioarquitectos.com\/noticias\/index.php?rest_route=\/wp\/v2\/types\/post"}],"author":[{"embeddable":true,"href":"https:\/\/colegioarquitectos.com\/noticias\/index.php?rest_route=\/wp\/v2\/users\/4"}],"replies":[{"embeddable":true,"href":"https:\/\/colegioarquitectos.com\/noticias\/index.php?rest_route=%2Fwp%2Fv2%2Fcomments&post=35144"}],"version-history":[{"count":1,"href":"https:\/\/colegioarquitectos.com\/noticias\/index.php?rest_route=\/wp\/v2\/posts\/35144\/revisions"}],"predecessor-version":[{"id":35146,"href":"https:\/\/colegioarquitectos.com\/noticias\/index.php?rest_route=\/wp\/v2\/posts\/35144\/revisions\/35146"}],"wp:featuredmedia":[{"embeddable":true,"href":"https:\/\/colegioarquitectos.com\/noticias\/index.php?rest_route=\/wp\/v2\/media\/35145"}],"wp:attachment":[{"href":"https:\/\/colegioarquitectos.com\/noticias\/index.php?rest_route=%2Fwp%2Fv2%2Fmedia&parent=35144"}],"wp:term":[{"taxonomy":"category","embeddable":true,"href":"https:\/\/colegioarquitectos.com\/noticias\/index.php?rest_route=%2Fwp%2Fv2%2Fcategories&post=35144"},{"taxonomy":"post_tag","embeddable":true,"href":"https:\/\/colegioarquitectos.com\/noticias\/index.php?rest_route=%2Fwp%2Fv2%2Ftags&post=35144"}],"curies":[{"name":"wp","href":"https:\/\/api.w.org\/{rel}","templated":true}]}}