
{"id":35147,"date":"2026-03-16T09:43:21","date_gmt":"2026-03-16T13:43:21","guid":{"rendered":"https:\/\/colegioarquitectos.com\/noticias\/?p=35147"},"modified":"2026-03-16T09:43:21","modified_gmt":"2026-03-16T13:43:21","slug":"critica-urbana-39-feminismo-y-espacio-nueva-edicion-de-la-revista-de-estudios-urbanos-y-territoriales","status":"publish","type":"post","link":"https:\/\/colegioarquitectos.com\/noticias\/?p=35147","title":{"rendered":"Cr\u00edtica Urbana 39: \u00abFeminismo y Espacio\u00bb \u2014 Nueva edici\u00f3n de la revista de estudios urbanos y territoriales"},"content":{"rendered":"<p><strong>Cr\u00edtica Urbana<\/strong>, la revista de estudios urbanos y territoriales de acceso abierto y colaboraci\u00f3n internacional, presenta su <strong>volumen IX, n\u00famero 39<\/strong>, bajo el t\u00edtulo <strong>\u00abFeminismo y Espacio\u00bb<\/strong>. Este nuevo n\u00famero \u2014ya disponible para lectura y descarga gratuita\u2014 re\u00fane una serie de art\u00edculos y reflexiones centrados en<strong> la aplicaci\u00f3n del feminismo a la vivienda, la ciudad y el territorio.\u00a0<\/strong><\/p>\n<p>&nbsp;<\/p>\n<h4 data-start=\"1313\" data-end=\"1402\">Descarga<\/h4>\n<hr \/>\n<p data-start=\"1313\" data-end=\"1402\">Puedes descargar<strong> Cr\u00edtica Urbana<\/strong>, la revista de estudios urbanos y territoriales de acceso abierto y colaboraci\u00f3n internacional,<strong> n\u00famero 39<\/strong>, bajo el t\u00edtulo <strong>\u00abFeminismo y Espacio\u00bb <a href=\"https:\/\/criticaurbana.com\/critica-urbana-39-feminismo-y-espacio\"><span style=\"color: #000000;\">ac\u00e1<\/span><\/a>.<\/strong><\/p>\n<p>&nbsp;<\/p>\n<p><\/p>","protected":false},"excerpt":{"rendered":"<p>Cr\u00edtica Urbana, la revista de estudios urbanos y territoriales de acceso abierto y colaboraci\u00f3n internacional, presenta su volumen IX, n\u00famero 39, bajo el t\u00edtulo \u00abFeminismo y Espacio\u00bb. Este nuevo n\u00famero \u2014ya disponible para lectura y descarga gratuita\u2014 re\u00fane una serie &hellip; <a class=\"more-link\" href=\"https:\/\/colegioarquitectos.com\/noticias\/?p=35147\">ver m\u00e1s<\/a><\/p>","protected":false},"author":4,"featured_media":34910,"comment_status":"closed","ping_status":"closed","sticky":false,"template":"","format":"standard","meta":{"footnotes":""},"categories":[3],"tags":[1654,1569,1652,1653,1568,1655,96],"class_list":["post-35147","post","type-post","status-publish","format-standard","has-post-thumbnail","hentry","category-noticias","tag-ciudad","tag-critica-urbana","tag-feminismo","tag-feminismo-y-espacio","tag-revista","tag-territorio","tag-vivienda"],"yoast_head":"<!-- This site is optimized with the Yoast SEO plugin v24.2 - https:\/\/yoast.com\/wordpress\/plugins\/seo\/ -->\n<title>Cr\u00edtica Urbana 39: \u00abFeminismo y Espacio\u00bb \u2014 Nueva edici\u00f3n de la revista de estudios urbanos y territoriales - COLEGIO DE ARQUITECTOS DE CHILE<\/title>\n<meta name=\"robots\" content=\"index, follow, max-snippet:-1, max-image-preview:large, max-video-preview:-1\" \/>\n<link rel=\"canonical\" href=\"https:\/\/colegioarquitectos.com\/noticias\/?p=35147\" \/>\n<meta property=\"og:locale\" content=\"es_ES\" \/>\n<meta property=\"og:type\" content=\"article\" \/>\n<meta property=\"og:title\" content=\"Cr\u00edtica Urbana 39: \u00abFeminismo y Espacio\u00bb \u2014 Nueva edici\u00f3n de la revista de estudios urbanos y territoriales - COLEGIO DE ARQUITECTOS DE CHILE\" \/>\n<meta property=\"og:description\" content=\"Cr\u00edtica Urbana, la revista de estudios urbanos y territoriales de acceso abierto y colaboraci\u00f3n internacional, presenta su volumen IX, n\u00famero 39, bajo el t\u00edtulo \u00abFeminismo y Espacio\u00bb. Este nuevo n\u00famero \u2014ya disponible para lectura y descarga gratuita\u2014 re\u00fane una serie &hellip; ver m\u00e1s\" \/>\n<meta property=\"og:url\" content=\"https:\/\/colegioarquitectos.com\/noticias\/?p=35147\" \/>\n<meta property=\"og:site_name\" content=\"COLEGIO DE ARQUITECTOS DE CHILE\" \/>\n<meta property=\"article:publisher\" content=\"https:\/\/facebook.com\/Colegioarq\/\" \/>\n<meta property=\"article:published_time\" content=\"2026-03-16T13:43:21+00:00\" \/>\n<meta property=\"og:image\" content=\"https:\/\/colegioarquitectos.com\/noticias\/wp-content\/uploads\/2025\/12\/Proyecto-nuevo-6.png\" \/>\n\t<meta property=\"og:image:width\" content=\"1280\" \/>\n\t<meta property=\"og:image:height\" content=\"720\" \/>\n\t<meta property=\"og:image:type\" content=\"image\/png\" \/>\n<meta name=\"author\" content=\"Colegio de Arquitectos de Chile\" \/>\n<meta name=\"twitter:card\" content=\"summary_large_image\" \/>\n<meta name=\"twitter:creator\" content=\"@colegioarq\" \/>\n<meta name=\"twitter:site\" content=\"@colegioarq\" \/>\n<meta name=\"twitter:label1\" content=\"Escrito por\" \/>\n\t<meta name=\"twitter:data1\" content=\"Colegio de Arquitectos de Chile\" \/>\n\t<meta name=\"twitter:label2\" content=\"Tiempo de lectura\" \/>\n\t<meta name=\"twitter:data2\" content=\"1 minuto\" \/>\n<script type=\"application\/ld+json\" class=\"yoast-schema-graph\">{\"@context\":\"https:\/\/schema.org\",\"@graph\":[{\"@type\":\"Article\",\"@id\":\"https:\/\/colegioarquitectos.com\/noticias\/?p=35147#article\",\"isPartOf\":{\"@id\":\"https:\/\/colegioarquitectos.com\/noticias\/?p=35147\"},\"author\":{\"name\":\"Colegio de Arquitectos de Chile\",\"@id\":\"https:\/\/colegioarquitectos.com\/noticias\/#\/schema\/person\/685cc0aad148303c5608f049af8285ad\"},\"headline\":\"Cr\u00edtica Urbana 39: \u00abFeminismo y Espacio\u00bb \u2014 Nueva edici\u00f3n de la revista de estudios urbanos y territoriales\",\"datePublished\":\"2026-03-16T13:43:21+00:00\",\"dateModified\":\"2026-03-16T13:43:21+00:00\",\"mainEntityOfPage\":{\"@id\":\"https:\/\/colegioarquitectos.com\/noticias\/?p=35147\"},\"wordCount\":114,\"publisher\":{\"@id\":\"https:\/\/colegioarquitectos.com\/noticias\/#organization\"},\"image\":{\"@id\":\"https:\/\/colegioarquitectos.com\/noticias\/?p=35147#primaryimage\"},\"thumbnailUrl\":\"https:\/\/colegioarquitectos.com\/noticias\/wp-content\/uploads\/2025\/12\/Proyecto-nuevo-6.png\",\"keywords\":[\"ciudad\",\"cr\u00edtica urbana\",\"feminismo\",\"feminismo y espacio\",\"revista\",\"territorio\",\"Vivienda\"],\"articleSection\":[\"Noticias\"],\"inLanguage\":\"es\"},{\"@type\":\"WebPage\",\"@id\":\"https:\/\/colegioarquitectos.com\/noticias\/?p=35147\",\"url\":\"https:\/\/colegioarquitectos.com\/noticias\/?p=35147\",\"name\":\"Cr\u00edtica Urbana 39: \u00abFeminismo y Espacio\u00bb \u2014 Nueva edici\u00f3n de la revista de estudios urbanos y territoriales - COLEGIO DE ARQUITECTOS DE CHILE\",\"isPartOf\":{\"@id\":\"https:\/\/colegioarquitectos.com\/noticias\/#website\"},\"primaryImageOfPage\":{\"@id\":\"https:\/\/colegioarquitectos.com\/noticias\/?p=35147#primaryimage\"},\"image\":{\"@id\":\"https:\/\/colegioarquitectos.com\/noticias\/?p=35147#primaryimage\"},\"thumbnailUrl\":\"https:\/\/colegioarquitectos.com\/noticias\/wp-content\/uploads\/2025\/12\/Proyecto-nuevo-6.png\",\"datePublished\":\"2026-03-16T13:43:21+00:00\",\"dateModified\":\"2026-03-16T13:43:21+00:00\",\"breadcrumb\":{\"@id\":\"https:\/\/colegioarquitectos.com\/noticias\/?p=35147#breadcrumb\"},\"inLanguage\":\"es\",\"potentialAction\":[{\"@type\":\"ReadAction\",\"target\":[\"https:\/\/colegioarquitectos.com\/noticias\/?p=35147\"]}]},{\"@type\":\"ImageObject\",\"inLanguage\":\"es\",\"@id\":\"https:\/\/colegioarquitectos.com\/noticias\/?p=35147#primaryimage\",\"url\":\"https:\/\/colegioarquitectos.com\/noticias\/wp-content\/uploads\/2025\/12\/Proyecto-nuevo-6.png\",\"contentUrl\":\"https:\/\/colegioarquitectos.com\/noticias\/wp-content\/uploads\/2025\/12\/Proyecto-nuevo-6.png\",\"width\":1280,\"height\":720},{\"@type\":\"BreadcrumbList\",\"@id\":\"https:\/\/colegioarquitectos.com\/noticias\/?p=35147#breadcrumb\",\"itemListElement\":[{\"@type\":\"ListItem\",\"position\":1,\"name\":\"Portada\",\"item\":\"https:\/\/colegioarquitectos.com\/noticias\"},{\"@type\":\"ListItem\",\"position\":2,\"name\":\"Cr\u00edtica Urbana 39: \u00abFeminismo y Espacio\u00bb \u2014 Nueva edici\u00f3n de la revista de estudios urbanos y territoriales\"}]},{\"@type\":\"WebSite\",\"@id\":\"https:\/\/colegioarquitectos.com\/noticias\/#website\",\"url\":\"https:\/\/colegioarquitectos.com\/noticias\/\",\"name\":\"COLEGIO DE ARQUITECTOS DE CHILE\",\"description\":\"\",\"publisher\":{\"@id\":\"https:\/\/colegioarquitectos.com\/noticias\/#organization\"},\"potentialAction\":[{\"@type\":\"SearchAction\",\"target\":{\"@type\":\"EntryPoint\",\"urlTemplate\":\"https:\/\/colegioarquitectos.com\/noticias\/?s={search_term_string}\"},\"query-input\":{\"@type\":\"PropertyValueSpecification\",\"valueRequired\":true,\"valueName\":\"search_term_string\"}}],\"inLanguage\":\"es\"},{\"@type\":\"Organization\",\"@id\":\"https:\/\/colegioarquitectos.com\/noticias\/#organization\",\"name\":\"COLEGIO DE ARQUITECTOS DE CHILE\",\"url\":\"https:\/\/colegioarquitectos.com\/noticias\/\",\"logo\":{\"@type\":\"ImageObject\",\"inLanguage\":\"es\",\"@id\":\"https:\/\/colegioarquitectos.com\/noticias\/#\/schema\/logo\/image\/\",\"url\":\"https:\/\/colegioarquitectos.com\/noticias\/wp-content\/uploads\/2021\/05\/ENCABEZADO-LOGO-CA.jpg\",\"contentUrl\":\"https:\/\/colegioarquitectos.com\/noticias\/wp-content\/uploads\/2021\/05\/ENCABEZADO-LOGO-CA.jpg\",\"width\":690,\"height\":350,\"caption\":\"COLEGIO DE ARQUITECTOS DE CHILE\"},\"image\":{\"@id\":\"https:\/\/colegioarquitectos.com\/noticias\/#\/schema\/logo\/image\/\"},\"sameAs\":[\"https:\/\/facebook.com\/Colegioarq\/\",\"https:\/\/x.com\/colegioarq\",\"https:\/\/instagram.com\/colegioarq\",\"https:\/\/youtube.com\/@ColegiodeArquitectosdeChile\"]},{\"@type\":\"Person\",\"@id\":\"https:\/\/colegioarquitectos.com\/noticias\/#\/schema\/person\/685cc0aad148303c5608f049af8285ad\",\"name\":\"Colegio de Arquitectos de Chile\",\"url\":\"https:\/\/colegioarquitectos.com\/noticias\/?author=4\"}]}<\/script>\n<!-- \/ Yoast SEO plugin. -->","yoast_head_json":{"title":"Cr\u00edtica Urbana 39: \u00abFeminismo y Espacio\u00bb \u2014 Nueva edici\u00f3n de la revista de estudios urbanos y territoriales - COLEGIO DE ARQUITECTOS DE CHILE","robots":{"index":"index","follow":"follow","max-snippet":"max-snippet:-1","max-image-preview":"max-image-preview:large","max-video-preview":"max-video-preview:-1"},"canonical":"https:\/\/colegioarquitectos.com\/noticias\/?p=35147","og_locale":"es_ES","og_type":"article","og_title":"Cr\u00edtica Urbana 39: \u00abFeminismo y Espacio\u00bb \u2014 Nueva edici\u00f3n de la revista de estudios urbanos y territoriales - COLEGIO DE ARQUITECTOS DE CHILE","og_description":"Cr\u00edtica Urbana, la revista de estudios urbanos y territoriales de acceso abierto y colaboraci\u00f3n internacional, presenta su volumen IX, n\u00famero 39, bajo el t\u00edtulo \u00abFeminismo y Espacio\u00bb. Este nuevo n\u00famero \u2014ya disponible para lectura y descarga gratuita\u2014 re\u00fane una serie &hellip; ver m\u00e1s","og_url":"https:\/\/colegioarquitectos.com\/noticias\/?p=35147","og_site_name":"COLEGIO DE ARQUITECTOS DE CHILE","article_publisher":"https:\/\/facebook.com\/Colegioarq\/","article_published_time":"2026-03-16T13:43:21+00:00","og_image":[{"width":1280,"height":720,"url":"https:\/\/colegioarquitectos.com\/noticias\/wp-content\/uploads\/2025\/12\/Proyecto-nuevo-6.png","type":"image\/png"}],"author":"Colegio de Arquitectos de Chile","twitter_card":"summary_large_image","twitter_creator":"@colegioarq","twitter_site":"@colegioarq","twitter_misc":{"Escrito por":"Colegio de Arquitectos de Chile","Tiempo de lectura":"1 minuto"},"schema":{"@context":"https:\/\/schema.org","@graph":[{"@type":"Article","@id":"https:\/\/colegioarquitectos.com\/noticias\/?p=35147#article","isPartOf":{"@id":"https:\/\/colegioarquitectos.com\/noticias\/?p=35147"},"author":{"name":"Colegio de Arquitectos de Chile","@id":"https:\/\/colegioarquitectos.com\/noticias\/#\/schema\/person\/685cc0aad148303c5608f049af8285ad"},"headline":"Cr\u00edtica Urbana 39: \u00abFeminismo y Espacio\u00bb \u2014 Nueva edici\u00f3n de la revista de estudios urbanos y territoriales","datePublished":"2026-03-16T13:43:21+00:00","dateModified":"2026-03-16T13:43:21+00:00","mainEntityOfPage":{"@id":"https:\/\/colegioarquitectos.com\/noticias\/?p=35147"},"wordCount":114,"publisher":{"@id":"https:\/\/colegioarquitectos.com\/noticias\/#organization"},"image":{"@id":"https:\/\/colegioarquitectos.com\/noticias\/?p=35147#primaryimage"},"thumbnailUrl":"https:\/\/colegioarquitectos.com\/noticias\/wp-content\/uploads\/2025\/12\/Proyecto-nuevo-6.png","keywords":["ciudad","cr\u00edtica urbana","feminismo","feminismo y espacio","revista","territorio","Vivienda"],"articleSection":["Noticias"],"inLanguage":"es"},{"@type":"WebPage","@id":"https:\/\/colegioarquitectos.com\/noticias\/?p=35147","url":"https:\/\/colegioarquitectos.com\/noticias\/?p=35147","name":"Cr\u00edtica Urbana 39: \u00abFeminismo y Espacio\u00bb \u2014 Nueva edici\u00f3n de la revista de estudios urbanos y territoriales - COLEGIO DE ARQUITECTOS DE CHILE","isPartOf":{"@id":"https:\/\/colegioarquitectos.com\/noticias\/#website"},"primaryImageOfPage":{"@id":"https:\/\/colegioarquitectos.com\/noticias\/?p=35147#primaryimage"},"image":{"@id":"https:\/\/colegioarquitectos.com\/noticias\/?p=35147#primaryimage"},"thumbnailUrl":"https:\/\/colegioarquitectos.com\/noticias\/wp-content\/uploads\/2025\/12\/Proyecto-nuevo-6.png","datePublished":"2026-03-16T13:43:21+00:00","dateModified":"2026-03-16T13:43:21+00:00","breadcrumb":{"@id":"https:\/\/colegioarquitectos.com\/noticias\/?p=35147#breadcrumb"},"inLanguage":"es","potentialAction":[{"@type":"ReadAction","target":["https:\/\/colegioarquitectos.com\/noticias\/?p=35147"]}]},{"@type":"ImageObject","inLanguage":"es","@id":"https:\/\/colegioarquitectos.com\/noticias\/?p=35147#primaryimage","url":"https:\/\/colegioarquitectos.com\/noticias\/wp-content\/uploads\/2025\/12\/Proyecto-nuevo-6.png","contentUrl":"https:\/\/colegioarquitectos.com\/noticias\/wp-content\/uploads\/2025\/12\/Proyecto-nuevo-6.png","width":1280,"height":720},{"@type":"BreadcrumbList","@id":"https:\/\/colegioarquitectos.com\/noticias\/?p=35147#breadcrumb","itemListElement":[{"@type":"ListItem","position":1,"name":"Portada","item":"https:\/\/colegioarquitectos.com\/noticias"},{"@type":"ListItem","position":2,"name":"Cr\u00edtica Urbana 39: \u00abFeminismo y Espacio\u00bb \u2014 Nueva edici\u00f3n de la revista de estudios urbanos y territoriales"}]},{"@type":"WebSite","@id":"https:\/\/colegioarquitectos.com\/noticias\/#website","url":"https:\/\/colegioarquitectos.com\/noticias\/","name":"COLEGIO DE ARQUITECTOS DE CHILE","description":"","publisher":{"@id":"https:\/\/colegioarquitectos.com\/noticias\/#organization"},"potentialAction":[{"@type":"SearchAction","target":{"@type":"EntryPoint","urlTemplate":"https:\/\/colegioarquitectos.com\/noticias\/?s={search_term_string}"},"query-input":{"@type":"PropertyValueSpecification","valueRequired":true,"valueName":"search_term_string"}}],"inLanguage":"es"},{"@type":"Organization","@id":"https:\/\/colegioarquitectos.com\/noticias\/#organization","name":"COLEGIO DE ARQUITECTOS DE CHILE","url":"https:\/\/colegioarquitectos.com\/noticias\/","logo":{"@type":"ImageObject","inLanguage":"es","@id":"https:\/\/colegioarquitectos.com\/noticias\/#\/schema\/logo\/image\/","url":"https:\/\/colegioarquitectos.com\/noticias\/wp-content\/uploads\/2021\/05\/ENCABEZADO-LOGO-CA.jpg","contentUrl":"https:\/\/colegioarquitectos.com\/noticias\/wp-content\/uploads\/2021\/05\/ENCABEZADO-LOGO-CA.jpg","width":690,"height":350,"caption":"COLEGIO DE ARQUITECTOS DE CHILE"},"image":{"@id":"https:\/\/colegioarquitectos.com\/noticias\/#\/schema\/logo\/image\/"},"sameAs":["https:\/\/facebook.com\/Colegioarq\/","https:\/\/x.com\/colegioarq","https:\/\/instagram.com\/colegioarq","https:\/\/youtube.com\/@ColegiodeArquitectosdeChile"]},{"@type":"Person","@id":"https:\/\/colegioarquitectos.com\/noticias\/#\/schema\/person\/685cc0aad148303c5608f049af8285ad","name":"Colegio de Arquitectos de Chile","url":"https:\/\/colegioarquitectos.com\/noticias\/?author=4"}]}},"_links":{"self":[{"href":"https:\/\/colegioarquitectos.com\/noticias\/index.php?rest_route=\/wp\/v2\/posts\/35147","targetHints":{"allow":["GET"]}}],"collection":[{"href":"https:\/\/colegioarquitectos.com\/noticias\/index.php?rest_route=\/wp\/v2\/posts"}],"about":[{"href":"https:\/\/colegioarquitectos.com\/noticias\/index.php?rest_route=\/wp\/v2\/types\/post"}],"author":[{"embeddable":true,"href":"https:\/\/colegioarquitectos.com\/noticias\/index.php?rest_route=\/wp\/v2\/users\/4"}],"replies":[{"embeddable":true,"href":"https:\/\/colegioarquitectos.com\/noticias\/index.php?rest_route=%2Fwp%2Fv2%2Fcomments&post=35147"}],"version-history":[{"count":1,"href":"https:\/\/colegioarquitectos.com\/noticias\/index.php?rest_route=\/wp\/v2\/posts\/35147\/revisions"}],"predecessor-version":[{"id":35148,"href":"https:\/\/colegioarquitectos.com\/noticias\/index.php?rest_route=\/wp\/v2\/posts\/35147\/revisions\/35148"}],"wp:featuredmedia":[{"embeddable":true,"href":"https:\/\/colegioarquitectos.com\/noticias\/index.php?rest_route=\/wp\/v2\/media\/34910"}],"wp:attachment":[{"href":"https:\/\/colegioarquitectos.com\/noticias\/index.php?rest_route=%2Fwp%2Fv2%2Fmedia&parent=35147"}],"wp:term":[{"taxonomy":"category","embeddable":true,"href":"https:\/\/colegioarquitectos.com\/noticias\/index.php?rest_route=%2Fwp%2Fv2%2Fcategories&post=35147"},{"taxonomy":"post_tag","embeddable":true,"href":"https:\/\/colegioarquitectos.com\/noticias\/index.php?rest_route=%2Fwp%2Fv2%2Ftags&post=35147"}],"curies":[{"name":"wp","href":"https:\/\/api.w.org\/{rel}","templated":true}]}}