
{"id":35149,"date":"2026-03-16T10:06:39","date_gmt":"2026-03-16T14:06:39","guid":{"rendered":"https:\/\/colegioarquitectos.com\/noticias\/?p=35149"},"modified":"2026-03-16T10:06:39","modified_gmt":"2026-03-16T14:06:39","slug":"revisa-la-conferencia-de-smiljan-radic-clarke-en-el-marco-de-la-xxii-bienal-de-arquitectura-y-urbanismo-de-chile-habitats-vulnerables","status":"publish","type":"post","link":"https:\/\/colegioarquitectos.com\/noticias\/?p=35149","title":{"rendered":"Revisa la conferencia de Smiljan Radi\u0107 Clarke en el marco de la XXII Bienal de Arquitectura y Urbanismo de Chile: H\u00e1bitats vulnerables"},"content":{"rendered":"<p>Ya puedes encontrar en nuestro canal de Youtube la conferencia del \u00faltimo ganador del <strong>Premio Pritzker de Arquitectura<\/strong>, <strong>Smiljan Radi\u0107 Clarke<\/strong>, en el marco de la<strong> XXII Bienal de Arquitectura y Urbanismo de Chile: H\u00e1bitats vulnerables<\/strong>.<\/p>\n<p>La conferencia se realiz\u00f3 en la <strong>estructura inflable<\/strong> de grandes dimensiones dise\u00f1ada por el mismo Radi\u0107 y <strong>Nicol\u00e1s Schmidt<\/strong>, que fue un <strong>escenario temporal de la Bienal ubicado en la Plaza Bulnes<\/strong>, al costado sur del<strong> Palacio de La Moneda<\/strong>.<\/p>\n<p style=\"text-align: center;\">\n<p style=\"text-align: center;\"><iframe loading=\"lazy\" title=\"YouTube video player\" src=\"https:\/\/www.youtube.com\/embed\/T08NIF91kUw?si=KoQ1Ej8Vdyuqsezv\" width=\"960\" height=\"615\" frameborder=\"0\" allowfullscreen=\"allowfullscreen\"><\/iframe><\/p>\n<p><\/p>","protected":false},"excerpt":{"rendered":"<p>Ya puedes encontrar en nuestro canal de Youtube la conferencia del \u00faltimo ganador del Premio Pritzker de Arquitectura, Smiljan Radi\u0107 Clarke, en el marco de la XXII Bienal de Arquitectura y Urbanismo de Chile: H\u00e1bitats vulnerables. La conferencia se realiz\u00f3 &hellip; <a class=\"more-link\" href=\"https:\/\/colegioarquitectos.com\/noticias\/?p=35149\">ver m\u00e1s<\/a><\/p>","protected":false},"author":4,"featured_media":35150,"comment_status":"closed","ping_status":"closed","sticky":false,"template":"","format":"standard","meta":{"footnotes":""},"categories":[59],"tags":[128,544,139,1657,182,1641,183,181,1656,1206,1640,1029],"class_list":["post-35149","post","type-post","status-publish","format-standard","has-post-thumbnail","hentry","category-bienal","tag-bienal","tag-conferencia","tag-habitats-vulnerables","tag-nicolas-schmidt","tag-premio-pritzker","tag-premio-pritzker-2026","tag-premio-pritzker-de-arquitectura","tag-pritzker","tag-pritzker-prize","tag-smiljan-radic","tag-smiljan-radic-clarke","tag-xxii-bienal-de-arquitectura-y-urbanismo-de-chile"],"yoast_head":"<!-- This site is optimized with the Yoast SEO plugin v24.2 - https:\/\/yoast.com\/wordpress\/plugins\/seo\/ -->\n<title>Revisa la conferencia de Smiljan Radi\u0107 Clarke en el marco de la XXII Bienal de Arquitectura y Urbanismo de Chile: H\u00e1bitats vulnerables - COLEGIO DE ARQUITECTOS DE CHILE<\/title>\n<meta name=\"robots\" content=\"index, follow, max-snippet:-1, max-image-preview:large, max-video-preview:-1\" \/>\n<link rel=\"canonical\" href=\"https:\/\/colegioarquitectos.com\/noticias\/?p=35149\" \/>\n<meta property=\"og:locale\" content=\"es_ES\" \/>\n<meta property=\"og:type\" content=\"article\" \/>\n<meta property=\"og:title\" content=\"Revisa la conferencia de Smiljan Radi\u0107 Clarke en el marco de la XXII Bienal de Arquitectura y Urbanismo de Chile: H\u00e1bitats vulnerables - COLEGIO DE ARQUITECTOS DE CHILE\" \/>\n<meta property=\"og:description\" content=\"Ya puedes encontrar en nuestro canal de Youtube la conferencia del \u00faltimo ganador del Premio Pritzker de Arquitectura, Smiljan Radi\u0107 Clarke, en el marco de la XXII Bienal de Arquitectura y Urbanismo de Chile: H\u00e1bitats vulnerables. La conferencia se realiz\u00f3 &hellip; ver m\u00e1s\" \/>\n<meta property=\"og:url\" content=\"https:\/\/colegioarquitectos.com\/noticias\/?p=35149\" \/>\n<meta property=\"og:site_name\" content=\"COLEGIO DE ARQUITECTOS DE CHILE\" \/>\n<meta property=\"article:publisher\" content=\"https:\/\/facebook.com\/Colegioarq\/\" \/>\n<meta property=\"article:published_time\" content=\"2026-03-16T14:06:39+00:00\" \/>\n<meta property=\"og:image\" content=\"https:\/\/colegioarquitectos.com\/noticias\/wp-content\/uploads\/2026\/03\/maxresdefault.jpg\" \/>\n\t<meta property=\"og:image:width\" content=\"1280\" \/>\n\t<meta property=\"og:image:height\" content=\"720\" \/>\n\t<meta property=\"og:image:type\" content=\"image\/jpeg\" \/>\n<meta name=\"author\" content=\"Colegio de Arquitectos de Chile\" \/>\n<meta name=\"twitter:card\" content=\"summary_large_image\" \/>\n<meta name=\"twitter:creator\" content=\"@colegioarq\" \/>\n<meta name=\"twitter:site\" content=\"@colegioarq\" \/>\n<meta name=\"twitter:label1\" content=\"Escrito por\" \/>\n\t<meta name=\"twitter:data1\" content=\"Colegio de Arquitectos de Chile\" \/>\n\t<meta name=\"twitter:label2\" content=\"Tiempo de lectura\" \/>\n\t<meta name=\"twitter:data2\" content=\"1 minuto\" \/>\n<script type=\"application\/ld+json\" class=\"yoast-schema-graph\">{\"@context\":\"https:\/\/schema.org\",\"@graph\":[{\"@type\":\"Article\",\"@id\":\"https:\/\/colegioarquitectos.com\/noticias\/?p=35149#article\",\"isPartOf\":{\"@id\":\"https:\/\/colegioarquitectos.com\/noticias\/?p=35149\"},\"author\":{\"name\":\"Colegio de Arquitectos de Chile\",\"@id\":\"https:\/\/colegioarquitectos.com\/noticias\/#\/schema\/person\/685cc0aad148303c5608f049af8285ad\"},\"headline\":\"Revisa la conferencia de Smiljan Radi\u0107 Clarke en el marco de la XXII Bienal de Arquitectura y Urbanismo de Chile: H\u00e1bitats vulnerables\",\"datePublished\":\"2026-03-16T14:06:39+00:00\",\"dateModified\":\"2026-03-16T14:06:39+00:00\",\"mainEntityOfPage\":{\"@id\":\"https:\/\/colegioarquitectos.com\/noticias\/?p=35149\"},\"wordCount\":102,\"publisher\":{\"@id\":\"https:\/\/colegioarquitectos.com\/noticias\/#organization\"},\"image\":{\"@id\":\"https:\/\/colegioarquitectos.com\/noticias\/?p=35149#primaryimage\"},\"thumbnailUrl\":\"https:\/\/colegioarquitectos.com\/noticias\/wp-content\/uploads\/2026\/03\/maxresdefault.jpg\",\"keywords\":[\"Bienal\",\"conferencia\",\"H\u00e1bitats vulnerables\",\"Nicol\u00e1s Schmidt\",\"Premio Pritzker\",\"Premio Pritzker 2026\",\"Premio Pritzker de Arquitectura\",\"Pritzker\",\"Pritzker Prize\",\"Smiljan Radi\u0107\",\"Smiljan Radi\u0107 Clarke\",\"XXII Bienal de Arquitectura y Urbanismo de Chile\"],\"articleSection\":[\"Bienal\"],\"inLanguage\":\"es\"},{\"@type\":\"WebPage\",\"@id\":\"https:\/\/colegioarquitectos.com\/noticias\/?p=35149\",\"url\":\"https:\/\/colegioarquitectos.com\/noticias\/?p=35149\",\"name\":\"Revisa la conferencia de Smiljan Radi\u0107 Clarke en el marco de la XXII Bienal de Arquitectura y Urbanismo de Chile: H\u00e1bitats vulnerables - COLEGIO DE ARQUITECTOS DE CHILE\",\"isPartOf\":{\"@id\":\"https:\/\/colegioarquitectos.com\/noticias\/#website\"},\"primaryImageOfPage\":{\"@id\":\"https:\/\/colegioarquitectos.com\/noticias\/?p=35149#primaryimage\"},\"image\":{\"@id\":\"https:\/\/colegioarquitectos.com\/noticias\/?p=35149#primaryimage\"},\"thumbnailUrl\":\"https:\/\/colegioarquitectos.com\/noticias\/wp-content\/uploads\/2026\/03\/maxresdefault.jpg\",\"datePublished\":\"2026-03-16T14:06:39+00:00\",\"dateModified\":\"2026-03-16T14:06:39+00:00\",\"breadcrumb\":{\"@id\":\"https:\/\/colegioarquitectos.com\/noticias\/?p=35149#breadcrumb\"},\"inLanguage\":\"es\",\"potentialAction\":[{\"@type\":\"ReadAction\",\"target\":[\"https:\/\/colegioarquitectos.com\/noticias\/?p=35149\"]}]},{\"@type\":\"ImageObject\",\"inLanguage\":\"es\",\"@id\":\"https:\/\/colegioarquitectos.com\/noticias\/?p=35149#primaryimage\",\"url\":\"https:\/\/colegioarquitectos.com\/noticias\/wp-content\/uploads\/2026\/03\/maxresdefault.jpg\",\"contentUrl\":\"https:\/\/colegioarquitectos.com\/noticias\/wp-content\/uploads\/2026\/03\/maxresdefault.jpg\",\"width\":1280,\"height\":720},{\"@type\":\"BreadcrumbList\",\"@id\":\"https:\/\/colegioarquitectos.com\/noticias\/?p=35149#breadcrumb\",\"itemListElement\":[{\"@type\":\"ListItem\",\"position\":1,\"name\":\"Portada\",\"item\":\"https:\/\/colegioarquitectos.com\/noticias\"},{\"@type\":\"ListItem\",\"position\":2,\"name\":\"Revisa la conferencia de Smiljan Radi\u0107 Clarke en el marco de la XXII Bienal de Arquitectura y Urbanismo de Chile: H\u00e1bitats vulnerables\"}]},{\"@type\":\"WebSite\",\"@id\":\"https:\/\/colegioarquitectos.com\/noticias\/#website\",\"url\":\"https:\/\/colegioarquitectos.com\/noticias\/\",\"name\":\"COLEGIO DE ARQUITECTOS DE CHILE\",\"description\":\"\",\"publisher\":{\"@id\":\"https:\/\/colegioarquitectos.com\/noticias\/#organization\"},\"potentialAction\":[{\"@type\":\"SearchAction\",\"target\":{\"@type\":\"EntryPoint\",\"urlTemplate\":\"https:\/\/colegioarquitectos.com\/noticias\/?s={search_term_string}\"},\"query-input\":{\"@type\":\"PropertyValueSpecification\",\"valueRequired\":true,\"valueName\":\"search_term_string\"}}],\"inLanguage\":\"es\"},{\"@type\":\"Organization\",\"@id\":\"https:\/\/colegioarquitectos.com\/noticias\/#organization\",\"name\":\"COLEGIO DE ARQUITECTOS DE CHILE\",\"url\":\"https:\/\/colegioarquitectos.com\/noticias\/\",\"logo\":{\"@type\":\"ImageObject\",\"inLanguage\":\"es\",\"@id\":\"https:\/\/colegioarquitectos.com\/noticias\/#\/schema\/logo\/image\/\",\"url\":\"https:\/\/colegioarquitectos.com\/noticias\/wp-content\/uploads\/2021\/05\/ENCABEZADO-LOGO-CA.jpg\",\"contentUrl\":\"https:\/\/colegioarquitectos.com\/noticias\/wp-content\/uploads\/2021\/05\/ENCABEZADO-LOGO-CA.jpg\",\"width\":690,\"height\":350,\"caption\":\"COLEGIO DE ARQUITECTOS DE CHILE\"},\"image\":{\"@id\":\"https:\/\/colegioarquitectos.com\/noticias\/#\/schema\/logo\/image\/\"},\"sameAs\":[\"https:\/\/facebook.com\/Colegioarq\/\",\"https:\/\/x.com\/colegioarq\",\"https:\/\/instagram.com\/colegioarq\",\"https:\/\/youtube.com\/@ColegiodeArquitectosdeChile\"]},{\"@type\":\"Person\",\"@id\":\"https:\/\/colegioarquitectos.com\/noticias\/#\/schema\/person\/685cc0aad148303c5608f049af8285ad\",\"name\":\"Colegio de Arquitectos de Chile\",\"url\":\"https:\/\/colegioarquitectos.com\/noticias\/?author=4\"}]}<\/script>\n<!-- \/ Yoast SEO plugin. -->","yoast_head_json":{"title":"Revisa la conferencia de Smiljan Radi\u0107 Clarke en el marco de la XXII Bienal de Arquitectura y Urbanismo de Chile: H\u00e1bitats vulnerables - COLEGIO DE ARQUITECTOS DE CHILE","robots":{"index":"index","follow":"follow","max-snippet":"max-snippet:-1","max-image-preview":"max-image-preview:large","max-video-preview":"max-video-preview:-1"},"canonical":"https:\/\/colegioarquitectos.com\/noticias\/?p=35149","og_locale":"es_ES","og_type":"article","og_title":"Revisa la conferencia de Smiljan Radi\u0107 Clarke en el marco de la XXII Bienal de Arquitectura y Urbanismo de Chile: H\u00e1bitats vulnerables - COLEGIO DE ARQUITECTOS DE CHILE","og_description":"Ya puedes encontrar en nuestro canal de Youtube la conferencia del \u00faltimo ganador del Premio Pritzker de Arquitectura, Smiljan Radi\u0107 Clarke, en el marco de la XXII Bienal de Arquitectura y Urbanismo de Chile: H\u00e1bitats vulnerables. La conferencia se realiz\u00f3 &hellip; ver m\u00e1s","og_url":"https:\/\/colegioarquitectos.com\/noticias\/?p=35149","og_site_name":"COLEGIO DE ARQUITECTOS DE CHILE","article_publisher":"https:\/\/facebook.com\/Colegioarq\/","article_published_time":"2026-03-16T14:06:39+00:00","og_image":[{"width":1280,"height":720,"url":"https:\/\/colegioarquitectos.com\/noticias\/wp-content\/uploads\/2026\/03\/maxresdefault.jpg","type":"image\/jpeg"}],"author":"Colegio de Arquitectos de Chile","twitter_card":"summary_large_image","twitter_creator":"@colegioarq","twitter_site":"@colegioarq","twitter_misc":{"Escrito por":"Colegio de Arquitectos de Chile","Tiempo de lectura":"1 minuto"},"schema":{"@context":"https:\/\/schema.org","@graph":[{"@type":"Article","@id":"https:\/\/colegioarquitectos.com\/noticias\/?p=35149#article","isPartOf":{"@id":"https:\/\/colegioarquitectos.com\/noticias\/?p=35149"},"author":{"name":"Colegio de Arquitectos de Chile","@id":"https:\/\/colegioarquitectos.com\/noticias\/#\/schema\/person\/685cc0aad148303c5608f049af8285ad"},"headline":"Revisa la conferencia de Smiljan Radi\u0107 Clarke en el marco de la XXII Bienal de Arquitectura y Urbanismo de Chile: H\u00e1bitats vulnerables","datePublished":"2026-03-16T14:06:39+00:00","dateModified":"2026-03-16T14:06:39+00:00","mainEntityOfPage":{"@id":"https:\/\/colegioarquitectos.com\/noticias\/?p=35149"},"wordCount":102,"publisher":{"@id":"https:\/\/colegioarquitectos.com\/noticias\/#organization"},"image":{"@id":"https:\/\/colegioarquitectos.com\/noticias\/?p=35149#primaryimage"},"thumbnailUrl":"https:\/\/colegioarquitectos.com\/noticias\/wp-content\/uploads\/2026\/03\/maxresdefault.jpg","keywords":["Bienal","conferencia","H\u00e1bitats vulnerables","Nicol\u00e1s Schmidt","Premio Pritzker","Premio Pritzker 2026","Premio Pritzker de Arquitectura","Pritzker","Pritzker Prize","Smiljan Radi\u0107","Smiljan Radi\u0107 Clarke","XXII Bienal de Arquitectura y Urbanismo de Chile"],"articleSection":["Bienal"],"inLanguage":"es"},{"@type":"WebPage","@id":"https:\/\/colegioarquitectos.com\/noticias\/?p=35149","url":"https:\/\/colegioarquitectos.com\/noticias\/?p=35149","name":"Revisa la conferencia de Smiljan Radi\u0107 Clarke en el marco de la XXII Bienal de Arquitectura y Urbanismo de Chile: H\u00e1bitats vulnerables - COLEGIO DE ARQUITECTOS DE CHILE","isPartOf":{"@id":"https:\/\/colegioarquitectos.com\/noticias\/#website"},"primaryImageOfPage":{"@id":"https:\/\/colegioarquitectos.com\/noticias\/?p=35149#primaryimage"},"image":{"@id":"https:\/\/colegioarquitectos.com\/noticias\/?p=35149#primaryimage"},"thumbnailUrl":"https:\/\/colegioarquitectos.com\/noticias\/wp-content\/uploads\/2026\/03\/maxresdefault.jpg","datePublished":"2026-03-16T14:06:39+00:00","dateModified":"2026-03-16T14:06:39+00:00","breadcrumb":{"@id":"https:\/\/colegioarquitectos.com\/noticias\/?p=35149#breadcrumb"},"inLanguage":"es","potentialAction":[{"@type":"ReadAction","target":["https:\/\/colegioarquitectos.com\/noticias\/?p=35149"]}]},{"@type":"ImageObject","inLanguage":"es","@id":"https:\/\/colegioarquitectos.com\/noticias\/?p=35149#primaryimage","url":"https:\/\/colegioarquitectos.com\/noticias\/wp-content\/uploads\/2026\/03\/maxresdefault.jpg","contentUrl":"https:\/\/colegioarquitectos.com\/noticias\/wp-content\/uploads\/2026\/03\/maxresdefault.jpg","width":1280,"height":720},{"@type":"BreadcrumbList","@id":"https:\/\/colegioarquitectos.com\/noticias\/?p=35149#breadcrumb","itemListElement":[{"@type":"ListItem","position":1,"name":"Portada","item":"https:\/\/colegioarquitectos.com\/noticias"},{"@type":"ListItem","position":2,"name":"Revisa la conferencia de Smiljan Radi\u0107 Clarke en el marco de la XXII Bienal de Arquitectura y Urbanismo de Chile: H\u00e1bitats vulnerables"}]},{"@type":"WebSite","@id":"https:\/\/colegioarquitectos.com\/noticias\/#website","url":"https:\/\/colegioarquitectos.com\/noticias\/","name":"COLEGIO DE ARQUITECTOS DE CHILE","description":"","publisher":{"@id":"https:\/\/colegioarquitectos.com\/noticias\/#organization"},"potentialAction":[{"@type":"SearchAction","target":{"@type":"EntryPoint","urlTemplate":"https:\/\/colegioarquitectos.com\/noticias\/?s={search_term_string}"},"query-input":{"@type":"PropertyValueSpecification","valueRequired":true,"valueName":"search_term_string"}}],"inLanguage":"es"},{"@type":"Organization","@id":"https:\/\/colegioarquitectos.com\/noticias\/#organization","name":"COLEGIO DE ARQUITECTOS DE CHILE","url":"https:\/\/colegioarquitectos.com\/noticias\/","logo":{"@type":"ImageObject","inLanguage":"es","@id":"https:\/\/colegioarquitectos.com\/noticias\/#\/schema\/logo\/image\/","url":"https:\/\/colegioarquitectos.com\/noticias\/wp-content\/uploads\/2021\/05\/ENCABEZADO-LOGO-CA.jpg","contentUrl":"https:\/\/colegioarquitectos.com\/noticias\/wp-content\/uploads\/2021\/05\/ENCABEZADO-LOGO-CA.jpg","width":690,"height":350,"caption":"COLEGIO DE ARQUITECTOS DE CHILE"},"image":{"@id":"https:\/\/colegioarquitectos.com\/noticias\/#\/schema\/logo\/image\/"},"sameAs":["https:\/\/facebook.com\/Colegioarq\/","https:\/\/x.com\/colegioarq","https:\/\/instagram.com\/colegioarq","https:\/\/youtube.com\/@ColegiodeArquitectosdeChile"]},{"@type":"Person","@id":"https:\/\/colegioarquitectos.com\/noticias\/#\/schema\/person\/685cc0aad148303c5608f049af8285ad","name":"Colegio de Arquitectos de Chile","url":"https:\/\/colegioarquitectos.com\/noticias\/?author=4"}]}},"_links":{"self":[{"href":"https:\/\/colegioarquitectos.com\/noticias\/index.php?rest_route=\/wp\/v2\/posts\/35149","targetHints":{"allow":["GET"]}}],"collection":[{"href":"https:\/\/colegioarquitectos.com\/noticias\/index.php?rest_route=\/wp\/v2\/posts"}],"about":[{"href":"https:\/\/colegioarquitectos.com\/noticias\/index.php?rest_route=\/wp\/v2\/types\/post"}],"author":[{"embeddable":true,"href":"https:\/\/colegioarquitectos.com\/noticias\/index.php?rest_route=\/wp\/v2\/users\/4"}],"replies":[{"embeddable":true,"href":"https:\/\/colegioarquitectos.com\/noticias\/index.php?rest_route=%2Fwp%2Fv2%2Fcomments&post=35149"}],"version-history":[{"count":1,"href":"https:\/\/colegioarquitectos.com\/noticias\/index.php?rest_route=\/wp\/v2\/posts\/35149\/revisions"}],"predecessor-version":[{"id":35151,"href":"https:\/\/colegioarquitectos.com\/noticias\/index.php?rest_route=\/wp\/v2\/posts\/35149\/revisions\/35151"}],"wp:featuredmedia":[{"embeddable":true,"href":"https:\/\/colegioarquitectos.com\/noticias\/index.php?rest_route=\/wp\/v2\/media\/35150"}],"wp:attachment":[{"href":"https:\/\/colegioarquitectos.com\/noticias\/index.php?rest_route=%2Fwp%2Fv2%2Fmedia&parent=35149"}],"wp:term":[{"taxonomy":"category","embeddable":true,"href":"https:\/\/colegioarquitectos.com\/noticias\/index.php?rest_route=%2Fwp%2Fv2%2Fcategories&post=35149"},{"taxonomy":"post_tag","embeddable":true,"href":"https:\/\/colegioarquitectos.com\/noticias\/index.php?rest_route=%2Fwp%2Fv2%2Ftags&post=35149"}],"curies":[{"name":"wp","href":"https:\/\/api.w.org\/{rel}","templated":true}]}}