
{"id":35813,"date":"2026-09-01T11:56:26","date_gmt":"2026-09-01T15:56:26","guid":{"rendered":"https:\/\/colegioarquitectos.com\/noticias\/?p=35813"},"modified":"2026-09-01T11:56:26","modified_gmt":"2026-09-01T15:56:26","slug":"declaracion-publica-el-presidente-nacional-rodolfo-jimenez-ante-las-declaraciones-del-subsecretario-del-patrimonio-cultural-emilio-de-la-cerda-sobre-el-premio-nacional-de-arquitectura","status":"publish","type":"post","link":"https:\/\/colegioarquitectos.com\/noticias\/?p=35813","title":{"rendered":"[Declaraci\u00f3n p\u00fablica] El presidente nacional Rodolfo Jim\u00e9nez ante las declaraciones del subsecretario del Patrimonio Cultural, Emilio De la Cerda, sobre el Premio Nacional de Arquitectura"},"content":{"rendered":"<p>En las \u00faltimas semanas, diversas voces se han manifestado en los medios de comunicaci\u00f3n respecto de la conveniencia de que Chile cuente con un Premio Nacional de Arquitectura otorgado por el Estado, incorpor\u00e1ndolo al sistema de Premios Nacionales establecido por la Ley N.\u00ba 19.169.<\/p>\n<p>Entre las m\u00e1s recientes se encuentra una declaraci\u00f3n que <em>The Clinic<\/em> atribuye al subsecretario del Patrimonio Cultural, Emilio De la Cerda, en la que se\u00f1ala que habr\u00eda \u00abhablado mucho\u00bb conmigo, en mi calidad de presidente del Colegio de Arquitectos de Chile, acerca de la posibilidad de que el Premio Nacional de Arquitectura sea entregado por el Estado. Al respecto, debo precisar que esa afirmaci\u00f3n no es efectiva. En la \u00fanica oportunidad en que me he reunido con el subsecretario, en una audiencia realizada conforme a la Ley del Lobby, este tema no form\u00f3 parte de nuestra conversaci\u00f3n.<\/p>\n<p>Hecha esta necesaria aclaraci\u00f3n, creo que ser\u00eda inconducente que el Colegio de Arquitectos de Chile se opusiera a que el Estado otorgara un reconocimiento oficial a arquitectas y arquitectos destacados. Por el contrario, considero que se trata de una aspiraci\u00f3n leg\u00edtima y valiosa.<\/p>\n<p>La arquitectura constituye una disciplina que trasciende ampliamente el ejercicio profesional. A trav\u00e9s de ella se construyen nuestras ciudades, viviendas y espacios p\u00fablicos; se preserva y transforma nuestro patrimonio y, en buena medida, se configura el entorno en el que se desarrolla la vida de las personas. Que el Estado reconozca a quienes hayan realizado una contribuci\u00f3n excepcional en este \u00e1mbito constituir\u00eda, por tanto, no solo un reconocimiento a una trayectoria individual, sino tambi\u00e9n una valoraci\u00f3n p\u00fablica de la arquitectura y de su contribuci\u00f3n al desarrollo cultural, social y territorial del pa\u00eds.<\/p>\n<p>Esta aspiraci\u00f3n, por lo dem\u00e1s, no es reciente. La propia Pol\u00edtica de Fomento de la Arquitectura 2017\u20132022 plante\u00f3 expl\u00edcitamente la necesidad de revisar la Ley N.\u00ba 19.169 y formular una propuesta destinada a incorporar un Premio Nacional de Arquitectura entre aquellos reconocidos oficialmente por el Estado.<\/p>\n<p>Sin embargo, considero necesario distinguir dos formas de reconocimiento que, lejos de ser contradictorias, poseen naturalezas diferentes y pueden perfectamente coexistir: el reconocimiento que una comunidad profesional otorga a trav\u00e9s de sus pares y aquel que el Estado confiere en representaci\u00f3n de la sociedad.<\/p>\n<p>Desde 1969, el Colegio de Arquitectos de Chile otorga el Premio Nacional de Arquitectura. Durante m\u00e1s de medio siglo, esta distinci\u00f3n ha reconocido trayectorias sobresalientes, no solo por su obra construida, sino tambi\u00e9n por sus aportes acad\u00e9micos, gremiales, culturales y p\u00fablicos, as\u00ed como por el desempe\u00f1o \u00e9tico de quienes han contribuido significativamente al desarrollo de nuestra disciplina. Su historia y la relevancia de quienes lo han recibido han construido un patrimonio institucional que pertenece no solamente al Colegio, sino tambi\u00e9n a la historia de la arquitectura chilena.<\/p>\n<p>La eventual creaci\u00f3n de un Premio Nacional de Arquitectura otorgado por el Estado no debiera significar la desaparici\u00f3n ni la sustituci\u00f3n de este reconocimiento. Por el contrario, ambos pueden coexistir y complementarse. Uno expresa el reconocimiento de una comunidad profesional organizada hacia quienes sus propios pares consideran referentes de la disciplina; el otro representar\u00eda el reconocimiento de la sociedad, a trav\u00e9s del Estado, al aporte que la arquitectura y quienes la ejercen realizan al desarrollo del pa\u00eds.<\/p>\n<p>Esta discusi\u00f3n podr\u00eda incluso abrir una reflexi\u00f3n m\u00e1s amplia. La legislaci\u00f3n vigente reconoce Premios Nacionales en literatura, periodismo, ciencias, historia, educaci\u00f3n, artes y humanidades, entre otras \u00e1reas, mientras diversas disciplinas que realizan contribuciones fundamentales al pa\u00eds -entre ellas la arquitectura y otras profesiones- no cuentan con un reconocimiento estatal espec\u00edfico de naturaleza equivalente. Parece razonable preguntarse, entonces, si despu\u00e9s de m\u00e1s de tres d\u00e9cadas de vigencia de la Ley N.\u00ba 19.169 no corresponde revisar y actualizar las disciplinas que Chile considera merecedoras de su m\u00e1ximo reconocimiento p\u00fablico.<\/p>\n<p>Desde mi responsabilidad como presidente del Colegio de Arquitectos de Chile, valoro que esta discusi\u00f3n se produzca y considero que nuestra instituci\u00f3n debe estar disponible para contribuir a ella. Al mismo tiempo, reafirmo la responsabilidad hist\u00f3rica del Colegio de continuar otorgando el Premio Nacional de Arquitectura que nuestra instituci\u00f3n cre\u00f3 en 1969 y que, a lo largo de m\u00e1s de medio siglo, ha adquirido un significado propio para nuestra profesi\u00f3n y para la arquitectura chilena.<\/p>\n<p>Defender esa trayectoria no significa, sin embargo, considerar inmutable la forma en que este reconocimiento se concede. M\u00e1s de cincuenta a\u00f1os de historia obligan tambi\u00e9n a revisar peri\u00f3dicamente sus procedimientos. Considero necesario actualizar su reglamento, fortalecer la transparencia de las postulaciones y de los mecanismos de evaluaci\u00f3n, ampliar la representatividad y pluralidad de quienes participan en el proceso y establecer las mayores garant\u00edas posibles tanto para nuestros asociados y asociadas como para la comunidad nacional.<\/p>\n<p>Preservar una instituci\u00f3n no significa dejarla intacta. Significa, precisamente, tener la capacidad de actualizarla para mantener su legitimidad, su vigencia y el reconocimiento de quienes forman parte de ella.<\/p>\n<p>Por estas razones, considero que la discusi\u00f3n no debiera plantearse como una disyuntiva entre un Premio Nacional de Arquitectura otorgado por el Colegio y un Premio Nacional de Arquitectura otorgado por el Estado. Chile puede perfectamente contar con ambos, porque representan reconocimientos de naturaleza distinta y complementaria: el de los pares a una trayectoria ejemplar dentro de la disciplina y el del Estado al aporte que la arquitectura y sus protagonistas realizan a la sociedad chilena.<\/p>\n<p>&nbsp;<\/p>\n<p>&nbsp;<\/p>\n<p>&nbsp;<\/p>\n<p><strong>Rodolfo Jim\u00e9nez Cavieres<\/strong><strong><br \/>\n<\/strong>Presidente nacional<br \/>\nColegio de Arquitectos de Chile<\/p>\n<p>&nbsp;<\/p>\n<p><\/p>","protected":false},"excerpt":{"rendered":"<p>En las \u00faltimas semanas, diversas voces se han manifestado en los medios de comunicaci\u00f3n respecto de la conveniencia de que Chile cuente con un Premio Nacional de Arquitectura otorgado por el Estado, incorpor\u00e1ndolo al sistema de Premios Nacionales establecido por &hellip; <a class=\"more-link\" href=\"https:\/\/colegioarquitectos.com\/noticias\/?p=35813\">ver m\u00e1s<\/a><\/p>","protected":false},"author":4,"featured_media":35814,"comment_status":"closed","ping_status":"closed","sticky":false,"template":"","format":"standard","meta":{"footnotes":""},"categories":[8,82],"tags":[189,1827,90,1127,1128,1828],"class_list":["post-35813","post","type-post","status-publish","format-standard","has-post-thumbnail","hentry","category-colegio-de-arquitectos","category-declaraciones-publicas","tag-declaracion-publica","tag-emilio-de-la-cerda","tag-premio-nacional-de-arquitectura","tag-rodolfo-jimenez","tag-rodolfo-jimenez-cavieres","tag-subsecretario-del-patrimonio-cultural"],"yoast_head":"<!-- This site is optimized with the Yoast SEO plugin v24.2 - https:\/\/yoast.com\/wordpress\/plugins\/seo\/ -->\n<title>[Declaraci\u00f3n p\u00fablica] El presidente nacional Rodolfo Jim\u00e9nez ante las declaraciones del subsecretario del Patrimonio Cultural, Emilio De la Cerda, sobre el Premio Nacional de Arquitectura - COLEGIO DE ARQUITECTOS DE CHILE<\/title>\n<meta name=\"robots\" content=\"index, follow, max-snippet:-1, max-image-preview:large, max-video-preview:-1\" \/>\n<link rel=\"canonical\" href=\"https:\/\/colegioarquitectos.com\/noticias\/?p=35813\" \/>\n<meta property=\"og:locale\" content=\"es_ES\" \/>\n<meta property=\"og:type\" content=\"article\" \/>\n<meta property=\"og:title\" content=\"[Declaraci\u00f3n p\u00fablica] El presidente nacional Rodolfo Jim\u00e9nez ante las declaraciones del subsecretario del Patrimonio Cultural, Emilio De la Cerda, sobre el Premio Nacional de Arquitectura - COLEGIO DE ARQUITECTOS DE CHILE\" \/>\n<meta property=\"og:description\" content=\"En las \u00faltimas semanas, diversas voces se han manifestado en los medios de comunicaci\u00f3n respecto de la conveniencia de que Chile cuente con un Premio Nacional de Arquitectura otorgado por el Estado, incorpor\u00e1ndolo al sistema de Premios Nacionales establecido por &hellip; ver m\u00e1s\" \/>\n<meta property=\"og:url\" content=\"https:\/\/colegioarquitectos.com\/noticias\/?p=35813\" \/>\n<meta property=\"og:site_name\" content=\"COLEGIO DE ARQUITECTOS DE CHILE\" \/>\n<meta property=\"article:publisher\" content=\"https:\/\/facebook.com\/Colegioarq\/\" \/>\n<meta property=\"article:published_time\" content=\"2026-09-01T15:56:26+00:00\" \/>\n<meta property=\"og:image\" content=\"https:\/\/colegioarquitectos.com\/noticias\/wp-content\/uploads\/2026\/09\/decrj-encab.png\" \/>\n\t<meta property=\"og:image:width\" content=\"1280\" \/>\n\t<meta property=\"og:image:height\" content=\"720\" \/>\n\t<meta property=\"og:image:type\" content=\"image\/png\" \/>\n<meta name=\"author\" content=\"Colegio de Arquitectos de Chile\" \/>\n<meta name=\"twitter:card\" content=\"summary_large_image\" \/>\n<meta name=\"twitter:creator\" content=\"@colegioarq\" \/>\n<meta name=\"twitter:site\" content=\"@colegioarq\" \/>\n<meta name=\"twitter:label1\" content=\"Escrito por\" \/>\n\t<meta name=\"twitter:data1\" content=\"Colegio de Arquitectos de Chile\" \/>\n\t<meta name=\"twitter:label2\" content=\"Tiempo de lectura\" \/>\n\t<meta name=\"twitter:data2\" content=\"5 minutos\" \/>\n<script type=\"application\/ld+json\" class=\"yoast-schema-graph\">{\"@context\":\"https:\/\/schema.org\",\"@graph\":[{\"@type\":\"Article\",\"@id\":\"https:\/\/colegioarquitectos.com\/noticias\/?p=35813#article\",\"isPartOf\":{\"@id\":\"https:\/\/colegioarquitectos.com\/noticias\/?p=35813\"},\"author\":{\"name\":\"Colegio de Arquitectos de Chile\",\"@id\":\"https:\/\/colegioarquitectos.com\/noticias\/#\/schema\/person\/685cc0aad148303c5608f049af8285ad\"},\"headline\":\"[Declaraci\u00f3n p\u00fablica] El presidente nacional Rodolfo Jim\u00e9nez ante las declaraciones del subsecretario del Patrimonio Cultural, Emilio De la Cerda, sobre el Premio Nacional de Arquitectura\",\"datePublished\":\"2026-09-01T15:56:26+00:00\",\"dateModified\":\"2026-09-01T15:56:26+00:00\",\"mainEntityOfPage\":{\"@id\":\"https:\/\/colegioarquitectos.com\/noticias\/?p=35813\"},\"wordCount\":976,\"publisher\":{\"@id\":\"https:\/\/colegioarquitectos.com\/noticias\/#organization\"},\"image\":{\"@id\":\"https:\/\/colegioarquitectos.com\/noticias\/?p=35813#primaryimage\"},\"thumbnailUrl\":\"https:\/\/colegioarquitectos.com\/noticias\/wp-content\/uploads\/2026\/09\/decrj-encab.png\",\"keywords\":[\"Declaraci\u00f3n p\u00fablica\",\"Emilio De la Cerda\",\"premio nacional de arquitectura\",\"Rodolfo Jim\u00e9nez\",\"Rodolfo Jim\u00e9nez Cavieres\",\"Subsecretario del Patrimonio Cultural\"],\"articleSection\":[\"Colegio\",\"Declaraciones p\u00fablicas\"],\"inLanguage\":\"es\"},{\"@type\":\"WebPage\",\"@id\":\"https:\/\/colegioarquitectos.com\/noticias\/?p=35813\",\"url\":\"https:\/\/colegioarquitectos.com\/noticias\/?p=35813\",\"name\":\"[Declaraci\u00f3n p\u00fablica] El presidente nacional Rodolfo Jim\u00e9nez ante las declaraciones del subsecretario del Patrimonio Cultural, Emilio De la Cerda, sobre el Premio Nacional de Arquitectura - COLEGIO DE ARQUITECTOS DE CHILE\",\"isPartOf\":{\"@id\":\"https:\/\/colegioarquitectos.com\/noticias\/#website\"},\"primaryImageOfPage\":{\"@id\":\"https:\/\/colegioarquitectos.com\/noticias\/?p=35813#primaryimage\"},\"image\":{\"@id\":\"https:\/\/colegioarquitectos.com\/noticias\/?p=35813#primaryimage\"},\"thumbnailUrl\":\"https:\/\/colegioarquitectos.com\/noticias\/wp-content\/uploads\/2026\/09\/decrj-encab.png\",\"datePublished\":\"2026-09-01T15:56:26+00:00\",\"dateModified\":\"2026-09-01T15:56:26+00:00\",\"breadcrumb\":{\"@id\":\"https:\/\/colegioarquitectos.com\/noticias\/?p=35813#breadcrumb\"},\"inLanguage\":\"es\",\"potentialAction\":[{\"@type\":\"ReadAction\",\"target\":[\"https:\/\/colegioarquitectos.com\/noticias\/?p=35813\"]}]},{\"@type\":\"ImageObject\",\"inLanguage\":\"es\",\"@id\":\"https:\/\/colegioarquitectos.com\/noticias\/?p=35813#primaryimage\",\"url\":\"https:\/\/colegioarquitectos.com\/noticias\/wp-content\/uploads\/2026\/09\/decrj-encab.png\",\"contentUrl\":\"https:\/\/colegioarquitectos.com\/noticias\/wp-content\/uploads\/2026\/09\/decrj-encab.png\",\"width\":1280,\"height\":720},{\"@type\":\"BreadcrumbList\",\"@id\":\"https:\/\/colegioarquitectos.com\/noticias\/?p=35813#breadcrumb\",\"itemListElement\":[{\"@type\":\"ListItem\",\"position\":1,\"name\":\"Portada\",\"item\":\"https:\/\/colegioarquitectos.com\/noticias\"},{\"@type\":\"ListItem\",\"position\":2,\"name\":\"[Declaraci\u00f3n p\u00fablica] El presidente nacional Rodolfo Jim\u00e9nez ante las declaraciones del subsecretario del Patrimonio Cultural, Emilio De la Cerda, sobre el Premio Nacional de Arquitectura\"}]},{\"@type\":\"WebSite\",\"@id\":\"https:\/\/colegioarquitectos.com\/noticias\/#website\",\"url\":\"https:\/\/colegioarquitectos.com\/noticias\/\",\"name\":\"COLEGIO DE ARQUITECTOS DE CHILE\",\"description\":\"\",\"publisher\":{\"@id\":\"https:\/\/colegioarquitectos.com\/noticias\/#organization\"},\"potentialAction\":[{\"@type\":\"SearchAction\",\"target\":{\"@type\":\"EntryPoint\",\"urlTemplate\":\"https:\/\/colegioarquitectos.com\/noticias\/?s={search_term_string}\"},\"query-input\":{\"@type\":\"PropertyValueSpecification\",\"valueRequired\":true,\"valueName\":\"search_term_string\"}}],\"inLanguage\":\"es\"},{\"@type\":\"Organization\",\"@id\":\"https:\/\/colegioarquitectos.com\/noticias\/#organization\",\"name\":\"COLEGIO DE ARQUITECTOS DE CHILE\",\"url\":\"https:\/\/colegioarquitectos.com\/noticias\/\",\"logo\":{\"@type\":\"ImageObject\",\"inLanguage\":\"es\",\"@id\":\"https:\/\/colegioarquitectos.com\/noticias\/#\/schema\/logo\/image\/\",\"url\":\"https:\/\/colegioarquitectos.com\/noticias\/wp-content\/uploads\/2021\/05\/ENCABEZADO-LOGO-CA.jpg\",\"contentUrl\":\"https:\/\/colegioarquitectos.com\/noticias\/wp-content\/uploads\/2021\/05\/ENCABEZADO-LOGO-CA.jpg\",\"width\":690,\"height\":350,\"caption\":\"COLEGIO DE ARQUITECTOS DE CHILE\"},\"image\":{\"@id\":\"https:\/\/colegioarquitectos.com\/noticias\/#\/schema\/logo\/image\/\"},\"sameAs\":[\"https:\/\/facebook.com\/Colegioarq\/\",\"https:\/\/x.com\/colegioarq\",\"https:\/\/instagram.com\/colegioarq\",\"https:\/\/youtube.com\/@ColegiodeArquitectosdeChile\"]},{\"@type\":\"Person\",\"@id\":\"https:\/\/colegioarquitectos.com\/noticias\/#\/schema\/person\/685cc0aad148303c5608f049af8285ad\",\"name\":\"Colegio de Arquitectos de Chile\",\"url\":\"https:\/\/colegioarquitectos.com\/noticias\/?author=4\"}]}<\/script>\n<!-- \/ Yoast SEO plugin. -->","yoast_head_json":{"title":"[Declaraci\u00f3n p\u00fablica] El presidente nacional Rodolfo Jim\u00e9nez ante las declaraciones del subsecretario del Patrimonio Cultural, Emilio De la Cerda, sobre el Premio Nacional de Arquitectura - COLEGIO DE ARQUITECTOS DE CHILE","robots":{"index":"index","follow":"follow","max-snippet":"max-snippet:-1","max-image-preview":"max-image-preview:large","max-video-preview":"max-video-preview:-1"},"canonical":"https:\/\/colegioarquitectos.com\/noticias\/?p=35813","og_locale":"es_ES","og_type":"article","og_title":"[Declaraci\u00f3n p\u00fablica] El presidente nacional Rodolfo Jim\u00e9nez ante las declaraciones del subsecretario del Patrimonio Cultural, Emilio De la Cerda, sobre el Premio Nacional de Arquitectura - COLEGIO DE ARQUITECTOS DE CHILE","og_description":"En las \u00faltimas semanas, diversas voces se han manifestado en los medios de comunicaci\u00f3n respecto de la conveniencia de que Chile cuente con un Premio Nacional de Arquitectura otorgado por el Estado, incorpor\u00e1ndolo al sistema de Premios Nacionales establecido por &hellip; ver m\u00e1s","og_url":"https:\/\/colegioarquitectos.com\/noticias\/?p=35813","og_site_name":"COLEGIO DE ARQUITECTOS DE CHILE","article_publisher":"https:\/\/facebook.com\/Colegioarq\/","article_published_time":"2026-09-01T15:56:26+00:00","og_image":[{"width":1280,"height":720,"url":"https:\/\/colegioarquitectos.com\/noticias\/wp-content\/uploads\/2026\/09\/decrj-encab.png","type":"image\/png"}],"author":"Colegio de Arquitectos de Chile","twitter_card":"summary_large_image","twitter_creator":"@colegioarq","twitter_site":"@colegioarq","twitter_misc":{"Escrito por":"Colegio de Arquitectos de Chile","Tiempo de lectura":"5 minutos"},"schema":{"@context":"https:\/\/schema.org","@graph":[{"@type":"Article","@id":"https:\/\/colegioarquitectos.com\/noticias\/?p=35813#article","isPartOf":{"@id":"https:\/\/colegioarquitectos.com\/noticias\/?p=35813"},"author":{"name":"Colegio de Arquitectos de Chile","@id":"https:\/\/colegioarquitectos.com\/noticias\/#\/schema\/person\/685cc0aad148303c5608f049af8285ad"},"headline":"[Declaraci\u00f3n p\u00fablica] El presidente nacional Rodolfo Jim\u00e9nez ante las declaraciones del subsecretario del Patrimonio Cultural, Emilio De la Cerda, sobre el Premio Nacional de Arquitectura","datePublished":"2026-09-01T15:56:26+00:00","dateModified":"2026-09-01T15:56:26+00:00","mainEntityOfPage":{"@id":"https:\/\/colegioarquitectos.com\/noticias\/?p=35813"},"wordCount":976,"publisher":{"@id":"https:\/\/colegioarquitectos.com\/noticias\/#organization"},"image":{"@id":"https:\/\/colegioarquitectos.com\/noticias\/?p=35813#primaryimage"},"thumbnailUrl":"https:\/\/colegioarquitectos.com\/noticias\/wp-content\/uploads\/2026\/09\/decrj-encab.png","keywords":["Declaraci\u00f3n p\u00fablica","Emilio De la Cerda","premio nacional de arquitectura","Rodolfo Jim\u00e9nez","Rodolfo Jim\u00e9nez Cavieres","Subsecretario del Patrimonio Cultural"],"articleSection":["Colegio","Declaraciones p\u00fablicas"],"inLanguage":"es"},{"@type":"WebPage","@id":"https:\/\/colegioarquitectos.com\/noticias\/?p=35813","url":"https:\/\/colegioarquitectos.com\/noticias\/?p=35813","name":"[Declaraci\u00f3n p\u00fablica] El presidente nacional Rodolfo Jim\u00e9nez ante las declaraciones del subsecretario del Patrimonio Cultural, Emilio De la Cerda, sobre el Premio Nacional de Arquitectura - COLEGIO DE ARQUITECTOS DE CHILE","isPartOf":{"@id":"https:\/\/colegioarquitectos.com\/noticias\/#website"},"primaryImageOfPage":{"@id":"https:\/\/colegioarquitectos.com\/noticias\/?p=35813#primaryimage"},"image":{"@id":"https:\/\/colegioarquitectos.com\/noticias\/?p=35813#primaryimage"},"thumbnailUrl":"https:\/\/colegioarquitectos.com\/noticias\/wp-content\/uploads\/2026\/09\/decrj-encab.png","datePublished":"2026-09-01T15:56:26+00:00","dateModified":"2026-09-01T15:56:26+00:00","breadcrumb":{"@id":"https:\/\/colegioarquitectos.com\/noticias\/?p=35813#breadcrumb"},"inLanguage":"es","potentialAction":[{"@type":"ReadAction","target":["https:\/\/colegioarquitectos.com\/noticias\/?p=35813"]}]},{"@type":"ImageObject","inLanguage":"es","@id":"https:\/\/colegioarquitectos.com\/noticias\/?p=35813#primaryimage","url":"https:\/\/colegioarquitectos.com\/noticias\/wp-content\/uploads\/2026\/09\/decrj-encab.png","contentUrl":"https:\/\/colegioarquitectos.com\/noticias\/wp-content\/uploads\/2026\/09\/decrj-encab.png","width":1280,"height":720},{"@type":"BreadcrumbList","@id":"https:\/\/colegioarquitectos.com\/noticias\/?p=35813#breadcrumb","itemListElement":[{"@type":"ListItem","position":1,"name":"Portada","item":"https:\/\/colegioarquitectos.com\/noticias"},{"@type":"ListItem","position":2,"name":"[Declaraci\u00f3n p\u00fablica] El presidente nacional Rodolfo Jim\u00e9nez ante las declaraciones del subsecretario del Patrimonio Cultural, Emilio De la Cerda, sobre el Premio Nacional de Arquitectura"}]},{"@type":"WebSite","@id":"https:\/\/colegioarquitectos.com\/noticias\/#website","url":"https:\/\/colegioarquitectos.com\/noticias\/","name":"COLEGIO DE ARQUITECTOS DE CHILE","description":"","publisher":{"@id":"https:\/\/colegioarquitectos.com\/noticias\/#organization"},"potentialAction":[{"@type":"SearchAction","target":{"@type":"EntryPoint","urlTemplate":"https:\/\/colegioarquitectos.com\/noticias\/?s={search_term_string}"},"query-input":{"@type":"PropertyValueSpecification","valueRequired":true,"valueName":"search_term_string"}}],"inLanguage":"es"},{"@type":"Organization","@id":"https:\/\/colegioarquitectos.com\/noticias\/#organization","name":"COLEGIO DE ARQUITECTOS DE CHILE","url":"https:\/\/colegioarquitectos.com\/noticias\/","logo":{"@type":"ImageObject","inLanguage":"es","@id":"https:\/\/colegioarquitectos.com\/noticias\/#\/schema\/logo\/image\/","url":"https:\/\/colegioarquitectos.com\/noticias\/wp-content\/uploads\/2021\/05\/ENCABEZADO-LOGO-CA.jpg","contentUrl":"https:\/\/colegioarquitectos.com\/noticias\/wp-content\/uploads\/2021\/05\/ENCABEZADO-LOGO-CA.jpg","width":690,"height":350,"caption":"COLEGIO DE ARQUITECTOS DE CHILE"},"image":{"@id":"https:\/\/colegioarquitectos.com\/noticias\/#\/schema\/logo\/image\/"},"sameAs":["https:\/\/facebook.com\/Colegioarq\/","https:\/\/x.com\/colegioarq","https:\/\/instagram.com\/colegioarq","https:\/\/youtube.com\/@ColegiodeArquitectosdeChile"]},{"@type":"Person","@id":"https:\/\/colegioarquitectos.com\/noticias\/#\/schema\/person\/685cc0aad148303c5608f049af8285ad","name":"Colegio de Arquitectos de Chile","url":"https:\/\/colegioarquitectos.com\/noticias\/?author=4"}]}},"_links":{"self":[{"href":"https:\/\/colegioarquitectos.com\/noticias\/index.php?rest_route=\/wp\/v2\/posts\/35813","targetHints":{"allow":["GET"]}}],"collection":[{"href":"https:\/\/colegioarquitectos.com\/noticias\/index.php?rest_route=\/wp\/v2\/posts"}],"about":[{"href":"https:\/\/colegioarquitectos.com\/noticias\/index.php?rest_route=\/wp\/v2\/types\/post"}],"author":[{"embeddable":true,"href":"https:\/\/colegioarquitectos.com\/noticias\/index.php?rest_route=\/wp\/v2\/users\/4"}],"replies":[{"embeddable":true,"href":"https:\/\/colegioarquitectos.com\/noticias\/index.php?rest_route=%2Fwp%2Fv2%2Fcomments&post=35813"}],"version-history":[{"count":1,"href":"https:\/\/colegioarquitectos.com\/noticias\/index.php?rest_route=\/wp\/v2\/posts\/35813\/revisions"}],"predecessor-version":[{"id":35815,"href":"https:\/\/colegioarquitectos.com\/noticias\/index.php?rest_route=\/wp\/v2\/posts\/35813\/revisions\/35815"}],"wp:featuredmedia":[{"embeddable":true,"href":"https:\/\/colegioarquitectos.com\/noticias\/index.php?rest_route=\/wp\/v2\/media\/35814"}],"wp:attachment":[{"href":"https:\/\/colegioarquitectos.com\/noticias\/index.php?rest_route=%2Fwp%2Fv2%2Fmedia&parent=35813"}],"wp:term":[{"taxonomy":"category","embeddable":true,"href":"https:\/\/colegioarquitectos.com\/noticias\/index.php?rest_route=%2Fwp%2Fv2%2Fcategories&post=35813"},{"taxonomy":"post_tag","embeddable":true,"href":"https:\/\/colegioarquitectos.com\/noticias\/index.php?rest_route=%2Fwp%2Fv2%2Ftags&post=35813"}],"curies":[{"name":"wp","href":"https:\/\/api.w.org\/{rel}","templated":true}]}}