
{"id":35816,"date":"2026-09-01T16:18:38","date_gmt":"2026-09-01T20:18:38","guid":{"rendered":"https:\/\/colegioarquitectos.com\/noticias\/?p=35816"},"modified":"2026-09-01T16:18:38","modified_gmt":"2026-09-01T20:18:38","slug":"discurso-del-presidente-nacional-rodolfo-jimenez-en-la-cena-anual-del-colegio-de-arquitectos-de-chile","status":"publish","type":"post","link":"https:\/\/colegioarquitectos.com\/noticias\/?p=35816","title":{"rendered":"Discurso del presidente nacional Rodolfo Jim\u00e9nez en la Cena Anual del Colegio de Arquitectos de Chile"},"content":{"rendered":"<p>Hoy nos reunimos aqu\u00ed celebrando los 84 a\u00f1os del Colegio de Arquitectos de Chile<strong>,<\/strong> una instituci\u00f3n que ha acompa\u00f1ado la historia del pa\u00eds y que, generaci\u00f3n tras generaci\u00f3n, ha reunido a quienes han elegido la arquitectura como vocaci\u00f3n, como oficio y como forma de servicio a la sociedad.<\/p>\n<p>En estos 84 a\u00f1os, miles de arquitectas y arquitectos han pasado por este Colegio, dejando en \u00e9l, sus ideas, sus debates, sus convicciones, sus esperanzas y su compromiso con Chile.<\/p>\n<p>Cada generaci\u00f3n ha recibido una herencia y, al mismo tiempo, ha tenido la responsabilidad de ampliarla, renovarla y entregarla a quienes vendr\u00e1n.<\/p>\n<p>Esta noche rendimos homenaje a todas y todos ellos.<\/p>\n<p>A quienes abrieron caminos cuando la arquitectura chilena comenzaba a consolidarse. A quienes defendieron la dignidad de la profesi\u00f3n. A quienes ense\u00f1aron, investigaron, proyectaron, construyeron y trabajaron incansablemente para que nuestras ciudades y territorios fueran mejores lugares para vivir.<\/p>\n<p>Algunas y algunos han alcanzado un reconocimiento que ha trascendido nuestras fronteras, como Alejandro Aravena y Smiljan Radi\u0107, con quienes tenemos la alegr\u00eda de contar esta noche entre nosotros.<\/p>\n<p>Sus trayectorias son motivo de orgullo para toda la arquitectura chilena y representan la capacidad de nuestro pa\u00eds para aportar al mundo pensamiento, creatividad, rigor y sensibilidad.<\/p>\n<p>Pero este homenaje no estar\u00eda completo si no celebr\u00e1ramos tambi\u00e9n a las miles de arquitectas y arquitectos cuya labor se ha desarrollado lejos de los grandes titulares y de los reconocimientos p\u00fablicos.<\/p>\n<p>Profesionales que, con una pasi\u00f3n silenciosa<strong>,<\/strong> han trabajado en cada rinc\u00f3n de nuestro territorio, muchas veces sin buscar otra recompensa que la satisfacci\u00f3n de haber contribuido a mejorar la vida de otros.<\/p>\n<p>A quienes proyectaron la casa donde una familia construy\u00f3 su historia;<\/p>\n<p>la escuela donde generaciones aprendieron a leer; el hospital, el consultorio, la plaza, el edificio p\u00fablico, la vivienda social,<\/p>\n<p>el peque\u00f1o comercio y tantos otros espacios que forman parte de la memoria cotidiana de nuestro pa\u00eds.<\/p>\n<p>Porque, en definitiva, la arquitectura consiste en construir los escenarios donde transcurre la existencia humana.<\/p>\n<p>A lo largo de la historia hemos transitado desde la paja, la madera, la tierra, la piedra, el acero, el cristal hasta hoy con los bytes y los algoritmos de la inteligencia artificial.<\/p>\n<p>Hemos dibujado sobre la arcilla, sobre el papel y en las pantallas. Hemos aprendido a construir con nuevos materiales y a imaginar con nuevas tecnolog\u00edas.<\/p>\n<p>Ma\u00f1ana, sin duda, proyectaremos con herramientas que hoy apenas alcanzamos a imaginar.<\/p>\n<p>Pero ninguna innovaci\u00f3n reemplazar\u00e1 la pregunta esencial que acompa\u00f1a a nuestra profesi\u00f3n: \u00bfC\u00f3mo queremos vivir juntos?<\/p>\n<p>Porque mientras exista un ser humano buscando un lugar donde habitar, existir\u00e1 la arquitectura.<\/p>\n<p>El Colegio de Arquitectos de Chile, es \u00a0y ser\u00e1 mucho m\u00e1s que una organizaci\u00f3n profesional. Es una casa com\u00fan. Es un espacio de encuentro, de reflexi\u00f3n y de compromiso.<\/p>\n<p>Es la expresi\u00f3n de una comunidad que, con leg\u00edtimas diferencias, comparte una convicci\u00f3n profunda: que la arquitectura en toda su extensi\u00f3n puede contribuir a construir un pa\u00eds m\u00e1s justo, m\u00e1s digno, m\u00e1s bello y m\u00e1s humano.<\/p>\n<p>Feliz aniversario al Colegio de Arquitectos de Chile.<\/p>\n<p>&nbsp;<\/p>\n<p>&nbsp;<\/p>\n<p><strong>Rodolfo Jim\u00e9nez Cavieres<\/strong><\/p>\n<p>Presidente nacional<\/p>\n<p>Colegio de Arquitectos de Chile<\/p>\n<p>&nbsp;<\/p>\n<p><\/p>","protected":false},"excerpt":{"rendered":"<p>Hoy nos reunimos aqu\u00ed celebrando los 84 a\u00f1os del Colegio de Arquitectos de Chile, una instituci\u00f3n que ha acompa\u00f1ado la historia del pa\u00eds y que, generaci\u00f3n tras generaci\u00f3n, ha reunido a quienes han elegido la arquitectura como vocaci\u00f3n, como oficio &hellip; <a class=\"more-link\" href=\"https:\/\/colegioarquitectos.com\/noticias\/?p=35816\">ver m\u00e1s<\/a><\/p>","protected":false},"author":4,"featured_media":35818,"comment_status":"closed","ping_status":"closed","sticky":false,"template":"","format":"standard","meta":{"footnotes":""},"categories":[1792,8],"tags":[1793,1794,1795,1808,1796,948,1449,1127,1128],"class_list":["post-35816","post","type-post","status-publish","format-standard","has-post-thumbnail","hentry","category-84-anos-ca","category-colegio-de-arquitectos","tag-84anosca","tag-84-anos","tag-84-anos-ca","tag-84-anos-del-colegio-de-arquitectos-de-chile","tag-aniversario-84-ca","tag-cena-anual","tag-discurso","tag-rodolfo-jimenez","tag-rodolfo-jimenez-cavieres"],"yoast_head":"<!-- This site is optimized with the Yoast SEO plugin v24.2 - https:\/\/yoast.com\/wordpress\/plugins\/seo\/ -->\n<title>Discurso del presidente nacional Rodolfo Jim\u00e9nez en la Cena Anual del Colegio de Arquitectos de Chile - COLEGIO DE ARQUITECTOS DE CHILE<\/title>\n<meta name=\"robots\" content=\"index, follow, max-snippet:-1, max-image-preview:large, max-video-preview:-1\" \/>\n<link rel=\"canonical\" href=\"https:\/\/colegioarquitectos.com\/noticias\/?p=35816\" \/>\n<meta property=\"og:locale\" content=\"es_ES\" \/>\n<meta property=\"og:type\" content=\"article\" \/>\n<meta property=\"og:title\" content=\"Discurso del presidente nacional Rodolfo Jim\u00e9nez en la Cena Anual del Colegio de Arquitectos de Chile - COLEGIO DE ARQUITECTOS DE CHILE\" \/>\n<meta property=\"og:description\" content=\"Hoy nos reunimos aqu\u00ed celebrando los 84 a\u00f1os del Colegio de Arquitectos de Chile, una instituci\u00f3n que ha acompa\u00f1ado la historia del pa\u00eds y que, generaci\u00f3n tras generaci\u00f3n, ha reunido a quienes han elegido la arquitectura como vocaci\u00f3n, como oficio &hellip; ver m\u00e1s\" \/>\n<meta property=\"og:url\" content=\"https:\/\/colegioarquitectos.com\/noticias\/?p=35816\" \/>\n<meta property=\"og:site_name\" content=\"COLEGIO DE ARQUITECTOS DE CHILE\" \/>\n<meta property=\"article:publisher\" content=\"https:\/\/facebook.com\/Colegioarq\/\" \/>\n<meta property=\"article:published_time\" content=\"2026-09-01T20:18:38+00:00\" \/>\n<meta property=\"og:image\" content=\"https:\/\/colegioarquitectos.com\/noticias\/wp-content\/uploads\/2026\/09\/ENCABRODOLFO-CENAANUAL.png\" \/>\n\t<meta property=\"og:image:width\" content=\"1280\" \/>\n\t<meta property=\"og:image:height\" content=\"720\" \/>\n\t<meta property=\"og:image:type\" content=\"image\/png\" \/>\n<meta name=\"author\" content=\"Colegio de Arquitectos de Chile\" \/>\n<meta name=\"twitter:card\" content=\"summary_large_image\" \/>\n<meta name=\"twitter:creator\" content=\"@colegioarq\" \/>\n<meta name=\"twitter:site\" content=\"@colegioarq\" \/>\n<meta name=\"twitter:label1\" content=\"Escrito por\" \/>\n\t<meta name=\"twitter:data1\" content=\"Colegio de Arquitectos de Chile\" \/>\n\t<meta name=\"twitter:label2\" content=\"Tiempo de lectura\" \/>\n\t<meta name=\"twitter:data2\" content=\"3 minutos\" \/>\n<script type=\"application\/ld+json\" class=\"yoast-schema-graph\">{\"@context\":\"https:\/\/schema.org\",\"@graph\":[{\"@type\":\"Article\",\"@id\":\"https:\/\/colegioarquitectos.com\/noticias\/?p=35816#article\",\"isPartOf\":{\"@id\":\"https:\/\/colegioarquitectos.com\/noticias\/?p=35816\"},\"author\":{\"name\":\"Colegio de Arquitectos de Chile\",\"@id\":\"https:\/\/colegioarquitectos.com\/noticias\/#\/schema\/person\/685cc0aad148303c5608f049af8285ad\"},\"headline\":\"Discurso del presidente nacional Rodolfo Jim\u00e9nez en la Cena Anual del Colegio de Arquitectos de Chile\",\"datePublished\":\"2026-09-01T20:18:38+00:00\",\"dateModified\":\"2026-09-01T20:18:38+00:00\",\"mainEntityOfPage\":{\"@id\":\"https:\/\/colegioarquitectos.com\/noticias\/?p=35816\"},\"wordCount\":575,\"publisher\":{\"@id\":\"https:\/\/colegioarquitectos.com\/noticias\/#organization\"},\"image\":{\"@id\":\"https:\/\/colegioarquitectos.com\/noticias\/?p=35816#primaryimage\"},\"thumbnailUrl\":\"https:\/\/colegioarquitectos.com\/noticias\/wp-content\/uploads\/2026\/09\/ENCABRODOLFO-CENAANUAL.png\",\"keywords\":[\"#84A\u00f1osCA\",\"84 a\u00f1os\",\"84 a\u00f1os CA\",\"84 a\u00f1os del Colegio de Arquitectos de Chile\",\"Aniversario 84 CA\",\"Cena anual\",\"Discurso\",\"Rodolfo Jim\u00e9nez\",\"Rodolfo Jim\u00e9nez Cavieres\"],\"articleSection\":[\"84 a\u00f1os CA\",\"Colegio\"],\"inLanguage\":\"es\"},{\"@type\":\"WebPage\",\"@id\":\"https:\/\/colegioarquitectos.com\/noticias\/?p=35816\",\"url\":\"https:\/\/colegioarquitectos.com\/noticias\/?p=35816\",\"name\":\"Discurso del presidente nacional Rodolfo Jim\u00e9nez en la Cena Anual del Colegio de Arquitectos de Chile - COLEGIO DE ARQUITECTOS DE CHILE\",\"isPartOf\":{\"@id\":\"https:\/\/colegioarquitectos.com\/noticias\/#website\"},\"primaryImageOfPage\":{\"@id\":\"https:\/\/colegioarquitectos.com\/noticias\/?p=35816#primaryimage\"},\"image\":{\"@id\":\"https:\/\/colegioarquitectos.com\/noticias\/?p=35816#primaryimage\"},\"thumbnailUrl\":\"https:\/\/colegioarquitectos.com\/noticias\/wp-content\/uploads\/2026\/09\/ENCABRODOLFO-CENAANUAL.png\",\"datePublished\":\"2026-09-01T20:18:38+00:00\",\"dateModified\":\"2026-09-01T20:18:38+00:00\",\"breadcrumb\":{\"@id\":\"https:\/\/colegioarquitectos.com\/noticias\/?p=35816#breadcrumb\"},\"inLanguage\":\"es\",\"potentialAction\":[{\"@type\":\"ReadAction\",\"target\":[\"https:\/\/colegioarquitectos.com\/noticias\/?p=35816\"]}]},{\"@type\":\"ImageObject\",\"inLanguage\":\"es\",\"@id\":\"https:\/\/colegioarquitectos.com\/noticias\/?p=35816#primaryimage\",\"url\":\"https:\/\/colegioarquitectos.com\/noticias\/wp-content\/uploads\/2026\/09\/ENCABRODOLFO-CENAANUAL.png\",\"contentUrl\":\"https:\/\/colegioarquitectos.com\/noticias\/wp-content\/uploads\/2026\/09\/ENCABRODOLFO-CENAANUAL.png\",\"width\":1280,\"height\":720},{\"@type\":\"BreadcrumbList\",\"@id\":\"https:\/\/colegioarquitectos.com\/noticias\/?p=35816#breadcrumb\",\"itemListElement\":[{\"@type\":\"ListItem\",\"position\":1,\"name\":\"Portada\",\"item\":\"https:\/\/colegioarquitectos.com\/noticias\"},{\"@type\":\"ListItem\",\"position\":2,\"name\":\"Discurso del presidente nacional Rodolfo Jim\u00e9nez en la Cena Anual del Colegio de Arquitectos de Chile\"}]},{\"@type\":\"WebSite\",\"@id\":\"https:\/\/colegioarquitectos.com\/noticias\/#website\",\"url\":\"https:\/\/colegioarquitectos.com\/noticias\/\",\"name\":\"COLEGIO DE ARQUITECTOS DE CHILE\",\"description\":\"\",\"publisher\":{\"@id\":\"https:\/\/colegioarquitectos.com\/noticias\/#organization\"},\"potentialAction\":[{\"@type\":\"SearchAction\",\"target\":{\"@type\":\"EntryPoint\",\"urlTemplate\":\"https:\/\/colegioarquitectos.com\/noticias\/?s={search_term_string}\"},\"query-input\":{\"@type\":\"PropertyValueSpecification\",\"valueRequired\":true,\"valueName\":\"search_term_string\"}}],\"inLanguage\":\"es\"},{\"@type\":\"Organization\",\"@id\":\"https:\/\/colegioarquitectos.com\/noticias\/#organization\",\"name\":\"COLEGIO DE ARQUITECTOS DE CHILE\",\"url\":\"https:\/\/colegioarquitectos.com\/noticias\/\",\"logo\":{\"@type\":\"ImageObject\",\"inLanguage\":\"es\",\"@id\":\"https:\/\/colegioarquitectos.com\/noticias\/#\/schema\/logo\/image\/\",\"url\":\"https:\/\/colegioarquitectos.com\/noticias\/wp-content\/uploads\/2021\/05\/ENCABEZADO-LOGO-CA.jpg\",\"contentUrl\":\"https:\/\/colegioarquitectos.com\/noticias\/wp-content\/uploads\/2021\/05\/ENCABEZADO-LOGO-CA.jpg\",\"width\":690,\"height\":350,\"caption\":\"COLEGIO DE ARQUITECTOS DE CHILE\"},\"image\":{\"@id\":\"https:\/\/colegioarquitectos.com\/noticias\/#\/schema\/logo\/image\/\"},\"sameAs\":[\"https:\/\/facebook.com\/Colegioarq\/\",\"https:\/\/x.com\/colegioarq\",\"https:\/\/instagram.com\/colegioarq\",\"https:\/\/youtube.com\/@ColegiodeArquitectosdeChile\"]},{\"@type\":\"Person\",\"@id\":\"https:\/\/colegioarquitectos.com\/noticias\/#\/schema\/person\/685cc0aad148303c5608f049af8285ad\",\"name\":\"Colegio de Arquitectos de Chile\",\"url\":\"https:\/\/colegioarquitectos.com\/noticias\/?author=4\"}]}<\/script>\n<!-- \/ Yoast SEO plugin. -->","yoast_head_json":{"title":"Discurso del presidente nacional Rodolfo Jim\u00e9nez en la Cena Anual del Colegio de Arquitectos de Chile - COLEGIO DE ARQUITECTOS DE CHILE","robots":{"index":"index","follow":"follow","max-snippet":"max-snippet:-1","max-image-preview":"max-image-preview:large","max-video-preview":"max-video-preview:-1"},"canonical":"https:\/\/colegioarquitectos.com\/noticias\/?p=35816","og_locale":"es_ES","og_type":"article","og_title":"Discurso del presidente nacional Rodolfo Jim\u00e9nez en la Cena Anual del Colegio de Arquitectos de Chile - COLEGIO DE ARQUITECTOS DE CHILE","og_description":"Hoy nos reunimos aqu\u00ed celebrando los 84 a\u00f1os del Colegio de Arquitectos de Chile, una instituci\u00f3n que ha acompa\u00f1ado la historia del pa\u00eds y que, generaci\u00f3n tras generaci\u00f3n, ha reunido a quienes han elegido la arquitectura como vocaci\u00f3n, como oficio &hellip; ver m\u00e1s","og_url":"https:\/\/colegioarquitectos.com\/noticias\/?p=35816","og_site_name":"COLEGIO DE ARQUITECTOS DE CHILE","article_publisher":"https:\/\/facebook.com\/Colegioarq\/","article_published_time":"2026-09-01T20:18:38+00:00","og_image":[{"width":1280,"height":720,"url":"https:\/\/colegioarquitectos.com\/noticias\/wp-content\/uploads\/2026\/09\/ENCABRODOLFO-CENAANUAL.png","type":"image\/png"}],"author":"Colegio de Arquitectos de Chile","twitter_card":"summary_large_image","twitter_creator":"@colegioarq","twitter_site":"@colegioarq","twitter_misc":{"Escrito por":"Colegio de Arquitectos de Chile","Tiempo de lectura":"3 minutos"},"schema":{"@context":"https:\/\/schema.org","@graph":[{"@type":"Article","@id":"https:\/\/colegioarquitectos.com\/noticias\/?p=35816#article","isPartOf":{"@id":"https:\/\/colegioarquitectos.com\/noticias\/?p=35816"},"author":{"name":"Colegio de Arquitectos de Chile","@id":"https:\/\/colegioarquitectos.com\/noticias\/#\/schema\/person\/685cc0aad148303c5608f049af8285ad"},"headline":"Discurso del presidente nacional Rodolfo Jim\u00e9nez en la Cena Anual del Colegio de Arquitectos de Chile","datePublished":"2026-09-01T20:18:38+00:00","dateModified":"2026-09-01T20:18:38+00:00","mainEntityOfPage":{"@id":"https:\/\/colegioarquitectos.com\/noticias\/?p=35816"},"wordCount":575,"publisher":{"@id":"https:\/\/colegioarquitectos.com\/noticias\/#organization"},"image":{"@id":"https:\/\/colegioarquitectos.com\/noticias\/?p=35816#primaryimage"},"thumbnailUrl":"https:\/\/colegioarquitectos.com\/noticias\/wp-content\/uploads\/2026\/09\/ENCABRODOLFO-CENAANUAL.png","keywords":["#84A\u00f1osCA","84 a\u00f1os","84 a\u00f1os CA","84 a\u00f1os del Colegio de Arquitectos de Chile","Aniversario 84 CA","Cena anual","Discurso","Rodolfo Jim\u00e9nez","Rodolfo Jim\u00e9nez Cavieres"],"articleSection":["84 a\u00f1os CA","Colegio"],"inLanguage":"es"},{"@type":"WebPage","@id":"https:\/\/colegioarquitectos.com\/noticias\/?p=35816","url":"https:\/\/colegioarquitectos.com\/noticias\/?p=35816","name":"Discurso del presidente nacional Rodolfo Jim\u00e9nez en la Cena Anual del Colegio de Arquitectos de Chile - COLEGIO DE ARQUITECTOS DE CHILE","isPartOf":{"@id":"https:\/\/colegioarquitectos.com\/noticias\/#website"},"primaryImageOfPage":{"@id":"https:\/\/colegioarquitectos.com\/noticias\/?p=35816#primaryimage"},"image":{"@id":"https:\/\/colegioarquitectos.com\/noticias\/?p=35816#primaryimage"},"thumbnailUrl":"https:\/\/colegioarquitectos.com\/noticias\/wp-content\/uploads\/2026\/09\/ENCABRODOLFO-CENAANUAL.png","datePublished":"2026-09-01T20:18:38+00:00","dateModified":"2026-09-01T20:18:38+00:00","breadcrumb":{"@id":"https:\/\/colegioarquitectos.com\/noticias\/?p=35816#breadcrumb"},"inLanguage":"es","potentialAction":[{"@type":"ReadAction","target":["https:\/\/colegioarquitectos.com\/noticias\/?p=35816"]}]},{"@type":"ImageObject","inLanguage":"es","@id":"https:\/\/colegioarquitectos.com\/noticias\/?p=35816#primaryimage","url":"https:\/\/colegioarquitectos.com\/noticias\/wp-content\/uploads\/2026\/09\/ENCABRODOLFO-CENAANUAL.png","contentUrl":"https:\/\/colegioarquitectos.com\/noticias\/wp-content\/uploads\/2026\/09\/ENCABRODOLFO-CENAANUAL.png","width":1280,"height":720},{"@type":"BreadcrumbList","@id":"https:\/\/colegioarquitectos.com\/noticias\/?p=35816#breadcrumb","itemListElement":[{"@type":"ListItem","position":1,"name":"Portada","item":"https:\/\/colegioarquitectos.com\/noticias"},{"@type":"ListItem","position":2,"name":"Discurso del presidente nacional Rodolfo Jim\u00e9nez en la Cena Anual del Colegio de Arquitectos de Chile"}]},{"@type":"WebSite","@id":"https:\/\/colegioarquitectos.com\/noticias\/#website","url":"https:\/\/colegioarquitectos.com\/noticias\/","name":"COLEGIO DE ARQUITECTOS DE CHILE","description":"","publisher":{"@id":"https:\/\/colegioarquitectos.com\/noticias\/#organization"},"potentialAction":[{"@type":"SearchAction","target":{"@type":"EntryPoint","urlTemplate":"https:\/\/colegioarquitectos.com\/noticias\/?s={search_term_string}"},"query-input":{"@type":"PropertyValueSpecification","valueRequired":true,"valueName":"search_term_string"}}],"inLanguage":"es"},{"@type":"Organization","@id":"https:\/\/colegioarquitectos.com\/noticias\/#organization","name":"COLEGIO DE ARQUITECTOS DE CHILE","url":"https:\/\/colegioarquitectos.com\/noticias\/","logo":{"@type":"ImageObject","inLanguage":"es","@id":"https:\/\/colegioarquitectos.com\/noticias\/#\/schema\/logo\/image\/","url":"https:\/\/colegioarquitectos.com\/noticias\/wp-content\/uploads\/2021\/05\/ENCABEZADO-LOGO-CA.jpg","contentUrl":"https:\/\/colegioarquitectos.com\/noticias\/wp-content\/uploads\/2021\/05\/ENCABEZADO-LOGO-CA.jpg","width":690,"height":350,"caption":"COLEGIO DE ARQUITECTOS DE CHILE"},"image":{"@id":"https:\/\/colegioarquitectos.com\/noticias\/#\/schema\/logo\/image\/"},"sameAs":["https:\/\/facebook.com\/Colegioarq\/","https:\/\/x.com\/colegioarq","https:\/\/instagram.com\/colegioarq","https:\/\/youtube.com\/@ColegiodeArquitectosdeChile"]},{"@type":"Person","@id":"https:\/\/colegioarquitectos.com\/noticias\/#\/schema\/person\/685cc0aad148303c5608f049af8285ad","name":"Colegio de Arquitectos de Chile","url":"https:\/\/colegioarquitectos.com\/noticias\/?author=4"}]}},"_links":{"self":[{"href":"https:\/\/colegioarquitectos.com\/noticias\/index.php?rest_route=\/wp\/v2\/posts\/35816","targetHints":{"allow":["GET"]}}],"collection":[{"href":"https:\/\/colegioarquitectos.com\/noticias\/index.php?rest_route=\/wp\/v2\/posts"}],"about":[{"href":"https:\/\/colegioarquitectos.com\/noticias\/index.php?rest_route=\/wp\/v2\/types\/post"}],"author":[{"embeddable":true,"href":"https:\/\/colegioarquitectos.com\/noticias\/index.php?rest_route=\/wp\/v2\/users\/4"}],"replies":[{"embeddable":true,"href":"https:\/\/colegioarquitectos.com\/noticias\/index.php?rest_route=%2Fwp%2Fv2%2Fcomments&post=35816"}],"version-history":[{"count":1,"href":"https:\/\/colegioarquitectos.com\/noticias\/index.php?rest_route=\/wp\/v2\/posts\/35816\/revisions"}],"predecessor-version":[{"id":35819,"href":"https:\/\/colegioarquitectos.com\/noticias\/index.php?rest_route=\/wp\/v2\/posts\/35816\/revisions\/35819"}],"wp:featuredmedia":[{"embeddable":true,"href":"https:\/\/colegioarquitectos.com\/noticias\/index.php?rest_route=\/wp\/v2\/media\/35818"}],"wp:attachment":[{"href":"https:\/\/colegioarquitectos.com\/noticias\/index.php?rest_route=%2Fwp%2Fv2%2Fmedia&parent=35816"}],"wp:term":[{"taxonomy":"category","embeddable":true,"href":"https:\/\/colegioarquitectos.com\/noticias\/index.php?rest_route=%2Fwp%2Fv2%2Fcategories&post=35816"},{"taxonomy":"post_tag","embeddable":true,"href":"https:\/\/colegioarquitectos.com\/noticias\/index.php?rest_route=%2Fwp%2Fv2%2Ftags&post=35816"}],"curies":[{"name":"wp","href":"https:\/\/api.w.org\/{rel}","templated":true}]}}