
{"id":35827,"date":"2026-09-02T14:51:24","date_gmt":"2026-09-02T18:51:24","guid":{"rendered":"https:\/\/colegioarquitectos.com\/noticias\/?p=35827"},"modified":"2026-09-02T14:51:24","modified_gmt":"2026-09-02T18:51:24","slug":"premio-aporte-urbano-inicia-su-12a-edicion-con-foco-en-barrios-que-construyen-ciudades","status":"publish","type":"post","link":"https:\/\/colegioarquitectos.com\/noticias\/?p=35827","title":{"rendered":"Premio Aporte Urbano inicia su 12\u00aa edici\u00f3n con foco en \u00abbarrios que construyen ciudades\u00bb"},"content":{"rendered":"<p>Con la postal de Valpara\u00edso de fondo, y desde el Museo del Inmigrante, se lanz\u00f3 la 12<sup>a<\/sup> edici\u00f3n del Premio Aporte Urbano, iniciativa que distingue a proyectos que generan un impacto positivo en el desarrollo urbano, aportando a la calidad de vida de las comunidades y su entorno.<\/p>\n<p>El reconocimiento es impulsado por la C\u00e1mara Chilena de la Construcci\u00f3n y coorganizado con el Ministerio de Vivienda y Urbanismo (MINVU), el Ministerio de Obras P\u00fablicas (MOP), el Consejo Nacional de Desarrollo Territorial (CNDT), el Colegio de Arquitectos de Chile (CA), la Asociaci\u00f3n de Oficinas de Arquitectos A.G. (AOA), la Asociaci\u00f3n de Desarrolladores Inmobiliarios (ADI) y la Subsecretar\u00eda de Patrimonio Cultural.<\/p>\n<p>&nbsp;<\/p>\n<h4><strong>Reconociendo proyectos que transforman barrios<\/strong><\/h4>\n<hr \/>\n<p>Desde su inicio en 2015, el PAU se ha consolidado como uno de los principales reconocimientos urbanos del pa\u00eds. Durante su trayectoria ha recibido m\u00e1s de 800 postulaciones provenientes tanto del sector p\u00fablico como privado y ha distinguido a cerca de 60 proyectos ganadores. Este a\u00f1o, la edici\u00f3n lleva el lema \u00abProyectos que construyen barrios, y barrios que construyen ciudades\u00bb.<\/p>\n<p>\u00abLos Premios Aporte Urbano son una muestra concreta de lo que ocurre cuando existe una visi\u00f3n de largo plazo, excelencia en el dise\u00f1o y compromiso con las personas. Con los a\u00f1os, se han transformado en un referente y en un est\u00e1ndar que promueve una forma de hacer ciudad m\u00e1s responsable, m\u00e1s integrada y humana\u00bb, afirm\u00f3 el vicepresidente del gremio, Orlando Sillano.<\/p>\n<p>En estos a\u00f1os, PAU ha distinguido proyectos de vivienda, espacio p\u00fablico, infraestructura, equipamiento, uso mixto, regeneraci\u00f3n urbana y patrimonio, entre otros, reflejando la complejidad y diversidad de los desaf\u00edos urbanos actuales.<\/p>\n<p>El director del premio, Crist\u00f3bal Prado, afirm\u00f3 que \u00ablas ciudades se construyen desde m\u00faltiples dimensiones y todas ellas son relevantes para mejorar la calidad de vida de las personas. As\u00ed es que queremos invitar a empresas, instituciones p\u00fablicas, oficinas de arquitectura e ingenier\u00eda, desarrolladores, profesionales, t\u00e9cnicos y trabajadores vinculados al desarrollo urbano a participar en esta nueva versi\u00f3n de los PAU. Los animamos a postular aquellos proyectos que est\u00e9n contribuyendo a transformar positivamente nuestros barrios, ciudades y territorios\u00bb.<\/p>\n<p>&nbsp;<\/p>\n<h4><strong>Un premio que se extiende por las regiones<\/strong><\/h4>\n<hr \/>\n<p>La elecci\u00f3n del Museo del Inmigrante, enmarcado en el centro cultural Destino Valpara\u00edso, no fue casualidad: en 2025 fue galardonado por el PAU como \u00abMejor Proyecto de Intervenci\u00f3n Patrimonial\u00bb, y este viernes se instal\u00f3 su placa conmemorativa.<\/p>\n<p>Por su parte, Eduardo Dib, impulsor y director de este nuevo centro cultural, y que antes fue el Colegio Alem\u00e1n de la ciudad puerto, revel\u00f3 que <strong>\u00ab<\/strong>desde un comienzo ten\u00edamos como meta ganar el Premio Aporte Urbano 2025. Todos estaban orientados y ten\u00edan la meta de ganar el premio. En noviembre del a\u00f1o pasado nos enfrentamos a peque\u00f1as casualidades, compet\u00edamos contra otros dos proyectos, y uno de esos, el Teatro Municipal de Iquique, el que, curiosamente, fue dise\u00f1ado por los mismos arquitectos que hicieron el Colegio Alem\u00e1n de Valpara\u00edso\u00bb.<\/p>\n<p>El presidente de la CChC Valpara\u00edso, Andr\u00e9s Polanco, remarc\u00f3 la historia que ha tenido la regi\u00f3n con este reconocimiento, con seis proyectos ganadores en la ciudad portuaria. \u00abOjal\u00e1 esta nueva edici\u00f3n del PAU nos permita mostrar muchos m\u00e1s proyectos nacidos en nuestra regi\u00f3n y, en todas las regiones de Chile. Y, sobre todo, ayudar a que buenas ideas y buena arquitectura, se transformen en obras concretas que sirven a la comunidad y mejoran la vida de las personas\u00bb, asever\u00f3.<\/p>\n<p>&nbsp;<\/p>\n<h4><strong>Conoce las categor\u00edas y fechas<\/strong><\/h4>\n<hr \/>\n<ul>\n<li><strong>Mejor Proyecto de Infraestructura Urbana y Espacio de Uso P\u00fablico: <\/strong>premia proyectos que hayan sido concebidos con criterios de resiliencia clim\u00e1tica, equidad territorial, participaci\u00f3n ciudadana, innovaci\u00f3n tecnol\u00f3gica y gesti\u00f3n responsable a lo largo del ciclo de vida del activo.<\/li>\n<li><strong>Mejor Proyecto Inmobiliario de Densificaci\u00f3n Equilibrada<\/strong>: premia a aquellos proyectos inmobiliarios que logren conciliar los beneficios de la densificaci\u00f3n con una adecuada integraci\u00f3n urbana y social, contribuyendo al desarrollo de barrios m\u00e1s compactos, diversos y sustentables.<\/li>\n<li><strong>Mejor Proyecto de Integraci\u00f3n Social:<\/strong> reconoce iniciativas habitacionales que no solo aborden el d\u00e9ficit de vivienda, sino que adem\u00e1s promuevan la equidad urbana y la cohesi\u00f3n social, integrando a sus habitantes en barrios con acceso a servicios, infraestructura y calidad de vida.<\/li>\n<li><strong>Mejor Proyecto de Edificio de Uso Mixto:<\/strong> reconoce aquellos desarrollos inmobiliarios que combinan usos residenciales, comerciales, de servicios o culturales, generando barrios m\u00e1s din\u00e1micos, accesibles y funcionales.<\/li>\n<li><strong>Mejor Proyecto de Regeneraci\u00f3n o Rehabilitaci\u00f3n Urbana:<\/strong> reconoce iniciativas integrales que hayan permitido recuperar \u00e1reas urbanas deterioradas, subutilizadas o segregadas, a trav\u00e9s de intervenciones que mejoren la habitabilidad, el tejido urbano y la calidad de vida de sus habitantes.<\/li>\n<li><strong>Mejor Proyecto de Intervenci\u00f3n Patrimonial: <\/strong>reconoce intervenciones que hayan recuperado, restaurado o rehabilitado inmuebles, conjuntos o espacios con valor patrimonial tangible, contribuyendo a preservar la identidad cultural y arquitect\u00f3nica del entorno urbano<\/li>\n<\/ul>\n<p>&nbsp;<\/p>\n<p>El periodo de consultas est\u00e1 disponible desde este 31 de agosto en www.premioaporteurbano.cl, donde inmobiliarias, organismos p\u00fablicos y otras entidades mandantes de proyectos pueden obtener m\u00e1s informaci\u00f3n y enviar preguntas sobre el proceso de postulaci\u00f3n, hasta el 11 de septiembre de 2026.<\/p>\n<p>Las postulaciones iniciar\u00e1n el 7 de septiembre, hasta el 7 de octubre, y los ganadores se anunciar\u00e1n p\u00fablicamente en una ceremonia de premiaci\u00f3n el 3 de diciembre.<\/p>\n<p>Toda la informaci\u00f3n la puedes encontrar en <strong><span style=\"color: #000000;\"><a style=\"color: #000000;\" href=\"https:\/\/premioaporteurbano.cl\/\">www.premioaporteurbano.cl<\/a><\/span><\/strong><\/p>\n<p>&nbsp;<\/p>\n<p><a href=\"https:\/\/premioaporteurbano.cl\/\"><img loading=\"lazy\" decoding=\"async\" class=\"aligncenter wp-image-35829 size-full\" src=\"https:\/\/colegioarquitectos.com\/noticias\/wp-content\/uploads\/2026\/09\/brand-pau.png\" alt=\"\" width=\"374\" height=\"184\" srcset=\"https:\/\/colegioarquitectos.com\/noticias\/wp-content\/uploads\/2026\/09\/brand-pau.png 374w, https:\/\/colegioarquitectos.com\/noticias\/wp-content\/uploads\/2026\/09\/brand-pau-300x148.png 300w\" sizes=\"auto, (max-width: 374px) 100vw, 374px\" \/><\/a><\/p>\n<p>&nbsp;<\/p>\n<p>&nbsp;<\/p>\n<p><\/p>","protected":false},"excerpt":{"rendered":"<p>Con la postal de Valpara\u00edso de fondo, y desde el Museo del Inmigrante, se lanz\u00f3 la 12a edici\u00f3n del Premio Aporte Urbano, iniciativa que distingue a proyectos que generan un impacto positivo en el desarrollo urbano, aportando a la calidad &hellip; <a class=\"more-link\" href=\"https:\/\/colegioarquitectos.com\/noticias\/?p=35827\">ver m\u00e1s<\/a><\/p>","protected":false},"author":4,"featured_media":35828,"comment_status":"closed","ping_status":"closed","sticky":false,"template":"","format":"standard","meta":{"footnotes":""},"categories":[19,11],"tags":[596,1833,262,261,1832],"class_list":["post-35827","post","type-post","status-publish","format-standard","has-post-thumbnail","hentry","category-actividades","category-concursos","tag-pau","tag-pau-2026","tag-premio-aporte-urbano","tag-premio-pau","tag-premio-pau-2026"],"yoast_head":"<!-- This site is optimized with the Yoast SEO plugin v24.2 - https:\/\/yoast.com\/wordpress\/plugins\/seo\/ -->\n<title>Premio Aporte Urbano inicia su 12\u00aa edici\u00f3n con foco en \u00abbarrios que construyen ciudades\u00bb - COLEGIO DE ARQUITECTOS DE CHILE<\/title>\n<meta name=\"robots\" content=\"index, follow, max-snippet:-1, max-image-preview:large, max-video-preview:-1\" \/>\n<link rel=\"canonical\" href=\"https:\/\/colegioarquitectos.com\/noticias\/?p=35827\" \/>\n<meta property=\"og:locale\" content=\"es_ES\" \/>\n<meta property=\"og:type\" content=\"article\" \/>\n<meta property=\"og:title\" content=\"Premio Aporte Urbano inicia su 12\u00aa edici\u00f3n con foco en \u00abbarrios que construyen ciudades\u00bb - COLEGIO DE ARQUITECTOS DE CHILE\" \/>\n<meta property=\"og:description\" content=\"Con la postal de Valpara\u00edso de fondo, y desde el Museo del Inmigrante, se lanz\u00f3 la 12a edici\u00f3n del Premio Aporte Urbano, iniciativa que distingue a proyectos que generan un impacto positivo en el desarrollo urbano, aportando a la calidad &hellip; ver m\u00e1s\" \/>\n<meta property=\"og:url\" content=\"https:\/\/colegioarquitectos.com\/noticias\/?p=35827\" \/>\n<meta property=\"og:site_name\" content=\"COLEGIO DE ARQUITECTOS DE CHILE\" \/>\n<meta property=\"article:publisher\" content=\"https:\/\/facebook.com\/Colegioarq\/\" \/>\n<meta property=\"article:published_time\" content=\"2026-09-02T18:51:24+00:00\" \/>\n<meta property=\"og:image\" content=\"https:\/\/colegioarquitectos.com\/noticias\/wp-content\/uploads\/2026\/09\/ENCAB-PREMIO-PAU.jpg\" \/>\n\t<meta property=\"og:image:width\" content=\"1280\" \/>\n\t<meta property=\"og:image:height\" content=\"720\" \/>\n\t<meta property=\"og:image:type\" content=\"image\/jpeg\" \/>\n<meta name=\"author\" content=\"Colegio de Arquitectos de Chile\" \/>\n<meta name=\"twitter:card\" content=\"summary_large_image\" \/>\n<meta name=\"twitter:creator\" content=\"@colegioarq\" \/>\n<meta name=\"twitter:site\" content=\"@colegioarq\" \/>\n<meta name=\"twitter:label1\" content=\"Escrito por\" \/>\n\t<meta name=\"twitter:data1\" content=\"Colegio de Arquitectos de Chile\" \/>\n\t<meta name=\"twitter:label2\" content=\"Tiempo de lectura\" \/>\n\t<meta name=\"twitter:data2\" content=\"5 minutos\" \/>\n<script type=\"application\/ld+json\" class=\"yoast-schema-graph\">{\"@context\":\"https:\/\/schema.org\",\"@graph\":[{\"@type\":\"Article\",\"@id\":\"https:\/\/colegioarquitectos.com\/noticias\/?p=35827#article\",\"isPartOf\":{\"@id\":\"https:\/\/colegioarquitectos.com\/noticias\/?p=35827\"},\"author\":{\"name\":\"Colegio de Arquitectos de Chile\",\"@id\":\"https:\/\/colegioarquitectos.com\/noticias\/#\/schema\/person\/685cc0aad148303c5608f049af8285ad\"},\"headline\":\"Premio Aporte Urbano inicia su 12\u00aa edici\u00f3n con foco en \u00abbarrios que construyen ciudades\u00bb\",\"datePublished\":\"2026-09-02T18:51:24+00:00\",\"dateModified\":\"2026-09-02T18:51:24+00:00\",\"mainEntityOfPage\":{\"@id\":\"https:\/\/colegioarquitectos.com\/noticias\/?p=35827\"},\"wordCount\":948,\"publisher\":{\"@id\":\"https:\/\/colegioarquitectos.com\/noticias\/#organization\"},\"image\":{\"@id\":\"https:\/\/colegioarquitectos.com\/noticias\/?p=35827#primaryimage\"},\"thumbnailUrl\":\"https:\/\/colegioarquitectos.com\/noticias\/wp-content\/uploads\/2026\/09\/ENCAB-PREMIO-PAU.jpg\",\"keywords\":[\"PAU\",\"PAU 2026\",\"Premio Aporte Urbano\",\"Premio PAU\",\"Premio PAU 2026\"],\"articleSection\":[\"Actividades\",\"Concursos\"],\"inLanguage\":\"es\"},{\"@type\":\"WebPage\",\"@id\":\"https:\/\/colegioarquitectos.com\/noticias\/?p=35827\",\"url\":\"https:\/\/colegioarquitectos.com\/noticias\/?p=35827\",\"name\":\"Premio Aporte Urbano inicia su 12\u00aa edici\u00f3n con foco en \u00abbarrios que construyen ciudades\u00bb - COLEGIO DE ARQUITECTOS DE CHILE\",\"isPartOf\":{\"@id\":\"https:\/\/colegioarquitectos.com\/noticias\/#website\"},\"primaryImageOfPage\":{\"@id\":\"https:\/\/colegioarquitectos.com\/noticias\/?p=35827#primaryimage\"},\"image\":{\"@id\":\"https:\/\/colegioarquitectos.com\/noticias\/?p=35827#primaryimage\"},\"thumbnailUrl\":\"https:\/\/colegioarquitectos.com\/noticias\/wp-content\/uploads\/2026\/09\/ENCAB-PREMIO-PAU.jpg\",\"datePublished\":\"2026-09-02T18:51:24+00:00\",\"dateModified\":\"2026-09-02T18:51:24+00:00\",\"breadcrumb\":{\"@id\":\"https:\/\/colegioarquitectos.com\/noticias\/?p=35827#breadcrumb\"},\"inLanguage\":\"es\",\"potentialAction\":[{\"@type\":\"ReadAction\",\"target\":[\"https:\/\/colegioarquitectos.com\/noticias\/?p=35827\"]}]},{\"@type\":\"ImageObject\",\"inLanguage\":\"es\",\"@id\":\"https:\/\/colegioarquitectos.com\/noticias\/?p=35827#primaryimage\",\"url\":\"https:\/\/colegioarquitectos.com\/noticias\/wp-content\/uploads\/2026\/09\/ENCAB-PREMIO-PAU.jpg\",\"contentUrl\":\"https:\/\/colegioarquitectos.com\/noticias\/wp-content\/uploads\/2026\/09\/ENCAB-PREMIO-PAU.jpg\",\"width\":1280,\"height\":720},{\"@type\":\"BreadcrumbList\",\"@id\":\"https:\/\/colegioarquitectos.com\/noticias\/?p=35827#breadcrumb\",\"itemListElement\":[{\"@type\":\"ListItem\",\"position\":1,\"name\":\"Portada\",\"item\":\"https:\/\/colegioarquitectos.com\/noticias\"},{\"@type\":\"ListItem\",\"position\":2,\"name\":\"Premio Aporte Urbano inicia su 12\u00aa edici\u00f3n con foco en \u00abbarrios que construyen ciudades\u00bb\"}]},{\"@type\":\"WebSite\",\"@id\":\"https:\/\/colegioarquitectos.com\/noticias\/#website\",\"url\":\"https:\/\/colegioarquitectos.com\/noticias\/\",\"name\":\"COLEGIO DE ARQUITECTOS DE CHILE\",\"description\":\"\",\"publisher\":{\"@id\":\"https:\/\/colegioarquitectos.com\/noticias\/#organization\"},\"potentialAction\":[{\"@type\":\"SearchAction\",\"target\":{\"@type\":\"EntryPoint\",\"urlTemplate\":\"https:\/\/colegioarquitectos.com\/noticias\/?s={search_term_string}\"},\"query-input\":{\"@type\":\"PropertyValueSpecification\",\"valueRequired\":true,\"valueName\":\"search_term_string\"}}],\"inLanguage\":\"es\"},{\"@type\":\"Organization\",\"@id\":\"https:\/\/colegioarquitectos.com\/noticias\/#organization\",\"name\":\"COLEGIO DE ARQUITECTOS DE CHILE\",\"url\":\"https:\/\/colegioarquitectos.com\/noticias\/\",\"logo\":{\"@type\":\"ImageObject\",\"inLanguage\":\"es\",\"@id\":\"https:\/\/colegioarquitectos.com\/noticias\/#\/schema\/logo\/image\/\",\"url\":\"https:\/\/colegioarquitectos.com\/noticias\/wp-content\/uploads\/2021\/05\/ENCABEZADO-LOGO-CA.jpg\",\"contentUrl\":\"https:\/\/colegioarquitectos.com\/noticias\/wp-content\/uploads\/2021\/05\/ENCABEZADO-LOGO-CA.jpg\",\"width\":690,\"height\":350,\"caption\":\"COLEGIO DE ARQUITECTOS DE CHILE\"},\"image\":{\"@id\":\"https:\/\/colegioarquitectos.com\/noticias\/#\/schema\/logo\/image\/\"},\"sameAs\":[\"https:\/\/facebook.com\/Colegioarq\/\",\"https:\/\/x.com\/colegioarq\",\"https:\/\/instagram.com\/colegioarq\",\"https:\/\/youtube.com\/@ColegiodeArquitectosdeChile\"]},{\"@type\":\"Person\",\"@id\":\"https:\/\/colegioarquitectos.com\/noticias\/#\/schema\/person\/685cc0aad148303c5608f049af8285ad\",\"name\":\"Colegio de Arquitectos de Chile\",\"url\":\"https:\/\/colegioarquitectos.com\/noticias\/?author=4\"}]}<\/script>\n<!-- \/ Yoast SEO plugin. -->","yoast_head_json":{"title":"Premio Aporte Urbano inicia su 12\u00aa edici\u00f3n con foco en \u00abbarrios que construyen ciudades\u00bb - COLEGIO DE ARQUITECTOS DE CHILE","robots":{"index":"index","follow":"follow","max-snippet":"max-snippet:-1","max-image-preview":"max-image-preview:large","max-video-preview":"max-video-preview:-1"},"canonical":"https:\/\/colegioarquitectos.com\/noticias\/?p=35827","og_locale":"es_ES","og_type":"article","og_title":"Premio Aporte Urbano inicia su 12\u00aa edici\u00f3n con foco en \u00abbarrios que construyen ciudades\u00bb - COLEGIO DE ARQUITECTOS DE CHILE","og_description":"Con la postal de Valpara\u00edso de fondo, y desde el Museo del Inmigrante, se lanz\u00f3 la 12a edici\u00f3n del Premio Aporte Urbano, iniciativa que distingue a proyectos que generan un impacto positivo en el desarrollo urbano, aportando a la calidad &hellip; ver m\u00e1s","og_url":"https:\/\/colegioarquitectos.com\/noticias\/?p=35827","og_site_name":"COLEGIO DE ARQUITECTOS DE CHILE","article_publisher":"https:\/\/facebook.com\/Colegioarq\/","article_published_time":"2026-09-02T18:51:24+00:00","og_image":[{"width":1280,"height":720,"url":"https:\/\/colegioarquitectos.com\/noticias\/wp-content\/uploads\/2026\/09\/ENCAB-PREMIO-PAU.jpg","type":"image\/jpeg"}],"author":"Colegio de Arquitectos de Chile","twitter_card":"summary_large_image","twitter_creator":"@colegioarq","twitter_site":"@colegioarq","twitter_misc":{"Escrito por":"Colegio de Arquitectos de Chile","Tiempo de lectura":"5 minutos"},"schema":{"@context":"https:\/\/schema.org","@graph":[{"@type":"Article","@id":"https:\/\/colegioarquitectos.com\/noticias\/?p=35827#article","isPartOf":{"@id":"https:\/\/colegioarquitectos.com\/noticias\/?p=35827"},"author":{"name":"Colegio de Arquitectos de Chile","@id":"https:\/\/colegioarquitectos.com\/noticias\/#\/schema\/person\/685cc0aad148303c5608f049af8285ad"},"headline":"Premio Aporte Urbano inicia su 12\u00aa edici\u00f3n con foco en \u00abbarrios que construyen ciudades\u00bb","datePublished":"2026-09-02T18:51:24+00:00","dateModified":"2026-09-02T18:51:24+00:00","mainEntityOfPage":{"@id":"https:\/\/colegioarquitectos.com\/noticias\/?p=35827"},"wordCount":948,"publisher":{"@id":"https:\/\/colegioarquitectos.com\/noticias\/#organization"},"image":{"@id":"https:\/\/colegioarquitectos.com\/noticias\/?p=35827#primaryimage"},"thumbnailUrl":"https:\/\/colegioarquitectos.com\/noticias\/wp-content\/uploads\/2026\/09\/ENCAB-PREMIO-PAU.jpg","keywords":["PAU","PAU 2026","Premio Aporte Urbano","Premio PAU","Premio PAU 2026"],"articleSection":["Actividades","Concursos"],"inLanguage":"es"},{"@type":"WebPage","@id":"https:\/\/colegioarquitectos.com\/noticias\/?p=35827","url":"https:\/\/colegioarquitectos.com\/noticias\/?p=35827","name":"Premio Aporte Urbano inicia su 12\u00aa edici\u00f3n con foco en \u00abbarrios que construyen ciudades\u00bb - COLEGIO DE ARQUITECTOS DE CHILE","isPartOf":{"@id":"https:\/\/colegioarquitectos.com\/noticias\/#website"},"primaryImageOfPage":{"@id":"https:\/\/colegioarquitectos.com\/noticias\/?p=35827#primaryimage"},"image":{"@id":"https:\/\/colegioarquitectos.com\/noticias\/?p=35827#primaryimage"},"thumbnailUrl":"https:\/\/colegioarquitectos.com\/noticias\/wp-content\/uploads\/2026\/09\/ENCAB-PREMIO-PAU.jpg","datePublished":"2026-09-02T18:51:24+00:00","dateModified":"2026-09-02T18:51:24+00:00","breadcrumb":{"@id":"https:\/\/colegioarquitectos.com\/noticias\/?p=35827#breadcrumb"},"inLanguage":"es","potentialAction":[{"@type":"ReadAction","target":["https:\/\/colegioarquitectos.com\/noticias\/?p=35827"]}]},{"@type":"ImageObject","inLanguage":"es","@id":"https:\/\/colegioarquitectos.com\/noticias\/?p=35827#primaryimage","url":"https:\/\/colegioarquitectos.com\/noticias\/wp-content\/uploads\/2026\/09\/ENCAB-PREMIO-PAU.jpg","contentUrl":"https:\/\/colegioarquitectos.com\/noticias\/wp-content\/uploads\/2026\/09\/ENCAB-PREMIO-PAU.jpg","width":1280,"height":720},{"@type":"BreadcrumbList","@id":"https:\/\/colegioarquitectos.com\/noticias\/?p=35827#breadcrumb","itemListElement":[{"@type":"ListItem","position":1,"name":"Portada","item":"https:\/\/colegioarquitectos.com\/noticias"},{"@type":"ListItem","position":2,"name":"Premio Aporte Urbano inicia su 12\u00aa edici\u00f3n con foco en \u00abbarrios que construyen ciudades\u00bb"}]},{"@type":"WebSite","@id":"https:\/\/colegioarquitectos.com\/noticias\/#website","url":"https:\/\/colegioarquitectos.com\/noticias\/","name":"COLEGIO DE ARQUITECTOS DE CHILE","description":"","publisher":{"@id":"https:\/\/colegioarquitectos.com\/noticias\/#organization"},"potentialAction":[{"@type":"SearchAction","target":{"@type":"EntryPoint","urlTemplate":"https:\/\/colegioarquitectos.com\/noticias\/?s={search_term_string}"},"query-input":{"@type":"PropertyValueSpecification","valueRequired":true,"valueName":"search_term_string"}}],"inLanguage":"es"},{"@type":"Organization","@id":"https:\/\/colegioarquitectos.com\/noticias\/#organization","name":"COLEGIO DE ARQUITECTOS DE CHILE","url":"https:\/\/colegioarquitectos.com\/noticias\/","logo":{"@type":"ImageObject","inLanguage":"es","@id":"https:\/\/colegioarquitectos.com\/noticias\/#\/schema\/logo\/image\/","url":"https:\/\/colegioarquitectos.com\/noticias\/wp-content\/uploads\/2021\/05\/ENCABEZADO-LOGO-CA.jpg","contentUrl":"https:\/\/colegioarquitectos.com\/noticias\/wp-content\/uploads\/2021\/05\/ENCABEZADO-LOGO-CA.jpg","width":690,"height":350,"caption":"COLEGIO DE ARQUITECTOS DE CHILE"},"image":{"@id":"https:\/\/colegioarquitectos.com\/noticias\/#\/schema\/logo\/image\/"},"sameAs":["https:\/\/facebook.com\/Colegioarq\/","https:\/\/x.com\/colegioarq","https:\/\/instagram.com\/colegioarq","https:\/\/youtube.com\/@ColegiodeArquitectosdeChile"]},{"@type":"Person","@id":"https:\/\/colegioarquitectos.com\/noticias\/#\/schema\/person\/685cc0aad148303c5608f049af8285ad","name":"Colegio de Arquitectos de Chile","url":"https:\/\/colegioarquitectos.com\/noticias\/?author=4"}]}},"_links":{"self":[{"href":"https:\/\/colegioarquitectos.com\/noticias\/index.php?rest_route=\/wp\/v2\/posts\/35827","targetHints":{"allow":["GET"]}}],"collection":[{"href":"https:\/\/colegioarquitectos.com\/noticias\/index.php?rest_route=\/wp\/v2\/posts"}],"about":[{"href":"https:\/\/colegioarquitectos.com\/noticias\/index.php?rest_route=\/wp\/v2\/types\/post"}],"author":[{"embeddable":true,"href":"https:\/\/colegioarquitectos.com\/noticias\/index.php?rest_route=\/wp\/v2\/users\/4"}],"replies":[{"embeddable":true,"href":"https:\/\/colegioarquitectos.com\/noticias\/index.php?rest_route=%2Fwp%2Fv2%2Fcomments&post=35827"}],"version-history":[{"count":1,"href":"https:\/\/colegioarquitectos.com\/noticias\/index.php?rest_route=\/wp\/v2\/posts\/35827\/revisions"}],"predecessor-version":[{"id":35830,"href":"https:\/\/colegioarquitectos.com\/noticias\/index.php?rest_route=\/wp\/v2\/posts\/35827\/revisions\/35830"}],"wp:featuredmedia":[{"embeddable":true,"href":"https:\/\/colegioarquitectos.com\/noticias\/index.php?rest_route=\/wp\/v2\/media\/35828"}],"wp:attachment":[{"href":"https:\/\/colegioarquitectos.com\/noticias\/index.php?rest_route=%2Fwp%2Fv2%2Fmedia&parent=35827"}],"wp:term":[{"taxonomy":"category","embeddable":true,"href":"https:\/\/colegioarquitectos.com\/noticias\/index.php?rest_route=%2Fwp%2Fv2%2Fcategories&post=35827"},{"taxonomy":"post_tag","embeddable":true,"href":"https:\/\/colegioarquitectos.com\/noticias\/index.php?rest_route=%2Fwp%2Fv2%2Ftags&post=35827"}],"curies":[{"name":"wp","href":"https:\/\/api.w.org\/{rel}","templated":true}]}}