
{"id":35832,"date":"2026-09-03T11:01:06","date_gmt":"2026-09-03T15:01:06","guid":{"rendered":"https:\/\/colegioarquitectos.com\/noticias\/?p=35832"},"modified":"2026-09-03T11:03:43","modified_gmt":"2026-09-03T15:03:43","slug":"representante-del-colegio-de-arquitectos-de-chile-participa-en-la-9a-jornada-de-la-comision-permanente-del-codigo-modelo-sismico-para-america-latina-y-el-caribe-en-costa-rica","status":"publish","type":"post","link":"https:\/\/colegioarquitectos.com\/noticias\/?p=35832","title":{"rendered":"Representante del Colegio de Arquitectos de Chile participa en la 9\u00aa Jornada de la Comisi\u00f3n Permanente del C\u00f3digo Modelo S\u00edsmico para Am\u00e9rica Latina y el Caribe en Costa Rica"},"content":{"rendered":"<p>Entre el <strong>lunes 27 y el mi\u00e9rcoles 29 de julio<\/strong> se realiz\u00f3 en <strong>San Jos\u00e9, Costa Rica<\/strong>, la <strong>9\u00aa Jornada de la Comisi\u00f3n Permanente del C\u00f3digo Modelo S\u00edsmico para Am\u00e9rica Latina y El Caribe<\/strong>, instancia en la que el <strong>Colegio de Arquitectos de Chile<\/strong> estuvo representado por <strong>Jos\u00e9 Pedro Campos<\/strong>, quien integra dicha Comisi\u00f3n y <strong>preside el Subcomit\u00e9 T\u00e9cnico \u00abVivienda Informal Vulnerable Estructuralmente\u00bb (VIVE)<\/strong>.<\/p>\n<p>Durante la Jornada, nuestro representant<strong>e expuso los avances y propuestas desarrolladas por el Subcomit\u00e9 VIVE<\/strong>, adem\u00e1s de<strong> participar en una presentaci\u00f3n tripartita sobre los distintos ejes de trabajo de la Comisi\u00f3n, instancia en la que le correspondi\u00f3 abordar una de las tem\u00e1ticas centrales<\/strong>.<\/p>\n<p>La actividad cont\u00f3 con la presencia del ministro de Vivienda y Asentamientos Humanos de Costa Rica, el ingeniero <strong>Guillermo Carazo<\/strong>, quien no solo asisti\u00f3 a ambas presentaciones, sino que se refiri\u00f3 especialmente a cada una de ellas, <strong>valorando el trabajo desarrollado por el Subcomit\u00e9 VIVE y su aporte a la discusi\u00f3n regional sobre vivienda informal y vulnerabilidad s\u00edsmica<\/strong>.<\/p>\n<p>La delegaci\u00f3n chilena estuvo compuesta tambi\u00e9n por los ingenieros<strong> Ian Watt y Jorge Carvallo<\/strong>, quienes junto a Jos\u00e9 Pedro Campos compartieron con el ministro Carazo y con el ingeniero costarricense Miguel Cruz, organizador de la Jornada, en una instancia que<strong> reafirma el compromiso del Colegio de Arquitectos con el desarrollo de est\u00e1ndares s\u00edsmicos regionales y con la construcci\u00f3n de una vivienda m\u00e1s segura para los sectores m\u00e1s vulnerables de Am\u00e9rica Latina y el Caribe.<\/strong><\/p>\n<p>&nbsp;<\/p>\n<p><img loading=\"lazy\" decoding=\"async\" class=\"aligncenter size-full wp-image-35833\" src=\"https:\/\/colegioarquitectos.com\/noticias\/wp-content\/uploads\/2026\/09\/IMG_2389-scaled.jpg\" alt=\"\" width=\"2560\" height=\"1132\" srcset=\"https:\/\/colegioarquitectos.com\/noticias\/wp-content\/uploads\/2026\/09\/IMG_2389-scaled.jpg 2560w, https:\/\/colegioarquitectos.com\/noticias\/wp-content\/uploads\/2026\/09\/IMG_2389-300x133.jpg 300w, https:\/\/colegioarquitectos.com\/noticias\/wp-content\/uploads\/2026\/09\/IMG_2389-1024x453.jpg 1024w, https:\/\/colegioarquitectos.com\/noticias\/wp-content\/uploads\/2026\/09\/IMG_2389-768x339.jpg 768w, https:\/\/colegioarquitectos.com\/noticias\/wp-content\/uploads\/2026\/09\/IMG_2389-1536x679.jpg 1536w, https:\/\/colegioarquitectos.com\/noticias\/wp-content\/uploads\/2026\/09\/IMG_2389-2048x905.jpg 2048w\" sizes=\"auto, (max-width: 2560px) 100vw, 2560px\" \/><\/p>\n<p><img loading=\"lazy\" decoding=\"async\" class=\"aligncenter size-full wp-image-35834\" src=\"https:\/\/colegioarquitectos.com\/noticias\/wp-content\/uploads\/2026\/09\/IMG_2434-scaled.jpg\" alt=\"\" width=\"2560\" height=\"1440\" srcset=\"https:\/\/colegioarquitectos.com\/noticias\/wp-content\/uploads\/2026\/09\/IMG_2434-scaled.jpg 2560w, https:\/\/colegioarquitectos.com\/noticias\/wp-content\/uploads\/2026\/09\/IMG_2434-300x169.jpg 300w, https:\/\/colegioarquitectos.com\/noticias\/wp-content\/uploads\/2026\/09\/IMG_2434-1024x576.jpg 1024w, https:\/\/colegioarquitectos.com\/noticias\/wp-content\/uploads\/2026\/09\/IMG_2434-768x432.jpg 768w, https:\/\/colegioarquitectos.com\/noticias\/wp-content\/uploads\/2026\/09\/IMG_2434-1536x864.jpg 1536w, https:\/\/colegioarquitectos.com\/noticias\/wp-content\/uploads\/2026\/09\/IMG_2434-2048x1152.jpg 2048w\" sizes=\"auto, (max-width: 2560px) 100vw, 2560px\" \/><\/p>\n<p><img loading=\"lazy\" decoding=\"async\" class=\"aligncenter size-full wp-image-35835\" src=\"https:\/\/colegioarquitectos.com\/noticias\/wp-content\/uploads\/2026\/09\/IMG_2461-scaled.jpg\" alt=\"\" width=\"2560\" height=\"1440\" srcset=\"https:\/\/colegioarquitectos.com\/noticias\/wp-content\/uploads\/2026\/09\/IMG_2461-scaled.jpg 2560w, https:\/\/colegioarquitectos.com\/noticias\/wp-content\/uploads\/2026\/09\/IMG_2461-300x169.jpg 300w, https:\/\/colegioarquitectos.com\/noticias\/wp-content\/uploads\/2026\/09\/IMG_2461-1024x576.jpg 1024w, https:\/\/colegioarquitectos.com\/noticias\/wp-content\/uploads\/2026\/09\/IMG_2461-768x432.jpg 768w, https:\/\/colegioarquitectos.com\/noticias\/wp-content\/uploads\/2026\/09\/IMG_2461-1536x864.jpg 1536w, https:\/\/colegioarquitectos.com\/noticias\/wp-content\/uploads\/2026\/09\/IMG_2461-2048x1152.jpg 2048w\" sizes=\"auto, (max-width: 2560px) 100vw, 2560px\" \/><\/p>\n<p><img loading=\"lazy\" decoding=\"async\" class=\"aligncenter size-full wp-image-35836\" src=\"https:\/\/colegioarquitectos.com\/noticias\/wp-content\/uploads\/2026\/09\/Novena-Jornada-CMS-Martes-21-scaled.jpg\" alt=\"\" width=\"2560\" height=\"1707\" srcset=\"https:\/\/colegioarquitectos.com\/noticias\/wp-content\/uploads\/2026\/09\/Novena-Jornada-CMS-Martes-21-scaled.jpg 2560w, https:\/\/colegioarquitectos.com\/noticias\/wp-content\/uploads\/2026\/09\/Novena-Jornada-CMS-Martes-21-300x200.jpg 300w, https:\/\/colegioarquitectos.com\/noticias\/wp-content\/uploads\/2026\/09\/Novena-Jornada-CMS-Martes-21-1024x683.jpg 1024w, https:\/\/colegioarquitectos.com\/noticias\/wp-content\/uploads\/2026\/09\/Novena-Jornada-CMS-Martes-21-768x512.jpg 768w, https:\/\/colegioarquitectos.com\/noticias\/wp-content\/uploads\/2026\/09\/Novena-Jornada-CMS-Martes-21-1536x1024.jpg 1536w, https:\/\/colegioarquitectos.com\/noticias\/wp-content\/uploads\/2026\/09\/Novena-Jornada-CMS-Martes-21-2048x1365.jpg 2048w\" sizes=\"auto, (max-width: 2560px) 100vw, 2560px\" \/><\/p>\n<p><img loading=\"lazy\" decoding=\"async\" class=\"aligncenter size-full wp-image-35837\" src=\"https:\/\/colegioarquitectos.com\/noticias\/wp-content\/uploads\/2026\/09\/WhatsApp-Image-2026-08-19-at-11.22.06.jpeg\" alt=\"\" width=\"1600\" height=\"1200\" srcset=\"https:\/\/colegioarquitectos.com\/noticias\/wp-content\/uploads\/2026\/09\/WhatsApp-Image-2026-08-19-at-11.22.06.jpeg 1600w, https:\/\/colegioarquitectos.com\/noticias\/wp-content\/uploads\/2026\/09\/WhatsApp-Image-2026-08-19-at-11.22.06-300x225.jpeg 300w, https:\/\/colegioarquitectos.com\/noticias\/wp-content\/uploads\/2026\/09\/WhatsApp-Image-2026-08-19-at-11.22.06-1024x768.jpeg 1024w, https:\/\/colegioarquitectos.com\/noticias\/wp-content\/uploads\/2026\/09\/WhatsApp-Image-2026-08-19-at-11.22.06-768x576.jpeg 768w, https:\/\/colegioarquitectos.com\/noticias\/wp-content\/uploads\/2026\/09\/WhatsApp-Image-2026-08-19-at-11.22.06-1536x1152.jpeg 1536w\" sizes=\"auto, (max-width: 1600px) 100vw, 1600px\" \/><\/p>\n<p>&nbsp;<\/p>\n<p><\/p>","protected":false},"excerpt":{"rendered":"<p>Entre el lunes 27 y el mi\u00e9rcoles 29 de julio se realiz\u00f3 en San Jos\u00e9, Costa Rica, la 9\u00aa Jornada de la Comisi\u00f3n Permanente del C\u00f3digo Modelo S\u00edsmico para Am\u00e9rica Latina y El Caribe, instancia en la que el Colegio &hellip; <a class=\"more-link\" href=\"https:\/\/colegioarquitectos.com\/noticias\/?p=35832\">ver m\u00e1s<\/a><\/p>","protected":false},"author":4,"featured_media":35839,"comment_status":"closed","ping_status":"closed","sticky":false,"template":"","format":"standard","meta":{"footnotes":""},"categories":[8,621],"tags":[1834,1836,1835,1837,1838],"class_list":["post-35832","post","type-post","status-publish","format-standard","has-post-thumbnail","hentry","category-colegio-de-arquitectos","category-internacional","tag-9a-jornada-de-la-comision-permanente-del-codigo-modelo-sismico-para-america-latina-y-el-caribe","tag-jose-pedro-campos","tag-modelo-sismico","tag-subcomite-tecnico-vivienda-informal-vulnerable-estructuralmente","tag-vive"],"yoast_head":"<!-- This site is optimized with the Yoast SEO plugin v24.2 - https:\/\/yoast.com\/wordpress\/plugins\/seo\/ -->\n<title>Representante del Colegio de Arquitectos de Chile participa en la 9\u00aa Jornada de la Comisi\u00f3n Permanente del C\u00f3digo Modelo S\u00edsmico para Am\u00e9rica Latina y el Caribe en Costa Rica - COLEGIO DE ARQUITECTOS DE CHILE<\/title>\n<meta name=\"robots\" content=\"index, follow, max-snippet:-1, max-image-preview:large, max-video-preview:-1\" \/>\n<link rel=\"canonical\" href=\"https:\/\/colegioarquitectos.com\/noticias\/?p=35832\" \/>\n<meta property=\"og:locale\" content=\"es_ES\" \/>\n<meta property=\"og:type\" content=\"article\" \/>\n<meta property=\"og:title\" content=\"Representante del Colegio de Arquitectos de Chile participa en la 9\u00aa Jornada de la Comisi\u00f3n Permanente del C\u00f3digo Modelo S\u00edsmico para Am\u00e9rica Latina y el Caribe en Costa Rica - COLEGIO DE ARQUITECTOS DE CHILE\" \/>\n<meta property=\"og:description\" content=\"Entre el lunes 27 y el mi\u00e9rcoles 29 de julio se realiz\u00f3 en San Jos\u00e9, Costa Rica, la 9\u00aa Jornada de la Comisi\u00f3n Permanente del C\u00f3digo Modelo S\u00edsmico para Am\u00e9rica Latina y El Caribe, instancia en la que el Colegio &hellip; ver m\u00e1s\" \/>\n<meta property=\"og:url\" content=\"https:\/\/colegioarquitectos.com\/noticias\/?p=35832\" \/>\n<meta property=\"og:site_name\" content=\"COLEGIO DE ARQUITECTOS DE CHILE\" \/>\n<meta property=\"article:publisher\" content=\"https:\/\/facebook.com\/Colegioarq\/\" \/>\n<meta property=\"article:published_time\" content=\"2026-09-03T15:01:06+00:00\" \/>\n<meta property=\"article:modified_time\" content=\"2026-09-03T15:03:43+00:00\" \/>\n<meta property=\"og:image\" content=\"https:\/\/colegioarquitectos.com\/noticias\/wp-content\/uploads\/2026\/09\/enca-jose-pedro-campos.png\" \/>\n\t<meta property=\"og:image:width\" content=\"1280\" \/>\n\t<meta property=\"og:image:height\" content=\"720\" \/>\n\t<meta property=\"og:image:type\" content=\"image\/png\" \/>\n<meta name=\"author\" content=\"Colegio de Arquitectos de Chile\" \/>\n<meta name=\"twitter:card\" content=\"summary_large_image\" \/>\n<meta name=\"twitter:creator\" content=\"@colegioarq\" \/>\n<meta name=\"twitter:site\" content=\"@colegioarq\" \/>\n<meta name=\"twitter:label1\" content=\"Escrito por\" \/>\n\t<meta name=\"twitter:data1\" content=\"Colegio de Arquitectos de Chile\" \/>\n\t<meta name=\"twitter:label2\" content=\"Tiempo de lectura\" \/>\n\t<meta name=\"twitter:data2\" content=\"3 minutos\" \/>\n<script type=\"application\/ld+json\" class=\"yoast-schema-graph\">{\"@context\":\"https:\/\/schema.org\",\"@graph\":[{\"@type\":\"Article\",\"@id\":\"https:\/\/colegioarquitectos.com\/noticias\/?p=35832#article\",\"isPartOf\":{\"@id\":\"https:\/\/colegioarquitectos.com\/noticias\/?p=35832\"},\"author\":{\"name\":\"Colegio de Arquitectos de Chile\",\"@id\":\"https:\/\/colegioarquitectos.com\/noticias\/#\/schema\/person\/685cc0aad148303c5608f049af8285ad\"},\"headline\":\"Representante del Colegio de Arquitectos de Chile participa en la 9\u00aa Jornada de la Comisi\u00f3n Permanente del C\u00f3digo Modelo S\u00edsmico para Am\u00e9rica Latina y el Caribe en Costa Rica\",\"datePublished\":\"2026-09-03T15:01:06+00:00\",\"dateModified\":\"2026-09-03T15:03:43+00:00\",\"mainEntityOfPage\":{\"@id\":\"https:\/\/colegioarquitectos.com\/noticias\/?p=35832\"},\"wordCount\":291,\"publisher\":{\"@id\":\"https:\/\/colegioarquitectos.com\/noticias\/#organization\"},\"image\":{\"@id\":\"https:\/\/colegioarquitectos.com\/noticias\/?p=35832#primaryimage\"},\"thumbnailUrl\":\"https:\/\/colegioarquitectos.com\/noticias\/wp-content\/uploads\/2026\/09\/enca-jose-pedro-campos.png\",\"keywords\":[\"9\u00aa Jornada de la Comisi\u00f3n Permanente del C\u00f3digo Modelo S\u00edsmico para Am\u00e9rica Latina y el Caribe\",\"jos\u00e9 pedro campos\",\"modelo s\u00edsmico\",\"Subcomit\u00e9 T\u00e9cnico Vivienda Informal Vulnerable Estructuralmente\",\"VIVE\"],\"articleSection\":[\"Colegio\",\"Internacional\"],\"inLanguage\":\"es\"},{\"@type\":\"WebPage\",\"@id\":\"https:\/\/colegioarquitectos.com\/noticias\/?p=35832\",\"url\":\"https:\/\/colegioarquitectos.com\/noticias\/?p=35832\",\"name\":\"Representante del Colegio de Arquitectos de Chile participa en la 9\u00aa Jornada de la Comisi\u00f3n Permanente del C\u00f3digo Modelo S\u00edsmico para Am\u00e9rica Latina y el Caribe en Costa Rica - COLEGIO DE ARQUITECTOS DE CHILE\",\"isPartOf\":{\"@id\":\"https:\/\/colegioarquitectos.com\/noticias\/#website\"},\"primaryImageOfPage\":{\"@id\":\"https:\/\/colegioarquitectos.com\/noticias\/?p=35832#primaryimage\"},\"image\":{\"@id\":\"https:\/\/colegioarquitectos.com\/noticias\/?p=35832#primaryimage\"},\"thumbnailUrl\":\"https:\/\/colegioarquitectos.com\/noticias\/wp-content\/uploads\/2026\/09\/enca-jose-pedro-campos.png\",\"datePublished\":\"2026-09-03T15:01:06+00:00\",\"dateModified\":\"2026-09-03T15:03:43+00:00\",\"breadcrumb\":{\"@id\":\"https:\/\/colegioarquitectos.com\/noticias\/?p=35832#breadcrumb\"},\"inLanguage\":\"es\",\"potentialAction\":[{\"@type\":\"ReadAction\",\"target\":[\"https:\/\/colegioarquitectos.com\/noticias\/?p=35832\"]}]},{\"@type\":\"ImageObject\",\"inLanguage\":\"es\",\"@id\":\"https:\/\/colegioarquitectos.com\/noticias\/?p=35832#primaryimage\",\"url\":\"https:\/\/colegioarquitectos.com\/noticias\/wp-content\/uploads\/2026\/09\/enca-jose-pedro-campos.png\",\"contentUrl\":\"https:\/\/colegioarquitectos.com\/noticias\/wp-content\/uploads\/2026\/09\/enca-jose-pedro-campos.png\",\"width\":1280,\"height\":720},{\"@type\":\"BreadcrumbList\",\"@id\":\"https:\/\/colegioarquitectos.com\/noticias\/?p=35832#breadcrumb\",\"itemListElement\":[{\"@type\":\"ListItem\",\"position\":1,\"name\":\"Portada\",\"item\":\"https:\/\/colegioarquitectos.com\/noticias\"},{\"@type\":\"ListItem\",\"position\":2,\"name\":\"Representante del Colegio de Arquitectos de Chile participa en la 9\u00aa Jornada de la Comisi\u00f3n Permanente del C\u00f3digo Modelo S\u00edsmico para Am\u00e9rica Latina y el Caribe en Costa Rica\"}]},{\"@type\":\"WebSite\",\"@id\":\"https:\/\/colegioarquitectos.com\/noticias\/#website\",\"url\":\"https:\/\/colegioarquitectos.com\/noticias\/\",\"name\":\"COLEGIO DE ARQUITECTOS DE CHILE\",\"description\":\"\",\"publisher\":{\"@id\":\"https:\/\/colegioarquitectos.com\/noticias\/#organization\"},\"potentialAction\":[{\"@type\":\"SearchAction\",\"target\":{\"@type\":\"EntryPoint\",\"urlTemplate\":\"https:\/\/colegioarquitectos.com\/noticias\/?s={search_term_string}\"},\"query-input\":{\"@type\":\"PropertyValueSpecification\",\"valueRequired\":true,\"valueName\":\"search_term_string\"}}],\"inLanguage\":\"es\"},{\"@type\":\"Organization\",\"@id\":\"https:\/\/colegioarquitectos.com\/noticias\/#organization\",\"name\":\"COLEGIO DE ARQUITECTOS DE CHILE\",\"url\":\"https:\/\/colegioarquitectos.com\/noticias\/\",\"logo\":{\"@type\":\"ImageObject\",\"inLanguage\":\"es\",\"@id\":\"https:\/\/colegioarquitectos.com\/noticias\/#\/schema\/logo\/image\/\",\"url\":\"https:\/\/colegioarquitectos.com\/noticias\/wp-content\/uploads\/2021\/05\/ENCABEZADO-LOGO-CA.jpg\",\"contentUrl\":\"https:\/\/colegioarquitectos.com\/noticias\/wp-content\/uploads\/2021\/05\/ENCABEZADO-LOGO-CA.jpg\",\"width\":690,\"height\":350,\"caption\":\"COLEGIO DE ARQUITECTOS DE CHILE\"},\"image\":{\"@id\":\"https:\/\/colegioarquitectos.com\/noticias\/#\/schema\/logo\/image\/\"},\"sameAs\":[\"https:\/\/facebook.com\/Colegioarq\/\",\"https:\/\/x.com\/colegioarq\",\"https:\/\/instagram.com\/colegioarq\",\"https:\/\/youtube.com\/@ColegiodeArquitectosdeChile\"]},{\"@type\":\"Person\",\"@id\":\"https:\/\/colegioarquitectos.com\/noticias\/#\/schema\/person\/685cc0aad148303c5608f049af8285ad\",\"name\":\"Colegio de Arquitectos de Chile\",\"url\":\"https:\/\/colegioarquitectos.com\/noticias\/?author=4\"}]}<\/script>\n<!-- \/ Yoast SEO plugin. -->","yoast_head_json":{"title":"Representante del Colegio de Arquitectos de Chile participa en la 9\u00aa Jornada de la Comisi\u00f3n Permanente del C\u00f3digo Modelo S\u00edsmico para Am\u00e9rica Latina y el Caribe en Costa Rica - COLEGIO DE ARQUITECTOS DE CHILE","robots":{"index":"index","follow":"follow","max-snippet":"max-snippet:-1","max-image-preview":"max-image-preview:large","max-video-preview":"max-video-preview:-1"},"canonical":"https:\/\/colegioarquitectos.com\/noticias\/?p=35832","og_locale":"es_ES","og_type":"article","og_title":"Representante del Colegio de Arquitectos de Chile participa en la 9\u00aa Jornada de la Comisi\u00f3n Permanente del C\u00f3digo Modelo S\u00edsmico para Am\u00e9rica Latina y el Caribe en Costa Rica - COLEGIO DE ARQUITECTOS DE CHILE","og_description":"Entre el lunes 27 y el mi\u00e9rcoles 29 de julio se realiz\u00f3 en San Jos\u00e9, Costa Rica, la 9\u00aa Jornada de la Comisi\u00f3n Permanente del C\u00f3digo Modelo S\u00edsmico para Am\u00e9rica Latina y El Caribe, instancia en la que el Colegio &hellip; ver m\u00e1s","og_url":"https:\/\/colegioarquitectos.com\/noticias\/?p=35832","og_site_name":"COLEGIO DE ARQUITECTOS DE CHILE","article_publisher":"https:\/\/facebook.com\/Colegioarq\/","article_published_time":"2026-09-03T15:01:06+00:00","article_modified_time":"2026-09-03T15:03:43+00:00","og_image":[{"width":1280,"height":720,"url":"https:\/\/colegioarquitectos.com\/noticias\/wp-content\/uploads\/2026\/09\/enca-jose-pedro-campos.png","type":"image\/png"}],"author":"Colegio de Arquitectos de Chile","twitter_card":"summary_large_image","twitter_creator":"@colegioarq","twitter_site":"@colegioarq","twitter_misc":{"Escrito por":"Colegio de Arquitectos de Chile","Tiempo de lectura":"3 minutos"},"schema":{"@context":"https:\/\/schema.org","@graph":[{"@type":"Article","@id":"https:\/\/colegioarquitectos.com\/noticias\/?p=35832#article","isPartOf":{"@id":"https:\/\/colegioarquitectos.com\/noticias\/?p=35832"},"author":{"name":"Colegio de Arquitectos de Chile","@id":"https:\/\/colegioarquitectos.com\/noticias\/#\/schema\/person\/685cc0aad148303c5608f049af8285ad"},"headline":"Representante del Colegio de Arquitectos de Chile participa en la 9\u00aa Jornada de la Comisi\u00f3n Permanente del C\u00f3digo Modelo S\u00edsmico para Am\u00e9rica Latina y el Caribe en Costa Rica","datePublished":"2026-09-03T15:01:06+00:00","dateModified":"2026-09-03T15:03:43+00:00","mainEntityOfPage":{"@id":"https:\/\/colegioarquitectos.com\/noticias\/?p=35832"},"wordCount":291,"publisher":{"@id":"https:\/\/colegioarquitectos.com\/noticias\/#organization"},"image":{"@id":"https:\/\/colegioarquitectos.com\/noticias\/?p=35832#primaryimage"},"thumbnailUrl":"https:\/\/colegioarquitectos.com\/noticias\/wp-content\/uploads\/2026\/09\/enca-jose-pedro-campos.png","keywords":["9\u00aa Jornada de la Comisi\u00f3n Permanente del C\u00f3digo Modelo S\u00edsmico para Am\u00e9rica Latina y el Caribe","jos\u00e9 pedro campos","modelo s\u00edsmico","Subcomit\u00e9 T\u00e9cnico Vivienda Informal Vulnerable Estructuralmente","VIVE"],"articleSection":["Colegio","Internacional"],"inLanguage":"es"},{"@type":"WebPage","@id":"https:\/\/colegioarquitectos.com\/noticias\/?p=35832","url":"https:\/\/colegioarquitectos.com\/noticias\/?p=35832","name":"Representante del Colegio de Arquitectos de Chile participa en la 9\u00aa Jornada de la Comisi\u00f3n Permanente del C\u00f3digo Modelo S\u00edsmico para Am\u00e9rica Latina y el Caribe en Costa Rica - COLEGIO DE ARQUITECTOS DE CHILE","isPartOf":{"@id":"https:\/\/colegioarquitectos.com\/noticias\/#website"},"primaryImageOfPage":{"@id":"https:\/\/colegioarquitectos.com\/noticias\/?p=35832#primaryimage"},"image":{"@id":"https:\/\/colegioarquitectos.com\/noticias\/?p=35832#primaryimage"},"thumbnailUrl":"https:\/\/colegioarquitectos.com\/noticias\/wp-content\/uploads\/2026\/09\/enca-jose-pedro-campos.png","datePublished":"2026-09-03T15:01:06+00:00","dateModified":"2026-09-03T15:03:43+00:00","breadcrumb":{"@id":"https:\/\/colegioarquitectos.com\/noticias\/?p=35832#breadcrumb"},"inLanguage":"es","potentialAction":[{"@type":"ReadAction","target":["https:\/\/colegioarquitectos.com\/noticias\/?p=35832"]}]},{"@type":"ImageObject","inLanguage":"es","@id":"https:\/\/colegioarquitectos.com\/noticias\/?p=35832#primaryimage","url":"https:\/\/colegioarquitectos.com\/noticias\/wp-content\/uploads\/2026\/09\/enca-jose-pedro-campos.png","contentUrl":"https:\/\/colegioarquitectos.com\/noticias\/wp-content\/uploads\/2026\/09\/enca-jose-pedro-campos.png","width":1280,"height":720},{"@type":"BreadcrumbList","@id":"https:\/\/colegioarquitectos.com\/noticias\/?p=35832#breadcrumb","itemListElement":[{"@type":"ListItem","position":1,"name":"Portada","item":"https:\/\/colegioarquitectos.com\/noticias"},{"@type":"ListItem","position":2,"name":"Representante del Colegio de Arquitectos de Chile participa en la 9\u00aa Jornada de la Comisi\u00f3n Permanente del C\u00f3digo Modelo S\u00edsmico para Am\u00e9rica Latina y el Caribe en Costa Rica"}]},{"@type":"WebSite","@id":"https:\/\/colegioarquitectos.com\/noticias\/#website","url":"https:\/\/colegioarquitectos.com\/noticias\/","name":"COLEGIO DE ARQUITECTOS DE CHILE","description":"","publisher":{"@id":"https:\/\/colegioarquitectos.com\/noticias\/#organization"},"potentialAction":[{"@type":"SearchAction","target":{"@type":"EntryPoint","urlTemplate":"https:\/\/colegioarquitectos.com\/noticias\/?s={search_term_string}"},"query-input":{"@type":"PropertyValueSpecification","valueRequired":true,"valueName":"search_term_string"}}],"inLanguage":"es"},{"@type":"Organization","@id":"https:\/\/colegioarquitectos.com\/noticias\/#organization","name":"COLEGIO DE ARQUITECTOS DE CHILE","url":"https:\/\/colegioarquitectos.com\/noticias\/","logo":{"@type":"ImageObject","inLanguage":"es","@id":"https:\/\/colegioarquitectos.com\/noticias\/#\/schema\/logo\/image\/","url":"https:\/\/colegioarquitectos.com\/noticias\/wp-content\/uploads\/2021\/05\/ENCABEZADO-LOGO-CA.jpg","contentUrl":"https:\/\/colegioarquitectos.com\/noticias\/wp-content\/uploads\/2021\/05\/ENCABEZADO-LOGO-CA.jpg","width":690,"height":350,"caption":"COLEGIO DE ARQUITECTOS DE CHILE"},"image":{"@id":"https:\/\/colegioarquitectos.com\/noticias\/#\/schema\/logo\/image\/"},"sameAs":["https:\/\/facebook.com\/Colegioarq\/","https:\/\/x.com\/colegioarq","https:\/\/instagram.com\/colegioarq","https:\/\/youtube.com\/@ColegiodeArquitectosdeChile"]},{"@type":"Person","@id":"https:\/\/colegioarquitectos.com\/noticias\/#\/schema\/person\/685cc0aad148303c5608f049af8285ad","name":"Colegio de Arquitectos de Chile","url":"https:\/\/colegioarquitectos.com\/noticias\/?author=4"}]}},"_links":{"self":[{"href":"https:\/\/colegioarquitectos.com\/noticias\/index.php?rest_route=\/wp\/v2\/posts\/35832","targetHints":{"allow":["GET"]}}],"collection":[{"href":"https:\/\/colegioarquitectos.com\/noticias\/index.php?rest_route=\/wp\/v2\/posts"}],"about":[{"href":"https:\/\/colegioarquitectos.com\/noticias\/index.php?rest_route=\/wp\/v2\/types\/post"}],"author":[{"embeddable":true,"href":"https:\/\/colegioarquitectos.com\/noticias\/index.php?rest_route=\/wp\/v2\/users\/4"}],"replies":[{"embeddable":true,"href":"https:\/\/colegioarquitectos.com\/noticias\/index.php?rest_route=%2Fwp%2Fv2%2Fcomments&post=35832"}],"version-history":[{"count":1,"href":"https:\/\/colegioarquitectos.com\/noticias\/index.php?rest_route=\/wp\/v2\/posts\/35832\/revisions"}],"predecessor-version":[{"id":35838,"href":"https:\/\/colegioarquitectos.com\/noticias\/index.php?rest_route=\/wp\/v2\/posts\/35832\/revisions\/35838"}],"wp:featuredmedia":[{"embeddable":true,"href":"https:\/\/colegioarquitectos.com\/noticias\/index.php?rest_route=\/wp\/v2\/media\/35839"}],"wp:attachment":[{"href":"https:\/\/colegioarquitectos.com\/noticias\/index.php?rest_route=%2Fwp%2Fv2%2Fmedia&parent=35832"}],"wp:term":[{"taxonomy":"category","embeddable":true,"href":"https:\/\/colegioarquitectos.com\/noticias\/index.php?rest_route=%2Fwp%2Fv2%2Fcategories&post=35832"},{"taxonomy":"post_tag","embeddable":true,"href":"https:\/\/colegioarquitectos.com\/noticias\/index.php?rest_route=%2Fwp%2Fv2%2Ftags&post=35832"}],"curies":[{"name":"wp","href":"https:\/\/api.w.org\/{rel}","templated":true}]}}