
{"id":35845,"date":"2026-09-03T14:36:23","date_gmt":"2026-09-03T18:36:23","guid":{"rendered":"https:\/\/colegioarquitectos.com\/noticias\/?p=35845"},"modified":"2026-09-03T14:36:23","modified_gmt":"2026-09-03T18:36:23","slug":"declaracion-publica-preocupacion-del-colegio-de-arquitectos-frente-a-la-situacion-de-la-bauhaus-en-alemania","status":"publish","type":"post","link":"https:\/\/colegioarquitectos.com\/noticias\/?p=35845","title":{"rendered":"[Declaraci\u00f3n p\u00fablica] Preocupaci\u00f3n del Colegio de Arquitectos frente a la situaci\u00f3n de la Bauhaus en Alemania"},"content":{"rendered":"<p>El Colegio de Arquitectos de Chile expresa su preocupaci\u00f3n ante las recientes acciones y propuestas pol\u00edticas vinculadas al partido Alternativa para Alemania (AfD), que cuestionan el legado del Bauhaus y plantean modificaciones al apoyo p\u00fablico destinado a sus instituciones y actividades culturales en el estado de Sajonia-Anhalt.<\/p>\n<p>El Bauhaus constituye uno de los legados m\u00e1s trascendentes de la arquitectura, el dise\u00f1o y el urbanismo del siglo XX. Su aporte excede ampliamente una determinada corriente est\u00e9tica: representa una manera de entender la arquitectura como espacio de innovaci\u00f3n, integraci\u00f3n entre arte, ciencia, tecnolog\u00eda y oficio, y como instrumento para mejorar las condiciones de vida de las personas. Su influencia se proyecta hasta nuestros d\u00edas en la ense\u00f1anza de la arquitectura, el dise\u00f1o urbano, la vivienda, los materiales y las metodolog\u00edas contempor\u00e1neas de proyecto.<\/p>\n<p>Para el gremio de arquitectos, resulta especialmente preocupante que una instituci\u00f3n de relevancia universal pueda transformarse en objeto de confrontaci\u00f3n ideol\u00f3gica o de pol\u00edticas culturales orientadas por criterios nacionalistas. La historia del propio Bauhaus demuestra los riesgos que enfrenta la cultura y la creaci\u00f3n arquitect\u00f3nica cuando la libertad intelectual y art\u00edstica queda subordinada a intereses pol\u00edticos. La escuela fue clausurada en 1933 bajo el r\u00e9gimen nazi, tras a\u00f1os de persecuci\u00f3n y hostigamiento.<\/p>\n<p>El Colegio de Arquitectos de Chile reafirma que la arquitectura constituye un patrimonio cultural colectivo, abierto al intercambio internacional y al di\u00e1logo entre distintas sociedades. Defendemos la libertad de creaci\u00f3n, la investigaci\u00f3n, la educaci\u00f3n arquitect\u00f3nica y la cooperaci\u00f3n internacional como condiciones esenciales para el desarrollo de nuestra disciplina.<\/p>\n<p>Manifestamos, por ello, nuestra solidaridad con las instituciones, arquitectos, acad\u00e9micos, estudiantes y profesionales vinculados al Bauhaus, y hacemos un llamado a proteger su legado como patrimonio de la humanidad y no como instrumento de disputa pol\u00edtica.<\/p>\n<p>La arquitectura debe construir puentes, no fronteras.<\/p>\n<p>&nbsp;<\/p>\n<p><strong>Colegio de Arquitectos de Chile<\/strong><\/p>\n<p>&nbsp;<\/p>\n<p><\/p>","protected":false},"excerpt":{"rendered":"<p>El Colegio de Arquitectos de Chile expresa su preocupaci\u00f3n ante las recientes acciones y propuestas pol\u00edticas vinculadas al partido Alternativa para Alemania (AfD), que cuestionan el legado del Bauhaus y plantean modificaciones al apoyo p\u00fablico destinado a sus instituciones y &hellip; <a class=\"more-link\" href=\"https:\/\/colegioarquitectos.com\/noticias\/?p=35845\">ver m\u00e1s<\/a><\/p>","protected":false},"author":4,"featured_media":35846,"comment_status":"closed","ping_status":"closed","sticky":false,"template":"","format":"standard","meta":{"footnotes":""},"categories":[8,82],"tags":[1840,1839,1190,189],"class_list":["post-35845","post","type-post","status-publish","format-standard","has-post-thumbnail","hentry","category-colegio-de-arquitectos","category-declaraciones-publicas","tag-alemania","tag-bauhaus","tag-declaracion","tag-declaracion-publica"],"yoast_head":"<!-- This site is optimized with the Yoast SEO plugin v24.2 - https:\/\/yoast.com\/wordpress\/plugins\/seo\/ -->\n<title>[Declaraci\u00f3n p\u00fablica] Preocupaci\u00f3n del Colegio de Arquitectos frente a la situaci\u00f3n de la Bauhaus en Alemania - COLEGIO DE ARQUITECTOS DE CHILE<\/title>\n<meta name=\"robots\" content=\"index, follow, max-snippet:-1, max-image-preview:large, max-video-preview:-1\" \/>\n<link rel=\"canonical\" href=\"https:\/\/colegioarquitectos.com\/noticias\/?p=35845\" \/>\n<meta property=\"og:locale\" content=\"es_ES\" \/>\n<meta property=\"og:type\" content=\"article\" \/>\n<meta property=\"og:title\" content=\"[Declaraci\u00f3n p\u00fablica] Preocupaci\u00f3n del Colegio de Arquitectos frente a la situaci\u00f3n de la Bauhaus en Alemania - COLEGIO DE ARQUITECTOS DE CHILE\" \/>\n<meta property=\"og:description\" content=\"El Colegio de Arquitectos de Chile expresa su preocupaci\u00f3n ante las recientes acciones y propuestas pol\u00edticas vinculadas al partido Alternativa para Alemania (AfD), que cuestionan el legado del Bauhaus y plantean modificaciones al apoyo p\u00fablico destinado a sus instituciones y &hellip; ver m\u00e1s\" \/>\n<meta property=\"og:url\" content=\"https:\/\/colegioarquitectos.com\/noticias\/?p=35845\" \/>\n<meta property=\"og:site_name\" content=\"COLEGIO DE ARQUITECTOS DE CHILE\" \/>\n<meta property=\"article:publisher\" content=\"https:\/\/facebook.com\/Colegioarq\/\" \/>\n<meta property=\"article:published_time\" content=\"2026-09-03T18:36:23+00:00\" \/>\n<meta property=\"og:image\" content=\"https:\/\/colegioarquitectos.com\/noticias\/wp-content\/uploads\/2026\/09\/ENCAB-bauhaus.png\" \/>\n\t<meta property=\"og:image:width\" content=\"1280\" \/>\n\t<meta property=\"og:image:height\" content=\"720\" \/>\n\t<meta property=\"og:image:type\" content=\"image\/png\" \/>\n<meta name=\"author\" content=\"Colegio de Arquitectos de Chile\" \/>\n<meta name=\"twitter:card\" content=\"summary_large_image\" \/>\n<meta name=\"twitter:creator\" content=\"@colegioarq\" \/>\n<meta name=\"twitter:site\" content=\"@colegioarq\" \/>\n<meta name=\"twitter:label1\" content=\"Escrito por\" \/>\n\t<meta name=\"twitter:data1\" content=\"Colegio de Arquitectos de Chile\" \/>\n\t<meta name=\"twitter:label2\" content=\"Tiempo de lectura\" \/>\n\t<meta name=\"twitter:data2\" content=\"2 minutos\" \/>\n<script type=\"application\/ld+json\" class=\"yoast-schema-graph\">{\"@context\":\"https:\/\/schema.org\",\"@graph\":[{\"@type\":\"Article\",\"@id\":\"https:\/\/colegioarquitectos.com\/noticias\/?p=35845#article\",\"isPartOf\":{\"@id\":\"https:\/\/colegioarquitectos.com\/noticias\/?p=35845\"},\"author\":{\"name\":\"Colegio de Arquitectos de Chile\",\"@id\":\"https:\/\/colegioarquitectos.com\/noticias\/#\/schema\/person\/685cc0aad148303c5608f049af8285ad\"},\"headline\":\"[Declaraci\u00f3n p\u00fablica] Preocupaci\u00f3n del Colegio de Arquitectos frente a la situaci\u00f3n de la Bauhaus en Alemania\",\"datePublished\":\"2026-09-03T18:36:23+00:00\",\"dateModified\":\"2026-09-03T18:36:23+00:00\",\"mainEntityOfPage\":{\"@id\":\"https:\/\/colegioarquitectos.com\/noticias\/?p=35845\"},\"wordCount\":353,\"publisher\":{\"@id\":\"https:\/\/colegioarquitectos.com\/noticias\/#organization\"},\"image\":{\"@id\":\"https:\/\/colegioarquitectos.com\/noticias\/?p=35845#primaryimage\"},\"thumbnailUrl\":\"https:\/\/colegioarquitectos.com\/noticias\/wp-content\/uploads\/2026\/09\/ENCAB-bauhaus.png\",\"keywords\":[\"Alemania\",\"Bauhaus\",\"Declaraci\u00f3n\",\"Declaraci\u00f3n p\u00fablica\"],\"articleSection\":[\"Colegio\",\"Declaraciones p\u00fablicas\"],\"inLanguage\":\"es\"},{\"@type\":\"WebPage\",\"@id\":\"https:\/\/colegioarquitectos.com\/noticias\/?p=35845\",\"url\":\"https:\/\/colegioarquitectos.com\/noticias\/?p=35845\",\"name\":\"[Declaraci\u00f3n p\u00fablica] Preocupaci\u00f3n del Colegio de Arquitectos frente a la situaci\u00f3n de la Bauhaus en Alemania - COLEGIO DE ARQUITECTOS DE CHILE\",\"isPartOf\":{\"@id\":\"https:\/\/colegioarquitectos.com\/noticias\/#website\"},\"primaryImageOfPage\":{\"@id\":\"https:\/\/colegioarquitectos.com\/noticias\/?p=35845#primaryimage\"},\"image\":{\"@id\":\"https:\/\/colegioarquitectos.com\/noticias\/?p=35845#primaryimage\"},\"thumbnailUrl\":\"https:\/\/colegioarquitectos.com\/noticias\/wp-content\/uploads\/2026\/09\/ENCAB-bauhaus.png\",\"datePublished\":\"2026-09-03T18:36:23+00:00\",\"dateModified\":\"2026-09-03T18:36:23+00:00\",\"breadcrumb\":{\"@id\":\"https:\/\/colegioarquitectos.com\/noticias\/?p=35845#breadcrumb\"},\"inLanguage\":\"es\",\"potentialAction\":[{\"@type\":\"ReadAction\",\"target\":[\"https:\/\/colegioarquitectos.com\/noticias\/?p=35845\"]}]},{\"@type\":\"ImageObject\",\"inLanguage\":\"es\",\"@id\":\"https:\/\/colegioarquitectos.com\/noticias\/?p=35845#primaryimage\",\"url\":\"https:\/\/colegioarquitectos.com\/noticias\/wp-content\/uploads\/2026\/09\/ENCAB-bauhaus.png\",\"contentUrl\":\"https:\/\/colegioarquitectos.com\/noticias\/wp-content\/uploads\/2026\/09\/ENCAB-bauhaus.png\",\"width\":1280,\"height\":720},{\"@type\":\"BreadcrumbList\",\"@id\":\"https:\/\/colegioarquitectos.com\/noticias\/?p=35845#breadcrumb\",\"itemListElement\":[{\"@type\":\"ListItem\",\"position\":1,\"name\":\"Portada\",\"item\":\"https:\/\/colegioarquitectos.com\/noticias\"},{\"@type\":\"ListItem\",\"position\":2,\"name\":\"[Declaraci\u00f3n p\u00fablica] Preocupaci\u00f3n del Colegio de Arquitectos frente a la situaci\u00f3n de la Bauhaus en Alemania\"}]},{\"@type\":\"WebSite\",\"@id\":\"https:\/\/colegioarquitectos.com\/noticias\/#website\",\"url\":\"https:\/\/colegioarquitectos.com\/noticias\/\",\"name\":\"COLEGIO DE ARQUITECTOS DE CHILE\",\"description\":\"\",\"publisher\":{\"@id\":\"https:\/\/colegioarquitectos.com\/noticias\/#organization\"},\"potentialAction\":[{\"@type\":\"SearchAction\",\"target\":{\"@type\":\"EntryPoint\",\"urlTemplate\":\"https:\/\/colegioarquitectos.com\/noticias\/?s={search_term_string}\"},\"query-input\":{\"@type\":\"PropertyValueSpecification\",\"valueRequired\":true,\"valueName\":\"search_term_string\"}}],\"inLanguage\":\"es\"},{\"@type\":\"Organization\",\"@id\":\"https:\/\/colegioarquitectos.com\/noticias\/#organization\",\"name\":\"COLEGIO DE ARQUITECTOS DE CHILE\",\"url\":\"https:\/\/colegioarquitectos.com\/noticias\/\",\"logo\":{\"@type\":\"ImageObject\",\"inLanguage\":\"es\",\"@id\":\"https:\/\/colegioarquitectos.com\/noticias\/#\/schema\/logo\/image\/\",\"url\":\"https:\/\/colegioarquitectos.com\/noticias\/wp-content\/uploads\/2021\/05\/ENCABEZADO-LOGO-CA.jpg\",\"contentUrl\":\"https:\/\/colegioarquitectos.com\/noticias\/wp-content\/uploads\/2021\/05\/ENCABEZADO-LOGO-CA.jpg\",\"width\":690,\"height\":350,\"caption\":\"COLEGIO DE ARQUITECTOS DE CHILE\"},\"image\":{\"@id\":\"https:\/\/colegioarquitectos.com\/noticias\/#\/schema\/logo\/image\/\"},\"sameAs\":[\"https:\/\/facebook.com\/Colegioarq\/\",\"https:\/\/x.com\/colegioarq\",\"https:\/\/instagram.com\/colegioarq\",\"https:\/\/youtube.com\/@ColegiodeArquitectosdeChile\"]},{\"@type\":\"Person\",\"@id\":\"https:\/\/colegioarquitectos.com\/noticias\/#\/schema\/person\/685cc0aad148303c5608f049af8285ad\",\"name\":\"Colegio de Arquitectos de Chile\",\"url\":\"https:\/\/colegioarquitectos.com\/noticias\/?author=4\"}]}<\/script>\n<!-- \/ Yoast SEO plugin. -->","yoast_head_json":{"title":"[Declaraci\u00f3n p\u00fablica] Preocupaci\u00f3n del Colegio de Arquitectos frente a la situaci\u00f3n de la Bauhaus en Alemania - COLEGIO DE ARQUITECTOS DE CHILE","robots":{"index":"index","follow":"follow","max-snippet":"max-snippet:-1","max-image-preview":"max-image-preview:large","max-video-preview":"max-video-preview:-1"},"canonical":"https:\/\/colegioarquitectos.com\/noticias\/?p=35845","og_locale":"es_ES","og_type":"article","og_title":"[Declaraci\u00f3n p\u00fablica] Preocupaci\u00f3n del Colegio de Arquitectos frente a la situaci\u00f3n de la Bauhaus en Alemania - COLEGIO DE ARQUITECTOS DE CHILE","og_description":"El Colegio de Arquitectos de Chile expresa su preocupaci\u00f3n ante las recientes acciones y propuestas pol\u00edticas vinculadas al partido Alternativa para Alemania (AfD), que cuestionan el legado del Bauhaus y plantean modificaciones al apoyo p\u00fablico destinado a sus instituciones y &hellip; ver m\u00e1s","og_url":"https:\/\/colegioarquitectos.com\/noticias\/?p=35845","og_site_name":"COLEGIO DE ARQUITECTOS DE CHILE","article_publisher":"https:\/\/facebook.com\/Colegioarq\/","article_published_time":"2026-09-03T18:36:23+00:00","og_image":[{"width":1280,"height":720,"url":"https:\/\/colegioarquitectos.com\/noticias\/wp-content\/uploads\/2026\/09\/ENCAB-bauhaus.png","type":"image\/png"}],"author":"Colegio de Arquitectos de Chile","twitter_card":"summary_large_image","twitter_creator":"@colegioarq","twitter_site":"@colegioarq","twitter_misc":{"Escrito por":"Colegio de Arquitectos de Chile","Tiempo de lectura":"2 minutos"},"schema":{"@context":"https:\/\/schema.org","@graph":[{"@type":"Article","@id":"https:\/\/colegioarquitectos.com\/noticias\/?p=35845#article","isPartOf":{"@id":"https:\/\/colegioarquitectos.com\/noticias\/?p=35845"},"author":{"name":"Colegio de Arquitectos de Chile","@id":"https:\/\/colegioarquitectos.com\/noticias\/#\/schema\/person\/685cc0aad148303c5608f049af8285ad"},"headline":"[Declaraci\u00f3n p\u00fablica] Preocupaci\u00f3n del Colegio de Arquitectos frente a la situaci\u00f3n de la Bauhaus en Alemania","datePublished":"2026-09-03T18:36:23+00:00","dateModified":"2026-09-03T18:36:23+00:00","mainEntityOfPage":{"@id":"https:\/\/colegioarquitectos.com\/noticias\/?p=35845"},"wordCount":353,"publisher":{"@id":"https:\/\/colegioarquitectos.com\/noticias\/#organization"},"image":{"@id":"https:\/\/colegioarquitectos.com\/noticias\/?p=35845#primaryimage"},"thumbnailUrl":"https:\/\/colegioarquitectos.com\/noticias\/wp-content\/uploads\/2026\/09\/ENCAB-bauhaus.png","keywords":["Alemania","Bauhaus","Declaraci\u00f3n","Declaraci\u00f3n p\u00fablica"],"articleSection":["Colegio","Declaraciones p\u00fablicas"],"inLanguage":"es"},{"@type":"WebPage","@id":"https:\/\/colegioarquitectos.com\/noticias\/?p=35845","url":"https:\/\/colegioarquitectos.com\/noticias\/?p=35845","name":"[Declaraci\u00f3n p\u00fablica] Preocupaci\u00f3n del Colegio de Arquitectos frente a la situaci\u00f3n de la Bauhaus en Alemania - COLEGIO DE ARQUITECTOS DE CHILE","isPartOf":{"@id":"https:\/\/colegioarquitectos.com\/noticias\/#website"},"primaryImageOfPage":{"@id":"https:\/\/colegioarquitectos.com\/noticias\/?p=35845#primaryimage"},"image":{"@id":"https:\/\/colegioarquitectos.com\/noticias\/?p=35845#primaryimage"},"thumbnailUrl":"https:\/\/colegioarquitectos.com\/noticias\/wp-content\/uploads\/2026\/09\/ENCAB-bauhaus.png","datePublished":"2026-09-03T18:36:23+00:00","dateModified":"2026-09-03T18:36:23+00:00","breadcrumb":{"@id":"https:\/\/colegioarquitectos.com\/noticias\/?p=35845#breadcrumb"},"inLanguage":"es","potentialAction":[{"@type":"ReadAction","target":["https:\/\/colegioarquitectos.com\/noticias\/?p=35845"]}]},{"@type":"ImageObject","inLanguage":"es","@id":"https:\/\/colegioarquitectos.com\/noticias\/?p=35845#primaryimage","url":"https:\/\/colegioarquitectos.com\/noticias\/wp-content\/uploads\/2026\/09\/ENCAB-bauhaus.png","contentUrl":"https:\/\/colegioarquitectos.com\/noticias\/wp-content\/uploads\/2026\/09\/ENCAB-bauhaus.png","width":1280,"height":720},{"@type":"BreadcrumbList","@id":"https:\/\/colegioarquitectos.com\/noticias\/?p=35845#breadcrumb","itemListElement":[{"@type":"ListItem","position":1,"name":"Portada","item":"https:\/\/colegioarquitectos.com\/noticias"},{"@type":"ListItem","position":2,"name":"[Declaraci\u00f3n p\u00fablica] Preocupaci\u00f3n del Colegio de Arquitectos frente a la situaci\u00f3n de la Bauhaus en Alemania"}]},{"@type":"WebSite","@id":"https:\/\/colegioarquitectos.com\/noticias\/#website","url":"https:\/\/colegioarquitectos.com\/noticias\/","name":"COLEGIO DE ARQUITECTOS DE CHILE","description":"","publisher":{"@id":"https:\/\/colegioarquitectos.com\/noticias\/#organization"},"potentialAction":[{"@type":"SearchAction","target":{"@type":"EntryPoint","urlTemplate":"https:\/\/colegioarquitectos.com\/noticias\/?s={search_term_string}"},"query-input":{"@type":"PropertyValueSpecification","valueRequired":true,"valueName":"search_term_string"}}],"inLanguage":"es"},{"@type":"Organization","@id":"https:\/\/colegioarquitectos.com\/noticias\/#organization","name":"COLEGIO DE ARQUITECTOS DE CHILE","url":"https:\/\/colegioarquitectos.com\/noticias\/","logo":{"@type":"ImageObject","inLanguage":"es","@id":"https:\/\/colegioarquitectos.com\/noticias\/#\/schema\/logo\/image\/","url":"https:\/\/colegioarquitectos.com\/noticias\/wp-content\/uploads\/2021\/05\/ENCABEZADO-LOGO-CA.jpg","contentUrl":"https:\/\/colegioarquitectos.com\/noticias\/wp-content\/uploads\/2021\/05\/ENCABEZADO-LOGO-CA.jpg","width":690,"height":350,"caption":"COLEGIO DE ARQUITECTOS DE CHILE"},"image":{"@id":"https:\/\/colegioarquitectos.com\/noticias\/#\/schema\/logo\/image\/"},"sameAs":["https:\/\/facebook.com\/Colegioarq\/","https:\/\/x.com\/colegioarq","https:\/\/instagram.com\/colegioarq","https:\/\/youtube.com\/@ColegiodeArquitectosdeChile"]},{"@type":"Person","@id":"https:\/\/colegioarquitectos.com\/noticias\/#\/schema\/person\/685cc0aad148303c5608f049af8285ad","name":"Colegio de Arquitectos de Chile","url":"https:\/\/colegioarquitectos.com\/noticias\/?author=4"}]}},"_links":{"self":[{"href":"https:\/\/colegioarquitectos.com\/noticias\/index.php?rest_route=\/wp\/v2\/posts\/35845","targetHints":{"allow":["GET"]}}],"collection":[{"href":"https:\/\/colegioarquitectos.com\/noticias\/index.php?rest_route=\/wp\/v2\/posts"}],"about":[{"href":"https:\/\/colegioarquitectos.com\/noticias\/index.php?rest_route=\/wp\/v2\/types\/post"}],"author":[{"embeddable":true,"href":"https:\/\/colegioarquitectos.com\/noticias\/index.php?rest_route=\/wp\/v2\/users\/4"}],"replies":[{"embeddable":true,"href":"https:\/\/colegioarquitectos.com\/noticias\/index.php?rest_route=%2Fwp%2Fv2%2Fcomments&post=35845"}],"version-history":[{"count":1,"href":"https:\/\/colegioarquitectos.com\/noticias\/index.php?rest_route=\/wp\/v2\/posts\/35845\/revisions"}],"predecessor-version":[{"id":35847,"href":"https:\/\/colegioarquitectos.com\/noticias\/index.php?rest_route=\/wp\/v2\/posts\/35845\/revisions\/35847"}],"wp:featuredmedia":[{"embeddable":true,"href":"https:\/\/colegioarquitectos.com\/noticias\/index.php?rest_route=\/wp\/v2\/media\/35846"}],"wp:attachment":[{"href":"https:\/\/colegioarquitectos.com\/noticias\/index.php?rest_route=%2Fwp%2Fv2%2Fmedia&parent=35845"}],"wp:term":[{"taxonomy":"category","embeddable":true,"href":"https:\/\/colegioarquitectos.com\/noticias\/index.php?rest_route=%2Fwp%2Fv2%2Fcategories&post=35845"},{"taxonomy":"post_tag","embeddable":true,"href":"https:\/\/colegioarquitectos.com\/noticias\/index.php?rest_route=%2Fwp%2Fv2%2Ftags&post=35845"}],"curies":[{"name":"wp","href":"https:\/\/api.w.org\/{rel}","templated":true}]}}