
{"id":3599,"date":"2013-01-06T09:00:38","date_gmt":"2013-01-06T09:00:38","guid":{"rendered":"http:\/\/colegioarquitectos.com\/noticias\/?p=3599"},"modified":"2013-01-14T20:54:12","modified_gmt":"2013-01-14T20:54:12","slug":"con-alta-convocatoria-delegacion-zonal-la-serena-realiza-interesante-charla-tecnica-nuevas-tecnologias-en-el-uso-de-la-madera-en-italia","status":"publish","type":"post","link":"https:\/\/colegioarquitectos.com\/noticias\/?p=3599","title":{"rendered":"Con alta convocatoria Delegaci\u00f3n Zonal La Serena realiza interesante Charla T\u00e9cnica \u00abNuevas Tecnolog\u00edas en el Uso de la Madera en Italia\u00bb"},"content":{"rendered":"<p style=\"text-align: justify;\">Comenzando las actividades del a\u00f1o en beneficio de los colegiados, en las dependencias de la Delegaci\u00f3n La Serena del Colegio de Arquitectos de Chile, se realiz\u00f3 el mi\u00e9rcoles 09 de enero la Charla T\u00e9cnica \u00abNuevas Tecnolog\u00edas en el Uso de la Madera en Italia\u00bb presentada por el ingeniero Claudio Cattich y la arquitecto Natalia Albasini, con la participaci\u00f3n de las empresas Armalam, Armalab-Zephir y Rothoblaas.<\/p>\n<p style=\"text-align: justify;\">Los temas principales presentados en la charla para los arquitectos fue el sistema ARMALAM, viga de madera laminada armada con una gran resistencia, llegando a obtener una mayor rigidez y una amplia flexibilidad en la estructura soportante de la edificaci\u00f3n. Junto a ello la marca Rothoblass present\u00f3 algunos sistemas de anclajes para la madera dando a conocer las caracter\u00edsticas y formas de instalaci\u00f3n de cada uno de sus productos.<\/p>\n<p style=\"text-align: justify;\">\n<p style=\"text-align: justify;\"><a href=\"http:\/\/colegioarquitectos.com\/noticias\/wp-content\/uploads\/2013\/01\/IMG_3880.jpg\"><img loading=\"lazy\" decoding=\"async\" class=\"alignnone size-full wp-image-3601\" title=\"IMG_3880\" src=\"http:\/\/colegioarquitectos.com\/noticias\/wp-content\/uploads\/2013\/01\/IMG_3880.jpg\" alt=\"\" width=\"550\" height=\"411\" srcset=\"https:\/\/colegioarquitectos.com\/noticias\/wp-content\/uploads\/2013\/01\/IMG_3880.jpg 550w, https:\/\/colegioarquitectos.com\/noticias\/wp-content\/uploads\/2013\/01\/IMG_3880-300x224.jpg 300w\" sizes=\"auto, (max-width: 550px) 100vw, 550px\" \/><\/a><\/p>\n<p style=\"text-align: justify;\"><a href=\"http:\/\/colegioarquitectos.com\/noticias\/wp-content\/uploads\/2013\/01\/IMG_3884.jpg\"><img loading=\"lazy\" decoding=\"async\" class=\"alignnone size-full wp-image-3602\" title=\"IMG_3884\" src=\"http:\/\/colegioarquitectos.com\/noticias\/wp-content\/uploads\/2013\/01\/IMG_3884.jpg\" alt=\"\" width=\"550\" height=\"411\" srcset=\"https:\/\/colegioarquitectos.com\/noticias\/wp-content\/uploads\/2013\/01\/IMG_3884.jpg 550w, https:\/\/colegioarquitectos.com\/noticias\/wp-content\/uploads\/2013\/01\/IMG_3884-300x224.jpg 300w\" sizes=\"auto, (max-width: 550px) 100vw, 550px\" \/><\/a><\/p>\n<p style=\"text-align: justify;\"><a href=\"http:\/\/colegioarquitectos.com\/noticias\/wp-content\/uploads\/2013\/01\/IMG_3885.jpg\"><img loading=\"lazy\" decoding=\"async\" class=\"alignnone size-full wp-image-3603\" title=\"IMG_3885\" src=\"http:\/\/colegioarquitectos.com\/noticias\/wp-content\/uploads\/2013\/01\/IMG_3885.jpg\" alt=\"\" width=\"550\" height=\"411\" srcset=\"https:\/\/colegioarquitectos.com\/noticias\/wp-content\/uploads\/2013\/01\/IMG_3885.jpg 550w, https:\/\/colegioarquitectos.com\/noticias\/wp-content\/uploads\/2013\/01\/IMG_3885-300x224.jpg 300w\" sizes=\"auto, (max-width: 550px) 100vw, 550px\" \/><\/a><\/p>\n<p style=\"text-align: justify;\"><a href=\"http:\/\/colegioarquitectos.com\/noticias\/wp-content\/uploads\/2013\/01\/IMG_3886.jpg\"><img loading=\"lazy\" decoding=\"async\" class=\"alignnone size-full wp-image-3604\" title=\"IMG_3886\" src=\"http:\/\/colegioarquitectos.com\/noticias\/wp-content\/uploads\/2013\/01\/IMG_3886.jpg\" alt=\"\" width=\"550\" height=\"411\" srcset=\"https:\/\/colegioarquitectos.com\/noticias\/wp-content\/uploads\/2013\/01\/IMG_3886.jpg 550w, https:\/\/colegioarquitectos.com\/noticias\/wp-content\/uploads\/2013\/01\/IMG_3886-300x224.jpg 300w\" sizes=\"auto, (max-width: 550px) 100vw, 550px\" \/><\/a><\/p>\n<p style=\"text-align: justify;\"><a href=\"http:\/\/colegioarquitectos.com\/noticias\/wp-content\/uploads\/2013\/01\/IMG_3887.jpg\"><img loading=\"lazy\" decoding=\"async\" class=\"alignnone size-full wp-image-3605\" title=\"IMG_3887\" src=\"http:\/\/colegioarquitectos.com\/noticias\/wp-content\/uploads\/2013\/01\/IMG_3887.jpg\" alt=\"\" width=\"550\" height=\"411\" srcset=\"https:\/\/colegioarquitectos.com\/noticias\/wp-content\/uploads\/2013\/01\/IMG_3887.jpg 550w, https:\/\/colegioarquitectos.com\/noticias\/wp-content\/uploads\/2013\/01\/IMG_3887-300x224.jpg 300w\" sizes=\"auto, (max-width: 550px) 100vw, 550px\" \/><\/a><\/p>\n<p style=\"text-align: justify;\"><a href=\"http:\/\/colegioarquitectos.com\/noticias\/wp-content\/uploads\/2013\/01\/IMG_3888.jpg\"><img loading=\"lazy\" decoding=\"async\" class=\"alignnone size-full wp-image-3606\" title=\"IMG_3888\" src=\"http:\/\/colegioarquitectos.com\/noticias\/wp-content\/uploads\/2013\/01\/IMG_3888.jpg\" alt=\"\" width=\"550\" height=\"411\" srcset=\"https:\/\/colegioarquitectos.com\/noticias\/wp-content\/uploads\/2013\/01\/IMG_3888.jpg 550w, https:\/\/colegioarquitectos.com\/noticias\/wp-content\/uploads\/2013\/01\/IMG_3888-300x224.jpg 300w\" sizes=\"auto, (max-width: 550px) 100vw, 550px\" \/><\/a><\/p>\n<p style=\"text-align: justify;\"><a href=\"http:\/\/colegioarquitectos.com\/noticias\/wp-content\/uploads\/2013\/01\/IMG_3889.jpg\"><img loading=\"lazy\" decoding=\"async\" class=\"alignnone size-full wp-image-3607\" title=\"IMG_3889\" src=\"http:\/\/colegioarquitectos.com\/noticias\/wp-content\/uploads\/2013\/01\/IMG_3889.jpg\" alt=\"\" width=\"550\" height=\"411\" srcset=\"https:\/\/colegioarquitectos.com\/noticias\/wp-content\/uploads\/2013\/01\/IMG_3889.jpg 550w, https:\/\/colegioarquitectos.com\/noticias\/wp-content\/uploads\/2013\/01\/IMG_3889-300x224.jpg 300w\" sizes=\"auto, (max-width: 550px) 100vw, 550px\" \/><\/a><a href=\"http:\/\/colegioarquitectos.com\/noticias\/wp-content\/uploads\/2013\/01\/IMG_3891.jpg\"><img loading=\"lazy\" decoding=\"async\" class=\"alignnone size-full wp-image-3608\" title=\"IMG_3891\" src=\"http:\/\/colegioarquitectos.com\/noticias\/wp-content\/uploads\/2013\/01\/IMG_3891.jpg\" alt=\"\" width=\"550\" height=\"411\" srcset=\"https:\/\/colegioarquitectos.com\/noticias\/wp-content\/uploads\/2013\/01\/IMG_3891.jpg 550w, https:\/\/colegioarquitectos.com\/noticias\/wp-content\/uploads\/2013\/01\/IMG_3891-300x224.jpg 300w\" sizes=\"auto, (max-width: 550px) 100vw, 550px\" \/><\/a><\/p>\n<p style=\"text-align: justify;\"><a href=\"http:\/\/colegioarquitectos.com\/noticias\/wp-content\/uploads\/2013\/01\/IMG_3892.jpg\"><img loading=\"lazy\" decoding=\"async\" class=\"alignnone size-full wp-image-3609\" title=\"IMG_3892\" src=\"http:\/\/colegioarquitectos.com\/noticias\/wp-content\/uploads\/2013\/01\/IMG_3892.jpg\" alt=\"\" width=\"550\" height=\"411\" srcset=\"https:\/\/colegioarquitectos.com\/noticias\/wp-content\/uploads\/2013\/01\/IMG_3892.jpg 550w, https:\/\/colegioarquitectos.com\/noticias\/wp-content\/uploads\/2013\/01\/IMG_3892-300x224.jpg 300w\" sizes=\"auto, (max-width: 550px) 100vw, 550px\" \/><\/a><\/p>\n<p style=\"text-align: justify;\"><a href=\"http:\/\/colegioarquitectos.com\/noticias\/wp-content\/uploads\/2013\/01\/IMG_3893.jpg\"><img loading=\"lazy\" decoding=\"async\" class=\"alignnone size-full wp-image-3610\" title=\"IMG_3893\" src=\"http:\/\/colegioarquitectos.com\/noticias\/wp-content\/uploads\/2013\/01\/IMG_3893.jpg\" alt=\"\" width=\"550\" height=\"411\" srcset=\"https:\/\/colegioarquitectos.com\/noticias\/wp-content\/uploads\/2013\/01\/IMG_3893.jpg 550w, https:\/\/colegioarquitectos.com\/noticias\/wp-content\/uploads\/2013\/01\/IMG_3893-300x224.jpg 300w\" sizes=\"auto, (max-width: 550px) 100vw, 550px\" \/><\/a><\/p>\n<p style=\"text-align: justify;\"><a href=\"http:\/\/colegioarquitectos.com\/noticias\/wp-content\/uploads\/2013\/01\/IMG_3896.jpg\"><img loading=\"lazy\" decoding=\"async\" class=\"alignnone size-full wp-image-3611\" title=\"IMG_3896\" src=\"http:\/\/colegioarquitectos.com\/noticias\/wp-content\/uploads\/2013\/01\/IMG_3896.jpg\" alt=\"\" width=\"550\" height=\"411\" srcset=\"https:\/\/colegioarquitectos.com\/noticias\/wp-content\/uploads\/2013\/01\/IMG_3896.jpg 550w, https:\/\/colegioarquitectos.com\/noticias\/wp-content\/uploads\/2013\/01\/IMG_3896-300x224.jpg 300w\" sizes=\"auto, (max-width: 550px) 100vw, 550px\" \/><\/a><\/p>\n<p style=\"text-align: justify;\"><a href=\"http:\/\/colegioarquitectos.com\/noticias\/wp-content\/uploads\/2013\/01\/IMG_3897.jpg\"><img loading=\"lazy\" decoding=\"async\" class=\"alignnone size-full wp-image-3612\" title=\"IMG_3897\" src=\"http:\/\/colegioarquitectos.com\/noticias\/wp-content\/uploads\/2013\/01\/IMG_3897.jpg\" alt=\"\" width=\"550\" height=\"411\" srcset=\"https:\/\/colegioarquitectos.com\/noticias\/wp-content\/uploads\/2013\/01\/IMG_3897.jpg 550w, https:\/\/colegioarquitectos.com\/noticias\/wp-content\/uploads\/2013\/01\/IMG_3897-300x224.jpg 300w\" sizes=\"auto, (max-width: 550px) 100vw, 550px\" \/><\/a><\/p>\n<p style=\"text-align: justify;\"><a href=\"http:\/\/colegioarquitectos.com\/noticias\/wp-content\/uploads\/2013\/01\/IMG_3901.jpg\"><img loading=\"lazy\" decoding=\"async\" class=\"alignnone size-full wp-image-3613\" title=\"IMG_3901\" src=\"http:\/\/colegioarquitectos.com\/noticias\/wp-content\/uploads\/2013\/01\/IMG_3901.jpg\" alt=\"\" width=\"550\" height=\"411\" srcset=\"https:\/\/colegioarquitectos.com\/noticias\/wp-content\/uploads\/2013\/01\/IMG_3901.jpg 550w, https:\/\/colegioarquitectos.com\/noticias\/wp-content\/uploads\/2013\/01\/IMG_3901-300x224.jpg 300w\" sizes=\"auto, (max-width: 550px) 100vw, 550px\" \/><\/a><\/p>\n<p><\/p>","protected":false},"excerpt":{"rendered":"<p>Comenzando las actividades del a\u00f1o en beneficio de los colegiados, en las dependencias de la Delegaci\u00f3n La Serena del Colegio de Arquitectos de Chile, se realiz\u00f3 el mi\u00e9rcoles 09 de enero la Charla T\u00e9cnica \u00abNuevas Tecnolog\u00edas en el Uso de &hellip; <a class=\"more-link\" href=\"https:\/\/colegioarquitectos.com\/noticias\/?p=3599\">ver m\u00e1s<\/a><\/p>","protected":false},"author":1,"featured_media":0,"comment_status":"open","ping_status":"open","sticky":false,"template":"","format":"standard","meta":{"footnotes":""},"categories":[19,24,8,10],"tags":[],"class_list":["post-3599","post","type-post","status-publish","format-standard","hentry","category-actividades","category-charlas","category-colegio-de-arquitectos","category-delegaciones-zonales"],"yoast_head":"<!-- This site is optimized with the Yoast SEO plugin v24.2 - https:\/\/yoast.com\/wordpress\/plugins\/seo\/ -->\n<title>Con alta convocatoria Delegaci\u00f3n Zonal La Serena realiza interesante Charla T\u00e9cnica &quot;Nuevas Tecnolog\u00edas en el Uso de la Madera en Italia&quot; - COLEGIO DE ARQUITECTOS DE CHILE<\/title>\n<meta name=\"robots\" content=\"index, follow, max-snippet:-1, max-image-preview:large, max-video-preview:-1\" \/>\n<link rel=\"canonical\" href=\"https:\/\/colegioarquitectos.com\/noticias\/?p=3599\" \/>\n<meta property=\"og:locale\" content=\"es_ES\" \/>\n<meta property=\"og:type\" content=\"article\" \/>\n<meta property=\"og:title\" content=\"Con alta convocatoria Delegaci\u00f3n Zonal La Serena realiza interesante Charla T\u00e9cnica &quot;Nuevas Tecnolog\u00edas en el Uso de la Madera en Italia&quot; - COLEGIO DE ARQUITECTOS DE CHILE\" \/>\n<meta property=\"og:description\" content=\"Comenzando las actividades del a\u00f1o en beneficio de los colegiados, en las dependencias de la Delegaci\u00f3n La Serena del Colegio de Arquitectos de Chile, se realiz\u00f3 el mi\u00e9rcoles 09 de enero la Charla T\u00e9cnica \u00abNuevas Tecnolog\u00edas en el Uso de &hellip; ver m\u00e1s\" \/>\n<meta property=\"og:url\" content=\"https:\/\/colegioarquitectos.com\/noticias\/?p=3599\" \/>\n<meta property=\"og:site_name\" content=\"COLEGIO DE ARQUITECTOS DE CHILE\" \/>\n<meta property=\"article:publisher\" content=\"https:\/\/facebook.com\/Colegioarq\/\" \/>\n<meta property=\"article:published_time\" content=\"2013-01-06T09:00:38+00:00\" \/>\n<meta property=\"article:modified_time\" content=\"2013-01-14T20:54:12+00:00\" \/>\n<meta property=\"og:image\" content=\"https:\/\/colegioarquitectos.com\/noticias\/wp-content\/uploads\/2013\/01\/IMG_3880.jpg\" \/>\n\t<meta property=\"og:image:width\" content=\"550\" \/>\n\t<meta property=\"og:image:height\" content=\"411\" \/>\n\t<meta property=\"og:image:type\" content=\"image\/jpeg\" \/>\n<meta name=\"author\" content=\"Gabriel Salgado S.\" \/>\n<meta name=\"twitter:card\" content=\"summary_large_image\" \/>\n<meta name=\"twitter:creator\" content=\"@colegioarq\" \/>\n<meta name=\"twitter:site\" content=\"@colegioarq\" \/>\n<meta name=\"twitter:label1\" content=\"Escrito por\" \/>\n\t<meta name=\"twitter:data1\" content=\"Gabriel Salgado S.\" \/>\n\t<meta name=\"twitter:label2\" content=\"Tiempo de lectura\" \/>\n\t<meta name=\"twitter:data2\" content=\"1 minuto\" \/>\n<script type=\"application\/ld+json\" class=\"yoast-schema-graph\">{\"@context\":\"https:\/\/schema.org\",\"@graph\":[{\"@type\":\"Article\",\"@id\":\"https:\/\/colegioarquitectos.com\/noticias\/?p=3599#article\",\"isPartOf\":{\"@id\":\"https:\/\/colegioarquitectos.com\/noticias\/?p=3599\"},\"author\":{\"name\":\"Gabriel Salgado S.\",\"@id\":\"https:\/\/colegioarquitectos.com\/noticias\/#\/schema\/person\/b6c7e912cd1283c089114093ed09741f\"},\"headline\":\"Con alta convocatoria Delegaci\u00f3n Zonal La Serena realiza interesante Charla T\u00e9cnica \u00abNuevas Tecnolog\u00edas en el Uso de la Madera en Italia\u00bb\",\"datePublished\":\"2013-01-06T09:00:38+00:00\",\"dateModified\":\"2013-01-14T20:54:12+00:00\",\"mainEntityOfPage\":{\"@id\":\"https:\/\/colegioarquitectos.com\/noticias\/?p=3599\"},\"wordCount\":166,\"commentCount\":0,\"publisher\":{\"@id\":\"https:\/\/colegioarquitectos.com\/noticias\/#organization\"},\"image\":{\"@id\":\"https:\/\/colegioarquitectos.com\/noticias\/?p=3599#primaryimage\"},\"thumbnailUrl\":\"http:\/\/colegioarquitectos.com\/noticias\/wp-content\/uploads\/2013\/01\/IMG_3880.jpg\",\"articleSection\":[\"Actividades\",\"Charlas\",\"Colegio\",\"Delegaciones\"],\"inLanguage\":\"es\",\"potentialAction\":[{\"@type\":\"CommentAction\",\"name\":\"Comment\",\"target\":[\"https:\/\/colegioarquitectos.com\/noticias\/?p=3599#respond\"]}]},{\"@type\":\"WebPage\",\"@id\":\"https:\/\/colegioarquitectos.com\/noticias\/?p=3599\",\"url\":\"https:\/\/colegioarquitectos.com\/noticias\/?p=3599\",\"name\":\"Con alta convocatoria Delegaci\u00f3n Zonal La Serena realiza interesante Charla T\u00e9cnica \\\"Nuevas Tecnolog\u00edas en el Uso de la Madera en Italia\\\" - COLEGIO DE ARQUITECTOS DE CHILE\",\"isPartOf\":{\"@id\":\"https:\/\/colegioarquitectos.com\/noticias\/#website\"},\"primaryImageOfPage\":{\"@id\":\"https:\/\/colegioarquitectos.com\/noticias\/?p=3599#primaryimage\"},\"image\":{\"@id\":\"https:\/\/colegioarquitectos.com\/noticias\/?p=3599#primaryimage\"},\"thumbnailUrl\":\"http:\/\/colegioarquitectos.com\/noticias\/wp-content\/uploads\/2013\/01\/IMG_3880.jpg\",\"datePublished\":\"2013-01-06T09:00:38+00:00\",\"dateModified\":\"2013-01-14T20:54:12+00:00\",\"breadcrumb\":{\"@id\":\"https:\/\/colegioarquitectos.com\/noticias\/?p=3599#breadcrumb\"},\"inLanguage\":\"es\",\"potentialAction\":[{\"@type\":\"ReadAction\",\"target\":[\"https:\/\/colegioarquitectos.com\/noticias\/?p=3599\"]}]},{\"@type\":\"ImageObject\",\"inLanguage\":\"es\",\"@id\":\"https:\/\/colegioarquitectos.com\/noticias\/?p=3599#primaryimage\",\"url\":\"http:\/\/colegioarquitectos.com\/noticias\/wp-content\/uploads\/2013\/01\/IMG_3880.jpg\",\"contentUrl\":\"http:\/\/colegioarquitectos.com\/noticias\/wp-content\/uploads\/2013\/01\/IMG_3880.jpg\"},{\"@type\":\"BreadcrumbList\",\"@id\":\"https:\/\/colegioarquitectos.com\/noticias\/?p=3599#breadcrumb\",\"itemListElement\":[{\"@type\":\"ListItem\",\"position\":1,\"name\":\"Portada\",\"item\":\"https:\/\/colegioarquitectos.com\/noticias\"},{\"@type\":\"ListItem\",\"position\":2,\"name\":\"Con alta convocatoria Delegaci\u00f3n Zonal La Serena realiza interesante Charla T\u00e9cnica \u00abNuevas Tecnolog\u00edas en el Uso de la Madera en Italia\u00bb\"}]},{\"@type\":\"WebSite\",\"@id\":\"https:\/\/colegioarquitectos.com\/noticias\/#website\",\"url\":\"https:\/\/colegioarquitectos.com\/noticias\/\",\"name\":\"COLEGIO DE ARQUITECTOS DE CHILE\",\"description\":\"\",\"publisher\":{\"@id\":\"https:\/\/colegioarquitectos.com\/noticias\/#organization\"},\"potentialAction\":[{\"@type\":\"SearchAction\",\"target\":{\"@type\":\"EntryPoint\",\"urlTemplate\":\"https:\/\/colegioarquitectos.com\/noticias\/?s={search_term_string}\"},\"query-input\":{\"@type\":\"PropertyValueSpecification\",\"valueRequired\":true,\"valueName\":\"search_term_string\"}}],\"inLanguage\":\"es\"},{\"@type\":\"Organization\",\"@id\":\"https:\/\/colegioarquitectos.com\/noticias\/#organization\",\"name\":\"COLEGIO DE ARQUITECTOS DE CHILE\",\"url\":\"https:\/\/colegioarquitectos.com\/noticias\/\",\"logo\":{\"@type\":\"ImageObject\",\"inLanguage\":\"es\",\"@id\":\"https:\/\/colegioarquitectos.com\/noticias\/#\/schema\/logo\/image\/\",\"url\":\"https:\/\/colegioarquitectos.com\/noticias\/wp-content\/uploads\/2021\/05\/ENCABEZADO-LOGO-CA.jpg\",\"contentUrl\":\"https:\/\/colegioarquitectos.com\/noticias\/wp-content\/uploads\/2021\/05\/ENCABEZADO-LOGO-CA.jpg\",\"width\":690,\"height\":350,\"caption\":\"COLEGIO DE ARQUITECTOS DE CHILE\"},\"image\":{\"@id\":\"https:\/\/colegioarquitectos.com\/noticias\/#\/schema\/logo\/image\/\"},\"sameAs\":[\"https:\/\/facebook.com\/Colegioarq\/\",\"https:\/\/x.com\/colegioarq\",\"https:\/\/instagram.com\/colegioarq\",\"https:\/\/youtube.com\/@ColegiodeArquitectosdeChile\"]},{\"@type\":\"Person\",\"@id\":\"https:\/\/colegioarquitectos.com\/noticias\/#\/schema\/person\/b6c7e912cd1283c089114093ed09741f\",\"name\":\"Gabriel Salgado S.\",\"url\":\"https:\/\/colegioarquitectos.com\/noticias\/?author=1\"}]}<\/script>\n<!-- \/ Yoast SEO plugin. -->","yoast_head_json":{"title":"Con alta convocatoria Delegaci\u00f3n Zonal La Serena realiza interesante Charla T\u00e9cnica \"Nuevas Tecnolog\u00edas en el Uso de la Madera en Italia\" - COLEGIO DE ARQUITECTOS DE CHILE","robots":{"index":"index","follow":"follow","max-snippet":"max-snippet:-1","max-image-preview":"max-image-preview:large","max-video-preview":"max-video-preview:-1"},"canonical":"https:\/\/colegioarquitectos.com\/noticias\/?p=3599","og_locale":"es_ES","og_type":"article","og_title":"Con alta convocatoria Delegaci\u00f3n Zonal La Serena realiza interesante Charla T\u00e9cnica \"Nuevas Tecnolog\u00edas en el Uso de la Madera en Italia\" - COLEGIO DE ARQUITECTOS DE CHILE","og_description":"Comenzando las actividades del a\u00f1o en beneficio de los colegiados, en las dependencias de la Delegaci\u00f3n La Serena del Colegio de Arquitectos de Chile, se realiz\u00f3 el mi\u00e9rcoles 09 de enero la Charla T\u00e9cnica \u00abNuevas Tecnolog\u00edas en el Uso de &hellip; ver m\u00e1s","og_url":"https:\/\/colegioarquitectos.com\/noticias\/?p=3599","og_site_name":"COLEGIO DE ARQUITECTOS DE CHILE","article_publisher":"https:\/\/facebook.com\/Colegioarq\/","article_published_time":"2013-01-06T09:00:38+00:00","article_modified_time":"2013-01-14T20:54:12+00:00","og_image":[{"width":550,"height":411,"url":"https:\/\/colegioarquitectos.com\/noticias\/wp-content\/uploads\/2013\/01\/IMG_3880.jpg","type":"image\/jpeg"}],"author":"Gabriel Salgado S.","twitter_card":"summary_large_image","twitter_creator":"@colegioarq","twitter_site":"@colegioarq","twitter_misc":{"Escrito por":"Gabriel Salgado S.","Tiempo de lectura":"1 minuto"},"schema":{"@context":"https:\/\/schema.org","@graph":[{"@type":"Article","@id":"https:\/\/colegioarquitectos.com\/noticias\/?p=3599#article","isPartOf":{"@id":"https:\/\/colegioarquitectos.com\/noticias\/?p=3599"},"author":{"name":"Gabriel Salgado S.","@id":"https:\/\/colegioarquitectos.com\/noticias\/#\/schema\/person\/b6c7e912cd1283c089114093ed09741f"},"headline":"Con alta convocatoria Delegaci\u00f3n Zonal La Serena realiza interesante Charla T\u00e9cnica \u00abNuevas Tecnolog\u00edas en el Uso de la Madera en Italia\u00bb","datePublished":"2013-01-06T09:00:38+00:00","dateModified":"2013-01-14T20:54:12+00:00","mainEntityOfPage":{"@id":"https:\/\/colegioarquitectos.com\/noticias\/?p=3599"},"wordCount":166,"commentCount":0,"publisher":{"@id":"https:\/\/colegioarquitectos.com\/noticias\/#organization"},"image":{"@id":"https:\/\/colegioarquitectos.com\/noticias\/?p=3599#primaryimage"},"thumbnailUrl":"http:\/\/colegioarquitectos.com\/noticias\/wp-content\/uploads\/2013\/01\/IMG_3880.jpg","articleSection":["Actividades","Charlas","Colegio","Delegaciones"],"inLanguage":"es","potentialAction":[{"@type":"CommentAction","name":"Comment","target":["https:\/\/colegioarquitectos.com\/noticias\/?p=3599#respond"]}]},{"@type":"WebPage","@id":"https:\/\/colegioarquitectos.com\/noticias\/?p=3599","url":"https:\/\/colegioarquitectos.com\/noticias\/?p=3599","name":"Con alta convocatoria Delegaci\u00f3n Zonal La Serena realiza interesante Charla T\u00e9cnica \"Nuevas Tecnolog\u00edas en el Uso de la Madera en Italia\" - COLEGIO DE ARQUITECTOS DE CHILE","isPartOf":{"@id":"https:\/\/colegioarquitectos.com\/noticias\/#website"},"primaryImageOfPage":{"@id":"https:\/\/colegioarquitectos.com\/noticias\/?p=3599#primaryimage"},"image":{"@id":"https:\/\/colegioarquitectos.com\/noticias\/?p=3599#primaryimage"},"thumbnailUrl":"http:\/\/colegioarquitectos.com\/noticias\/wp-content\/uploads\/2013\/01\/IMG_3880.jpg","datePublished":"2013-01-06T09:00:38+00:00","dateModified":"2013-01-14T20:54:12+00:00","breadcrumb":{"@id":"https:\/\/colegioarquitectos.com\/noticias\/?p=3599#breadcrumb"},"inLanguage":"es","potentialAction":[{"@type":"ReadAction","target":["https:\/\/colegioarquitectos.com\/noticias\/?p=3599"]}]},{"@type":"ImageObject","inLanguage":"es","@id":"https:\/\/colegioarquitectos.com\/noticias\/?p=3599#primaryimage","url":"http:\/\/colegioarquitectos.com\/noticias\/wp-content\/uploads\/2013\/01\/IMG_3880.jpg","contentUrl":"http:\/\/colegioarquitectos.com\/noticias\/wp-content\/uploads\/2013\/01\/IMG_3880.jpg"},{"@type":"BreadcrumbList","@id":"https:\/\/colegioarquitectos.com\/noticias\/?p=3599#breadcrumb","itemListElement":[{"@type":"ListItem","position":1,"name":"Portada","item":"https:\/\/colegioarquitectos.com\/noticias"},{"@type":"ListItem","position":2,"name":"Con alta convocatoria Delegaci\u00f3n Zonal La Serena realiza interesante Charla T\u00e9cnica \u00abNuevas Tecnolog\u00edas en el Uso de la Madera en Italia\u00bb"}]},{"@type":"WebSite","@id":"https:\/\/colegioarquitectos.com\/noticias\/#website","url":"https:\/\/colegioarquitectos.com\/noticias\/","name":"COLEGIO DE ARQUITECTOS DE CHILE","description":"","publisher":{"@id":"https:\/\/colegioarquitectos.com\/noticias\/#organization"},"potentialAction":[{"@type":"SearchAction","target":{"@type":"EntryPoint","urlTemplate":"https:\/\/colegioarquitectos.com\/noticias\/?s={search_term_string}"},"query-input":{"@type":"PropertyValueSpecification","valueRequired":true,"valueName":"search_term_string"}}],"inLanguage":"es"},{"@type":"Organization","@id":"https:\/\/colegioarquitectos.com\/noticias\/#organization","name":"COLEGIO DE ARQUITECTOS DE CHILE","url":"https:\/\/colegioarquitectos.com\/noticias\/","logo":{"@type":"ImageObject","inLanguage":"es","@id":"https:\/\/colegioarquitectos.com\/noticias\/#\/schema\/logo\/image\/","url":"https:\/\/colegioarquitectos.com\/noticias\/wp-content\/uploads\/2021\/05\/ENCABEZADO-LOGO-CA.jpg","contentUrl":"https:\/\/colegioarquitectos.com\/noticias\/wp-content\/uploads\/2021\/05\/ENCABEZADO-LOGO-CA.jpg","width":690,"height":350,"caption":"COLEGIO DE ARQUITECTOS DE CHILE"},"image":{"@id":"https:\/\/colegioarquitectos.com\/noticias\/#\/schema\/logo\/image\/"},"sameAs":["https:\/\/facebook.com\/Colegioarq\/","https:\/\/x.com\/colegioarq","https:\/\/instagram.com\/colegioarq","https:\/\/youtube.com\/@ColegiodeArquitectosdeChile"]},{"@type":"Person","@id":"https:\/\/colegioarquitectos.com\/noticias\/#\/schema\/person\/b6c7e912cd1283c089114093ed09741f","name":"Gabriel Salgado S.","url":"https:\/\/colegioarquitectos.com\/noticias\/?author=1"}]}},"_links":{"self":[{"href":"https:\/\/colegioarquitectos.com\/noticias\/index.php?rest_route=\/wp\/v2\/posts\/3599","targetHints":{"allow":["GET"]}}],"collection":[{"href":"https:\/\/colegioarquitectos.com\/noticias\/index.php?rest_route=\/wp\/v2\/posts"}],"about":[{"href":"https:\/\/colegioarquitectos.com\/noticias\/index.php?rest_route=\/wp\/v2\/types\/post"}],"author":[{"embeddable":true,"href":"https:\/\/colegioarquitectos.com\/noticias\/index.php?rest_route=\/wp\/v2\/users\/1"}],"replies":[{"embeddable":true,"href":"https:\/\/colegioarquitectos.com\/noticias\/index.php?rest_route=%2Fwp%2Fv2%2Fcomments&post=3599"}],"version-history":[{"count":0,"href":"https:\/\/colegioarquitectos.com\/noticias\/index.php?rest_route=\/wp\/v2\/posts\/3599\/revisions"}],"wp:attachment":[{"href":"https:\/\/colegioarquitectos.com\/noticias\/index.php?rest_route=%2Fwp%2Fv2%2Fmedia&parent=3599"}],"wp:term":[{"taxonomy":"category","embeddable":true,"href":"https:\/\/colegioarquitectos.com\/noticias\/index.php?rest_route=%2Fwp%2Fv2%2Fcategories&post=3599"},{"taxonomy":"post_tag","embeddable":true,"href":"https:\/\/colegioarquitectos.com\/noticias\/index.php?rest_route=%2Fwp%2Fv2%2Ftags&post=3599"}],"curies":[{"name":"wp","href":"https:\/\/api.w.org\/{rel}","templated":true}]}}