
{"id":3776,"date":"2013-03-19T13:21:29","date_gmt":"2013-03-19T13:21:29","guid":{"rendered":"http:\/\/colegioarquitectos.com\/noticias\/?p=3776"},"modified":"2013-03-19T13:21:55","modified_gmt":"2013-03-19T13:21:55","slug":"aniversario-n-22-e-inicio-del-ano-academico-2013-arquitectura-uniacc","status":"publish","type":"post","link":"https:\/\/colegioarquitectos.com\/noticias\/?p=3776","title":{"rendered":"Aniversario N\u00b0 22 e Inicio del a\u00f1o acad\u00e9mico 2013 ARQUITECTURA UNIACC"},"content":{"rendered":"<div>\u00a0<img loading=\"lazy\" decoding=\"async\" class=\"alignnone wp-image-3778\" src=\"http:\/\/colegioarquitectos.com\/poster.jpg\" alt=\"\" width=\"550\" height=\"778\" \/><\/div>\n<div>El D\u00eda 25 de marzo desda las 19:00hrs.<\/div>\n<div>En Los Jesuitas N\u00ba559, Providencia<\/div>\n<div><\/div>\n<div>Programa.<\/div>\n<div>\n<div><\/div>\n<div><strong>Apertura<\/strong><\/div>\n<div><strong>Director Escuela de arquitectura, Juan-Luis Ram\u00edrez<\/strong><\/div>\n<div><\/div>\n<\/div>\n<div>Presentaci\u00f3n de egresados, PET+ PGR<\/div>\n<div>Presentaci\u00f3n de alumnos, \u00a0PET + PGR<\/div>\n<div><\/div>\n<div><strong>Palabras del Presidente de la AOA \u00a0y ex-Decano de la Facultad. \u00a0Arq. Yves Besancon<\/strong><\/div>\n<div><strong>Palabras del Presidente del Colegio de arquitectos CA. \u00a0Arq. Luis Eduardo Bresciani<\/strong><\/div>\n<div>\n<div><\/div>\n<div>Palabras de Profesores PET+ PGR<\/div>\n<div><\/div>\n<div>Remenbranza de ex-directores de la escuela.<\/div>\n<div>Sandro Marciano<\/div>\n<div>Jaime Fontana<\/div>\n<div>Ricardo Castillo<\/div>\n<div>Iv\u00e1n Kliwadenko<\/div>\n<div><\/div>\n<div><strong>Cierre<\/strong><\/div>\n<div><strong>Decano de la Facultad, Rodrigo Tisi<\/strong><\/div>\n<div><\/div>\n<\/div>\n<div>Cocktail<\/div>\n<div>\n<div><img decoding=\"async\" src=\"https:\/\/mail.google.com\/mail\/u\/0\/images\/cleardot.gif\" alt=\"\" \/><\/div>\n<\/div>\n<p><\/p>","protected":false},"excerpt":{"rendered":"<p>\u00a0 El D\u00eda 25 de marzo desda las 19:00hrs. En Los Jesuitas N\u00ba559, Providencia Programa. Apertura Director Escuela de arquitectura, Juan-Luis Ram\u00edrez Presentaci\u00f3n de egresados, PET+ PGR Presentaci\u00f3n de alumnos, \u00a0PET + PGR Palabras del Presidente de la AOA \u00a0y &hellip; <a class=\"more-link\" href=\"https:\/\/colegioarquitectos.com\/noticias\/?p=3776\">ver m\u00e1s<\/a><\/p>","protected":false},"author":1,"featured_media":0,"comment_status":"open","ping_status":"open","sticky":false,"template":"","format":"standard","meta":{"footnotes":""},"categories":[19,25,35],"tags":[],"class_list":["post-3776","post","type-post","status-publish","format-standard","hentry","category-actividades","category-lanzamientos","category-universidades"],"yoast_head":"<!-- This site is optimized with the Yoast SEO plugin v24.2 - https:\/\/yoast.com\/wordpress\/plugins\/seo\/ -->\n<title>Aniversario N\u00b0 22 e Inicio del a\u00f1o acad\u00e9mico 2013 ARQUITECTURA UNIACC - COLEGIO DE ARQUITECTOS DE CHILE<\/title>\n<meta name=\"robots\" content=\"index, follow, max-snippet:-1, max-image-preview:large, max-video-preview:-1\" \/>\n<link rel=\"canonical\" href=\"https:\/\/colegioarquitectos.com\/noticias\/?p=3776\" \/>\n<meta property=\"og:locale\" content=\"es_ES\" \/>\n<meta property=\"og:type\" content=\"article\" \/>\n<meta property=\"og:title\" content=\"Aniversario N\u00b0 22 e Inicio del a\u00f1o acad\u00e9mico 2013 ARQUITECTURA UNIACC - COLEGIO DE ARQUITECTOS DE CHILE\" \/>\n<meta property=\"og:description\" content=\"\u00a0 El D\u00eda 25 de marzo desda las 19:00hrs. En Los Jesuitas N\u00ba559, Providencia Programa. Apertura Director Escuela de arquitectura, Juan-Luis Ram\u00edrez Presentaci\u00f3n de egresados, PET+ PGR Presentaci\u00f3n de alumnos, \u00a0PET + PGR Palabras del Presidente de la AOA \u00a0y &hellip; ver m\u00e1s\" \/>\n<meta property=\"og:url\" content=\"https:\/\/colegioarquitectos.com\/noticias\/?p=3776\" \/>\n<meta property=\"og:site_name\" content=\"COLEGIO DE ARQUITECTOS DE CHILE\" \/>\n<meta property=\"article:publisher\" content=\"https:\/\/facebook.com\/Colegioarq\/\" \/>\n<meta property=\"article:published_time\" content=\"2013-03-19T13:21:29+00:00\" \/>\n<meta property=\"article:modified_time\" content=\"2013-03-19T13:21:55+00:00\" \/>\n<meta property=\"og:image\" content=\"https:\/\/colegioarquitectos.com\/noticias\/wp-content\/uploads\/2013\/03\/poster.jpg\" \/>\n\t<meta property=\"og:image:width\" content=\"550\" \/>\n\t<meta property=\"og:image:height\" content=\"778\" \/>\n\t<meta property=\"og:image:type\" content=\"image\/jpeg\" \/>\n<meta name=\"author\" content=\"Gabriel Salgado S.\" \/>\n<meta name=\"twitter:card\" content=\"summary_large_image\" \/>\n<meta name=\"twitter:creator\" content=\"@colegioarq\" \/>\n<meta name=\"twitter:site\" content=\"@colegioarq\" \/>\n<meta name=\"twitter:label1\" content=\"Escrito por\" \/>\n\t<meta name=\"twitter:data1\" content=\"Gabriel Salgado S.\" \/>\n<script type=\"application\/ld+json\" class=\"yoast-schema-graph\">{\"@context\":\"https:\/\/schema.org\",\"@graph\":[{\"@type\":\"Article\",\"@id\":\"https:\/\/colegioarquitectos.com\/noticias\/?p=3776#article\",\"isPartOf\":{\"@id\":\"https:\/\/colegioarquitectos.com\/noticias\/?p=3776\"},\"author\":{\"name\":\"Gabriel Salgado S.\",\"@id\":\"https:\/\/colegioarquitectos.com\/noticias\/#\/schema\/person\/b6c7e912cd1283c089114093ed09741f\"},\"headline\":\"Aniversario N\u00b0 22 e Inicio del a\u00f1o acad\u00e9mico 2013 ARQUITECTURA UNIACC\",\"datePublished\":\"2013-03-19T13:21:29+00:00\",\"dateModified\":\"2013-03-19T13:21:55+00:00\",\"mainEntityOfPage\":{\"@id\":\"https:\/\/colegioarquitectos.com\/noticias\/?p=3776\"},\"wordCount\":99,\"commentCount\":0,\"publisher\":{\"@id\":\"https:\/\/colegioarquitectos.com\/noticias\/#organization\"},\"image\":{\"@id\":\"https:\/\/colegioarquitectos.com\/noticias\/?p=3776#primaryimage\"},\"thumbnailUrl\":\"http:\/\/colegioarquitectos.com\/poster.jpg\",\"articleSection\":[\"Actividades\",\"Lanzamientos\",\"Universidades\"],\"inLanguage\":\"es\",\"potentialAction\":[{\"@type\":\"CommentAction\",\"name\":\"Comment\",\"target\":[\"https:\/\/colegioarquitectos.com\/noticias\/?p=3776#respond\"]}]},{\"@type\":\"WebPage\",\"@id\":\"https:\/\/colegioarquitectos.com\/noticias\/?p=3776\",\"url\":\"https:\/\/colegioarquitectos.com\/noticias\/?p=3776\",\"name\":\"Aniversario N\u00b0 22 e Inicio del a\u00f1o acad\u00e9mico 2013 ARQUITECTURA UNIACC - COLEGIO DE ARQUITECTOS DE CHILE\",\"isPartOf\":{\"@id\":\"https:\/\/colegioarquitectos.com\/noticias\/#website\"},\"primaryImageOfPage\":{\"@id\":\"https:\/\/colegioarquitectos.com\/noticias\/?p=3776#primaryimage\"},\"image\":{\"@id\":\"https:\/\/colegioarquitectos.com\/noticias\/?p=3776#primaryimage\"},\"thumbnailUrl\":\"http:\/\/colegioarquitectos.com\/poster.jpg\",\"datePublished\":\"2013-03-19T13:21:29+00:00\",\"dateModified\":\"2013-03-19T13:21:55+00:00\",\"breadcrumb\":{\"@id\":\"https:\/\/colegioarquitectos.com\/noticias\/?p=3776#breadcrumb\"},\"inLanguage\":\"es\",\"potentialAction\":[{\"@type\":\"ReadAction\",\"target\":[\"https:\/\/colegioarquitectos.com\/noticias\/?p=3776\"]}]},{\"@type\":\"ImageObject\",\"inLanguage\":\"es\",\"@id\":\"https:\/\/colegioarquitectos.com\/noticias\/?p=3776#primaryimage\",\"url\":\"http:\/\/colegioarquitectos.com\/poster.jpg\",\"contentUrl\":\"http:\/\/colegioarquitectos.com\/poster.jpg\"},{\"@type\":\"BreadcrumbList\",\"@id\":\"https:\/\/colegioarquitectos.com\/noticias\/?p=3776#breadcrumb\",\"itemListElement\":[{\"@type\":\"ListItem\",\"position\":1,\"name\":\"Portada\",\"item\":\"https:\/\/colegioarquitectos.com\/noticias\"},{\"@type\":\"ListItem\",\"position\":2,\"name\":\"Aniversario N\u00b0 22 e Inicio del a\u00f1o acad\u00e9mico 2013 ARQUITECTURA UNIACC\"}]},{\"@type\":\"WebSite\",\"@id\":\"https:\/\/colegioarquitectos.com\/noticias\/#website\",\"url\":\"https:\/\/colegioarquitectos.com\/noticias\/\",\"name\":\"COLEGIO DE ARQUITECTOS DE CHILE\",\"description\":\"\",\"publisher\":{\"@id\":\"https:\/\/colegioarquitectos.com\/noticias\/#organization\"},\"potentialAction\":[{\"@type\":\"SearchAction\",\"target\":{\"@type\":\"EntryPoint\",\"urlTemplate\":\"https:\/\/colegioarquitectos.com\/noticias\/?s={search_term_string}\"},\"query-input\":{\"@type\":\"PropertyValueSpecification\",\"valueRequired\":true,\"valueName\":\"search_term_string\"}}],\"inLanguage\":\"es\"},{\"@type\":\"Organization\",\"@id\":\"https:\/\/colegioarquitectos.com\/noticias\/#organization\",\"name\":\"COLEGIO DE ARQUITECTOS DE CHILE\",\"url\":\"https:\/\/colegioarquitectos.com\/noticias\/\",\"logo\":{\"@type\":\"ImageObject\",\"inLanguage\":\"es\",\"@id\":\"https:\/\/colegioarquitectos.com\/noticias\/#\/schema\/logo\/image\/\",\"url\":\"https:\/\/colegioarquitectos.com\/noticias\/wp-content\/uploads\/2021\/05\/ENCABEZADO-LOGO-CA.jpg\",\"contentUrl\":\"https:\/\/colegioarquitectos.com\/noticias\/wp-content\/uploads\/2021\/05\/ENCABEZADO-LOGO-CA.jpg\",\"width\":690,\"height\":350,\"caption\":\"COLEGIO DE ARQUITECTOS DE CHILE\"},\"image\":{\"@id\":\"https:\/\/colegioarquitectos.com\/noticias\/#\/schema\/logo\/image\/\"},\"sameAs\":[\"https:\/\/facebook.com\/Colegioarq\/\",\"https:\/\/x.com\/colegioarq\",\"https:\/\/instagram.com\/colegioarq\",\"https:\/\/youtube.com\/@ColegiodeArquitectosdeChile\"]},{\"@type\":\"Person\",\"@id\":\"https:\/\/colegioarquitectos.com\/noticias\/#\/schema\/person\/b6c7e912cd1283c089114093ed09741f\",\"name\":\"Gabriel Salgado S.\",\"url\":\"https:\/\/colegioarquitectos.com\/noticias\/?author=1\"}]}<\/script>\n<!-- \/ Yoast SEO plugin. -->","yoast_head_json":{"title":"Aniversario N\u00b0 22 e Inicio del a\u00f1o acad\u00e9mico 2013 ARQUITECTURA UNIACC - COLEGIO DE ARQUITECTOS DE CHILE","robots":{"index":"index","follow":"follow","max-snippet":"max-snippet:-1","max-image-preview":"max-image-preview:large","max-video-preview":"max-video-preview:-1"},"canonical":"https:\/\/colegioarquitectos.com\/noticias\/?p=3776","og_locale":"es_ES","og_type":"article","og_title":"Aniversario N\u00b0 22 e Inicio del a\u00f1o acad\u00e9mico 2013 ARQUITECTURA UNIACC - COLEGIO DE ARQUITECTOS DE CHILE","og_description":"\u00a0 El D\u00eda 25 de marzo desda las 19:00hrs. En Los Jesuitas N\u00ba559, Providencia Programa. Apertura Director Escuela de arquitectura, Juan-Luis Ram\u00edrez Presentaci\u00f3n de egresados, PET+ PGR Presentaci\u00f3n de alumnos, \u00a0PET + PGR Palabras del Presidente de la AOA \u00a0y &hellip; ver m\u00e1s","og_url":"https:\/\/colegioarquitectos.com\/noticias\/?p=3776","og_site_name":"COLEGIO DE ARQUITECTOS DE CHILE","article_publisher":"https:\/\/facebook.com\/Colegioarq\/","article_published_time":"2013-03-19T13:21:29+00:00","article_modified_time":"2013-03-19T13:21:55+00:00","og_image":[{"width":550,"height":778,"url":"https:\/\/colegioarquitectos.com\/noticias\/wp-content\/uploads\/2013\/03\/poster.jpg","type":"image\/jpeg"}],"author":"Gabriel Salgado S.","twitter_card":"summary_large_image","twitter_creator":"@colegioarq","twitter_site":"@colegioarq","twitter_misc":{"Escrito por":"Gabriel Salgado S."},"schema":{"@context":"https:\/\/schema.org","@graph":[{"@type":"Article","@id":"https:\/\/colegioarquitectos.com\/noticias\/?p=3776#article","isPartOf":{"@id":"https:\/\/colegioarquitectos.com\/noticias\/?p=3776"},"author":{"name":"Gabriel Salgado S.","@id":"https:\/\/colegioarquitectos.com\/noticias\/#\/schema\/person\/b6c7e912cd1283c089114093ed09741f"},"headline":"Aniversario N\u00b0 22 e Inicio del a\u00f1o acad\u00e9mico 2013 ARQUITECTURA UNIACC","datePublished":"2013-03-19T13:21:29+00:00","dateModified":"2013-03-19T13:21:55+00:00","mainEntityOfPage":{"@id":"https:\/\/colegioarquitectos.com\/noticias\/?p=3776"},"wordCount":99,"commentCount":0,"publisher":{"@id":"https:\/\/colegioarquitectos.com\/noticias\/#organization"},"image":{"@id":"https:\/\/colegioarquitectos.com\/noticias\/?p=3776#primaryimage"},"thumbnailUrl":"http:\/\/colegioarquitectos.com\/poster.jpg","articleSection":["Actividades","Lanzamientos","Universidades"],"inLanguage":"es","potentialAction":[{"@type":"CommentAction","name":"Comment","target":["https:\/\/colegioarquitectos.com\/noticias\/?p=3776#respond"]}]},{"@type":"WebPage","@id":"https:\/\/colegioarquitectos.com\/noticias\/?p=3776","url":"https:\/\/colegioarquitectos.com\/noticias\/?p=3776","name":"Aniversario N\u00b0 22 e Inicio del a\u00f1o acad\u00e9mico 2013 ARQUITECTURA UNIACC - COLEGIO DE ARQUITECTOS DE CHILE","isPartOf":{"@id":"https:\/\/colegioarquitectos.com\/noticias\/#website"},"primaryImageOfPage":{"@id":"https:\/\/colegioarquitectos.com\/noticias\/?p=3776#primaryimage"},"image":{"@id":"https:\/\/colegioarquitectos.com\/noticias\/?p=3776#primaryimage"},"thumbnailUrl":"http:\/\/colegioarquitectos.com\/poster.jpg","datePublished":"2013-03-19T13:21:29+00:00","dateModified":"2013-03-19T13:21:55+00:00","breadcrumb":{"@id":"https:\/\/colegioarquitectos.com\/noticias\/?p=3776#breadcrumb"},"inLanguage":"es","potentialAction":[{"@type":"ReadAction","target":["https:\/\/colegioarquitectos.com\/noticias\/?p=3776"]}]},{"@type":"ImageObject","inLanguage":"es","@id":"https:\/\/colegioarquitectos.com\/noticias\/?p=3776#primaryimage","url":"http:\/\/colegioarquitectos.com\/poster.jpg","contentUrl":"http:\/\/colegioarquitectos.com\/poster.jpg"},{"@type":"BreadcrumbList","@id":"https:\/\/colegioarquitectos.com\/noticias\/?p=3776#breadcrumb","itemListElement":[{"@type":"ListItem","position":1,"name":"Portada","item":"https:\/\/colegioarquitectos.com\/noticias"},{"@type":"ListItem","position":2,"name":"Aniversario N\u00b0 22 e Inicio del a\u00f1o acad\u00e9mico 2013 ARQUITECTURA UNIACC"}]},{"@type":"WebSite","@id":"https:\/\/colegioarquitectos.com\/noticias\/#website","url":"https:\/\/colegioarquitectos.com\/noticias\/","name":"COLEGIO DE ARQUITECTOS DE CHILE","description":"","publisher":{"@id":"https:\/\/colegioarquitectos.com\/noticias\/#organization"},"potentialAction":[{"@type":"SearchAction","target":{"@type":"EntryPoint","urlTemplate":"https:\/\/colegioarquitectos.com\/noticias\/?s={search_term_string}"},"query-input":{"@type":"PropertyValueSpecification","valueRequired":true,"valueName":"search_term_string"}}],"inLanguage":"es"},{"@type":"Organization","@id":"https:\/\/colegioarquitectos.com\/noticias\/#organization","name":"COLEGIO DE ARQUITECTOS DE CHILE","url":"https:\/\/colegioarquitectos.com\/noticias\/","logo":{"@type":"ImageObject","inLanguage":"es","@id":"https:\/\/colegioarquitectos.com\/noticias\/#\/schema\/logo\/image\/","url":"https:\/\/colegioarquitectos.com\/noticias\/wp-content\/uploads\/2021\/05\/ENCABEZADO-LOGO-CA.jpg","contentUrl":"https:\/\/colegioarquitectos.com\/noticias\/wp-content\/uploads\/2021\/05\/ENCABEZADO-LOGO-CA.jpg","width":690,"height":350,"caption":"COLEGIO DE ARQUITECTOS DE CHILE"},"image":{"@id":"https:\/\/colegioarquitectos.com\/noticias\/#\/schema\/logo\/image\/"},"sameAs":["https:\/\/facebook.com\/Colegioarq\/","https:\/\/x.com\/colegioarq","https:\/\/instagram.com\/colegioarq","https:\/\/youtube.com\/@ColegiodeArquitectosdeChile"]},{"@type":"Person","@id":"https:\/\/colegioarquitectos.com\/noticias\/#\/schema\/person\/b6c7e912cd1283c089114093ed09741f","name":"Gabriel Salgado S.","url":"https:\/\/colegioarquitectos.com\/noticias\/?author=1"}]}},"_links":{"self":[{"href":"https:\/\/colegioarquitectos.com\/noticias\/index.php?rest_route=\/wp\/v2\/posts\/3776","targetHints":{"allow":["GET"]}}],"collection":[{"href":"https:\/\/colegioarquitectos.com\/noticias\/index.php?rest_route=\/wp\/v2\/posts"}],"about":[{"href":"https:\/\/colegioarquitectos.com\/noticias\/index.php?rest_route=\/wp\/v2\/types\/post"}],"author":[{"embeddable":true,"href":"https:\/\/colegioarquitectos.com\/noticias\/index.php?rest_route=\/wp\/v2\/users\/1"}],"replies":[{"embeddable":true,"href":"https:\/\/colegioarquitectos.com\/noticias\/index.php?rest_route=%2Fwp%2Fv2%2Fcomments&post=3776"}],"version-history":[{"count":0,"href":"https:\/\/colegioarquitectos.com\/noticias\/index.php?rest_route=\/wp\/v2\/posts\/3776\/revisions"}],"wp:attachment":[{"href":"https:\/\/colegioarquitectos.com\/noticias\/index.php?rest_route=%2Fwp%2Fv2%2Fmedia&parent=3776"}],"wp:term":[{"taxonomy":"category","embeddable":true,"href":"https:\/\/colegioarquitectos.com\/noticias\/index.php?rest_route=%2Fwp%2Fv2%2Fcategories&post=3776"},{"taxonomy":"post_tag","embeddable":true,"href":"https:\/\/colegioarquitectos.com\/noticias\/index.php?rest_route=%2Fwp%2Fv2%2Ftags&post=3776"}],"curies":[{"name":"wp","href":"https:\/\/api.w.org\/{rel}","templated":true}]}}