
{"id":3793,"date":"2013-04-08T15:44:49","date_gmt":"2013-04-08T15:44:49","guid":{"rendered":"http:\/\/colegioarquitectos.com\/noticias\/?p=3793"},"modified":"2013-04-16T18:54:56","modified_gmt":"2013-04-16T18:54:56","slug":"charla-tecnica-insytec-distribuidirexclusivo-ulma-espana-soluciones-soterradas-hormigon-polimero","status":"publish","type":"post","link":"https:\/\/colegioarquitectos.com\/noticias\/?p=3793","title":{"rendered":"CHARLA T\u00c9CNICA INSYTEC DISTRIBUIDOR EXCLUSIVO ULMA ESPA\u00d1A, SOLUCIONES SOTERRADAS HORMIG\u00d3N POL\u00cdMERO"},"content":{"rendered":"<p>Colegio de Arquitectos de Chile\u00a0 en conjunto con INSYTEC, representante exclusivo de ULMA ARCHITECTURALS SOLUTIONS, recibieron en la sede nacional del Colegio de Arquitectos de Chile a los representantes de\u00a0 ULMA ESPA\u00d1A,\u00a0 para darle curso a la Charla T\u00e9cnica SOLUCIONES SOTERRADAS HORMIG\u00d3N POL\u00cdMERO<\/p>\n<p>Este evento se desarroll\u00f3 el d\u00eda\u00a0 Martes 16 de Abril a las 13:30 en la sede nacional de Colegio de Arquitectos de Chile.<\/p>\n<p><img loading=\"lazy\" decoding=\"async\" class=\"alignnone wp-image-3799\" src=\"http:\/\/www.colegioarquitectos.com\/insytec.jpg\" alt=\"\" width=\"600\" height=\"468\" \/><\/p>\n<p><img loading=\"lazy\" decoding=\"async\" class=\"alignnone size-full wp-image-3846\" title=\"BH_Pph0CAAASxAK.jpg large.jpg%20large\" src=\"http:\/\/colegioarquitectos.com\/noticias\/wp-content\/uploads\/2013\/04\/BH_Pph0CAAASxAK.jpg-large.jpg%20large.jpg\" alt=\"\" width=\"640\" height=\"480\" srcset=\"https:\/\/colegioarquitectos.com\/noticias\/wp-content\/uploads\/2013\/04\/BH_Pph0CAAASxAK.jpg-large.jpg%20large.jpg 640w, https:\/\/colegioarquitectos.com\/noticias\/wp-content\/uploads\/2013\/04\/BH_Pph0CAAASxAK.jpg-large.jpg%20large-300x225.jpg 300w\" sizes=\"auto, (max-width: 640px) 100vw, 640px\" \/><\/p>\n<p>Te invitamos a descargar el catalogo de productos INSYTEC\u00a0 <a href=\"http:\/\/colegioarquitectos.com\/descargas\/insytec.pdf\" target=\"_blank\">http:\/\/colegioarquitectos.com\/descargas\/insytec.pdf<\/a><\/p>\n<p>+ informaci\u00f3n acerca de INSYTEC <a href=\"http:\/\/www.insytec.cl\/\" target=\"_blank\">http:\/\/www.insytec.cl\/<\/a><\/p>\n<p>Conoce las soluciones Arquitectonicas ULMA en el siguiente link:\u00a0 <a href=\"http:\/\/www.ulmaarchitectural.com\/es\/canalizacion_y_drenaje\/\">http:\/\/www.ulmaarchitectural.com\/es\/canalizacion_y_drenaje\/<\/a><\/p>\n<p><img loading=\"lazy\" decoding=\"async\" class=\"alignnone\" src=\"http:\/\/www.ulmaarchitectural.com\/img\/logo_45.png\" alt=\"\" width=\"447\" height=\"45\" \/><\/p>\n<p><\/p>","protected":false},"excerpt":{"rendered":"<p>Colegio de Arquitectos de Chile\u00a0 en conjunto con INSYTEC, representante exclusivo de ULMA ARCHITECTURALS SOLUTIONS, recibieron en la sede nacional del Colegio de Arquitectos de Chile a los representantes de\u00a0 ULMA ESPA\u00d1A,\u00a0 para darle curso a la Charla T\u00e9cnica SOLUCIONES &hellip; <a class=\"more-link\" href=\"https:\/\/colegioarquitectos.com\/noticias\/?p=3793\">ver m\u00e1s<\/a><\/p>","protected":false},"author":1,"featured_media":0,"comment_status":"open","ping_status":"open","sticky":false,"template":"","format":"standard","meta":{"footnotes":""},"categories":[19,24,8,25],"tags":[],"class_list":["post-3793","post","type-post","status-publish","format-standard","hentry","category-actividades","category-charlas","category-colegio-de-arquitectos","category-lanzamientos"],"yoast_head":"<!-- This site is optimized with the Yoast SEO plugin v24.2 - https:\/\/yoast.com\/wordpress\/plugins\/seo\/ -->\n<title>CHARLA T\u00c9CNICA INSYTEC DISTRIBUIDOR EXCLUSIVO ULMA ESPA\u00d1A, SOLUCIONES SOTERRADAS HORMIG\u00d3N POL\u00cdMERO - COLEGIO DE ARQUITECTOS DE CHILE<\/title>\n<meta name=\"robots\" content=\"index, follow, max-snippet:-1, max-image-preview:large, max-video-preview:-1\" \/>\n<link rel=\"canonical\" href=\"https:\/\/colegioarquitectos.com\/noticias\/?p=3793\" \/>\n<meta property=\"og:locale\" content=\"es_ES\" \/>\n<meta property=\"og:type\" content=\"article\" \/>\n<meta property=\"og:title\" content=\"CHARLA T\u00c9CNICA INSYTEC DISTRIBUIDOR EXCLUSIVO ULMA ESPA\u00d1A, SOLUCIONES SOTERRADAS HORMIG\u00d3N POL\u00cdMERO - COLEGIO DE ARQUITECTOS DE CHILE\" \/>\n<meta property=\"og:description\" content=\"Colegio de Arquitectos de Chile\u00a0 en conjunto con INSYTEC, representante exclusivo de ULMA ARCHITECTURALS SOLUTIONS, recibieron en la sede nacional del Colegio de Arquitectos de Chile a los representantes de\u00a0 ULMA ESPA\u00d1A,\u00a0 para darle curso a la Charla T\u00e9cnica SOLUCIONES &hellip; ver m\u00e1s\" \/>\n<meta property=\"og:url\" content=\"https:\/\/colegioarquitectos.com\/noticias\/?p=3793\" \/>\n<meta property=\"og:site_name\" content=\"COLEGIO DE ARQUITECTOS DE CHILE\" \/>\n<meta property=\"article:publisher\" content=\"https:\/\/facebook.com\/Colegioarq\/\" \/>\n<meta property=\"article:published_time\" content=\"2013-04-08T15:44:49+00:00\" \/>\n<meta property=\"article:modified_time\" content=\"2013-04-16T18:54:56+00:00\" \/>\n<meta property=\"og:image\" content=\"https:\/\/colegioarquitectos.com\/noticias\/wp-content\/uploads\/2013\/04\/insytec1.jpg\" \/>\n\t<meta property=\"og:image:width\" content=\"600\" \/>\n\t<meta property=\"og:image:height\" content=\"468\" \/>\n\t<meta property=\"og:image:type\" content=\"image\/jpeg\" \/>\n<meta name=\"author\" content=\"Gabriel Salgado S.\" \/>\n<meta name=\"twitter:card\" content=\"summary_large_image\" \/>\n<meta name=\"twitter:creator\" content=\"@colegioarq\" \/>\n<meta name=\"twitter:site\" content=\"@colegioarq\" \/>\n<meta name=\"twitter:label1\" content=\"Escrito por\" \/>\n\t<meta name=\"twitter:data1\" content=\"Gabriel Salgado S.\" \/>\n\t<meta name=\"twitter:label2\" content=\"Tiempo de lectura\" \/>\n\t<meta name=\"twitter:data2\" content=\"1 minuto\" \/>\n<script type=\"application\/ld+json\" class=\"yoast-schema-graph\">{\"@context\":\"https:\/\/schema.org\",\"@graph\":[{\"@type\":\"Article\",\"@id\":\"https:\/\/colegioarquitectos.com\/noticias\/?p=3793#article\",\"isPartOf\":{\"@id\":\"https:\/\/colegioarquitectos.com\/noticias\/?p=3793\"},\"author\":{\"name\":\"Gabriel Salgado S.\",\"@id\":\"https:\/\/colegioarquitectos.com\/noticias\/#\/schema\/person\/b6c7e912cd1283c089114093ed09741f\"},\"headline\":\"CHARLA T\u00c9CNICA INSYTEC DISTRIBUIDOR EXCLUSIVO ULMA ESPA\u00d1A, SOLUCIONES SOTERRADAS HORMIG\u00d3N POL\u00cdMERO\",\"datePublished\":\"2013-04-08T15:44:49+00:00\",\"dateModified\":\"2013-04-16T18:54:56+00:00\",\"mainEntityOfPage\":{\"@id\":\"https:\/\/colegioarquitectos.com\/noticias\/?p=3793\"},\"wordCount\":125,\"commentCount\":0,\"publisher\":{\"@id\":\"https:\/\/colegioarquitectos.com\/noticias\/#organization\"},\"image\":{\"@id\":\"https:\/\/colegioarquitectos.com\/noticias\/?p=3793#primaryimage\"},\"thumbnailUrl\":\"http:\/\/www.colegioarquitectos.com\/insytec.jpg\",\"articleSection\":[\"Actividades\",\"Charlas\",\"Colegio\",\"Lanzamientos\"],\"inLanguage\":\"es\",\"potentialAction\":[{\"@type\":\"CommentAction\",\"name\":\"Comment\",\"target\":[\"https:\/\/colegioarquitectos.com\/noticias\/?p=3793#respond\"]}]},{\"@type\":\"WebPage\",\"@id\":\"https:\/\/colegioarquitectos.com\/noticias\/?p=3793\",\"url\":\"https:\/\/colegioarquitectos.com\/noticias\/?p=3793\",\"name\":\"CHARLA T\u00c9CNICA INSYTEC DISTRIBUIDOR EXCLUSIVO ULMA ESPA\u00d1A, SOLUCIONES SOTERRADAS HORMIG\u00d3N POL\u00cdMERO - COLEGIO DE ARQUITECTOS DE CHILE\",\"isPartOf\":{\"@id\":\"https:\/\/colegioarquitectos.com\/noticias\/#website\"},\"primaryImageOfPage\":{\"@id\":\"https:\/\/colegioarquitectos.com\/noticias\/?p=3793#primaryimage\"},\"image\":{\"@id\":\"https:\/\/colegioarquitectos.com\/noticias\/?p=3793#primaryimage\"},\"thumbnailUrl\":\"http:\/\/www.colegioarquitectos.com\/insytec.jpg\",\"datePublished\":\"2013-04-08T15:44:49+00:00\",\"dateModified\":\"2013-04-16T18:54:56+00:00\",\"breadcrumb\":{\"@id\":\"https:\/\/colegioarquitectos.com\/noticias\/?p=3793#breadcrumb\"},\"inLanguage\":\"es\",\"potentialAction\":[{\"@type\":\"ReadAction\",\"target\":[\"https:\/\/colegioarquitectos.com\/noticias\/?p=3793\"]}]},{\"@type\":\"ImageObject\",\"inLanguage\":\"es\",\"@id\":\"https:\/\/colegioarquitectos.com\/noticias\/?p=3793#primaryimage\",\"url\":\"http:\/\/www.colegioarquitectos.com\/insytec.jpg\",\"contentUrl\":\"http:\/\/www.colegioarquitectos.com\/insytec.jpg\"},{\"@type\":\"BreadcrumbList\",\"@id\":\"https:\/\/colegioarquitectos.com\/noticias\/?p=3793#breadcrumb\",\"itemListElement\":[{\"@type\":\"ListItem\",\"position\":1,\"name\":\"Portada\",\"item\":\"https:\/\/colegioarquitectos.com\/noticias\"},{\"@type\":\"ListItem\",\"position\":2,\"name\":\"CHARLA T\u00c9CNICA INSYTEC DISTRIBUIDOR EXCLUSIVO ULMA ESPA\u00d1A, SOLUCIONES SOTERRADAS HORMIG\u00d3N POL\u00cdMERO\"}]},{\"@type\":\"WebSite\",\"@id\":\"https:\/\/colegioarquitectos.com\/noticias\/#website\",\"url\":\"https:\/\/colegioarquitectos.com\/noticias\/\",\"name\":\"COLEGIO DE ARQUITECTOS DE CHILE\",\"description\":\"\",\"publisher\":{\"@id\":\"https:\/\/colegioarquitectos.com\/noticias\/#organization\"},\"potentialAction\":[{\"@type\":\"SearchAction\",\"target\":{\"@type\":\"EntryPoint\",\"urlTemplate\":\"https:\/\/colegioarquitectos.com\/noticias\/?s={search_term_string}\"},\"query-input\":{\"@type\":\"PropertyValueSpecification\",\"valueRequired\":true,\"valueName\":\"search_term_string\"}}],\"inLanguage\":\"es\"},{\"@type\":\"Organization\",\"@id\":\"https:\/\/colegioarquitectos.com\/noticias\/#organization\",\"name\":\"COLEGIO DE ARQUITECTOS DE CHILE\",\"url\":\"https:\/\/colegioarquitectos.com\/noticias\/\",\"logo\":{\"@type\":\"ImageObject\",\"inLanguage\":\"es\",\"@id\":\"https:\/\/colegioarquitectos.com\/noticias\/#\/schema\/logo\/image\/\",\"url\":\"https:\/\/colegioarquitectos.com\/noticias\/wp-content\/uploads\/2021\/05\/ENCABEZADO-LOGO-CA.jpg\",\"contentUrl\":\"https:\/\/colegioarquitectos.com\/noticias\/wp-content\/uploads\/2021\/05\/ENCABEZADO-LOGO-CA.jpg\",\"width\":690,\"height\":350,\"caption\":\"COLEGIO DE ARQUITECTOS DE CHILE\"},\"image\":{\"@id\":\"https:\/\/colegioarquitectos.com\/noticias\/#\/schema\/logo\/image\/\"},\"sameAs\":[\"https:\/\/facebook.com\/Colegioarq\/\",\"https:\/\/x.com\/colegioarq\",\"https:\/\/instagram.com\/colegioarq\",\"https:\/\/youtube.com\/@ColegiodeArquitectosdeChile\"]},{\"@type\":\"Person\",\"@id\":\"https:\/\/colegioarquitectos.com\/noticias\/#\/schema\/person\/b6c7e912cd1283c089114093ed09741f\",\"name\":\"Gabriel Salgado S.\",\"url\":\"https:\/\/colegioarquitectos.com\/noticias\/?author=1\"}]}<\/script>\n<!-- \/ Yoast SEO plugin. -->","yoast_head_json":{"title":"CHARLA T\u00c9CNICA INSYTEC DISTRIBUIDOR EXCLUSIVO ULMA ESPA\u00d1A, SOLUCIONES SOTERRADAS HORMIG\u00d3N POL\u00cdMERO - COLEGIO DE ARQUITECTOS DE CHILE","robots":{"index":"index","follow":"follow","max-snippet":"max-snippet:-1","max-image-preview":"max-image-preview:large","max-video-preview":"max-video-preview:-1"},"canonical":"https:\/\/colegioarquitectos.com\/noticias\/?p=3793","og_locale":"es_ES","og_type":"article","og_title":"CHARLA T\u00c9CNICA INSYTEC DISTRIBUIDOR EXCLUSIVO ULMA ESPA\u00d1A, SOLUCIONES SOTERRADAS HORMIG\u00d3N POL\u00cdMERO - COLEGIO DE ARQUITECTOS DE CHILE","og_description":"Colegio de Arquitectos de Chile\u00a0 en conjunto con INSYTEC, representante exclusivo de ULMA ARCHITECTURALS SOLUTIONS, recibieron en la sede nacional del Colegio de Arquitectos de Chile a los representantes de\u00a0 ULMA ESPA\u00d1A,\u00a0 para darle curso a la Charla T\u00e9cnica SOLUCIONES &hellip; ver m\u00e1s","og_url":"https:\/\/colegioarquitectos.com\/noticias\/?p=3793","og_site_name":"COLEGIO DE ARQUITECTOS DE CHILE","article_publisher":"https:\/\/facebook.com\/Colegioarq\/","article_published_time":"2013-04-08T15:44:49+00:00","article_modified_time":"2013-04-16T18:54:56+00:00","og_image":[{"width":600,"height":468,"url":"https:\/\/colegioarquitectos.com\/noticias\/wp-content\/uploads\/2013\/04\/insytec1.jpg","type":"image\/jpeg"}],"author":"Gabriel Salgado S.","twitter_card":"summary_large_image","twitter_creator":"@colegioarq","twitter_site":"@colegioarq","twitter_misc":{"Escrito por":"Gabriel Salgado S.","Tiempo de lectura":"1 minuto"},"schema":{"@context":"https:\/\/schema.org","@graph":[{"@type":"Article","@id":"https:\/\/colegioarquitectos.com\/noticias\/?p=3793#article","isPartOf":{"@id":"https:\/\/colegioarquitectos.com\/noticias\/?p=3793"},"author":{"name":"Gabriel Salgado S.","@id":"https:\/\/colegioarquitectos.com\/noticias\/#\/schema\/person\/b6c7e912cd1283c089114093ed09741f"},"headline":"CHARLA T\u00c9CNICA INSYTEC DISTRIBUIDOR EXCLUSIVO ULMA ESPA\u00d1A, SOLUCIONES SOTERRADAS HORMIG\u00d3N POL\u00cdMERO","datePublished":"2013-04-08T15:44:49+00:00","dateModified":"2013-04-16T18:54:56+00:00","mainEntityOfPage":{"@id":"https:\/\/colegioarquitectos.com\/noticias\/?p=3793"},"wordCount":125,"commentCount":0,"publisher":{"@id":"https:\/\/colegioarquitectos.com\/noticias\/#organization"},"image":{"@id":"https:\/\/colegioarquitectos.com\/noticias\/?p=3793#primaryimage"},"thumbnailUrl":"http:\/\/www.colegioarquitectos.com\/insytec.jpg","articleSection":["Actividades","Charlas","Colegio","Lanzamientos"],"inLanguage":"es","potentialAction":[{"@type":"CommentAction","name":"Comment","target":["https:\/\/colegioarquitectos.com\/noticias\/?p=3793#respond"]}]},{"@type":"WebPage","@id":"https:\/\/colegioarquitectos.com\/noticias\/?p=3793","url":"https:\/\/colegioarquitectos.com\/noticias\/?p=3793","name":"CHARLA T\u00c9CNICA INSYTEC DISTRIBUIDOR EXCLUSIVO ULMA ESPA\u00d1A, SOLUCIONES SOTERRADAS HORMIG\u00d3N POL\u00cdMERO - COLEGIO DE ARQUITECTOS DE CHILE","isPartOf":{"@id":"https:\/\/colegioarquitectos.com\/noticias\/#website"},"primaryImageOfPage":{"@id":"https:\/\/colegioarquitectos.com\/noticias\/?p=3793#primaryimage"},"image":{"@id":"https:\/\/colegioarquitectos.com\/noticias\/?p=3793#primaryimage"},"thumbnailUrl":"http:\/\/www.colegioarquitectos.com\/insytec.jpg","datePublished":"2013-04-08T15:44:49+00:00","dateModified":"2013-04-16T18:54:56+00:00","breadcrumb":{"@id":"https:\/\/colegioarquitectos.com\/noticias\/?p=3793#breadcrumb"},"inLanguage":"es","potentialAction":[{"@type":"ReadAction","target":["https:\/\/colegioarquitectos.com\/noticias\/?p=3793"]}]},{"@type":"ImageObject","inLanguage":"es","@id":"https:\/\/colegioarquitectos.com\/noticias\/?p=3793#primaryimage","url":"http:\/\/www.colegioarquitectos.com\/insytec.jpg","contentUrl":"http:\/\/www.colegioarquitectos.com\/insytec.jpg"},{"@type":"BreadcrumbList","@id":"https:\/\/colegioarquitectos.com\/noticias\/?p=3793#breadcrumb","itemListElement":[{"@type":"ListItem","position":1,"name":"Portada","item":"https:\/\/colegioarquitectos.com\/noticias"},{"@type":"ListItem","position":2,"name":"CHARLA T\u00c9CNICA INSYTEC DISTRIBUIDOR EXCLUSIVO ULMA ESPA\u00d1A, SOLUCIONES SOTERRADAS HORMIG\u00d3N POL\u00cdMERO"}]},{"@type":"WebSite","@id":"https:\/\/colegioarquitectos.com\/noticias\/#website","url":"https:\/\/colegioarquitectos.com\/noticias\/","name":"COLEGIO DE ARQUITECTOS DE CHILE","description":"","publisher":{"@id":"https:\/\/colegioarquitectos.com\/noticias\/#organization"},"potentialAction":[{"@type":"SearchAction","target":{"@type":"EntryPoint","urlTemplate":"https:\/\/colegioarquitectos.com\/noticias\/?s={search_term_string}"},"query-input":{"@type":"PropertyValueSpecification","valueRequired":true,"valueName":"search_term_string"}}],"inLanguage":"es"},{"@type":"Organization","@id":"https:\/\/colegioarquitectos.com\/noticias\/#organization","name":"COLEGIO DE ARQUITECTOS DE CHILE","url":"https:\/\/colegioarquitectos.com\/noticias\/","logo":{"@type":"ImageObject","inLanguage":"es","@id":"https:\/\/colegioarquitectos.com\/noticias\/#\/schema\/logo\/image\/","url":"https:\/\/colegioarquitectos.com\/noticias\/wp-content\/uploads\/2021\/05\/ENCABEZADO-LOGO-CA.jpg","contentUrl":"https:\/\/colegioarquitectos.com\/noticias\/wp-content\/uploads\/2021\/05\/ENCABEZADO-LOGO-CA.jpg","width":690,"height":350,"caption":"COLEGIO DE ARQUITECTOS DE CHILE"},"image":{"@id":"https:\/\/colegioarquitectos.com\/noticias\/#\/schema\/logo\/image\/"},"sameAs":["https:\/\/facebook.com\/Colegioarq\/","https:\/\/x.com\/colegioarq","https:\/\/instagram.com\/colegioarq","https:\/\/youtube.com\/@ColegiodeArquitectosdeChile"]},{"@type":"Person","@id":"https:\/\/colegioarquitectos.com\/noticias\/#\/schema\/person\/b6c7e912cd1283c089114093ed09741f","name":"Gabriel Salgado S.","url":"https:\/\/colegioarquitectos.com\/noticias\/?author=1"}]}},"_links":{"self":[{"href":"https:\/\/colegioarquitectos.com\/noticias\/index.php?rest_route=\/wp\/v2\/posts\/3793","targetHints":{"allow":["GET"]}}],"collection":[{"href":"https:\/\/colegioarquitectos.com\/noticias\/index.php?rest_route=\/wp\/v2\/posts"}],"about":[{"href":"https:\/\/colegioarquitectos.com\/noticias\/index.php?rest_route=\/wp\/v2\/types\/post"}],"author":[{"embeddable":true,"href":"https:\/\/colegioarquitectos.com\/noticias\/index.php?rest_route=\/wp\/v2\/users\/1"}],"replies":[{"embeddable":true,"href":"https:\/\/colegioarquitectos.com\/noticias\/index.php?rest_route=%2Fwp%2Fv2%2Fcomments&post=3793"}],"version-history":[{"count":0,"href":"https:\/\/colegioarquitectos.com\/noticias\/index.php?rest_route=\/wp\/v2\/posts\/3793\/revisions"}],"wp:attachment":[{"href":"https:\/\/colegioarquitectos.com\/noticias\/index.php?rest_route=%2Fwp%2Fv2%2Fmedia&parent=3793"}],"wp:term":[{"taxonomy":"category","embeddable":true,"href":"https:\/\/colegioarquitectos.com\/noticias\/index.php?rest_route=%2Fwp%2Fv2%2Fcategories&post=3793"},{"taxonomy":"post_tag","embeddable":true,"href":"https:\/\/colegioarquitectos.com\/noticias\/index.php?rest_route=%2Fwp%2Fv2%2Ftags&post=3793"}],"curies":[{"name":"wp","href":"https:\/\/api.w.org\/{rel}","templated":true}]}}