
{"id":3820,"date":"2013-04-12T15:18:22","date_gmt":"2013-04-12T15:18:22","guid":{"rendered":"http:\/\/colegioarquitectos.com\/noticias\/?p=3820"},"modified":"2013-04-12T15:18:27","modified_gmt":"2013-04-12T15:18:27","slug":"fallece-arquitecto-argentino-clorindo-testa-creador-del-centro-cultural-recoleta","status":"publish","type":"post","link":"https:\/\/colegioarquitectos.com\/noticias\/?p=3820","title":{"rendered":"Fallece arquitecto argentino Clorindo Testa, creador del Centro Cultural Recoleta"},"content":{"rendered":"<p>El arquitecto argentino <strong>Clorindo Testa<\/strong>, creador de obras emblem\u00e1ticas de Buenos Aires como la Biblioteca Nacional y el Centro Cultural Recoleta, falleci\u00f3 hoy a los 89 a\u00f1os en la capital argentina, seg\u00fan inform\u00f3 la Academia Nacional de Bellas Artes.<\/p>\n<p><img loading=\"lazy\" decoding=\"async\" class=\"alignnone wp-image-3822\" src=\"https:\/\/encrypted-tbn0.gstatic.com\/images?q=tbn:ANd9GcQwiRgTdhfS9vXss3rxQk7XOIbQyQ5SfvhO_rwDhitQ6-2rHb048A\" alt=\"\" width=\"275\" height=\"183\" \/><\/p>\n<p>Testa naci\u00f3 en la ciudad italiana de N\u00e1poles el 10 de diciembre de 1923, pero sus padres emigraron a Buenos Aires antes de que cumpliese su primer a\u00f1o de vida y en 1948 se licenci\u00f3 en la primera promoci\u00f3n de Arquitectura de la Universidad de Buenos Aires.<\/p>\n<p>Otros edificios con el sello de Testa son la C\u00e1mara de la Construcci\u00f3n (1951), el ex Banco de Londres y Am\u00e9rica del Sur (actual Banco Hipotecario, en 1960) y el Hospital Naval (1970), todos ellos en la capital.<\/p>\n<p>El pasado agosto inaugur\u00f3 el pabell\u00f3n permanente de Argentina en la Bienal de Venecia junto a la presidenta Cristina Fern\u00e1ndez.<\/p>\n<p>Reconocido tambi\u00e9n como artista pl\u00e1stico, sus dibujos y cuadros componen una l\u00ednea est\u00e9tica que supo consolidar a lo largo de sus 60 a\u00f1os de carrera.<\/p>\n<p>Durante su extensa trayectoria, Testa fue distinguido con el Primer Premio Nacional de Pintura del Banco Central y el Premio Konex de Platino, adem\u00e1s de ser declarado ciudadano ilustre de Buenos Aires en 2006.<\/p>\n<p>Testa ser\u00e1 velado hoy en la Sociedad central de Arquitectos y sus restos ser\u00e1n cremados ma\u00f1ana en el cementerio de la Recoleta de Buenos Aires<\/p>\n<p>&nbsp;<\/p>\n<p><img loading=\"lazy\" decoding=\"async\" class=\"alignnone\" src=\"http:\/\/static.latercera.com\/20130411\/1733957.jpg\" alt=\"\" width=\"380\" height=\"450\" \/><\/p>\n<p><img loading=\"lazy\" decoding=\"async\" class=\"alignnone\" src=\"http:\/\/img139.imageshack.us\/img139\/9074\/casadegobierno3to4.jpg\" alt=\"\" width=\"381\" height=\"285\" \/><\/p>\n<p>fuente: Latercera<\/p>\n<p><\/p>","protected":false},"excerpt":{"rendered":"<p>El arquitecto argentino Clorindo Testa, creador de obras emblem\u00e1ticas de Buenos Aires como la Biblioteca Nacional y el Centro Cultural Recoleta, falleci\u00f3 hoy a los 89 a\u00f1os en la capital argentina, seg\u00fan inform\u00f3 la Academia Nacional de Bellas Artes. Testa &hellip; <a class=\"more-link\" href=\"https:\/\/colegioarquitectos.com\/noticias\/?p=3820\">ver m\u00e1s<\/a><\/p>","protected":false},"author":1,"featured_media":0,"comment_status":"open","ping_status":"open","sticky":false,"template":"","format":"standard","meta":{"footnotes":""},"categories":[8,37],"tags":[],"class_list":["post-3820","post","type-post","status-publish","format-standard","hentry","category-colegio-de-arquitectos","category-obituario"],"yoast_head":"<!-- This site is optimized with the Yoast SEO plugin v24.2 - https:\/\/yoast.com\/wordpress\/plugins\/seo\/ -->\n<title>Fallece arquitecto argentino Clorindo Testa, creador del Centro Cultural Recoleta - COLEGIO DE ARQUITECTOS DE CHILE<\/title>\n<meta name=\"robots\" content=\"index, follow, max-snippet:-1, max-image-preview:large, max-video-preview:-1\" \/>\n<link rel=\"canonical\" href=\"https:\/\/colegioarquitectos.com\/noticias\/?p=3820\" \/>\n<meta property=\"og:locale\" content=\"es_ES\" \/>\n<meta property=\"og:type\" content=\"article\" \/>\n<meta property=\"og:title\" content=\"Fallece arquitecto argentino Clorindo Testa, creador del Centro Cultural Recoleta - COLEGIO DE ARQUITECTOS DE CHILE\" \/>\n<meta property=\"og:description\" content=\"El arquitecto argentino Clorindo Testa, creador de obras emblem\u00e1ticas de Buenos Aires como la Biblioteca Nacional y el Centro Cultural Recoleta, falleci\u00f3 hoy a los 89 a\u00f1os en la capital argentina, seg\u00fan inform\u00f3 la Academia Nacional de Bellas Artes. Testa &hellip; ver m\u00e1s\" \/>\n<meta property=\"og:url\" content=\"https:\/\/colegioarquitectos.com\/noticias\/?p=3820\" \/>\n<meta property=\"og:site_name\" content=\"COLEGIO DE ARQUITECTOS DE CHILE\" \/>\n<meta property=\"article:publisher\" content=\"https:\/\/facebook.com\/Colegioarq\/\" \/>\n<meta property=\"article:published_time\" content=\"2013-04-12T15:18:22+00:00\" \/>\n<meta property=\"article:modified_time\" content=\"2013-04-12T15:18:27+00:00\" \/>\n<meta property=\"og:image\" content=\"https:\/\/colegioarquitectos.com\/noticias\/wp-content\/uploads\/2013\/04\/query-image.jpg\" \/>\n\t<meta property=\"og:image:width\" content=\"275\" \/>\n\t<meta property=\"og:image:height\" content=\"183\" \/>\n\t<meta property=\"og:image:type\" content=\"image\/jpeg\" \/>\n<meta name=\"author\" content=\"Gabriel Salgado S.\" \/>\n<meta name=\"twitter:card\" content=\"summary_large_image\" \/>\n<meta name=\"twitter:creator\" content=\"@colegioarq\" \/>\n<meta name=\"twitter:site\" content=\"@colegioarq\" \/>\n<meta name=\"twitter:label1\" content=\"Escrito por\" \/>\n\t<meta name=\"twitter:data1\" content=\"Gabriel Salgado S.\" \/>\n\t<meta name=\"twitter:label2\" content=\"Tiempo de lectura\" \/>\n\t<meta name=\"twitter:data2\" content=\"1 minuto\" \/>\n<script type=\"application\/ld+json\" class=\"yoast-schema-graph\">{\"@context\":\"https:\/\/schema.org\",\"@graph\":[{\"@type\":\"Article\",\"@id\":\"https:\/\/colegioarquitectos.com\/noticias\/?p=3820#article\",\"isPartOf\":{\"@id\":\"https:\/\/colegioarquitectos.com\/noticias\/?p=3820\"},\"author\":{\"name\":\"Gabriel Salgado S.\",\"@id\":\"https:\/\/colegioarquitectos.com\/noticias\/#\/schema\/person\/b6c7e912cd1283c089114093ed09741f\"},\"headline\":\"Fallece arquitecto argentino Clorindo Testa, creador del Centro Cultural Recoleta\",\"datePublished\":\"2013-04-12T15:18:22+00:00\",\"dateModified\":\"2013-04-12T15:18:27+00:00\",\"mainEntityOfPage\":{\"@id\":\"https:\/\/colegioarquitectos.com\/noticias\/?p=3820\"},\"wordCount\":251,\"commentCount\":0,\"publisher\":{\"@id\":\"https:\/\/colegioarquitectos.com\/noticias\/#organization\"},\"image\":{\"@id\":\"https:\/\/colegioarquitectos.com\/noticias\/?p=3820#primaryimage\"},\"thumbnailUrl\":\"https:\/\/encrypted-tbn0.gstatic.com\/images?q=tbn:ANd9GcQwiRgTdhfS9vXss3rxQk7XOIbQyQ5SfvhO_rwDhitQ6-2rHb048A\",\"articleSection\":[\"Colegio\",\"Obituario\"],\"inLanguage\":\"es\",\"potentialAction\":[{\"@type\":\"CommentAction\",\"name\":\"Comment\",\"target\":[\"https:\/\/colegioarquitectos.com\/noticias\/?p=3820#respond\"]}]},{\"@type\":\"WebPage\",\"@id\":\"https:\/\/colegioarquitectos.com\/noticias\/?p=3820\",\"url\":\"https:\/\/colegioarquitectos.com\/noticias\/?p=3820\",\"name\":\"Fallece arquitecto argentino Clorindo Testa, creador del Centro Cultural Recoleta - COLEGIO DE ARQUITECTOS DE CHILE\",\"isPartOf\":{\"@id\":\"https:\/\/colegioarquitectos.com\/noticias\/#website\"},\"primaryImageOfPage\":{\"@id\":\"https:\/\/colegioarquitectos.com\/noticias\/?p=3820#primaryimage\"},\"image\":{\"@id\":\"https:\/\/colegioarquitectos.com\/noticias\/?p=3820#primaryimage\"},\"thumbnailUrl\":\"https:\/\/encrypted-tbn0.gstatic.com\/images?q=tbn:ANd9GcQwiRgTdhfS9vXss3rxQk7XOIbQyQ5SfvhO_rwDhitQ6-2rHb048A\",\"datePublished\":\"2013-04-12T15:18:22+00:00\",\"dateModified\":\"2013-04-12T15:18:27+00:00\",\"breadcrumb\":{\"@id\":\"https:\/\/colegioarquitectos.com\/noticias\/?p=3820#breadcrumb\"},\"inLanguage\":\"es\",\"potentialAction\":[{\"@type\":\"ReadAction\",\"target\":[\"https:\/\/colegioarquitectos.com\/noticias\/?p=3820\"]}]},{\"@type\":\"ImageObject\",\"inLanguage\":\"es\",\"@id\":\"https:\/\/colegioarquitectos.com\/noticias\/?p=3820#primaryimage\",\"url\":\"https:\/\/encrypted-tbn0.gstatic.com\/images?q=tbn:ANd9GcQwiRgTdhfS9vXss3rxQk7XOIbQyQ5SfvhO_rwDhitQ6-2rHb048A\",\"contentUrl\":\"https:\/\/encrypted-tbn0.gstatic.com\/images?q=tbn:ANd9GcQwiRgTdhfS9vXss3rxQk7XOIbQyQ5SfvhO_rwDhitQ6-2rHb048A\"},{\"@type\":\"BreadcrumbList\",\"@id\":\"https:\/\/colegioarquitectos.com\/noticias\/?p=3820#breadcrumb\",\"itemListElement\":[{\"@type\":\"ListItem\",\"position\":1,\"name\":\"Portada\",\"item\":\"https:\/\/colegioarquitectos.com\/noticias\"},{\"@type\":\"ListItem\",\"position\":2,\"name\":\"Fallece arquitecto argentino Clorindo Testa, creador del Centro Cultural Recoleta\"}]},{\"@type\":\"WebSite\",\"@id\":\"https:\/\/colegioarquitectos.com\/noticias\/#website\",\"url\":\"https:\/\/colegioarquitectos.com\/noticias\/\",\"name\":\"COLEGIO DE ARQUITECTOS DE CHILE\",\"description\":\"\",\"publisher\":{\"@id\":\"https:\/\/colegioarquitectos.com\/noticias\/#organization\"},\"potentialAction\":[{\"@type\":\"SearchAction\",\"target\":{\"@type\":\"EntryPoint\",\"urlTemplate\":\"https:\/\/colegioarquitectos.com\/noticias\/?s={search_term_string}\"},\"query-input\":{\"@type\":\"PropertyValueSpecification\",\"valueRequired\":true,\"valueName\":\"search_term_string\"}}],\"inLanguage\":\"es\"},{\"@type\":\"Organization\",\"@id\":\"https:\/\/colegioarquitectos.com\/noticias\/#organization\",\"name\":\"COLEGIO DE ARQUITECTOS DE CHILE\",\"url\":\"https:\/\/colegioarquitectos.com\/noticias\/\",\"logo\":{\"@type\":\"ImageObject\",\"inLanguage\":\"es\",\"@id\":\"https:\/\/colegioarquitectos.com\/noticias\/#\/schema\/logo\/image\/\",\"url\":\"https:\/\/colegioarquitectos.com\/noticias\/wp-content\/uploads\/2021\/05\/ENCABEZADO-LOGO-CA.jpg\",\"contentUrl\":\"https:\/\/colegioarquitectos.com\/noticias\/wp-content\/uploads\/2021\/05\/ENCABEZADO-LOGO-CA.jpg\",\"width\":690,\"height\":350,\"caption\":\"COLEGIO DE ARQUITECTOS DE CHILE\"},\"image\":{\"@id\":\"https:\/\/colegioarquitectos.com\/noticias\/#\/schema\/logo\/image\/\"},\"sameAs\":[\"https:\/\/facebook.com\/Colegioarq\/\",\"https:\/\/x.com\/colegioarq\",\"https:\/\/instagram.com\/colegioarq\",\"https:\/\/youtube.com\/@ColegiodeArquitectosdeChile\"]},{\"@type\":\"Person\",\"@id\":\"https:\/\/colegioarquitectos.com\/noticias\/#\/schema\/person\/b6c7e912cd1283c089114093ed09741f\",\"name\":\"Gabriel Salgado S.\",\"url\":\"https:\/\/colegioarquitectos.com\/noticias\/?author=1\"}]}<\/script>\n<!-- \/ Yoast SEO plugin. -->","yoast_head_json":{"title":"Fallece arquitecto argentino Clorindo Testa, creador del Centro Cultural Recoleta - COLEGIO DE ARQUITECTOS DE CHILE","robots":{"index":"index","follow":"follow","max-snippet":"max-snippet:-1","max-image-preview":"max-image-preview:large","max-video-preview":"max-video-preview:-1"},"canonical":"https:\/\/colegioarquitectos.com\/noticias\/?p=3820","og_locale":"es_ES","og_type":"article","og_title":"Fallece arquitecto argentino Clorindo Testa, creador del Centro Cultural Recoleta - COLEGIO DE ARQUITECTOS DE CHILE","og_description":"El arquitecto argentino Clorindo Testa, creador de obras emblem\u00e1ticas de Buenos Aires como la Biblioteca Nacional y el Centro Cultural Recoleta, falleci\u00f3 hoy a los 89 a\u00f1os en la capital argentina, seg\u00fan inform\u00f3 la Academia Nacional de Bellas Artes. Testa &hellip; ver m\u00e1s","og_url":"https:\/\/colegioarquitectos.com\/noticias\/?p=3820","og_site_name":"COLEGIO DE ARQUITECTOS DE CHILE","article_publisher":"https:\/\/facebook.com\/Colegioarq\/","article_published_time":"2013-04-12T15:18:22+00:00","article_modified_time":"2013-04-12T15:18:27+00:00","og_image":[{"width":275,"height":183,"url":"https:\/\/colegioarquitectos.com\/noticias\/wp-content\/uploads\/2013\/04\/query-image.jpg","type":"image\/jpeg"}],"author":"Gabriel Salgado S.","twitter_card":"summary_large_image","twitter_creator":"@colegioarq","twitter_site":"@colegioarq","twitter_misc":{"Escrito por":"Gabriel Salgado S.","Tiempo de lectura":"1 minuto"},"schema":{"@context":"https:\/\/schema.org","@graph":[{"@type":"Article","@id":"https:\/\/colegioarquitectos.com\/noticias\/?p=3820#article","isPartOf":{"@id":"https:\/\/colegioarquitectos.com\/noticias\/?p=3820"},"author":{"name":"Gabriel Salgado S.","@id":"https:\/\/colegioarquitectos.com\/noticias\/#\/schema\/person\/b6c7e912cd1283c089114093ed09741f"},"headline":"Fallece arquitecto argentino Clorindo Testa, creador del Centro Cultural Recoleta","datePublished":"2013-04-12T15:18:22+00:00","dateModified":"2013-04-12T15:18:27+00:00","mainEntityOfPage":{"@id":"https:\/\/colegioarquitectos.com\/noticias\/?p=3820"},"wordCount":251,"commentCount":0,"publisher":{"@id":"https:\/\/colegioarquitectos.com\/noticias\/#organization"},"image":{"@id":"https:\/\/colegioarquitectos.com\/noticias\/?p=3820#primaryimage"},"thumbnailUrl":"https:\/\/encrypted-tbn0.gstatic.com\/images?q=tbn:ANd9GcQwiRgTdhfS9vXss3rxQk7XOIbQyQ5SfvhO_rwDhitQ6-2rHb048A","articleSection":["Colegio","Obituario"],"inLanguage":"es","potentialAction":[{"@type":"CommentAction","name":"Comment","target":["https:\/\/colegioarquitectos.com\/noticias\/?p=3820#respond"]}]},{"@type":"WebPage","@id":"https:\/\/colegioarquitectos.com\/noticias\/?p=3820","url":"https:\/\/colegioarquitectos.com\/noticias\/?p=3820","name":"Fallece arquitecto argentino Clorindo Testa, creador del Centro Cultural Recoleta - COLEGIO DE ARQUITECTOS DE CHILE","isPartOf":{"@id":"https:\/\/colegioarquitectos.com\/noticias\/#website"},"primaryImageOfPage":{"@id":"https:\/\/colegioarquitectos.com\/noticias\/?p=3820#primaryimage"},"image":{"@id":"https:\/\/colegioarquitectos.com\/noticias\/?p=3820#primaryimage"},"thumbnailUrl":"https:\/\/encrypted-tbn0.gstatic.com\/images?q=tbn:ANd9GcQwiRgTdhfS9vXss3rxQk7XOIbQyQ5SfvhO_rwDhitQ6-2rHb048A","datePublished":"2013-04-12T15:18:22+00:00","dateModified":"2013-04-12T15:18:27+00:00","breadcrumb":{"@id":"https:\/\/colegioarquitectos.com\/noticias\/?p=3820#breadcrumb"},"inLanguage":"es","potentialAction":[{"@type":"ReadAction","target":["https:\/\/colegioarquitectos.com\/noticias\/?p=3820"]}]},{"@type":"ImageObject","inLanguage":"es","@id":"https:\/\/colegioarquitectos.com\/noticias\/?p=3820#primaryimage","url":"https:\/\/encrypted-tbn0.gstatic.com\/images?q=tbn:ANd9GcQwiRgTdhfS9vXss3rxQk7XOIbQyQ5SfvhO_rwDhitQ6-2rHb048A","contentUrl":"https:\/\/encrypted-tbn0.gstatic.com\/images?q=tbn:ANd9GcQwiRgTdhfS9vXss3rxQk7XOIbQyQ5SfvhO_rwDhitQ6-2rHb048A"},{"@type":"BreadcrumbList","@id":"https:\/\/colegioarquitectos.com\/noticias\/?p=3820#breadcrumb","itemListElement":[{"@type":"ListItem","position":1,"name":"Portada","item":"https:\/\/colegioarquitectos.com\/noticias"},{"@type":"ListItem","position":2,"name":"Fallece arquitecto argentino Clorindo Testa, creador del Centro Cultural Recoleta"}]},{"@type":"WebSite","@id":"https:\/\/colegioarquitectos.com\/noticias\/#website","url":"https:\/\/colegioarquitectos.com\/noticias\/","name":"COLEGIO DE ARQUITECTOS DE CHILE","description":"","publisher":{"@id":"https:\/\/colegioarquitectos.com\/noticias\/#organization"},"potentialAction":[{"@type":"SearchAction","target":{"@type":"EntryPoint","urlTemplate":"https:\/\/colegioarquitectos.com\/noticias\/?s={search_term_string}"},"query-input":{"@type":"PropertyValueSpecification","valueRequired":true,"valueName":"search_term_string"}}],"inLanguage":"es"},{"@type":"Organization","@id":"https:\/\/colegioarquitectos.com\/noticias\/#organization","name":"COLEGIO DE ARQUITECTOS DE CHILE","url":"https:\/\/colegioarquitectos.com\/noticias\/","logo":{"@type":"ImageObject","inLanguage":"es","@id":"https:\/\/colegioarquitectos.com\/noticias\/#\/schema\/logo\/image\/","url":"https:\/\/colegioarquitectos.com\/noticias\/wp-content\/uploads\/2021\/05\/ENCABEZADO-LOGO-CA.jpg","contentUrl":"https:\/\/colegioarquitectos.com\/noticias\/wp-content\/uploads\/2021\/05\/ENCABEZADO-LOGO-CA.jpg","width":690,"height":350,"caption":"COLEGIO DE ARQUITECTOS DE CHILE"},"image":{"@id":"https:\/\/colegioarquitectos.com\/noticias\/#\/schema\/logo\/image\/"},"sameAs":["https:\/\/facebook.com\/Colegioarq\/","https:\/\/x.com\/colegioarq","https:\/\/instagram.com\/colegioarq","https:\/\/youtube.com\/@ColegiodeArquitectosdeChile"]},{"@type":"Person","@id":"https:\/\/colegioarquitectos.com\/noticias\/#\/schema\/person\/b6c7e912cd1283c089114093ed09741f","name":"Gabriel Salgado S.","url":"https:\/\/colegioarquitectos.com\/noticias\/?author=1"}]}},"_links":{"self":[{"href":"https:\/\/colegioarquitectos.com\/noticias\/index.php?rest_route=\/wp\/v2\/posts\/3820","targetHints":{"allow":["GET"]}}],"collection":[{"href":"https:\/\/colegioarquitectos.com\/noticias\/index.php?rest_route=\/wp\/v2\/posts"}],"about":[{"href":"https:\/\/colegioarquitectos.com\/noticias\/index.php?rest_route=\/wp\/v2\/types\/post"}],"author":[{"embeddable":true,"href":"https:\/\/colegioarquitectos.com\/noticias\/index.php?rest_route=\/wp\/v2\/users\/1"}],"replies":[{"embeddable":true,"href":"https:\/\/colegioarquitectos.com\/noticias\/index.php?rest_route=%2Fwp%2Fv2%2Fcomments&post=3820"}],"version-history":[{"count":0,"href":"https:\/\/colegioarquitectos.com\/noticias\/index.php?rest_route=\/wp\/v2\/posts\/3820\/revisions"}],"wp:attachment":[{"href":"https:\/\/colegioarquitectos.com\/noticias\/index.php?rest_route=%2Fwp%2Fv2%2Fmedia&parent=3820"}],"wp:term":[{"taxonomy":"category","embeddable":true,"href":"https:\/\/colegioarquitectos.com\/noticias\/index.php?rest_route=%2Fwp%2Fv2%2Fcategories&post=3820"},{"taxonomy":"post_tag","embeddable":true,"href":"https:\/\/colegioarquitectos.com\/noticias\/index.php?rest_route=%2Fwp%2Fv2%2Ftags&post=3820"}],"curies":[{"name":"wp","href":"https:\/\/api.w.org\/{rel}","templated":true}]}}