
{"id":3824,"date":"2013-04-15T18:55:34","date_gmt":"2013-04-15T18:55:34","guid":{"rendered":"http:\/\/colegioarquitectos.com\/noticias\/?p=3824"},"modified":"2013-04-15T18:55:41","modified_gmt":"2013-04-15T18:55:41","slug":"mac-uc-magister-en-administracion-de-la-construccion-postulaciones-abiertas-segundo-semestre-2013","status":"publish","type":"post","link":"https:\/\/colegioarquitectos.com\/noticias\/?p=3824","title":{"rendered":"MAC UC, Mag\u00edster en Administraci\u00f3n de la Construcci\u00f3n. Postulaciones Abiertas Segundo Semestre 2013."},"content":{"rendered":"<p><span style=\"text-decoration: underline;\"><a href=\"http:\/\/colegioarquitectos.com\/noticias\/wp-content\/uploads\/2013\/04\/foto_emailing.jpg\"><img loading=\"lazy\" decoding=\"async\" class=\"wp-image-3827\" title=\"foto_emailing\" src=\"http:\/\/colegioarquitectos.com\/noticias\/wp-content\/uploads\/2013\/04\/foto_emailing.jpg\" alt=\"\" width=\"394\" height=\"214\" \/><\/a><\/span><\/p>\n<p>El viernes 15 de marzo se dio inicio a un nuevo a\u00f1o acad\u00e9mico del MAC UC, ocasi\u00f3n en que se dio la bienvenida a los 23 destacados arquitectos, ingenieros y constructores que se integraron al programa, comenzando a formar parte de esta red de profesionales que participan en obras civiles, industriales, mineras y del sector inmobiliario.<\/p>\n<p>M\u00e1s que un Mag\u00edster, el MAC UC es una oportunidad de perfeccionamiento integral de primer nivel y \u00fanico en su \u00e1rea, respondiendo a un enfoque multidisciplinario, en el que participan unidades acad\u00e9micas de las Facultades de Ingenier\u00eda y Arquitectura de la UC. Los alumnos cuentan con una amplia gama de cursos optativos y con la opci\u00f3n de incluir ramos de otros postgrados de la Universidad.<\/p>\n<p>Creado como respuesta a las necesidades reales de la industria de la construcci\u00f3n, el programa entrega una visi\u00f3n estrat\u00e9gica en la gesti\u00f3n de proyectos del \u00e1mbito de la construcci\u00f3n junto a herramientas de orden anal\u00edtico en la toma de decisiones. El Mag\u00edster en Administraci\u00f3n de la Construcci\u00f3n, tiene como objetivo el formar ejecutivos capaces de ejercer liderazgo y administrar en forma eficiente y competitiva proyectos y empresas constructoras e inmobiliarias, en un ambiente multidisciplinario de trabajo y estudio, permitiendo a los estudiantes responder con creatividad, innovaci\u00f3n y liderazgo a los desaf\u00edos que presenta la industria.<\/p>\n<p>Ha sido dise\u00f1ado buscando compatibilizar el estudio con la actividad laboral, con clases que se desarrollan los d\u00edas viernes en dependencias del edificio de la C\u00e1mara Chilena de la Construcci\u00f3n en Providencia, constituy\u00e9ndose en una alternativa real para el desarrollo de competencias en aquellos profesionales que quieran integrarse a cuadros superiores de empresas privadas o de instituciones p\u00fablicas. El MAC tiene una duraci\u00f3n de 2 a\u00f1os distribuidos en 8 bimestres. Cada bimestre consta de 8 semanas de clases.<\/p>\n<p>Debido a la alta demanda, ya se encuentra abierto el primer per\u00edodo de postulaci\u00f3n para el segundo semestre de 2013. El proceso comenz\u00f3 el 25 de marzo y se extender\u00e1 hasta el 7 de junio, sujeto a disponibilidad de cupos. M\u00e1s informaci\u00f3n en <a href=\"http:\/\/www.macuc.cl\">www.macuc.cl<\/a> o al correo <a href=\"mailto:coordinacionmac@cchc.c\">coordinacionmac@cchc.c<\/a>l<\/p>\n<p>&nbsp;<\/p>\n<p><\/p>","protected":false},"excerpt":{"rendered":"<p>El viernes 15 de marzo se dio inicio a un nuevo a\u00f1o acad\u00e9mico del MAC UC, ocasi\u00f3n en que se dio la bienvenida a los 23 destacados arquitectos, ingenieros y constructores que se integraron al programa, comenzando a formar parte &hellip; <a class=\"more-link\" href=\"https:\/\/colegioarquitectos.com\/noticias\/?p=3824\">ver m\u00e1s<\/a><\/p>","protected":false},"author":1,"featured_media":0,"comment_status":"open","ping_status":"open","sticky":false,"template":"","format":"standard","meta":{"footnotes":""},"categories":[22,38,35],"tags":[],"class_list":["post-3824","post","type-post","status-publish","format-standard","hentry","category-cursos","category-magister","category-universidades"],"yoast_head":"<!-- This site is optimized with the Yoast SEO plugin v24.2 - https:\/\/yoast.com\/wordpress\/plugins\/seo\/ -->\n<title>MAC UC, Mag\u00edster en Administraci\u00f3n de la Construcci\u00f3n. Postulaciones Abiertas Segundo Semestre 2013. - COLEGIO DE ARQUITECTOS DE CHILE<\/title>\n<meta name=\"robots\" content=\"index, follow, max-snippet:-1, max-image-preview:large, max-video-preview:-1\" \/>\n<link rel=\"canonical\" href=\"https:\/\/colegioarquitectos.com\/noticias\/?p=3824\" \/>\n<meta property=\"og:locale\" content=\"es_ES\" \/>\n<meta property=\"og:type\" content=\"article\" \/>\n<meta property=\"og:title\" content=\"MAC UC, Mag\u00edster en Administraci\u00f3n de la Construcci\u00f3n. Postulaciones Abiertas Segundo Semestre 2013. - COLEGIO DE ARQUITECTOS DE CHILE\" \/>\n<meta property=\"og:description\" content=\"El viernes 15 de marzo se dio inicio a un nuevo a\u00f1o acad\u00e9mico del MAC UC, ocasi\u00f3n en que se dio la bienvenida a los 23 destacados arquitectos, ingenieros y constructores que se integraron al programa, comenzando a formar parte &hellip; ver m\u00e1s\" \/>\n<meta property=\"og:url\" content=\"https:\/\/colegioarquitectos.com\/noticias\/?p=3824\" \/>\n<meta property=\"og:site_name\" content=\"COLEGIO DE ARQUITECTOS DE CHILE\" \/>\n<meta property=\"article:publisher\" content=\"https:\/\/facebook.com\/Colegioarq\/\" \/>\n<meta property=\"article:published_time\" content=\"2013-04-15T18:55:34+00:00\" \/>\n<meta property=\"article:modified_time\" content=\"2013-04-15T18:55:41+00:00\" \/>\n<meta property=\"og:image\" content=\"https:\/\/colegioarquitectos.com\/noticias\/wp-content\/uploads\/2013\/04\/foto_emailing1.jpg\" \/>\n\t<meta property=\"og:image:width\" content=\"394\" \/>\n\t<meta property=\"og:image:height\" content=\"214\" \/>\n\t<meta property=\"og:image:type\" content=\"image\/jpeg\" \/>\n<meta name=\"author\" content=\"Gabriel Salgado S.\" \/>\n<meta name=\"twitter:card\" content=\"summary_large_image\" \/>\n<meta name=\"twitter:creator\" content=\"@colegioarq\" \/>\n<meta name=\"twitter:site\" content=\"@colegioarq\" \/>\n<meta name=\"twitter:label1\" content=\"Escrito por\" \/>\n\t<meta name=\"twitter:data1\" content=\"Gabriel Salgado S.\" \/>\n\t<meta name=\"twitter:label2\" content=\"Tiempo de lectura\" \/>\n\t<meta name=\"twitter:data2\" content=\"2 minutos\" \/>\n<script type=\"application\/ld+json\" class=\"yoast-schema-graph\">{\"@context\":\"https:\/\/schema.org\",\"@graph\":[{\"@type\":\"Article\",\"@id\":\"https:\/\/colegioarquitectos.com\/noticias\/?p=3824#article\",\"isPartOf\":{\"@id\":\"https:\/\/colegioarquitectos.com\/noticias\/?p=3824\"},\"author\":{\"name\":\"Gabriel Salgado S.\",\"@id\":\"https:\/\/colegioarquitectos.com\/noticias\/#\/schema\/person\/b6c7e912cd1283c089114093ed09741f\"},\"headline\":\"MAC UC, Mag\u00edster en Administraci\u00f3n de la Construcci\u00f3n. Postulaciones Abiertas Segundo Semestre 2013.\",\"datePublished\":\"2013-04-15T18:55:34+00:00\",\"dateModified\":\"2013-04-15T18:55:41+00:00\",\"mainEntityOfPage\":{\"@id\":\"https:\/\/colegioarquitectos.com\/noticias\/?p=3824\"},\"wordCount\":385,\"commentCount\":2,\"publisher\":{\"@id\":\"https:\/\/colegioarquitectos.com\/noticias\/#organization\"},\"image\":{\"@id\":\"https:\/\/colegioarquitectos.com\/noticias\/?p=3824#primaryimage\"},\"thumbnailUrl\":\"http:\/\/colegioarquitectos.com\/noticias\/wp-content\/uploads\/2013\/04\/foto_emailing.jpg\",\"articleSection\":[\"Cursos\",\"Mag\u00edster\",\"Universidades\"],\"inLanguage\":\"es\",\"potentialAction\":[{\"@type\":\"CommentAction\",\"name\":\"Comment\",\"target\":[\"https:\/\/colegioarquitectos.com\/noticias\/?p=3824#respond\"]}]},{\"@type\":\"WebPage\",\"@id\":\"https:\/\/colegioarquitectos.com\/noticias\/?p=3824\",\"url\":\"https:\/\/colegioarquitectos.com\/noticias\/?p=3824\",\"name\":\"MAC UC, Mag\u00edster en Administraci\u00f3n de la Construcci\u00f3n. Postulaciones Abiertas Segundo Semestre 2013. - COLEGIO DE ARQUITECTOS DE CHILE\",\"isPartOf\":{\"@id\":\"https:\/\/colegioarquitectos.com\/noticias\/#website\"},\"primaryImageOfPage\":{\"@id\":\"https:\/\/colegioarquitectos.com\/noticias\/?p=3824#primaryimage\"},\"image\":{\"@id\":\"https:\/\/colegioarquitectos.com\/noticias\/?p=3824#primaryimage\"},\"thumbnailUrl\":\"http:\/\/colegioarquitectos.com\/noticias\/wp-content\/uploads\/2013\/04\/foto_emailing.jpg\",\"datePublished\":\"2013-04-15T18:55:34+00:00\",\"dateModified\":\"2013-04-15T18:55:41+00:00\",\"breadcrumb\":{\"@id\":\"https:\/\/colegioarquitectos.com\/noticias\/?p=3824#breadcrumb\"},\"inLanguage\":\"es\",\"potentialAction\":[{\"@type\":\"ReadAction\",\"target\":[\"https:\/\/colegioarquitectos.com\/noticias\/?p=3824\"]}]},{\"@type\":\"ImageObject\",\"inLanguage\":\"es\",\"@id\":\"https:\/\/colegioarquitectos.com\/noticias\/?p=3824#primaryimage\",\"url\":\"http:\/\/colegioarquitectos.com\/noticias\/wp-content\/uploads\/2013\/04\/foto_emailing.jpg\",\"contentUrl\":\"http:\/\/colegioarquitectos.com\/noticias\/wp-content\/uploads\/2013\/04\/foto_emailing.jpg\"},{\"@type\":\"BreadcrumbList\",\"@id\":\"https:\/\/colegioarquitectos.com\/noticias\/?p=3824#breadcrumb\",\"itemListElement\":[{\"@type\":\"ListItem\",\"position\":1,\"name\":\"Portada\",\"item\":\"https:\/\/colegioarquitectos.com\/noticias\"},{\"@type\":\"ListItem\",\"position\":2,\"name\":\"MAC UC, Mag\u00edster en Administraci\u00f3n de la Construcci\u00f3n. Postulaciones Abiertas Segundo Semestre 2013.\"}]},{\"@type\":\"WebSite\",\"@id\":\"https:\/\/colegioarquitectos.com\/noticias\/#website\",\"url\":\"https:\/\/colegioarquitectos.com\/noticias\/\",\"name\":\"COLEGIO DE ARQUITECTOS DE CHILE\",\"description\":\"\",\"publisher\":{\"@id\":\"https:\/\/colegioarquitectos.com\/noticias\/#organization\"},\"potentialAction\":[{\"@type\":\"SearchAction\",\"target\":{\"@type\":\"EntryPoint\",\"urlTemplate\":\"https:\/\/colegioarquitectos.com\/noticias\/?s={search_term_string}\"},\"query-input\":{\"@type\":\"PropertyValueSpecification\",\"valueRequired\":true,\"valueName\":\"search_term_string\"}}],\"inLanguage\":\"es\"},{\"@type\":\"Organization\",\"@id\":\"https:\/\/colegioarquitectos.com\/noticias\/#organization\",\"name\":\"COLEGIO DE ARQUITECTOS DE CHILE\",\"url\":\"https:\/\/colegioarquitectos.com\/noticias\/\",\"logo\":{\"@type\":\"ImageObject\",\"inLanguage\":\"es\",\"@id\":\"https:\/\/colegioarquitectos.com\/noticias\/#\/schema\/logo\/image\/\",\"url\":\"https:\/\/colegioarquitectos.com\/noticias\/wp-content\/uploads\/2021\/05\/ENCABEZADO-LOGO-CA.jpg\",\"contentUrl\":\"https:\/\/colegioarquitectos.com\/noticias\/wp-content\/uploads\/2021\/05\/ENCABEZADO-LOGO-CA.jpg\",\"width\":690,\"height\":350,\"caption\":\"COLEGIO DE ARQUITECTOS DE CHILE\"},\"image\":{\"@id\":\"https:\/\/colegioarquitectos.com\/noticias\/#\/schema\/logo\/image\/\"},\"sameAs\":[\"https:\/\/facebook.com\/Colegioarq\/\",\"https:\/\/x.com\/colegioarq\",\"https:\/\/instagram.com\/colegioarq\",\"https:\/\/youtube.com\/@ColegiodeArquitectosdeChile\"]},{\"@type\":\"Person\",\"@id\":\"https:\/\/colegioarquitectos.com\/noticias\/#\/schema\/person\/b6c7e912cd1283c089114093ed09741f\",\"name\":\"Gabriel Salgado S.\",\"url\":\"https:\/\/colegioarquitectos.com\/noticias\/?author=1\"}]}<\/script>\n<!-- \/ Yoast SEO plugin. -->","yoast_head_json":{"title":"MAC UC, Mag\u00edster en Administraci\u00f3n de la Construcci\u00f3n. Postulaciones Abiertas Segundo Semestre 2013. - COLEGIO DE ARQUITECTOS DE CHILE","robots":{"index":"index","follow":"follow","max-snippet":"max-snippet:-1","max-image-preview":"max-image-preview:large","max-video-preview":"max-video-preview:-1"},"canonical":"https:\/\/colegioarquitectos.com\/noticias\/?p=3824","og_locale":"es_ES","og_type":"article","og_title":"MAC UC, Mag\u00edster en Administraci\u00f3n de la Construcci\u00f3n. Postulaciones Abiertas Segundo Semestre 2013. - COLEGIO DE ARQUITECTOS DE CHILE","og_description":"El viernes 15 de marzo se dio inicio a un nuevo a\u00f1o acad\u00e9mico del MAC UC, ocasi\u00f3n en que se dio la bienvenida a los 23 destacados arquitectos, ingenieros y constructores que se integraron al programa, comenzando a formar parte &hellip; ver m\u00e1s","og_url":"https:\/\/colegioarquitectos.com\/noticias\/?p=3824","og_site_name":"COLEGIO DE ARQUITECTOS DE CHILE","article_publisher":"https:\/\/facebook.com\/Colegioarq\/","article_published_time":"2013-04-15T18:55:34+00:00","article_modified_time":"2013-04-15T18:55:41+00:00","og_image":[{"width":394,"height":214,"url":"https:\/\/colegioarquitectos.com\/noticias\/wp-content\/uploads\/2013\/04\/foto_emailing1.jpg","type":"image\/jpeg"}],"author":"Gabriel Salgado S.","twitter_card":"summary_large_image","twitter_creator":"@colegioarq","twitter_site":"@colegioarq","twitter_misc":{"Escrito por":"Gabriel Salgado S.","Tiempo de lectura":"2 minutos"},"schema":{"@context":"https:\/\/schema.org","@graph":[{"@type":"Article","@id":"https:\/\/colegioarquitectos.com\/noticias\/?p=3824#article","isPartOf":{"@id":"https:\/\/colegioarquitectos.com\/noticias\/?p=3824"},"author":{"name":"Gabriel Salgado S.","@id":"https:\/\/colegioarquitectos.com\/noticias\/#\/schema\/person\/b6c7e912cd1283c089114093ed09741f"},"headline":"MAC UC, Mag\u00edster en Administraci\u00f3n de la Construcci\u00f3n. Postulaciones Abiertas Segundo Semestre 2013.","datePublished":"2013-04-15T18:55:34+00:00","dateModified":"2013-04-15T18:55:41+00:00","mainEntityOfPage":{"@id":"https:\/\/colegioarquitectos.com\/noticias\/?p=3824"},"wordCount":385,"commentCount":2,"publisher":{"@id":"https:\/\/colegioarquitectos.com\/noticias\/#organization"},"image":{"@id":"https:\/\/colegioarquitectos.com\/noticias\/?p=3824#primaryimage"},"thumbnailUrl":"http:\/\/colegioarquitectos.com\/noticias\/wp-content\/uploads\/2013\/04\/foto_emailing.jpg","articleSection":["Cursos","Mag\u00edster","Universidades"],"inLanguage":"es","potentialAction":[{"@type":"CommentAction","name":"Comment","target":["https:\/\/colegioarquitectos.com\/noticias\/?p=3824#respond"]}]},{"@type":"WebPage","@id":"https:\/\/colegioarquitectos.com\/noticias\/?p=3824","url":"https:\/\/colegioarquitectos.com\/noticias\/?p=3824","name":"MAC UC, Mag\u00edster en Administraci\u00f3n de la Construcci\u00f3n. Postulaciones Abiertas Segundo Semestre 2013. - COLEGIO DE ARQUITECTOS DE CHILE","isPartOf":{"@id":"https:\/\/colegioarquitectos.com\/noticias\/#website"},"primaryImageOfPage":{"@id":"https:\/\/colegioarquitectos.com\/noticias\/?p=3824#primaryimage"},"image":{"@id":"https:\/\/colegioarquitectos.com\/noticias\/?p=3824#primaryimage"},"thumbnailUrl":"http:\/\/colegioarquitectos.com\/noticias\/wp-content\/uploads\/2013\/04\/foto_emailing.jpg","datePublished":"2013-04-15T18:55:34+00:00","dateModified":"2013-04-15T18:55:41+00:00","breadcrumb":{"@id":"https:\/\/colegioarquitectos.com\/noticias\/?p=3824#breadcrumb"},"inLanguage":"es","potentialAction":[{"@type":"ReadAction","target":["https:\/\/colegioarquitectos.com\/noticias\/?p=3824"]}]},{"@type":"ImageObject","inLanguage":"es","@id":"https:\/\/colegioarquitectos.com\/noticias\/?p=3824#primaryimage","url":"http:\/\/colegioarquitectos.com\/noticias\/wp-content\/uploads\/2013\/04\/foto_emailing.jpg","contentUrl":"http:\/\/colegioarquitectos.com\/noticias\/wp-content\/uploads\/2013\/04\/foto_emailing.jpg"},{"@type":"BreadcrumbList","@id":"https:\/\/colegioarquitectos.com\/noticias\/?p=3824#breadcrumb","itemListElement":[{"@type":"ListItem","position":1,"name":"Portada","item":"https:\/\/colegioarquitectos.com\/noticias"},{"@type":"ListItem","position":2,"name":"MAC UC, Mag\u00edster en Administraci\u00f3n de la Construcci\u00f3n. Postulaciones Abiertas Segundo Semestre 2013."}]},{"@type":"WebSite","@id":"https:\/\/colegioarquitectos.com\/noticias\/#website","url":"https:\/\/colegioarquitectos.com\/noticias\/","name":"COLEGIO DE ARQUITECTOS DE CHILE","description":"","publisher":{"@id":"https:\/\/colegioarquitectos.com\/noticias\/#organization"},"potentialAction":[{"@type":"SearchAction","target":{"@type":"EntryPoint","urlTemplate":"https:\/\/colegioarquitectos.com\/noticias\/?s={search_term_string}"},"query-input":{"@type":"PropertyValueSpecification","valueRequired":true,"valueName":"search_term_string"}}],"inLanguage":"es"},{"@type":"Organization","@id":"https:\/\/colegioarquitectos.com\/noticias\/#organization","name":"COLEGIO DE ARQUITECTOS DE CHILE","url":"https:\/\/colegioarquitectos.com\/noticias\/","logo":{"@type":"ImageObject","inLanguage":"es","@id":"https:\/\/colegioarquitectos.com\/noticias\/#\/schema\/logo\/image\/","url":"https:\/\/colegioarquitectos.com\/noticias\/wp-content\/uploads\/2021\/05\/ENCABEZADO-LOGO-CA.jpg","contentUrl":"https:\/\/colegioarquitectos.com\/noticias\/wp-content\/uploads\/2021\/05\/ENCABEZADO-LOGO-CA.jpg","width":690,"height":350,"caption":"COLEGIO DE ARQUITECTOS DE CHILE"},"image":{"@id":"https:\/\/colegioarquitectos.com\/noticias\/#\/schema\/logo\/image\/"},"sameAs":["https:\/\/facebook.com\/Colegioarq\/","https:\/\/x.com\/colegioarq","https:\/\/instagram.com\/colegioarq","https:\/\/youtube.com\/@ColegiodeArquitectosdeChile"]},{"@type":"Person","@id":"https:\/\/colegioarquitectos.com\/noticias\/#\/schema\/person\/b6c7e912cd1283c089114093ed09741f","name":"Gabriel Salgado S.","url":"https:\/\/colegioarquitectos.com\/noticias\/?author=1"}]}},"_links":{"self":[{"href":"https:\/\/colegioarquitectos.com\/noticias\/index.php?rest_route=\/wp\/v2\/posts\/3824","targetHints":{"allow":["GET"]}}],"collection":[{"href":"https:\/\/colegioarquitectos.com\/noticias\/index.php?rest_route=\/wp\/v2\/posts"}],"about":[{"href":"https:\/\/colegioarquitectos.com\/noticias\/index.php?rest_route=\/wp\/v2\/types\/post"}],"author":[{"embeddable":true,"href":"https:\/\/colegioarquitectos.com\/noticias\/index.php?rest_route=\/wp\/v2\/users\/1"}],"replies":[{"embeddable":true,"href":"https:\/\/colegioarquitectos.com\/noticias\/index.php?rest_route=%2Fwp%2Fv2%2Fcomments&post=3824"}],"version-history":[{"count":0,"href":"https:\/\/colegioarquitectos.com\/noticias\/index.php?rest_route=\/wp\/v2\/posts\/3824\/revisions"}],"wp:attachment":[{"href":"https:\/\/colegioarquitectos.com\/noticias\/index.php?rest_route=%2Fwp%2Fv2%2Fmedia&parent=3824"}],"wp:term":[{"taxonomy":"category","embeddable":true,"href":"https:\/\/colegioarquitectos.com\/noticias\/index.php?rest_route=%2Fwp%2Fv2%2Fcategories&post=3824"},{"taxonomy":"post_tag","embeddable":true,"href":"https:\/\/colegioarquitectos.com\/noticias\/index.php?rest_route=%2Fwp%2Fv2%2Ftags&post=3824"}],"curies":[{"name":"wp","href":"https:\/\/api.w.org\/{rel}","templated":true}]}}