
{"id":3840,"date":"2013-04-15T19:06:47","date_gmt":"2013-04-15T19:06:47","guid":{"rendered":"http:\/\/colegioarquitectos.com\/noticias\/?p=3840"},"modified":"2013-04-15T19:06:56","modified_gmt":"2013-04-15T19:06:56","slug":"mdcs-magiste-en-diseno-y-costruccion-sustentable","status":"publish","type":"post","link":"https:\/\/colegioarquitectos.com\/noticias\/?p=3840","title":{"rendered":"MDCS Mag\u00edster en Dise\u00f1o y Costrucci\u00f3n Sustentable"},"content":{"rendered":"<p><img loading=\"lazy\" decoding=\"async\" class=\"alignnone size-full wp-image-3841\" title=\"MDCS UDD-CA\" src=\"http:\/\/colegioarquitectos.com\/noticias\/wp-content\/uploads\/2013\/04\/MDCS-UDD-CA.png\" alt=\"\" width=\"394\" height=\"214\" srcset=\"https:\/\/colegioarquitectos.com\/noticias\/wp-content\/uploads\/2013\/04\/MDCS-UDD-CA.png 394w, https:\/\/colegioarquitectos.com\/noticias\/wp-content\/uploads\/2013\/04\/MDCS-UDD-CA-300x162.png 300w\" sizes=\"auto, (max-width: 394px) 100vw, 394px\" \/><\/p>\n<p>Facultad de Arquitectura y Arte, Universidad del Desarrollo<\/p>\n<p>INTRODUCCI\u00d3N La eficiencia en el uso de recursos energ\u00e9ticos y naturales en las edificaciones es el componente de dise\u00f1o m\u00e1s relevante que van a enfrentar los profesionales del sector inmobiliario y construcci\u00f3n en los pr\u00f3ximos a\u00f1os. El programa de mag\u00edster surge y se consolida, precisamente, como respuesta a la cr\u00edtica situaci\u00f3n energ\u00e9tica nacional y a la creciente demanda de profesionales, oficinas y empresas comprometidas con el uso apropiado y eficiente de nuestros recursos.<\/p>\n<p>PERFIL &amp; ORIENTACI\u00d3N El Mag\u00edster en Dise\u00f1o y Construcci\u00f3n Sustentable MDCS de la Facultad de Arquitectura de la Universidad del Desarrollo entrega los conocimientos y herramientas actualizadas para lograr dise\u00f1ar, evaluar, y desarrollar proyectos eficientes, que respondan a las necesidades de los usuarios, que sean econ\u00f3micamente factibles, y por \u00faltimo, sensibles a su contexto. El programa tiene un car\u00e1cter pr\u00e1ctico-profesional e interdisciplinario, y est\u00e1 orientado al conocimiento y aplicaci\u00f3n de t\u00e9cnicas, herramientas y tecnolog\u00edas con el objetivo de optimizar los recursos empleados en la construcci\u00f3n y uso de las edificaciones por medio de un dise\u00f1o integrado con base cient\u00edfica.<\/p>\n<p>P\u00daBLICO OBJETIVO El Mag\u00edster est\u00e1 dirigido a aquellos profesionales que prestan servicios de dise\u00f1o, gesti\u00f3n y\/o construcci\u00f3n en el sector inmobiliario; y que deseen ampliar y profundizar sus conocimientos y competencias en la optimizaci\u00f3n de los recursos energ\u00e9ticos y naturales empleados en las edificaciones.<\/p>\n<p>OBJETIVOS GENERALES _ Desarrollar habilidades y criterios que permitan desafiar las pr\u00e1cticas tradicionales del dise\u00f1o de edificaciones, a trav\u00e9s del entendimiento de los principios del dise\u00f1o eficiente y sustentable bajo un marco global y local. _ Desarrollar habilidades que permitan participar del dise\u00f1o, gesti\u00f3n y construcci\u00f3n de edificaciones eficientes y sustentables, ya sea como agente individual o como parte de un equipo interdisciplinario. _ Desarrollar un razonamiento con base cient\u00edfica, que permita depurar el proceso de dise\u00f1o e identificar y solucionar problem\u00e1ticas de dise\u00f1o y construcci\u00f3n desde un punto de vista de la eficiencia de recursos.<\/p>\n<p>OBJETIVOS ESPEC\u00cdFICOS _ Entregar los conocimientos y herramientas de dise\u00f1o para lograr minimizar el consumo de recursos energ\u00e9ticos en la construcci\u00f3n y uso de las edificaciones. _ Entregar los conocimientos, habilidades y herramientas para evaluar propuestas de dise\u00f1o y edificios existentes, y proponer soluciones alternativas para mejorar su comportamiento energ\u00e9tico y ambiental. _ Entregar el conocimiento para dominar la interacci\u00f3n entre forma arquitect\u00f3nica, materialidad y sistemas de energ\u00eda y climatizaci\u00f3n con el comportamiento t\u00e9rmico-energ\u00e9tico de la edificaci\u00f3n, considerando condicionantes clim\u00e1ticas, program\u00e1ticas y operativas. _ Entregar el conocimiento y las herramientas para optimizar el uso de la iluminaci\u00f3n natural en las edificaciones y proponer soluciones de iluminaci\u00f3n artificial eficiente y confortable para los usuarios. _ Entregar los conocimientos y herramientas para evaluar la factibilidad econ\u00f3mica de soluciones alternativas eficientes para el dise\u00f1o y construcci\u00f3n de una edificaci\u00f3n.<\/p>\n<p>AREAS DE PROFUNDIZACI\u00d3N El programa est\u00e1 basado en siete \u00e1reas de estudio y profundizaci\u00f3n, todas relacionadas con el desempe\u00f1o sustentable de la edificaci\u00f3n:<\/p>\n<p>1. Dise\u00f1o Arquitect\u00f3nico y Contexto Geogr\u00e1fico y Clim\u00e1tico 2. Resoluci\u00f3n Material y Constructiva 3. Modelaci\u00f3n y Simulaci\u00f3n T\u00e9rmico-Energ\u00e9tica 4. Iluminaci\u00f3n Eficiente<\/p>\n<p>5. Tecnolog\u00edas Eficientes de Energ\u00eda y Climatizaci\u00f3n 6. Evaluaci\u00f3n Econ\u00f3mica de Propuestas Eficientes 7. Certificaci\u00f3n<\/p>\n<p><strong>INFORMACIONES Y POSTULACIONES SANTIAGO<\/strong><br \/>\nFacultad de Arquitectura y Arte, Universidad del Desarrollo<br \/>\nAv. La Plaza 700, San Carlos de Apoquindo<br \/>\nContacto: B\u00e1rbara Aguirre Balmelli<br \/>\nTel\u00e9fonos: (56 2) 23279179 \/ (09) 9299 6732<br \/>\nMail: baguirre@udd.cl<br \/>\n<strong>INFORMACIONES Y POSTULACIONES CONCEPCI\u00d3N<\/strong><br \/>\nFacultad de Arquitectura y Arte, Universidad del Desarrollo<br \/>\nPedro de Valdivia 1783<br \/>\nContacto: Andrea Nazar Navarrete<br \/>\nTel\u00e9fonos: (56 41) 268 64 28 \/ (09) 9244 1804<br \/>\nMail: anazar@udd.cl<\/p>\n<p>&nbsp;<\/p>\n<p><\/p>","protected":false},"excerpt":{"rendered":"<p>Facultad de Arquitectura y Arte, Universidad del Desarrollo INTRODUCCI\u00d3N La eficiencia en el uso de recursos energ\u00e9ticos y naturales en las edificaciones es el componente de dise\u00f1o m\u00e1s relevante que van a enfrentar los profesionales del sector inmobiliario y construcci\u00f3n &hellip; <a class=\"more-link\" href=\"https:\/\/colegioarquitectos.com\/noticias\/?p=3840\">ver m\u00e1s<\/a><\/p>","protected":false},"author":1,"featured_media":0,"comment_status":"open","ping_status":"open","sticky":false,"template":"","format":"standard","meta":{"footnotes":""},"categories":[22,38,35],"tags":[],"class_list":["post-3840","post","type-post","status-publish","format-standard","hentry","category-cursos","category-magister","category-universidades"],"yoast_head":"<!-- This site is optimized with the Yoast SEO plugin v24.2 - https:\/\/yoast.com\/wordpress\/plugins\/seo\/ -->\n<title>MDCS Mag\u00edster en Dise\u00f1o y Costrucci\u00f3n Sustentable  - COLEGIO DE ARQUITECTOS DE CHILE<\/title>\n<meta name=\"robots\" content=\"index, follow, max-snippet:-1, max-image-preview:large, max-video-preview:-1\" \/>\n<link rel=\"canonical\" href=\"https:\/\/colegioarquitectos.com\/noticias\/?p=3840\" \/>\n<meta property=\"og:locale\" content=\"es_ES\" \/>\n<meta property=\"og:type\" content=\"article\" \/>\n<meta property=\"og:title\" content=\"MDCS Mag\u00edster en Dise\u00f1o y Costrucci\u00f3n Sustentable  - COLEGIO DE ARQUITECTOS DE CHILE\" \/>\n<meta property=\"og:description\" content=\"Facultad de Arquitectura y Arte, Universidad del Desarrollo INTRODUCCI\u00d3N La eficiencia en el uso de recursos energ\u00e9ticos y naturales en las edificaciones es el componente de dise\u00f1o m\u00e1s relevante que van a enfrentar los profesionales del sector inmobiliario y construcci\u00f3n &hellip; ver m\u00e1s\" \/>\n<meta property=\"og:url\" content=\"https:\/\/colegioarquitectos.com\/noticias\/?p=3840\" \/>\n<meta property=\"og:site_name\" content=\"COLEGIO DE ARQUITECTOS DE CHILE\" \/>\n<meta property=\"article:publisher\" content=\"https:\/\/facebook.com\/Colegioarq\/\" \/>\n<meta property=\"article:published_time\" content=\"2013-04-15T19:06:47+00:00\" \/>\n<meta property=\"article:modified_time\" content=\"2013-04-15T19:06:56+00:00\" \/>\n<meta property=\"og:image\" content=\"https:\/\/colegioarquitectos.com\/noticias\/wp-content\/uploads\/2013\/04\/MDCS-UDD-CA.png\" \/>\n\t<meta property=\"og:image:width\" content=\"394\" \/>\n\t<meta property=\"og:image:height\" content=\"214\" \/>\n\t<meta property=\"og:image:type\" content=\"image\/png\" \/>\n<meta name=\"author\" content=\"Gabriel Salgado S.\" \/>\n<meta name=\"twitter:card\" content=\"summary_large_image\" \/>\n<meta name=\"twitter:creator\" content=\"@colegioarq\" \/>\n<meta name=\"twitter:site\" content=\"@colegioarq\" \/>\n<meta name=\"twitter:label1\" content=\"Escrito por\" \/>\n\t<meta name=\"twitter:data1\" content=\"Gabriel Salgado S.\" \/>\n\t<meta name=\"twitter:label2\" content=\"Tiempo de lectura\" \/>\n\t<meta name=\"twitter:data2\" content=\"3 minutos\" \/>\n<script type=\"application\/ld+json\" class=\"yoast-schema-graph\">{\"@context\":\"https:\/\/schema.org\",\"@graph\":[{\"@type\":\"Article\",\"@id\":\"https:\/\/colegioarquitectos.com\/noticias\/?p=3840#article\",\"isPartOf\":{\"@id\":\"https:\/\/colegioarquitectos.com\/noticias\/?p=3840\"},\"author\":{\"name\":\"Gabriel Salgado S.\",\"@id\":\"https:\/\/colegioarquitectos.com\/noticias\/#\/schema\/person\/b6c7e912cd1283c089114093ed09741f\"},\"headline\":\"MDCS Mag\u00edster en Dise\u00f1o y Costrucci\u00f3n Sustentable\",\"datePublished\":\"2013-04-15T19:06:47+00:00\",\"dateModified\":\"2013-04-15T19:06:56+00:00\",\"mainEntityOfPage\":{\"@id\":\"https:\/\/colegioarquitectos.com\/noticias\/?p=3840\"},\"wordCount\":653,\"commentCount\":2,\"publisher\":{\"@id\":\"https:\/\/colegioarquitectos.com\/noticias\/#organization\"},\"image\":{\"@id\":\"https:\/\/colegioarquitectos.com\/noticias\/?p=3840#primaryimage\"},\"thumbnailUrl\":\"http:\/\/colegioarquitectos.com\/noticias\/wp-content\/uploads\/2013\/04\/MDCS-UDD-CA.png\",\"articleSection\":[\"Cursos\",\"Mag\u00edster\",\"Universidades\"],\"inLanguage\":\"es\",\"potentialAction\":[{\"@type\":\"CommentAction\",\"name\":\"Comment\",\"target\":[\"https:\/\/colegioarquitectos.com\/noticias\/?p=3840#respond\"]}]},{\"@type\":\"WebPage\",\"@id\":\"https:\/\/colegioarquitectos.com\/noticias\/?p=3840\",\"url\":\"https:\/\/colegioarquitectos.com\/noticias\/?p=3840\",\"name\":\"MDCS Mag\u00edster en Dise\u00f1o y Costrucci\u00f3n Sustentable - COLEGIO DE ARQUITECTOS DE CHILE\",\"isPartOf\":{\"@id\":\"https:\/\/colegioarquitectos.com\/noticias\/#website\"},\"primaryImageOfPage\":{\"@id\":\"https:\/\/colegioarquitectos.com\/noticias\/?p=3840#primaryimage\"},\"image\":{\"@id\":\"https:\/\/colegioarquitectos.com\/noticias\/?p=3840#primaryimage\"},\"thumbnailUrl\":\"http:\/\/colegioarquitectos.com\/noticias\/wp-content\/uploads\/2013\/04\/MDCS-UDD-CA.png\",\"datePublished\":\"2013-04-15T19:06:47+00:00\",\"dateModified\":\"2013-04-15T19:06:56+00:00\",\"breadcrumb\":{\"@id\":\"https:\/\/colegioarquitectos.com\/noticias\/?p=3840#breadcrumb\"},\"inLanguage\":\"es\",\"potentialAction\":[{\"@type\":\"ReadAction\",\"target\":[\"https:\/\/colegioarquitectos.com\/noticias\/?p=3840\"]}]},{\"@type\":\"ImageObject\",\"inLanguage\":\"es\",\"@id\":\"https:\/\/colegioarquitectos.com\/noticias\/?p=3840#primaryimage\",\"url\":\"https:\/\/colegioarquitectos.com\/noticias\/wp-content\/uploads\/2013\/04\/MDCS-UDD-CA.png\",\"contentUrl\":\"https:\/\/colegioarquitectos.com\/noticias\/wp-content\/uploads\/2013\/04\/MDCS-UDD-CA.png\",\"width\":394,\"height\":214},{\"@type\":\"BreadcrumbList\",\"@id\":\"https:\/\/colegioarquitectos.com\/noticias\/?p=3840#breadcrumb\",\"itemListElement\":[{\"@type\":\"ListItem\",\"position\":1,\"name\":\"Portada\",\"item\":\"https:\/\/colegioarquitectos.com\/noticias\"},{\"@type\":\"ListItem\",\"position\":2,\"name\":\"MDCS Mag\u00edster en Dise\u00f1o y Costrucci\u00f3n Sustentable\"}]},{\"@type\":\"WebSite\",\"@id\":\"https:\/\/colegioarquitectos.com\/noticias\/#website\",\"url\":\"https:\/\/colegioarquitectos.com\/noticias\/\",\"name\":\"COLEGIO DE ARQUITECTOS DE CHILE\",\"description\":\"\",\"publisher\":{\"@id\":\"https:\/\/colegioarquitectos.com\/noticias\/#organization\"},\"potentialAction\":[{\"@type\":\"SearchAction\",\"target\":{\"@type\":\"EntryPoint\",\"urlTemplate\":\"https:\/\/colegioarquitectos.com\/noticias\/?s={search_term_string}\"},\"query-input\":{\"@type\":\"PropertyValueSpecification\",\"valueRequired\":true,\"valueName\":\"search_term_string\"}}],\"inLanguage\":\"es\"},{\"@type\":\"Organization\",\"@id\":\"https:\/\/colegioarquitectos.com\/noticias\/#organization\",\"name\":\"COLEGIO DE ARQUITECTOS DE CHILE\",\"url\":\"https:\/\/colegioarquitectos.com\/noticias\/\",\"logo\":{\"@type\":\"ImageObject\",\"inLanguage\":\"es\",\"@id\":\"https:\/\/colegioarquitectos.com\/noticias\/#\/schema\/logo\/image\/\",\"url\":\"https:\/\/colegioarquitectos.com\/noticias\/wp-content\/uploads\/2021\/05\/ENCABEZADO-LOGO-CA.jpg\",\"contentUrl\":\"https:\/\/colegioarquitectos.com\/noticias\/wp-content\/uploads\/2021\/05\/ENCABEZADO-LOGO-CA.jpg\",\"width\":690,\"height\":350,\"caption\":\"COLEGIO DE ARQUITECTOS DE CHILE\"},\"image\":{\"@id\":\"https:\/\/colegioarquitectos.com\/noticias\/#\/schema\/logo\/image\/\"},\"sameAs\":[\"https:\/\/facebook.com\/Colegioarq\/\",\"https:\/\/x.com\/colegioarq\",\"https:\/\/instagram.com\/colegioarq\",\"https:\/\/youtube.com\/@ColegiodeArquitectosdeChile\"]},{\"@type\":\"Person\",\"@id\":\"https:\/\/colegioarquitectos.com\/noticias\/#\/schema\/person\/b6c7e912cd1283c089114093ed09741f\",\"name\":\"Gabriel Salgado S.\",\"url\":\"https:\/\/colegioarquitectos.com\/noticias\/?author=1\"}]}<\/script>\n<!-- \/ Yoast SEO plugin. -->","yoast_head_json":{"title":"MDCS Mag\u00edster en Dise\u00f1o y Costrucci\u00f3n Sustentable  - COLEGIO DE ARQUITECTOS DE CHILE","robots":{"index":"index","follow":"follow","max-snippet":"max-snippet:-1","max-image-preview":"max-image-preview:large","max-video-preview":"max-video-preview:-1"},"canonical":"https:\/\/colegioarquitectos.com\/noticias\/?p=3840","og_locale":"es_ES","og_type":"article","og_title":"MDCS Mag\u00edster en Dise\u00f1o y Costrucci\u00f3n Sustentable  - COLEGIO DE ARQUITECTOS DE CHILE","og_description":"Facultad de Arquitectura y Arte, Universidad del Desarrollo INTRODUCCI\u00d3N La eficiencia en el uso de recursos energ\u00e9ticos y naturales en las edificaciones es el componente de dise\u00f1o m\u00e1s relevante que van a enfrentar los profesionales del sector inmobiliario y construcci\u00f3n &hellip; ver m\u00e1s","og_url":"https:\/\/colegioarquitectos.com\/noticias\/?p=3840","og_site_name":"COLEGIO DE ARQUITECTOS DE CHILE","article_publisher":"https:\/\/facebook.com\/Colegioarq\/","article_published_time":"2013-04-15T19:06:47+00:00","article_modified_time":"2013-04-15T19:06:56+00:00","og_image":[{"width":394,"height":214,"url":"https:\/\/colegioarquitectos.com\/noticias\/wp-content\/uploads\/2013\/04\/MDCS-UDD-CA.png","type":"image\/png"}],"author":"Gabriel Salgado S.","twitter_card":"summary_large_image","twitter_creator":"@colegioarq","twitter_site":"@colegioarq","twitter_misc":{"Escrito por":"Gabriel Salgado S.","Tiempo de lectura":"3 minutos"},"schema":{"@context":"https:\/\/schema.org","@graph":[{"@type":"Article","@id":"https:\/\/colegioarquitectos.com\/noticias\/?p=3840#article","isPartOf":{"@id":"https:\/\/colegioarquitectos.com\/noticias\/?p=3840"},"author":{"name":"Gabriel Salgado S.","@id":"https:\/\/colegioarquitectos.com\/noticias\/#\/schema\/person\/b6c7e912cd1283c089114093ed09741f"},"headline":"MDCS Mag\u00edster en Dise\u00f1o y Costrucci\u00f3n Sustentable","datePublished":"2013-04-15T19:06:47+00:00","dateModified":"2013-04-15T19:06:56+00:00","mainEntityOfPage":{"@id":"https:\/\/colegioarquitectos.com\/noticias\/?p=3840"},"wordCount":653,"commentCount":2,"publisher":{"@id":"https:\/\/colegioarquitectos.com\/noticias\/#organization"},"image":{"@id":"https:\/\/colegioarquitectos.com\/noticias\/?p=3840#primaryimage"},"thumbnailUrl":"http:\/\/colegioarquitectos.com\/noticias\/wp-content\/uploads\/2013\/04\/MDCS-UDD-CA.png","articleSection":["Cursos","Mag\u00edster","Universidades"],"inLanguage":"es","potentialAction":[{"@type":"CommentAction","name":"Comment","target":["https:\/\/colegioarquitectos.com\/noticias\/?p=3840#respond"]}]},{"@type":"WebPage","@id":"https:\/\/colegioarquitectos.com\/noticias\/?p=3840","url":"https:\/\/colegioarquitectos.com\/noticias\/?p=3840","name":"MDCS Mag\u00edster en Dise\u00f1o y Costrucci\u00f3n Sustentable - COLEGIO DE ARQUITECTOS DE CHILE","isPartOf":{"@id":"https:\/\/colegioarquitectos.com\/noticias\/#website"},"primaryImageOfPage":{"@id":"https:\/\/colegioarquitectos.com\/noticias\/?p=3840#primaryimage"},"image":{"@id":"https:\/\/colegioarquitectos.com\/noticias\/?p=3840#primaryimage"},"thumbnailUrl":"http:\/\/colegioarquitectos.com\/noticias\/wp-content\/uploads\/2013\/04\/MDCS-UDD-CA.png","datePublished":"2013-04-15T19:06:47+00:00","dateModified":"2013-04-15T19:06:56+00:00","breadcrumb":{"@id":"https:\/\/colegioarquitectos.com\/noticias\/?p=3840#breadcrumb"},"inLanguage":"es","potentialAction":[{"@type":"ReadAction","target":["https:\/\/colegioarquitectos.com\/noticias\/?p=3840"]}]},{"@type":"ImageObject","inLanguage":"es","@id":"https:\/\/colegioarquitectos.com\/noticias\/?p=3840#primaryimage","url":"https:\/\/colegioarquitectos.com\/noticias\/wp-content\/uploads\/2013\/04\/MDCS-UDD-CA.png","contentUrl":"https:\/\/colegioarquitectos.com\/noticias\/wp-content\/uploads\/2013\/04\/MDCS-UDD-CA.png","width":394,"height":214},{"@type":"BreadcrumbList","@id":"https:\/\/colegioarquitectos.com\/noticias\/?p=3840#breadcrumb","itemListElement":[{"@type":"ListItem","position":1,"name":"Portada","item":"https:\/\/colegioarquitectos.com\/noticias"},{"@type":"ListItem","position":2,"name":"MDCS Mag\u00edster en Dise\u00f1o y Costrucci\u00f3n Sustentable"}]},{"@type":"WebSite","@id":"https:\/\/colegioarquitectos.com\/noticias\/#website","url":"https:\/\/colegioarquitectos.com\/noticias\/","name":"COLEGIO DE ARQUITECTOS DE CHILE","description":"","publisher":{"@id":"https:\/\/colegioarquitectos.com\/noticias\/#organization"},"potentialAction":[{"@type":"SearchAction","target":{"@type":"EntryPoint","urlTemplate":"https:\/\/colegioarquitectos.com\/noticias\/?s={search_term_string}"},"query-input":{"@type":"PropertyValueSpecification","valueRequired":true,"valueName":"search_term_string"}}],"inLanguage":"es"},{"@type":"Organization","@id":"https:\/\/colegioarquitectos.com\/noticias\/#organization","name":"COLEGIO DE ARQUITECTOS DE CHILE","url":"https:\/\/colegioarquitectos.com\/noticias\/","logo":{"@type":"ImageObject","inLanguage":"es","@id":"https:\/\/colegioarquitectos.com\/noticias\/#\/schema\/logo\/image\/","url":"https:\/\/colegioarquitectos.com\/noticias\/wp-content\/uploads\/2021\/05\/ENCABEZADO-LOGO-CA.jpg","contentUrl":"https:\/\/colegioarquitectos.com\/noticias\/wp-content\/uploads\/2021\/05\/ENCABEZADO-LOGO-CA.jpg","width":690,"height":350,"caption":"COLEGIO DE ARQUITECTOS DE CHILE"},"image":{"@id":"https:\/\/colegioarquitectos.com\/noticias\/#\/schema\/logo\/image\/"},"sameAs":["https:\/\/facebook.com\/Colegioarq\/","https:\/\/x.com\/colegioarq","https:\/\/instagram.com\/colegioarq","https:\/\/youtube.com\/@ColegiodeArquitectosdeChile"]},{"@type":"Person","@id":"https:\/\/colegioarquitectos.com\/noticias\/#\/schema\/person\/b6c7e912cd1283c089114093ed09741f","name":"Gabriel Salgado S.","url":"https:\/\/colegioarquitectos.com\/noticias\/?author=1"}]}},"_links":{"self":[{"href":"https:\/\/colegioarquitectos.com\/noticias\/index.php?rest_route=\/wp\/v2\/posts\/3840","targetHints":{"allow":["GET"]}}],"collection":[{"href":"https:\/\/colegioarquitectos.com\/noticias\/index.php?rest_route=\/wp\/v2\/posts"}],"about":[{"href":"https:\/\/colegioarquitectos.com\/noticias\/index.php?rest_route=\/wp\/v2\/types\/post"}],"author":[{"embeddable":true,"href":"https:\/\/colegioarquitectos.com\/noticias\/index.php?rest_route=\/wp\/v2\/users\/1"}],"replies":[{"embeddable":true,"href":"https:\/\/colegioarquitectos.com\/noticias\/index.php?rest_route=%2Fwp%2Fv2%2Fcomments&post=3840"}],"version-history":[{"count":0,"href":"https:\/\/colegioarquitectos.com\/noticias\/index.php?rest_route=\/wp\/v2\/posts\/3840\/revisions"}],"wp:attachment":[{"href":"https:\/\/colegioarquitectos.com\/noticias\/index.php?rest_route=%2Fwp%2Fv2%2Fmedia&parent=3840"}],"wp:term":[{"taxonomy":"category","embeddable":true,"href":"https:\/\/colegioarquitectos.com\/noticias\/index.php?rest_route=%2Fwp%2Fv2%2Fcategories&post=3840"},{"taxonomy":"post_tag","embeddable":true,"href":"https:\/\/colegioarquitectos.com\/noticias\/index.php?rest_route=%2Fwp%2Fv2%2Ftags&post=3840"}],"curies":[{"name":"wp","href":"https:\/\/api.w.org\/{rel}","templated":true}]}}