
{"id":3956,"date":"2013-06-06T21:52:02","date_gmt":"2013-06-06T21:52:02","guid":{"rendered":"http:\/\/colegioarquitectos.com\/noticias\/?p=3956"},"modified":"2013-06-07T14:01:37","modified_gmt":"2013-06-07T14:01:37","slug":"3956","status":"publish","type":"post","link":"https:\/\/colegioarquitectos.com\/noticias\/?p=3956","title":{"rendered":"Sebasti\u00e1n Gray A. fue proclamado como nuevo Presidente Nacional del Colegio de Arquitectos de Chile"},"content":{"rendered":"<p style=\"text-align: left;\"><img loading=\"lazy\" decoding=\"async\" class=\"alignnone size-full wp-image-3957\" title=\"SGray\" src=\"http:\/\/colegioarquitectos.com\/noticias\/wp-content\/uploads\/2013\/06\/SGray.gif\" alt=\"\" width=\"567\" height=\"150\" \/><\/p>\n<p style=\"text-align: left;\">El arquitecto Sebasti\u00e1n Gray Avins fue proclamado como nuevo Presidente Nacional del Colegio de Arquitectos de Chile para el per\u00edodo 2013 &#8211; 2015, en la primera sesi\u00f3n del nuevo Directorio Nacional de la entidad recientemente elegido.<\/p>\n<p style=\"text-align: left;\">Arquitecto titulado en 1985 de la Pontificia Universidad Cat\u00f3lica de Chile, Sebasti\u00e1n Gray obtuvo la primera mayor\u00eda nacional en las elecciones realizadas por la Orden entre el 08 y el 10 de mayo del presente a\u00f1o, para la designaci\u00f3n de Directorio Nacional, Directorios Regionales y Tribunales de \u00c9tica Nacional y Regionales.<\/p>\n<p style=\"text-align: left;\"><strong>En su desarrollo profesional se destaca:<\/strong><\/p>\n<p style=\"text-align: left;\"><strong>&#8211; Master of Science, Massachusetts Institute of Technology (SMArchS, 1988)<\/strong><br \/>\n<strong> &#8211; Profesor Escuela de Arquitectura PUC desde 1993.<\/strong><br \/>\n<strong> &#8211; Socio de Bresciani Gray Arquitectos (www.BGArquitectos.cl)<\/strong><br \/>\n<strong> &#8211; Curador del Pabell\u00f3n de Chile en la Bienal de Venecia 2002, 2004 y 2010<\/strong><br \/>\n<strong> &#8211; Curador de la XVIII Bienal de Arquitectura y Territorio organizada por el Colegio de Arquitectos entre el<\/strong> <strong>30 de noviembre y el 09 de diciembre del a\u00f1o 2012, evento que convoc\u00f3 a arquitectos nacionales e<\/strong> <strong>internacionales bajo el lema ARQUITECTURA Y TERRITORIO.<\/strong><br \/>\n<strong> &#8211; Presidente Nacional del Colegio de Arquitectos de Chile para el per\u00edodo 2013-2015.<\/strong><\/p>\n<p style=\"text-align: left;\">En su postulaci\u00f3n como candidato al Directorio, el Arq. Gray manifest\u00f3 que su experiencia de un a\u00f1o de trabajo voluntario como curador de la XVIII Bienal le permiti\u00f3 comprender una realidad institucional y operativa del CA que tal vez dif\u00edcilmente es advertida desde el mundo exterior: \u201cSe trata de una organizaci\u00f3n hist\u00f3rica, prestigiosa, llena de orgullo y buenas intenciones, pero tan precaria e inorg\u00e1nica que lamentablemente logra escaso impacto en la opini\u00f3n p\u00fablica, precisamente cuando m\u00e1s se necesita. Ni la Bienal, ni la Revista, ni el abnegado trabajo del Directorio, Comit\u00e9s y Delegaciones Zonales logran representar hoy con suficiente energ\u00eda las consideraciones de nuestra profesi\u00f3n en las esferas pol\u00edticas,<br \/>\nadministrativas, educativas e intelectuales del pa\u00eds.\u201d<\/p>\n<p style=\"text-align: left;\">Expres\u00f3 tambi\u00e9n: \u201cEl Colegio de Arquitectos tiene la responsabilidad y la oportunidad privilegiada de influir en el debate p\u00fablico de la ciudad y la arquitectura, en un momento muy particular de nuestra historia en que ese debate p\u00fablico es dram\u00e1ticamente urgente.\u201d A su juicio, hoy d\u00eda la Orden puede trabajar arduamente con el esfuerzo radical y concertado de nuevos protagonistas, y especialmente de nuevos colegiados j\u00f3venes. Por lo mismo, una de sus metas es animar a los j\u00f3venes a incorporarse a la actividad gremial a trav\u00e9s de su Colegio Profesional.<\/p>\n<p style=\"text-align: left;\"><strong>Otras actividades:<\/strong><br \/>\n&#8211; Director Fundaci\u00f3n Iguales, desde 2011 (www.Iguales.cl)<br \/>\n&#8211; Columnista en diario El Mercurio (2005\u20142007, 2012\u20142013), diario La Naci\u00f3n (2005\u20142006), colaborador en diversos medios period\u00edsticos y autor de numerosas publicaciones.<br \/>\n&#8211; Jurado Nacional FONDART (2006-2007, 2009-2010)<br \/>\n&#8211; Miembro del C\u00edrculo de Cronistas Gastron\u00f3micos de Chile (AG) desde 1994<\/p>\n<p style=\"text-align: left;\"><strong>Nuevo Directorio Nacional:<\/strong><br \/>\nEl nuevo Directorio qued\u00f3 integrado por Sebasti\u00e1n Gray Avins, como Presidente Nacional; Valeria Catafau Zegers, como Vicepresidente de Asuntos Internos;, Pablo Altikes Pinilla, Vicepresidente de Asuntos Externos; Jos\u00e9 Rosas Vera, Secretario General; Ximena B\u00f3rquez Dom\u00ednguez, Directora Tesorera; Luis Eduardo Bresciani Prieto, como Past Presidente, y los Directores Nacionales B\u00e1rbara Aguirre Balmelli, Enrique Barba Campos, Agust\u00edn Infante Barros, Cecilia Leiva Mu\u00f1oz y Nelson Morgado Larra\u00f1aga.<\/p>\n<p style=\"text-align: left;\">\u00a0<strong>Santiago, 06 de Junio de 2013<\/strong><\/p>\n<p style=\"text-align: left;\"><strong>DIRECTORIO NACIONAL COLEGIO DE ARQUITECTOS DE CHILE<\/strong><\/p>\n<p><a href=\"http:\/\/colegioarquitectos.com\/noticias\/wp-content\/uploads\/2013\/06\/ComunicadoDN2013.pdf\" target=\"_blank\">Descarga Comunicado pdf.<\/a><\/p>\n<p><\/p>","protected":false},"excerpt":{"rendered":"<p>El arquitecto Sebasti\u00e1n Gray Avins fue proclamado como nuevo Presidente Nacional del Colegio de Arquitectos de Chile para el per\u00edodo 2013 &#8211; 2015, en la primera sesi\u00f3n del nuevo Directorio Nacional de la entidad recientemente elegido. Arquitecto titulado en 1985 &hellip; <a class=\"more-link\" href=\"https:\/\/colegioarquitectos.com\/noticias\/?p=3956\">ver m\u00e1s<\/a><\/p>","protected":false},"author":1,"featured_media":3965,"comment_status":"open","ping_status":"open","sticky":false,"template":"","format":"standard","meta":{"footnotes":""},"categories":[8,7,3],"tags":[],"class_list":["post-3956","post","type-post","status-publish","format-standard","has-post-thumbnail","hentry","category-colegio-de-arquitectos","category-declaraciones","category-noticias"],"yoast_head":"<!-- This site is optimized with the Yoast SEO plugin v24.2 - https:\/\/yoast.com\/wordpress\/plugins\/seo\/ -->\n<title>Sebasti\u00e1n Gray A. fue proclamado como nuevo Presidente Nacional del Colegio de Arquitectos de Chile - COLEGIO DE ARQUITECTOS DE CHILE<\/title>\n<meta name=\"robots\" content=\"index, follow, max-snippet:-1, max-image-preview:large, max-video-preview:-1\" \/>\n<link rel=\"canonical\" href=\"https:\/\/colegioarquitectos.com\/noticias\/?p=3956\" \/>\n<meta property=\"og:locale\" content=\"es_ES\" \/>\n<meta property=\"og:type\" content=\"article\" \/>\n<meta property=\"og:title\" content=\"Sebasti\u00e1n Gray A. fue proclamado como nuevo Presidente Nacional del Colegio de Arquitectos de Chile - COLEGIO DE ARQUITECTOS DE CHILE\" \/>\n<meta property=\"og:description\" content=\"El arquitecto Sebasti\u00e1n Gray Avins fue proclamado como nuevo Presidente Nacional del Colegio de Arquitectos de Chile para el per\u00edodo 2013 &#8211; 2015, en la primera sesi\u00f3n del nuevo Directorio Nacional de la entidad recientemente elegido. Arquitecto titulado en 1985 &hellip; ver m\u00e1s\" \/>\n<meta property=\"og:url\" content=\"https:\/\/colegioarquitectos.com\/noticias\/?p=3956\" \/>\n<meta property=\"og:site_name\" content=\"COLEGIO DE ARQUITECTOS DE CHILE\" \/>\n<meta property=\"article:publisher\" content=\"https:\/\/facebook.com\/Colegioarq\/\" \/>\n<meta property=\"article:published_time\" content=\"2013-06-06T21:52:02+00:00\" \/>\n<meta property=\"article:modified_time\" content=\"2013-06-07T14:01:37+00:00\" \/>\n<meta property=\"og:image\" content=\"https:\/\/colegioarquitectos.com\/noticias\/wp-content\/uploads\/2013\/06\/SoloGray.gif\" \/>\n\t<meta property=\"og:image:width\" content=\"150\" \/>\n\t<meta property=\"og:image:height\" content=\"150\" \/>\n\t<meta property=\"og:image:type\" content=\"image\/gif\" \/>\n<meta name=\"author\" content=\"Gabriel Salgado S.\" \/>\n<meta name=\"twitter:card\" content=\"summary_large_image\" \/>\n<meta name=\"twitter:creator\" content=\"@colegioarq\" \/>\n<meta name=\"twitter:site\" content=\"@colegioarq\" \/>\n<meta name=\"twitter:label1\" content=\"Escrito por\" \/>\n\t<meta name=\"twitter:data1\" content=\"Gabriel Salgado S.\" \/>\n\t<meta name=\"twitter:label2\" content=\"Tiempo de lectura\" \/>\n\t<meta name=\"twitter:data2\" content=\"3 minutos\" \/>\n<script type=\"application\/ld+json\" class=\"yoast-schema-graph\">{\"@context\":\"https:\/\/schema.org\",\"@graph\":[{\"@type\":\"Article\",\"@id\":\"https:\/\/colegioarquitectos.com\/noticias\/?p=3956#article\",\"isPartOf\":{\"@id\":\"https:\/\/colegioarquitectos.com\/noticias\/?p=3956\"},\"author\":{\"name\":\"Gabriel Salgado S.\",\"@id\":\"https:\/\/colegioarquitectos.com\/noticias\/#\/schema\/person\/b6c7e912cd1283c089114093ed09741f\"},\"headline\":\"Sebasti\u00e1n Gray A. fue proclamado como nuevo Presidente Nacional del Colegio de Arquitectos de Chile\",\"datePublished\":\"2013-06-06T21:52:02+00:00\",\"dateModified\":\"2013-06-07T14:01:37+00:00\",\"mainEntityOfPage\":{\"@id\":\"https:\/\/colegioarquitectos.com\/noticias\/?p=3956\"},\"wordCount\":571,\"commentCount\":2,\"publisher\":{\"@id\":\"https:\/\/colegioarquitectos.com\/noticias\/#organization\"},\"image\":{\"@id\":\"https:\/\/colegioarquitectos.com\/noticias\/?p=3956#primaryimage\"},\"thumbnailUrl\":\"https:\/\/colegioarquitectos.com\/noticias\/wp-content\/uploads\/2013\/06\/SoloGray.gif\",\"articleSection\":[\"Colegio\",\"Declaraciones\",\"Noticias\"],\"inLanguage\":\"es\",\"potentialAction\":[{\"@type\":\"CommentAction\",\"name\":\"Comment\",\"target\":[\"https:\/\/colegioarquitectos.com\/noticias\/?p=3956#respond\"]}]},{\"@type\":\"WebPage\",\"@id\":\"https:\/\/colegioarquitectos.com\/noticias\/?p=3956\",\"url\":\"https:\/\/colegioarquitectos.com\/noticias\/?p=3956\",\"name\":\"Sebasti\u00e1n Gray A. fue proclamado como nuevo Presidente Nacional del Colegio de Arquitectos de Chile - COLEGIO DE ARQUITECTOS DE CHILE\",\"isPartOf\":{\"@id\":\"https:\/\/colegioarquitectos.com\/noticias\/#website\"},\"primaryImageOfPage\":{\"@id\":\"https:\/\/colegioarquitectos.com\/noticias\/?p=3956#primaryimage\"},\"image\":{\"@id\":\"https:\/\/colegioarquitectos.com\/noticias\/?p=3956#primaryimage\"},\"thumbnailUrl\":\"https:\/\/colegioarquitectos.com\/noticias\/wp-content\/uploads\/2013\/06\/SoloGray.gif\",\"datePublished\":\"2013-06-06T21:52:02+00:00\",\"dateModified\":\"2013-06-07T14:01:37+00:00\",\"breadcrumb\":{\"@id\":\"https:\/\/colegioarquitectos.com\/noticias\/?p=3956#breadcrumb\"},\"inLanguage\":\"es\",\"potentialAction\":[{\"@type\":\"ReadAction\",\"target\":[\"https:\/\/colegioarquitectos.com\/noticias\/?p=3956\"]}]},{\"@type\":\"ImageObject\",\"inLanguage\":\"es\",\"@id\":\"https:\/\/colegioarquitectos.com\/noticias\/?p=3956#primaryimage\",\"url\":\"https:\/\/colegioarquitectos.com\/noticias\/wp-content\/uploads\/2013\/06\/SoloGray.gif\",\"contentUrl\":\"https:\/\/colegioarquitectos.com\/noticias\/wp-content\/uploads\/2013\/06\/SoloGray.gif\",\"width\":150,\"height\":150},{\"@type\":\"BreadcrumbList\",\"@id\":\"https:\/\/colegioarquitectos.com\/noticias\/?p=3956#breadcrumb\",\"itemListElement\":[{\"@type\":\"ListItem\",\"position\":1,\"name\":\"Portada\",\"item\":\"https:\/\/colegioarquitectos.com\/noticias\"},{\"@type\":\"ListItem\",\"position\":2,\"name\":\"Sebasti\u00e1n Gray A. fue proclamado como nuevo Presidente Nacional del Colegio de Arquitectos de Chile\"}]},{\"@type\":\"WebSite\",\"@id\":\"https:\/\/colegioarquitectos.com\/noticias\/#website\",\"url\":\"https:\/\/colegioarquitectos.com\/noticias\/\",\"name\":\"COLEGIO DE ARQUITECTOS DE CHILE\",\"description\":\"\",\"publisher\":{\"@id\":\"https:\/\/colegioarquitectos.com\/noticias\/#organization\"},\"potentialAction\":[{\"@type\":\"SearchAction\",\"target\":{\"@type\":\"EntryPoint\",\"urlTemplate\":\"https:\/\/colegioarquitectos.com\/noticias\/?s={search_term_string}\"},\"query-input\":{\"@type\":\"PropertyValueSpecification\",\"valueRequired\":true,\"valueName\":\"search_term_string\"}}],\"inLanguage\":\"es\"},{\"@type\":\"Organization\",\"@id\":\"https:\/\/colegioarquitectos.com\/noticias\/#organization\",\"name\":\"COLEGIO DE ARQUITECTOS DE CHILE\",\"url\":\"https:\/\/colegioarquitectos.com\/noticias\/\",\"logo\":{\"@type\":\"ImageObject\",\"inLanguage\":\"es\",\"@id\":\"https:\/\/colegioarquitectos.com\/noticias\/#\/schema\/logo\/image\/\",\"url\":\"https:\/\/colegioarquitectos.com\/noticias\/wp-content\/uploads\/2021\/05\/ENCABEZADO-LOGO-CA.jpg\",\"contentUrl\":\"https:\/\/colegioarquitectos.com\/noticias\/wp-content\/uploads\/2021\/05\/ENCABEZADO-LOGO-CA.jpg\",\"width\":690,\"height\":350,\"caption\":\"COLEGIO DE ARQUITECTOS DE CHILE\"},\"image\":{\"@id\":\"https:\/\/colegioarquitectos.com\/noticias\/#\/schema\/logo\/image\/\"},\"sameAs\":[\"https:\/\/facebook.com\/Colegioarq\/\",\"https:\/\/x.com\/colegioarq\",\"https:\/\/instagram.com\/colegioarq\",\"https:\/\/youtube.com\/@ColegiodeArquitectosdeChile\"]},{\"@type\":\"Person\",\"@id\":\"https:\/\/colegioarquitectos.com\/noticias\/#\/schema\/person\/b6c7e912cd1283c089114093ed09741f\",\"name\":\"Gabriel Salgado S.\",\"url\":\"https:\/\/colegioarquitectos.com\/noticias\/?author=1\"}]}<\/script>\n<!-- \/ Yoast SEO plugin. -->","yoast_head_json":{"title":"Sebasti\u00e1n Gray A. fue proclamado como nuevo Presidente Nacional del Colegio de Arquitectos de Chile - COLEGIO DE ARQUITECTOS DE CHILE","robots":{"index":"index","follow":"follow","max-snippet":"max-snippet:-1","max-image-preview":"max-image-preview:large","max-video-preview":"max-video-preview:-1"},"canonical":"https:\/\/colegioarquitectos.com\/noticias\/?p=3956","og_locale":"es_ES","og_type":"article","og_title":"Sebasti\u00e1n Gray A. fue proclamado como nuevo Presidente Nacional del Colegio de Arquitectos de Chile - COLEGIO DE ARQUITECTOS DE CHILE","og_description":"El arquitecto Sebasti\u00e1n Gray Avins fue proclamado como nuevo Presidente Nacional del Colegio de Arquitectos de Chile para el per\u00edodo 2013 &#8211; 2015, en la primera sesi\u00f3n del nuevo Directorio Nacional de la entidad recientemente elegido. Arquitecto titulado en 1985 &hellip; ver m\u00e1s","og_url":"https:\/\/colegioarquitectos.com\/noticias\/?p=3956","og_site_name":"COLEGIO DE ARQUITECTOS DE CHILE","article_publisher":"https:\/\/facebook.com\/Colegioarq\/","article_published_time":"2013-06-06T21:52:02+00:00","article_modified_time":"2013-06-07T14:01:37+00:00","og_image":[{"width":150,"height":150,"url":"https:\/\/colegioarquitectos.com\/noticias\/wp-content\/uploads\/2013\/06\/SoloGray.gif","type":"image\/gif"}],"author":"Gabriel Salgado S.","twitter_card":"summary_large_image","twitter_creator":"@colegioarq","twitter_site":"@colegioarq","twitter_misc":{"Escrito por":"Gabriel Salgado S.","Tiempo de lectura":"3 minutos"},"schema":{"@context":"https:\/\/schema.org","@graph":[{"@type":"Article","@id":"https:\/\/colegioarquitectos.com\/noticias\/?p=3956#article","isPartOf":{"@id":"https:\/\/colegioarquitectos.com\/noticias\/?p=3956"},"author":{"name":"Gabriel Salgado S.","@id":"https:\/\/colegioarquitectos.com\/noticias\/#\/schema\/person\/b6c7e912cd1283c089114093ed09741f"},"headline":"Sebasti\u00e1n Gray A. fue proclamado como nuevo Presidente Nacional del Colegio de Arquitectos de Chile","datePublished":"2013-06-06T21:52:02+00:00","dateModified":"2013-06-07T14:01:37+00:00","mainEntityOfPage":{"@id":"https:\/\/colegioarquitectos.com\/noticias\/?p=3956"},"wordCount":571,"commentCount":2,"publisher":{"@id":"https:\/\/colegioarquitectos.com\/noticias\/#organization"},"image":{"@id":"https:\/\/colegioarquitectos.com\/noticias\/?p=3956#primaryimage"},"thumbnailUrl":"https:\/\/colegioarquitectos.com\/noticias\/wp-content\/uploads\/2013\/06\/SoloGray.gif","articleSection":["Colegio","Declaraciones","Noticias"],"inLanguage":"es","potentialAction":[{"@type":"CommentAction","name":"Comment","target":["https:\/\/colegioarquitectos.com\/noticias\/?p=3956#respond"]}]},{"@type":"WebPage","@id":"https:\/\/colegioarquitectos.com\/noticias\/?p=3956","url":"https:\/\/colegioarquitectos.com\/noticias\/?p=3956","name":"Sebasti\u00e1n Gray A. fue proclamado como nuevo Presidente Nacional del Colegio de Arquitectos de Chile - COLEGIO DE ARQUITECTOS DE CHILE","isPartOf":{"@id":"https:\/\/colegioarquitectos.com\/noticias\/#website"},"primaryImageOfPage":{"@id":"https:\/\/colegioarquitectos.com\/noticias\/?p=3956#primaryimage"},"image":{"@id":"https:\/\/colegioarquitectos.com\/noticias\/?p=3956#primaryimage"},"thumbnailUrl":"https:\/\/colegioarquitectos.com\/noticias\/wp-content\/uploads\/2013\/06\/SoloGray.gif","datePublished":"2013-06-06T21:52:02+00:00","dateModified":"2013-06-07T14:01:37+00:00","breadcrumb":{"@id":"https:\/\/colegioarquitectos.com\/noticias\/?p=3956#breadcrumb"},"inLanguage":"es","potentialAction":[{"@type":"ReadAction","target":["https:\/\/colegioarquitectos.com\/noticias\/?p=3956"]}]},{"@type":"ImageObject","inLanguage":"es","@id":"https:\/\/colegioarquitectos.com\/noticias\/?p=3956#primaryimage","url":"https:\/\/colegioarquitectos.com\/noticias\/wp-content\/uploads\/2013\/06\/SoloGray.gif","contentUrl":"https:\/\/colegioarquitectos.com\/noticias\/wp-content\/uploads\/2013\/06\/SoloGray.gif","width":150,"height":150},{"@type":"BreadcrumbList","@id":"https:\/\/colegioarquitectos.com\/noticias\/?p=3956#breadcrumb","itemListElement":[{"@type":"ListItem","position":1,"name":"Portada","item":"https:\/\/colegioarquitectos.com\/noticias"},{"@type":"ListItem","position":2,"name":"Sebasti\u00e1n Gray A. fue proclamado como nuevo Presidente Nacional del Colegio de Arquitectos de Chile"}]},{"@type":"WebSite","@id":"https:\/\/colegioarquitectos.com\/noticias\/#website","url":"https:\/\/colegioarquitectos.com\/noticias\/","name":"COLEGIO DE ARQUITECTOS DE CHILE","description":"","publisher":{"@id":"https:\/\/colegioarquitectos.com\/noticias\/#organization"},"potentialAction":[{"@type":"SearchAction","target":{"@type":"EntryPoint","urlTemplate":"https:\/\/colegioarquitectos.com\/noticias\/?s={search_term_string}"},"query-input":{"@type":"PropertyValueSpecification","valueRequired":true,"valueName":"search_term_string"}}],"inLanguage":"es"},{"@type":"Organization","@id":"https:\/\/colegioarquitectos.com\/noticias\/#organization","name":"COLEGIO DE ARQUITECTOS DE CHILE","url":"https:\/\/colegioarquitectos.com\/noticias\/","logo":{"@type":"ImageObject","inLanguage":"es","@id":"https:\/\/colegioarquitectos.com\/noticias\/#\/schema\/logo\/image\/","url":"https:\/\/colegioarquitectos.com\/noticias\/wp-content\/uploads\/2021\/05\/ENCABEZADO-LOGO-CA.jpg","contentUrl":"https:\/\/colegioarquitectos.com\/noticias\/wp-content\/uploads\/2021\/05\/ENCABEZADO-LOGO-CA.jpg","width":690,"height":350,"caption":"COLEGIO DE ARQUITECTOS DE CHILE"},"image":{"@id":"https:\/\/colegioarquitectos.com\/noticias\/#\/schema\/logo\/image\/"},"sameAs":["https:\/\/facebook.com\/Colegioarq\/","https:\/\/x.com\/colegioarq","https:\/\/instagram.com\/colegioarq","https:\/\/youtube.com\/@ColegiodeArquitectosdeChile"]},{"@type":"Person","@id":"https:\/\/colegioarquitectos.com\/noticias\/#\/schema\/person\/b6c7e912cd1283c089114093ed09741f","name":"Gabriel Salgado S.","url":"https:\/\/colegioarquitectos.com\/noticias\/?author=1"}]}},"_links":{"self":[{"href":"https:\/\/colegioarquitectos.com\/noticias\/index.php?rest_route=\/wp\/v2\/posts\/3956","targetHints":{"allow":["GET"]}}],"collection":[{"href":"https:\/\/colegioarquitectos.com\/noticias\/index.php?rest_route=\/wp\/v2\/posts"}],"about":[{"href":"https:\/\/colegioarquitectos.com\/noticias\/index.php?rest_route=\/wp\/v2\/types\/post"}],"author":[{"embeddable":true,"href":"https:\/\/colegioarquitectos.com\/noticias\/index.php?rest_route=\/wp\/v2\/users\/1"}],"replies":[{"embeddable":true,"href":"https:\/\/colegioarquitectos.com\/noticias\/index.php?rest_route=%2Fwp%2Fv2%2Fcomments&post=3956"}],"version-history":[{"count":0,"href":"https:\/\/colegioarquitectos.com\/noticias\/index.php?rest_route=\/wp\/v2\/posts\/3956\/revisions"}],"wp:featuredmedia":[{"embeddable":true,"href":"https:\/\/colegioarquitectos.com\/noticias\/index.php?rest_route=\/wp\/v2\/media\/3965"}],"wp:attachment":[{"href":"https:\/\/colegioarquitectos.com\/noticias\/index.php?rest_route=%2Fwp%2Fv2%2Fmedia&parent=3956"}],"wp:term":[{"taxonomy":"category","embeddable":true,"href":"https:\/\/colegioarquitectos.com\/noticias\/index.php?rest_route=%2Fwp%2Fv2%2Fcategories&post=3956"},{"taxonomy":"post_tag","embeddable":true,"href":"https:\/\/colegioarquitectos.com\/noticias\/index.php?rest_route=%2Fwp%2Fv2%2Ftags&post=3956"}],"curies":[{"name":"wp","href":"https:\/\/api.w.org\/{rel}","templated":true}]}}