
{"id":40,"date":"2011-12-27T17:30:33","date_gmt":"2011-12-27T17:30:33","guid":{"rendered":"http:\/\/colegioarquitectos.com\/noticias\/?p=40"},"modified":"2011-12-28T17:06:15","modified_gmt":"2011-12-28T17:06:15","slug":"ds-n60-y-61-oficializan-importantes-decretos-relacionados-a-diseno-sismico","status":"publish","type":"post","link":"https:\/\/colegioarquitectos.com\/noticias\/?p=40","title":{"rendered":"DS N\u00b060 y 61: Oficializan importantes decretos relacionados a dise\u00f1o s\u00edsmico"},"content":{"rendered":"<p>&nbsp;<\/p>\n<p>El 13 de diciembre fueron publicados en el Diario Oficial los Decretos Supremos 60 y 61, documentos muy significativos para el sector de la construcci\u00f3n. El contenido t\u00e9cnico de ellos fue elaborado por los Comit\u00e9 de actualizaci\u00f3n de las NCh430 y NCh433, del Instituto de la Construcci\u00f3n -IC, a pedido de la Divisi\u00f3n T\u00e9cnica de Estudios y Fomento Habitacional \u2013 DITEC-, que modifican los Decretos 118 y 117, respectivamente.<\/p>\n<p>&nbsp;<\/p>\n<p>El presidente del Comit\u00e9 de actualizaci\u00f3n de la NCh430\u00a0 del Instituto de la Construcci\u00f3n y Director del IDIEM Fernando Y\u00e1\u00f1ez, se\u00f1al\u00f3 que \u201cel nuevo decreto permitir\u00e1 una agilizaci\u00f3n en el sector que estaba a la espera de las modificaciones, ya que los DS.118 y DS.117, aumentaban\u00a0 el costo en la construcci\u00f3n de edificios\u201d.<\/p>\n<p>&nbsp;<\/p>\n<p>Asimismo, el presidente del Comit\u00e9 de actualizaci\u00f3n de la NCh433, de IC, Ingeniero Civil Estructural, Tom\u00e1s Guendelman, destac\u00f3 la importancia de los nuevos decretos para seguir en la senda del proyecto de actualizaci\u00f3n de la\u00a0 norma NCh433. \u201cAl llevar este decreto supremo 117 a la pr\u00e1ctica se observ\u00f3 que los costos de las construcciones aumentaban considerablemente, que los espesores de los muros resultaban inadmisibles para las condiciones normales de la construcci\u00f3n en Chile, inhabilitando la reactivaci\u00f3n del sector. As\u00ed se modific\u00f3 el decreto supremo para destrabar la crisis en la construcci\u00f3n, sin restarle el m\u00e9rito a lo aprendido con el terremoto, y ese es el contenido del DS. 61\u201d.<\/p>\n<p>&nbsp;<\/p>\n<p>Cabe se\u00f1alar que en enero de 2011, la entonces ministra de Vivienda y Urbanismo, Magdalena Matte, solicit\u00f3 al Instituto de la Construcci\u00f3n que constituyera los comit\u00e9s para que elaboraran una propuesta de proyecto para la actualizaci\u00f3n de las Normas NCh430.Of1996 Mod. 2009 \u201cDise\u00f1o S\u00edsmico de Edificios\u201d y NCh433.Of2008 \u201cHormig\u00f3n Armado\u201d.<\/p>\n<p>&nbsp;<\/p>\n<p>Sin embargo, los Comit\u00e9 constituidos bajo el alero del Instituto de la Construcci\u00f3n, para elaborar las propuestas normativas, constataron las dificultades detectadas en la aplicaci\u00f3n de los Decretos transitorios 118 y 117 en varios tipos de proyectos, y acordaron que la situaci\u00f3n ameritaba una r\u00e1pida reacci\u00f3n, por lo que se propuso, y seguidamente se concord\u00f3 con el Ministerio de Vivienda y Urbanismo, abocarse de manera urgente a resolver los problemas que dificultaban seriamente el c\u00e1lculo estructural de un importante n\u00famero de proyectos.<\/p>\n<p>&nbsp;<\/p>\n<p>De esta manera, se elaboraron las propuestas t\u00e9cnicas de los Decretos 60 y 61 que modifican los Decretos 118 y 117, y servir\u00e1n de base para continuar con el proceso normativo regular, y arribar a la definitiva actualizaci\u00f3n de las Normas T\u00e9cnicas NCh430 y NCh433, objetivo que es factible lograr en el curso del a\u00f1o 2012.\u00a0 \u201cEsperaremos un tiempo razonable para operen los nuevos decretos y ver si en su uso aparecen algunas dificultades, de modo de enviar el borrador de norma NCh430 a consulta p\u00fablica durante el primer semestre de 2012\u201d, puntualiz\u00f3 Fernando Y\u00e1\u00f1ez.\u00a0 Similar suerte se espera con el proyecto de actualizaci\u00f3n de la norma NCh433.<\/p>\n<p><\/p>","protected":false},"excerpt":{"rendered":"<p>&nbsp; El 13 de diciembre fueron publicados en el Diario Oficial los Decretos Supremos 60 y 61, documentos muy significativos para el sector de la construcci\u00f3n. El contenido t\u00e9cnico de ellos fue elaborado por los Comit\u00e9 de actualizaci\u00f3n de las &hellip; <a class=\"more-link\" href=\"https:\/\/colegioarquitectos.com\/noticias\/?p=40\">ver m\u00e1s<\/a><\/p>","protected":false},"author":1,"featured_media":0,"comment_status":"open","ping_status":"open","sticky":false,"template":"","format":"standard","meta":{"footnotes":""},"categories":[3],"tags":[],"class_list":["post-40","post","type-post","status-publish","format-standard","hentry","category-noticias"],"yoast_head":"<!-- This site is optimized with the Yoast SEO plugin v24.2 - https:\/\/yoast.com\/wordpress\/plugins\/seo\/ -->\n<title>DS N\u00b060 y 61: Oficializan importantes decretos relacionados a dise\u00f1o s\u00edsmico - COLEGIO DE ARQUITECTOS DE CHILE<\/title>\n<meta name=\"robots\" content=\"index, follow, max-snippet:-1, max-image-preview:large, max-video-preview:-1\" \/>\n<link rel=\"canonical\" href=\"https:\/\/colegioarquitectos.com\/noticias\/?p=40\" \/>\n<meta property=\"og:locale\" content=\"es_ES\" \/>\n<meta property=\"og:type\" content=\"article\" \/>\n<meta property=\"og:title\" content=\"DS N\u00b060 y 61: Oficializan importantes decretos relacionados a dise\u00f1o s\u00edsmico - COLEGIO DE ARQUITECTOS DE CHILE\" \/>\n<meta property=\"og:description\" content=\"&nbsp; El 13 de diciembre fueron publicados en el Diario Oficial los Decretos Supremos 60 y 61, documentos muy significativos para el sector de la construcci\u00f3n. El contenido t\u00e9cnico de ellos fue elaborado por los Comit\u00e9 de actualizaci\u00f3n de las &hellip; ver m\u00e1s\" \/>\n<meta property=\"og:url\" content=\"https:\/\/colegioarquitectos.com\/noticias\/?p=40\" \/>\n<meta property=\"og:site_name\" content=\"COLEGIO DE ARQUITECTOS DE CHILE\" \/>\n<meta property=\"article:publisher\" content=\"https:\/\/facebook.com\/Colegioarq\/\" \/>\n<meta property=\"article:published_time\" content=\"2011-12-27T17:30:33+00:00\" \/>\n<meta property=\"article:modified_time\" content=\"2011-12-28T17:06:15+00:00\" \/>\n<meta name=\"author\" content=\"Gabriel Salgado S.\" \/>\n<meta name=\"twitter:card\" content=\"summary_large_image\" \/>\n<meta name=\"twitter:creator\" content=\"@colegioarq\" \/>\n<meta name=\"twitter:site\" content=\"@colegioarq\" \/>\n<meta name=\"twitter:label1\" content=\"Escrito por\" \/>\n\t<meta name=\"twitter:data1\" content=\"Gabriel Salgado S.\" \/>\n\t<meta name=\"twitter:label2\" content=\"Tiempo de lectura\" \/>\n\t<meta name=\"twitter:data2\" content=\"3 minutos\" \/>\n<script type=\"application\/ld+json\" class=\"yoast-schema-graph\">{\"@context\":\"https:\/\/schema.org\",\"@graph\":[{\"@type\":\"Article\",\"@id\":\"https:\/\/colegioarquitectos.com\/noticias\/?p=40#article\",\"isPartOf\":{\"@id\":\"https:\/\/colegioarquitectos.com\/noticias\/?p=40\"},\"author\":{\"name\":\"Gabriel Salgado S.\",\"@id\":\"https:\/\/colegioarquitectos.com\/noticias\/#\/schema\/person\/b6c7e912cd1283c089114093ed09741f\"},\"headline\":\"DS N\u00b060 y 61: Oficializan importantes decretos relacionados a dise\u00f1o s\u00edsmico\",\"datePublished\":\"2011-12-27T17:30:33+00:00\",\"dateModified\":\"2011-12-28T17:06:15+00:00\",\"mainEntityOfPage\":{\"@id\":\"https:\/\/colegioarquitectos.com\/noticias\/?p=40\"},\"wordCount\":515,\"commentCount\":0,\"publisher\":{\"@id\":\"https:\/\/colegioarquitectos.com\/noticias\/#organization\"},\"articleSection\":[\"Noticias\"],\"inLanguage\":\"es\",\"potentialAction\":[{\"@type\":\"CommentAction\",\"name\":\"Comment\",\"target\":[\"https:\/\/colegioarquitectos.com\/noticias\/?p=40#respond\"]}]},{\"@type\":\"WebPage\",\"@id\":\"https:\/\/colegioarquitectos.com\/noticias\/?p=40\",\"url\":\"https:\/\/colegioarquitectos.com\/noticias\/?p=40\",\"name\":\"DS N\u00b060 y 61: Oficializan importantes decretos relacionados a dise\u00f1o s\u00edsmico - COLEGIO DE ARQUITECTOS DE CHILE\",\"isPartOf\":{\"@id\":\"https:\/\/colegioarquitectos.com\/noticias\/#website\"},\"datePublished\":\"2011-12-27T17:30:33+00:00\",\"dateModified\":\"2011-12-28T17:06:15+00:00\",\"breadcrumb\":{\"@id\":\"https:\/\/colegioarquitectos.com\/noticias\/?p=40#breadcrumb\"},\"inLanguage\":\"es\",\"potentialAction\":[{\"@type\":\"ReadAction\",\"target\":[\"https:\/\/colegioarquitectos.com\/noticias\/?p=40\"]}]},{\"@type\":\"BreadcrumbList\",\"@id\":\"https:\/\/colegioarquitectos.com\/noticias\/?p=40#breadcrumb\",\"itemListElement\":[{\"@type\":\"ListItem\",\"position\":1,\"name\":\"Portada\",\"item\":\"https:\/\/colegioarquitectos.com\/noticias\"},{\"@type\":\"ListItem\",\"position\":2,\"name\":\"DS N\u00b060 y 61: Oficializan importantes decretos relacionados a dise\u00f1o s\u00edsmico\"}]},{\"@type\":\"WebSite\",\"@id\":\"https:\/\/colegioarquitectos.com\/noticias\/#website\",\"url\":\"https:\/\/colegioarquitectos.com\/noticias\/\",\"name\":\"COLEGIO DE ARQUITECTOS DE CHILE\",\"description\":\"\",\"publisher\":{\"@id\":\"https:\/\/colegioarquitectos.com\/noticias\/#organization\"},\"potentialAction\":[{\"@type\":\"SearchAction\",\"target\":{\"@type\":\"EntryPoint\",\"urlTemplate\":\"https:\/\/colegioarquitectos.com\/noticias\/?s={search_term_string}\"},\"query-input\":{\"@type\":\"PropertyValueSpecification\",\"valueRequired\":true,\"valueName\":\"search_term_string\"}}],\"inLanguage\":\"es\"},{\"@type\":\"Organization\",\"@id\":\"https:\/\/colegioarquitectos.com\/noticias\/#organization\",\"name\":\"COLEGIO DE ARQUITECTOS DE CHILE\",\"url\":\"https:\/\/colegioarquitectos.com\/noticias\/\",\"logo\":{\"@type\":\"ImageObject\",\"inLanguage\":\"es\",\"@id\":\"https:\/\/colegioarquitectos.com\/noticias\/#\/schema\/logo\/image\/\",\"url\":\"https:\/\/colegioarquitectos.com\/noticias\/wp-content\/uploads\/2021\/05\/ENCABEZADO-LOGO-CA.jpg\",\"contentUrl\":\"https:\/\/colegioarquitectos.com\/noticias\/wp-content\/uploads\/2021\/05\/ENCABEZADO-LOGO-CA.jpg\",\"width\":690,\"height\":350,\"caption\":\"COLEGIO DE ARQUITECTOS DE CHILE\"},\"image\":{\"@id\":\"https:\/\/colegioarquitectos.com\/noticias\/#\/schema\/logo\/image\/\"},\"sameAs\":[\"https:\/\/facebook.com\/Colegioarq\/\",\"https:\/\/x.com\/colegioarq\",\"https:\/\/instagram.com\/colegioarq\",\"https:\/\/youtube.com\/@ColegiodeArquitectosdeChile\"]},{\"@type\":\"Person\",\"@id\":\"https:\/\/colegioarquitectos.com\/noticias\/#\/schema\/person\/b6c7e912cd1283c089114093ed09741f\",\"name\":\"Gabriel Salgado S.\",\"url\":\"https:\/\/colegioarquitectos.com\/noticias\/?author=1\"}]}<\/script>\n<!-- \/ Yoast SEO plugin. -->","yoast_head_json":{"title":"DS N\u00b060 y 61: Oficializan importantes decretos relacionados a dise\u00f1o s\u00edsmico - COLEGIO DE ARQUITECTOS DE CHILE","robots":{"index":"index","follow":"follow","max-snippet":"max-snippet:-1","max-image-preview":"max-image-preview:large","max-video-preview":"max-video-preview:-1"},"canonical":"https:\/\/colegioarquitectos.com\/noticias\/?p=40","og_locale":"es_ES","og_type":"article","og_title":"DS N\u00b060 y 61: Oficializan importantes decretos relacionados a dise\u00f1o s\u00edsmico - COLEGIO DE ARQUITECTOS DE CHILE","og_description":"&nbsp; El 13 de diciembre fueron publicados en el Diario Oficial los Decretos Supremos 60 y 61, documentos muy significativos para el sector de la construcci\u00f3n. El contenido t\u00e9cnico de ellos fue elaborado por los Comit\u00e9 de actualizaci\u00f3n de las &hellip; ver m\u00e1s","og_url":"https:\/\/colegioarquitectos.com\/noticias\/?p=40","og_site_name":"COLEGIO DE ARQUITECTOS DE CHILE","article_publisher":"https:\/\/facebook.com\/Colegioarq\/","article_published_time":"2011-12-27T17:30:33+00:00","article_modified_time":"2011-12-28T17:06:15+00:00","author":"Gabriel Salgado S.","twitter_card":"summary_large_image","twitter_creator":"@colegioarq","twitter_site":"@colegioarq","twitter_misc":{"Escrito por":"Gabriel Salgado S.","Tiempo de lectura":"3 minutos"},"schema":{"@context":"https:\/\/schema.org","@graph":[{"@type":"Article","@id":"https:\/\/colegioarquitectos.com\/noticias\/?p=40#article","isPartOf":{"@id":"https:\/\/colegioarquitectos.com\/noticias\/?p=40"},"author":{"name":"Gabriel Salgado S.","@id":"https:\/\/colegioarquitectos.com\/noticias\/#\/schema\/person\/b6c7e912cd1283c089114093ed09741f"},"headline":"DS N\u00b060 y 61: Oficializan importantes decretos relacionados a dise\u00f1o s\u00edsmico","datePublished":"2011-12-27T17:30:33+00:00","dateModified":"2011-12-28T17:06:15+00:00","mainEntityOfPage":{"@id":"https:\/\/colegioarquitectos.com\/noticias\/?p=40"},"wordCount":515,"commentCount":0,"publisher":{"@id":"https:\/\/colegioarquitectos.com\/noticias\/#organization"},"articleSection":["Noticias"],"inLanguage":"es","potentialAction":[{"@type":"CommentAction","name":"Comment","target":["https:\/\/colegioarquitectos.com\/noticias\/?p=40#respond"]}]},{"@type":"WebPage","@id":"https:\/\/colegioarquitectos.com\/noticias\/?p=40","url":"https:\/\/colegioarquitectos.com\/noticias\/?p=40","name":"DS N\u00b060 y 61: Oficializan importantes decretos relacionados a dise\u00f1o s\u00edsmico - COLEGIO DE ARQUITECTOS DE CHILE","isPartOf":{"@id":"https:\/\/colegioarquitectos.com\/noticias\/#website"},"datePublished":"2011-12-27T17:30:33+00:00","dateModified":"2011-12-28T17:06:15+00:00","breadcrumb":{"@id":"https:\/\/colegioarquitectos.com\/noticias\/?p=40#breadcrumb"},"inLanguage":"es","potentialAction":[{"@type":"ReadAction","target":["https:\/\/colegioarquitectos.com\/noticias\/?p=40"]}]},{"@type":"BreadcrumbList","@id":"https:\/\/colegioarquitectos.com\/noticias\/?p=40#breadcrumb","itemListElement":[{"@type":"ListItem","position":1,"name":"Portada","item":"https:\/\/colegioarquitectos.com\/noticias"},{"@type":"ListItem","position":2,"name":"DS N\u00b060 y 61: Oficializan importantes decretos relacionados a dise\u00f1o s\u00edsmico"}]},{"@type":"WebSite","@id":"https:\/\/colegioarquitectos.com\/noticias\/#website","url":"https:\/\/colegioarquitectos.com\/noticias\/","name":"COLEGIO DE ARQUITECTOS DE CHILE","description":"","publisher":{"@id":"https:\/\/colegioarquitectos.com\/noticias\/#organization"},"potentialAction":[{"@type":"SearchAction","target":{"@type":"EntryPoint","urlTemplate":"https:\/\/colegioarquitectos.com\/noticias\/?s={search_term_string}"},"query-input":{"@type":"PropertyValueSpecification","valueRequired":true,"valueName":"search_term_string"}}],"inLanguage":"es"},{"@type":"Organization","@id":"https:\/\/colegioarquitectos.com\/noticias\/#organization","name":"COLEGIO DE ARQUITECTOS DE CHILE","url":"https:\/\/colegioarquitectos.com\/noticias\/","logo":{"@type":"ImageObject","inLanguage":"es","@id":"https:\/\/colegioarquitectos.com\/noticias\/#\/schema\/logo\/image\/","url":"https:\/\/colegioarquitectos.com\/noticias\/wp-content\/uploads\/2021\/05\/ENCABEZADO-LOGO-CA.jpg","contentUrl":"https:\/\/colegioarquitectos.com\/noticias\/wp-content\/uploads\/2021\/05\/ENCABEZADO-LOGO-CA.jpg","width":690,"height":350,"caption":"COLEGIO DE ARQUITECTOS DE CHILE"},"image":{"@id":"https:\/\/colegioarquitectos.com\/noticias\/#\/schema\/logo\/image\/"},"sameAs":["https:\/\/facebook.com\/Colegioarq\/","https:\/\/x.com\/colegioarq","https:\/\/instagram.com\/colegioarq","https:\/\/youtube.com\/@ColegiodeArquitectosdeChile"]},{"@type":"Person","@id":"https:\/\/colegioarquitectos.com\/noticias\/#\/schema\/person\/b6c7e912cd1283c089114093ed09741f","name":"Gabriel Salgado S.","url":"https:\/\/colegioarquitectos.com\/noticias\/?author=1"}]}},"_links":{"self":[{"href":"https:\/\/colegioarquitectos.com\/noticias\/index.php?rest_route=\/wp\/v2\/posts\/40","targetHints":{"allow":["GET"]}}],"collection":[{"href":"https:\/\/colegioarquitectos.com\/noticias\/index.php?rest_route=\/wp\/v2\/posts"}],"about":[{"href":"https:\/\/colegioarquitectos.com\/noticias\/index.php?rest_route=\/wp\/v2\/types\/post"}],"author":[{"embeddable":true,"href":"https:\/\/colegioarquitectos.com\/noticias\/index.php?rest_route=\/wp\/v2\/users\/1"}],"replies":[{"embeddable":true,"href":"https:\/\/colegioarquitectos.com\/noticias\/index.php?rest_route=%2Fwp%2Fv2%2Fcomments&post=40"}],"version-history":[{"count":0,"href":"https:\/\/colegioarquitectos.com\/noticias\/index.php?rest_route=\/wp\/v2\/posts\/40\/revisions"}],"wp:attachment":[{"href":"https:\/\/colegioarquitectos.com\/noticias\/index.php?rest_route=%2Fwp%2Fv2%2Fmedia&parent=40"}],"wp:term":[{"taxonomy":"category","embeddable":true,"href":"https:\/\/colegioarquitectos.com\/noticias\/index.php?rest_route=%2Fwp%2Fv2%2Fcategories&post=40"},{"taxonomy":"post_tag","embeddable":true,"href":"https:\/\/colegioarquitectos.com\/noticias\/index.php?rest_route=%2Fwp%2Fv2%2Ftags&post=40"}],"curies":[{"name":"wp","href":"https:\/\/api.w.org\/{rel}","templated":true}]}}