
{"id":4049,"date":"2013-07-30T21:47:25","date_gmt":"2013-07-30T21:47:25","guid":{"rendered":"http:\/\/colegioarquitectos.com\/noticias\/?p=4049"},"modified":"2013-08-01T21:38:50","modified_gmt":"2013-08-01T21:38:50","slug":"1o-congreso-de-infraestructura-hotelera","status":"publish","type":"post","link":"https:\/\/colegioarquitectos.com\/noticias\/?p=4049","title":{"rendered":"1\u00ba CONGRESO DE INFRAESTRUCTURA HOTELERA"},"content":{"rendered":"<p><b>1\u00b0 CONGRESO DE INFRAESTRUCTURA HOTELERA<\/b> <a href=\"http:\/\/infrahotel.cl\/congreso-sept-2013.html\" target=\"_blank\"><img loading=\"lazy\" decoding=\"async\" class=\"alignnone size-full wp-image-4050\" alt=\"infra\" src=\"http:\/\/colegioarquitectos.com\/noticias\/wp-content\/uploads\/2013\/06\/infra.gif\" width=\"600\" height=\"450\" \/><\/a><\/p>\n<p>Los d\u00edas 4, 5 y 6 de Septiembre se realizar\u00e1 en el Club Manquehue el 1\u00b0 Congreso de INFRAESTRUCTURA HOTELERA en Chile, los temas principales ser\u00e1n la <b>Arquitectura, Dise\u00f1o y Sostenibilidad<\/b>. El congreso est\u00e1 dirigido a todos los profesionales que se desenvuelven o quieren participar en el rubro de la infraestructura hotelera, principalmente Arquitectos, Interioristas, Ingenieros, Paisajistas, Dise\u00f1adores, Administrativos, etc.<\/p>\n<p>Contaremos con la participaci\u00f3n de importantes arquitectos como Caz\u00faZegers, Javier del R\u00edo, Germ\u00e1n del Sol, Hugo Grisanti, Pedro Kovacic, Enrique Concha, Mobil Arquitectos, Vicky Rojas, entre otros.<\/p>\n<p>Contamos con el valioso apoyo de las principales entidades actuales en este rubro, como la AOA, Colegio de Arquitectos, Sernatur, Hoteleros de Chile, Colegio de Ingenieros, Idiem, Facultad de Arquitectura de la U. Mayor, ICH.<\/p>\n<p><b>CONGRESO DE INFRAESTRUCTURA HOTELERA<\/b><\/p>\n<p>Cu\u00e1ndo: 4, 5 y 6 de Septiembre.<\/p>\n<p>Donde: Centro de Eventos Club Manquehue, Av. Vitacura 5841<\/p>\n<p>Inscripciones: <a href=\"http:\/\/www.infrahotel.cl\">www.infrahotel.cl<\/a><\/p>\n<p>Contacto: <a href=\"mailto:infrahotel@infrahotel.cl\">infrahotel@infrahotel.cl<\/a><\/p>\n<p>-Cupos Limitados-<\/p>\n<p><a href=\"http:\/\/www.infrahotel.cl\/images\/congreso\/programa_g.pdf\" target=\"_blank\"><img loading=\"lazy\" decoding=\"async\" class=\"alignnone size-full wp-image-4311\" alt=\"infraprograma\" src=\"http:\/\/colegioarquitectos.com\/noticias\/wp-content\/uploads\/2013\/06\/infraprograma.jpg\" width=\"532\" height=\"341\" srcset=\"https:\/\/colegioarquitectos.com\/noticias\/wp-content\/uploads\/2013\/06\/infraprograma.jpg 532w, https:\/\/colegioarquitectos.com\/noticias\/wp-content\/uploads\/2013\/06\/infraprograma-300x192.jpg 300w\" sizes=\"auto, (max-width: 532px) 100vw, 532px\" \/><\/a><\/p>\n<p><b>Informante sobre las opciones de descuento a profesionales asociados a las entidades patrocinadoras.<\/b><\/p>\n<p><\/p>","protected":false},"excerpt":{"rendered":"<p>1\u00b0 CONGRESO DE INFRAESTRUCTURA HOTELERA Los d\u00edas 4, 5 y 6 de Septiembre se realizar\u00e1 en el Club Manquehue el 1\u00b0 Congreso de INFRAESTRUCTURA HOTELERA en Chile, los temas principales ser\u00e1n la Arquitectura, Dise\u00f1o y Sostenibilidad. El congreso est\u00e1 dirigido &hellip; <a class=\"more-link\" href=\"https:\/\/colegioarquitectos.com\/noticias\/?p=4049\">ver m\u00e1s<\/a><\/p>","protected":false},"author":1,"featured_media":4311,"comment_status":"open","ping_status":"open","sticky":false,"template":"","format":"standard","meta":{"footnotes":""},"categories":[19,8,41,34],"tags":[],"class_list":["post-4049","post","type-post","status-publish","format-standard","has-post-thumbnail","hentry","category-actividades","category-colegio-de-arquitectos","category-congresos","category-convenios-ca"],"yoast_head":"<!-- This site is optimized with the Yoast SEO plugin v24.2 - https:\/\/yoast.com\/wordpress\/plugins\/seo\/ -->\n<title>1\u00ba CONGRESO DE INFRAESTRUCTURA HOTELERA - COLEGIO DE ARQUITECTOS DE CHILE<\/title>\n<meta name=\"robots\" content=\"index, follow, max-snippet:-1, max-image-preview:large, max-video-preview:-1\" \/>\n<link rel=\"canonical\" href=\"https:\/\/colegioarquitectos.com\/noticias\/?p=4049\" \/>\n<meta property=\"og:locale\" content=\"es_ES\" \/>\n<meta property=\"og:type\" content=\"article\" \/>\n<meta property=\"og:title\" content=\"1\u00ba CONGRESO DE INFRAESTRUCTURA HOTELERA - COLEGIO DE ARQUITECTOS DE CHILE\" \/>\n<meta property=\"og:description\" content=\"1\u00b0 CONGRESO DE INFRAESTRUCTURA HOTELERA Los d\u00edas 4, 5 y 6 de Septiembre se realizar\u00e1 en el Club Manquehue el 1\u00b0 Congreso de INFRAESTRUCTURA HOTELERA en Chile, los temas principales ser\u00e1n la Arquitectura, Dise\u00f1o y Sostenibilidad. El congreso est\u00e1 dirigido &hellip; ver m\u00e1s\" \/>\n<meta property=\"og:url\" content=\"https:\/\/colegioarquitectos.com\/noticias\/?p=4049\" \/>\n<meta property=\"og:site_name\" content=\"COLEGIO DE ARQUITECTOS DE CHILE\" \/>\n<meta property=\"article:publisher\" content=\"https:\/\/facebook.com\/Colegioarq\/\" \/>\n<meta property=\"article:published_time\" content=\"2013-07-30T21:47:25+00:00\" \/>\n<meta property=\"article:modified_time\" content=\"2013-08-01T21:38:50+00:00\" \/>\n<meta property=\"og:image\" content=\"https:\/\/colegioarquitectos.com\/noticias\/wp-content\/uploads\/2013\/06\/infraprograma.jpg\" \/>\n\t<meta property=\"og:image:width\" content=\"532\" \/>\n\t<meta property=\"og:image:height\" content=\"341\" \/>\n\t<meta property=\"og:image:type\" content=\"image\/jpeg\" \/>\n<meta name=\"author\" content=\"Gabriel Salgado S.\" \/>\n<meta name=\"twitter:card\" content=\"summary_large_image\" \/>\n<meta name=\"twitter:creator\" content=\"@colegioarq\" \/>\n<meta name=\"twitter:site\" content=\"@colegioarq\" \/>\n<meta name=\"twitter:label1\" content=\"Escrito por\" \/>\n\t<meta name=\"twitter:data1\" content=\"Gabriel Salgado S.\" \/>\n\t<meta name=\"twitter:label2\" content=\"Tiempo de lectura\" \/>\n\t<meta name=\"twitter:data2\" content=\"1 minuto\" \/>\n<script type=\"application\/ld+json\" class=\"yoast-schema-graph\">{\"@context\":\"https:\/\/schema.org\",\"@graph\":[{\"@type\":\"Article\",\"@id\":\"https:\/\/colegioarquitectos.com\/noticias\/?p=4049#article\",\"isPartOf\":{\"@id\":\"https:\/\/colegioarquitectos.com\/noticias\/?p=4049\"},\"author\":{\"name\":\"Gabriel Salgado S.\",\"@id\":\"https:\/\/colegioarquitectos.com\/noticias\/#\/schema\/person\/b6c7e912cd1283c089114093ed09741f\"},\"headline\":\"1\u00ba CONGRESO DE INFRAESTRUCTURA HOTELERA\",\"datePublished\":\"2013-07-30T21:47:25+00:00\",\"dateModified\":\"2013-08-01T21:38:50+00:00\",\"mainEntityOfPage\":{\"@id\":\"https:\/\/colegioarquitectos.com\/noticias\/?p=4049\"},\"wordCount\":174,\"commentCount\":0,\"publisher\":{\"@id\":\"https:\/\/colegioarquitectos.com\/noticias\/#organization\"},\"image\":{\"@id\":\"https:\/\/colegioarquitectos.com\/noticias\/?p=4049#primaryimage\"},\"thumbnailUrl\":\"https:\/\/colegioarquitectos.com\/noticias\/wp-content\/uploads\/2013\/06\/infraprograma.jpg\",\"articleSection\":[\"Actividades\",\"Colegio\",\"Congresos\",\"Convenios CA\"],\"inLanguage\":\"es\",\"potentialAction\":[{\"@type\":\"CommentAction\",\"name\":\"Comment\",\"target\":[\"https:\/\/colegioarquitectos.com\/noticias\/?p=4049#respond\"]}]},{\"@type\":\"WebPage\",\"@id\":\"https:\/\/colegioarquitectos.com\/noticias\/?p=4049\",\"url\":\"https:\/\/colegioarquitectos.com\/noticias\/?p=4049\",\"name\":\"1\u00ba CONGRESO DE INFRAESTRUCTURA HOTELERA - COLEGIO DE ARQUITECTOS DE CHILE\",\"isPartOf\":{\"@id\":\"https:\/\/colegioarquitectos.com\/noticias\/#website\"},\"primaryImageOfPage\":{\"@id\":\"https:\/\/colegioarquitectos.com\/noticias\/?p=4049#primaryimage\"},\"image\":{\"@id\":\"https:\/\/colegioarquitectos.com\/noticias\/?p=4049#primaryimage\"},\"thumbnailUrl\":\"https:\/\/colegioarquitectos.com\/noticias\/wp-content\/uploads\/2013\/06\/infraprograma.jpg\",\"datePublished\":\"2013-07-30T21:47:25+00:00\",\"dateModified\":\"2013-08-01T21:38:50+00:00\",\"breadcrumb\":{\"@id\":\"https:\/\/colegioarquitectos.com\/noticias\/?p=4049#breadcrumb\"},\"inLanguage\":\"es\",\"potentialAction\":[{\"@type\":\"ReadAction\",\"target\":[\"https:\/\/colegioarquitectos.com\/noticias\/?p=4049\"]}]},{\"@type\":\"ImageObject\",\"inLanguage\":\"es\",\"@id\":\"https:\/\/colegioarquitectos.com\/noticias\/?p=4049#primaryimage\",\"url\":\"https:\/\/colegioarquitectos.com\/noticias\/wp-content\/uploads\/2013\/06\/infraprograma.jpg\",\"contentUrl\":\"https:\/\/colegioarquitectos.com\/noticias\/wp-content\/uploads\/2013\/06\/infraprograma.jpg\",\"width\":532,\"height\":341},{\"@type\":\"BreadcrumbList\",\"@id\":\"https:\/\/colegioarquitectos.com\/noticias\/?p=4049#breadcrumb\",\"itemListElement\":[{\"@type\":\"ListItem\",\"position\":1,\"name\":\"Portada\",\"item\":\"https:\/\/colegioarquitectos.com\/noticias\"},{\"@type\":\"ListItem\",\"position\":2,\"name\":\"1\u00ba CONGRESO DE INFRAESTRUCTURA HOTELERA\"}]},{\"@type\":\"WebSite\",\"@id\":\"https:\/\/colegioarquitectos.com\/noticias\/#website\",\"url\":\"https:\/\/colegioarquitectos.com\/noticias\/\",\"name\":\"COLEGIO DE ARQUITECTOS DE CHILE\",\"description\":\"\",\"publisher\":{\"@id\":\"https:\/\/colegioarquitectos.com\/noticias\/#organization\"},\"potentialAction\":[{\"@type\":\"SearchAction\",\"target\":{\"@type\":\"EntryPoint\",\"urlTemplate\":\"https:\/\/colegioarquitectos.com\/noticias\/?s={search_term_string}\"},\"query-input\":{\"@type\":\"PropertyValueSpecification\",\"valueRequired\":true,\"valueName\":\"search_term_string\"}}],\"inLanguage\":\"es\"},{\"@type\":\"Organization\",\"@id\":\"https:\/\/colegioarquitectos.com\/noticias\/#organization\",\"name\":\"COLEGIO DE ARQUITECTOS DE CHILE\",\"url\":\"https:\/\/colegioarquitectos.com\/noticias\/\",\"logo\":{\"@type\":\"ImageObject\",\"inLanguage\":\"es\",\"@id\":\"https:\/\/colegioarquitectos.com\/noticias\/#\/schema\/logo\/image\/\",\"url\":\"https:\/\/colegioarquitectos.com\/noticias\/wp-content\/uploads\/2021\/05\/ENCABEZADO-LOGO-CA.jpg\",\"contentUrl\":\"https:\/\/colegioarquitectos.com\/noticias\/wp-content\/uploads\/2021\/05\/ENCABEZADO-LOGO-CA.jpg\",\"width\":690,\"height\":350,\"caption\":\"COLEGIO DE ARQUITECTOS DE CHILE\"},\"image\":{\"@id\":\"https:\/\/colegioarquitectos.com\/noticias\/#\/schema\/logo\/image\/\"},\"sameAs\":[\"https:\/\/facebook.com\/Colegioarq\/\",\"https:\/\/x.com\/colegioarq\",\"https:\/\/instagram.com\/colegioarq\",\"https:\/\/youtube.com\/@ColegiodeArquitectosdeChile\"]},{\"@type\":\"Person\",\"@id\":\"https:\/\/colegioarquitectos.com\/noticias\/#\/schema\/person\/b6c7e912cd1283c089114093ed09741f\",\"name\":\"Gabriel Salgado S.\",\"url\":\"https:\/\/colegioarquitectos.com\/noticias\/?author=1\"}]}<\/script>\n<!-- \/ Yoast SEO plugin. -->","yoast_head_json":{"title":"1\u00ba CONGRESO DE INFRAESTRUCTURA HOTELERA - COLEGIO DE ARQUITECTOS DE CHILE","robots":{"index":"index","follow":"follow","max-snippet":"max-snippet:-1","max-image-preview":"max-image-preview:large","max-video-preview":"max-video-preview:-1"},"canonical":"https:\/\/colegioarquitectos.com\/noticias\/?p=4049","og_locale":"es_ES","og_type":"article","og_title":"1\u00ba CONGRESO DE INFRAESTRUCTURA HOTELERA - COLEGIO DE ARQUITECTOS DE CHILE","og_description":"1\u00b0 CONGRESO DE INFRAESTRUCTURA HOTELERA Los d\u00edas 4, 5 y 6 de Septiembre se realizar\u00e1 en el Club Manquehue el 1\u00b0 Congreso de INFRAESTRUCTURA HOTELERA en Chile, los temas principales ser\u00e1n la Arquitectura, Dise\u00f1o y Sostenibilidad. El congreso est\u00e1 dirigido &hellip; ver m\u00e1s","og_url":"https:\/\/colegioarquitectos.com\/noticias\/?p=4049","og_site_name":"COLEGIO DE ARQUITECTOS DE CHILE","article_publisher":"https:\/\/facebook.com\/Colegioarq\/","article_published_time":"2013-07-30T21:47:25+00:00","article_modified_time":"2013-08-01T21:38:50+00:00","og_image":[{"width":532,"height":341,"url":"https:\/\/colegioarquitectos.com\/noticias\/wp-content\/uploads\/2013\/06\/infraprograma.jpg","type":"image\/jpeg"}],"author":"Gabriel Salgado S.","twitter_card":"summary_large_image","twitter_creator":"@colegioarq","twitter_site":"@colegioarq","twitter_misc":{"Escrito por":"Gabriel Salgado S.","Tiempo de lectura":"1 minuto"},"schema":{"@context":"https:\/\/schema.org","@graph":[{"@type":"Article","@id":"https:\/\/colegioarquitectos.com\/noticias\/?p=4049#article","isPartOf":{"@id":"https:\/\/colegioarquitectos.com\/noticias\/?p=4049"},"author":{"name":"Gabriel Salgado S.","@id":"https:\/\/colegioarquitectos.com\/noticias\/#\/schema\/person\/b6c7e912cd1283c089114093ed09741f"},"headline":"1\u00ba CONGRESO DE INFRAESTRUCTURA HOTELERA","datePublished":"2013-07-30T21:47:25+00:00","dateModified":"2013-08-01T21:38:50+00:00","mainEntityOfPage":{"@id":"https:\/\/colegioarquitectos.com\/noticias\/?p=4049"},"wordCount":174,"commentCount":0,"publisher":{"@id":"https:\/\/colegioarquitectos.com\/noticias\/#organization"},"image":{"@id":"https:\/\/colegioarquitectos.com\/noticias\/?p=4049#primaryimage"},"thumbnailUrl":"https:\/\/colegioarquitectos.com\/noticias\/wp-content\/uploads\/2013\/06\/infraprograma.jpg","articleSection":["Actividades","Colegio","Congresos","Convenios CA"],"inLanguage":"es","potentialAction":[{"@type":"CommentAction","name":"Comment","target":["https:\/\/colegioarquitectos.com\/noticias\/?p=4049#respond"]}]},{"@type":"WebPage","@id":"https:\/\/colegioarquitectos.com\/noticias\/?p=4049","url":"https:\/\/colegioarquitectos.com\/noticias\/?p=4049","name":"1\u00ba CONGRESO DE INFRAESTRUCTURA HOTELERA - COLEGIO DE ARQUITECTOS DE CHILE","isPartOf":{"@id":"https:\/\/colegioarquitectos.com\/noticias\/#website"},"primaryImageOfPage":{"@id":"https:\/\/colegioarquitectos.com\/noticias\/?p=4049#primaryimage"},"image":{"@id":"https:\/\/colegioarquitectos.com\/noticias\/?p=4049#primaryimage"},"thumbnailUrl":"https:\/\/colegioarquitectos.com\/noticias\/wp-content\/uploads\/2013\/06\/infraprograma.jpg","datePublished":"2013-07-30T21:47:25+00:00","dateModified":"2013-08-01T21:38:50+00:00","breadcrumb":{"@id":"https:\/\/colegioarquitectos.com\/noticias\/?p=4049#breadcrumb"},"inLanguage":"es","potentialAction":[{"@type":"ReadAction","target":["https:\/\/colegioarquitectos.com\/noticias\/?p=4049"]}]},{"@type":"ImageObject","inLanguage":"es","@id":"https:\/\/colegioarquitectos.com\/noticias\/?p=4049#primaryimage","url":"https:\/\/colegioarquitectos.com\/noticias\/wp-content\/uploads\/2013\/06\/infraprograma.jpg","contentUrl":"https:\/\/colegioarquitectos.com\/noticias\/wp-content\/uploads\/2013\/06\/infraprograma.jpg","width":532,"height":341},{"@type":"BreadcrumbList","@id":"https:\/\/colegioarquitectos.com\/noticias\/?p=4049#breadcrumb","itemListElement":[{"@type":"ListItem","position":1,"name":"Portada","item":"https:\/\/colegioarquitectos.com\/noticias"},{"@type":"ListItem","position":2,"name":"1\u00ba CONGRESO DE INFRAESTRUCTURA HOTELERA"}]},{"@type":"WebSite","@id":"https:\/\/colegioarquitectos.com\/noticias\/#website","url":"https:\/\/colegioarquitectos.com\/noticias\/","name":"COLEGIO DE ARQUITECTOS DE CHILE","description":"","publisher":{"@id":"https:\/\/colegioarquitectos.com\/noticias\/#organization"},"potentialAction":[{"@type":"SearchAction","target":{"@type":"EntryPoint","urlTemplate":"https:\/\/colegioarquitectos.com\/noticias\/?s={search_term_string}"},"query-input":{"@type":"PropertyValueSpecification","valueRequired":true,"valueName":"search_term_string"}}],"inLanguage":"es"},{"@type":"Organization","@id":"https:\/\/colegioarquitectos.com\/noticias\/#organization","name":"COLEGIO DE ARQUITECTOS DE CHILE","url":"https:\/\/colegioarquitectos.com\/noticias\/","logo":{"@type":"ImageObject","inLanguage":"es","@id":"https:\/\/colegioarquitectos.com\/noticias\/#\/schema\/logo\/image\/","url":"https:\/\/colegioarquitectos.com\/noticias\/wp-content\/uploads\/2021\/05\/ENCABEZADO-LOGO-CA.jpg","contentUrl":"https:\/\/colegioarquitectos.com\/noticias\/wp-content\/uploads\/2021\/05\/ENCABEZADO-LOGO-CA.jpg","width":690,"height":350,"caption":"COLEGIO DE ARQUITECTOS DE CHILE"},"image":{"@id":"https:\/\/colegioarquitectos.com\/noticias\/#\/schema\/logo\/image\/"},"sameAs":["https:\/\/facebook.com\/Colegioarq\/","https:\/\/x.com\/colegioarq","https:\/\/instagram.com\/colegioarq","https:\/\/youtube.com\/@ColegiodeArquitectosdeChile"]},{"@type":"Person","@id":"https:\/\/colegioarquitectos.com\/noticias\/#\/schema\/person\/b6c7e912cd1283c089114093ed09741f","name":"Gabriel Salgado S.","url":"https:\/\/colegioarquitectos.com\/noticias\/?author=1"}]}},"_links":{"self":[{"href":"https:\/\/colegioarquitectos.com\/noticias\/index.php?rest_route=\/wp\/v2\/posts\/4049","targetHints":{"allow":["GET"]}}],"collection":[{"href":"https:\/\/colegioarquitectos.com\/noticias\/index.php?rest_route=\/wp\/v2\/posts"}],"about":[{"href":"https:\/\/colegioarquitectos.com\/noticias\/index.php?rest_route=\/wp\/v2\/types\/post"}],"author":[{"embeddable":true,"href":"https:\/\/colegioarquitectos.com\/noticias\/index.php?rest_route=\/wp\/v2\/users\/1"}],"replies":[{"embeddable":true,"href":"https:\/\/colegioarquitectos.com\/noticias\/index.php?rest_route=%2Fwp%2Fv2%2Fcomments&post=4049"}],"version-history":[{"count":0,"href":"https:\/\/colegioarquitectos.com\/noticias\/index.php?rest_route=\/wp\/v2\/posts\/4049\/revisions"}],"wp:featuredmedia":[{"embeddable":true,"href":"https:\/\/colegioarquitectos.com\/noticias\/index.php?rest_route=\/wp\/v2\/media\/4311"}],"wp:attachment":[{"href":"https:\/\/colegioarquitectos.com\/noticias\/index.php?rest_route=%2Fwp%2Fv2%2Fmedia&parent=4049"}],"wp:term":[{"taxonomy":"category","embeddable":true,"href":"https:\/\/colegioarquitectos.com\/noticias\/index.php?rest_route=%2Fwp%2Fv2%2Fcategories&post=4049"},{"taxonomy":"post_tag","embeddable":true,"href":"https:\/\/colegioarquitectos.com\/noticias\/index.php?rest_route=%2Fwp%2Fv2%2Ftags&post=4049"}],"curies":[{"name":"wp","href":"https:\/\/api.w.org\/{rel}","templated":true}]}}