
{"id":4054,"date":"2013-06-21T14:36:33","date_gmt":"2013-06-21T14:36:33","guid":{"rendered":"http:\/\/colegioarquitectos.com\/noticias\/?p=4054"},"modified":"2013-06-21T14:36:46","modified_gmt":"2013-06-21T14:36:46","slug":"presidente-del-colegio-de-arquitectos-si-el-marco-legal-es-laxo-el-inversionista-inmobiliario-puede-hacer-lo-que-quiera","status":"publish","type":"post","link":"https:\/\/colegioarquitectos.com\/noticias\/?p=4054","title":{"rendered":"Presidente del Colegio de Arquitectos: \u00abSi el marco legal es laxo, el inversionista inmobiliario puede hacer lo que quiera\u00bb"},"content":{"rendered":"<p>Sebasti\u00e1n Gray buscar\u00e1 imporner su sello en los pr\u00f3ximos dos a\u00f1os a la cabeza del gremio.<\/p>\n<p>por:\u00a0 Mart\u00edn Romero E.\/<a href=\"http:\/\/www.lasegunda.com\/Noticias\/Nacional\/2013\/06\/857324\/sebastian-gray-presidente-del-colegio-de-arquitectos-si-el-marco-legal-es-laxo-el-inversionista-inmobiliario-puede-hacer-lo-que-quiera\" target=\"_blank\">La Segunda<\/a><\/p>\n<p><img loading=\"lazy\" decoding=\"async\" class=\"alignnone wp-image-4056\" alt=\"\" src=\"http:\/\/img.lasegunda.com\/Fotos\/2013\/06\/20\/Cronica@4_G1E27JMRU_1_4655rec.jpg\" width=\"300\" height=\"356\" \/><\/p>\n<p>\u00abCautelar por la calidad del ejercicio de la profesi\u00f3n\u00bb.<\/p>\n<p>Ese ser\u00e1 uno de los ejes que <b>Sebasti\u00e1n Gray buscar\u00e1<\/b> imponer, en los pr\u00f3ximos dos a\u00f1os, como nuevo presidente del Colegio de Arquitectos.<\/p>\n<p>Twitero, director de Fundaci\u00f3n Iguales, profesor de la UC, ciclista, entre sus creaciones cuenta el edificio de Sicolog\u00eda del Campus San Joaqu\u00edn y la librer\u00eda Ulises del barrio Lastarria.<\/p>\n<p>Considera que la preparaci\u00f3n las facultades de arquitectura chilenas \u00abson de nivel internacional\u00bb, pero considera que eso no se nota en las ciudades.<\/p>\n<p>-Si el gremio tuviera la responsabilidad irrenunciable de agrupar a todos los profesionales, de velar por una cierta calidad y responsabilidad en el ejercicio de la profesi\u00f3n, yo creo que el efecto de estas buenas escuelas de arquitecturas ser\u00eda mucho m\u00e1s notorio en la ciudad. Realmente, creo que se han relajado los est\u00e1ndares constructivos y de dise\u00f1o en Chile en los \u00faltimos 40 a\u00f1os.<\/p>\n<p><b>-\u00bfPor qu\u00e9 ha sucedido eso?<\/b><\/p>\n<p>-Hay una triple responsabilidad. Por un lado est\u00e1n los inversionistas inmobiliarios, que siempre querr\u00e1n el mayor retorno posible de su inversi\u00f3n. Luego est\u00e1 el ciudadano, que por ignorancia ha preferido valorar ubicaci\u00f3n m\u00e1s que calidad constructiva, tama\u00f1os, altura de techos o incluso la aislaci\u00f3n ac\u00fastica de un tabique. Finalmente, est\u00e1n las autoridades que ponen los l\u00edmites y reglas. Si el marco legal es laxo, el inversionista puede hacer lo que quiera.<\/p>\n<p><b>-Pero hay arquitectos que trabajan en esos proyectos.<\/b><\/p>\n<p>-Ese arquitecto es empleado del empresario, no es un arquitecto independiente, tambi\u00e9n hay que entender eso&#8230; Es un siervo m\u00e1s que un empleado, y si no tiene muchos escr\u00fapulos, si no tiene una fuerte formaci\u00f3n \u00e9tica, ese arquitecto va hacer lo que le pidan. No va a poner condiciones.<\/p>\n<p><b>-\u00bfUn ejemplo de eso?<\/b><\/p>\n<p>-El mall Costanera Center. Su due\u00f1o, el empresario Horst Paulmann, hizo el peor edificio posible para Santiago, en esa ubicaci\u00f3n y en esas condiciones. Otra cosa es que \u00e9l crea que con poner 500 tiendas de lujo le est\u00e1 haciendo un favor a Santiago. Se lo est\u00e1 haciendo, tal vez, a las personas en cuanto a individuos, pero como edificio en la ciudad es peor modelo posible. Paulmann es un ser mezquino.<\/p>\n<p><b>-Unesco mandar\u00e1 dos misiones a Chile, una de ellas por el mall de Castro.<\/b><\/p>\n<p>-Lo \u00fanico que van hacer son recomendaciones para mitigar&#8230; pero no hay nada que mitigar ah\u00ed. Esto abre otro debate: c\u00f3mo se hacen los instrumentos de planificaci\u00f3n y qu\u00e9 es lo que la comunidad entiende como lo apropiado. Pero la verdadera noticia de todo esto es que la poblaci\u00f3n de Castro aspira a tener ese mall porque esa su \u00fanica imagen, no tienen ning\u00fan punto de referencia, no tienen c\u00f3mo pensar que podr\u00eda haber sido distinto. Pero \u00e9sa es la imagen de la modernidad, de la riqueza a la que, con justicia, aspiran.<\/p>\n<p><b>-\u00bfTe gusta lo que est\u00e1 haciendo el Gobierno con el Paseo Bulnes?<\/b><\/p>\n<p>-Me parece un buen esfuerzo. Ahora, con el Palacio Pereira (Hu\u00e9rfanos con San Mart\u00edn) yo s\u00ed tengo que hacer un reconocimiento al gobierno de Pi\u00f1era, porque el gobierno da una se\u00f1al extraordinaria al comprarle a un privado una propiedad para rescatarla. Eso no hab\u00eda ocurrido nunca antes.<\/p>\n<p>por:\u00a0 Mart\u00edn Romero E.\/<a href=\"http:\/\/www.lasegunda.com\/Noticias\/Nacional\/2013\/06\/857324\/sebastian-gray-presidente-del-colegio-de-arquitectos-si-el-marco-legal-es-laxo-el-inversionista-inmobiliario-puede-hacer-lo-que-quiera\" target=\"_blank\">La Segunda<\/a><\/p>\n<p>&nbsp;<\/p>\n<p><\/p>","protected":false},"excerpt":{"rendered":"<p>Sebasti\u00e1n Gray buscar\u00e1 imporner su sello en los pr\u00f3ximos dos a\u00f1os a la cabeza del gremio. por:\u00a0 Mart\u00edn Romero E.\/La Segunda \u00abCautelar por la calidad del ejercicio de la profesi\u00f3n\u00bb. Ese ser\u00e1 uno de los ejes que Sebasti\u00e1n Gray buscar\u00e1 &hellip; <a class=\"more-link\" href=\"https:\/\/colegioarquitectos.com\/noticias\/?p=4054\">ver m\u00e1s<\/a><\/p>","protected":false},"author":1,"featured_media":0,"comment_status":"open","ping_status":"open","sticky":false,"template":"","format":"standard","meta":{"footnotes":""},"categories":[42,8],"tags":[],"class_list":["post-4054","post","type-post","status-publish","format-standard","hentry","category-ca-en-la-prensa","category-colegio-de-arquitectos"],"yoast_head":"<!-- This site is optimized with the Yoast SEO plugin v24.2 - https:\/\/yoast.com\/wordpress\/plugins\/seo\/ -->\n<title>Presidente del Colegio de Arquitectos: &quot;Si el marco legal es laxo, el inversionista inmobiliario puede hacer lo que quiera&quot; - COLEGIO DE ARQUITECTOS DE CHILE<\/title>\n<meta name=\"robots\" content=\"index, follow, max-snippet:-1, max-image-preview:large, max-video-preview:-1\" \/>\n<link rel=\"canonical\" href=\"https:\/\/colegioarquitectos.com\/noticias\/?p=4054\" \/>\n<meta property=\"og:locale\" content=\"es_ES\" \/>\n<meta property=\"og:type\" content=\"article\" \/>\n<meta property=\"og:title\" content=\"Presidente del Colegio de Arquitectos: &quot;Si el marco legal es laxo, el inversionista inmobiliario puede hacer lo que quiera&quot; - COLEGIO DE ARQUITECTOS DE CHILE\" \/>\n<meta property=\"og:description\" content=\"Sebasti\u00e1n Gray buscar\u00e1 imporner su sello en los pr\u00f3ximos dos a\u00f1os a la cabeza del gremio. por:\u00a0 Mart\u00edn Romero E.\/La Segunda \u00abCautelar por la calidad del ejercicio de la profesi\u00f3n\u00bb. Ese ser\u00e1 uno de los ejes que Sebasti\u00e1n Gray buscar\u00e1 &hellip; ver m\u00e1s\" \/>\n<meta property=\"og:url\" content=\"https:\/\/colegioarquitectos.com\/noticias\/?p=4054\" \/>\n<meta property=\"og:site_name\" content=\"COLEGIO DE ARQUITECTOS DE CHILE\" \/>\n<meta property=\"article:publisher\" content=\"https:\/\/facebook.com\/Colegioarq\/\" \/>\n<meta property=\"article:published_time\" content=\"2013-06-21T14:36:33+00:00\" \/>\n<meta property=\"article:modified_time\" content=\"2013-06-21T14:36:46+00:00\" \/>\n<meta property=\"og:image\" content=\"https:\/\/colegioarquitectos.com\/noticias\/wp-content\/uploads\/2013\/06\/Cronica@4_G1E27JMRU_1_4655rec.jpg\" \/>\n\t<meta property=\"og:image:width\" content=\"300\" \/>\n\t<meta property=\"og:image:height\" content=\"356\" \/>\n\t<meta property=\"og:image:type\" content=\"image\/jpeg\" \/>\n<meta name=\"author\" content=\"Gabriel Salgado S.\" \/>\n<meta name=\"twitter:card\" content=\"summary_large_image\" \/>\n<meta name=\"twitter:creator\" content=\"@colegioarq\" \/>\n<meta name=\"twitter:site\" content=\"@colegioarq\" \/>\n<meta name=\"twitter:label1\" content=\"Escrito por\" \/>\n\t<meta name=\"twitter:data1\" content=\"Gabriel Salgado S.\" \/>\n\t<meta name=\"twitter:label2\" content=\"Tiempo de lectura\" \/>\n\t<meta name=\"twitter:data2\" content=\"3 minutos\" \/>\n<script type=\"application\/ld+json\" class=\"yoast-schema-graph\">{\"@context\":\"https:\/\/schema.org\",\"@graph\":[{\"@type\":\"Article\",\"@id\":\"https:\/\/colegioarquitectos.com\/noticias\/?p=4054#article\",\"isPartOf\":{\"@id\":\"https:\/\/colegioarquitectos.com\/noticias\/?p=4054\"},\"author\":{\"name\":\"Gabriel Salgado S.\",\"@id\":\"https:\/\/colegioarquitectos.com\/noticias\/#\/schema\/person\/b6c7e912cd1283c089114093ed09741f\"},\"headline\":\"Presidente del Colegio de Arquitectos: \u00abSi el marco legal es laxo, el inversionista inmobiliario puede hacer lo que quiera\u00bb\",\"datePublished\":\"2013-06-21T14:36:33+00:00\",\"dateModified\":\"2013-06-21T14:36:46+00:00\",\"mainEntityOfPage\":{\"@id\":\"https:\/\/colegioarquitectos.com\/noticias\/?p=4054\"},\"wordCount\":619,\"commentCount\":3,\"publisher\":{\"@id\":\"https:\/\/colegioarquitectos.com\/noticias\/#organization\"},\"image\":{\"@id\":\"https:\/\/colegioarquitectos.com\/noticias\/?p=4054#primaryimage\"},\"thumbnailUrl\":\"http:\/\/img.lasegunda.com\/Fotos\/2013\/06\/20\/Cronica@4_G1E27JMRU_1_4655rec.jpg\",\"articleSection\":[\"CA en la Prensa\",\"Colegio\"],\"inLanguage\":\"es\",\"potentialAction\":[{\"@type\":\"CommentAction\",\"name\":\"Comment\",\"target\":[\"https:\/\/colegioarquitectos.com\/noticias\/?p=4054#respond\"]}]},{\"@type\":\"WebPage\",\"@id\":\"https:\/\/colegioarquitectos.com\/noticias\/?p=4054\",\"url\":\"https:\/\/colegioarquitectos.com\/noticias\/?p=4054\",\"name\":\"Presidente del Colegio de Arquitectos: \\\"Si el marco legal es laxo, el inversionista inmobiliario puede hacer lo que quiera\\\" - COLEGIO DE ARQUITECTOS DE CHILE\",\"isPartOf\":{\"@id\":\"https:\/\/colegioarquitectos.com\/noticias\/#website\"},\"primaryImageOfPage\":{\"@id\":\"https:\/\/colegioarquitectos.com\/noticias\/?p=4054#primaryimage\"},\"image\":{\"@id\":\"https:\/\/colegioarquitectos.com\/noticias\/?p=4054#primaryimage\"},\"thumbnailUrl\":\"http:\/\/img.lasegunda.com\/Fotos\/2013\/06\/20\/Cronica@4_G1E27JMRU_1_4655rec.jpg\",\"datePublished\":\"2013-06-21T14:36:33+00:00\",\"dateModified\":\"2013-06-21T14:36:46+00:00\",\"breadcrumb\":{\"@id\":\"https:\/\/colegioarquitectos.com\/noticias\/?p=4054#breadcrumb\"},\"inLanguage\":\"es\",\"potentialAction\":[{\"@type\":\"ReadAction\",\"target\":[\"https:\/\/colegioarquitectos.com\/noticias\/?p=4054\"]}]},{\"@type\":\"ImageObject\",\"inLanguage\":\"es\",\"@id\":\"https:\/\/colegioarquitectos.com\/noticias\/?p=4054#primaryimage\",\"url\":\"http:\/\/img.lasegunda.com\/Fotos\/2013\/06\/20\/Cronica@4_G1E27JMRU_1_4655rec.jpg\",\"contentUrl\":\"http:\/\/img.lasegunda.com\/Fotos\/2013\/06\/20\/Cronica@4_G1E27JMRU_1_4655rec.jpg\"},{\"@type\":\"BreadcrumbList\",\"@id\":\"https:\/\/colegioarquitectos.com\/noticias\/?p=4054#breadcrumb\",\"itemListElement\":[{\"@type\":\"ListItem\",\"position\":1,\"name\":\"Portada\",\"item\":\"https:\/\/colegioarquitectos.com\/noticias\"},{\"@type\":\"ListItem\",\"position\":2,\"name\":\"Presidente del Colegio de Arquitectos: \u00abSi el marco legal es laxo, el inversionista inmobiliario puede hacer lo que quiera\u00bb\"}]},{\"@type\":\"WebSite\",\"@id\":\"https:\/\/colegioarquitectos.com\/noticias\/#website\",\"url\":\"https:\/\/colegioarquitectos.com\/noticias\/\",\"name\":\"COLEGIO DE ARQUITECTOS DE CHILE\",\"description\":\"\",\"publisher\":{\"@id\":\"https:\/\/colegioarquitectos.com\/noticias\/#organization\"},\"potentialAction\":[{\"@type\":\"SearchAction\",\"target\":{\"@type\":\"EntryPoint\",\"urlTemplate\":\"https:\/\/colegioarquitectos.com\/noticias\/?s={search_term_string}\"},\"query-input\":{\"@type\":\"PropertyValueSpecification\",\"valueRequired\":true,\"valueName\":\"search_term_string\"}}],\"inLanguage\":\"es\"},{\"@type\":\"Organization\",\"@id\":\"https:\/\/colegioarquitectos.com\/noticias\/#organization\",\"name\":\"COLEGIO DE ARQUITECTOS DE CHILE\",\"url\":\"https:\/\/colegioarquitectos.com\/noticias\/\",\"logo\":{\"@type\":\"ImageObject\",\"inLanguage\":\"es\",\"@id\":\"https:\/\/colegioarquitectos.com\/noticias\/#\/schema\/logo\/image\/\",\"url\":\"https:\/\/colegioarquitectos.com\/noticias\/wp-content\/uploads\/2021\/05\/ENCABEZADO-LOGO-CA.jpg\",\"contentUrl\":\"https:\/\/colegioarquitectos.com\/noticias\/wp-content\/uploads\/2021\/05\/ENCABEZADO-LOGO-CA.jpg\",\"width\":690,\"height\":350,\"caption\":\"COLEGIO DE ARQUITECTOS DE CHILE\"},\"image\":{\"@id\":\"https:\/\/colegioarquitectos.com\/noticias\/#\/schema\/logo\/image\/\"},\"sameAs\":[\"https:\/\/facebook.com\/Colegioarq\/\",\"https:\/\/x.com\/colegioarq\",\"https:\/\/instagram.com\/colegioarq\",\"https:\/\/youtube.com\/@ColegiodeArquitectosdeChile\"]},{\"@type\":\"Person\",\"@id\":\"https:\/\/colegioarquitectos.com\/noticias\/#\/schema\/person\/b6c7e912cd1283c089114093ed09741f\",\"name\":\"Gabriel Salgado S.\",\"url\":\"https:\/\/colegioarquitectos.com\/noticias\/?author=1\"}]}<\/script>\n<!-- \/ Yoast SEO plugin. -->","yoast_head_json":{"title":"Presidente del Colegio de Arquitectos: \"Si el marco legal es laxo, el inversionista inmobiliario puede hacer lo que quiera\" - COLEGIO DE ARQUITECTOS DE CHILE","robots":{"index":"index","follow":"follow","max-snippet":"max-snippet:-1","max-image-preview":"max-image-preview:large","max-video-preview":"max-video-preview:-1"},"canonical":"https:\/\/colegioarquitectos.com\/noticias\/?p=4054","og_locale":"es_ES","og_type":"article","og_title":"Presidente del Colegio de Arquitectos: \"Si el marco legal es laxo, el inversionista inmobiliario puede hacer lo que quiera\" - COLEGIO DE ARQUITECTOS DE CHILE","og_description":"Sebasti\u00e1n Gray buscar\u00e1 imporner su sello en los pr\u00f3ximos dos a\u00f1os a la cabeza del gremio. por:\u00a0 Mart\u00edn Romero E.\/La Segunda \u00abCautelar por la calidad del ejercicio de la profesi\u00f3n\u00bb. Ese ser\u00e1 uno de los ejes que Sebasti\u00e1n Gray buscar\u00e1 &hellip; ver m\u00e1s","og_url":"https:\/\/colegioarquitectos.com\/noticias\/?p=4054","og_site_name":"COLEGIO DE ARQUITECTOS DE CHILE","article_publisher":"https:\/\/facebook.com\/Colegioarq\/","article_published_time":"2013-06-21T14:36:33+00:00","article_modified_time":"2013-06-21T14:36:46+00:00","og_image":[{"width":300,"height":356,"url":"https:\/\/colegioarquitectos.com\/noticias\/wp-content\/uploads\/2013\/06\/Cronica@4_G1E27JMRU_1_4655rec.jpg","type":"image\/jpeg"}],"author":"Gabriel Salgado S.","twitter_card":"summary_large_image","twitter_creator":"@colegioarq","twitter_site":"@colegioarq","twitter_misc":{"Escrito por":"Gabriel Salgado S.","Tiempo de lectura":"3 minutos"},"schema":{"@context":"https:\/\/schema.org","@graph":[{"@type":"Article","@id":"https:\/\/colegioarquitectos.com\/noticias\/?p=4054#article","isPartOf":{"@id":"https:\/\/colegioarquitectos.com\/noticias\/?p=4054"},"author":{"name":"Gabriel Salgado S.","@id":"https:\/\/colegioarquitectos.com\/noticias\/#\/schema\/person\/b6c7e912cd1283c089114093ed09741f"},"headline":"Presidente del Colegio de Arquitectos: \u00abSi el marco legal es laxo, el inversionista inmobiliario puede hacer lo que quiera\u00bb","datePublished":"2013-06-21T14:36:33+00:00","dateModified":"2013-06-21T14:36:46+00:00","mainEntityOfPage":{"@id":"https:\/\/colegioarquitectos.com\/noticias\/?p=4054"},"wordCount":619,"commentCount":3,"publisher":{"@id":"https:\/\/colegioarquitectos.com\/noticias\/#organization"},"image":{"@id":"https:\/\/colegioarquitectos.com\/noticias\/?p=4054#primaryimage"},"thumbnailUrl":"http:\/\/img.lasegunda.com\/Fotos\/2013\/06\/20\/Cronica@4_G1E27JMRU_1_4655rec.jpg","articleSection":["CA en la Prensa","Colegio"],"inLanguage":"es","potentialAction":[{"@type":"CommentAction","name":"Comment","target":["https:\/\/colegioarquitectos.com\/noticias\/?p=4054#respond"]}]},{"@type":"WebPage","@id":"https:\/\/colegioarquitectos.com\/noticias\/?p=4054","url":"https:\/\/colegioarquitectos.com\/noticias\/?p=4054","name":"Presidente del Colegio de Arquitectos: \"Si el marco legal es laxo, el inversionista inmobiliario puede hacer lo que quiera\" - COLEGIO DE ARQUITECTOS DE CHILE","isPartOf":{"@id":"https:\/\/colegioarquitectos.com\/noticias\/#website"},"primaryImageOfPage":{"@id":"https:\/\/colegioarquitectos.com\/noticias\/?p=4054#primaryimage"},"image":{"@id":"https:\/\/colegioarquitectos.com\/noticias\/?p=4054#primaryimage"},"thumbnailUrl":"http:\/\/img.lasegunda.com\/Fotos\/2013\/06\/20\/Cronica@4_G1E27JMRU_1_4655rec.jpg","datePublished":"2013-06-21T14:36:33+00:00","dateModified":"2013-06-21T14:36:46+00:00","breadcrumb":{"@id":"https:\/\/colegioarquitectos.com\/noticias\/?p=4054#breadcrumb"},"inLanguage":"es","potentialAction":[{"@type":"ReadAction","target":["https:\/\/colegioarquitectos.com\/noticias\/?p=4054"]}]},{"@type":"ImageObject","inLanguage":"es","@id":"https:\/\/colegioarquitectos.com\/noticias\/?p=4054#primaryimage","url":"http:\/\/img.lasegunda.com\/Fotos\/2013\/06\/20\/Cronica@4_G1E27JMRU_1_4655rec.jpg","contentUrl":"http:\/\/img.lasegunda.com\/Fotos\/2013\/06\/20\/Cronica@4_G1E27JMRU_1_4655rec.jpg"},{"@type":"BreadcrumbList","@id":"https:\/\/colegioarquitectos.com\/noticias\/?p=4054#breadcrumb","itemListElement":[{"@type":"ListItem","position":1,"name":"Portada","item":"https:\/\/colegioarquitectos.com\/noticias"},{"@type":"ListItem","position":2,"name":"Presidente del Colegio de Arquitectos: \u00abSi el marco legal es laxo, el inversionista inmobiliario puede hacer lo que quiera\u00bb"}]},{"@type":"WebSite","@id":"https:\/\/colegioarquitectos.com\/noticias\/#website","url":"https:\/\/colegioarquitectos.com\/noticias\/","name":"COLEGIO DE ARQUITECTOS DE CHILE","description":"","publisher":{"@id":"https:\/\/colegioarquitectos.com\/noticias\/#organization"},"potentialAction":[{"@type":"SearchAction","target":{"@type":"EntryPoint","urlTemplate":"https:\/\/colegioarquitectos.com\/noticias\/?s={search_term_string}"},"query-input":{"@type":"PropertyValueSpecification","valueRequired":true,"valueName":"search_term_string"}}],"inLanguage":"es"},{"@type":"Organization","@id":"https:\/\/colegioarquitectos.com\/noticias\/#organization","name":"COLEGIO DE ARQUITECTOS DE CHILE","url":"https:\/\/colegioarquitectos.com\/noticias\/","logo":{"@type":"ImageObject","inLanguage":"es","@id":"https:\/\/colegioarquitectos.com\/noticias\/#\/schema\/logo\/image\/","url":"https:\/\/colegioarquitectos.com\/noticias\/wp-content\/uploads\/2021\/05\/ENCABEZADO-LOGO-CA.jpg","contentUrl":"https:\/\/colegioarquitectos.com\/noticias\/wp-content\/uploads\/2021\/05\/ENCABEZADO-LOGO-CA.jpg","width":690,"height":350,"caption":"COLEGIO DE ARQUITECTOS DE CHILE"},"image":{"@id":"https:\/\/colegioarquitectos.com\/noticias\/#\/schema\/logo\/image\/"},"sameAs":["https:\/\/facebook.com\/Colegioarq\/","https:\/\/x.com\/colegioarq","https:\/\/instagram.com\/colegioarq","https:\/\/youtube.com\/@ColegiodeArquitectosdeChile"]},{"@type":"Person","@id":"https:\/\/colegioarquitectos.com\/noticias\/#\/schema\/person\/b6c7e912cd1283c089114093ed09741f","name":"Gabriel Salgado S.","url":"https:\/\/colegioarquitectos.com\/noticias\/?author=1"}]}},"_links":{"self":[{"href":"https:\/\/colegioarquitectos.com\/noticias\/index.php?rest_route=\/wp\/v2\/posts\/4054","targetHints":{"allow":["GET"]}}],"collection":[{"href":"https:\/\/colegioarquitectos.com\/noticias\/index.php?rest_route=\/wp\/v2\/posts"}],"about":[{"href":"https:\/\/colegioarquitectos.com\/noticias\/index.php?rest_route=\/wp\/v2\/types\/post"}],"author":[{"embeddable":true,"href":"https:\/\/colegioarquitectos.com\/noticias\/index.php?rest_route=\/wp\/v2\/users\/1"}],"replies":[{"embeddable":true,"href":"https:\/\/colegioarquitectos.com\/noticias\/index.php?rest_route=%2Fwp%2Fv2%2Fcomments&post=4054"}],"version-history":[{"count":0,"href":"https:\/\/colegioarquitectos.com\/noticias\/index.php?rest_route=\/wp\/v2\/posts\/4054\/revisions"}],"wp:attachment":[{"href":"https:\/\/colegioarquitectos.com\/noticias\/index.php?rest_route=%2Fwp%2Fv2%2Fmedia&parent=4054"}],"wp:term":[{"taxonomy":"category","embeddable":true,"href":"https:\/\/colegioarquitectos.com\/noticias\/index.php?rest_route=%2Fwp%2Fv2%2Fcategories&post=4054"},{"taxonomy":"post_tag","embeddable":true,"href":"https:\/\/colegioarquitectos.com\/noticias\/index.php?rest_route=%2Fwp%2Fv2%2Ftags&post=4054"}],"curies":[{"name":"wp","href":"https:\/\/api.w.org\/{rel}","templated":true}]}}