
{"id":4226,"date":"2013-07-22T14:49:19","date_gmt":"2013-07-22T14:49:19","guid":{"rendered":"http:\/\/colegioarquitectos.com\/noticias\/?p=4226"},"modified":"2013-07-22T15:18:10","modified_gmt":"2013-07-22T15:18:10","slug":"adios-fernando-castillo-adios-entranable-amigo-maestro-y-companero-2","status":"publish","type":"post","link":"https:\/\/colegioarquitectos.com\/noticias\/?p=4226","title":{"rendered":"Adi\u00f3s Fernando Castillo, Adi\u00f3s entra\u00f1able amigo, maestro y compa\u00f1ero. Discurso Arquitecto Miguel Lawner"},"content":{"rendered":"<p style=\"text-align: justify;\">Y se nos fue Fernando\u2026 imposible dimensionar ahora su ausencia\u2026 nos parec\u00eda un inmortal.<\/p>\n<p style=\"text-align: justify;\">Dif\u00edcil encontrar un ser humano que haya reunido tantas virtudes. Tanta consecuencia, tanta lealtad a los principios, tanta vocaci\u00f3n docente, tanto talento creativo, tanta ternura con sus semejantes, y todo esto, \u00a0adem\u00e1s de haber sido un pol\u00edtico ejemplar.<\/p>\n<p style=\"text-align: justify;\">Practic\u00f3, disfrut\u00f3 y brill\u00f3 como pocos en el noble oficio de la arquitectura. Siempre ejerci\u00f3 su disciplina profesional con la mayor dignidad,\u00a0 \u00a0procurando \u00a0repartir la belleza cualquiera que fuera el proyecto que debi\u00f3 enfrentar, ya sea una vivienda social o una comunidad, una industria o una universidad. Respetando el entorno y la flora existente.<\/p>\n<p style=\"text-align: justify;\">Junto a sus socios en la primera etapa de su pr\u00e1ctica profesional, \u00a0Carlos Bresciani, H\u00e9ctor Vald\u00e9s y Carlos Huidobro, Fernando nos entreg\u00f3 obras tan relevantes como la Unidad Vecinal Portales, con sus innovadoras calles elevadas y la generosidad de los espacios comunes, \u00a0o \u00a0las Torres de Tajamar, ese juego sabio y magn\u00edfico de los vol\u00famenes bajo la luz, como dir\u00eda Le Corbusier, ancladas al borde del r\u00edo Mapocho.<\/p>\n<p style=\"text-align: justify;\">Retornado del exilio, dio vida a las comunidades levantadas preferentemente en su comuna La Reina, verdaderos \u00a0oasis solidarios en medio de la fiebre mercantil vigente a la \u00e9poca.\u00a0 Fernando Castillo impuso un sello\u00a0 humanista en estos proyectos, intentando establecer una forma de convivencia m\u00e1s que una agrupaci\u00f3n de casas; asumiendo un rol del arquitecto al servicio de los sue\u00f1os y las aspiraciones de cada familia. \u00a0Construy\u00f3 estas comunidades despojadas de alardes, Se trata de obras en las cuales se conjugan arm\u00f3nicamente el ladrillo amasado a mano, con\u00a0 las nobles maderas de nuestros bosques milenarios.<\/p>\n<p style=\"text-align: justify;\">Siempre asumi\u00f3 sus tareas con una inagotable capacidad de fascinaci\u00f3n, tal como \u00e9l mismo calific\u00f3 esta disposici\u00f3n personal para enfrentar con entusiasmo, cualquier desaf\u00edo que tuvo por delante.<\/p>\n<p style=\"text-align: justify;\">La comuna de La Reina le debe a este alcalde el milagro de haber preservado la calidad de su espacio urbano, ahuyentando la fiebre inmobiliaria comercial que ha malogrado tantos\u00a0 barrios de la capital, as\u00ed como tambi\u00e9n debe agradecerle, el haber retenido en la comuna a las 1600 familias de la Villa La Reina, que gracias a su tenacidad lograron evitar su erradicaci\u00f3n a los suburbios, \u00fanica opci\u00f3n abierta para millones de humildes compatriotas, \u00a0forzados a vivir \u00a0\u00a0en entornos inaceptables.<\/p>\n<p style=\"text-align: justify;\">Fernando critic\u00f3 severamente las pol\u00edticas implementadas en la ocupaci\u00f3n del valle de Santiago, advirtiendo sobre el aumento indiscriminado del \u00e1rea urbana a costa de los mejores suelos agr\u00edcolas. Tambi\u00e9n rechaz\u00f3 la brutal intervenci\u00f3n representada por las autopistas urbanas y defendi\u00f3 los principios fundamentales de la planificaci\u00f3n urbana as\u00ed como el rol insustituible del sector p\u00fablico, tanto en planificaci\u00f3n f\u00edsica como en vivienda.<\/p>\n<p style=\"text-align: justify;\">Tuve el privilegio de participar junto a \u00e9l en muchas actividades durante los a\u00f1os de la dictadura. Compartimos columnas en la Revista An\u00e1lisis, \u00f3rgano irreductible en defensa de los Derechos Humanos. Nos unimos a las barricadas que levantaron \u00a0los estudiantes de arquitectura de la Universidad de Chile,\u00a0 cuando exig\u00edan la renuncia de un Rector impuesto por las bayonetas y honramos la memoria de\u00a0 Pablo Neruda en un imponente acto desarrollado el a\u00f1o 1984 en un Teatro Caupolic\u00e1n acosado por la polic\u00eda, cuando nuestro insigne Premio Nobel habr\u00eda cumplido sus 80 a\u00f1os de vida.<\/p>\n<p style=\"text-align: justify;\">Hemos perdido al m\u00e1s eminente de nuestros colegas,\u00a0 cuya vida ejemplar sigue inspirando a las nuevas generaciones,\u00a0 en su lucha por restituir las banderas que Fernando enarbol\u00f3 ayer.<\/p>\n<p style=\"text-align: justify;\">Pocos como t\u00fa, querido Fernando, se ganaron el derecho a descansar\u00a0 en paz.<\/p>\n<p style=\"text-align: justify;\">Adi\u00f3s entra\u00f1able amigo, maestro y compa\u00f1ero.<\/p>\n<p style=\"text-align: justify;\"><strong>Miguel Lawner<\/strong><\/p>\n<p style=\"text-align: justify;\"><strong>Santiago, 19 de Julio de 2013.<\/strong><\/p>\n<p><\/p>","protected":false},"excerpt":{"rendered":"<p>Y se nos fue Fernando\u2026 imposible dimensionar ahora su ausencia\u2026 nos parec\u00eda un inmortal. Dif\u00edcil encontrar un ser humano que haya reunido tantas virtudes. Tanta consecuencia, tanta lealtad a los principios, tanta vocaci\u00f3n docente, tanto talento creativo, tanta ternura con &hellip; <a class=\"more-link\" href=\"https:\/\/colegioarquitectos.com\/noticias\/?p=4226\">ver m\u00e1s<\/a><\/p>","protected":false},"author":1,"featured_media":0,"comment_status":"open","ping_status":"open","sticky":false,"template":"","format":"standard","meta":{"footnotes":""},"categories":[15,8],"tags":[],"class_list":["post-4226","post","type-post","status-publish","format-standard","hentry","category-cartas","category-colegio-de-arquitectos"],"yoast_head":"<!-- This site is optimized with the Yoast SEO plugin v24.2 - https:\/\/yoast.com\/wordpress\/plugins\/seo\/ -->\n<title>Adi\u00f3s Fernando Castillo, Adi\u00f3s entra\u00f1able amigo, maestro y compa\u00f1ero. Discurso Arquitecto Miguel Lawner - COLEGIO DE ARQUITECTOS DE CHILE<\/title>\n<meta name=\"robots\" content=\"index, follow, max-snippet:-1, max-image-preview:large, max-video-preview:-1\" \/>\n<link rel=\"canonical\" href=\"https:\/\/colegioarquitectos.com\/noticias\/?p=4226\" \/>\n<meta property=\"og:locale\" content=\"es_ES\" \/>\n<meta property=\"og:type\" content=\"article\" \/>\n<meta property=\"og:title\" content=\"Adi\u00f3s Fernando Castillo, Adi\u00f3s entra\u00f1able amigo, maestro y compa\u00f1ero. Discurso Arquitecto Miguel Lawner - COLEGIO DE ARQUITECTOS DE CHILE\" \/>\n<meta property=\"og:description\" content=\"Y se nos fue Fernando\u2026 imposible dimensionar ahora su ausencia\u2026 nos parec\u00eda un inmortal. Dif\u00edcil encontrar un ser humano que haya reunido tantas virtudes. Tanta consecuencia, tanta lealtad a los principios, tanta vocaci\u00f3n docente, tanto talento creativo, tanta ternura con &hellip; ver m\u00e1s\" \/>\n<meta property=\"og:url\" content=\"https:\/\/colegioarquitectos.com\/noticias\/?p=4226\" \/>\n<meta property=\"og:site_name\" content=\"COLEGIO DE ARQUITECTOS DE CHILE\" \/>\n<meta property=\"article:publisher\" content=\"https:\/\/facebook.com\/Colegioarq\/\" \/>\n<meta property=\"article:published_time\" content=\"2013-07-22T14:49:19+00:00\" \/>\n<meta property=\"article:modified_time\" content=\"2013-07-22T15:18:10+00:00\" \/>\n<meta name=\"author\" content=\"Gabriel Salgado S.\" \/>\n<meta name=\"twitter:card\" content=\"summary_large_image\" \/>\n<meta name=\"twitter:creator\" content=\"@colegioarq\" \/>\n<meta name=\"twitter:site\" content=\"@colegioarq\" \/>\n<meta name=\"twitter:label1\" content=\"Escrito por\" \/>\n\t<meta name=\"twitter:data1\" content=\"Gabriel Salgado S.\" \/>\n\t<meta name=\"twitter:label2\" content=\"Tiempo de lectura\" \/>\n\t<meta name=\"twitter:data2\" content=\"3 minutos\" \/>\n<script type=\"application\/ld+json\" class=\"yoast-schema-graph\">{\"@context\":\"https:\/\/schema.org\",\"@graph\":[{\"@type\":\"Article\",\"@id\":\"https:\/\/colegioarquitectos.com\/noticias\/?p=4226#article\",\"isPartOf\":{\"@id\":\"https:\/\/colegioarquitectos.com\/noticias\/?p=4226\"},\"author\":{\"name\":\"Gabriel Salgado S.\",\"@id\":\"https:\/\/colegioarquitectos.com\/noticias\/#\/schema\/person\/b6c7e912cd1283c089114093ed09741f\"},\"headline\":\"Adi\u00f3s Fernando Castillo, Adi\u00f3s entra\u00f1able amigo, maestro y compa\u00f1ero. Discurso Arquitecto Miguel Lawner\",\"datePublished\":\"2013-07-22T14:49:19+00:00\",\"dateModified\":\"2013-07-22T15:18:10+00:00\",\"mainEntityOfPage\":{\"@id\":\"https:\/\/colegioarquitectos.com\/noticias\/?p=4226\"},\"wordCount\":641,\"commentCount\":0,\"publisher\":{\"@id\":\"https:\/\/colegioarquitectos.com\/noticias\/#organization\"},\"articleSection\":[\"Cartas\",\"Colegio\"],\"inLanguage\":\"es\",\"potentialAction\":[{\"@type\":\"CommentAction\",\"name\":\"Comment\",\"target\":[\"https:\/\/colegioarquitectos.com\/noticias\/?p=4226#respond\"]}]},{\"@type\":\"WebPage\",\"@id\":\"https:\/\/colegioarquitectos.com\/noticias\/?p=4226\",\"url\":\"https:\/\/colegioarquitectos.com\/noticias\/?p=4226\",\"name\":\"Adi\u00f3s Fernando Castillo, Adi\u00f3s entra\u00f1able amigo, maestro y compa\u00f1ero. Discurso Arquitecto Miguel Lawner - COLEGIO DE ARQUITECTOS DE CHILE\",\"isPartOf\":{\"@id\":\"https:\/\/colegioarquitectos.com\/noticias\/#website\"},\"datePublished\":\"2013-07-22T14:49:19+00:00\",\"dateModified\":\"2013-07-22T15:18:10+00:00\",\"breadcrumb\":{\"@id\":\"https:\/\/colegioarquitectos.com\/noticias\/?p=4226#breadcrumb\"},\"inLanguage\":\"es\",\"potentialAction\":[{\"@type\":\"ReadAction\",\"target\":[\"https:\/\/colegioarquitectos.com\/noticias\/?p=4226\"]}]},{\"@type\":\"BreadcrumbList\",\"@id\":\"https:\/\/colegioarquitectos.com\/noticias\/?p=4226#breadcrumb\",\"itemListElement\":[{\"@type\":\"ListItem\",\"position\":1,\"name\":\"Portada\",\"item\":\"https:\/\/colegioarquitectos.com\/noticias\"},{\"@type\":\"ListItem\",\"position\":2,\"name\":\"Adi\u00f3s Fernando Castillo, Adi\u00f3s entra\u00f1able amigo, maestro y compa\u00f1ero. Discurso Arquitecto Miguel Lawner\"}]},{\"@type\":\"WebSite\",\"@id\":\"https:\/\/colegioarquitectos.com\/noticias\/#website\",\"url\":\"https:\/\/colegioarquitectos.com\/noticias\/\",\"name\":\"COLEGIO DE ARQUITECTOS DE CHILE\",\"description\":\"\",\"publisher\":{\"@id\":\"https:\/\/colegioarquitectos.com\/noticias\/#organization\"},\"potentialAction\":[{\"@type\":\"SearchAction\",\"target\":{\"@type\":\"EntryPoint\",\"urlTemplate\":\"https:\/\/colegioarquitectos.com\/noticias\/?s={search_term_string}\"},\"query-input\":{\"@type\":\"PropertyValueSpecification\",\"valueRequired\":true,\"valueName\":\"search_term_string\"}}],\"inLanguage\":\"es\"},{\"@type\":\"Organization\",\"@id\":\"https:\/\/colegioarquitectos.com\/noticias\/#organization\",\"name\":\"COLEGIO DE ARQUITECTOS DE CHILE\",\"url\":\"https:\/\/colegioarquitectos.com\/noticias\/\",\"logo\":{\"@type\":\"ImageObject\",\"inLanguage\":\"es\",\"@id\":\"https:\/\/colegioarquitectos.com\/noticias\/#\/schema\/logo\/image\/\",\"url\":\"https:\/\/colegioarquitectos.com\/noticias\/wp-content\/uploads\/2021\/05\/ENCABEZADO-LOGO-CA.jpg\",\"contentUrl\":\"https:\/\/colegioarquitectos.com\/noticias\/wp-content\/uploads\/2021\/05\/ENCABEZADO-LOGO-CA.jpg\",\"width\":690,\"height\":350,\"caption\":\"COLEGIO DE ARQUITECTOS DE CHILE\"},\"image\":{\"@id\":\"https:\/\/colegioarquitectos.com\/noticias\/#\/schema\/logo\/image\/\"},\"sameAs\":[\"https:\/\/facebook.com\/Colegioarq\/\",\"https:\/\/x.com\/colegioarq\",\"https:\/\/instagram.com\/colegioarq\",\"https:\/\/youtube.com\/@ColegiodeArquitectosdeChile\"]},{\"@type\":\"Person\",\"@id\":\"https:\/\/colegioarquitectos.com\/noticias\/#\/schema\/person\/b6c7e912cd1283c089114093ed09741f\",\"name\":\"Gabriel Salgado S.\",\"url\":\"https:\/\/colegioarquitectos.com\/noticias\/?author=1\"}]}<\/script>\n<!-- \/ Yoast SEO plugin. -->","yoast_head_json":{"title":"Adi\u00f3s Fernando Castillo, Adi\u00f3s entra\u00f1able amigo, maestro y compa\u00f1ero. Discurso Arquitecto Miguel Lawner - COLEGIO DE ARQUITECTOS DE CHILE","robots":{"index":"index","follow":"follow","max-snippet":"max-snippet:-1","max-image-preview":"max-image-preview:large","max-video-preview":"max-video-preview:-1"},"canonical":"https:\/\/colegioarquitectos.com\/noticias\/?p=4226","og_locale":"es_ES","og_type":"article","og_title":"Adi\u00f3s Fernando Castillo, Adi\u00f3s entra\u00f1able amigo, maestro y compa\u00f1ero. Discurso Arquitecto Miguel Lawner - COLEGIO DE ARQUITECTOS DE CHILE","og_description":"Y se nos fue Fernando\u2026 imposible dimensionar ahora su ausencia\u2026 nos parec\u00eda un inmortal. Dif\u00edcil encontrar un ser humano que haya reunido tantas virtudes. Tanta consecuencia, tanta lealtad a los principios, tanta vocaci\u00f3n docente, tanto talento creativo, tanta ternura con &hellip; ver m\u00e1s","og_url":"https:\/\/colegioarquitectos.com\/noticias\/?p=4226","og_site_name":"COLEGIO DE ARQUITECTOS DE CHILE","article_publisher":"https:\/\/facebook.com\/Colegioarq\/","article_published_time":"2013-07-22T14:49:19+00:00","article_modified_time":"2013-07-22T15:18:10+00:00","author":"Gabriel Salgado S.","twitter_card":"summary_large_image","twitter_creator":"@colegioarq","twitter_site":"@colegioarq","twitter_misc":{"Escrito por":"Gabriel Salgado S.","Tiempo de lectura":"3 minutos"},"schema":{"@context":"https:\/\/schema.org","@graph":[{"@type":"Article","@id":"https:\/\/colegioarquitectos.com\/noticias\/?p=4226#article","isPartOf":{"@id":"https:\/\/colegioarquitectos.com\/noticias\/?p=4226"},"author":{"name":"Gabriel Salgado S.","@id":"https:\/\/colegioarquitectos.com\/noticias\/#\/schema\/person\/b6c7e912cd1283c089114093ed09741f"},"headline":"Adi\u00f3s Fernando Castillo, Adi\u00f3s entra\u00f1able amigo, maestro y compa\u00f1ero. Discurso Arquitecto Miguel Lawner","datePublished":"2013-07-22T14:49:19+00:00","dateModified":"2013-07-22T15:18:10+00:00","mainEntityOfPage":{"@id":"https:\/\/colegioarquitectos.com\/noticias\/?p=4226"},"wordCount":641,"commentCount":0,"publisher":{"@id":"https:\/\/colegioarquitectos.com\/noticias\/#organization"},"articleSection":["Cartas","Colegio"],"inLanguage":"es","potentialAction":[{"@type":"CommentAction","name":"Comment","target":["https:\/\/colegioarquitectos.com\/noticias\/?p=4226#respond"]}]},{"@type":"WebPage","@id":"https:\/\/colegioarquitectos.com\/noticias\/?p=4226","url":"https:\/\/colegioarquitectos.com\/noticias\/?p=4226","name":"Adi\u00f3s Fernando Castillo, Adi\u00f3s entra\u00f1able amigo, maestro y compa\u00f1ero. Discurso Arquitecto Miguel Lawner - COLEGIO DE ARQUITECTOS DE CHILE","isPartOf":{"@id":"https:\/\/colegioarquitectos.com\/noticias\/#website"},"datePublished":"2013-07-22T14:49:19+00:00","dateModified":"2013-07-22T15:18:10+00:00","breadcrumb":{"@id":"https:\/\/colegioarquitectos.com\/noticias\/?p=4226#breadcrumb"},"inLanguage":"es","potentialAction":[{"@type":"ReadAction","target":["https:\/\/colegioarquitectos.com\/noticias\/?p=4226"]}]},{"@type":"BreadcrumbList","@id":"https:\/\/colegioarquitectos.com\/noticias\/?p=4226#breadcrumb","itemListElement":[{"@type":"ListItem","position":1,"name":"Portada","item":"https:\/\/colegioarquitectos.com\/noticias"},{"@type":"ListItem","position":2,"name":"Adi\u00f3s Fernando Castillo, Adi\u00f3s entra\u00f1able amigo, maestro y compa\u00f1ero. Discurso Arquitecto Miguel Lawner"}]},{"@type":"WebSite","@id":"https:\/\/colegioarquitectos.com\/noticias\/#website","url":"https:\/\/colegioarquitectos.com\/noticias\/","name":"COLEGIO DE ARQUITECTOS DE CHILE","description":"","publisher":{"@id":"https:\/\/colegioarquitectos.com\/noticias\/#organization"},"potentialAction":[{"@type":"SearchAction","target":{"@type":"EntryPoint","urlTemplate":"https:\/\/colegioarquitectos.com\/noticias\/?s={search_term_string}"},"query-input":{"@type":"PropertyValueSpecification","valueRequired":true,"valueName":"search_term_string"}}],"inLanguage":"es"},{"@type":"Organization","@id":"https:\/\/colegioarquitectos.com\/noticias\/#organization","name":"COLEGIO DE ARQUITECTOS DE CHILE","url":"https:\/\/colegioarquitectos.com\/noticias\/","logo":{"@type":"ImageObject","inLanguage":"es","@id":"https:\/\/colegioarquitectos.com\/noticias\/#\/schema\/logo\/image\/","url":"https:\/\/colegioarquitectos.com\/noticias\/wp-content\/uploads\/2021\/05\/ENCABEZADO-LOGO-CA.jpg","contentUrl":"https:\/\/colegioarquitectos.com\/noticias\/wp-content\/uploads\/2021\/05\/ENCABEZADO-LOGO-CA.jpg","width":690,"height":350,"caption":"COLEGIO DE ARQUITECTOS DE CHILE"},"image":{"@id":"https:\/\/colegioarquitectos.com\/noticias\/#\/schema\/logo\/image\/"},"sameAs":["https:\/\/facebook.com\/Colegioarq\/","https:\/\/x.com\/colegioarq","https:\/\/instagram.com\/colegioarq","https:\/\/youtube.com\/@ColegiodeArquitectosdeChile"]},{"@type":"Person","@id":"https:\/\/colegioarquitectos.com\/noticias\/#\/schema\/person\/b6c7e912cd1283c089114093ed09741f","name":"Gabriel Salgado S.","url":"https:\/\/colegioarquitectos.com\/noticias\/?author=1"}]}},"_links":{"self":[{"href":"https:\/\/colegioarquitectos.com\/noticias\/index.php?rest_route=\/wp\/v2\/posts\/4226","targetHints":{"allow":["GET"]}}],"collection":[{"href":"https:\/\/colegioarquitectos.com\/noticias\/index.php?rest_route=\/wp\/v2\/posts"}],"about":[{"href":"https:\/\/colegioarquitectos.com\/noticias\/index.php?rest_route=\/wp\/v2\/types\/post"}],"author":[{"embeddable":true,"href":"https:\/\/colegioarquitectos.com\/noticias\/index.php?rest_route=\/wp\/v2\/users\/1"}],"replies":[{"embeddable":true,"href":"https:\/\/colegioarquitectos.com\/noticias\/index.php?rest_route=%2Fwp%2Fv2%2Fcomments&post=4226"}],"version-history":[{"count":0,"href":"https:\/\/colegioarquitectos.com\/noticias\/index.php?rest_route=\/wp\/v2\/posts\/4226\/revisions"}],"wp:attachment":[{"href":"https:\/\/colegioarquitectos.com\/noticias\/index.php?rest_route=%2Fwp%2Fv2%2Fmedia&parent=4226"}],"wp:term":[{"taxonomy":"category","embeddable":true,"href":"https:\/\/colegioarquitectos.com\/noticias\/index.php?rest_route=%2Fwp%2Fv2%2Fcategories&post=4226"},{"taxonomy":"post_tag","embeddable":true,"href":"https:\/\/colegioarquitectos.com\/noticias\/index.php?rest_route=%2Fwp%2Fv2%2Ftags&post=4226"}],"curies":[{"name":"wp","href":"https:\/\/api.w.org\/{rel}","templated":true}]}}