
{"id":4284,"date":"2013-07-29T20:46:55","date_gmt":"2013-07-29T20:46:55","guid":{"rendered":"http:\/\/colegioarquitectos.com\/noticias\/?p=4284"},"modified":"2013-07-29T20:48:21","modified_gmt":"2013-07-29T20:48:21","slug":"la-responsabilidad-del-arquitecto-sobre-el-nuevo-presidente-del-colegio-de-arquitectos-de-chile","status":"publish","type":"post","link":"https:\/\/colegioarquitectos.com\/noticias\/?p=4284","title":{"rendered":"La responsabilidad del arquitecto. Sobre el nuevo presidente del Colegio de Arquitectos de Chile"},"content":{"rendered":"<div>\n<h2>El presidente furioso<\/h2>\n<p>27 de julio de 2013 publicado en <a href=\"www.arquine.com\" target=\"_blank\">ARQUINE.COM<\/a><\/p>\n<\/div>\n<div>\n<p style=\"text-align: justify;\">por\u00a0<strong>Alejandro Hern\u00e1ndez\u00a0<\/strong> |\u00a0<a href=\"https:\/\/twitter.com\/otrootroblog\" target=\"_blank\">@otrootroblog<\/a><\/p>\n<p style=\"text-align: justify;\"><b>\u201cTener una profesi\u00f3n no es s\u00f3lo tener un saber, sino profesarlo: defenderlo con un discurso que es finalmente pol\u00edtico\u201d<\/b>. Eso lo le\u00ed en una entrevista con el t\u00edtulo el <a href=\"http:\/\/www.defendamoslaciudad.cl\/index.php\/noticias\/item\/3492-el-arquitecto-furioso\">arquitecto furioso<\/a>. El entrevistado \u2014el furioso\u2014 es Sebasti\u00e1n Gray, nuevo presidente del Colegio de arquitectos, pero de Chile. Gray se gradu\u00f3 en la Pontificia Universidad Cat\u00f3lica en 1985 e hizo una maestr\u00eda en el MIT. Es socio de <a href=\"http:\/\/www.bgarquitectos.cl\">BG arquitectos<\/a> y ha sido curador del pabell\u00f3n chileno en las bienales de Venecia del 2002, 2004 y 2010. Tambi\u00e9n ha sido columnista en varios diarios y revistas. Pero no es s\u00f3lo su curriculum lo que me llama la atenci\u00f3n. Desde que le\u00ed la entrevista citada, empec\u00e9 a seguir a <a href=\"https:\/\/twitter.com\/sebastian_gray\">Gray en tuiter<\/a>.<\/p>\n<p style=\"text-align: justify;\">Gray tuitea intensamente. Lo hace sobre asuntos arquitect\u00f3nicos y urbanos, pero tambi\u00e9n se\u00f1ala al pol\u00edtico que no se interesa por lo p\u00fablico, sea la arquitectura, el espacio o la pol\u00edtica en el m\u00e1s amplio sentido \u2014\u201cquedan pocos meses para que se acabe este desgobierno\u201d, se lee en un tuit reciente de Gray. Habla a favor de la igualdad de derechos para parejas del mismo sexo \u2014es uno de los directores de la <a href=\"http:\/\/www.iguales.cl\">Fundaci\u00f3n Iguales<\/a>\u2014 o del de las mujeres para decidir sobre su cuerpo. En pocas palabras: toma posici\u00f3n, abiertamente. Se distancia de lo que no le parece; argumenta y critica.<\/p>\n<p style=\"text-align: justify;\">\u00bfPor qu\u00e9 habr\u00eda de sorprenderme la actitud de Sebasti\u00e1n Gray? <strong>Simplemente porque es algo que ac\u00e1 no vemos<\/strong>. Es costumbre \u2014al menos en lo que yo alcanzo a recordar\u2014 que los dirigentes de las asociaciones y colegios de arquitectos en M\u00e9xico callen lo que piensan, que no tomen abiertamente una posici\u00f3n pol\u00edtica y mucho menos que critiquen a los gobernantes. A decir verdad, al igual que la gran mayor\u00eda de los arquitectos. Aqu\u00ed seguimos fielmente \u2014y claro, no s\u00f3lo entre arquitectos\u2014 aquella m\u00e1xima de que <strong>el que se mueve no sale en la foto<\/strong>. Si llega a haber alguna cr\u00edtica u oposici\u00f3n p\u00fablicas del Colegio de arquitectos de M\u00e9xico a acciones u omisiones de nuestros gobiernos, ser\u00e1 mediante una carta que cumpla con todo el rebuscado formalismo a que obliga la ret\u00f3rica nacional: estimado se\u00f1or ciudadano licenciado don fulano de tal, respetuosamente este Colegio de arquitectos le pide atender las demandas que nuestro gremio, siempre dispuesto a servir a la sociedad\u2026 o algo por el estilo.<\/p>\n<p style=\"text-align: justify;\">El actual presidente del Colegio de arquitectos de M\u00e9xico es Fernando M\u00e9ndez Bernal. He buscado en la red tratando de conocer su punto de vista sobre distintos asuntos, tanto relativos a la profesi\u00f3n como a la ciudad, la pol\u00edtica o, como suele decirse, la actualidad. No he encontrado mucho: <a href=\"http:\/\/www.especialistas.com.mx\/saiweb\/viewer.aspx?file=4ejBjxeato5yStCGOR9vKpo1BRuUysylRcNSyFiQV\/QCTvIdKNo3tfkuNuQMTMUK5AjEISV4BiOBu\/b0Yx51XA==&amp;opcion=0&amp;encrip=1\">algunas ideas sobre la vivienda<\/a> \u2014sin tomar una postura firme sobre el desastre que se fragu\u00f3 en a\u00f1os recientes en ese asunto\u2014 y no mucho m\u00e1s. No tuitea, por ejemplo. Claro, podr\u00e1 decirse que como yo no estoy colegiado no estoy al tanto de esa informaci\u00f3n. Pero tampoco estoy colegiado en Chile y me entero de lo que el presidente de su colegio piensa. \u00bfPor qu\u00e9? Porque, supongo, Gray ha asumido un compromiso p\u00fablico \u2014es decir, de nuevo, pol\u00edtico\u2014 como arquitecto \u2014m\u00e1s all\u00e1 de su papel como representante del gremio. Cosa bastante poco usual en nuestro medio.<\/p>\n<p style=\"text-align: justify;\">Muchas veces, hablando con amigos, se me ocurri\u00f3 explicar la innegable calidad de la arquitectura chilena reciente como resultado, al menos en parte, de la existencia de una clase media consolidada y m\u00e1s: ilustrada. Ahora me doy cuenta de que constru\u00eda una coartada: cualquier defecto de la arquitectura mexicana ser\u00eda explicable por lo reducido de esa clase social y no ser\u00eda responsabilidad directa de los arquitectos. Y no: si la arquitectura en M\u00e9xico no anda tan bien como nuestro inflamado patriotismo afirma enf\u00e1tico en ciertas ocasiones, es porque los arquitectos muchas veces no asumimos nuestro papel: ni como t\u00e9cnicos especializados ni como cr\u00edticos de las condiciones existentes. Callamos y, as\u00ed, aceptamos, haciendo de la complacencia \u2014ya lo he dicho antes\u2014 complicidad. Debemos entender \u2014para citar de nuevo a Sebasti\u00e1n Gray\u2014 que <b>\u201cla buena arquitectura es la que se suma como una pieza m\u00e1s en un continuo de paisaje urbano y espacio p\u00fablico de calidad\u201d<\/b> y que \u201c<b>la arquitectura compromete una responsabilidad colectiva m\u00e1s all\u00e1 de los atributos singulares de un edificio\u201d.<\/b> Y debemos hablar, tener una voz y una posici\u00f3n p\u00fablicas.<\/p>\n<p><strong>Fuente<\/strong>:Arquine,\u00a0 http:\/\/www.arquine.com\/blog\/el-presidente-furioso\/<\/p>\n<\/div>\n<p><\/p>","protected":false},"excerpt":{"rendered":"<p>El presidente furioso 27 de julio de 2013 publicado en ARQUINE.COM por\u00a0Alejandro Hern\u00e1ndez\u00a0 |\u00a0@otrootroblog \u201cTener una profesi\u00f3n no es s\u00f3lo tener un saber, sino profesarlo: defenderlo con un discurso que es finalmente pol\u00edtico\u201d. Eso lo le\u00ed en una entrevista con &hellip; <a class=\"more-link\" href=\"https:\/\/colegioarquitectos.com\/noticias\/?p=4284\">ver m\u00e1s<\/a><\/p>","protected":false},"author":1,"featured_media":4285,"comment_status":"open","ping_status":"open","sticky":false,"template":"","format":"standard","meta":{"footnotes":""},"categories":[42,8],"tags":[],"class_list":["post-4284","post","type-post","status-publish","format-standard","has-post-thumbnail","hentry","category-ca-en-la-prensa","category-colegio-de-arquitectos"],"yoast_head":"<!-- This site is optimized with the Yoast SEO plugin v24.2 - https:\/\/yoast.com\/wordpress\/plugins\/seo\/ -->\n<title>La responsabilidad del arquitecto. Sobre el nuevo presidente del Colegio de Arquitectos de Chile - COLEGIO DE ARQUITECTOS DE CHILE<\/title>\n<meta name=\"robots\" content=\"index, follow, max-snippet:-1, max-image-preview:large, max-video-preview:-1\" \/>\n<link rel=\"canonical\" href=\"https:\/\/colegioarquitectos.com\/noticias\/?p=4284\" \/>\n<meta property=\"og:locale\" content=\"es_ES\" \/>\n<meta property=\"og:type\" content=\"article\" \/>\n<meta property=\"og:title\" content=\"La responsabilidad del arquitecto. Sobre el nuevo presidente del Colegio de Arquitectos de Chile - COLEGIO DE ARQUITECTOS DE CHILE\" \/>\n<meta property=\"og:description\" content=\"El presidente furioso 27 de julio de 2013 publicado en ARQUINE.COM por\u00a0Alejandro Hern\u00e1ndez\u00a0 |\u00a0@otrootroblog \u201cTener una profesi\u00f3n no es s\u00f3lo tener un saber, sino profesarlo: defenderlo con un discurso que es finalmente pol\u00edtico\u201d. Eso lo le\u00ed en una entrevista con &hellip; ver m\u00e1s\" \/>\n<meta property=\"og:url\" content=\"https:\/\/colegioarquitectos.com\/noticias\/?p=4284\" \/>\n<meta property=\"og:site_name\" content=\"COLEGIO DE ARQUITECTOS DE CHILE\" \/>\n<meta property=\"article:publisher\" content=\"https:\/\/facebook.com\/Colegioarq\/\" \/>\n<meta property=\"article:published_time\" content=\"2013-07-29T20:46:55+00:00\" \/>\n<meta property=\"article:modified_time\" content=\"2013-07-29T20:48:21+00:00\" \/>\n<meta property=\"og:image\" content=\"https:\/\/colegioarquitectos.com\/noticias\/wp-content\/uploads\/2013\/07\/grrey-310x140.jpg\" \/>\n\t<meta property=\"og:image:width\" content=\"310\" \/>\n\t<meta property=\"og:image:height\" content=\"140\" \/>\n\t<meta property=\"og:image:type\" content=\"image\/jpeg\" \/>\n<meta name=\"author\" content=\"Gabriel Salgado S.\" \/>\n<meta name=\"twitter:card\" content=\"summary_large_image\" \/>\n<meta name=\"twitter:creator\" content=\"@colegioarq\" \/>\n<meta name=\"twitter:site\" content=\"@colegioarq\" \/>\n<meta name=\"twitter:label1\" content=\"Escrito por\" \/>\n\t<meta name=\"twitter:data1\" content=\"Gabriel Salgado S.\" \/>\n\t<meta name=\"twitter:label2\" content=\"Tiempo de lectura\" \/>\n\t<meta name=\"twitter:data2\" content=\"4 minutos\" \/>\n<script type=\"application\/ld+json\" class=\"yoast-schema-graph\">{\"@context\":\"https:\/\/schema.org\",\"@graph\":[{\"@type\":\"Article\",\"@id\":\"https:\/\/colegioarquitectos.com\/noticias\/?p=4284#article\",\"isPartOf\":{\"@id\":\"https:\/\/colegioarquitectos.com\/noticias\/?p=4284\"},\"author\":{\"name\":\"Gabriel Salgado S.\",\"@id\":\"https:\/\/colegioarquitectos.com\/noticias\/#\/schema\/person\/b6c7e912cd1283c089114093ed09741f\"},\"headline\":\"La responsabilidad del arquitecto. Sobre el nuevo presidente del Colegio de Arquitectos de Chile\",\"datePublished\":\"2013-07-29T20:46:55+00:00\",\"dateModified\":\"2013-07-29T20:48:21+00:00\",\"mainEntityOfPage\":{\"@id\":\"https:\/\/colegioarquitectos.com\/noticias\/?p=4284\"},\"wordCount\":805,\"commentCount\":0,\"publisher\":{\"@id\":\"https:\/\/colegioarquitectos.com\/noticias\/#organization\"},\"image\":{\"@id\":\"https:\/\/colegioarquitectos.com\/noticias\/?p=4284#primaryimage\"},\"thumbnailUrl\":\"https:\/\/colegioarquitectos.com\/noticias\/wp-content\/uploads\/2013\/07\/grrey-310x140.jpg\",\"articleSection\":[\"CA en la Prensa\",\"Colegio\"],\"inLanguage\":\"es\",\"potentialAction\":[{\"@type\":\"CommentAction\",\"name\":\"Comment\",\"target\":[\"https:\/\/colegioarquitectos.com\/noticias\/?p=4284#respond\"]}]},{\"@type\":\"WebPage\",\"@id\":\"https:\/\/colegioarquitectos.com\/noticias\/?p=4284\",\"url\":\"https:\/\/colegioarquitectos.com\/noticias\/?p=4284\",\"name\":\"La responsabilidad del arquitecto. Sobre el nuevo presidente del Colegio de Arquitectos de Chile - COLEGIO DE ARQUITECTOS DE CHILE\",\"isPartOf\":{\"@id\":\"https:\/\/colegioarquitectos.com\/noticias\/#website\"},\"primaryImageOfPage\":{\"@id\":\"https:\/\/colegioarquitectos.com\/noticias\/?p=4284#primaryimage\"},\"image\":{\"@id\":\"https:\/\/colegioarquitectos.com\/noticias\/?p=4284#primaryimage\"},\"thumbnailUrl\":\"https:\/\/colegioarquitectos.com\/noticias\/wp-content\/uploads\/2013\/07\/grrey-310x140.jpg\",\"datePublished\":\"2013-07-29T20:46:55+00:00\",\"dateModified\":\"2013-07-29T20:48:21+00:00\",\"breadcrumb\":{\"@id\":\"https:\/\/colegioarquitectos.com\/noticias\/?p=4284#breadcrumb\"},\"inLanguage\":\"es\",\"potentialAction\":[{\"@type\":\"ReadAction\",\"target\":[\"https:\/\/colegioarquitectos.com\/noticias\/?p=4284\"]}]},{\"@type\":\"ImageObject\",\"inLanguage\":\"es\",\"@id\":\"https:\/\/colegioarquitectos.com\/noticias\/?p=4284#primaryimage\",\"url\":\"https:\/\/colegioarquitectos.com\/noticias\/wp-content\/uploads\/2013\/07\/grrey-310x140.jpg\",\"contentUrl\":\"https:\/\/colegioarquitectos.com\/noticias\/wp-content\/uploads\/2013\/07\/grrey-310x140.jpg\",\"width\":310,\"height\":140},{\"@type\":\"BreadcrumbList\",\"@id\":\"https:\/\/colegioarquitectos.com\/noticias\/?p=4284#breadcrumb\",\"itemListElement\":[{\"@type\":\"ListItem\",\"position\":1,\"name\":\"Portada\",\"item\":\"https:\/\/colegioarquitectos.com\/noticias\"},{\"@type\":\"ListItem\",\"position\":2,\"name\":\"La responsabilidad del arquitecto. Sobre el nuevo presidente del Colegio de Arquitectos de Chile\"}]},{\"@type\":\"WebSite\",\"@id\":\"https:\/\/colegioarquitectos.com\/noticias\/#website\",\"url\":\"https:\/\/colegioarquitectos.com\/noticias\/\",\"name\":\"COLEGIO DE ARQUITECTOS DE CHILE\",\"description\":\"\",\"publisher\":{\"@id\":\"https:\/\/colegioarquitectos.com\/noticias\/#organization\"},\"potentialAction\":[{\"@type\":\"SearchAction\",\"target\":{\"@type\":\"EntryPoint\",\"urlTemplate\":\"https:\/\/colegioarquitectos.com\/noticias\/?s={search_term_string}\"},\"query-input\":{\"@type\":\"PropertyValueSpecification\",\"valueRequired\":true,\"valueName\":\"search_term_string\"}}],\"inLanguage\":\"es\"},{\"@type\":\"Organization\",\"@id\":\"https:\/\/colegioarquitectos.com\/noticias\/#organization\",\"name\":\"COLEGIO DE ARQUITECTOS DE CHILE\",\"url\":\"https:\/\/colegioarquitectos.com\/noticias\/\",\"logo\":{\"@type\":\"ImageObject\",\"inLanguage\":\"es\",\"@id\":\"https:\/\/colegioarquitectos.com\/noticias\/#\/schema\/logo\/image\/\",\"url\":\"https:\/\/colegioarquitectos.com\/noticias\/wp-content\/uploads\/2021\/05\/ENCABEZADO-LOGO-CA.jpg\",\"contentUrl\":\"https:\/\/colegioarquitectos.com\/noticias\/wp-content\/uploads\/2021\/05\/ENCABEZADO-LOGO-CA.jpg\",\"width\":690,\"height\":350,\"caption\":\"COLEGIO DE ARQUITECTOS DE CHILE\"},\"image\":{\"@id\":\"https:\/\/colegioarquitectos.com\/noticias\/#\/schema\/logo\/image\/\"},\"sameAs\":[\"https:\/\/facebook.com\/Colegioarq\/\",\"https:\/\/x.com\/colegioarq\",\"https:\/\/instagram.com\/colegioarq\",\"https:\/\/youtube.com\/@ColegiodeArquitectosdeChile\"]},{\"@type\":\"Person\",\"@id\":\"https:\/\/colegioarquitectos.com\/noticias\/#\/schema\/person\/b6c7e912cd1283c089114093ed09741f\",\"name\":\"Gabriel Salgado S.\",\"url\":\"https:\/\/colegioarquitectos.com\/noticias\/?author=1\"}]}<\/script>\n<!-- \/ Yoast SEO plugin. -->","yoast_head_json":{"title":"La responsabilidad del arquitecto. Sobre el nuevo presidente del Colegio de Arquitectos de Chile - COLEGIO DE ARQUITECTOS DE CHILE","robots":{"index":"index","follow":"follow","max-snippet":"max-snippet:-1","max-image-preview":"max-image-preview:large","max-video-preview":"max-video-preview:-1"},"canonical":"https:\/\/colegioarquitectos.com\/noticias\/?p=4284","og_locale":"es_ES","og_type":"article","og_title":"La responsabilidad del arquitecto. Sobre el nuevo presidente del Colegio de Arquitectos de Chile - COLEGIO DE ARQUITECTOS DE CHILE","og_description":"El presidente furioso 27 de julio de 2013 publicado en ARQUINE.COM por\u00a0Alejandro Hern\u00e1ndez\u00a0 |\u00a0@otrootroblog \u201cTener una profesi\u00f3n no es s\u00f3lo tener un saber, sino profesarlo: defenderlo con un discurso que es finalmente pol\u00edtico\u201d. Eso lo le\u00ed en una entrevista con &hellip; ver m\u00e1s","og_url":"https:\/\/colegioarquitectos.com\/noticias\/?p=4284","og_site_name":"COLEGIO DE ARQUITECTOS DE CHILE","article_publisher":"https:\/\/facebook.com\/Colegioarq\/","article_published_time":"2013-07-29T20:46:55+00:00","article_modified_time":"2013-07-29T20:48:21+00:00","og_image":[{"width":310,"height":140,"url":"https:\/\/colegioarquitectos.com\/noticias\/wp-content\/uploads\/2013\/07\/grrey-310x140.jpg","type":"image\/jpeg"}],"author":"Gabriel Salgado S.","twitter_card":"summary_large_image","twitter_creator":"@colegioarq","twitter_site":"@colegioarq","twitter_misc":{"Escrito por":"Gabriel Salgado S.","Tiempo de lectura":"4 minutos"},"schema":{"@context":"https:\/\/schema.org","@graph":[{"@type":"Article","@id":"https:\/\/colegioarquitectos.com\/noticias\/?p=4284#article","isPartOf":{"@id":"https:\/\/colegioarquitectos.com\/noticias\/?p=4284"},"author":{"name":"Gabriel Salgado S.","@id":"https:\/\/colegioarquitectos.com\/noticias\/#\/schema\/person\/b6c7e912cd1283c089114093ed09741f"},"headline":"La responsabilidad del arquitecto. Sobre el nuevo presidente del Colegio de Arquitectos de Chile","datePublished":"2013-07-29T20:46:55+00:00","dateModified":"2013-07-29T20:48:21+00:00","mainEntityOfPage":{"@id":"https:\/\/colegioarquitectos.com\/noticias\/?p=4284"},"wordCount":805,"commentCount":0,"publisher":{"@id":"https:\/\/colegioarquitectos.com\/noticias\/#organization"},"image":{"@id":"https:\/\/colegioarquitectos.com\/noticias\/?p=4284#primaryimage"},"thumbnailUrl":"https:\/\/colegioarquitectos.com\/noticias\/wp-content\/uploads\/2013\/07\/grrey-310x140.jpg","articleSection":["CA en la Prensa","Colegio"],"inLanguage":"es","potentialAction":[{"@type":"CommentAction","name":"Comment","target":["https:\/\/colegioarquitectos.com\/noticias\/?p=4284#respond"]}]},{"@type":"WebPage","@id":"https:\/\/colegioarquitectos.com\/noticias\/?p=4284","url":"https:\/\/colegioarquitectos.com\/noticias\/?p=4284","name":"La responsabilidad del arquitecto. Sobre el nuevo presidente del Colegio de Arquitectos de Chile - COLEGIO DE ARQUITECTOS DE CHILE","isPartOf":{"@id":"https:\/\/colegioarquitectos.com\/noticias\/#website"},"primaryImageOfPage":{"@id":"https:\/\/colegioarquitectos.com\/noticias\/?p=4284#primaryimage"},"image":{"@id":"https:\/\/colegioarquitectos.com\/noticias\/?p=4284#primaryimage"},"thumbnailUrl":"https:\/\/colegioarquitectos.com\/noticias\/wp-content\/uploads\/2013\/07\/grrey-310x140.jpg","datePublished":"2013-07-29T20:46:55+00:00","dateModified":"2013-07-29T20:48:21+00:00","breadcrumb":{"@id":"https:\/\/colegioarquitectos.com\/noticias\/?p=4284#breadcrumb"},"inLanguage":"es","potentialAction":[{"@type":"ReadAction","target":["https:\/\/colegioarquitectos.com\/noticias\/?p=4284"]}]},{"@type":"ImageObject","inLanguage":"es","@id":"https:\/\/colegioarquitectos.com\/noticias\/?p=4284#primaryimage","url":"https:\/\/colegioarquitectos.com\/noticias\/wp-content\/uploads\/2013\/07\/grrey-310x140.jpg","contentUrl":"https:\/\/colegioarquitectos.com\/noticias\/wp-content\/uploads\/2013\/07\/grrey-310x140.jpg","width":310,"height":140},{"@type":"BreadcrumbList","@id":"https:\/\/colegioarquitectos.com\/noticias\/?p=4284#breadcrumb","itemListElement":[{"@type":"ListItem","position":1,"name":"Portada","item":"https:\/\/colegioarquitectos.com\/noticias"},{"@type":"ListItem","position":2,"name":"La responsabilidad del arquitecto. Sobre el nuevo presidente del Colegio de Arquitectos de Chile"}]},{"@type":"WebSite","@id":"https:\/\/colegioarquitectos.com\/noticias\/#website","url":"https:\/\/colegioarquitectos.com\/noticias\/","name":"COLEGIO DE ARQUITECTOS DE CHILE","description":"","publisher":{"@id":"https:\/\/colegioarquitectos.com\/noticias\/#organization"},"potentialAction":[{"@type":"SearchAction","target":{"@type":"EntryPoint","urlTemplate":"https:\/\/colegioarquitectos.com\/noticias\/?s={search_term_string}"},"query-input":{"@type":"PropertyValueSpecification","valueRequired":true,"valueName":"search_term_string"}}],"inLanguage":"es"},{"@type":"Organization","@id":"https:\/\/colegioarquitectos.com\/noticias\/#organization","name":"COLEGIO DE ARQUITECTOS DE CHILE","url":"https:\/\/colegioarquitectos.com\/noticias\/","logo":{"@type":"ImageObject","inLanguage":"es","@id":"https:\/\/colegioarquitectos.com\/noticias\/#\/schema\/logo\/image\/","url":"https:\/\/colegioarquitectos.com\/noticias\/wp-content\/uploads\/2021\/05\/ENCABEZADO-LOGO-CA.jpg","contentUrl":"https:\/\/colegioarquitectos.com\/noticias\/wp-content\/uploads\/2021\/05\/ENCABEZADO-LOGO-CA.jpg","width":690,"height":350,"caption":"COLEGIO DE ARQUITECTOS DE CHILE"},"image":{"@id":"https:\/\/colegioarquitectos.com\/noticias\/#\/schema\/logo\/image\/"},"sameAs":["https:\/\/facebook.com\/Colegioarq\/","https:\/\/x.com\/colegioarq","https:\/\/instagram.com\/colegioarq","https:\/\/youtube.com\/@ColegiodeArquitectosdeChile"]},{"@type":"Person","@id":"https:\/\/colegioarquitectos.com\/noticias\/#\/schema\/person\/b6c7e912cd1283c089114093ed09741f","name":"Gabriel Salgado S.","url":"https:\/\/colegioarquitectos.com\/noticias\/?author=1"}]}},"_links":{"self":[{"href":"https:\/\/colegioarquitectos.com\/noticias\/index.php?rest_route=\/wp\/v2\/posts\/4284","targetHints":{"allow":["GET"]}}],"collection":[{"href":"https:\/\/colegioarquitectos.com\/noticias\/index.php?rest_route=\/wp\/v2\/posts"}],"about":[{"href":"https:\/\/colegioarquitectos.com\/noticias\/index.php?rest_route=\/wp\/v2\/types\/post"}],"author":[{"embeddable":true,"href":"https:\/\/colegioarquitectos.com\/noticias\/index.php?rest_route=\/wp\/v2\/users\/1"}],"replies":[{"embeddable":true,"href":"https:\/\/colegioarquitectos.com\/noticias\/index.php?rest_route=%2Fwp%2Fv2%2Fcomments&post=4284"}],"version-history":[{"count":0,"href":"https:\/\/colegioarquitectos.com\/noticias\/index.php?rest_route=\/wp\/v2\/posts\/4284\/revisions"}],"wp:featuredmedia":[{"embeddable":true,"href":"https:\/\/colegioarquitectos.com\/noticias\/index.php?rest_route=\/wp\/v2\/media\/4285"}],"wp:attachment":[{"href":"https:\/\/colegioarquitectos.com\/noticias\/index.php?rest_route=%2Fwp%2Fv2%2Fmedia&parent=4284"}],"wp:term":[{"taxonomy":"category","embeddable":true,"href":"https:\/\/colegioarquitectos.com\/noticias\/index.php?rest_route=%2Fwp%2Fv2%2Fcategories&post=4284"},{"taxonomy":"post_tag","embeddable":true,"href":"https:\/\/colegioarquitectos.com\/noticias\/index.php?rest_route=%2Fwp%2Fv2%2Ftags&post=4284"}],"curies":[{"name":"wp","href":"https:\/\/api.w.org\/{rel}","templated":true}]}}