
{"id":4649,"date":"2013-10-08T18:29:59","date_gmt":"2013-10-08T18:29:59","guid":{"rendered":"http:\/\/colegioarquitectos.com\/noticias\/?p=4649"},"modified":"2013-11-11T17:53:24","modified_gmt":"2013-11-11T17:53:24","slug":"carta-a-directora-de-obras-municipales-i-municipalidad-de-castro","status":"publish","type":"post","link":"https:\/\/colegioarquitectos.com\/noticias\/?p=4649","title":{"rendered":"Carta a Directora de Obras Municipales I. Municipalidad de Castro"},"content":{"rendered":"<p><strong>Se\u00f1ora<\/strong><br \/>\n<strong>Mar\u00eda Luisa Cifuentes<\/strong><br \/>\n<strong>Directora de Obras Municipales<\/strong><br \/>\n<strong>I. Municipalidad de Castro<\/strong><br \/>\n<strong>Presente<\/strong><\/p>\n<p style=\"text-align: justify;\">Estimada Se\u00f1ora Directora:<br \/>\nNos permitimos distraer su atenci\u00f3n para expresarle que el proceso de obtenci\u00f3n de los permisos de edificaci\u00f3n y la construcci\u00f3n del proyecto denominado \u201cMall de Castro\u201d, ha concitado la atenci\u00f3n del Colegio de Arquitectos de Chile, dada la serie de<br \/>\nirregularidades observadas en el otorgamiento de los permisos de edificaci\u00f3n 108 y 309, debidamente informadas a la Contralor\u00eda General de la Rep\u00fablica, la que, tomando conocimiento del asunto, emiti\u00f3 los dict\u00e1menes 61.211-2012 y 32.662-2013 sobre la materia.<\/p>\n<p style=\"text-align: justify;\">Adem\u00e1s, consta que la I. Corte de Apelaciones de Puerto Montt rechaz\u00f3 el recurso de protecci\u00f3n presentada por Pasmar S.A. en su contra (Causa rol N\u00ba 108-2013), acogiendo en definitiva lo argumentado en el punto 33 del Informe que Ud. present\u00f3, en cuanto a que: \u201cAl verificarse la incorporaci\u00f3n de nuevos predios a los ya incluidos en los permisos de edificaci\u00f3n N\u00ba 108 , N\u00ba 309, se dio origen a un nuevo predio con dimensiones,<br \/>\ndeslindes y caracter\u00edsticas diferentes raz\u00f3n por la cual necesariamente nos encontramos en presencia de una solicitud por parte de la empresa PASMAR S.A., de un nuevo permiso de edificaci\u00f3n.\u201d<\/p>\n<p style=\"text-align: justify;\">Por tal motivo, y habiendo presentado la empresa PASMAR S.A. en d\u00edas recientes una nueva solicitud que contiene un nuevo proyecto del llamado \u201cMall de Castro\u201d, a fin de obtener un nuevo permiso de edificaci\u00f3n, nos permitimos a Ud. hacer las siguientes observaciones:<br \/>\n1. SOBRE EL TIPO DE EQUIPAMIENTO QUE PERMITE CALLE SERRANO. El proyecto presentado enfrenta v\u00edas locales (calle Ignacio Serrano y calle<br \/>\nEleuterio Ram\u00edrez), que tienen un ancho promedio de 14.28 metros, presentando en algunos puntos medidas de 13.40 metros entre l\u00edneas oficiales.<br \/>\nDado lo anterior, seg\u00fan lo dispone el Art. 2.1.36 Ordenanza General de Urbanismo y Construcciones y conforme al Plan Regulador vigente, s\u00f3lo se<br \/>\npermite equipamiento de escala b\u00e1sica (proyectos con carga de ocupaci\u00f3n de hasta 250 personas)<\/p>\n<p style=\"text-align: justify;\">Esta situaci\u00f3n f\u00e1ctica ha sido confirmada con mediciones realizadas por arquitectos de la Delegaci\u00f3n Chilo\u00e9 de este Colegio de Arquitectos de Chile.<br \/>\nAsimismo, est\u00e1 reconocido por Ud. en su Oficio N\u00aa 40 de 2012 y en las mediciones efectuadas por funcionarios de la Contralor\u00eda General de la<br \/>\nRep\u00fablica, seg\u00fan da cuenta el Dictamen 61.211-2012. Es decir, las referidas calles Eleuterio Ram\u00edrez e Ignacio Serrano no cumplen<br \/>\ncon lo dispuesto en el art\u00edculo 2.3.2. de la OGUC para ser consideradas como v\u00edas de servicio, colectora o troncal.<br \/>\n2. DE LA OBLIGATORIEDAD DEL ESTUDIO DE IMPACTO SOBRE EL SISTEMA DE TRANSPORTE URBANO<br \/>\nLa importancia de esta norma preventiva radica en la carga que se le impone el titular de un proyecto de realizar un estudio de car\u00e1cter preventivo en el que pueda expresar los niveles de saturaci\u00f3n de las v\u00edas de tr\u00e1nsito que enfrentan el equipamiento a edificar, y que afectar\u00e1n a todas las v\u00edas circundantes, de forma de medir el n\u00famero de veh\u00edculos por hora que ocupar\u00e1n y transitar\u00e1n por esas v\u00edas, sus velocidades de circulaci\u00f3n y detenci\u00f3n, a fin de determinar los niveles de contaminaci\u00f3n del aire que se producir\u00e1n y de congesti\u00f3n vial que se generar\u00e1n en los diversos horarios de funcionamiento, asociado a los otros equipamientos existentes en el sector o zona del proyecto, como hospitales,<br \/>\nescuelas, otros centros comerciales, etc.<br \/>\nEste informe debe ser emitido en base a una metodolog\u00eda est\u00e1ndar, revisado y aprobado por la correspondiente Seremi de Transportes y<br \/>\nTelecomunicaciones. En \u00e9l, el titular del proyecto debe generar la l\u00ednea base y proponer las medidas y obras de mitigaci\u00f3n que asegurar\u00e1n a los otros<br \/>\npropietarios del sector y a la ciudad en su conjunto, que el equipamiento a construirse no afectar\u00e1 la calidad de vida, circulaci\u00f3n y medio ambiente.<br \/>\nAl tratarse el \u201cMall de Castro\u201d de un equipamiento que constituye un proyecto no residencial, que contempla 150 o m\u00e1s estacionamientos, requiere de un Estudio de Impacto sobre el Sistema de Transporte Urbano.<\/p>\n<p style=\"text-align: justify;\">Conforme a la norma del art\u00edculo 2.4.3. de la OGUC, la DOM de Castro no puede recibir a revisi\u00f3n el nuevo proyecto de la empresa PASMAR S.A. si no<br \/>\nse acompa\u00f1a el respectivo EISTU aprobado por la Secretar\u00eda Regional Ministerial de Transporte y Telecomunicaciones. Ver Circular Ord. N\u00ba 0347<br \/>\n(DDU 253) de la Divisi\u00f3n de Desarrollo Urbano del MINVU.<\/p>\n<p style=\"text-align: justify;\">3. INAPLICABILIDAD DEL ART\u00cdCULO 24 DE LA ORDENANZA LOCAL DEL PLAN REGULADOR COMUNAL DE CASTRO.<br \/>\nComo expres\u00f3 la Contralor\u00eda General de la Rep\u00fablica en su dictamen 61.211: \u201cconsiderando que dicho proyecto (Mall de Castro) enfrenta v\u00edas de un ancho menor al requerido para su emplazamiento, dada la escala de equipamiento a la que pertenece, se ha estimado necesario referirse a<br \/>\nla aplicaci\u00f3n del art\u00edculo 24 del PRC -modificado, en lo que interesa, por la resoluci\u00f3n N\u00b0 234, de 2008, del Gobierno Regional de Los<br \/>\nLagos, de fecha posterior al permiso de que se trata-, que dispone, en lo que importa, que la Municipalidad podr\u00e1 aceptar equipamiento de<br \/>\nmayor escala a los se\u00f1alados en el art\u00edculo 21 de esa ordenanza local -relativo a zonificaci\u00f3n- en v\u00edas de menor jerarqu\u00eda, siempre que se<br \/>\nencuentre avalado por un estudio de capacidad vial.<\/p>\n<p style=\"text-align: justify;\">Sobre el particular, es del caso puntualizar que dicho precepto del PRC, atendido su tenor, se aparta de los t\u00e9rminos previstos en el<br \/>\nart\u00edculo 2.1.36., inciso tercero, de la OGUC, seg\u00fan el cual \u201clas municipalidades podr\u00e1n aceptar equipamientos de mayor escala en<br \/>\nv\u00edas de menor categor\u00eda, siempre que se indique en forma expresa en el Instrumento de Planificaci\u00f3n Territorial y se encuentre avalado por el<br \/>\nrespectivo estudio de capacidad vial contenido en dicho instrumento de planificaci\u00f3n\u201d.<br \/>\nSiendo ello as\u00ed, y considerando, por lo dem\u00e1s, que no consta que el establecimiento del mencionado precepto del PRC se encuentre<br \/>\navalado por un estudio de capacidad vial en los t\u00e9rminos exigidos por la OGUC, es menester concluir que no se ajusta a derecho.<br \/>\nEn consecuencia, ese municipio deber\u00e1, por una parte, abstenerse de dar aplicaci\u00f3n al mencionado art\u00edculo y, por otra, efectuar las<br \/>\nadecuaciones que correspondan en el aludido instrumento de planificaci\u00f3n territorial.\u201d<br \/>\n4. APLICACI\u00d3N CORRECTA DE LA NORMA DE RASANTES.<br \/>\nSe le recuerda a la Directora de Obras de aplicar correctamente la norma sobre la rasante de 60\u00b0 prevista en el art\u00edculo 2.6.3. de la OGUC, toda vez que dicha norma no fue correctamente aplicada para el otorgamiento del permiso 309, conforme fue expresado por la Contralor\u00eda General en los Dict\u00e1menes ya citados.<\/p>\n<p style=\"text-align: justify;\">Conclusi\u00f3n:<\/p>\n<p style=\"text-align: justify;\">A la luz de todos los antecedentes y hechos aqu\u00ed expuestos, y para la evaluaci\u00f3n de nuevos proyectos que presente PASMAR S.A. respecto del llamado Mall de Castro, pedimos a la DOM ajustarse estrictamente a las normas de la LGUC, OGUC y PRC de la comuna de Castro, como asimismo, a los dos Dict\u00e1menes emitidos por la Contralor\u00eda General de la Rep\u00fablica y a las instrucciones dadas por<br \/>\nla D.D.U. En tal sentido, \/i\/ s\u00f3lo puede aprobar equipamientos de escala b\u00e1sica para proyectos que enfrenten las calles Ignacio Serrano y Eleuterio Ram\u00edrez de Castro; \/ii\/ No puede revisar nuevas solicitudes de permiso de edificaci\u00f3n para proyectos que presente la empresa PASMAR S.A. respecto del llamado Mall de Castro, si es que no existe una aprobaci\u00f3n de un EISTU por la autoridad competente; \/iii\/ no es<br \/>\naplicable al caso la norma del art\u00edculo 24 del PRC; y \/iv\/ debe de tenerse especial atenci\u00f3n con la medici\u00f3n de las rasantes del proyecto.<br \/>\nAtentos en colaborar con Ud. en cualquier opini\u00f3n t\u00e9cnica que se nos requiera, saludan atentamente a Ud.<\/p>\n<p style=\"text-align: justify;\"><strong>Jorge Espinosa<\/strong><br \/>\n<strong>Presidente Delegaci\u00f3n Chilo\u00e9<\/strong><br \/>\n<strong>Colegio de Arquitectos de Chile<\/strong><\/p>\n<p><strong>Sebasti\u00e1n Gray<\/strong><br \/>\n<strong>Presidente Nacional<\/strong><br \/>\n<strong>Colegio de Arquitectos de Chile<\/strong><\/p>\n<p>&nbsp;<\/p>\n<p><a href=\"http:\/\/colegioarquitectos.com\/descargas\/CADOMCASTRO.pdf\" target=\"_blank\"><img loading=\"lazy\" decoding=\"async\" class=\"alignnone size-full wp-image-4652\" alt=\"pdfcolor\" src=\"http:\/\/colegioarquitectos.com\/noticias\/wp-content\/uploads\/2013\/10\/pdfcolor.jpg\" width=\"21\" height=\"21\" \/><\/a> DESCARGA CARTA EN FORMATO PDF<\/p>\n<p><\/p>","protected":false},"excerpt":{"rendered":"<p>Se\u00f1ora Mar\u00eda Luisa Cifuentes Directora de Obras Municipales I. Municipalidad de Castro Presente Estimada Se\u00f1ora Directora: Nos permitimos distraer su atenci\u00f3n para expresarle que el proceso de obtenci\u00f3n de los permisos de edificaci\u00f3n y la construcci\u00f3n del proyecto denominado \u201cMall &hellip; <a class=\"more-link\" href=\"https:\/\/colegioarquitectos.com\/noticias\/?p=4649\">ver m\u00e1s<\/a><\/p>","protected":false},"author":1,"featured_media":4651,"comment_status":"open","ping_status":"open","sticky":false,"template":"","format":"standard","meta":{"footnotes":""},"categories":[8],"tags":[],"class_list":["post-4649","post","type-post","status-publish","format-standard","has-post-thumbnail","hentry","category-colegio-de-arquitectos"],"yoast_head":"<!-- This site is optimized with the Yoast SEO plugin v24.2 - https:\/\/yoast.com\/wordpress\/plugins\/seo\/ -->\n<title>Carta a Directora de Obras Municipales I. Municipalidad de Castro - COLEGIO DE ARQUITECTOS DE CHILE<\/title>\n<meta name=\"robots\" content=\"index, follow, max-snippet:-1, max-image-preview:large, max-video-preview:-1\" \/>\n<link rel=\"canonical\" href=\"https:\/\/colegioarquitectos.com\/noticias\/?p=4649\" \/>\n<meta property=\"og:locale\" content=\"es_ES\" \/>\n<meta property=\"og:type\" content=\"article\" \/>\n<meta property=\"og:title\" content=\"Carta a Directora de Obras Municipales I. Municipalidad de Castro - COLEGIO DE ARQUITECTOS DE CHILE\" \/>\n<meta property=\"og:description\" content=\"Se\u00f1ora Mar\u00eda Luisa Cifuentes Directora de Obras Municipales I. Municipalidad de Castro Presente Estimada Se\u00f1ora Directora: Nos permitimos distraer su atenci\u00f3n para expresarle que el proceso de obtenci\u00f3n de los permisos de edificaci\u00f3n y la construcci\u00f3n del proyecto denominado \u201cMall &hellip; ver m\u00e1s\" \/>\n<meta property=\"og:url\" content=\"https:\/\/colegioarquitectos.com\/noticias\/?p=4649\" \/>\n<meta property=\"og:site_name\" content=\"COLEGIO DE ARQUITECTOS DE CHILE\" \/>\n<meta property=\"article:publisher\" content=\"https:\/\/facebook.com\/Colegioarq\/\" \/>\n<meta property=\"article:published_time\" content=\"2013-10-08T18:29:59+00:00\" \/>\n<meta property=\"article:modified_time\" content=\"2013-11-11T17:53:24+00:00\" \/>\n<meta property=\"og:image\" content=\"https:\/\/colegioarquitectos.com\/noticias\/wp-content\/uploads\/2013\/10\/destacadoframecastro.jpg\" \/>\n\t<meta property=\"og:image:width\" content=\"688\" \/>\n\t<meta property=\"og:image:height\" content=\"348\" \/>\n\t<meta property=\"og:image:type\" content=\"image\/jpeg\" \/>\n<meta name=\"author\" content=\"Gabriel Salgado S.\" \/>\n<meta name=\"twitter:card\" content=\"summary_large_image\" \/>\n<meta name=\"twitter:creator\" content=\"@colegioarq\" \/>\n<meta name=\"twitter:site\" content=\"@colegioarq\" \/>\n<meta name=\"twitter:label1\" content=\"Escrito por\" \/>\n\t<meta name=\"twitter:data1\" content=\"Gabriel Salgado S.\" \/>\n\t<meta name=\"twitter:label2\" content=\"Tiempo de lectura\" \/>\n\t<meta name=\"twitter:data2\" content=\"7 minutos\" \/>\n<script type=\"application\/ld+json\" class=\"yoast-schema-graph\">{\"@context\":\"https:\/\/schema.org\",\"@graph\":[{\"@type\":\"Article\",\"@id\":\"https:\/\/colegioarquitectos.com\/noticias\/?p=4649#article\",\"isPartOf\":{\"@id\":\"https:\/\/colegioarquitectos.com\/noticias\/?p=4649\"},\"author\":{\"name\":\"Gabriel Salgado S.\",\"@id\":\"https:\/\/colegioarquitectos.com\/noticias\/#\/schema\/person\/b6c7e912cd1283c089114093ed09741f\"},\"headline\":\"Carta a Directora de Obras Municipales I. Municipalidad de Castro\",\"datePublished\":\"2013-10-08T18:29:59+00:00\",\"dateModified\":\"2013-11-11T17:53:24+00:00\",\"mainEntityOfPage\":{\"@id\":\"https:\/\/colegioarquitectos.com\/noticias\/?p=4649\"},\"wordCount\":1356,\"commentCount\":1,\"publisher\":{\"@id\":\"https:\/\/colegioarquitectos.com\/noticias\/#organization\"},\"image\":{\"@id\":\"https:\/\/colegioarquitectos.com\/noticias\/?p=4649#primaryimage\"},\"thumbnailUrl\":\"https:\/\/colegioarquitectos.com\/noticias\/wp-content\/uploads\/2013\/10\/destacadoframecastro.jpg\",\"articleSection\":[\"Colegio\"],\"inLanguage\":\"es\",\"potentialAction\":[{\"@type\":\"CommentAction\",\"name\":\"Comment\",\"target\":[\"https:\/\/colegioarquitectos.com\/noticias\/?p=4649#respond\"]}]},{\"@type\":\"WebPage\",\"@id\":\"https:\/\/colegioarquitectos.com\/noticias\/?p=4649\",\"url\":\"https:\/\/colegioarquitectos.com\/noticias\/?p=4649\",\"name\":\"Carta a Directora de Obras Municipales I. Municipalidad de Castro - COLEGIO DE ARQUITECTOS DE CHILE\",\"isPartOf\":{\"@id\":\"https:\/\/colegioarquitectos.com\/noticias\/#website\"},\"primaryImageOfPage\":{\"@id\":\"https:\/\/colegioarquitectos.com\/noticias\/?p=4649#primaryimage\"},\"image\":{\"@id\":\"https:\/\/colegioarquitectos.com\/noticias\/?p=4649#primaryimage\"},\"thumbnailUrl\":\"https:\/\/colegioarquitectos.com\/noticias\/wp-content\/uploads\/2013\/10\/destacadoframecastro.jpg\",\"datePublished\":\"2013-10-08T18:29:59+00:00\",\"dateModified\":\"2013-11-11T17:53:24+00:00\",\"breadcrumb\":{\"@id\":\"https:\/\/colegioarquitectos.com\/noticias\/?p=4649#breadcrumb\"},\"inLanguage\":\"es\",\"potentialAction\":[{\"@type\":\"ReadAction\",\"target\":[\"https:\/\/colegioarquitectos.com\/noticias\/?p=4649\"]}]},{\"@type\":\"ImageObject\",\"inLanguage\":\"es\",\"@id\":\"https:\/\/colegioarquitectos.com\/noticias\/?p=4649#primaryimage\",\"url\":\"https:\/\/colegioarquitectos.com\/noticias\/wp-content\/uploads\/2013\/10\/destacadoframecastro.jpg\",\"contentUrl\":\"https:\/\/colegioarquitectos.com\/noticias\/wp-content\/uploads\/2013\/10\/destacadoframecastro.jpg\",\"width\":688,\"height\":348},{\"@type\":\"BreadcrumbList\",\"@id\":\"https:\/\/colegioarquitectos.com\/noticias\/?p=4649#breadcrumb\",\"itemListElement\":[{\"@type\":\"ListItem\",\"position\":1,\"name\":\"Portada\",\"item\":\"https:\/\/colegioarquitectos.com\/noticias\"},{\"@type\":\"ListItem\",\"position\":2,\"name\":\"Carta a Directora de Obras Municipales I. Municipalidad de Castro\"}]},{\"@type\":\"WebSite\",\"@id\":\"https:\/\/colegioarquitectos.com\/noticias\/#website\",\"url\":\"https:\/\/colegioarquitectos.com\/noticias\/\",\"name\":\"COLEGIO DE ARQUITECTOS DE CHILE\",\"description\":\"\",\"publisher\":{\"@id\":\"https:\/\/colegioarquitectos.com\/noticias\/#organization\"},\"potentialAction\":[{\"@type\":\"SearchAction\",\"target\":{\"@type\":\"EntryPoint\",\"urlTemplate\":\"https:\/\/colegioarquitectos.com\/noticias\/?s={search_term_string}\"},\"query-input\":{\"@type\":\"PropertyValueSpecification\",\"valueRequired\":true,\"valueName\":\"search_term_string\"}}],\"inLanguage\":\"es\"},{\"@type\":\"Organization\",\"@id\":\"https:\/\/colegioarquitectos.com\/noticias\/#organization\",\"name\":\"COLEGIO DE ARQUITECTOS DE CHILE\",\"url\":\"https:\/\/colegioarquitectos.com\/noticias\/\",\"logo\":{\"@type\":\"ImageObject\",\"inLanguage\":\"es\",\"@id\":\"https:\/\/colegioarquitectos.com\/noticias\/#\/schema\/logo\/image\/\",\"url\":\"https:\/\/colegioarquitectos.com\/noticias\/wp-content\/uploads\/2021\/05\/ENCABEZADO-LOGO-CA.jpg\",\"contentUrl\":\"https:\/\/colegioarquitectos.com\/noticias\/wp-content\/uploads\/2021\/05\/ENCABEZADO-LOGO-CA.jpg\",\"width\":690,\"height\":350,\"caption\":\"COLEGIO DE ARQUITECTOS DE CHILE\"},\"image\":{\"@id\":\"https:\/\/colegioarquitectos.com\/noticias\/#\/schema\/logo\/image\/\"},\"sameAs\":[\"https:\/\/facebook.com\/Colegioarq\/\",\"https:\/\/x.com\/colegioarq\",\"https:\/\/instagram.com\/colegioarq\",\"https:\/\/youtube.com\/@ColegiodeArquitectosdeChile\"]},{\"@type\":\"Person\",\"@id\":\"https:\/\/colegioarquitectos.com\/noticias\/#\/schema\/person\/b6c7e912cd1283c089114093ed09741f\",\"name\":\"Gabriel Salgado S.\",\"url\":\"https:\/\/colegioarquitectos.com\/noticias\/?author=1\"}]}<\/script>\n<!-- \/ Yoast SEO plugin. -->","yoast_head_json":{"title":"Carta a Directora de Obras Municipales I. Municipalidad de Castro - COLEGIO DE ARQUITECTOS DE CHILE","robots":{"index":"index","follow":"follow","max-snippet":"max-snippet:-1","max-image-preview":"max-image-preview:large","max-video-preview":"max-video-preview:-1"},"canonical":"https:\/\/colegioarquitectos.com\/noticias\/?p=4649","og_locale":"es_ES","og_type":"article","og_title":"Carta a Directora de Obras Municipales I. Municipalidad de Castro - COLEGIO DE ARQUITECTOS DE CHILE","og_description":"Se\u00f1ora Mar\u00eda Luisa Cifuentes Directora de Obras Municipales I. Municipalidad de Castro Presente Estimada Se\u00f1ora Directora: Nos permitimos distraer su atenci\u00f3n para expresarle que el proceso de obtenci\u00f3n de los permisos de edificaci\u00f3n y la construcci\u00f3n del proyecto denominado \u201cMall &hellip; ver m\u00e1s","og_url":"https:\/\/colegioarquitectos.com\/noticias\/?p=4649","og_site_name":"COLEGIO DE ARQUITECTOS DE CHILE","article_publisher":"https:\/\/facebook.com\/Colegioarq\/","article_published_time":"2013-10-08T18:29:59+00:00","article_modified_time":"2013-11-11T17:53:24+00:00","og_image":[{"width":688,"height":348,"url":"https:\/\/colegioarquitectos.com\/noticias\/wp-content\/uploads\/2013\/10\/destacadoframecastro.jpg","type":"image\/jpeg"}],"author":"Gabriel Salgado S.","twitter_card":"summary_large_image","twitter_creator":"@colegioarq","twitter_site":"@colegioarq","twitter_misc":{"Escrito por":"Gabriel Salgado S.","Tiempo de lectura":"7 minutos"},"schema":{"@context":"https:\/\/schema.org","@graph":[{"@type":"Article","@id":"https:\/\/colegioarquitectos.com\/noticias\/?p=4649#article","isPartOf":{"@id":"https:\/\/colegioarquitectos.com\/noticias\/?p=4649"},"author":{"name":"Gabriel Salgado S.","@id":"https:\/\/colegioarquitectos.com\/noticias\/#\/schema\/person\/b6c7e912cd1283c089114093ed09741f"},"headline":"Carta a Directora de Obras Municipales I. Municipalidad de Castro","datePublished":"2013-10-08T18:29:59+00:00","dateModified":"2013-11-11T17:53:24+00:00","mainEntityOfPage":{"@id":"https:\/\/colegioarquitectos.com\/noticias\/?p=4649"},"wordCount":1356,"commentCount":1,"publisher":{"@id":"https:\/\/colegioarquitectos.com\/noticias\/#organization"},"image":{"@id":"https:\/\/colegioarquitectos.com\/noticias\/?p=4649#primaryimage"},"thumbnailUrl":"https:\/\/colegioarquitectos.com\/noticias\/wp-content\/uploads\/2013\/10\/destacadoframecastro.jpg","articleSection":["Colegio"],"inLanguage":"es","potentialAction":[{"@type":"CommentAction","name":"Comment","target":["https:\/\/colegioarquitectos.com\/noticias\/?p=4649#respond"]}]},{"@type":"WebPage","@id":"https:\/\/colegioarquitectos.com\/noticias\/?p=4649","url":"https:\/\/colegioarquitectos.com\/noticias\/?p=4649","name":"Carta a Directora de Obras Municipales I. Municipalidad de Castro - COLEGIO DE ARQUITECTOS DE CHILE","isPartOf":{"@id":"https:\/\/colegioarquitectos.com\/noticias\/#website"},"primaryImageOfPage":{"@id":"https:\/\/colegioarquitectos.com\/noticias\/?p=4649#primaryimage"},"image":{"@id":"https:\/\/colegioarquitectos.com\/noticias\/?p=4649#primaryimage"},"thumbnailUrl":"https:\/\/colegioarquitectos.com\/noticias\/wp-content\/uploads\/2013\/10\/destacadoframecastro.jpg","datePublished":"2013-10-08T18:29:59+00:00","dateModified":"2013-11-11T17:53:24+00:00","breadcrumb":{"@id":"https:\/\/colegioarquitectos.com\/noticias\/?p=4649#breadcrumb"},"inLanguage":"es","potentialAction":[{"@type":"ReadAction","target":["https:\/\/colegioarquitectos.com\/noticias\/?p=4649"]}]},{"@type":"ImageObject","inLanguage":"es","@id":"https:\/\/colegioarquitectos.com\/noticias\/?p=4649#primaryimage","url":"https:\/\/colegioarquitectos.com\/noticias\/wp-content\/uploads\/2013\/10\/destacadoframecastro.jpg","contentUrl":"https:\/\/colegioarquitectos.com\/noticias\/wp-content\/uploads\/2013\/10\/destacadoframecastro.jpg","width":688,"height":348},{"@type":"BreadcrumbList","@id":"https:\/\/colegioarquitectos.com\/noticias\/?p=4649#breadcrumb","itemListElement":[{"@type":"ListItem","position":1,"name":"Portada","item":"https:\/\/colegioarquitectos.com\/noticias"},{"@type":"ListItem","position":2,"name":"Carta a Directora de Obras Municipales I. Municipalidad de Castro"}]},{"@type":"WebSite","@id":"https:\/\/colegioarquitectos.com\/noticias\/#website","url":"https:\/\/colegioarquitectos.com\/noticias\/","name":"COLEGIO DE ARQUITECTOS DE CHILE","description":"","publisher":{"@id":"https:\/\/colegioarquitectos.com\/noticias\/#organization"},"potentialAction":[{"@type":"SearchAction","target":{"@type":"EntryPoint","urlTemplate":"https:\/\/colegioarquitectos.com\/noticias\/?s={search_term_string}"},"query-input":{"@type":"PropertyValueSpecification","valueRequired":true,"valueName":"search_term_string"}}],"inLanguage":"es"},{"@type":"Organization","@id":"https:\/\/colegioarquitectos.com\/noticias\/#organization","name":"COLEGIO DE ARQUITECTOS DE CHILE","url":"https:\/\/colegioarquitectos.com\/noticias\/","logo":{"@type":"ImageObject","inLanguage":"es","@id":"https:\/\/colegioarquitectos.com\/noticias\/#\/schema\/logo\/image\/","url":"https:\/\/colegioarquitectos.com\/noticias\/wp-content\/uploads\/2021\/05\/ENCABEZADO-LOGO-CA.jpg","contentUrl":"https:\/\/colegioarquitectos.com\/noticias\/wp-content\/uploads\/2021\/05\/ENCABEZADO-LOGO-CA.jpg","width":690,"height":350,"caption":"COLEGIO DE ARQUITECTOS DE CHILE"},"image":{"@id":"https:\/\/colegioarquitectos.com\/noticias\/#\/schema\/logo\/image\/"},"sameAs":["https:\/\/facebook.com\/Colegioarq\/","https:\/\/x.com\/colegioarq","https:\/\/instagram.com\/colegioarq","https:\/\/youtube.com\/@ColegiodeArquitectosdeChile"]},{"@type":"Person","@id":"https:\/\/colegioarquitectos.com\/noticias\/#\/schema\/person\/b6c7e912cd1283c089114093ed09741f","name":"Gabriel Salgado S.","url":"https:\/\/colegioarquitectos.com\/noticias\/?author=1"}]}},"_links":{"self":[{"href":"https:\/\/colegioarquitectos.com\/noticias\/index.php?rest_route=\/wp\/v2\/posts\/4649","targetHints":{"allow":["GET"]}}],"collection":[{"href":"https:\/\/colegioarquitectos.com\/noticias\/index.php?rest_route=\/wp\/v2\/posts"}],"about":[{"href":"https:\/\/colegioarquitectos.com\/noticias\/index.php?rest_route=\/wp\/v2\/types\/post"}],"author":[{"embeddable":true,"href":"https:\/\/colegioarquitectos.com\/noticias\/index.php?rest_route=\/wp\/v2\/users\/1"}],"replies":[{"embeddable":true,"href":"https:\/\/colegioarquitectos.com\/noticias\/index.php?rest_route=%2Fwp%2Fv2%2Fcomments&post=4649"}],"version-history":[{"count":0,"href":"https:\/\/colegioarquitectos.com\/noticias\/index.php?rest_route=\/wp\/v2\/posts\/4649\/revisions"}],"wp:featuredmedia":[{"embeddable":true,"href":"https:\/\/colegioarquitectos.com\/noticias\/index.php?rest_route=\/wp\/v2\/media\/4651"}],"wp:attachment":[{"href":"https:\/\/colegioarquitectos.com\/noticias\/index.php?rest_route=%2Fwp%2Fv2%2Fmedia&parent=4649"}],"wp:term":[{"taxonomy":"category","embeddable":true,"href":"https:\/\/colegioarquitectos.com\/noticias\/index.php?rest_route=%2Fwp%2Fv2%2Fcategories&post=4649"},{"taxonomy":"post_tag","embeddable":true,"href":"https:\/\/colegioarquitectos.com\/noticias\/index.php?rest_route=%2Fwp%2Fv2%2Ftags&post=4649"}],"curies":[{"name":"wp","href":"https:\/\/api.w.org\/{rel}","templated":true}]}}