
{"id":4767,"date":"2013-11-04T17:26:38","date_gmt":"2013-11-04T17:26:38","guid":{"rendered":"http:\/\/colegioarquitectos.com\/noticias\/?p=4767"},"modified":"2013-11-11T17:52:46","modified_gmt":"2013-11-11T17:52:46","slug":"foro-debate-por-la-ciudad-y-territorios-justos-comite-habitat-y-vivienda","status":"publish","type":"post","link":"https:\/\/colegioarquitectos.com\/noticias\/?p=4767","title":{"rendered":"Foro debate \u201cPor la Ciudad y Territorios Justos\u201d Comit\u00e9 Habitat y Vivienda"},"content":{"rendered":"<p>El proceso electoral que vivimos constituye una oportunidad para confrontar las visiones y propuestas que las distintas candidaturas presidenciales tienen frente a temas tan importantes como la pol\u00edtica habitacional y el desarrollo de nuestras ciudades y territorios.<\/p>\n<p>El jueves 07 de noviembre se realiz\u00f3 en la sede nacional un foro al que asisti\u00f3 el Candidato a la Presidencia de la Rep\u00fablica Sr. Tom\u00e1s Jocelyn Hot y representantes de 7 candidatos: Alfredo Sfeir, Roxana Miranda, Michelle Bachelet, Franco Parisi, Evelyn Matthei, Marcel Claude y Marco Enriquez-Onimani<\/p>\n<h3>En el Colegio de Arquitectos de Chile:<\/h3>\n<h1>Atrayentes planteamientos de los representantes de los candidatos presidenciales<\/h1>\n<div>\n<div>\n<p>Los representantes de 8 candidatos a la presidencia, ya que no se hizo presente el arquitecto nominado por Ricardo Israel del PRI, participaron del foro-debate \u201cpor ciudades y territorios justos\u201d llevado a cabo ayer jueves a partir de las 19,00 hrs. en el Colegio de Arquitectos de Chile.<\/p>\n<p>La candidatura de Evelyn Matthei se hizo representar por dos profesionales, un ingeniero y un arquitecto, y el ge\u00f3grafo delegado de la candidata Roxana Miranda llam\u00f3 la atenci\u00f3n por sus francas y directas expresiones en contra del establishment.<\/p>\n<p>\u201cTom\u00e1s Joselyn-Holt no envi\u00f3 a un representante, sino que \u00e9l mismo se hizo presente en la jornada demostrando un acabado conocimiento del tema, mientras que el diputado Patricio Hales expuso por la candidata Michelle Bachelet\u201d, destac\u00f3 Patricio Herman, presidente de Defendamos la Ciudad.<\/p>\n<p>\u201cEn el acto no hubo una confrontaci\u00f3n de ideas porque el formato no lo permit\u00eda, ya que los intervinientes se tuvieron que ce\u00f1ir a las mismas preguntas fijadas de antemano para todos y sus respuestas se deb\u00edan expresar en un solo minuto, procedimiento exigido con severidad por el arquitecto Jos\u00e9 Piga, quien actuaba como moderador\u201d, detall\u00f3.<\/p>\n<p>\u201cA pesar de ese poco tiempo disponible, tuvimos la ocasi\u00f3n de escuchar planteamientos interesantes los que, en general, eran abiertamente contrarios a las pol\u00edticas de Vivienda y Urbanismo llevadas a cabo en los \u00faltimos 40 a\u00f1os. Tambi\u00e9n qued\u00f3 en evidencia que el tema de la ciudad sustentable no est\u00e1 en la agenda p\u00fablica de la denominada clase pol\u00edtica, aunque s\u00ed se abord\u00f3 tangencialmente el contenido de la Pol\u00edtica Nacional de Desarrollo Urbano recientemente firmada por el presidente Pi\u00f1era, instrumento que se utilizar\u00e1 para efectuar los cambios legales y reglamentarios necesarios para mejorar el h\u00e1bitat en las urbes\u201d, prosigui\u00f3 Patricio Herman.<\/p>\n<p>En raz\u00f3n a que se toc\u00f3 el tema de la clausura del aeropuerto Los Cerrillos para dar paso a un megaproyecto inmobiliario privado, se dej\u00f3 en claro que el cambio de uso de suelo de esa infraestructura aeroportuaria a habitacional mixta fue anulado por una sentencia ejecutoriada de la Corte Suprema en atenci\u00f3n a que el Ministerio de Vivienda y Urbanismo, interesado en esa modificaci\u00f3n en el PRMS, no lo someti\u00f3 a un Estudio de Impacto Ambiental, tal como lo ordena perentoriamente la ley respectiva\u201d, concluy\u00f3.<\/p>\n<\/div>\n<\/div>\n<p><a href=\"http:\/\/radio.uchile.cl\/2013\/11\/08\/atrayentes-planteamientos-de-los-representantes-de-los-candidatos-presidenciales\" target=\"_blank\">http:\/\/radio.uchile.cl\/2013\/11\/08\/atrayentes-planteamientos-de-los-representantes-de-los-candidatos-presidenciales<\/a><\/p>\n<p><img loading=\"lazy\" decoding=\"async\" class=\"alignnone size-full wp-image-4768\" alt=\"debate\" src=\"http:\/\/colegioarquitectos.com\/noticias\/wp-content\/uploads\/2013\/11\/debate.jpg\" width=\"650\" height=\"505\" srcset=\"https:\/\/colegioarquitectos.com\/noticias\/wp-content\/uploads\/2013\/11\/debate.jpg 650w, https:\/\/colegioarquitectos.com\/noticias\/wp-content\/uploads\/2013\/11\/debate-300x233.jpg 300w\" sizes=\"auto, (max-width: 650px) 100vw, 650px\" \/><\/p>\n<p><\/p>","protected":false},"excerpt":{"rendered":"<p>El proceso electoral que vivimos constituye una oportunidad para confrontar las visiones y propuestas que las distintas candidaturas presidenciales tienen frente a temas tan importantes como la pol\u00edtica habitacional y el desarrollo de nuestras ciudades y territorios. El jueves 07 &hellip; <a class=\"more-link\" href=\"https:\/\/colegioarquitectos.com\/noticias\/?p=4767\">ver m\u00e1s<\/a><\/p>","protected":false},"author":1,"featured_media":4769,"comment_status":"open","ping_status":"open","sticky":false,"template":"","format":"standard","meta":{"footnotes":""},"categories":[9],"tags":[],"class_list":["post-4767","post","type-post","status-publish","format-standard","has-post-thumbnail","hentry","category-comites"],"yoast_head":"<!-- This site is optimized with the Yoast SEO plugin v24.2 - https:\/\/yoast.com\/wordpress\/plugins\/seo\/ -->\n<title>Foro debate \u201cPor la Ciudad y Territorios Justos\u201d Comit\u00e9 Habitat y Vivienda - COLEGIO DE ARQUITECTOS DE CHILE<\/title>\n<meta name=\"robots\" content=\"index, follow, max-snippet:-1, max-image-preview:large, max-video-preview:-1\" \/>\n<link rel=\"canonical\" href=\"https:\/\/colegioarquitectos.com\/noticias\/?p=4767\" \/>\n<meta property=\"og:locale\" content=\"es_ES\" \/>\n<meta property=\"og:type\" content=\"article\" \/>\n<meta property=\"og:title\" content=\"Foro debate \u201cPor la Ciudad y Territorios Justos\u201d Comit\u00e9 Habitat y Vivienda - COLEGIO DE ARQUITECTOS DE CHILE\" \/>\n<meta property=\"og:description\" content=\"El proceso electoral que vivimos constituye una oportunidad para confrontar las visiones y propuestas que las distintas candidaturas presidenciales tienen frente a temas tan importantes como la pol\u00edtica habitacional y el desarrollo de nuestras ciudades y territorios. El jueves 07 &hellip; ver m\u00e1s\" \/>\n<meta property=\"og:url\" content=\"https:\/\/colegioarquitectos.com\/noticias\/?p=4767\" \/>\n<meta property=\"og:site_name\" content=\"COLEGIO DE ARQUITECTOS DE CHILE\" \/>\n<meta property=\"article:publisher\" content=\"https:\/\/facebook.com\/Colegioarq\/\" \/>\n<meta property=\"article:published_time\" content=\"2013-11-04T17:26:38+00:00\" \/>\n<meta property=\"article:modified_time\" content=\"2013-11-11T17:52:46+00:00\" \/>\n<meta property=\"og:image\" content=\"https:\/\/colegioarquitectos.com\/noticias\/wp-content\/uploads\/2013\/11\/destdebate.jpg\" \/>\n\t<meta property=\"og:image:width\" content=\"688\" \/>\n\t<meta property=\"og:image:height\" content=\"348\" \/>\n\t<meta property=\"og:image:type\" content=\"image\/jpeg\" \/>\n<meta name=\"author\" content=\"Gabriel Salgado S.\" \/>\n<meta name=\"twitter:card\" content=\"summary_large_image\" \/>\n<meta name=\"twitter:creator\" content=\"@colegioarq\" \/>\n<meta name=\"twitter:site\" content=\"@colegioarq\" \/>\n<meta name=\"twitter:label1\" content=\"Escrito por\" \/>\n\t<meta name=\"twitter:data1\" content=\"Gabriel Salgado S.\" \/>\n\t<meta name=\"twitter:label2\" content=\"Tiempo de lectura\" \/>\n\t<meta name=\"twitter:data2\" content=\"2 minutos\" \/>\n<script type=\"application\/ld+json\" class=\"yoast-schema-graph\">{\"@context\":\"https:\/\/schema.org\",\"@graph\":[{\"@type\":\"Article\",\"@id\":\"https:\/\/colegioarquitectos.com\/noticias\/?p=4767#article\",\"isPartOf\":{\"@id\":\"https:\/\/colegioarquitectos.com\/noticias\/?p=4767\"},\"author\":{\"name\":\"Gabriel Salgado S.\",\"@id\":\"https:\/\/colegioarquitectos.com\/noticias\/#\/schema\/person\/b6c7e912cd1283c089114093ed09741f\"},\"headline\":\"Foro debate \u201cPor la Ciudad y Territorios Justos\u201d Comit\u00e9 Habitat y Vivienda\",\"datePublished\":\"2013-11-04T17:26:38+00:00\",\"dateModified\":\"2013-11-11T17:52:46+00:00\",\"mainEntityOfPage\":{\"@id\":\"https:\/\/colegioarquitectos.com\/noticias\/?p=4767\"},\"wordCount\":506,\"commentCount\":0,\"publisher\":{\"@id\":\"https:\/\/colegioarquitectos.com\/noticias\/#organization\"},\"image\":{\"@id\":\"https:\/\/colegioarquitectos.com\/noticias\/?p=4767#primaryimage\"},\"thumbnailUrl\":\"https:\/\/colegioarquitectos.com\/noticias\/wp-content\/uploads\/2013\/11\/destdebate.jpg\",\"articleSection\":[\"Comit\u00e9s\"],\"inLanguage\":\"es\",\"potentialAction\":[{\"@type\":\"CommentAction\",\"name\":\"Comment\",\"target\":[\"https:\/\/colegioarquitectos.com\/noticias\/?p=4767#respond\"]}]},{\"@type\":\"WebPage\",\"@id\":\"https:\/\/colegioarquitectos.com\/noticias\/?p=4767\",\"url\":\"https:\/\/colegioarquitectos.com\/noticias\/?p=4767\",\"name\":\"Foro debate \u201cPor la Ciudad y Territorios Justos\u201d Comit\u00e9 Habitat y Vivienda - COLEGIO DE ARQUITECTOS DE CHILE\",\"isPartOf\":{\"@id\":\"https:\/\/colegioarquitectos.com\/noticias\/#website\"},\"primaryImageOfPage\":{\"@id\":\"https:\/\/colegioarquitectos.com\/noticias\/?p=4767#primaryimage\"},\"image\":{\"@id\":\"https:\/\/colegioarquitectos.com\/noticias\/?p=4767#primaryimage\"},\"thumbnailUrl\":\"https:\/\/colegioarquitectos.com\/noticias\/wp-content\/uploads\/2013\/11\/destdebate.jpg\",\"datePublished\":\"2013-11-04T17:26:38+00:00\",\"dateModified\":\"2013-11-11T17:52:46+00:00\",\"breadcrumb\":{\"@id\":\"https:\/\/colegioarquitectos.com\/noticias\/?p=4767#breadcrumb\"},\"inLanguage\":\"es\",\"potentialAction\":[{\"@type\":\"ReadAction\",\"target\":[\"https:\/\/colegioarquitectos.com\/noticias\/?p=4767\"]}]},{\"@type\":\"ImageObject\",\"inLanguage\":\"es\",\"@id\":\"https:\/\/colegioarquitectos.com\/noticias\/?p=4767#primaryimage\",\"url\":\"https:\/\/colegioarquitectos.com\/noticias\/wp-content\/uploads\/2013\/11\/destdebate.jpg\",\"contentUrl\":\"https:\/\/colegioarquitectos.com\/noticias\/wp-content\/uploads\/2013\/11\/destdebate.jpg\",\"width\":688,\"height\":348},{\"@type\":\"BreadcrumbList\",\"@id\":\"https:\/\/colegioarquitectos.com\/noticias\/?p=4767#breadcrumb\",\"itemListElement\":[{\"@type\":\"ListItem\",\"position\":1,\"name\":\"Portada\",\"item\":\"https:\/\/colegioarquitectos.com\/noticias\"},{\"@type\":\"ListItem\",\"position\":2,\"name\":\"Foro debate \u201cPor la Ciudad y Territorios Justos\u201d Comit\u00e9 Habitat y Vivienda\"}]},{\"@type\":\"WebSite\",\"@id\":\"https:\/\/colegioarquitectos.com\/noticias\/#website\",\"url\":\"https:\/\/colegioarquitectos.com\/noticias\/\",\"name\":\"COLEGIO DE ARQUITECTOS DE CHILE\",\"description\":\"\",\"publisher\":{\"@id\":\"https:\/\/colegioarquitectos.com\/noticias\/#organization\"},\"potentialAction\":[{\"@type\":\"SearchAction\",\"target\":{\"@type\":\"EntryPoint\",\"urlTemplate\":\"https:\/\/colegioarquitectos.com\/noticias\/?s={search_term_string}\"},\"query-input\":{\"@type\":\"PropertyValueSpecification\",\"valueRequired\":true,\"valueName\":\"search_term_string\"}}],\"inLanguage\":\"es\"},{\"@type\":\"Organization\",\"@id\":\"https:\/\/colegioarquitectos.com\/noticias\/#organization\",\"name\":\"COLEGIO DE ARQUITECTOS DE CHILE\",\"url\":\"https:\/\/colegioarquitectos.com\/noticias\/\",\"logo\":{\"@type\":\"ImageObject\",\"inLanguage\":\"es\",\"@id\":\"https:\/\/colegioarquitectos.com\/noticias\/#\/schema\/logo\/image\/\",\"url\":\"https:\/\/colegioarquitectos.com\/noticias\/wp-content\/uploads\/2021\/05\/ENCABEZADO-LOGO-CA.jpg\",\"contentUrl\":\"https:\/\/colegioarquitectos.com\/noticias\/wp-content\/uploads\/2021\/05\/ENCABEZADO-LOGO-CA.jpg\",\"width\":690,\"height\":350,\"caption\":\"COLEGIO DE ARQUITECTOS DE CHILE\"},\"image\":{\"@id\":\"https:\/\/colegioarquitectos.com\/noticias\/#\/schema\/logo\/image\/\"},\"sameAs\":[\"https:\/\/facebook.com\/Colegioarq\/\",\"https:\/\/x.com\/colegioarq\",\"https:\/\/instagram.com\/colegioarq\",\"https:\/\/youtube.com\/@ColegiodeArquitectosdeChile\"]},{\"@type\":\"Person\",\"@id\":\"https:\/\/colegioarquitectos.com\/noticias\/#\/schema\/person\/b6c7e912cd1283c089114093ed09741f\",\"name\":\"Gabriel Salgado S.\",\"url\":\"https:\/\/colegioarquitectos.com\/noticias\/?author=1\"}]}<\/script>\n<!-- \/ Yoast SEO plugin. -->","yoast_head_json":{"title":"Foro debate \u201cPor la Ciudad y Territorios Justos\u201d Comit\u00e9 Habitat y Vivienda - COLEGIO DE ARQUITECTOS DE CHILE","robots":{"index":"index","follow":"follow","max-snippet":"max-snippet:-1","max-image-preview":"max-image-preview:large","max-video-preview":"max-video-preview:-1"},"canonical":"https:\/\/colegioarquitectos.com\/noticias\/?p=4767","og_locale":"es_ES","og_type":"article","og_title":"Foro debate \u201cPor la Ciudad y Territorios Justos\u201d Comit\u00e9 Habitat y Vivienda - COLEGIO DE ARQUITECTOS DE CHILE","og_description":"El proceso electoral que vivimos constituye una oportunidad para confrontar las visiones y propuestas que las distintas candidaturas presidenciales tienen frente a temas tan importantes como la pol\u00edtica habitacional y el desarrollo de nuestras ciudades y territorios. El jueves 07 &hellip; ver m\u00e1s","og_url":"https:\/\/colegioarquitectos.com\/noticias\/?p=4767","og_site_name":"COLEGIO DE ARQUITECTOS DE CHILE","article_publisher":"https:\/\/facebook.com\/Colegioarq\/","article_published_time":"2013-11-04T17:26:38+00:00","article_modified_time":"2013-11-11T17:52:46+00:00","og_image":[{"width":688,"height":348,"url":"https:\/\/colegioarquitectos.com\/noticias\/wp-content\/uploads\/2013\/11\/destdebate.jpg","type":"image\/jpeg"}],"author":"Gabriel Salgado S.","twitter_card":"summary_large_image","twitter_creator":"@colegioarq","twitter_site":"@colegioarq","twitter_misc":{"Escrito por":"Gabriel Salgado S.","Tiempo de lectura":"2 minutos"},"schema":{"@context":"https:\/\/schema.org","@graph":[{"@type":"Article","@id":"https:\/\/colegioarquitectos.com\/noticias\/?p=4767#article","isPartOf":{"@id":"https:\/\/colegioarquitectos.com\/noticias\/?p=4767"},"author":{"name":"Gabriel Salgado S.","@id":"https:\/\/colegioarquitectos.com\/noticias\/#\/schema\/person\/b6c7e912cd1283c089114093ed09741f"},"headline":"Foro debate \u201cPor la Ciudad y Territorios Justos\u201d Comit\u00e9 Habitat y Vivienda","datePublished":"2013-11-04T17:26:38+00:00","dateModified":"2013-11-11T17:52:46+00:00","mainEntityOfPage":{"@id":"https:\/\/colegioarquitectos.com\/noticias\/?p=4767"},"wordCount":506,"commentCount":0,"publisher":{"@id":"https:\/\/colegioarquitectos.com\/noticias\/#organization"},"image":{"@id":"https:\/\/colegioarquitectos.com\/noticias\/?p=4767#primaryimage"},"thumbnailUrl":"https:\/\/colegioarquitectos.com\/noticias\/wp-content\/uploads\/2013\/11\/destdebate.jpg","articleSection":["Comit\u00e9s"],"inLanguage":"es","potentialAction":[{"@type":"CommentAction","name":"Comment","target":["https:\/\/colegioarquitectos.com\/noticias\/?p=4767#respond"]}]},{"@type":"WebPage","@id":"https:\/\/colegioarquitectos.com\/noticias\/?p=4767","url":"https:\/\/colegioarquitectos.com\/noticias\/?p=4767","name":"Foro debate \u201cPor la Ciudad y Territorios Justos\u201d Comit\u00e9 Habitat y Vivienda - COLEGIO DE ARQUITECTOS DE CHILE","isPartOf":{"@id":"https:\/\/colegioarquitectos.com\/noticias\/#website"},"primaryImageOfPage":{"@id":"https:\/\/colegioarquitectos.com\/noticias\/?p=4767#primaryimage"},"image":{"@id":"https:\/\/colegioarquitectos.com\/noticias\/?p=4767#primaryimage"},"thumbnailUrl":"https:\/\/colegioarquitectos.com\/noticias\/wp-content\/uploads\/2013\/11\/destdebate.jpg","datePublished":"2013-11-04T17:26:38+00:00","dateModified":"2013-11-11T17:52:46+00:00","breadcrumb":{"@id":"https:\/\/colegioarquitectos.com\/noticias\/?p=4767#breadcrumb"},"inLanguage":"es","potentialAction":[{"@type":"ReadAction","target":["https:\/\/colegioarquitectos.com\/noticias\/?p=4767"]}]},{"@type":"ImageObject","inLanguage":"es","@id":"https:\/\/colegioarquitectos.com\/noticias\/?p=4767#primaryimage","url":"https:\/\/colegioarquitectos.com\/noticias\/wp-content\/uploads\/2013\/11\/destdebate.jpg","contentUrl":"https:\/\/colegioarquitectos.com\/noticias\/wp-content\/uploads\/2013\/11\/destdebate.jpg","width":688,"height":348},{"@type":"BreadcrumbList","@id":"https:\/\/colegioarquitectos.com\/noticias\/?p=4767#breadcrumb","itemListElement":[{"@type":"ListItem","position":1,"name":"Portada","item":"https:\/\/colegioarquitectos.com\/noticias"},{"@type":"ListItem","position":2,"name":"Foro debate \u201cPor la Ciudad y Territorios Justos\u201d Comit\u00e9 Habitat y Vivienda"}]},{"@type":"WebSite","@id":"https:\/\/colegioarquitectos.com\/noticias\/#website","url":"https:\/\/colegioarquitectos.com\/noticias\/","name":"COLEGIO DE ARQUITECTOS DE CHILE","description":"","publisher":{"@id":"https:\/\/colegioarquitectos.com\/noticias\/#organization"},"potentialAction":[{"@type":"SearchAction","target":{"@type":"EntryPoint","urlTemplate":"https:\/\/colegioarquitectos.com\/noticias\/?s={search_term_string}"},"query-input":{"@type":"PropertyValueSpecification","valueRequired":true,"valueName":"search_term_string"}}],"inLanguage":"es"},{"@type":"Organization","@id":"https:\/\/colegioarquitectos.com\/noticias\/#organization","name":"COLEGIO DE ARQUITECTOS DE CHILE","url":"https:\/\/colegioarquitectos.com\/noticias\/","logo":{"@type":"ImageObject","inLanguage":"es","@id":"https:\/\/colegioarquitectos.com\/noticias\/#\/schema\/logo\/image\/","url":"https:\/\/colegioarquitectos.com\/noticias\/wp-content\/uploads\/2021\/05\/ENCABEZADO-LOGO-CA.jpg","contentUrl":"https:\/\/colegioarquitectos.com\/noticias\/wp-content\/uploads\/2021\/05\/ENCABEZADO-LOGO-CA.jpg","width":690,"height":350,"caption":"COLEGIO DE ARQUITECTOS DE CHILE"},"image":{"@id":"https:\/\/colegioarquitectos.com\/noticias\/#\/schema\/logo\/image\/"},"sameAs":["https:\/\/facebook.com\/Colegioarq\/","https:\/\/x.com\/colegioarq","https:\/\/instagram.com\/colegioarq","https:\/\/youtube.com\/@ColegiodeArquitectosdeChile"]},{"@type":"Person","@id":"https:\/\/colegioarquitectos.com\/noticias\/#\/schema\/person\/b6c7e912cd1283c089114093ed09741f","name":"Gabriel Salgado S.","url":"https:\/\/colegioarquitectos.com\/noticias\/?author=1"}]}},"_links":{"self":[{"href":"https:\/\/colegioarquitectos.com\/noticias\/index.php?rest_route=\/wp\/v2\/posts\/4767","targetHints":{"allow":["GET"]}}],"collection":[{"href":"https:\/\/colegioarquitectos.com\/noticias\/index.php?rest_route=\/wp\/v2\/posts"}],"about":[{"href":"https:\/\/colegioarquitectos.com\/noticias\/index.php?rest_route=\/wp\/v2\/types\/post"}],"author":[{"embeddable":true,"href":"https:\/\/colegioarquitectos.com\/noticias\/index.php?rest_route=\/wp\/v2\/users\/1"}],"replies":[{"embeddable":true,"href":"https:\/\/colegioarquitectos.com\/noticias\/index.php?rest_route=%2Fwp%2Fv2%2Fcomments&post=4767"}],"version-history":[{"count":0,"href":"https:\/\/colegioarquitectos.com\/noticias\/index.php?rest_route=\/wp\/v2\/posts\/4767\/revisions"}],"wp:featuredmedia":[{"embeddable":true,"href":"https:\/\/colegioarquitectos.com\/noticias\/index.php?rest_route=\/wp\/v2\/media\/4769"}],"wp:attachment":[{"href":"https:\/\/colegioarquitectos.com\/noticias\/index.php?rest_route=%2Fwp%2Fv2%2Fmedia&parent=4767"}],"wp:term":[{"taxonomy":"category","embeddable":true,"href":"https:\/\/colegioarquitectos.com\/noticias\/index.php?rest_route=%2Fwp%2Fv2%2Fcategories&post=4767"},{"taxonomy":"post_tag","embeddable":true,"href":"https:\/\/colegioarquitectos.com\/noticias\/index.php?rest_route=%2Fwp%2Fv2%2Ftags&post=4767"}],"curies":[{"name":"wp","href":"https:\/\/api.w.org\/{rel}","templated":true}]}}