
{"id":499,"date":"2012-03-13T15:00:31","date_gmt":"2012-03-13T15:00:31","guid":{"rendered":"http:\/\/colegioarquitectos.com\/noticias\/?p=499"},"modified":"2012-03-19T16:33:03","modified_gmt":"2012-03-19T16:33:03","slug":"mall-de-castro-colegio-de-arquitectos-autoridades-academicas-y-premios-nacionales-de-arquitectura-presentan-carta-abierta-a-ministro-de-vivienda-solicitando-la-paralizacion-inmediata-de-las-obras","status":"publish","type":"post","link":"https:\/\/colegioarquitectos.com\/noticias\/?p=499","title":{"rendered":"Mall de Castro: Colegio de Arquitectos, autoridades acad\u00e9micas y Premios Nacionales de Arquitectura presentan Carta Abierta a Ministro de Vivienda solicitando la paralizaci\u00f3n inmediata de las obras"},"content":{"rendered":"<p style=\"text-align: justify;\">Formando frente com\u00fan por el rechazo a la forma en que se implanta el edificio del Mall en el casco hist\u00f3rico de Castro y la manera como se ha procedido, el Colegio de Arquitectos de Chile -luego de su declaraci\u00f3n p\u00fablica presentada- se uni\u00f3 a destacadas autoridades del mundo acad\u00e9mico y a Premios Nacionales de Arquitectura, para presentar una Carta Abierta al Ministerio de Vivienda y Urbanismo, solicitando la paralizaci\u00f3n inmediata de las obras.<\/p>\n<p style=\"text-align: justify;\">El grupo conformado por el Presidente del Colegio de Arquitectos de Chile, Luis Eduardo Bresciani; Fernando Mar\u00edn, Decano de la Facultad de Arquitectura de la Universidad Mayor; Leopoldo Prat, Decano de la Facultad de Arquitectura de la Universidad de Chile; V\u00edctor Gubbins, Premio Nacional de Arquitectura 1999, y Eugenio Ort\u00fazar, acad\u00e9mico representante de los arquitectos de Chilo\u00e9, fue recibido por Jos\u00e9 Ram\u00f3n Ugarte, Asesor del Ministro, a quien presentaron esta carta firmada por m\u00e1s de 200 arquitectos a nivel nacional, incluyendo a un importante grupo de profesionales de Chilo\u00e9, Decanos y Directores de Escuelas de Arquitectura y siete Premios Nacionales de Arquitectura.<\/p>\n<p style=\"text-align: justify;\">Los profesionales expresaron fuertemente su preocupaci\u00f3n por una serie de anomal\u00edas e irregularidades que se han presentado en el desarrollo de la inversi\u00f3n de este mall. Destacaron que \u201cnos preocupa abiertamente la mala se\u00f1al que se est\u00e1 dando al mundo del urbanismo y desarrollo patrimonial de Chile el actuar de una empresa inmobiliaria y su comportamiento alejado de la \u00e9tica profesional y empresarial, al estar en presencia de reiteradas irregularidades, en especial, la negativa en el tiempo por parte de la empresa Pasmar S.A. para acatar las cinco paralizaciones de todas las obras que se encuentran fuera de los permisos de edificaci\u00f3n aprobados por la Direcci\u00f3n de Obras de la Municipalidad de Castro\u201d.<\/p>\n<p style=\"text-align: justify;\">Precisaron que el no cumplimiento por parte de la empresa de la Ley General de Urbanismo y Construcci\u00f3n, de los correspondientes Planes Reguladores y de los propios permisos de edificaci\u00f3n hace necesario la aplicaci\u00f3n de todo el rigor de la Ley. En este marco, solicitaron incluso que, de corresponder, se ordene la paralizaci\u00f3n inmediata de las obras, con el auxilio de la fuerza p\u00fablica, seg\u00fan la ley le autoriza y la demolici\u00f3n de todo lo que exceda la altura y superficie del permiso de construcci\u00f3n aprobado.<\/p>\n<p style=\"text-align: justify;\">Sentenciaron, as\u00ed, que \u201cde no actuar en forma inmediata, significar\u00e1 aumentar a\u00fan m\u00e1s el da\u00f1o ya causado y har\u00e1 m\u00e1s dif\u00edcil encontrar una salida a esta dif\u00edcil situaci\u00f3n\u201d.<\/p>\n<p style=\"text-align: justify;\">Los arquitectos manifestaron la necesidad urgente de ser parte activa para buscar la mejor soluci\u00f3n a este grave escenario que afecta la imagen de Chilo\u00e9 y de Chile para con el mundo, solicitando la formaci\u00f3n de mesas de trabajo conjuntas, donde tambi\u00e9n participe la empresa Pasmar, para coordinar la mejor soluci\u00f3n y mitigaci\u00f3n necesaria del proyecto.<\/p>\n<p style=\"text-align: justify;\">En este contexto, destac\u00f3 el Presidente Nacional del Colegio de Arquitectos de Chile, Luis Eduardo Bresciani, la participaci\u00f3n ciudadana efectiva e informada es fundamental. Precisa que es esencial escuchar a la ciudadan\u00eda y que \u00e9sta sea part\u00edcipe en la conformaci\u00f3n de la ciudad en que quieren vivir. Se\u00f1ala que \u201ces importante dejar en claro que la oposici\u00f3n que manifestamos no es a la existencia de un mall \u2013estructura que aprueba la mayor\u00eda de habitantes de Castro- sino que a la forma como se ha procedido y el emplazamiento de un edificio que rompe totalmente la trama urbana e identidad patrimonial de Castro\u201d.<\/p>\n<p style=\"text-align: justify;\">Bresciani concluye que es importante destacar que el escenario que se est\u00e1 viviendo hoy en Castro es s\u00f3lo una de las tantas situaciones lamentables que se est\u00e1n dando a nivel nacional, de construcciones que afectan \u00edntimamente la identidad urbana y patrimonial de las ciudades en que se emplazan, como los proyectos de mall en Valpara\u00edso y Puerto Varas. Por ello, es important\u00edsimo que este actuar profesional y ciudadano abra el camino y sienta precedente para encontrar soluciones y que estas transgresiones no vuelvan a ocurrir.<\/p>\n<p>&nbsp;<\/p>\n<p><a href=\"http:\/\/colegioarquitectos.com\/noticias\/wp-content\/uploads\/2012\/03\/p.jpg\"><img loading=\"lazy\" decoding=\"async\" class=\"alignnone size-full wp-image-500\" title=\"p\" src=\"http:\/\/colegioarquitectos.com\/noticias\/wp-content\/uploads\/2012\/03\/p.jpg\" alt=\"\" width=\"553\" height=\"350\" srcset=\"https:\/\/colegioarquitectos.com\/noticias\/wp-content\/uploads\/2012\/03\/p.jpg 553w, https:\/\/colegioarquitectos.com\/noticias\/wp-content\/uploads\/2012\/03\/p-300x189.jpg 300w\" sizes=\"auto, (max-width: 553px) 100vw, 553px\" \/><\/a><\/p>\n<p>&nbsp;<\/p>\n<h3 style=\"text-align: justify;\"><span style=\"color: #000080;\"><strong><span style=\"text-decoration: underline;\">SE ADJUNTA CARTA<\/span>:<\/strong><\/span><\/h3>\n<p style=\"text-align: justify;\"><strong>Se\u00f1or<\/strong><\/p>\n<p style=\"text-align: justify;\"><strong>Rodrigo P\u00e9rez Mackenna<\/strong><\/p>\n<p style=\"text-align: justify;\"><strong>Ministro<\/strong><\/p>\n<p style=\"text-align: justify;\"><strong>Ministerio de Vivienda y Urbanismo<\/strong><\/p>\n<p style=\"text-align: justify;\"><strong><span style=\"text-decoration: underline;\">Santiago<\/span><\/strong><\/p>\n<p style=\"text-align: justify;\"><span style=\"text-decoration: underline;\">\u00a0<\/span><\/p>\n<p style=\"text-align: justify;\">Estimado Se\u00f1or Ministro :<\/p>\n<p style=\"text-align: justify;\">Es de p\u00fablico conocimiento los acontecimientos relacionados con la construcci\u00f3n de un edificio denominado Mall de Castro de propiedad de la empresa Pasmar S.A., en la ciudad de Castro, Provincia de Chilo\u00e9.<\/p>\n<p style=\"text-align: justify;\">Los abajo firmantes, todos de formaci\u00f3n arquitectos y representando a nuestro Colegio, estamos preocupados por una serie de anomal\u00edas e irregularidades que se han presentado en el desarrollo de esta inversi\u00f3n.<\/p>\n<p style=\"text-align: justify;\">Nos preocupa abiertamente la mala se\u00f1al que se est\u00e1 dando al mundo del urbanismo y desarrollo patrimonial de Chile el actuar de una empresa inmobiliaria y su comportamiento alejado de la \u00e9tica profesional y empresarial,\u00a0 al estar en presencia de reiteradas irregularidades, en especial, la negativa en el tiempo por parte de la empresa Pasmar S.A. para acatar las cinco paralizaciones de todas las obras que se encuentran fuera de los permisos de edificaci\u00f3n aprobados por la Direcci\u00f3n de Obras de la Municipalidad de Castro.<\/p>\n<p style=\"text-align: justify;\">El no cumplimiento por parte de la empresa de la Ley General de Urbanismo y Construcci\u00f3n, de los correspondientes Planes Reguladores y de los propios permisos de edificaci\u00f3n los hacen ponerse al margen de la Ley y es necesario la aplicaci\u00f3n de todo el rigor de \u00e9sta para que vuelva imperar principio de legalidad y de igualdad ante la Ley.<\/p>\n<p style=\"text-align: justify;\">No puede ser posible que todos los pasivos urban\u00edsticos, ambientales y sociales que se est\u00e1n produciendo por la pol\u00edtica de los hechos consumados que desarrolla Pasmar S.A. tengan que ser pagados por una ciudad patrimonial como es la de Castro, afectando su trama urbana y su identidad. Esta obra est\u00e1 significando la destrucci\u00f3n de la proporcionalidad y la trama urbana del casco hist\u00f3rico y patrimonial de la ciudad de Castro.<\/p>\n<p style=\"text-align: justify;\">Por todo lo anteriormente expuesto, venimos en solicitar a Ud. lo siguiente:<\/p>\n<p style=\"text-align: justify;\">a) Instruir al Se\u00f1or Secretario Regional Ministerial de Los Lagos, arquitecto Fernando Gunckel B\u00f3rquez, para que oficie a la Sra. Directora de Obras de la I. Municipalidad de Castro, a fin de que \u00e9sta le informe de las obras que se ejecutan por la empresa Pasmar S.A. en contravenci\u00f3n al Plan Regulador de la comuna de Castro y\/o sin haber obtenido el correspondiente permiso municipal, dentro del plazo que establece la ley, todo al tenor de la facultad del art\u00edculo 157 de la LGUC;<\/p>\n<p style=\"text-align: justify;\">b) Una vez recibido dicho informe, y con el m\u00e9rito de la gravedad de los antecedentes, estimamos de la m\u00e1s urgente procedencia y previo su conformidad,\u00a0 que ordene la paralizaci\u00f3n inmediata de las obras, con el auxilio de la fuerza p\u00fablica, seg\u00fan la ley le autoriza y la demolici\u00f3n de todo lo que exceda la altura y superficie del permiso de construcci\u00f3n aprobado.<\/p>\n<p style=\"text-align: justify;\">No actuar en forma inmediata significar\u00e1 aumentar a\u00fan m\u00e1s el da\u00f1o ya causado y har\u00e1 m\u00e1s dif\u00edcil encontrar una salida a esta dif\u00edcil situaci\u00f3n.<\/p>\n<p style=\"text-align: justify;\">As\u00ed mismo, lo invitamos desde ya a ser parte activa para buscar la mejor soluci\u00f3n a esta grave situaci\u00f3n que afecta la imagen de Chilo\u00e9 y de Chile para con el mundo.<\/p>\n<p style=\"text-align: justify;\">Esperando desde ya su favorable acogida,<strong> <\/strong><strong><\/strong><\/p>\n<p style=\"text-align: justify;\"><strong>PRESIDENTE COLEGIO ARQUITECTOS DE CHILE.<\/strong><\/p>\n<p style=\"text-align: justify;\"><strong><\/strong>Presidente: <strong>Luis Eduardo Bresciani P.<\/strong> \u2013 Arquitecto<\/p>\n<p style=\"text-align: justify;\"><strong>DIRECTORIO COLEGIO DE ARQUITECTOS DE CHILE<\/strong><\/p>\n<p style=\"text-align: justify;\">Vicepresidente Nacional : Cecilia Leiva M. &#8211; \u00a0Arquitecto<\/p>\n<p style=\"text-align: justify;\">Vicepresidente Nacional: Ra\u00fal Palma L. &#8211; \u00a0Arquitecto<\/p>\n<p style=\"text-align: justify;\">Secretario General: Julio Alegr\u00eda G. &#8211; \u00a0Arquitecto<\/p>\n<p style=\"text-align: justify;\">Past Presidente: Patricio Gross F. &#8211; \u00a0Arquitecto<\/p>\n<p style=\"text-align: justify;\">Directora Tesorera: Valeria Catafau Z. &#8211; \u00a0Arquitecto<\/p>\n<p style=\"text-align: justify;\">Director : Igor Rosenmann B. &#8211; \u00a0Arquitecto<\/p>\n<p style=\"text-align: justify;\">Directora : Andrea Korn V. &#8211; \u00a0Arquitecto<\/p>\n<p style=\"text-align: justify;\">Director : Nelson Morgado L. &#8211; \u00a0Arquitecto<\/p>\n<p style=\"text-align: justify;\">Director: Sergio Andreu M. &#8211; \u00a0Arquitecto<\/p>\n<p style=\"text-align: justify;\">Director: Jaime Matas C. &#8211; Arquitecto<\/p>\n<p style=\"text-align: justify;\"><strong>PREMIOS NACIONALES ARQUITECTURA COLEGIO DE ARQUITECTOS DE CHILE.<\/strong><\/p>\n<p style=\"text-align: justify;\" align=\"left\">1-\u00a0\u00a0\u00a0\u00a0 Fernando Castillo Velasco &#8211; \u00a0Arquitecto<\/p>\n<p style=\"text-align: justify;\" align=\"left\">2-\u00a0\u00a0\u00a0\u00a0 Cristian Fern\u00e1ndez Cox &#8211; \u00a0Arquitecto<\/p>\n<p style=\"text-align: justify;\" align=\"left\">3-\u00a0\u00a0\u00a0\u00a0 V\u00edctor Gubbins Browne\u00a0 &#8211; Arquitecto<\/p>\n<p style=\"text-align: justify;\" align=\"left\">4-\u00a0\u00a0\u00a0\u00a0 Cristi\u00e1n Vald\u00e9s\u00a0 &#8211; Arquitecto<\/p>\n<p style=\"text-align: justify;\" align=\"left\">5-\u00a0\u00a0\u00a0\u00a0 Germ\u00e1n Del Sol &#8211; \u00a0Arquitecto<\/p>\n<p style=\"text-align: justify;\" align=\"left\">6-\u00a0\u00a0\u00a0\u00a0 Enrique Browne C. &#8211; Arquitecto<\/p>\n<p style=\"text-align: justify;\" align=\"left\">7-\u00a0\u00a0\u00a0\u00a0 Juan Sabbagh &#8211; \u00a0Arquitecto<\/p>\n<p style=\"text-align: justify;\"><strong>DECANOS Y DIRECTORES ESCUELAS DE ARQUITECTURA<\/strong><\/p>\n<p style=\"text-align: justify;\" align=\"left\">1-\u00a0\u00a0\u00a0\u00a0 Fernando Mar\u00edn\u00a0\u00a0\u00a0\u00a0\u00a0\u00a0\u00a0\u00a0\u00a0 \u00a0\u00a0Decano Facultad de Arquitectura Universidad Mayor.<\/p>\n<p style=\"text-align: justify;\" align=\"left\">2-\u00a0\u00a0\u00a0\u00a0 Cristi\u00e1n Boza D\u00edaz\u00a0\u00a0\u00a0\u00a0\u00a0 \u00a0\u00a0Decano Facultad de Arquitectura Universidad San Sebasti\u00e1n \u2013 Puerto Montt<\/p>\n<p style=\"text-align: justify;\" align=\"left\">3-\u00a0\u00a0\u00a0\u00a0 Drago Vodanovic \u00a0\u00a0\u00a0\u00a0\u00a0\u00a0\u00a0\u00a0\u00a0Director Escuela de Arquitectura Universidad San\u00a0 Sebasti\u00e1n Puerto Montt<\/p>\n<p style=\"text-align: justify;\" align=\"left\">4- Carlos Mora \u00a0\u00a0\u00a0\u00a0\u00a0\u00a0\u00a0\u00a0\u00a0\u00a0\u00a0\u00a0\u00a0\u00a0\u00a0\u00a0\u00a0Director Escuela de Arquitectura Universidad Los Lagos Puerto Montt<\/p>\n<p style=\"text-align: justify;\" align=\"left\">5- Albert Tidy Venegas\u00a0\u00a0\u00a0\u00a0 Director Escuela de Arquitectura Universidad San\u00a0\u00a0\u00a0\u00a0\u00a0 Sebasti\u00e1n Santiago<\/p>\n<p style=\"text-align: justify;\" align=\"left\">6- Felipe Assadi \u00a0\u00a0\u00a0\u00a0\u00a0\u00a0\u00a0\u00a0\u00a0\u00a0\u00a0\u00a0\u00a0\u00a0\u00a0\u00a0Decano Facultad de Arquitectura Finis Terrae.<\/p>\n<p style=\"text-align: justify;\" align=\"left\">7- Ignacio Volante\u00a0\u00a0\u00a0\u00a0\u00a0\u00a0\u00a0\u00a0\u00a0 \u00a0\u00a0\u00a0\u00a0Director Escuela de Arquitectura Finis Terrae<\/p>\n<p style=\"text-align: justify;\" align=\"left\">8- Pablo Abuabuad\u00a0 \u00a0\u00a0\u00a0\u00a0\u00a0\u00a0\u00a0\u00a0\u00a0\u00a0Director Escuela Arquitectura Diego Portales<\/p>\n<p style=\"text-align: justify;\" align=\"left\">9- Pablo Labb\u00e9\u00a0 \u00a0\u00a0\u00a0\u00a0\u00a0\u00a0\u00a0\u00a0\u00a0\u00a0\u00a0\u00a0\u00a0\u00a0\u00a0\u00a0Director Escuela de Arquitectura ARCIS<\/p>\n<p style=\"text-align: justify;\" align=\"left\">10- Leopoldo Prat \u00a0\u00a0\u00a0\u00a0\u00a0\u00a0\u00a0\u00a0\u00a0 \u00a0\u00a0\u00a0\u00a0\u00a0\u00a0Decano Facultad de Arquitectura y Urbanismo Universidad de Chile<\/p>\n<p style=\"text-align: justify;\" align=\"left\">11. Humberto Eliash\u00a0\u00a0 \u00a0\u00a0\u00a0\u00a0\u00a0\u00a0\u00a0\u00a0\u00a0Vice Decano Escuela de Arquitectura Universidad de Chile<\/p>\n<p style=\"text-align: justify;\" align=\"left\">12. Alberto Sato \u00a0\u00a0\u00a0\u00a0\u00a0\u00a0\u00a0\u00a0\u00a0\u00a0\u00a0\u00a0\u00a0\u00a0\u00a0\u00a0\u00a0\u00a0Decano Facultad de Arquitectura Universidad Andr\u00e9s Bello<\/p>\n<p style=\"text-align: justify;\" align=\"left\">13. Jorge Hoehmann\u00a0\u00a0\u00a0\u00a0\u00a0 \u00a0\u00a0\u00a0\u00a0\u00a0 Director de Escuela de Arquitectura Universidad Mayor Sede Santiago<\/p>\n<p style=\"text-align: justify;\" align=\"left\">14. Gonzalo Verdugo\u00a0\u00a0\u00a0\u00a0\u00a0\u00a0\u00a0\u00a0\u00a0 Director de Escuela de Arquitectura Universidad Mayor Sede Temuco<\/p>\n<p style=\"text-align: justify;\">15. Juan Luis Ram\u00edrez Riveros \u00a0 Director Escuela de Arquitectura UNIACC y Presidente Comit\u00e9 Tecnolog\u00eda, Colegio de Arquitectos de Chile <strong><\/strong><\/p>\n<p style=\"text-align: justify;\"><strong>ARQUITECTOS CHILO\u00c9<\/strong><\/p>\n<p style=\"text-align: justify;\" align=\"left\">1-\u00a0\u00a0\u00a0\u00a0 Vesna Yurac. \u2013 Arquitecta Presidenta Colegio Arquitectos Delegaci\u00f3n Chilo\u00e9<\/p>\n<p style=\"text-align: justify;\" align=\"left\">2-\u00a0\u00a0\u00a0\u00a0 Jorge Espinoza &#8211; Arquitecto Secretario Colegio Arquitectos Delegaci\u00f3n Chilo\u00e9<\/p>\n<p style=\"text-align: justify;\" align=\"left\">3-\u00a0\u00a0\u00a0\u00a0 Edward Rojas Vega &#8211; \u00a0Arquitecto<\/p>\n<p style=\"text-align: justify;\" align=\"left\">4-\u00a0\u00a0\u00a0\u00a0 Eugenio Ort\u00fazar M\u00fcller &#8211; \u00a0Arquitecto<\/p>\n<p style=\"text-align: justify;\" align=\"left\">5-\u00a0\u00a0\u00a0\u00a0 Aldo Riveros &#8211; \u00a0Arquitecto<\/p>\n<p style=\"text-align: justify;\" align=\"left\">6-\u00a0\u00a0\u00a0\u00a0 Juan Fernando Y\u00e1\u00f1ez &#8211; \u00a0Arquitecto<\/p>\n<p style=\"text-align: justify;\" align=\"left\">7-\u00a0\u00a0\u00a0\u00a0 Jorge Lobos &#8211; Arquitecto<\/p>\n<p style=\"text-align: justify;\" align=\"left\">8-\u00a0\u00a0\u00a0\u00a0 Jon\u00e1s Retamal &#8211; Arquitecto<\/p>\n<p style=\"text-align: justify;\" align=\"left\">9-\u00a0\u00a0\u00a0\u00a0 Tania Gebauer Araneda &#8211; \u00a0Arquitecto<\/p>\n<p style=\"text-align: justify;\" align=\"left\">10- Eduardo Munita &#8211; Arquitecto<\/p>\n<p style=\"text-align: justify;\" align=\"left\">11- Priscila C\u00e1rdenas Paredes- \u00a0Arquitecto<\/p>\n<p style=\"text-align: justify;\" align=\"left\">12- Daniel Anuch &#8211; Arquitecto<\/p>\n<p style=\"text-align: justify;\" align=\"left\">13- Fiona Galland &#8211; Arquitecto<\/p>\n<p style=\"text-align: justify;\" align=\"left\">14- Alejandra Carvajal &#8211; \u00a0Arquitecto<\/p>\n<p style=\"text-align: justify;\" align=\"left\">15- Sergio Monta\u00f1a &#8211; Arquitecto<\/p>\n<p style=\"text-align: justify;\" align=\"left\">16- Mauricio Rom\u00e1n Porras- \u00a0Arquitecto<\/p>\n<p style=\"text-align: justify;\" align=\"left\">17- Francisca Larra\u00edn &#8211; \u00a0Arquitecto<\/p>\n<p style=\"text-align: justify;\" align=\"left\">18- Octavio Meyer &#8211; Arquitecto<\/p>\n<p style=\"text-align: justify;\" align=\"left\">19- Luis Santib\u00e1\u00f1ez &#8211; \u00a0Arquitecto<\/p>\n<p style=\"text-align: justify;\" align=\"left\">20- Cristian Torres M\u00e1rquez- \u00a0Arquitecto<\/p>\n<p style=\"text-align: justify;\" align=\"left\">21- Daniel Meneses &#8211; \u00a0Arquitecto<\/p>\n<p style=\"text-align: justify;\" align=\"left\">22- Francisco Mart\u00ednez Vera &#8211; Arquitecto<\/p>\n<p style=\"text-align: justify;\"><strong>ARQUITECTOS CHILENOS<\/strong><\/p>\n<p style=\"text-align: justify;\" align=\"left\">1-\u00a0\u00a0\u00a0\u00a0 Eugenio Garc\u00e9s &#8211; \u00a0Arquitecto<\/p>\n<p style=\"text-align: justify;\" align=\"left\">2-\u00a0\u00a0\u00a0\u00a0 Renato Vivaldi &#8211; Arquitecto<\/p>\n<p style=\"text-align: justify;\" align=\"left\">3-\u00a0\u00a0\u00a0\u00a0 \u00a0Lorenzo Berg &#8211; Arquitecto<\/p>\n<p style=\"text-align: justify;\" align=\"left\">4-\u00a0\u00a0\u00a0\u00a0 Fernando Dowling &#8211; Arquitecto<\/p>\n<p style=\"text-align: justify;\" align=\"left\">5-\u00a0\u00a0\u00a0\u00a0 Alberto Montealegre Klenner &#8211; Arquitecto<\/p>\n<p style=\"text-align: justify;\" align=\"left\">6-\u00a0\u00a0\u00a0\u00a0 Mar\u00eda Isabel Harvey\u00a0 &#8211; \u00a0Arquitecto UC<\/p>\n<p style=\"text-align: justify;\" align=\"left\">7-\u00a0\u00a0\u00a0\u00a0 Ernesto L\u00f3pez Morales &#8211; \u00a0Arquitecto, director U.CH<\/p>\n<p style=\"text-align: justify;\" align=\"left\">8-\u00a0\u00a0\u00a0\u00a0 Alejandro Guti\u00e9rrez &#8211; \u00a0Arquitecto<\/p>\n<p style=\"text-align: justify;\" align=\"left\">9-\u00a0\u00a0\u00a0\u00a0 Alex Brahm &#8211; \u00a0Arquitecto<\/p>\n<p style=\"text-align: justify;\" align=\"left\">10- Eduardo San Mart\u00edn &#8211; \u00a0Arquitecto<\/p>\n<p style=\"text-align: justify;\" align=\"left\">11- Francisco Gacit\u00faa\u00a0 &#8211;\u00a0 Artista \u00a0escultor<\/p>\n<p style=\"text-align: justify;\" align=\"left\">12- Francisco Schmidt &#8211; \u00a0Arquitecto<\/p>\n<p style=\"text-align: justify;\" align=\"left\">13- Gonzalo Mardones V. &#8211; \u00a0Arquitecto<\/p>\n<p style=\"text-align: justify;\" align=\"left\">14- Iv\u00e1n Daiber &#8211;\u00a0 Artista Arquitecto<\/p>\n<p style=\"text-align: justify;\" align=\"left\">15- Jos\u00e9 Rosas &#8211; \u00a0Arquitecto<\/p>\n<p style=\"text-align: justify;\" align=\"left\">16- Juan Manuel Santos &#8211; \u00a0Arquitecto<\/p>\n<p style=\"text-align: justify;\" align=\"left\">17- Juan Patricio C\u00e1ceres &#8211; \u00a0Arquitecto Paisajista<\/p>\n<p style=\"text-align: justify;\" align=\"left\">18- Margarita Greene &#8211; \u00a0Arquitecto<\/p>\n<p style=\"text-align: justify;\" align=\"left\">19- Luis Eduardo Bresciani L. &#8211; \u00a0Arquitecto<\/p>\n<p style=\"text-align: justify;\" align=\"left\">20- Michael Holmes- \u00a0Constructor<\/p>\n<p style=\"text-align: justify;\" align=\"left\">21- Michel Bier- \u00a0Arquitecto<\/p>\n<p style=\"text-align: justify;\" align=\"left\">22- Miguel Laborde &#8211; Arquitecto Honorario<\/p>\n<p style=\"text-align: justify;\" align=\"left\">23- Miguel Saavedra- \u00a0Arquitecto<\/p>\n<p style=\"text-align: justify;\" align=\"left\">24- Pedro Murtinho- \u00a0Arquitecto<\/p>\n<p style=\"text-align: justify;\" align=\"left\">25- Pilar Urrejola- \u00a0Arquitecto<\/p>\n<p style=\"text-align: justify;\" align=\"left\">26- Robert Holmes- \u00a0Arquitecto<\/p>\n<p style=\"text-align: justify;\" align=\"left\">27- Santiago Raby &#8211; \u00a0Arquitecto<\/p>\n<p style=\"text-align: justify;\" align=\"left\">28- Pedro Gubbins &#8211; \u00a0Arquitecto<\/p>\n<p style=\"text-align: justify;\" align=\"left\">29- Sebasti\u00e1n Baraona- \u00a0Arquitecto<\/p>\n<p style=\"text-align: justify;\" align=\"left\">30- Juan Guillermo Tejeda &#8211; Arquitecto<\/p>\n<p style=\"text-align: justify;\" align=\"left\">31- Claudio Pulgar Pinaut- \u00a0Arquitecto<\/p>\n<p style=\"text-align: justify;\" align=\"left\">32- Bern Haller- \u00a0Arquitecto<\/p>\n<p style=\"text-align: justify;\" align=\"left\">33- Hern\u00e1n Precht- \u00a0Arquitecto<\/p>\n<p style=\"text-align: justify;\" align=\"left\">34- Juan Ignacio Baixas &#8211; \u00a0Arquitecto<\/p>\n<p style=\"text-align: justify;\" align=\"left\">35- Mart\u00edn Hurtado &#8211; \u00a0Arquitecto<\/p>\n<p style=\"text-align: justify;\" align=\"left\">36- Patrick Turner &#8211; \u00a0Arquitecto<\/p>\n<p style=\"text-align: justify;\" align=\"left\">37- Sebasti\u00e1n Gray &#8211; \u00a0Arquitecto<\/p>\n<p style=\"text-align: justify;\" align=\"left\">38- Nicol\u00e1s Loi &#8211; \u00a0Arquitecto<\/p>\n<p style=\"text-align: justify;\" align=\"left\">39- Alberto Montealegre B. &#8211; Arquitecto<\/p>\n<p style=\"text-align: justify;\" align=\"left\">40- B\u00e1rbara Gatica Grimm &#8211; \u00a0Arquitecto<\/p>\n<p style=\"text-align: justify;\" align=\"left\">41- Fernando Dowling &#8211; \u00a0Arquitecto<\/p>\n<p style=\"text-align: justify;\" align=\"left\">42- Andr\u00e9s Hirmas &#8211; \u00a0Arquitecto<\/p>\n<p style=\"text-align: justify;\" align=\"left\">43- George Unger\u00a0 &#8211; \u00a0Sic\u00f3logo Social<\/p>\n<p style=\"text-align: justify;\" align=\"left\">44- Miguel Vega\u00a0 &#8211; Arquitecto<\/p>\n<p style=\"text-align: justify;\" align=\"left\">45- Hern\u00e1n Marchant\u00a0 &#8211; \u00a0Arquitecto<\/p>\n<p style=\"text-align: justify;\" align=\"left\">46- Cristian Fern\u00e1ndez\u00a0 &#8211; \u00a0Arquitecto<\/p>\n<p style=\"text-align: justify;\" align=\"left\">47- Marcela Hurtado &#8211; Arquitecto<\/p>\n<p style=\"text-align: justify;\" align=\"left\">48- Walter Folch &#8211; \u00a0Arquitecto<\/p>\n<p style=\"text-align: justify;\" align=\"left\">49- Hern\u00e1n Garfias\u00a0 &#8211; Dise\u00f1ador<\/p>\n<p style=\"text-align: justify;\" align=\"left\">50- Hern\u00e1n Duval Valenzuela &#8211; Arquitecto<\/p>\n<p style=\"text-align: justify;\" align=\"left\">51- Paula Jarpa Garc\u00eca-Vinuessa &#8211; \u00a0Arquitecto<\/p>\n<p style=\"text-align: justify;\" align=\"left\">52- Miguel Saavedra &#8211; \u00a0Arquitecto<\/p>\n<p style=\"text-align: justify;\" align=\"left\">53- Cristian Undurraga &#8211; \u00a0Arquitecto<\/p>\n<p style=\"text-align: justify;\" align=\"left\">54- Claudio Santander &#8211; \u00a0Arquitecto<\/p>\n<p style=\"text-align: justify;\" align=\"left\">55- Gast\u00f3n S\u00e1nchez &#8211; \u00a0Arquitecto<\/p>\n<p style=\"text-align: justify;\" align=\"left\">56- Enrique Colin Altuzarra- \u00a0Arquitecto<\/p>\n<p style=\"text-align: justify;\" align=\"left\">57- Andrea Borraez Castro &#8211; \u00a0Arquitecto<\/p>\n<p style=\"text-align: justify;\" align=\"left\">58- Carlos Go\u00f1i Campbell &#8211; \u00a0Arquitecto<\/p>\n<p style=\"text-align: justify;\" align=\"left\">59- Paola Gir\u00f3n &#8211; \u00a0Arquitecto<\/p>\n<p style=\"text-align: justify;\" align=\"left\">60- V\u00edctor Fern\u00e1ndez Pizarro &#8211; \u00a0Arquitecto<\/p>\n<p style=\"text-align: justify;\" align=\"left\">61- Katica Simunovic M &#8211; \u00a0Arquitecto<\/p>\n<p style=\"text-align: justify;\" align=\"left\">62- Gonzalo De Petris Aguirre &#8211; \u00a0Arquitecto<\/p>\n<p style=\"text-align: justify;\" align=\"left\">63- Cristian Preller Fiorentino &#8211; Arquitecto<\/p>\n<p style=\"text-align: justify;\" align=\"left\">64- Julio Zamorano Karelovic &#8211; \u00a0Arquitecto<\/p>\n<p style=\"text-align: justify;\" align=\"left\">65- Rodrigo Solar Birgkner &#8211; \u00a0Arquitecto<\/p>\n<p style=\"text-align: justify;\" align=\"left\">66- Luis Bertolo Novakovic_ -Arquitecto<\/p>\n<p style=\"text-align: justify;\" align=\"left\">67- Sergio Godoy P. &#8211; \u00a0Arquitecto<\/p>\n<p style=\"text-align: justify;\" align=\"left\">68- Marco Polidura \u00c1lvarez &#8211; \u00a0Arquitecto<\/p>\n<p style=\"text-align: justify;\" align=\"left\">69- Miguel Vega- \u00a0Arquitecto<\/p>\n<p style=\"text-align: justify;\" align=\"left\">70- Jos\u00e9 Alemparte Rojas &#8211; \u00a0Arquitecto<\/p>\n<p style=\"text-align: justify;\" align=\"left\">71- Eduardo Feuerhake &#8211; Arquitecto<\/p>\n<p style=\"text-align: justify;\" align=\"left\">72- Pablo Fuentes &#8211; Arquitecto<\/p>\n<p style=\"text-align: justify;\" align=\"left\">73- Francisca Armstrong\u00a0 Ramos- \u00a0Arquitecto<\/p>\n<p style=\"text-align: justify;\" align=\"left\">74- Pablo Sills &#8211; Arquitecto<\/p>\n<p style=\"text-align: justify;\" align=\"left\">75- Ren\u00e9\u00a0 Barcel\u00f3 &#8211; \u00a0Arquitecto<\/p>\n<p style=\"text-align: justify;\" align=\"left\">76- Patricia Jim\u00e9nez &#8211; \u00a0Arquitecto<\/p>\n<p style=\"text-align: justify;\" align=\"left\">77- Pedro Kovacevic &#8211; \u00a0Arquitecto<\/p>\n<p style=\"text-align: justify;\" align=\"left\">78- Marcelo Vera Castruccio &#8211; Arquitecto<\/p>\n<p style=\"text-align: justify;\" align=\"left\">79- Pablo Pe\u00f1aloza &#8211; \u00a0Arquitecto<\/p>\n<p style=\"text-align: justify;\" align=\"left\">80- Patricio Bahamonde Brahn- \u00a0Arquitecto<\/p>\n<p style=\"text-align: justify;\" align=\"left\">81- Mar\u00eda Teresa de la Fuente Castell\u00f3n &#8211; Arquitecto<\/p>\n<p style=\"text-align: justify;\" align=\"left\">82- Eugenio Ort\u00fazar R\u00edos &#8211; Constructor Civil<\/p>\n<p style=\"text-align: justify;\" align=\"left\">83- Clara Guzm\u00e1n Giesen &#8211; Arquitecto<\/p>\n<p style=\"text-align: justify;\" align=\"left\">84- Alejandro Mu\u00f1oz P- \u00a0Arquitecto<\/p>\n<p style=\"text-align: justify;\" align=\"left\">85- Julio Nazar M- \u00a0Arquitecto<\/p>\n<p style=\"text-align: justify;\" align=\"left\">86- Eduardo Hevia A &#8211; Arquitecto<\/p>\n<p style=\"text-align: justify;\" align=\"left\">87- Diego Eluchans- Arquitecto<\/p>\n<p style=\"text-align: justify;\" align=\"left\">88- Pablo Cabrera Ferralis &#8211; Arquitecto<\/p>\n<p style=\"text-align: justify;\" align=\"left\">89- Isabel Hodgson C- \u00a0Arquitecto<\/p>\n<p style=\"text-align: justify;\" align=\"left\">90- Isabel Saelzer Drapela &#8211; Arquitecto<\/p>\n<p style=\"text-align: justify;\" align=\"left\">91- Luciano Scolari &#8211; \u00a0Arquitecto<\/p>\n<p style=\"text-align: justify;\" align=\"left\">92- \u00a0Karen Padilla &#8211; \u00a0Arquitecto<\/p>\n<p style=\"text-align: justify;\" align=\"left\">93- Mat\u00edas Koch &#8211; \u00a0Arquitecto<\/p>\n<p style=\"text-align: justify;\" align=\"left\">94- Max \u00c1vila Freund &#8211; \u00a0Arquitecto<\/p>\n<p style=\"text-align: justify;\" align=\"left\">95- Jorge Mora &#8211; \u00a0Arquitecto<\/p>\n<p style=\"text-align: justify;\" align=\"left\">96- Rodrigo Nu\u00f1ez &#8211; \u00a0Arquitecto<\/p>\n<p style=\"text-align: justify;\" align=\"left\">97- Francisca Del Villar Matta &#8211; \u00a0Arquitecto<\/p>\n<p style=\"text-align: justify;\" align=\"left\">98- Alejandro Carranza &#8211; \u00a0Arquitecto<\/p>\n<p style=\"text-align: justify;\" align=\"left\">99- Daniel Parra Ovalle &#8211; Arquitecto<\/p>\n<p style=\"text-align: justify;\" align=\"left\">100-\u00a0\u00a0\u00a0\u00a0\u00a0\u00a0\u00a0\u00a0\u00a0\u00a0\u00a0\u00a0\u00a0\u00a0\u00a0\u00a0\u00a0\u00a0 Jos\u00e9 Ignacio Sagredo Urrutia- \u00a0Arquitecto<\/p>\n<p style=\"text-align: justify;\" align=\"left\">101-\u00a0\u00a0\u00a0\u00a0\u00a0\u00a0\u00a0\u00a0\u00a0\u00a0\u00a0\u00a0\u00a0\u00a0\u00a0\u00a0\u00a0\u00a0 \u00c1lvaro Norambuena Donoso &#8211; \u00a0Arquitecto<\/p>\n<p style=\"text-align: justify;\" align=\"left\">102-\u00a0\u00a0\u00a0\u00a0\u00a0\u00a0\u00a0\u00a0\u00a0\u00a0\u00a0\u00a0\u00a0\u00a0\u00a0\u00a0\u00a0\u00a0 Cristi\u00e1n Cifuentes Cubillos &#8211; \u00a0Arquitecto<\/p>\n<p style=\"text-align: justify;\" align=\"left\">103-\u00a0\u00a0\u00a0\u00a0\u00a0\u00a0\u00a0\u00a0\u00a0\u00a0\u00a0\u00a0\u00a0\u00a0\u00a0\u00a0\u00a0\u00a0 Carolina De Landea &#8211; \u00a0Arquitecto<\/p>\n<p style=\"text-align: justify;\" align=\"left\">104-\u00a0\u00a0\u00a0\u00a0\u00a0\u00a0\u00a0\u00a0\u00a0\u00a0\u00a0\u00a0\u00a0\u00a0\u00a0\u00a0\u00a0\u00a0 David Mac-Lean &#8211; \u00a0Arquitecto<\/p>\n<p style=\"text-align: justify;\" align=\"left\">105-\u00a0\u00a0\u00a0\u00a0\u00a0\u00a0\u00a0\u00a0\u00a0\u00a0\u00a0\u00a0\u00a0\u00a0\u00a0\u00a0\u00a0\u00a0 David Santana Bauza &#8211; \u00a0Arquitecto<\/p>\n<p style=\"text-align: justify;\" align=\"left\">106-\u00a0\u00a0\u00a0\u00a0\u00a0\u00a0\u00a0\u00a0\u00a0\u00a0\u00a0\u00a0\u00a0\u00a0\u00a0\u00a0\u00a0\u00a0 Rafael Arambur\u00fa_ Arquitecto<\/p>\n<p style=\"text-align: justify;\" align=\"left\">107-\u00a0\u00a0\u00a0\u00a0\u00a0\u00a0\u00a0\u00a0\u00a0\u00a0\u00a0\u00a0\u00a0\u00a0\u00a0\u00a0\u00a0\u00a0 Mat\u00edas Bucci Arostegui &#8211; \u00a0Arquitecto<\/p>\n<p style=\"text-align: justify;\" align=\"left\">108-\u00a0\u00a0\u00a0\u00a0\u00a0\u00a0\u00a0\u00a0\u00a0\u00a0\u00a0\u00a0\u00a0\u00a0\u00a0\u00a0\u00a0\u00a0 Rodrigo Toro Bellmar &#8211; \u00a0Arquitecto<\/p>\n<p style=\"text-align: justify;\" align=\"left\">109-\u00a0\u00a0\u00a0\u00a0\u00a0\u00a0\u00a0\u00a0\u00a0\u00a0\u00a0\u00a0\u00a0\u00a0\u00a0\u00a0\u00a0\u00a0 Gabriela Manzi &#8211; Arquitecto<\/p>\n<p style=\"text-align: justify;\" align=\"left\">110-\u00a0\u00a0\u00a0\u00a0\u00a0\u00a0\u00a0\u00a0\u00a0\u00a0\u00a0\u00a0\u00a0\u00a0\u00a0\u00a0\u00a0\u00a0 Cristian Yazigi Hirmas &#8211; Arquitecto<\/p>\n<p style=\"text-align: justify;\" align=\"left\">111-\u00a0\u00a0\u00a0\u00a0\u00a0\u00a0\u00a0\u00a0\u00a0\u00a0\u00a0\u00a0\u00a0\u00a0\u00a0\u00a0\u00a0\u00a0 Claudio Urtubia Cornejo &#8211; Arquitecto<\/p>\n<p style=\"text-align: justify;\" align=\"left\">112-\u00a0\u00a0\u00a0\u00a0\u00a0\u00a0\u00a0\u00a0\u00a0\u00a0\u00a0\u00a0\u00a0\u00a0\u00a0\u00a0\u00a0\u00a0 Cecilia Descalzi Giannini &#8211; Arquitecto<\/p>\n<p style=\"text-align: justify;\" align=\"left\">113-\u00a0\u00a0\u00a0\u00a0\u00a0\u00a0\u00a0\u00a0\u00a0\u00a0\u00a0\u00a0\u00a0\u00a0\u00a0\u00a0\u00a0\u00a0 Francisco Vergara D_- Arquitecto<\/p>\n<p style=\"text-align: justify;\" align=\"left\">114-\u00a0\u00a0\u00a0\u00a0\u00a0\u00a0\u00a0\u00a0\u00a0\u00a0\u00a0\u00a0\u00a0\u00a0\u00a0\u00a0\u00a0\u00a0 Ernesto L\u00f3pez Morales- \u00a0Arquitecto<\/p>\n<p style=\"text-align: justify;\" align=\"left\">115-\u00a0\u00a0\u00a0\u00a0\u00a0\u00a0\u00a0\u00a0\u00a0\u00a0\u00a0\u00a0\u00a0\u00a0\u00a0\u00a0\u00a0\u00a0 John Delay &#8211; Arquitecto<\/p>\n<p style=\"text-align: justify;\" align=\"left\">116-\u00a0\u00a0\u00a0\u00a0\u00a0\u00a0\u00a0\u00a0\u00a0\u00a0\u00a0\u00a0\u00a0\u00a0\u00a0\u00a0\u00a0\u00a0 Andr\u00e9s Bertrand Valdivieso &#8211; Arquitecto<\/p>\n<p style=\"text-align: justify;\" align=\"left\">117-\u00a0\u00a0\u00a0\u00a0\u00a0\u00a0\u00a0\u00a0\u00a0\u00a0\u00a0\u00a0\u00a0\u00a0\u00a0\u00a0\u00a0\u00a0 Andrea Von Bischhoffshausen M\u00fcller\u00a0 &#8211; Arquitecto<\/p>\n<p style=\"text-align: justify;\" align=\"left\">118-\u00a0\u00a0\u00a0\u00a0\u00a0\u00a0\u00a0\u00a0\u00a0\u00a0\u00a0\u00a0\u00a0\u00a0\u00a0\u00a0\u00a0\u00a0 Joaqu\u00edn Ivanovic &#8211; Arquitecto<\/p>\n<p style=\"text-align: justify;\" align=\"left\">119-\u00a0\u00a0\u00a0\u00a0\u00a0\u00a0\u00a0\u00a0\u00a0\u00a0\u00a0\u00a0\u00a0\u00a0\u00a0\u00a0\u00a0\u00a0 Gonzalo Mart\u00ednez O. &#8211; Arquitecto<\/p>\n<p style=\"text-align: justify;\" align=\"left\">120-\u00a0\u00a0\u00a0\u00a0\u00a0\u00a0\u00a0\u00a0\u00a0\u00a0\u00a0\u00a0\u00a0\u00a0\u00a0\u00a0\u00a0\u00a0 Marianee Dummer D. &#8211; Arquitecto<\/p>\n<p style=\"text-align: justify;\" align=\"left\">121-\u00a0\u00a0\u00a0\u00a0\u00a0\u00a0\u00a0\u00a0\u00a0\u00a0\u00a0\u00a0\u00a0\u00a0\u00a0\u00a0\u00a0\u00a0 Paola Abatto Bieverach\u00a0 &#8211; Arquitecto<\/p>\n<p style=\"text-align: justify;\" align=\"left\">122-\u00a0\u00a0\u00a0\u00a0\u00a0\u00a0\u00a0\u00a0\u00a0\u00a0\u00a0\u00a0\u00a0\u00a0\u00a0\u00a0\u00a0\u00a0 Luis Gimeno Cristofanini &#8211; Arquitecto<\/p>\n<p style=\"text-align: justify;\" align=\"left\">123-\u00a0\u00a0\u00a0\u00a0\u00a0\u00a0\u00a0\u00a0\u00a0\u00a0\u00a0\u00a0\u00a0\u00a0\u00a0\u00a0\u00a0\u00a0 Carolina Werth\u00a0 &#8211; Arquitecto<\/p>\n<p style=\"text-align: justify;\" align=\"left\">124-\u00a0\u00a0\u00a0\u00a0\u00a0\u00a0\u00a0\u00a0\u00a0\u00a0\u00a0\u00a0\u00a0\u00a0\u00a0\u00a0\u00a0\u00a0 Daniela Carvallo Cris\u00f3stomo &#8211; Arquitecto<\/p>\n<p style=\"text-align: justify;\" align=\"left\">125-\u00a0\u00a0\u00a0\u00a0\u00a0\u00a0\u00a0\u00a0\u00a0\u00a0\u00a0\u00a0\u00a0\u00a0\u00a0\u00a0\u00a0\u00a0 Carlos Carvajal &#8211; \u00a0Arquitecto<\/p>\n<p style=\"text-align: justify;\" align=\"left\">126-\u00a0\u00a0\u00a0\u00a0\u00a0\u00a0\u00a0\u00a0\u00a0\u00a0\u00a0\u00a0\u00a0\u00a0\u00a0\u00a0\u00a0\u00a0 Jaime Valdivia Corseen &#8211; Arquitecto<\/p>\n<p style=\"text-align: justify;\" align=\"left\">127-\u00a0\u00a0\u00a0\u00a0\u00a0\u00a0\u00a0\u00a0\u00a0\u00a0\u00a0\u00a0\u00a0\u00a0\u00a0\u00a0\u00a0\u00a0 Francisco Biskupovic &#8211; Arquitecto<\/p>\n<p style=\"text-align: justify;\" align=\"left\">128-\u00a0\u00a0\u00a0\u00a0\u00a0\u00a0\u00a0\u00a0\u00a0\u00a0\u00a0\u00a0\u00a0\u00a0\u00a0\u00a0\u00a0\u00a0 Alfonso Seissus &#8211; Arquitecto<\/p>\n<p style=\"text-align: justify;\" align=\"left\">129-\u00a0\u00a0\u00a0\u00a0\u00a0\u00a0\u00a0\u00a0\u00a0\u00a0\u00a0\u00a0\u00a0\u00a0\u00a0\u00a0\u00a0\u00a0 Mar\u00eda Eugenia Subiri &#8211; Arquitecto<\/p>\n<p style=\"text-align: justify;\" align=\"left\">130-\u00a0\u00a0\u00a0\u00a0\u00a0\u00a0\u00a0\u00a0\u00a0\u00a0\u00a0\u00a0\u00a0\u00a0\u00a0\u00a0\u00a0\u00a0 Alfredo Comandari &#8211; Arquitecto<\/p>\n<p style=\"text-align: justify;\" align=\"left\">131-\u00a0\u00a0\u00a0\u00a0\u00a0\u00a0\u00a0\u00a0\u00a0\u00a0\u00a0\u00a0\u00a0\u00a0\u00a0\u00a0\u00a0\u00a0 Rodrigo De Petris Aguirre &#8211; Arquitecto<\/p>\n<p style=\"text-align: justify;\" align=\"left\">132-\u00a0\u00a0\u00a0\u00a0\u00a0\u00a0\u00a0\u00a0\u00a0\u00a0\u00a0\u00a0\u00a0\u00a0\u00a0\u00a0\u00a0\u00a0 Leonardo Tapia &#8211; Arquitecto<\/p>\n<p style=\"text-align: justify;\" align=\"left\">133-\u00a0\u00a0\u00a0\u00a0\u00a0\u00a0\u00a0\u00a0\u00a0\u00a0\u00a0\u00a0\u00a0\u00a0\u00a0\u00a0\u00a0\u00a0 Cecilia Aldunate Montes &#8211; Arquitecto<\/p>\n<p style=\"text-align: justify;\" align=\"left\">134-\u00a0\u00a0\u00a0\u00a0\u00a0\u00a0\u00a0\u00a0\u00a0\u00a0\u00a0\u00a0\u00a0\u00a0\u00a0\u00a0\u00a0\u00a0 Francisco Infante &#8211; Arquitecto<\/p>\n<p style=\"text-align: justify;\" align=\"left\">135-\u00a0\u00a0\u00a0\u00a0\u00a0\u00a0\u00a0\u00a0\u00a0\u00a0\u00a0\u00a0\u00a0\u00a0\u00a0\u00a0\u00a0\u00a0 Sonia Araneda Orellana &#8211; Arquitecto<\/p>\n<p style=\"text-align: justify;\" align=\"left\">136-\u00a0\u00a0\u00a0\u00a0\u00a0\u00a0\u00a0\u00a0\u00a0\u00a0\u00a0\u00a0\u00a0\u00a0\u00a0\u00a0\u00a0\u00a0 Felipe De La Cuadra\u00a0 &#8211; Arquitecto<\/p>\n<p style=\"text-align: justify;\" align=\"left\">137-\u00a0\u00a0\u00a0\u00a0\u00a0\u00a0\u00a0\u00a0\u00a0\u00a0\u00a0\u00a0\u00a0\u00a0\u00a0\u00a0\u00a0\u00a0 Mar\u00eda Jos\u00e9 Duran &#8211; Arquitecto<\/p>\n<p style=\"text-align: justify;\" align=\"left\">138-\u00a0\u00a0\u00a0\u00a0\u00a0\u00a0\u00a0\u00a0\u00a0\u00a0\u00a0\u00a0\u00a0\u00a0\u00a0\u00a0\u00a0\u00a0 Bernardo Segura &#8211; Arquitecto<\/p>\n<p style=\"text-align: justify;\" align=\"left\">139-\u00a0\u00a0\u00a0\u00a0\u00a0\u00a0\u00a0\u00a0\u00a0\u00a0\u00a0\u00a0\u00a0\u00a0\u00a0\u00a0\u00a0\u00a0 Felipe Aldunate Barzelatto &#8211; Arquitecto<\/p>\n<p style=\"text-align: justify;\" align=\"left\">140-\u00a0\u00a0\u00a0\u00a0\u00a0\u00a0\u00a0\u00a0\u00a0\u00a0\u00a0\u00a0\u00a0\u00a0\u00a0\u00a0\u00a0\u00a0 Javiera Acu\u00f1a Ziomi &#8211; Arquitecto<\/p>\n<p style=\"text-align: justify;\" align=\"left\">141-\u00a0\u00a0\u00a0\u00a0\u00a0\u00a0\u00a0\u00a0\u00a0\u00a0\u00a0\u00a0\u00a0\u00a0\u00a0\u00a0\u00a0\u00a0 Jiulio Pierattini &#8211; Arquitecto<\/p>\n<p style=\"text-align: justify;\" align=\"left\">142-\u00a0\u00a0\u00a0\u00a0\u00a0\u00a0\u00a0\u00a0\u00a0\u00a0\u00a0\u00a0\u00a0\u00a0\u00a0\u00a0\u00a0\u00a0 Juan Pablo Yavar &#8211; Arquitecto<\/p>\n<p style=\"text-align: justify;\" align=\"left\">143-\u00a0\u00a0\u00a0\u00a0\u00a0\u00a0\u00a0\u00a0\u00a0\u00a0\u00a0\u00a0\u00a0\u00a0\u00a0\u00a0\u00a0\u00a0 Katherine Borgeaud &#8211; Arquitecto<\/p>\n<p style=\"text-align: justify;\" align=\"left\">144-\u00a0\u00a0\u00a0\u00a0\u00a0\u00a0\u00a0\u00a0\u00a0\u00a0\u00a0\u00a0\u00a0\u00a0\u00a0\u00a0\u00a0\u00a0 Cristian Alvarado &#8211; Arquitecto<\/p>\n<p style=\"text-align: justify;\" align=\"left\">145-\u00a0\u00a0\u00a0\u00a0\u00a0\u00a0\u00a0\u00a0\u00a0\u00a0\u00a0\u00a0\u00a0\u00a0\u00a0\u00a0\u00a0\u00a0 Tatiana Alarc\u00f3n Araya &#8211; Arquitecto<\/p>\n<p style=\"text-align: justify;\" align=\"left\">146-\u00a0\u00a0\u00a0\u00a0\u00a0\u00a0\u00a0\u00a0\u00a0\u00a0\u00a0\u00a0\u00a0\u00a0\u00a0\u00a0\u00a0\u00a0 Catalina Macrobio &#8211; Arquitecto<\/p>\n<p style=\"text-align: justify;\" align=\"left\">147-\u00a0\u00a0\u00a0\u00a0\u00a0\u00a0\u00a0\u00a0\u00a0\u00a0\u00a0\u00a0\u00a0\u00a0\u00a0\u00a0\u00a0\u00a0 Francisca Pardo Apparcel &#8211; Arquitecto<\/p>\n<p style=\"text-align: justify;\" align=\"left\">148-\u00a0\u00a0\u00a0\u00a0\u00a0\u00a0\u00a0\u00a0\u00a0\u00a0\u00a0\u00a0\u00a0\u00a0\u00a0\u00a0\u00a0\u00a0 Miguel Brzovic Cordero &#8211; Arquitecto<\/p>\n<p style=\"text-align: justify;\" align=\"left\">149-\u00a0\u00a0\u00a0\u00a0\u00a0\u00a0\u00a0\u00a0\u00a0\u00a0\u00a0\u00a0\u00a0\u00a0\u00a0\u00a0\u00a0\u00a0 Ismael Rivera Narv\u00e1ez &#8211; Arquitecto<\/p>\n<p style=\"text-align: justify;\" align=\"left\">150-\u00a0\u00a0\u00a0\u00a0\u00a0\u00a0\u00a0\u00a0\u00a0\u00a0\u00a0\u00a0\u00a0\u00a0\u00a0\u00a0\u00a0\u00a0 Juan Pablo Alcalde &#8211; Arquitecto<\/p>\n<p style=\"text-align: justify;\" align=\"left\">151-\u00a0\u00a0\u00a0\u00a0\u00a0\u00a0\u00a0\u00a0\u00a0\u00a0\u00a0\u00a0\u00a0\u00a0\u00a0\u00a0\u00a0\u00a0 Ver\u00f3nica Oyarzun Domic &#8211; Arquitecto<\/p>\n<p style=\"text-align: justify;\" align=\"left\">152-\u00a0\u00a0\u00a0\u00a0\u00a0\u00a0\u00a0\u00a0\u00a0\u00a0\u00a0\u00a0\u00a0\u00a0\u00a0\u00a0\u00a0\u00a0 Roc\u00edo Ojeda Bustos &#8211; Arquitecto<\/p>\n<p style=\"text-align: justify;\" align=\"left\">153-\u00a0\u00a0\u00a0\u00a0\u00a0\u00a0\u00a0\u00a0\u00a0\u00a0\u00a0\u00a0\u00a0\u00a0\u00a0\u00a0\u00a0\u00a0 Macarena Torrijos &#8211; Arquitecto<\/p>\n<p style=\"text-align: justify;\" align=\"left\">154-\u00a0\u00a0\u00a0\u00a0\u00a0\u00a0\u00a0\u00a0\u00a0\u00a0\u00a0\u00a0\u00a0\u00a0\u00a0\u00a0\u00a0\u00a0 Karla Rojas &#8211; Arquitecto<\/p>\n<p style=\"text-align: justify;\" align=\"left\">155-\u00a0\u00a0\u00a0\u00a0\u00a0\u00a0\u00a0\u00a0\u00a0\u00a0\u00a0\u00a0\u00a0\u00a0\u00a0\u00a0\u00a0\u00a0 Carlos Guevara &#8211; Arquitecto<\/p>\n<p style=\"text-align: justify;\" align=\"left\">156-\u00a0\u00a0\u00a0\u00a0\u00a0\u00a0\u00a0\u00a0\u00a0\u00a0\u00a0\u00a0\u00a0\u00a0\u00a0\u00a0\u00a0\u00a0 Crist\u00f3bal Mella &#8211; Arquitecto<\/p>\n<p style=\"text-align: justify;\" align=\"left\">157-\u00a0\u00a0\u00a0\u00a0\u00a0\u00a0\u00a0\u00a0\u00a0\u00a0\u00a0\u00a0\u00a0\u00a0\u00a0\u00a0\u00a0\u00a0 Marcelo Ortega Chuan\u00a0 &#8211; Arquitecto<\/p>\n<p style=\"text-align: justify;\" align=\"left\">158-\u00a0\u00a0\u00a0\u00a0\u00a0\u00a0\u00a0\u00a0\u00a0\u00a0\u00a0\u00a0\u00a0\u00a0\u00a0\u00a0\u00a0\u00a0 Pablo Saric Huidobro \u2013 Arquitecto<\/p>\n<p style=\"text-align: justify;\" align=\"left\">159-\u00a0\u00a0\u00a0\u00a0\u00a0\u00a0\u00a0\u00a0\u00a0\u00a0\u00a0\u00a0\u00a0\u00a0\u00a0\u00a0\u00a0\u00a0 Pilar Barba &#8211; Arquitecto<\/p>\n<p style=\"text-align: justify;\" align=\"left\">160-\u00a0\u00a0\u00a0\u00a0\u00a0\u00a0\u00a0\u00a0\u00a0\u00a0\u00a0\u00a0\u00a0\u00a0\u00a0\u00a0\u00a0\u00a0 \u00c1lvaro Gajardo &#8211; Arquitecto<\/p>\n<p style=\"text-align: justify;\" align=\"left\">161-\u00a0\u00a0\u00a0\u00a0\u00a0\u00a0\u00a0\u00a0\u00a0\u00a0\u00a0\u00a0\u00a0\u00a0\u00a0\u00a0\u00a0\u00a0 Pamela Briones Serrano &#8211;\u00a0 Arquitecto<\/p>\n<p style=\"text-align: justify;\" align=\"left\">162-\u00a0\u00a0\u00a0\u00a0\u00a0\u00a0\u00a0\u00a0\u00a0\u00a0\u00a0\u00a0\u00a0\u00a0\u00a0\u00a0\u00a0\u00a0 Gustavo Boldrini\u00a0 &#8211; Arquitecto<\/p>\n<p style=\"text-align: justify;\" align=\"left\">163-\u00a0\u00a0\u00a0\u00a0\u00a0\u00a0\u00a0\u00a0\u00a0\u00a0\u00a0\u00a0\u00a0\u00a0\u00a0\u00a0\u00a0\u00a0 Carlina Aguayo Rojas &#8211; Arquitecto<\/p>\n<p style=\"text-align: justify;\" align=\"left\">164-\u00a0\u00a0\u00a0\u00a0\u00a0\u00a0\u00a0\u00a0\u00a0\u00a0\u00a0\u00a0\u00a0\u00a0\u00a0\u00a0\u00a0\u00a0 Yasna C\u00e1rdenas C\u00f3rdoba &#8211; Arquitecto<\/p>\n<p style=\"text-align: justify;\" align=\"left\">165-\u00a0\u00a0\u00a0\u00a0\u00a0\u00a0\u00a0\u00a0\u00a0\u00a0\u00a0\u00a0\u00a0\u00a0\u00a0\u00a0\u00a0\u00a0 Jos\u00e9 Luis Vallejo Mateo &#8211; Arquitecto Espa\u00f1a<\/p>\n<p style=\"text-align: justify;\" align=\"left\">166-\u00a0\u00a0\u00a0\u00a0\u00a0\u00a0\u00a0\u00a0\u00a0\u00a0\u00a0\u00a0\u00a0\u00a0\u00a0\u00a0\u00a0\u00a0 Belinda Tato Serrano &#8211; Arquitecto Espa\u00f1a<\/p>\n<p style=\"text-align: justify;\" align=\"left\">167-\u00a0\u00a0\u00a0\u00a0\u00a0\u00a0\u00a0\u00a0\u00a0\u00a0\u00a0\u00a0\u00a0\u00a0\u00a0\u00a0\u00a0\u00a0 Igor Ferrada Ru\u00edz &#8211; Arquitecto<\/p>\n<p style=\"text-align: justify;\" align=\"left\">168-\u00a0\u00a0\u00a0\u00a0\u00a0\u00a0\u00a0\u00a0\u00a0\u00a0\u00a0\u00a0\u00a0\u00a0\u00a0\u00a0\u00a0\u00a0 Paula Toledo Aguayo\u00a0 &#8211; Arquitecto<\/p>\n<p style=\"text-align: justify;\" align=\"left\">169-\u00a0\u00a0\u00a0\u00a0\u00a0\u00a0\u00a0\u00a0\u00a0\u00a0\u00a0\u00a0\u00a0\u00a0\u00a0\u00a0\u00a0\u00a0 Nicol\u00e1s S\u00e1ez &#8211; Arquitecto<\/p>\n<p style=\"text-align: justify;\" align=\"left\">170-\u00a0\u00a0\u00a0\u00a0\u00a0\u00a0\u00a0\u00a0\u00a0\u00a0\u00a0\u00a0\u00a0\u00a0\u00a0\u00a0\u00a0\u00a0 Rodrigo Chauriye &#8211;\u00a0 Arquitecto<\/p>\n<p style=\"text-align: justify;\" align=\"left\">171-\u00a0\u00a0\u00a0\u00a0\u00a0\u00a0\u00a0\u00a0\u00a0\u00a0\u00a0\u00a0\u00a0\u00a0\u00a0\u00a0\u00a0\u00a0 Juan Agust\u00edn Soza &#8211; Arquitecto<\/p>\n<p style=\"text-align: justify;\" align=\"left\">172-\u00a0\u00a0\u00a0\u00a0\u00a0\u00a0\u00a0\u00a0\u00a0\u00a0\u00a0\u00a0\u00a0\u00a0\u00a0\u00a0\u00a0\u00a0 Crescente Bohme\u00a0 Alemparte &#8211; Arquitecto<\/p>\n<p style=\"text-align: justify;\" align=\"left\">173-\u00a0\u00a0\u00a0\u00a0\u00a0\u00a0\u00a0\u00a0\u00a0\u00a0\u00a0\u00a0\u00a0\u00a0\u00a0\u00a0\u00a0\u00a0 Andr\u00e9s Caorsi R. &#8211;\u00a0 Arquitecto<\/p>\n<p style=\"text-align: justify;\" align=\"left\">174-\u00a0\u00a0\u00a0\u00a0\u00a0\u00a0\u00a0\u00a0\u00a0\u00a0\u00a0\u00a0\u00a0\u00a0\u00a0\u00a0\u00a0\u00a0 Juan Pablo Mart\u00ednez Madrigal &#8211; Arquitecto<\/p>\n<p style=\"text-align: justify;\" align=\"left\">175-\u00a0\u00a0\u00a0\u00a0\u00a0\u00a0\u00a0\u00a0\u00a0\u00a0\u00a0\u00a0\u00a0\u00a0\u00a0\u00a0\u00a0\u00a0 Mauricio Alejandro Arag\u00f3n Fa\u00fandez\u00a0 &#8211; Arquitecto<\/p>\n<p style=\"text-align: justify;\" align=\"left\">176-\u00a0\u00a0\u00a0\u00a0\u00a0\u00a0\u00a0\u00a0\u00a0\u00a0\u00a0\u00a0\u00a0\u00a0\u00a0\u00a0\u00a0\u00a0 Sebasti\u00e1n Flores Ram\u00edrez &#8211; Arquitecto<\/p>\n<p style=\"text-align: justify;\" align=\"left\">177-\u00a0\u00a0\u00a0\u00a0\u00a0\u00a0\u00a0\u00a0\u00a0\u00a0\u00a0\u00a0\u00a0\u00a0\u00a0\u00a0\u00a0\u00a0 H\u00e9ctor Adarmes Garc\u00eda &#8211; Arquitecto<\/p>\n<p style=\"text-align: justify;\" align=\"left\">178-\u00a0\u00a0\u00a0\u00a0\u00a0\u00a0\u00a0\u00a0\u00a0\u00a0\u00a0\u00a0\u00a0\u00a0\u00a0\u00a0\u00a0\u00a0 Rodrigo Vargas &#8211; Arquitecto<\/p>\n<p style=\"text-align: justify;\" align=\"left\">179-\u00a0\u00a0\u00a0\u00a0\u00a0\u00a0\u00a0\u00a0\u00a0\u00a0\u00a0\u00a0\u00a0\u00a0\u00a0\u00a0\u00a0\u00a0 Gonzalo Calvo Cruz &#8211; Arquitecto<\/p>\n<p style=\"text-align: justify;\" align=\"left\">180-\u00a0\u00a0\u00a0\u00a0\u00a0\u00a0\u00a0\u00a0\u00a0\u00a0\u00a0 Gustavo Munizaga Vigil &#8211; Arquitecto<\/p>\n<p style=\"text-align: justify;\" align=\"left\">181-\u00a0\u00a0\u00a0\u00a0\u00a0\u00a0\u00a0\u00a0\u00a0 Gunther Surhcke &#8211; Arquitecto<\/p>\n<p style=\"text-align: justify;\" align=\"left\">182-\u00a0\u00a0\u00a0\u00a0\u00a0\u00a0\u00a0\u00a0 Galo Err\u00e1zuriz Vidal &#8211; Arquitecto<\/p>\n<p style=\"text-align: justify;\" align=\"left\">183-\u00a0\u00a0\u00a0\u00a0\u00a0 Andr\u00e9s Croxatto Salemi &#8211; Arquitecto<\/p>\n<p style=\"text-align: justify;\" align=\"left\">184-\u00a0\u00a0\u00a0\u00a0 Ximena Moreno Mart\u00ednez &#8211; Arquitecto<\/p>\n<h1 style=\"text-align: justify;\" align=\"left\"><span style=\"color: #0000ff;\"><strong>Invitamos a suscribirse a la carta dirigida al se\u00f1or ministro, a traves del formulario de comentarios, indicando los siguientes datos:<\/strong><\/span><\/h1>\n<h1 style=\"text-align: justify;\" align=\"left\"><span style=\"color: #0000ff;\"><strong>Nombre, Correo Electronico, ICA<\/strong><\/span><\/h1>\n<p style=\"text-align: justify;\" align=\"left\">\n<p><\/p>","protected":false},"excerpt":{"rendered":"<p>Formando frente com\u00fan por el rechazo a la forma en que se implanta el edificio del Mall en el casco hist\u00f3rico de Castro y la manera como se ha procedido, el Colegio de Arquitectos de Chile -luego de su declaraci\u00f3n &hellip; <a class=\"more-link\" href=\"https:\/\/colegioarquitectos.com\/noticias\/?p=499\">ver m\u00e1s<\/a><\/p>","protected":false},"author":1,"featured_media":0,"comment_status":"open","ping_status":"open","sticky":false,"template":"","format":"standard","meta":{"footnotes":""},"categories":[15,8,7],"tags":[],"class_list":["post-499","post","type-post","status-publish","format-standard","hentry","category-cartas","category-colegio-de-arquitectos","category-declaraciones"],"yoast_head":"<!-- This site is optimized with the Yoast SEO plugin v24.2 - https:\/\/yoast.com\/wordpress\/plugins\/seo\/ -->\n<title>Mall de Castro: Colegio de Arquitectos, autoridades acad\u00e9micas y Premios Nacionales de Arquitectura presentan Carta Abierta a Ministro de Vivienda solicitando la paralizaci\u00f3n inmediata de las obras - COLEGIO DE ARQUITECTOS DE CHILE<\/title>\n<meta name=\"robots\" content=\"index, follow, max-snippet:-1, max-image-preview:large, max-video-preview:-1\" \/>\n<link rel=\"canonical\" href=\"https:\/\/colegioarquitectos.com\/noticias\/?p=499\" \/>\n<meta property=\"og:locale\" content=\"es_ES\" \/>\n<meta property=\"og:type\" content=\"article\" \/>\n<meta property=\"og:title\" content=\"Mall de Castro: Colegio de Arquitectos, autoridades acad\u00e9micas y Premios Nacionales de Arquitectura presentan Carta Abierta a Ministro de Vivienda solicitando la paralizaci\u00f3n inmediata de las obras - COLEGIO DE ARQUITECTOS DE CHILE\" \/>\n<meta property=\"og:description\" content=\"Formando frente com\u00fan por el rechazo a la forma en que se implanta el edificio del Mall en el casco hist\u00f3rico de Castro y la manera como se ha procedido, el Colegio de Arquitectos de Chile -luego de su declaraci\u00f3n &hellip; ver m\u00e1s\" \/>\n<meta property=\"og:url\" content=\"https:\/\/colegioarquitectos.com\/noticias\/?p=499\" \/>\n<meta property=\"og:site_name\" content=\"COLEGIO DE ARQUITECTOS DE CHILE\" \/>\n<meta property=\"article:publisher\" content=\"https:\/\/facebook.com\/Colegioarq\/\" \/>\n<meta property=\"article:published_time\" content=\"2012-03-13T15:00:31+00:00\" \/>\n<meta property=\"article:modified_time\" content=\"2012-03-19T16:33:03+00:00\" \/>\n<meta property=\"og:image\" content=\"http:\/\/colegioarquitectos.com\/noticias\/wp-content\/uploads\/2012\/03\/p.jpg\" \/>\n<meta name=\"author\" content=\"Gabriel Salgado S.\" \/>\n<meta name=\"twitter:card\" content=\"summary_large_image\" \/>\n<meta name=\"twitter:creator\" content=\"@colegioarq\" \/>\n<meta name=\"twitter:site\" content=\"@colegioarq\" \/>\n<meta name=\"twitter:label1\" content=\"Escrito por\" \/>\n\t<meta name=\"twitter:data1\" content=\"Gabriel Salgado S.\" \/>\n\t<meta name=\"twitter:label2\" content=\"Tiempo de lectura\" \/>\n\t<meta name=\"twitter:data2\" content=\"14 minutos\" \/>\n<script type=\"application\/ld+json\" class=\"yoast-schema-graph\">{\"@context\":\"https:\/\/schema.org\",\"@graph\":[{\"@type\":\"Article\",\"@id\":\"https:\/\/colegioarquitectos.com\/noticias\/?p=499#article\",\"isPartOf\":{\"@id\":\"https:\/\/colegioarquitectos.com\/noticias\/?p=499\"},\"author\":{\"name\":\"Gabriel Salgado S.\",\"@id\":\"https:\/\/colegioarquitectos.com\/noticias\/#\/schema\/person\/b6c7e912cd1283c089114093ed09741f\"},\"headline\":\"Mall de Castro: Colegio de Arquitectos, autoridades acad\u00e9micas y Premios Nacionales de Arquitectura presentan Carta Abierta a Ministro de Vivienda solicitando la paralizaci\u00f3n inmediata de las obras\",\"datePublished\":\"2012-03-13T15:00:31+00:00\",\"dateModified\":\"2012-03-19T16:33:03+00:00\",\"mainEntityOfPage\":{\"@id\":\"https:\/\/colegioarquitectos.com\/noticias\/?p=499\"},\"wordCount\":2860,\"commentCount\":17,\"publisher\":{\"@id\":\"https:\/\/colegioarquitectos.com\/noticias\/#organization\"},\"image\":{\"@id\":\"https:\/\/colegioarquitectos.com\/noticias\/?p=499#primaryimage\"},\"thumbnailUrl\":\"http:\/\/colegioarquitectos.com\/noticias\/wp-content\/uploads\/2012\/03\/p.jpg\",\"articleSection\":[\"Cartas\",\"Colegio\",\"Declaraciones\"],\"inLanguage\":\"es\",\"potentialAction\":[{\"@type\":\"CommentAction\",\"name\":\"Comment\",\"target\":[\"https:\/\/colegioarquitectos.com\/noticias\/?p=499#respond\"]}]},{\"@type\":\"WebPage\",\"@id\":\"https:\/\/colegioarquitectos.com\/noticias\/?p=499\",\"url\":\"https:\/\/colegioarquitectos.com\/noticias\/?p=499\",\"name\":\"Mall de Castro: Colegio de Arquitectos, autoridades acad\u00e9micas y Premios Nacionales de Arquitectura presentan Carta Abierta a Ministro de Vivienda solicitando la paralizaci\u00f3n inmediata de las obras - COLEGIO DE ARQUITECTOS DE CHILE\",\"isPartOf\":{\"@id\":\"https:\/\/colegioarquitectos.com\/noticias\/#website\"},\"primaryImageOfPage\":{\"@id\":\"https:\/\/colegioarquitectos.com\/noticias\/?p=499#primaryimage\"},\"image\":{\"@id\":\"https:\/\/colegioarquitectos.com\/noticias\/?p=499#primaryimage\"},\"thumbnailUrl\":\"http:\/\/colegioarquitectos.com\/noticias\/wp-content\/uploads\/2012\/03\/p.jpg\",\"datePublished\":\"2012-03-13T15:00:31+00:00\",\"dateModified\":\"2012-03-19T16:33:03+00:00\",\"breadcrumb\":{\"@id\":\"https:\/\/colegioarquitectos.com\/noticias\/?p=499#breadcrumb\"},\"inLanguage\":\"es\",\"potentialAction\":[{\"@type\":\"ReadAction\",\"target\":[\"https:\/\/colegioarquitectos.com\/noticias\/?p=499\"]}]},{\"@type\":\"ImageObject\",\"inLanguage\":\"es\",\"@id\":\"https:\/\/colegioarquitectos.com\/noticias\/?p=499#primaryimage\",\"url\":\"http:\/\/colegioarquitectos.com\/noticias\/wp-content\/uploads\/2012\/03\/p.jpg\",\"contentUrl\":\"http:\/\/colegioarquitectos.com\/noticias\/wp-content\/uploads\/2012\/03\/p.jpg\"},{\"@type\":\"BreadcrumbList\",\"@id\":\"https:\/\/colegioarquitectos.com\/noticias\/?p=499#breadcrumb\",\"itemListElement\":[{\"@type\":\"ListItem\",\"position\":1,\"name\":\"Portada\",\"item\":\"https:\/\/colegioarquitectos.com\/noticias\"},{\"@type\":\"ListItem\",\"position\":2,\"name\":\"Mall de Castro: Colegio de Arquitectos, autoridades acad\u00e9micas y Premios Nacionales de Arquitectura presentan Carta Abierta a Ministro de Vivienda solicitando la paralizaci\u00f3n inmediata de las obras\"}]},{\"@type\":\"WebSite\",\"@id\":\"https:\/\/colegioarquitectos.com\/noticias\/#website\",\"url\":\"https:\/\/colegioarquitectos.com\/noticias\/\",\"name\":\"COLEGIO DE ARQUITECTOS DE CHILE\",\"description\":\"\",\"publisher\":{\"@id\":\"https:\/\/colegioarquitectos.com\/noticias\/#organization\"},\"potentialAction\":[{\"@type\":\"SearchAction\",\"target\":{\"@type\":\"EntryPoint\",\"urlTemplate\":\"https:\/\/colegioarquitectos.com\/noticias\/?s={search_term_string}\"},\"query-input\":{\"@type\":\"PropertyValueSpecification\",\"valueRequired\":true,\"valueName\":\"search_term_string\"}}],\"inLanguage\":\"es\"},{\"@type\":\"Organization\",\"@id\":\"https:\/\/colegioarquitectos.com\/noticias\/#organization\",\"name\":\"COLEGIO DE ARQUITECTOS DE CHILE\",\"url\":\"https:\/\/colegioarquitectos.com\/noticias\/\",\"logo\":{\"@type\":\"ImageObject\",\"inLanguage\":\"es\",\"@id\":\"https:\/\/colegioarquitectos.com\/noticias\/#\/schema\/logo\/image\/\",\"url\":\"https:\/\/colegioarquitectos.com\/noticias\/wp-content\/uploads\/2021\/05\/ENCABEZADO-LOGO-CA.jpg\",\"contentUrl\":\"https:\/\/colegioarquitectos.com\/noticias\/wp-content\/uploads\/2021\/05\/ENCABEZADO-LOGO-CA.jpg\",\"width\":690,\"height\":350,\"caption\":\"COLEGIO DE ARQUITECTOS DE CHILE\"},\"image\":{\"@id\":\"https:\/\/colegioarquitectos.com\/noticias\/#\/schema\/logo\/image\/\"},\"sameAs\":[\"https:\/\/facebook.com\/Colegioarq\/\",\"https:\/\/x.com\/colegioarq\",\"https:\/\/instagram.com\/colegioarq\",\"https:\/\/youtube.com\/@ColegiodeArquitectosdeChile\"]},{\"@type\":\"Person\",\"@id\":\"https:\/\/colegioarquitectos.com\/noticias\/#\/schema\/person\/b6c7e912cd1283c089114093ed09741f\",\"name\":\"Gabriel Salgado S.\",\"url\":\"https:\/\/colegioarquitectos.com\/noticias\/?author=1\"}]}<\/script>\n<!-- \/ Yoast SEO plugin. -->","yoast_head_json":{"title":"Mall de Castro: Colegio de Arquitectos, autoridades acad\u00e9micas y Premios Nacionales de Arquitectura presentan Carta Abierta a Ministro de Vivienda solicitando la paralizaci\u00f3n inmediata de las obras - COLEGIO DE ARQUITECTOS DE CHILE","robots":{"index":"index","follow":"follow","max-snippet":"max-snippet:-1","max-image-preview":"max-image-preview:large","max-video-preview":"max-video-preview:-1"},"canonical":"https:\/\/colegioarquitectos.com\/noticias\/?p=499","og_locale":"es_ES","og_type":"article","og_title":"Mall de Castro: Colegio de Arquitectos, autoridades acad\u00e9micas y Premios Nacionales de Arquitectura presentan Carta Abierta a Ministro de Vivienda solicitando la paralizaci\u00f3n inmediata de las obras - COLEGIO DE ARQUITECTOS DE CHILE","og_description":"Formando frente com\u00fan por el rechazo a la forma en que se implanta el edificio del Mall en el casco hist\u00f3rico de Castro y la manera como se ha procedido, el Colegio de Arquitectos de Chile -luego de su declaraci\u00f3n &hellip; ver m\u00e1s","og_url":"https:\/\/colegioarquitectos.com\/noticias\/?p=499","og_site_name":"COLEGIO DE ARQUITECTOS DE CHILE","article_publisher":"https:\/\/facebook.com\/Colegioarq\/","article_published_time":"2012-03-13T15:00:31+00:00","article_modified_time":"2012-03-19T16:33:03+00:00","og_image":[{"url":"http:\/\/colegioarquitectos.com\/noticias\/wp-content\/uploads\/2012\/03\/p.jpg","type":"","width":"","height":""}],"author":"Gabriel Salgado S.","twitter_card":"summary_large_image","twitter_creator":"@colegioarq","twitter_site":"@colegioarq","twitter_misc":{"Escrito por":"Gabriel Salgado S.","Tiempo de lectura":"14 minutos"},"schema":{"@context":"https:\/\/schema.org","@graph":[{"@type":"Article","@id":"https:\/\/colegioarquitectos.com\/noticias\/?p=499#article","isPartOf":{"@id":"https:\/\/colegioarquitectos.com\/noticias\/?p=499"},"author":{"name":"Gabriel Salgado S.","@id":"https:\/\/colegioarquitectos.com\/noticias\/#\/schema\/person\/b6c7e912cd1283c089114093ed09741f"},"headline":"Mall de Castro: Colegio de Arquitectos, autoridades acad\u00e9micas y Premios Nacionales de Arquitectura presentan Carta Abierta a Ministro de Vivienda solicitando la paralizaci\u00f3n inmediata de las obras","datePublished":"2012-03-13T15:00:31+00:00","dateModified":"2012-03-19T16:33:03+00:00","mainEntityOfPage":{"@id":"https:\/\/colegioarquitectos.com\/noticias\/?p=499"},"wordCount":2860,"commentCount":17,"publisher":{"@id":"https:\/\/colegioarquitectos.com\/noticias\/#organization"},"image":{"@id":"https:\/\/colegioarquitectos.com\/noticias\/?p=499#primaryimage"},"thumbnailUrl":"http:\/\/colegioarquitectos.com\/noticias\/wp-content\/uploads\/2012\/03\/p.jpg","articleSection":["Cartas","Colegio","Declaraciones"],"inLanguage":"es","potentialAction":[{"@type":"CommentAction","name":"Comment","target":["https:\/\/colegioarquitectos.com\/noticias\/?p=499#respond"]}]},{"@type":"WebPage","@id":"https:\/\/colegioarquitectos.com\/noticias\/?p=499","url":"https:\/\/colegioarquitectos.com\/noticias\/?p=499","name":"Mall de Castro: Colegio de Arquitectos, autoridades acad\u00e9micas y Premios Nacionales de Arquitectura presentan Carta Abierta a Ministro de Vivienda solicitando la paralizaci\u00f3n inmediata de las obras - COLEGIO DE ARQUITECTOS DE CHILE","isPartOf":{"@id":"https:\/\/colegioarquitectos.com\/noticias\/#website"},"primaryImageOfPage":{"@id":"https:\/\/colegioarquitectos.com\/noticias\/?p=499#primaryimage"},"image":{"@id":"https:\/\/colegioarquitectos.com\/noticias\/?p=499#primaryimage"},"thumbnailUrl":"http:\/\/colegioarquitectos.com\/noticias\/wp-content\/uploads\/2012\/03\/p.jpg","datePublished":"2012-03-13T15:00:31+00:00","dateModified":"2012-03-19T16:33:03+00:00","breadcrumb":{"@id":"https:\/\/colegioarquitectos.com\/noticias\/?p=499#breadcrumb"},"inLanguage":"es","potentialAction":[{"@type":"ReadAction","target":["https:\/\/colegioarquitectos.com\/noticias\/?p=499"]}]},{"@type":"ImageObject","inLanguage":"es","@id":"https:\/\/colegioarquitectos.com\/noticias\/?p=499#primaryimage","url":"http:\/\/colegioarquitectos.com\/noticias\/wp-content\/uploads\/2012\/03\/p.jpg","contentUrl":"http:\/\/colegioarquitectos.com\/noticias\/wp-content\/uploads\/2012\/03\/p.jpg"},{"@type":"BreadcrumbList","@id":"https:\/\/colegioarquitectos.com\/noticias\/?p=499#breadcrumb","itemListElement":[{"@type":"ListItem","position":1,"name":"Portada","item":"https:\/\/colegioarquitectos.com\/noticias"},{"@type":"ListItem","position":2,"name":"Mall de Castro: Colegio de Arquitectos, autoridades acad\u00e9micas y Premios Nacionales de Arquitectura presentan Carta Abierta a Ministro de Vivienda solicitando la paralizaci\u00f3n inmediata de las obras"}]},{"@type":"WebSite","@id":"https:\/\/colegioarquitectos.com\/noticias\/#website","url":"https:\/\/colegioarquitectos.com\/noticias\/","name":"COLEGIO DE ARQUITECTOS DE CHILE","description":"","publisher":{"@id":"https:\/\/colegioarquitectos.com\/noticias\/#organization"},"potentialAction":[{"@type":"SearchAction","target":{"@type":"EntryPoint","urlTemplate":"https:\/\/colegioarquitectos.com\/noticias\/?s={search_term_string}"},"query-input":{"@type":"PropertyValueSpecification","valueRequired":true,"valueName":"search_term_string"}}],"inLanguage":"es"},{"@type":"Organization","@id":"https:\/\/colegioarquitectos.com\/noticias\/#organization","name":"COLEGIO DE ARQUITECTOS DE CHILE","url":"https:\/\/colegioarquitectos.com\/noticias\/","logo":{"@type":"ImageObject","inLanguage":"es","@id":"https:\/\/colegioarquitectos.com\/noticias\/#\/schema\/logo\/image\/","url":"https:\/\/colegioarquitectos.com\/noticias\/wp-content\/uploads\/2021\/05\/ENCABEZADO-LOGO-CA.jpg","contentUrl":"https:\/\/colegioarquitectos.com\/noticias\/wp-content\/uploads\/2021\/05\/ENCABEZADO-LOGO-CA.jpg","width":690,"height":350,"caption":"COLEGIO DE ARQUITECTOS DE CHILE"},"image":{"@id":"https:\/\/colegioarquitectos.com\/noticias\/#\/schema\/logo\/image\/"},"sameAs":["https:\/\/facebook.com\/Colegioarq\/","https:\/\/x.com\/colegioarq","https:\/\/instagram.com\/colegioarq","https:\/\/youtube.com\/@ColegiodeArquitectosdeChile"]},{"@type":"Person","@id":"https:\/\/colegioarquitectos.com\/noticias\/#\/schema\/person\/b6c7e912cd1283c089114093ed09741f","name":"Gabriel Salgado S.","url":"https:\/\/colegioarquitectos.com\/noticias\/?author=1"}]}},"_links":{"self":[{"href":"https:\/\/colegioarquitectos.com\/noticias\/index.php?rest_route=\/wp\/v2\/posts\/499","targetHints":{"allow":["GET"]}}],"collection":[{"href":"https:\/\/colegioarquitectos.com\/noticias\/index.php?rest_route=\/wp\/v2\/posts"}],"about":[{"href":"https:\/\/colegioarquitectos.com\/noticias\/index.php?rest_route=\/wp\/v2\/types\/post"}],"author":[{"embeddable":true,"href":"https:\/\/colegioarquitectos.com\/noticias\/index.php?rest_route=\/wp\/v2\/users\/1"}],"replies":[{"embeddable":true,"href":"https:\/\/colegioarquitectos.com\/noticias\/index.php?rest_route=%2Fwp%2Fv2%2Fcomments&post=499"}],"version-history":[{"count":0,"href":"https:\/\/colegioarquitectos.com\/noticias\/index.php?rest_route=\/wp\/v2\/posts\/499\/revisions"}],"wp:attachment":[{"href":"https:\/\/colegioarquitectos.com\/noticias\/index.php?rest_route=%2Fwp%2Fv2%2Fmedia&parent=499"}],"wp:term":[{"taxonomy":"category","embeddable":true,"href":"https:\/\/colegioarquitectos.com\/noticias\/index.php?rest_route=%2Fwp%2Fv2%2Fcategories&post=499"},{"taxonomy":"post_tag","embeddable":true,"href":"https:\/\/colegioarquitectos.com\/noticias\/index.php?rest_route=%2Fwp%2Fv2%2Ftags&post=499"}],"curies":[{"name":"wp","href":"https:\/\/api.w.org\/{rel}","templated":true}]}}