
{"id":5005,"date":"2014-02-05T15:42:24","date_gmt":"2014-02-05T15:42:24","guid":{"rendered":"http:\/\/colegioarquitectos.com\/?p=5005"},"modified":"2014-04-08T15:43:05","modified_gmt":"2014-04-08T15:43:05","slug":"proyecto-ganador-antena-santiago","status":"publish","type":"post","link":"https:\/\/colegioarquitectos.com\/noticias\/?p=5005","title":{"rendered":"Proyecto ganador Concurso ANTENA SANTIAGO. Smiljan Radic C."},"content":{"rendered":"<p><strong>La estructura tendr\u00e1 140 metros de altura y 11 anillos que reemplazar\u00e1n el actual enjambre de antenas de radio, televisi\u00f3n y microondas; y contemplar\u00e1 iluminaci\u00f3n cambiante durante la noche, una terraza p\u00fablica, estanque de agua, cafeter\u00eda, tienda, boleter\u00eda y ba\u00f1os p\u00fablicos.<\/strong><\/p>\n<p>En la convocatoria, que es parte del Legado Bicentenario del Presidente Sebasti\u00e1n Pi\u00f1era, participaron 42 representantes nacionales y 17 extranjeros -59 en total-, de pa\u00edses como Francia, Espa\u00f1a, Polonia, Croacia, Suecia, Noruega y Reino Unido.<\/p>\n<p><strong>Santiago, 4 de febrero de 2014. Santiago, 4 de febrero de 2014.<\/strong> El ministro de Vivienda y Urbanismo, <strong>Rodrigo P\u00e9rez <\/strong>(<a href=\"http:\/\/www.twitter.com\/ministroperezm\">@ministroperezm<\/a>), anunci\u00f3 que el arquitecto chileno <strong>Smiljan Radic Clarke <\/strong>gan\u00f3 el concurso internacional de la <strong>\u201cTorre Antena Santiago\u201d<\/strong>, cuyo objetivo fue elegir el dise\u00f1o para dotar al cerro San Crist\u00f3bal de una torre \u00fanica de telecomunicaciones y un mirador panor\u00e1mico de la ciudad de Santiago.<\/p>\n<p>La propuesta ganadora, que se instalar\u00e1 a 600 metros de la cumbre de la Virgen, medir\u00e1 140 metros de altura y tendr\u00e1 11 anillos que agrupar\u00e1n el enjambre de antenas instaladas en cinco m\u00e1stiles y tres torres, que albergan actualmente se\u00f1ales de 10 canales de televisi\u00f3n y de 33 radioemisoras.<\/p>\n<p>Una de las caracter\u00edsticas m\u00e1s destacadas de la propuesta ganadora es la levedad de su estructura, lo que le permitir\u00e1 convertirse en un \u00edcono sin perjudicar otros elementos patrimoniales del entorno, como la silueta del cerro y de la virgen. Su dise\u00f1o tambi\u00e9n contempla iluminaci\u00f3n cambiante durante la noche y bajo la estructura principal, una terraza p\u00fablica, un estanque de agua, diferentes servicios para los visitantes, como cafeter\u00eda, tienda, boleter\u00eda y ba\u00f1os p\u00fablicos.<\/p>\n<p>La \u201c<strong>Torre Antena Santiago\u201d<\/strong> deber\u00e1 licitarse durante este a\u00f1o y estar lista el 2017, a\u00f1o del centenario del Parque Metropolitano de Santiago. En la convocatoria, que es parte del Legado Bicentenario del Presidente <strong>Sebasti\u00e1n Pi\u00f1era <\/strong>(<a href=\"http:\/\/www.twitter.com\/sebastianpinera\">@sebastianpinera<\/a>), participaron 42 representantes nacionales y 17 extranjeros -59 en total-, de pa\u00edses como Francia, Espa\u00f1a, Polonia, Croacia, Suecia, Noruega y Reino Unido. \u201cLa futura torre Antena Santiago se convertir\u00e1 en la nueva postal de Santiago, ser\u00e1 complementaria con la Virgen y el cerro, permitir\u00e1 recuperar al uso p\u00fablico la cumbre del San Crist\u00f3bal y terminar\u00e1 con el enjambre de antenas\u201d, se\u00f1al\u00f3 el ministro Rodrigo P\u00e9rez.<\/p>\n<p>Los ganadores del concurso recibir\u00e1n $25 millones, pero adem\u00e1s se entregar\u00e1n $15 millones al segundo lugar y $10 millones al tercero, y tres menciones honrosas de $2 millones cada una. El segundo y tercer lugar se lo adjudicaron los arquitectos Tom\u00e1s Folch y Anton Khmelniskiy.<\/p>\n<p>El jurado del concurso fue encabezado por el Presidente <strong>Sebasti\u00e1n Pi\u00f1era<\/strong> e integrado por los ministros de <strong>Vivienda y Urbanismo<\/strong>, <strong>Obras P\u00fablicas, Transportes y Telecomunicaciones, <\/strong>adem\u00e1s del director de la Escuela de Arquitectura de la Universidad de Harvard, <strong>I\u00f1aki Abalos,<\/strong> el premio nacional de Arquitectura, <strong>Luis Izquierdo<\/strong>, el presidente del Colegio de Arquitectos de Chile, <strong>Sebasti\u00e1n Gray<\/strong>, y como representante de los concursantes el acad\u00e9mico <strong>Fernando P\u00e9rez Oyarz\u00fan<\/strong>, entre otras destacadas personalidades.<\/p>\n<p><a href=\"http:\/\/colegioarquitectos.com\/noticias\/wp-content\/uploads\/2014\/02\/2.jpg\"><img loading=\"lazy\" decoding=\"async\" class=\"alignnone size-full wp-image-5009\" alt=\"2\" src=\"http:\/\/colegioarquitectos.com\/noticias\/wp-content\/uploads\/2014\/02\/2.jpg\" width=\"690\" height=\"388\" srcset=\"https:\/\/colegioarquitectos.com\/noticias\/wp-content\/uploads\/2014\/02\/2.jpg 690w, https:\/\/colegioarquitectos.com\/noticias\/wp-content\/uploads\/2014\/02\/2-300x168.jpg 300w\" sizes=\"auto, (max-width: 690px) 100vw, 690px\" \/><\/a><\/p>\n<p>El director del concurso fue <strong>Luis Eduardo Bresciani<\/strong>, acad\u00e9mico de la Universidad Cat\u00f3lica. Este proyecto es parte de las iniciativas del \u201cLegado Bicentenario\u201d en la Regi\u00f3n Metropolitana, y con motivo de cumplirse el Centenario de la fundaci\u00f3n del Parque Metropolitano de Santiago (PMS) en el a\u00f1o 2017, se ha generado el \u201cPlan PMS 100 A\u00f1os\u201d. Este plan consiste en un conjunto de iniciativas de inversi\u00f3n destinadas al fortalecimiento del principal pulm\u00f3n verde de la ciudad y a la modernizaci\u00f3n de la infraestructura que ofrece a sus visitantes.<\/p>\n<p>Los proyectos que forman parte del \u201cPlan PMS 100 A\u00f1os\u201d se agrupan en las siguientes categor\u00edas: Forestaci\u00f3n Ladera Norponiente Cerro San Crist\u00f3bal, Red de Caminos y Senderos, Renovaci\u00f3n Zool\u00f3gico Nacional, Mejoramiento a los Sistemas de Transporte Interno, Mejoramiento de Servicios al Visitante, Construcci\u00f3n Parque de la Infancia y Unificaci\u00f3n de Antenas. El \u201cConcurso P\u00fablico Internacional Torre Antena Santiago\u201d constituye el primer paso para la concreci\u00f3n de la Unificaci\u00f3n de Antenas sobre la cumbre del Cerro San Crist\u00f3bal, en el marco del Plan PMS 100 A\u00f1os y el Programa Legado Bicentenario.<\/p>\n<p><iframe loading=\"lazy\" title=\"Dise\u00f1o Ganador de concurso Antena Santiago\" width=\"690\" height=\"388\" src=\"https:\/\/www.youtube.com\/embed\/qO-yRHHNL_8?feature=oembed\" frameborder=\"0\" allow=\"accelerometer; autoplay; clipboard-write; encrypted-media; gyroscope; picture-in-picture; web-share\" referrerpolicy=\"strict-origin-when-cross-origin\" allowfullscreen><\/iframe><\/p>\n<p>Arquitectos: Smiljan Radic, Gabriela Medrano, Ricardo Serpell<br \/>\nColaboradores: Claudio Torres, Matias Valcarce<br \/>\nIm\u00e1genes: Andres Batlle<\/p>\n<p>Memoria Proyecto<\/p>\n<p><iframe loading=\"lazy\" src=\"http:\/\/www.slideshare.net\/slideshow\/embed_code\/30853338\" height=\"400\" width=\"476\" frameborder=\"0\" marginwidth=\"0\" marginheight=\"0\" scrolling=\"no\"><\/iframe><\/p>\n\n\t\t<style type=\"text\/css\">\n\t\t\t#gallery-1 {\n\t\t\t\tmargin: auto;\n\t\t\t}\n\t\t\t#gallery-1 .gallery-item {\n\t\t\t\tfloat: left;\n\t\t\t\tmargin-top: 10px;\n\t\t\t\ttext-align: center;\n\t\t\t\twidth: 33%;\n\t\t\t}\n\t\t\t#gallery-1 img {\n\t\t\t\tborder: 2px solid #cfcfcf;\n\t\t\t}\n\t\t\t#gallery-1 .gallery-caption {\n\t\t\t\tmargin-left: 0;\n\t\t\t}\n\t\t\t\/* see gallery_shortcode() in wp-includes\/media.php *\/\n\t\t<\/style>\n\t\t<div id='gallery-1' class='gallery galleryid-5005 gallery-columns-3 gallery-size-thumbnail'><dl class='gallery-item'>\n\t\t\t<dt class='gallery-icon landscape'>\n\t\t\t\t<a href='https:\/\/colegioarquitectos.com\/noticias\/?attachment_id=5011'><img loading=\"lazy\" decoding=\"async\" width=\"180\" height=\"180\" src=\"https:\/\/colegioarquitectos.com\/noticias\/wp-content\/uploads\/2014\/02\/21-180x180.jpg\" class=\"attachment-thumbnail size-thumbnail\" alt=\"\" \/><\/a>\n\t\t\t<\/dt><\/dl><dl class='gallery-item'>\n\t\t\t<dt class='gallery-icon landscape'>\n\t\t\t\t<a href='https:\/\/colegioarquitectos.com\/noticias\/?attachment_id=5012'><img loading=\"lazy\" decoding=\"async\" width=\"180\" height=\"180\" src=\"https:\/\/colegioarquitectos.com\/noticias\/wp-content\/uploads\/2014\/02\/3-180x180.jpg\" class=\"attachment-thumbnail size-thumbnail\" alt=\"\" \/><\/a>\n\t\t\t<\/dt><\/dl><dl class='gallery-item'>\n\t\t\t<dt class='gallery-icon landscape'>\n\t\t\t\t<a href='https:\/\/colegioarquitectos.com\/noticias\/?attachment_id=5013'><img loading=\"lazy\" decoding=\"async\" width=\"180\" height=\"180\" src=\"https:\/\/colegioarquitectos.com\/noticias\/wp-content\/uploads\/2014\/02\/4-180x180.jpg\" class=\"attachment-thumbnail size-thumbnail\" alt=\"\" \/><\/a>\n\t\t\t<\/dt><\/dl><br style=\"clear: both\" \/><dl class='gallery-item'>\n\t\t\t<dt class='gallery-icon landscape'>\n\t\t\t\t<a href='https:\/\/colegioarquitectos.com\/noticias\/?attachment_id=5010'><img loading=\"lazy\" decoding=\"async\" width=\"180\" height=\"180\" src=\"https:\/\/colegioarquitectos.com\/noticias\/wp-content\/uploads\/2014\/02\/1-180x180.jpg\" class=\"attachment-thumbnail size-thumbnail\" alt=\"\" \/><\/a>\n\t\t\t<\/dt><\/dl>\n\t\t\t<br style='clear: both' \/>\n\t\t<\/div>\n\n<p>Imagenes y memoria: Gabriela Medrano .<\/p>\n<p><\/p>","protected":false},"excerpt":{"rendered":"<p>La estructura tendr\u00e1 140 metros de altura y 11 anillos que reemplazar\u00e1n el actual enjambre de antenas de radio, televisi\u00f3n y microondas; y contemplar\u00e1 iluminaci\u00f3n cambiante durante la noche, una terraza p\u00fablica, estanque de agua, cafeter\u00eda, tienda, boleter\u00eda y ba\u00f1os &hellip; <a class=\"more-link\" href=\"https:\/\/colegioarquitectos.com\/noticias\/?p=5005\">ver m\u00e1s<\/a><\/p>","protected":false},"author":1,"featured_media":5014,"comment_status":"open","ping_status":"open","sticky":false,"template":"","format":"standard","meta":{"footnotes":""},"categories":[11],"tags":[],"class_list":["post-5005","post","type-post","status-publish","format-standard","has-post-thumbnail","hentry","category-concursos"],"yoast_head":"<!-- This site is optimized with the Yoast SEO plugin v24.2 - https:\/\/yoast.com\/wordpress\/plugins\/seo\/ -->\n<title>Proyecto ganador Concurso ANTENA SANTIAGO. Smiljan Radic C. - COLEGIO DE ARQUITECTOS DE CHILE<\/title>\n<meta name=\"robots\" content=\"index, follow, max-snippet:-1, max-image-preview:large, max-video-preview:-1\" \/>\n<link rel=\"canonical\" href=\"https:\/\/colegioarquitectos.com\/noticias\/?p=5005\" \/>\n<meta property=\"og:locale\" content=\"es_ES\" \/>\n<meta property=\"og:type\" content=\"article\" \/>\n<meta property=\"og:title\" content=\"Proyecto ganador Concurso ANTENA SANTIAGO. Smiljan Radic C. - COLEGIO DE ARQUITECTOS DE CHILE\" \/>\n<meta property=\"og:description\" content=\"La estructura tendr\u00e1 140 metros de altura y 11 anillos que reemplazar\u00e1n el actual enjambre de antenas de radio, televisi\u00f3n y microondas; y contemplar\u00e1 iluminaci\u00f3n cambiante durante la noche, una terraza p\u00fablica, estanque de agua, cafeter\u00eda, tienda, boleter\u00eda y ba\u00f1os &hellip; ver m\u00e1s\" \/>\n<meta property=\"og:url\" content=\"https:\/\/colegioarquitectos.com\/noticias\/?p=5005\" \/>\n<meta property=\"og:site_name\" content=\"COLEGIO DE ARQUITECTOS DE CHILE\" \/>\n<meta property=\"article:publisher\" content=\"https:\/\/facebook.com\/Colegioarq\/\" \/>\n<meta property=\"article:published_time\" content=\"2014-02-05T15:42:24+00:00\" \/>\n<meta property=\"article:modified_time\" content=\"2014-04-08T15:43:05+00:00\" \/>\n<meta property=\"og:image\" content=\"https:\/\/colegioarquitectos.com\/noticias\/wp-content\/uploads\/2014\/02\/destacadoframeTORRE.jpg\" \/>\n\t<meta property=\"og:image:width\" content=\"688\" \/>\n\t<meta property=\"og:image:height\" content=\"348\" \/>\n\t<meta property=\"og:image:type\" content=\"image\/jpeg\" \/>\n<meta name=\"author\" content=\"Gabriel Salgado S.\" \/>\n<meta name=\"twitter:card\" content=\"summary_large_image\" \/>\n<meta name=\"twitter:creator\" content=\"@colegioarq\" \/>\n<meta name=\"twitter:site\" content=\"@colegioarq\" \/>\n<meta name=\"twitter:label1\" content=\"Escrito por\" \/>\n\t<meta name=\"twitter:data1\" content=\"Gabriel Salgado S.\" \/>\n\t<meta name=\"twitter:label2\" content=\"Tiempo de lectura\" \/>\n\t<meta name=\"twitter:data2\" content=\"4 minutos\" \/>\n<script type=\"application\/ld+json\" class=\"yoast-schema-graph\">{\"@context\":\"https:\/\/schema.org\",\"@graph\":[{\"@type\":\"Article\",\"@id\":\"https:\/\/colegioarquitectos.com\/noticias\/?p=5005#article\",\"isPartOf\":{\"@id\":\"https:\/\/colegioarquitectos.com\/noticias\/?p=5005\"},\"author\":{\"name\":\"Gabriel Salgado S.\",\"@id\":\"https:\/\/colegioarquitectos.com\/noticias\/#\/schema\/person\/b6c7e912cd1283c089114093ed09741f\"},\"headline\":\"Proyecto ganador Concurso ANTENA SANTIAGO. Smiljan Radic C.\",\"datePublished\":\"2014-02-05T15:42:24+00:00\",\"dateModified\":\"2014-04-08T15:43:05+00:00\",\"mainEntityOfPage\":{\"@id\":\"https:\/\/colegioarquitectos.com\/noticias\/?p=5005\"},\"wordCount\":752,\"commentCount\":3,\"publisher\":{\"@id\":\"https:\/\/colegioarquitectos.com\/noticias\/#organization\"},\"image\":{\"@id\":\"https:\/\/colegioarquitectos.com\/noticias\/?p=5005#primaryimage\"},\"thumbnailUrl\":\"https:\/\/colegioarquitectos.com\/noticias\/wp-content\/uploads\/2014\/02\/destacadoframeTORRE.jpg\",\"articleSection\":[\"Concursos\"],\"inLanguage\":\"es\",\"potentialAction\":[{\"@type\":\"CommentAction\",\"name\":\"Comment\",\"target\":[\"https:\/\/colegioarquitectos.com\/noticias\/?p=5005#respond\"]}]},{\"@type\":\"WebPage\",\"@id\":\"https:\/\/colegioarquitectos.com\/noticias\/?p=5005\",\"url\":\"https:\/\/colegioarquitectos.com\/noticias\/?p=5005\",\"name\":\"Proyecto ganador Concurso ANTENA SANTIAGO. Smiljan Radic C. - COLEGIO DE ARQUITECTOS DE CHILE\",\"isPartOf\":{\"@id\":\"https:\/\/colegioarquitectos.com\/noticias\/#website\"},\"primaryImageOfPage\":{\"@id\":\"https:\/\/colegioarquitectos.com\/noticias\/?p=5005#primaryimage\"},\"image\":{\"@id\":\"https:\/\/colegioarquitectos.com\/noticias\/?p=5005#primaryimage\"},\"thumbnailUrl\":\"https:\/\/colegioarquitectos.com\/noticias\/wp-content\/uploads\/2014\/02\/destacadoframeTORRE.jpg\",\"datePublished\":\"2014-02-05T15:42:24+00:00\",\"dateModified\":\"2014-04-08T15:43:05+00:00\",\"breadcrumb\":{\"@id\":\"https:\/\/colegioarquitectos.com\/noticias\/?p=5005#breadcrumb\"},\"inLanguage\":\"es\",\"potentialAction\":[{\"@type\":\"ReadAction\",\"target\":[\"https:\/\/colegioarquitectos.com\/noticias\/?p=5005\"]}]},{\"@type\":\"ImageObject\",\"inLanguage\":\"es\",\"@id\":\"https:\/\/colegioarquitectos.com\/noticias\/?p=5005#primaryimage\",\"url\":\"https:\/\/colegioarquitectos.com\/noticias\/wp-content\/uploads\/2014\/02\/destacadoframeTORRE.jpg\",\"contentUrl\":\"https:\/\/colegioarquitectos.com\/noticias\/wp-content\/uploads\/2014\/02\/destacadoframeTORRE.jpg\",\"width\":688,\"height\":348},{\"@type\":\"BreadcrumbList\",\"@id\":\"https:\/\/colegioarquitectos.com\/noticias\/?p=5005#breadcrumb\",\"itemListElement\":[{\"@type\":\"ListItem\",\"position\":1,\"name\":\"Portada\",\"item\":\"https:\/\/colegioarquitectos.com\/noticias\"},{\"@type\":\"ListItem\",\"position\":2,\"name\":\"Proyecto ganador Concurso ANTENA SANTIAGO. Smiljan Radic C.\"}]},{\"@type\":\"WebSite\",\"@id\":\"https:\/\/colegioarquitectos.com\/noticias\/#website\",\"url\":\"https:\/\/colegioarquitectos.com\/noticias\/\",\"name\":\"COLEGIO DE ARQUITECTOS DE CHILE\",\"description\":\"\",\"publisher\":{\"@id\":\"https:\/\/colegioarquitectos.com\/noticias\/#organization\"},\"potentialAction\":[{\"@type\":\"SearchAction\",\"target\":{\"@type\":\"EntryPoint\",\"urlTemplate\":\"https:\/\/colegioarquitectos.com\/noticias\/?s={search_term_string}\"},\"query-input\":{\"@type\":\"PropertyValueSpecification\",\"valueRequired\":true,\"valueName\":\"search_term_string\"}}],\"inLanguage\":\"es\"},{\"@type\":\"Organization\",\"@id\":\"https:\/\/colegioarquitectos.com\/noticias\/#organization\",\"name\":\"COLEGIO DE ARQUITECTOS DE CHILE\",\"url\":\"https:\/\/colegioarquitectos.com\/noticias\/\",\"logo\":{\"@type\":\"ImageObject\",\"inLanguage\":\"es\",\"@id\":\"https:\/\/colegioarquitectos.com\/noticias\/#\/schema\/logo\/image\/\",\"url\":\"https:\/\/colegioarquitectos.com\/noticias\/wp-content\/uploads\/2021\/05\/ENCABEZADO-LOGO-CA.jpg\",\"contentUrl\":\"https:\/\/colegioarquitectos.com\/noticias\/wp-content\/uploads\/2021\/05\/ENCABEZADO-LOGO-CA.jpg\",\"width\":690,\"height\":350,\"caption\":\"COLEGIO DE ARQUITECTOS DE CHILE\"},\"image\":{\"@id\":\"https:\/\/colegioarquitectos.com\/noticias\/#\/schema\/logo\/image\/\"},\"sameAs\":[\"https:\/\/facebook.com\/Colegioarq\/\",\"https:\/\/x.com\/colegioarq\",\"https:\/\/instagram.com\/colegioarq\",\"https:\/\/youtube.com\/@ColegiodeArquitectosdeChile\"]},{\"@type\":\"Person\",\"@id\":\"https:\/\/colegioarquitectos.com\/noticias\/#\/schema\/person\/b6c7e912cd1283c089114093ed09741f\",\"name\":\"Gabriel Salgado S.\",\"url\":\"https:\/\/colegioarquitectos.com\/noticias\/?author=1\"}]}<\/script>\n<!-- \/ Yoast SEO plugin. -->","yoast_head_json":{"title":"Proyecto ganador Concurso ANTENA SANTIAGO. Smiljan Radic C. - COLEGIO DE ARQUITECTOS DE CHILE","robots":{"index":"index","follow":"follow","max-snippet":"max-snippet:-1","max-image-preview":"max-image-preview:large","max-video-preview":"max-video-preview:-1"},"canonical":"https:\/\/colegioarquitectos.com\/noticias\/?p=5005","og_locale":"es_ES","og_type":"article","og_title":"Proyecto ganador Concurso ANTENA SANTIAGO. Smiljan Radic C. - COLEGIO DE ARQUITECTOS DE CHILE","og_description":"La estructura tendr\u00e1 140 metros de altura y 11 anillos que reemplazar\u00e1n el actual enjambre de antenas de radio, televisi\u00f3n y microondas; y contemplar\u00e1 iluminaci\u00f3n cambiante durante la noche, una terraza p\u00fablica, estanque de agua, cafeter\u00eda, tienda, boleter\u00eda y ba\u00f1os &hellip; ver m\u00e1s","og_url":"https:\/\/colegioarquitectos.com\/noticias\/?p=5005","og_site_name":"COLEGIO DE ARQUITECTOS DE CHILE","article_publisher":"https:\/\/facebook.com\/Colegioarq\/","article_published_time":"2014-02-05T15:42:24+00:00","article_modified_time":"2014-04-08T15:43:05+00:00","og_image":[{"width":688,"height":348,"url":"https:\/\/colegioarquitectos.com\/noticias\/wp-content\/uploads\/2014\/02\/destacadoframeTORRE.jpg","type":"image\/jpeg"}],"author":"Gabriel Salgado S.","twitter_card":"summary_large_image","twitter_creator":"@colegioarq","twitter_site":"@colegioarq","twitter_misc":{"Escrito por":"Gabriel Salgado S.","Tiempo de lectura":"4 minutos"},"schema":{"@context":"https:\/\/schema.org","@graph":[{"@type":"Article","@id":"https:\/\/colegioarquitectos.com\/noticias\/?p=5005#article","isPartOf":{"@id":"https:\/\/colegioarquitectos.com\/noticias\/?p=5005"},"author":{"name":"Gabriel Salgado S.","@id":"https:\/\/colegioarquitectos.com\/noticias\/#\/schema\/person\/b6c7e912cd1283c089114093ed09741f"},"headline":"Proyecto ganador Concurso ANTENA SANTIAGO. Smiljan Radic C.","datePublished":"2014-02-05T15:42:24+00:00","dateModified":"2014-04-08T15:43:05+00:00","mainEntityOfPage":{"@id":"https:\/\/colegioarquitectos.com\/noticias\/?p=5005"},"wordCount":752,"commentCount":3,"publisher":{"@id":"https:\/\/colegioarquitectos.com\/noticias\/#organization"},"image":{"@id":"https:\/\/colegioarquitectos.com\/noticias\/?p=5005#primaryimage"},"thumbnailUrl":"https:\/\/colegioarquitectos.com\/noticias\/wp-content\/uploads\/2014\/02\/destacadoframeTORRE.jpg","articleSection":["Concursos"],"inLanguage":"es","potentialAction":[{"@type":"CommentAction","name":"Comment","target":["https:\/\/colegioarquitectos.com\/noticias\/?p=5005#respond"]}]},{"@type":"WebPage","@id":"https:\/\/colegioarquitectos.com\/noticias\/?p=5005","url":"https:\/\/colegioarquitectos.com\/noticias\/?p=5005","name":"Proyecto ganador Concurso ANTENA SANTIAGO. Smiljan Radic C. - COLEGIO DE ARQUITECTOS DE CHILE","isPartOf":{"@id":"https:\/\/colegioarquitectos.com\/noticias\/#website"},"primaryImageOfPage":{"@id":"https:\/\/colegioarquitectos.com\/noticias\/?p=5005#primaryimage"},"image":{"@id":"https:\/\/colegioarquitectos.com\/noticias\/?p=5005#primaryimage"},"thumbnailUrl":"https:\/\/colegioarquitectos.com\/noticias\/wp-content\/uploads\/2014\/02\/destacadoframeTORRE.jpg","datePublished":"2014-02-05T15:42:24+00:00","dateModified":"2014-04-08T15:43:05+00:00","breadcrumb":{"@id":"https:\/\/colegioarquitectos.com\/noticias\/?p=5005#breadcrumb"},"inLanguage":"es","potentialAction":[{"@type":"ReadAction","target":["https:\/\/colegioarquitectos.com\/noticias\/?p=5005"]}]},{"@type":"ImageObject","inLanguage":"es","@id":"https:\/\/colegioarquitectos.com\/noticias\/?p=5005#primaryimage","url":"https:\/\/colegioarquitectos.com\/noticias\/wp-content\/uploads\/2014\/02\/destacadoframeTORRE.jpg","contentUrl":"https:\/\/colegioarquitectos.com\/noticias\/wp-content\/uploads\/2014\/02\/destacadoframeTORRE.jpg","width":688,"height":348},{"@type":"BreadcrumbList","@id":"https:\/\/colegioarquitectos.com\/noticias\/?p=5005#breadcrumb","itemListElement":[{"@type":"ListItem","position":1,"name":"Portada","item":"https:\/\/colegioarquitectos.com\/noticias"},{"@type":"ListItem","position":2,"name":"Proyecto ganador Concurso ANTENA SANTIAGO. Smiljan Radic C."}]},{"@type":"WebSite","@id":"https:\/\/colegioarquitectos.com\/noticias\/#website","url":"https:\/\/colegioarquitectos.com\/noticias\/","name":"COLEGIO DE ARQUITECTOS DE CHILE","description":"","publisher":{"@id":"https:\/\/colegioarquitectos.com\/noticias\/#organization"},"potentialAction":[{"@type":"SearchAction","target":{"@type":"EntryPoint","urlTemplate":"https:\/\/colegioarquitectos.com\/noticias\/?s={search_term_string}"},"query-input":{"@type":"PropertyValueSpecification","valueRequired":true,"valueName":"search_term_string"}}],"inLanguage":"es"},{"@type":"Organization","@id":"https:\/\/colegioarquitectos.com\/noticias\/#organization","name":"COLEGIO DE ARQUITECTOS DE CHILE","url":"https:\/\/colegioarquitectos.com\/noticias\/","logo":{"@type":"ImageObject","inLanguage":"es","@id":"https:\/\/colegioarquitectos.com\/noticias\/#\/schema\/logo\/image\/","url":"https:\/\/colegioarquitectos.com\/noticias\/wp-content\/uploads\/2021\/05\/ENCABEZADO-LOGO-CA.jpg","contentUrl":"https:\/\/colegioarquitectos.com\/noticias\/wp-content\/uploads\/2021\/05\/ENCABEZADO-LOGO-CA.jpg","width":690,"height":350,"caption":"COLEGIO DE ARQUITECTOS DE CHILE"},"image":{"@id":"https:\/\/colegioarquitectos.com\/noticias\/#\/schema\/logo\/image\/"},"sameAs":["https:\/\/facebook.com\/Colegioarq\/","https:\/\/x.com\/colegioarq","https:\/\/instagram.com\/colegioarq","https:\/\/youtube.com\/@ColegiodeArquitectosdeChile"]},{"@type":"Person","@id":"https:\/\/colegioarquitectos.com\/noticias\/#\/schema\/person\/b6c7e912cd1283c089114093ed09741f","name":"Gabriel Salgado S.","url":"https:\/\/colegioarquitectos.com\/noticias\/?author=1"}]}},"_links":{"self":[{"href":"https:\/\/colegioarquitectos.com\/noticias\/index.php?rest_route=\/wp\/v2\/posts\/5005","targetHints":{"allow":["GET"]}}],"collection":[{"href":"https:\/\/colegioarquitectos.com\/noticias\/index.php?rest_route=\/wp\/v2\/posts"}],"about":[{"href":"https:\/\/colegioarquitectos.com\/noticias\/index.php?rest_route=\/wp\/v2\/types\/post"}],"author":[{"embeddable":true,"href":"https:\/\/colegioarquitectos.com\/noticias\/index.php?rest_route=\/wp\/v2\/users\/1"}],"replies":[{"embeddable":true,"href":"https:\/\/colegioarquitectos.com\/noticias\/index.php?rest_route=%2Fwp%2Fv2%2Fcomments&post=5005"}],"version-history":[{"count":0,"href":"https:\/\/colegioarquitectos.com\/noticias\/index.php?rest_route=\/wp\/v2\/posts\/5005\/revisions"}],"wp:featuredmedia":[{"embeddable":true,"href":"https:\/\/colegioarquitectos.com\/noticias\/index.php?rest_route=\/wp\/v2\/media\/5014"}],"wp:attachment":[{"href":"https:\/\/colegioarquitectos.com\/noticias\/index.php?rest_route=%2Fwp%2Fv2%2Fmedia&parent=5005"}],"wp:term":[{"taxonomy":"category","embeddable":true,"href":"https:\/\/colegioarquitectos.com\/noticias\/index.php?rest_route=%2Fwp%2Fv2%2Fcategories&post=5005"},{"taxonomy":"post_tag","embeddable":true,"href":"https:\/\/colegioarquitectos.com\/noticias\/index.php?rest_route=%2Fwp%2Fv2%2Ftags&post=5005"}],"curies":[{"name":"wp","href":"https:\/\/api.w.org\/{rel}","templated":true}]}}