
{"id":5020,"date":"2014-02-24T13:19:54","date_gmt":"2014-02-24T13:19:54","guid":{"rendered":"http:\/\/colegioarquitectos.com\/?p=5020"},"modified":"2014-02-27T13:21:25","modified_gmt":"2014-02-27T13:21:25","slug":"mapas-ide-informacion-territorial-para-la-toma-de-decisiones","status":"publish","type":"post","link":"https:\/\/colegioarquitectos.com\/noticias\/?p=5020","title":{"rendered":"Mapas IDE: Informaci\u00f3n territorial para la toma de decisiones"},"content":{"rendered":"<p>El objetivo del Visor de Mapas IDE \u2013Infraestructura de Datos Geoespaciales-\u00a0 es acceder de manera r\u00e1pida y oportuna a la informaci\u00f3n geoespacial del pa\u00eds, incluyendo los instrumentos de planificaci\u00f3n territorial vigentes, a trav\u00e9s de herramientas tecnol\u00f3gicas de una nueva plataforma virtual, de manera p\u00fablica, y gracias al trabajo coordinado de 15 ministerios y 20 servicios p\u00fablicos.<\/p>\n<p><b>Durante la recopilaci\u00f3n de informaci\u00f3n de los ministerios y servicios p\u00fablicos\u00a0 se logr\u00f3:<\/b><\/p>\n<p>&#8211;\u00a0\u00a0\u00a0\u00a0\u00a0\u00a0\u00a0\u00a0\u00a0 <b><i>La actualizaci\u00f3n de 100 capas de informaci\u00f3n<\/i><\/b><b>:<\/b> entre ellas las de planificaci\u00f3n territorial, \u00a0educaci\u00f3n y salud, energ\u00eda, trasporte, sociedad y cultura, oceanograf\u00eda, miner\u00eda, medio ambiente y conservaci\u00f3n, y propiedad fiscal.<\/p>\n<p>&#8211;\u00a0\u00a0\u00a0\u00a0\u00a0\u00a0\u00a0\u00a0\u00a0 <b><i>La estandarizaci\u00f3n de la informaci\u00f3n: <\/i><\/b>a partir de la recopilaci\u00f3n, revisi\u00f3n y adaptaci\u00f3n de capas a un nuevo formato para ser presentada en la plataforma IDE.<\/p>\n<p>&#8211;\u00a0\u00a0\u00a0\u00a0\u00a0\u00a0\u00a0\u00a0\u00a0 <b><i>La digitalizaci\u00f3n de la informaci\u00f3n <\/i><\/b><i>existente en papel y bases de datos distintas.<\/i><\/p>\n<p>&#8211;\u00a0\u00a0\u00a0\u00a0\u00a0\u00a0\u00a0\u00a0\u00a0 <b><i>Finalmente, se desarroll\u00f3 un sitio web<\/i><\/b> de visualizaci\u00f3n que es alimentada por todos los servicios p\u00fablicos.<b><br \/>\n<\/b><\/p>\n<p><b>El mapa IDE Incluye toda la informaci\u00f3n p\u00fablica relevante:<\/b><\/p>\n<p>&#8211;\u00a0\u00a0\u00a0\u00a0\u00a0\u00a0\u00a0\u00a0\u00a0 <b><i>Informaci\u00f3n de base:<\/i><\/b><b> <\/b>Caminos, localidades, ciudades, colegios, centros de salud, puertos, subestaciones el\u00e9ctricas, etc.<\/p>\n<p>&#8211;\u00a0\u00a0\u00a0\u00a0\u00a0\u00a0\u00a0\u00a0\u00a0 <b><i>Informaci\u00f3n geogr\u00e1fica:<\/i><\/b><b> <\/b>Mapa geol\u00f3gico, volcanes, acu\u00edferos, \u00e1reas de riesgo, etc.<\/p>\n<p>&#8211;\u00a0\u00a0\u00a0\u00a0\u00a0\u00a0\u00a0\u00a0\u00a0 <b><i>Instrumentos de planificaci\u00f3n territorial:<\/i><\/b><b> <\/b>Planos reguladores comunales, intercomunales,\u00a0 regional de desarrollo, l\u00edmite urbano.<\/p>\n<p>&#8211;\u00a0\u00a0\u00a0\u00a0\u00a0\u00a0\u00a0\u00a0\u00a0 <b><i>Catastro y concesiones mineras <\/i><\/b><\/p>\n<p>&#8211;\u00a0\u00a0\u00a0\u00a0\u00a0\u00a0\u00a0\u00a0\u00a0 <b><i>Protecci\u00f3n medioambiental y normativa:<\/i><\/b><b> <\/b>\u00c1reas protegidas, parques nacionales, santuarios de la naturaleza, sitios ramsar, zonas saturadas, entre otros.<\/p>\n<p>&#8211;\u00a0\u00a0\u00a0\u00a0\u00a0\u00a0\u00a0\u00a0\u00a0 <b><i>Zonas de Inter\u00e9s Tur\u00edstico, sitios arqueol\u00f3gicos, \u00e1reas de desarrollo ind\u00edgena,<\/i><\/b> entre otros.<\/p>\n<p>&#8211;\u00a0\u00a0\u00a0\u00a0\u00a0\u00a0\u00a0\u00a0\u00a0 <b><i>Propiedad fiscal administrada<\/i><br \/>\n<\/b><\/p>\n<p><b>El mapa IDE va dirigido a la toma de decisiones de: la ciudadan\u00eda, las empresas, organismos p\u00fablicos y a las universidades y centros de estudios.<\/b><\/p>\n<p>&#8211;\u00a0\u00a0\u00a0\u00a0\u00a0\u00a0\u00a0\u00a0\u00a0 <b><i>A la ciudadan\u00eda, <\/i><\/b>le permite<b> <\/b>conocer el plano regulador, ubicar colegios, centros de salud, zonas de tsunamis, aprender de su entorno en general, y estar m\u00e1s empoderada frente a las intervenciones sobre el territorio.<\/p>\n<p>&#8211;\u00a0\u00a0\u00a0\u00a0\u00a0\u00a0\u00a0\u00a0\u00a0 <b><i>A las empresas<\/i><\/b>, le sirve para<b> <\/b>todo tipo de localizaci\u00f3n de proyectos de gran envergadura. Tambi\u00e9n para el desarrollo inmobiliario, econ\u00f3mico y tur\u00edstico.<\/p>\n<p>&#8211;\u00a0\u00a0\u00a0\u00a0\u00a0\u00a0\u00a0\u00a0\u00a0 <b><i>A los organismos p\u00fablicos, <\/i><\/b>les ayuda en la formulaci\u00f3n de pol\u00edticas p\u00fablicas, focalizaci\u00f3n de proyectos, y para responder mejor a emergencias.<\/p>\n<p>&#8211;\u00a0\u00a0\u00a0\u00a0\u00a0\u00a0\u00a0\u00a0\u00a0 <b><i>As\u00ed como tambi\u00e9n a centros de estudios y universidades:<\/i><\/b> sus investigaciones y estudios.<b><br \/>\n<\/b><\/p>\n<p><b>\u00bfC\u00f3mo se accede?<br \/>\n<\/b><\/p>\n<p>Al mapa IDE Chile se accede desde el banner principal de <a href=\"http:\/\/www.ide.cl\" target=\"_blank\">www.ide.cl<\/a>. Desde ah\u00ed, la informaci\u00f3n se despliega por capas. Adem\u00e1s, se pueden agregar temporalmente otras capas personales, por ejemplo, en formato kml o kmz. Tambi\u00e9n se puede compartir una vista.<i><br \/>\n<\/i><\/p>\n<p><a href=\"http:\/\/www.youtube.com\/watch?v=91eLpLd4leI\">http:\/\/www.youtube.com\/watch?v=91eLpLd4leI<\/a><\/p>\n<p><a href=\"https:\/\/www.youtube.com\/watch?v=x86Ck3y9grs\">https:\/\/www.youtube.com\/watch?v=x86Ck3y9grs<\/a><\/p>\n<p><i>Invitamos a seguirnos y a mantenernos en contacto desde <a href=\"http:\/\/www.ide.cl\" target=\"_blank\">www.ide.cl<\/a> y <a href=\"http:\/\/www.facebook.com\/idechile\" target=\"_blank\">www.facebook.com\/idechile<\/a><\/i><\/p>\n<p>&nbsp;<\/p>\n<p>&nbsp;<\/p>\n<p><\/p>","protected":false},"excerpt":{"rendered":"<p>El objetivo del Visor de Mapas IDE \u2013Infraestructura de Datos Geoespaciales-\u00a0 es acceder de manera r\u00e1pida y oportuna a la informaci\u00f3n geoespacial del pa\u00eds, incluyendo los instrumentos de planificaci\u00f3n territorial vigentes, a trav\u00e9s de herramientas tecnol\u00f3gicas de una nueva plataforma &hellip; <a class=\"more-link\" href=\"https:\/\/colegioarquitectos.com\/noticias\/?p=5020\">ver m\u00e1s<\/a><\/p>","protected":false},"author":1,"featured_media":5023,"comment_status":"open","ping_status":"open","sticky":false,"template":"","format":"standard","meta":{"footnotes":""},"categories":[3],"tags":[48,46,47],"class_list":["post-5020","post","type-post","status-publish","format-standard","has-post-thumbnail","hentry","category-noticias","tag-geoespaciales","tag-ide","tag-mapas"],"yoast_head":"<!-- This site is optimized with the Yoast SEO plugin v24.2 - https:\/\/yoast.com\/wordpress\/plugins\/seo\/ -->\n<title>Mapas IDE: Informaci\u00f3n territorial para la toma de decisiones - COLEGIO DE ARQUITECTOS DE CHILE<\/title>\n<meta name=\"robots\" content=\"index, follow, max-snippet:-1, max-image-preview:large, max-video-preview:-1\" \/>\n<link rel=\"canonical\" href=\"https:\/\/colegioarquitectos.com\/noticias\/?p=5020\" \/>\n<meta property=\"og:locale\" content=\"es_ES\" \/>\n<meta property=\"og:type\" content=\"article\" \/>\n<meta property=\"og:title\" content=\"Mapas IDE: Informaci\u00f3n territorial para la toma de decisiones - COLEGIO DE ARQUITECTOS DE CHILE\" \/>\n<meta property=\"og:description\" content=\"El objetivo del Visor de Mapas IDE \u2013Infraestructura de Datos Geoespaciales-\u00a0 es acceder de manera r\u00e1pida y oportuna a la informaci\u00f3n geoespacial del pa\u00eds, incluyendo los instrumentos de planificaci\u00f3n territorial vigentes, a trav\u00e9s de herramientas tecnol\u00f3gicas de una nueva plataforma &hellip; ver m\u00e1s\" \/>\n<meta property=\"og:url\" content=\"https:\/\/colegioarquitectos.com\/noticias\/?p=5020\" \/>\n<meta property=\"og:site_name\" content=\"COLEGIO DE ARQUITECTOS DE CHILE\" \/>\n<meta property=\"article:publisher\" content=\"https:\/\/facebook.com\/Colegioarq\/\" \/>\n<meta property=\"article:published_time\" content=\"2014-02-24T13:19:54+00:00\" \/>\n<meta property=\"article:modified_time\" content=\"2014-02-27T13:21:25+00:00\" \/>\n<meta property=\"og:image\" content=\"https:\/\/colegioarquitectos.com\/noticias\/wp-content\/uploads\/2014\/02\/IDE1.jpg\" \/>\n\t<meta property=\"og:image:width\" content=\"690\" \/>\n\t<meta property=\"og:image:height\" content=\"380\" \/>\n\t<meta property=\"og:image:type\" content=\"image\/jpeg\" \/>\n<meta name=\"author\" content=\"Gabriel Salgado S.\" \/>\n<meta name=\"twitter:card\" content=\"summary_large_image\" \/>\n<meta name=\"twitter:creator\" content=\"@colegioarq\" \/>\n<meta name=\"twitter:site\" content=\"@colegioarq\" \/>\n<meta name=\"twitter:label1\" content=\"Escrito por\" \/>\n\t<meta name=\"twitter:data1\" content=\"Gabriel Salgado S.\" \/>\n\t<meta name=\"twitter:label2\" content=\"Tiempo de lectura\" \/>\n\t<meta name=\"twitter:data2\" content=\"3 minutos\" \/>\n<script type=\"application\/ld+json\" class=\"yoast-schema-graph\">{\"@context\":\"https:\/\/schema.org\",\"@graph\":[{\"@type\":\"Article\",\"@id\":\"https:\/\/colegioarquitectos.com\/noticias\/?p=5020#article\",\"isPartOf\":{\"@id\":\"https:\/\/colegioarquitectos.com\/noticias\/?p=5020\"},\"author\":{\"name\":\"Gabriel Salgado S.\",\"@id\":\"https:\/\/colegioarquitectos.com\/noticias\/#\/schema\/person\/b6c7e912cd1283c089114093ed09741f\"},\"headline\":\"Mapas IDE: Informaci\u00f3n territorial para la toma de decisiones\",\"datePublished\":\"2014-02-24T13:19:54+00:00\",\"dateModified\":\"2014-02-27T13:21:25+00:00\",\"mainEntityOfPage\":{\"@id\":\"https:\/\/colegioarquitectos.com\/noticias\/?p=5020\"},\"wordCount\":523,\"commentCount\":0,\"publisher\":{\"@id\":\"https:\/\/colegioarquitectos.com\/noticias\/#organization\"},\"image\":{\"@id\":\"https:\/\/colegioarquitectos.com\/noticias\/?p=5020#primaryimage\"},\"thumbnailUrl\":\"https:\/\/colegioarquitectos.com\/noticias\/wp-content\/uploads\/2014\/02\/IDE1.jpg\",\"keywords\":[\"geoespaciales\",\"ide\",\"mapas\"],\"articleSection\":[\"Noticias\"],\"inLanguage\":\"es\",\"potentialAction\":[{\"@type\":\"CommentAction\",\"name\":\"Comment\",\"target\":[\"https:\/\/colegioarquitectos.com\/noticias\/?p=5020#respond\"]}]},{\"@type\":\"WebPage\",\"@id\":\"https:\/\/colegioarquitectos.com\/noticias\/?p=5020\",\"url\":\"https:\/\/colegioarquitectos.com\/noticias\/?p=5020\",\"name\":\"Mapas IDE: Informaci\u00f3n territorial para la toma de decisiones - COLEGIO DE ARQUITECTOS DE CHILE\",\"isPartOf\":{\"@id\":\"https:\/\/colegioarquitectos.com\/noticias\/#website\"},\"primaryImageOfPage\":{\"@id\":\"https:\/\/colegioarquitectos.com\/noticias\/?p=5020#primaryimage\"},\"image\":{\"@id\":\"https:\/\/colegioarquitectos.com\/noticias\/?p=5020#primaryimage\"},\"thumbnailUrl\":\"https:\/\/colegioarquitectos.com\/noticias\/wp-content\/uploads\/2014\/02\/IDE1.jpg\",\"datePublished\":\"2014-02-24T13:19:54+00:00\",\"dateModified\":\"2014-02-27T13:21:25+00:00\",\"breadcrumb\":{\"@id\":\"https:\/\/colegioarquitectos.com\/noticias\/?p=5020#breadcrumb\"},\"inLanguage\":\"es\",\"potentialAction\":[{\"@type\":\"ReadAction\",\"target\":[\"https:\/\/colegioarquitectos.com\/noticias\/?p=5020\"]}]},{\"@type\":\"ImageObject\",\"inLanguage\":\"es\",\"@id\":\"https:\/\/colegioarquitectos.com\/noticias\/?p=5020#primaryimage\",\"url\":\"https:\/\/colegioarquitectos.com\/noticias\/wp-content\/uploads\/2014\/02\/IDE1.jpg\",\"contentUrl\":\"https:\/\/colegioarquitectos.com\/noticias\/wp-content\/uploads\/2014\/02\/IDE1.jpg\",\"width\":690,\"height\":380},{\"@type\":\"BreadcrumbList\",\"@id\":\"https:\/\/colegioarquitectos.com\/noticias\/?p=5020#breadcrumb\",\"itemListElement\":[{\"@type\":\"ListItem\",\"position\":1,\"name\":\"Portada\",\"item\":\"https:\/\/colegioarquitectos.com\/noticias\"},{\"@type\":\"ListItem\",\"position\":2,\"name\":\"Mapas IDE: Informaci\u00f3n territorial para la toma de decisiones\"}]},{\"@type\":\"WebSite\",\"@id\":\"https:\/\/colegioarquitectos.com\/noticias\/#website\",\"url\":\"https:\/\/colegioarquitectos.com\/noticias\/\",\"name\":\"COLEGIO DE ARQUITECTOS DE CHILE\",\"description\":\"\",\"publisher\":{\"@id\":\"https:\/\/colegioarquitectos.com\/noticias\/#organization\"},\"potentialAction\":[{\"@type\":\"SearchAction\",\"target\":{\"@type\":\"EntryPoint\",\"urlTemplate\":\"https:\/\/colegioarquitectos.com\/noticias\/?s={search_term_string}\"},\"query-input\":{\"@type\":\"PropertyValueSpecification\",\"valueRequired\":true,\"valueName\":\"search_term_string\"}}],\"inLanguage\":\"es\"},{\"@type\":\"Organization\",\"@id\":\"https:\/\/colegioarquitectos.com\/noticias\/#organization\",\"name\":\"COLEGIO DE ARQUITECTOS DE CHILE\",\"url\":\"https:\/\/colegioarquitectos.com\/noticias\/\",\"logo\":{\"@type\":\"ImageObject\",\"inLanguage\":\"es\",\"@id\":\"https:\/\/colegioarquitectos.com\/noticias\/#\/schema\/logo\/image\/\",\"url\":\"https:\/\/colegioarquitectos.com\/noticias\/wp-content\/uploads\/2021\/05\/ENCABEZADO-LOGO-CA.jpg\",\"contentUrl\":\"https:\/\/colegioarquitectos.com\/noticias\/wp-content\/uploads\/2021\/05\/ENCABEZADO-LOGO-CA.jpg\",\"width\":690,\"height\":350,\"caption\":\"COLEGIO DE ARQUITECTOS DE CHILE\"},\"image\":{\"@id\":\"https:\/\/colegioarquitectos.com\/noticias\/#\/schema\/logo\/image\/\"},\"sameAs\":[\"https:\/\/facebook.com\/Colegioarq\/\",\"https:\/\/x.com\/colegioarq\",\"https:\/\/instagram.com\/colegioarq\",\"https:\/\/youtube.com\/@ColegiodeArquitectosdeChile\"]},{\"@type\":\"Person\",\"@id\":\"https:\/\/colegioarquitectos.com\/noticias\/#\/schema\/person\/b6c7e912cd1283c089114093ed09741f\",\"name\":\"Gabriel Salgado S.\",\"url\":\"https:\/\/colegioarquitectos.com\/noticias\/?author=1\"}]}<\/script>\n<!-- \/ Yoast SEO plugin. -->","yoast_head_json":{"title":"Mapas IDE: Informaci\u00f3n territorial para la toma de decisiones - COLEGIO DE ARQUITECTOS DE CHILE","robots":{"index":"index","follow":"follow","max-snippet":"max-snippet:-1","max-image-preview":"max-image-preview:large","max-video-preview":"max-video-preview:-1"},"canonical":"https:\/\/colegioarquitectos.com\/noticias\/?p=5020","og_locale":"es_ES","og_type":"article","og_title":"Mapas IDE: Informaci\u00f3n territorial para la toma de decisiones - COLEGIO DE ARQUITECTOS DE CHILE","og_description":"El objetivo del Visor de Mapas IDE \u2013Infraestructura de Datos Geoespaciales-\u00a0 es acceder de manera r\u00e1pida y oportuna a la informaci\u00f3n geoespacial del pa\u00eds, incluyendo los instrumentos de planificaci\u00f3n territorial vigentes, a trav\u00e9s de herramientas tecnol\u00f3gicas de una nueva plataforma &hellip; ver m\u00e1s","og_url":"https:\/\/colegioarquitectos.com\/noticias\/?p=5020","og_site_name":"COLEGIO DE ARQUITECTOS DE CHILE","article_publisher":"https:\/\/facebook.com\/Colegioarq\/","article_published_time":"2014-02-24T13:19:54+00:00","article_modified_time":"2014-02-27T13:21:25+00:00","og_image":[{"width":690,"height":380,"url":"https:\/\/colegioarquitectos.com\/noticias\/wp-content\/uploads\/2014\/02\/IDE1.jpg","type":"image\/jpeg"}],"author":"Gabriel Salgado S.","twitter_card":"summary_large_image","twitter_creator":"@colegioarq","twitter_site":"@colegioarq","twitter_misc":{"Escrito por":"Gabriel Salgado S.","Tiempo de lectura":"3 minutos"},"schema":{"@context":"https:\/\/schema.org","@graph":[{"@type":"Article","@id":"https:\/\/colegioarquitectos.com\/noticias\/?p=5020#article","isPartOf":{"@id":"https:\/\/colegioarquitectos.com\/noticias\/?p=5020"},"author":{"name":"Gabriel Salgado S.","@id":"https:\/\/colegioarquitectos.com\/noticias\/#\/schema\/person\/b6c7e912cd1283c089114093ed09741f"},"headline":"Mapas IDE: Informaci\u00f3n territorial para la toma de decisiones","datePublished":"2014-02-24T13:19:54+00:00","dateModified":"2014-02-27T13:21:25+00:00","mainEntityOfPage":{"@id":"https:\/\/colegioarquitectos.com\/noticias\/?p=5020"},"wordCount":523,"commentCount":0,"publisher":{"@id":"https:\/\/colegioarquitectos.com\/noticias\/#organization"},"image":{"@id":"https:\/\/colegioarquitectos.com\/noticias\/?p=5020#primaryimage"},"thumbnailUrl":"https:\/\/colegioarquitectos.com\/noticias\/wp-content\/uploads\/2014\/02\/IDE1.jpg","keywords":["geoespaciales","ide","mapas"],"articleSection":["Noticias"],"inLanguage":"es","potentialAction":[{"@type":"CommentAction","name":"Comment","target":["https:\/\/colegioarquitectos.com\/noticias\/?p=5020#respond"]}]},{"@type":"WebPage","@id":"https:\/\/colegioarquitectos.com\/noticias\/?p=5020","url":"https:\/\/colegioarquitectos.com\/noticias\/?p=5020","name":"Mapas IDE: Informaci\u00f3n territorial para la toma de decisiones - COLEGIO DE ARQUITECTOS DE CHILE","isPartOf":{"@id":"https:\/\/colegioarquitectos.com\/noticias\/#website"},"primaryImageOfPage":{"@id":"https:\/\/colegioarquitectos.com\/noticias\/?p=5020#primaryimage"},"image":{"@id":"https:\/\/colegioarquitectos.com\/noticias\/?p=5020#primaryimage"},"thumbnailUrl":"https:\/\/colegioarquitectos.com\/noticias\/wp-content\/uploads\/2014\/02\/IDE1.jpg","datePublished":"2014-02-24T13:19:54+00:00","dateModified":"2014-02-27T13:21:25+00:00","breadcrumb":{"@id":"https:\/\/colegioarquitectos.com\/noticias\/?p=5020#breadcrumb"},"inLanguage":"es","potentialAction":[{"@type":"ReadAction","target":["https:\/\/colegioarquitectos.com\/noticias\/?p=5020"]}]},{"@type":"ImageObject","inLanguage":"es","@id":"https:\/\/colegioarquitectos.com\/noticias\/?p=5020#primaryimage","url":"https:\/\/colegioarquitectos.com\/noticias\/wp-content\/uploads\/2014\/02\/IDE1.jpg","contentUrl":"https:\/\/colegioarquitectos.com\/noticias\/wp-content\/uploads\/2014\/02\/IDE1.jpg","width":690,"height":380},{"@type":"BreadcrumbList","@id":"https:\/\/colegioarquitectos.com\/noticias\/?p=5020#breadcrumb","itemListElement":[{"@type":"ListItem","position":1,"name":"Portada","item":"https:\/\/colegioarquitectos.com\/noticias"},{"@type":"ListItem","position":2,"name":"Mapas IDE: Informaci\u00f3n territorial para la toma de decisiones"}]},{"@type":"WebSite","@id":"https:\/\/colegioarquitectos.com\/noticias\/#website","url":"https:\/\/colegioarquitectos.com\/noticias\/","name":"COLEGIO DE ARQUITECTOS DE CHILE","description":"","publisher":{"@id":"https:\/\/colegioarquitectos.com\/noticias\/#organization"},"potentialAction":[{"@type":"SearchAction","target":{"@type":"EntryPoint","urlTemplate":"https:\/\/colegioarquitectos.com\/noticias\/?s={search_term_string}"},"query-input":{"@type":"PropertyValueSpecification","valueRequired":true,"valueName":"search_term_string"}}],"inLanguage":"es"},{"@type":"Organization","@id":"https:\/\/colegioarquitectos.com\/noticias\/#organization","name":"COLEGIO DE ARQUITECTOS DE CHILE","url":"https:\/\/colegioarquitectos.com\/noticias\/","logo":{"@type":"ImageObject","inLanguage":"es","@id":"https:\/\/colegioarquitectos.com\/noticias\/#\/schema\/logo\/image\/","url":"https:\/\/colegioarquitectos.com\/noticias\/wp-content\/uploads\/2021\/05\/ENCABEZADO-LOGO-CA.jpg","contentUrl":"https:\/\/colegioarquitectos.com\/noticias\/wp-content\/uploads\/2021\/05\/ENCABEZADO-LOGO-CA.jpg","width":690,"height":350,"caption":"COLEGIO DE ARQUITECTOS DE CHILE"},"image":{"@id":"https:\/\/colegioarquitectos.com\/noticias\/#\/schema\/logo\/image\/"},"sameAs":["https:\/\/facebook.com\/Colegioarq\/","https:\/\/x.com\/colegioarq","https:\/\/instagram.com\/colegioarq","https:\/\/youtube.com\/@ColegiodeArquitectosdeChile"]},{"@type":"Person","@id":"https:\/\/colegioarquitectos.com\/noticias\/#\/schema\/person\/b6c7e912cd1283c089114093ed09741f","name":"Gabriel Salgado S.","url":"https:\/\/colegioarquitectos.com\/noticias\/?author=1"}]}},"_links":{"self":[{"href":"https:\/\/colegioarquitectos.com\/noticias\/index.php?rest_route=\/wp\/v2\/posts\/5020","targetHints":{"allow":["GET"]}}],"collection":[{"href":"https:\/\/colegioarquitectos.com\/noticias\/index.php?rest_route=\/wp\/v2\/posts"}],"about":[{"href":"https:\/\/colegioarquitectos.com\/noticias\/index.php?rest_route=\/wp\/v2\/types\/post"}],"author":[{"embeddable":true,"href":"https:\/\/colegioarquitectos.com\/noticias\/index.php?rest_route=\/wp\/v2\/users\/1"}],"replies":[{"embeddable":true,"href":"https:\/\/colegioarquitectos.com\/noticias\/index.php?rest_route=%2Fwp%2Fv2%2Fcomments&post=5020"}],"version-history":[{"count":0,"href":"https:\/\/colegioarquitectos.com\/noticias\/index.php?rest_route=\/wp\/v2\/posts\/5020\/revisions"}],"wp:featuredmedia":[{"embeddable":true,"href":"https:\/\/colegioarquitectos.com\/noticias\/index.php?rest_route=\/wp\/v2\/media\/5023"}],"wp:attachment":[{"href":"https:\/\/colegioarquitectos.com\/noticias\/index.php?rest_route=%2Fwp%2Fv2%2Fmedia&parent=5020"}],"wp:term":[{"taxonomy":"category","embeddable":true,"href":"https:\/\/colegioarquitectos.com\/noticias\/index.php?rest_route=%2Fwp%2Fv2%2Fcategories&post=5020"},{"taxonomy":"post_tag","embeddable":true,"href":"https:\/\/colegioarquitectos.com\/noticias\/index.php?rest_route=%2Fwp%2Fv2%2Ftags&post=5020"}],"curies":[{"name":"wp","href":"https:\/\/api.w.org\/{rel}","templated":true}]}}