
{"id":5024,"date":"2014-03-03T14:30:33","date_gmt":"2014-03-03T14:30:33","guid":{"rendered":"http:\/\/colegioarquitectos.com\/?p=5024"},"modified":"2014-03-12T12:45:34","modified_gmt":"2014-03-12T12:45:34","slug":"invitacion-mop-presentacion-libro-de-restauracion-arquitectonica","status":"publish","type":"post","link":"https:\/\/colegioarquitectos.com\/noticias\/?p=5024","title":{"rendered":"Direcci\u00f3n de Arquitectura lanza libro de restauraci\u00f3n Patrimonial"},"content":{"rendered":"<p><strong>\u00a0<i>La publicaci\u00f3n, de car\u00e1cter t\u00e9cnico, agrupa quince proyectos destacados a lo largo del pa\u00eds, recogiendo informaci\u00f3n arquitect\u00f3nica e hist\u00f3rica de cada infraestructura.<\/i><\/strong><\/p>\n<p><img loading=\"lazy\" decoding=\"async\" class=\"alignnone size-full wp-image-5050\" alt=\"unnamed\" src=\"http:\/\/colegioarquitectos.com\/noticias\/wp-content\/uploads\/2014\/03\/unnamed.jpg\" width=\"792\" height=\"620\" srcset=\"https:\/\/colegioarquitectos.com\/noticias\/wp-content\/uploads\/2014\/03\/unnamed.jpg 792w, https:\/\/colegioarquitectos.com\/noticias\/wp-content\/uploads\/2014\/03\/unnamed-300x234.jpg 300w\" sizes=\"auto, (max-width: 792px) 100vw, 792px\" \/><\/p>\n<p>El Departamento de Patrimonio de la Direcci\u00f3n de Arquitectura del MOP, lanz\u00f3 el libro \u201c15 Proyectos de Restauraci\u00f3n, Programa Puesta en Valor del Patrimonio\u201d. Este recopila las principales obras de restauraci\u00f3n a lo largo del pa\u00eds, que fueron seleccionadas por tratarse de ejemplos concretos a seguir, siendo un aporte en esta materia al entregar soluciones t\u00e9cnicas obtenidas en base a criterios de intervenci\u00f3n patrimonial.<\/p>\n<p>Para cada obra expuesta en esta publicaci\u00f3n, que fue lanzada en el Colegio de Arquitectos de Chile, se incluy\u00f3 informaci\u00f3n de contexto hist\u00f3rico y tambi\u00e9n una completa descripci\u00f3n de car\u00e1cter t\u00e9cnica, incluyendo planimetr\u00edas de las estructuras patrimoniales y el detalle de los proyectos de restauraci\u00f3n.<\/p>\n<p>Durante su intervenci\u00f3n en la ceremonia, el jefe del Departamento de Patrimonio Arquitect\u00f3nico, Alberto Anguita, destac\u00f3 el trabajo que la Direcci\u00f3n de Arquitectura del MOP ha realizado durante estos \u00faltimos a\u00f1os en materia de restauraci\u00f3n patrimonial, principalmente a trav\u00e9s del Programa Puesta en Valor del Patrimonio. Explic\u00f3 que gracias a esta iniciativa se ha creado \u201cuna mayor conciencia de las comunidades y de las autoridades, respecto del valor del patrimonio y de la responsabilidad que como sociedad tenemos con este pr\u00e9stamo de las generaciones\u00a0 futuras\u201d.<\/p>\n<p>Junto a ello, agradeci\u00f3 la disposici\u00f3n que han tenido los distintos organismos del Estado para llevar a cabo este trabajo de forma permanente, guiando el desarrollo de los proyectos en la forma correcta.<\/p>\n<p>Por su parte, el presidente del Colegio de Arquitectos, Sebasti\u00e1n Gray, considera que este libro \u201ces un texto did\u00e1ctico de gran valor t\u00e9cnico, pero al mismo tiempo es un documento hist\u00f3rico, presentado de tal manera que interesar\u00e1 a arquitectos, estudiantes y al p\u00fablico en general. Los Logros que se traducen en esta edici\u00f3n son de una conciencia ciudadana que es importante difundir, la conservaci\u00f3n del patrimonio, un elemento de identidad cultural\u201d.<\/p>\n<p>Finalmente la jefa del subdepartamento t\u00e9cnico de Patrimonio Arquitect\u00f3nico del Ministerio de Obras P\u00fablicas, Carolina Aguayo, destac\u00f3 que \u201cal revisar la bibliograf\u00eda existente nos percatamos que se trata del primer libro, elaborado por parte del Estado, hecho con esta diversidad de proyectos en materia de su patrimonio restaurado\u201d.<\/p>\n<p>Dentro de las obras consideradas en esta publicaci\u00f3n se encuentran el Muelle Salitrero Melbourne &amp; Clark (Antofagasta), la Iglesia del Ni\u00f1o Dios de Sotaqu\u00ed (Coquimbo), la Catedral Metropolitana de Santiago y el Palacio Braun Men\u00e9ndez (Magallanes). Todos proyectos que fueron incluidos en el programa Legado Bicentenario y algunos de los cuales ya se encuentran terminados.<\/p>\n<p>&nbsp;<\/p>\n<p><img loading=\"lazy\" decoding=\"async\" class=\"alignnone size-full wp-image-5025\" alt=\"librosrest\" src=\"http:\/\/colegioarquitectos.com\/noticias\/wp-content\/uploads\/2014\/03\/librosrest.jpg\" width=\"690\" height=\"345\" srcset=\"https:\/\/colegioarquitectos.com\/noticias\/wp-content\/uploads\/2014\/03\/librosrest.jpg 690w, https:\/\/colegioarquitectos.com\/noticias\/wp-content\/uploads\/2014\/03\/librosrest-300x150.jpg 300w\" sizes=\"auto, (max-width: 690px) 100vw, 690px\" \/><\/p>\n<p><\/p>","protected":false},"excerpt":{"rendered":"<p>\u00a0La publicaci\u00f3n, de car\u00e1cter t\u00e9cnico, agrupa quince proyectos destacados a lo largo del pa\u00eds, recogiendo informaci\u00f3n arquitect\u00f3nica e hist\u00f3rica de cada infraestructura. El Departamento de Patrimonio de la Direcci\u00f3n de Arquitectura del MOP, lanz\u00f3 el libro \u201c15 Proyectos de Restauraci\u00f3n, &hellip; <a class=\"more-link\" href=\"https:\/\/colegioarquitectos.com\/noticias\/?p=5024\">ver m\u00e1s<\/a><\/p>","protected":false},"author":1,"featured_media":0,"comment_status":"open","ping_status":"open","sticky":false,"template":"","format":"standard","meta":{"footnotes":""},"categories":[19],"tags":[],"class_list":["post-5024","post","type-post","status-publish","format-standard","hentry","category-actividades"],"yoast_head":"<!-- This site is optimized with the Yoast SEO plugin v24.2 - https:\/\/yoast.com\/wordpress\/plugins\/seo\/ -->\n<title>Direcci\u00f3n de Arquitectura lanza libro de restauraci\u00f3n Patrimonial - COLEGIO DE ARQUITECTOS DE CHILE<\/title>\n<meta name=\"robots\" content=\"index, follow, max-snippet:-1, max-image-preview:large, max-video-preview:-1\" \/>\n<link rel=\"canonical\" href=\"https:\/\/colegioarquitectos.com\/noticias\/?p=5024\" \/>\n<meta property=\"og:locale\" content=\"es_ES\" \/>\n<meta property=\"og:type\" content=\"article\" \/>\n<meta property=\"og:title\" content=\"Direcci\u00f3n de Arquitectura lanza libro de restauraci\u00f3n Patrimonial - COLEGIO DE ARQUITECTOS DE CHILE\" \/>\n<meta property=\"og:description\" content=\"\u00a0La publicaci\u00f3n, de car\u00e1cter t\u00e9cnico, agrupa quince proyectos destacados a lo largo del pa\u00eds, recogiendo informaci\u00f3n arquitect\u00f3nica e hist\u00f3rica de cada infraestructura. El Departamento de Patrimonio de la Direcci\u00f3n de Arquitectura del MOP, lanz\u00f3 el libro \u201c15 Proyectos de Restauraci\u00f3n, &hellip; ver m\u00e1s\" \/>\n<meta property=\"og:url\" content=\"https:\/\/colegioarquitectos.com\/noticias\/?p=5024\" \/>\n<meta property=\"og:site_name\" content=\"COLEGIO DE ARQUITECTOS DE CHILE\" \/>\n<meta property=\"article:publisher\" content=\"https:\/\/facebook.com\/Colegioarq\/\" \/>\n<meta property=\"article:published_time\" content=\"2014-03-03T14:30:33+00:00\" \/>\n<meta property=\"article:modified_time\" content=\"2014-03-12T12:45:34+00:00\" \/>\n<meta property=\"og:image\" content=\"https:\/\/colegioarquitectos.com\/noticias\/wp-content\/uploads\/2014\/03\/unnamed.jpg\" \/>\n\t<meta property=\"og:image:width\" content=\"792\" \/>\n\t<meta property=\"og:image:height\" content=\"620\" \/>\n\t<meta property=\"og:image:type\" content=\"image\/jpeg\" \/>\n<meta name=\"author\" content=\"Gabriel Salgado S.\" \/>\n<meta name=\"twitter:card\" content=\"summary_large_image\" \/>\n<meta name=\"twitter:creator\" content=\"@colegioarq\" \/>\n<meta name=\"twitter:site\" content=\"@colegioarq\" \/>\n<meta name=\"twitter:label1\" content=\"Escrito por\" \/>\n\t<meta name=\"twitter:data1\" content=\"Gabriel Salgado S.\" \/>\n\t<meta name=\"twitter:label2\" content=\"Tiempo de lectura\" \/>\n\t<meta name=\"twitter:data2\" content=\"2 minutos\" \/>\n<script type=\"application\/ld+json\" class=\"yoast-schema-graph\">{\"@context\":\"https:\/\/schema.org\",\"@graph\":[{\"@type\":\"Article\",\"@id\":\"https:\/\/colegioarquitectos.com\/noticias\/?p=5024#article\",\"isPartOf\":{\"@id\":\"https:\/\/colegioarquitectos.com\/noticias\/?p=5024\"},\"author\":{\"name\":\"Gabriel Salgado S.\",\"@id\":\"https:\/\/colegioarquitectos.com\/noticias\/#\/schema\/person\/b6c7e912cd1283c089114093ed09741f\"},\"headline\":\"Direcci\u00f3n de Arquitectura lanza libro de restauraci\u00f3n Patrimonial\",\"datePublished\":\"2014-03-03T14:30:33+00:00\",\"dateModified\":\"2014-03-12T12:45:34+00:00\",\"mainEntityOfPage\":{\"@id\":\"https:\/\/colegioarquitectos.com\/noticias\/?p=5024\"},\"wordCount\":477,\"commentCount\":3,\"publisher\":{\"@id\":\"https:\/\/colegioarquitectos.com\/noticias\/#organization\"},\"image\":{\"@id\":\"https:\/\/colegioarquitectos.com\/noticias\/?p=5024#primaryimage\"},\"thumbnailUrl\":\"http:\/\/colegioarquitectos.com\/noticias\/wp-content\/uploads\/2014\/03\/unnamed.jpg\",\"articleSection\":[\"Actividades\"],\"inLanguage\":\"es\",\"potentialAction\":[{\"@type\":\"CommentAction\",\"name\":\"Comment\",\"target\":[\"https:\/\/colegioarquitectos.com\/noticias\/?p=5024#respond\"]}]},{\"@type\":\"WebPage\",\"@id\":\"https:\/\/colegioarquitectos.com\/noticias\/?p=5024\",\"url\":\"https:\/\/colegioarquitectos.com\/noticias\/?p=5024\",\"name\":\"Direcci\u00f3n de Arquitectura lanza libro de restauraci\u00f3n Patrimonial - COLEGIO DE ARQUITECTOS DE CHILE\",\"isPartOf\":{\"@id\":\"https:\/\/colegioarquitectos.com\/noticias\/#website\"},\"primaryImageOfPage\":{\"@id\":\"https:\/\/colegioarquitectos.com\/noticias\/?p=5024#primaryimage\"},\"image\":{\"@id\":\"https:\/\/colegioarquitectos.com\/noticias\/?p=5024#primaryimage\"},\"thumbnailUrl\":\"http:\/\/colegioarquitectos.com\/noticias\/wp-content\/uploads\/2014\/03\/unnamed.jpg\",\"datePublished\":\"2014-03-03T14:30:33+00:00\",\"dateModified\":\"2014-03-12T12:45:34+00:00\",\"breadcrumb\":{\"@id\":\"https:\/\/colegioarquitectos.com\/noticias\/?p=5024#breadcrumb\"},\"inLanguage\":\"es\",\"potentialAction\":[{\"@type\":\"ReadAction\",\"target\":[\"https:\/\/colegioarquitectos.com\/noticias\/?p=5024\"]}]},{\"@type\":\"ImageObject\",\"inLanguage\":\"es\",\"@id\":\"https:\/\/colegioarquitectos.com\/noticias\/?p=5024#primaryimage\",\"url\":\"https:\/\/colegioarquitectos.com\/noticias\/wp-content\/uploads\/2014\/03\/unnamed.jpg\",\"contentUrl\":\"https:\/\/colegioarquitectos.com\/noticias\/wp-content\/uploads\/2014\/03\/unnamed.jpg\",\"width\":792,\"height\":620},{\"@type\":\"BreadcrumbList\",\"@id\":\"https:\/\/colegioarquitectos.com\/noticias\/?p=5024#breadcrumb\",\"itemListElement\":[{\"@type\":\"ListItem\",\"position\":1,\"name\":\"Portada\",\"item\":\"https:\/\/colegioarquitectos.com\/noticias\"},{\"@type\":\"ListItem\",\"position\":2,\"name\":\"Direcci\u00f3n de Arquitectura lanza libro de restauraci\u00f3n Patrimonial\"}]},{\"@type\":\"WebSite\",\"@id\":\"https:\/\/colegioarquitectos.com\/noticias\/#website\",\"url\":\"https:\/\/colegioarquitectos.com\/noticias\/\",\"name\":\"COLEGIO DE ARQUITECTOS DE CHILE\",\"description\":\"\",\"publisher\":{\"@id\":\"https:\/\/colegioarquitectos.com\/noticias\/#organization\"},\"potentialAction\":[{\"@type\":\"SearchAction\",\"target\":{\"@type\":\"EntryPoint\",\"urlTemplate\":\"https:\/\/colegioarquitectos.com\/noticias\/?s={search_term_string}\"},\"query-input\":{\"@type\":\"PropertyValueSpecification\",\"valueRequired\":true,\"valueName\":\"search_term_string\"}}],\"inLanguage\":\"es\"},{\"@type\":\"Organization\",\"@id\":\"https:\/\/colegioarquitectos.com\/noticias\/#organization\",\"name\":\"COLEGIO DE ARQUITECTOS DE CHILE\",\"url\":\"https:\/\/colegioarquitectos.com\/noticias\/\",\"logo\":{\"@type\":\"ImageObject\",\"inLanguage\":\"es\",\"@id\":\"https:\/\/colegioarquitectos.com\/noticias\/#\/schema\/logo\/image\/\",\"url\":\"https:\/\/colegioarquitectos.com\/noticias\/wp-content\/uploads\/2021\/05\/ENCABEZADO-LOGO-CA.jpg\",\"contentUrl\":\"https:\/\/colegioarquitectos.com\/noticias\/wp-content\/uploads\/2021\/05\/ENCABEZADO-LOGO-CA.jpg\",\"width\":690,\"height\":350,\"caption\":\"COLEGIO DE ARQUITECTOS DE CHILE\"},\"image\":{\"@id\":\"https:\/\/colegioarquitectos.com\/noticias\/#\/schema\/logo\/image\/\"},\"sameAs\":[\"https:\/\/facebook.com\/Colegioarq\/\",\"https:\/\/x.com\/colegioarq\",\"https:\/\/instagram.com\/colegioarq\",\"https:\/\/youtube.com\/@ColegiodeArquitectosdeChile\"]},{\"@type\":\"Person\",\"@id\":\"https:\/\/colegioarquitectos.com\/noticias\/#\/schema\/person\/b6c7e912cd1283c089114093ed09741f\",\"name\":\"Gabriel Salgado S.\",\"url\":\"https:\/\/colegioarquitectos.com\/noticias\/?author=1\"}]}<\/script>\n<!-- \/ Yoast SEO plugin. -->","yoast_head_json":{"title":"Direcci\u00f3n de Arquitectura lanza libro de restauraci\u00f3n Patrimonial - COLEGIO DE ARQUITECTOS DE CHILE","robots":{"index":"index","follow":"follow","max-snippet":"max-snippet:-1","max-image-preview":"max-image-preview:large","max-video-preview":"max-video-preview:-1"},"canonical":"https:\/\/colegioarquitectos.com\/noticias\/?p=5024","og_locale":"es_ES","og_type":"article","og_title":"Direcci\u00f3n de Arquitectura lanza libro de restauraci\u00f3n Patrimonial - COLEGIO DE ARQUITECTOS DE CHILE","og_description":"\u00a0La publicaci\u00f3n, de car\u00e1cter t\u00e9cnico, agrupa quince proyectos destacados a lo largo del pa\u00eds, recogiendo informaci\u00f3n arquitect\u00f3nica e hist\u00f3rica de cada infraestructura. El Departamento de Patrimonio de la Direcci\u00f3n de Arquitectura del MOP, lanz\u00f3 el libro \u201c15 Proyectos de Restauraci\u00f3n, &hellip; ver m\u00e1s","og_url":"https:\/\/colegioarquitectos.com\/noticias\/?p=5024","og_site_name":"COLEGIO DE ARQUITECTOS DE CHILE","article_publisher":"https:\/\/facebook.com\/Colegioarq\/","article_published_time":"2014-03-03T14:30:33+00:00","article_modified_time":"2014-03-12T12:45:34+00:00","og_image":[{"width":792,"height":620,"url":"https:\/\/colegioarquitectos.com\/noticias\/wp-content\/uploads\/2014\/03\/unnamed.jpg","type":"image\/jpeg"}],"author":"Gabriel Salgado S.","twitter_card":"summary_large_image","twitter_creator":"@colegioarq","twitter_site":"@colegioarq","twitter_misc":{"Escrito por":"Gabriel Salgado S.","Tiempo de lectura":"2 minutos"},"schema":{"@context":"https:\/\/schema.org","@graph":[{"@type":"Article","@id":"https:\/\/colegioarquitectos.com\/noticias\/?p=5024#article","isPartOf":{"@id":"https:\/\/colegioarquitectos.com\/noticias\/?p=5024"},"author":{"name":"Gabriel Salgado S.","@id":"https:\/\/colegioarquitectos.com\/noticias\/#\/schema\/person\/b6c7e912cd1283c089114093ed09741f"},"headline":"Direcci\u00f3n de Arquitectura lanza libro de restauraci\u00f3n Patrimonial","datePublished":"2014-03-03T14:30:33+00:00","dateModified":"2014-03-12T12:45:34+00:00","mainEntityOfPage":{"@id":"https:\/\/colegioarquitectos.com\/noticias\/?p=5024"},"wordCount":477,"commentCount":3,"publisher":{"@id":"https:\/\/colegioarquitectos.com\/noticias\/#organization"},"image":{"@id":"https:\/\/colegioarquitectos.com\/noticias\/?p=5024#primaryimage"},"thumbnailUrl":"http:\/\/colegioarquitectos.com\/noticias\/wp-content\/uploads\/2014\/03\/unnamed.jpg","articleSection":["Actividades"],"inLanguage":"es","potentialAction":[{"@type":"CommentAction","name":"Comment","target":["https:\/\/colegioarquitectos.com\/noticias\/?p=5024#respond"]}]},{"@type":"WebPage","@id":"https:\/\/colegioarquitectos.com\/noticias\/?p=5024","url":"https:\/\/colegioarquitectos.com\/noticias\/?p=5024","name":"Direcci\u00f3n de Arquitectura lanza libro de restauraci\u00f3n Patrimonial - COLEGIO DE ARQUITECTOS DE CHILE","isPartOf":{"@id":"https:\/\/colegioarquitectos.com\/noticias\/#website"},"primaryImageOfPage":{"@id":"https:\/\/colegioarquitectos.com\/noticias\/?p=5024#primaryimage"},"image":{"@id":"https:\/\/colegioarquitectos.com\/noticias\/?p=5024#primaryimage"},"thumbnailUrl":"http:\/\/colegioarquitectos.com\/noticias\/wp-content\/uploads\/2014\/03\/unnamed.jpg","datePublished":"2014-03-03T14:30:33+00:00","dateModified":"2014-03-12T12:45:34+00:00","breadcrumb":{"@id":"https:\/\/colegioarquitectos.com\/noticias\/?p=5024#breadcrumb"},"inLanguage":"es","potentialAction":[{"@type":"ReadAction","target":["https:\/\/colegioarquitectos.com\/noticias\/?p=5024"]}]},{"@type":"ImageObject","inLanguage":"es","@id":"https:\/\/colegioarquitectos.com\/noticias\/?p=5024#primaryimage","url":"https:\/\/colegioarquitectos.com\/noticias\/wp-content\/uploads\/2014\/03\/unnamed.jpg","contentUrl":"https:\/\/colegioarquitectos.com\/noticias\/wp-content\/uploads\/2014\/03\/unnamed.jpg","width":792,"height":620},{"@type":"BreadcrumbList","@id":"https:\/\/colegioarquitectos.com\/noticias\/?p=5024#breadcrumb","itemListElement":[{"@type":"ListItem","position":1,"name":"Portada","item":"https:\/\/colegioarquitectos.com\/noticias"},{"@type":"ListItem","position":2,"name":"Direcci\u00f3n de Arquitectura lanza libro de restauraci\u00f3n Patrimonial"}]},{"@type":"WebSite","@id":"https:\/\/colegioarquitectos.com\/noticias\/#website","url":"https:\/\/colegioarquitectos.com\/noticias\/","name":"COLEGIO DE ARQUITECTOS DE CHILE","description":"","publisher":{"@id":"https:\/\/colegioarquitectos.com\/noticias\/#organization"},"potentialAction":[{"@type":"SearchAction","target":{"@type":"EntryPoint","urlTemplate":"https:\/\/colegioarquitectos.com\/noticias\/?s={search_term_string}"},"query-input":{"@type":"PropertyValueSpecification","valueRequired":true,"valueName":"search_term_string"}}],"inLanguage":"es"},{"@type":"Organization","@id":"https:\/\/colegioarquitectos.com\/noticias\/#organization","name":"COLEGIO DE ARQUITECTOS DE CHILE","url":"https:\/\/colegioarquitectos.com\/noticias\/","logo":{"@type":"ImageObject","inLanguage":"es","@id":"https:\/\/colegioarquitectos.com\/noticias\/#\/schema\/logo\/image\/","url":"https:\/\/colegioarquitectos.com\/noticias\/wp-content\/uploads\/2021\/05\/ENCABEZADO-LOGO-CA.jpg","contentUrl":"https:\/\/colegioarquitectos.com\/noticias\/wp-content\/uploads\/2021\/05\/ENCABEZADO-LOGO-CA.jpg","width":690,"height":350,"caption":"COLEGIO DE ARQUITECTOS DE CHILE"},"image":{"@id":"https:\/\/colegioarquitectos.com\/noticias\/#\/schema\/logo\/image\/"},"sameAs":["https:\/\/facebook.com\/Colegioarq\/","https:\/\/x.com\/colegioarq","https:\/\/instagram.com\/colegioarq","https:\/\/youtube.com\/@ColegiodeArquitectosdeChile"]},{"@type":"Person","@id":"https:\/\/colegioarquitectos.com\/noticias\/#\/schema\/person\/b6c7e912cd1283c089114093ed09741f","name":"Gabriel Salgado S.","url":"https:\/\/colegioarquitectos.com\/noticias\/?author=1"}]}},"_links":{"self":[{"href":"https:\/\/colegioarquitectos.com\/noticias\/index.php?rest_route=\/wp\/v2\/posts\/5024","targetHints":{"allow":["GET"]}}],"collection":[{"href":"https:\/\/colegioarquitectos.com\/noticias\/index.php?rest_route=\/wp\/v2\/posts"}],"about":[{"href":"https:\/\/colegioarquitectos.com\/noticias\/index.php?rest_route=\/wp\/v2\/types\/post"}],"author":[{"embeddable":true,"href":"https:\/\/colegioarquitectos.com\/noticias\/index.php?rest_route=\/wp\/v2\/users\/1"}],"replies":[{"embeddable":true,"href":"https:\/\/colegioarquitectos.com\/noticias\/index.php?rest_route=%2Fwp%2Fv2%2Fcomments&post=5024"}],"version-history":[{"count":0,"href":"https:\/\/colegioarquitectos.com\/noticias\/index.php?rest_route=\/wp\/v2\/posts\/5024\/revisions"}],"wp:attachment":[{"href":"https:\/\/colegioarquitectos.com\/noticias\/index.php?rest_route=%2Fwp%2Fv2%2Fmedia&parent=5024"}],"wp:term":[{"taxonomy":"category","embeddable":true,"href":"https:\/\/colegioarquitectos.com\/noticias\/index.php?rest_route=%2Fwp%2Fv2%2Fcategories&post=5024"},{"taxonomy":"post_tag","embeddable":true,"href":"https:\/\/colegioarquitectos.com\/noticias\/index.php?rest_route=%2Fwp%2Fv2%2Ftags&post=5024"}],"curies":[{"name":"wp","href":"https:\/\/api.w.org\/{rel}","templated":true}]}}