
{"id":5037,"date":"2014-07-28T09:21:32","date_gmt":"2014-07-28T09:21:32","guid":{"rendered":"http:\/\/colegioarquitectos.com\/?p=5037"},"modified":"2014-07-28T16:18:52","modified_gmt":"2014-07-28T16:18:52","slug":"programa-radial-de-la-delegacion-chiloe","status":"publish","type":"post","link":"https:\/\/colegioarquitectos.com\/noticias\/?p=5037","title":{"rendered":"A donde V\u00e1s Chilo\u00e9"},"content":{"rendered":"<p>Informamos, que a partir de la versi\u00f3n N\u00b0 20, de nuestro programa de radio<strong>\u00a0 \u201cADONDE VAS CHILO\u00c9, un espacio del Colegio de Arquitectos<\/strong>\u201d, realizada el jueves 17 de julio de 2014 y que cada jueves es transmitido por \u201cRadio Imagen\u201d de Castro y por el \u201cConsorcio Radial Chilo\u00e9\u201d para toda la provincia de nuestro archipi\u00e9lago, ser\u00e1 transmitido por los canales de televisi\u00f3n : CANAL 3 VTR para la ciudad de Castro y CANAL 45 TELEF\u00d3NICA DEL SUR, con cobertura desde Concepci\u00f3n a Coyhaique.<\/p>\n<p>El programa ser\u00e1 transmitido por estos canales de televisi\u00f3n en los siguientes horarios: cada martes a las 23.00 hrs y cada mi\u00e9rcoles a las 15.00 hrs.<\/p>\n<p>Esperamos puedan acompa\u00f1arnos en esta cruzada que realizamos desde Chilo\u00e9 al\u00a0 mundo.<\/p>\n<p><a href=\"http:\/\/www.imagenfm.cl\">www.imagenfm.cl<\/a><\/p>\n<p>&nbsp;<\/p>\n<p>&nbsp;<\/p>\n<p>N\u00b05 del programa \u00abADONDE VAS CHILO\u00c9, un espacio del Colegio de Arquitectos\u00bb, para conocimiento y disfusi\u00f3n.<\/p>\n<p>&nbsp;<\/p>\n<p><!--more--><\/p>\n<p><iframe loading=\"lazy\" width=\"690\" height=\"400\" scrolling=\"no\" frameborder=\"no\" src=\"https:\/\/w.soundcloud.com\/player\/?visual=true&#038;url=http%3A%2F%2Fapi.soundcloud.com%2Ftracks%2F143579348&#038;show_artwork=true&#038;maxwidth=690&#038;maxheight=1000\"><\/iframe><\/p>\n<p>&#8212;&#8212;&#8212;&#8212;&#8212;&#8212;&#8212;&#8212;&#8212;&#8212;&#8212;&#8212;&#8212;&#8212;&#8212;&#8212;&#8212;&#8212;&#8212;&#8212;&#8212;&#8212;&#8212;&#8212;&#8212;&#8212;&#8212;&#8212;&#8212;&#8212;&#8212;&#8212;&#8212;&#8212;&#8212;&#8212;&#8212;&#8212;&#8211;<\/p>\n<p>El jueves\u00a0 27 \u00a0de marzo de 2014, \u00a0sali\u00f3 al aire en radio <a href=\"http:\/\/www.imagenfm.cl\">www.imagenfm.cl<\/a> , la cuarta versi\u00f3n del\u00a0 programa <i>: \u00a0<span style=\"text-decoration: underline;\">\u201cADONDE VAS CHILO\u00c9, un espacio del Colegio de Arquitectos\u201d<\/span><\/i><\/p>\n<p>El programa cont\u00f3 con la presencia de la arquitecta Paula Bastias, directora de la Delegaci\u00f3n Chilo\u00e9 para la ciudad de Ancud. Con Juan Fernando Ya\u00f1ez, arquitecto \u2013 locutor de nuestra delegaci\u00f3n, analizaron el desarrollo de la comuna de Ancud\u2026.puente sobre el canal de Chacao, incluido.<\/p>\n<p><iframe loading=\"lazy\" width=\"690\" height=\"400\" scrolling=\"no\" frameborder=\"no\" src=\"https:\/\/w.soundcloud.com\/player\/?visual=true&#038;url=http%3A%2F%2Fapi.soundcloud.com%2Ftracks%2F142906687&#038;show_artwork=true&#038;maxwidth=690&#038;maxheight=1000\"><\/iframe><\/p>\n<p>&#8212;&#8212;&#8212;&#8212;&#8212;&#8212;&#8212;&#8212;&#8212;&#8212;&#8212;&#8212;&#8212;&#8212;&#8212;&#8212;&#8212;&#8212;&#8212;&#8212;&#8212;&#8212;&#8212;&#8212;&#8212;&#8212;&#8212;&#8212;&#8212;&#8212;&#8212;&#8212;&#8212;&#8212;&#8212;&#8212;&#8212;&#8212;&#8211;<\/p>\n<p>El jueves\u00a0 20 \u00a0de marzo de 2014, \u00a0sali\u00f3 al aire en radio <a href=\"http:\/\/www.imagenfm.cl\">www.imagenfm.cl<\/a> , la tercera versi\u00f3n del\u00a0 programa <i>: <span style=\"text-decoration: underline;\">\u201cADONDE VAS CHILO\u00c9, un espacio del Colegio de Arquitectos\u201d<\/span><\/i><\/p>\n<p>El programa cont\u00f3 con la presencia del ge\u00f3grafo \u00c1lvaro Monta\u00f1a Soto del \u201cCentro de Estudios y Conservaci\u00f3n del Patrimonio Cultural\u201d (CECPAN) mail: <a href=\"mailto:amontana@cecpan.org\">amontana@cecpan.org<\/a> , quien expuso el impacto de los Parques E\u00f3licos que se construyen en la Isla Grande.<\/p>\n<p>https:\/\/soundcloud.com\/eventos\/a-donde-vas-chiloe-3-parque<\/p>\n<p>&#8212;&#8212;&#8212;&#8212;&#8212;&#8212;&#8212;&#8212;&#8212;&#8212;&#8212;&#8212;&#8212;&#8212;&#8212;&#8212;&#8212;&#8212;&#8212;&#8212;&#8212;&#8212;&#8212;&#8212;&#8212;&#8212;&#8212;&#8212;&#8212;&#8212;&#8212;&#8212;&#8212;&#8212;&#8212;&#8212;&#8212;&#8212;&#8212;<\/p>\n<p>13\u00a0 de marzo de 2014, a las 19.00 hrs, sali\u00f3 al aire en radio <a href=\"http:\/\/www.imagenfm.cl\">www.imagenfm.cl<\/a> , la segunda versi\u00f3n del\u00a0 programa <i>: <span style=\"text-decoration: underline;\">\u201cADONDE VAS CHILO\u00c9, un espacio del Colegio de Arquitectos\u201d<\/span><\/i><\/p>\n<p>El segundo programa cont\u00f3 con la presencia del arquitecto <strong>Sr. Edward Rojas Vega<\/strong>, quien expuso en brillante relato el pasado presente y futuro de los Palafitos en Chilo\u00e9, construcciones de gran valor para la arquitectura nacional.<\/p>\n<p>https:\/\/soundcloud.com\/eventos\/a-donde-vas-chiloe-programa-2<\/p>\n<p>&#8212;&#8212;&#8212;&#8212;&#8212;&#8212;&#8212;&#8212;&#8212;&#8212;&#8212;&#8212;&#8212;&#8212;&#8212;&#8212;&#8212;&#8212;&#8212;&#8212;&#8212;&#8212;&#8212;&#8212;&#8212;&#8212;&#8212;&#8212;&#8212;&#8212;&#8212;&#8212;&#8212;&#8212;&#8212;&#8212;&#8212;&#8212;&#8212;-<\/p>\n<p>Ayer, 6\u00a0 de marzo de 2014, a las 19.00 hrs, sali\u00f3 al aire en radio <a href=\"http:\/\/www.imagenfm.cl\">www.imagenfm.cl<\/a> , la primera versi\u00f3n del\u00a0 programa <i>: <span style=\"text-decoration: underline;\">\u201cADONDE VAS CHILO\u00c9, un espacio del Colegio de Arquitectos\u201d<\/span><\/i><\/p>\n<p>Por medio de este espacio radial pretendemos dar a conocer nuestro quehacer y pensamiento sobre el desarrollo del archipi\u00e9lago, con la estructura de un locutor\u00a0 (arquitecto <strong>Sr. Juan Fernando Ya\u00f1ez<\/strong>) y un invitado semanal conversaremos sobre temas de inter\u00e9s para los habitantes de Chilo\u00e9.<\/p>\n<p>El primer programa cont\u00f3 con la presencia del Presidente de la Delegaci\u00f3n, arquitecto <strong>Sr. Jorge Espinosa<\/strong>, quien en amena conversaci\u00f3n invit\u00f3 a arquitectos y ciudadanos,a escuchar y participar de esta nueva iniciativa de nuestra delegaci\u00f3n.<\/p>\n<p><img loading=\"lazy\" decoding=\"async\" class=\"alignnone size-full wp-image-5038\" src=\"http:\/\/colegioarquitectos.com\/noticias\/wp-content\/uploads\/2014\/03\/chiloe.jpg\" alt=\"chiloe\" width=\"450\" height=\"339\" srcset=\"https:\/\/colegioarquitectos.com\/noticias\/wp-content\/uploads\/2014\/03\/chiloe.jpg 450w, https:\/\/colegioarquitectos.com\/noticias\/wp-content\/uploads\/2014\/03\/chiloe-300x226.jpg 300w\" sizes=\"auto, (max-width: 450px) 100vw, 450px\" \/><\/p>\n<p>Invitamos a todos los arquitectos del pa\u00eds a participar de este espacio radial, cada jueves de 19.00 a 20.00 hrs, a trav\u00e9s de las redes sociales ( Twitter : @coarqchiloe ; Facebook : Coarq Chiloe ) y\/o\u00a0 a escucharlos en la se\u00f1al \u201con line\u201d de radio Imagen .<\/p>\n<p style=\"text-align: left;\" align=\"center\"><b>DELEGACI\u00d3N ZONAL CHILO\u00c9<\/b><\/p>\n<p style=\"text-align: left;\" align=\"center\"><b>COLEGIO DE ARQUITECTOS DE CHILE<\/b><\/p>\n<p><a href=\"mailto:arquitectoschilo\u00e9@gmail.com\"><b>arquitectoschilo\u00e9@gmail.com<\/b><\/a><\/p>\n<p><\/p>","protected":false},"excerpt":{"rendered":"<p>Informamos, que a partir de la versi\u00f3n N\u00b0 20, de nuestro programa de radio\u00a0 \u201cADONDE VAS CHILO\u00c9, un espacio del Colegio de Arquitectos\u201d, realizada el jueves 17 de julio de 2014 y que cada jueves es transmitido por \u201cRadio Imagen\u201d &hellip; <a class=\"more-link\" href=\"https:\/\/colegioarquitectos.com\/noticias\/?p=5037\">ver m\u00e1s<\/a><\/p>","protected":false},"author":1,"featured_media":5489,"comment_status":"open","ping_status":"open","sticky":false,"template":"","format":"standard","meta":{"footnotes":""},"categories":[10],"tags":[49],"class_list":["post-5037","post","type-post","status-publish","format-standard","has-post-thumbnail","hentry","category-delegaciones-zonales","tag-chiloe"],"yoast_head":"<!-- This site is optimized with the Yoast SEO plugin v24.2 - https:\/\/yoast.com\/wordpress\/plugins\/seo\/ -->\n<title>A donde V\u00e1s Chilo\u00e9  - COLEGIO DE ARQUITECTOS DE CHILE<\/title>\n<meta name=\"robots\" content=\"index, follow, max-snippet:-1, max-image-preview:large, max-video-preview:-1\" \/>\n<link rel=\"canonical\" href=\"https:\/\/colegioarquitectos.com\/noticias\/?p=5037\" \/>\n<meta property=\"og:locale\" content=\"es_ES\" \/>\n<meta property=\"og:type\" content=\"article\" \/>\n<meta property=\"og:title\" content=\"A donde V\u00e1s Chilo\u00e9  - COLEGIO DE ARQUITECTOS DE CHILE\" \/>\n<meta property=\"og:description\" content=\"Informamos, que a partir de la versi\u00f3n N\u00b0 20, de nuestro programa de radio\u00a0 \u201cADONDE VAS CHILO\u00c9, un espacio del Colegio de Arquitectos\u201d, realizada el jueves 17 de julio de 2014 y que cada jueves es transmitido por \u201cRadio Imagen\u201d &hellip; ver m\u00e1s\" \/>\n<meta property=\"og:url\" content=\"https:\/\/colegioarquitectos.com\/noticias\/?p=5037\" \/>\n<meta property=\"og:site_name\" content=\"COLEGIO DE ARQUITECTOS DE CHILE\" \/>\n<meta property=\"article:publisher\" content=\"https:\/\/facebook.com\/Colegioarq\/\" \/>\n<meta property=\"article:published_time\" content=\"2014-07-28T09:21:32+00:00\" \/>\n<meta property=\"article:modified_time\" content=\"2014-07-28T16:18:52+00:00\" \/>\n<meta property=\"og:image\" content=\"https:\/\/colegioarquitectos.com\/noticias\/wp-content\/uploads\/2014\/07\/destacadochiloe.jpg\" \/>\n\t<meta property=\"og:image:width\" content=\"688\" \/>\n\t<meta property=\"og:image:height\" content=\"348\" \/>\n\t<meta property=\"og:image:type\" content=\"image\/jpeg\" \/>\n<meta name=\"author\" content=\"Gabriel Salgado S.\" \/>\n<meta name=\"twitter:card\" content=\"summary_large_image\" \/>\n<meta name=\"twitter:creator\" content=\"@colegioarq\" \/>\n<meta name=\"twitter:site\" content=\"@colegioarq\" \/>\n<meta name=\"twitter:label1\" content=\"Escrito por\" \/>\n\t<meta name=\"twitter:data1\" content=\"Gabriel Salgado S.\" \/>\n\t<meta name=\"twitter:label2\" content=\"Tiempo de lectura\" \/>\n\t<meta name=\"twitter:data2\" content=\"3 minutos\" \/>\n<script type=\"application\/ld+json\" class=\"yoast-schema-graph\">{\"@context\":\"https:\/\/schema.org\",\"@graph\":[{\"@type\":\"Article\",\"@id\":\"https:\/\/colegioarquitectos.com\/noticias\/?p=5037#article\",\"isPartOf\":{\"@id\":\"https:\/\/colegioarquitectos.com\/noticias\/?p=5037\"},\"author\":{\"name\":\"Gabriel Salgado S.\",\"@id\":\"https:\/\/colegioarquitectos.com\/noticias\/#\/schema\/person\/b6c7e912cd1283c089114093ed09741f\"},\"headline\":\"A donde V\u00e1s Chilo\u00e9\",\"datePublished\":\"2014-07-28T09:21:32+00:00\",\"dateModified\":\"2014-07-28T16:18:52+00:00\",\"mainEntityOfPage\":{\"@id\":\"https:\/\/colegioarquitectos.com\/noticias\/?p=5037\"},\"wordCount\":561,\"commentCount\":0,\"publisher\":{\"@id\":\"https:\/\/colegioarquitectos.com\/noticias\/#organization\"},\"image\":{\"@id\":\"https:\/\/colegioarquitectos.com\/noticias\/?p=5037#primaryimage\"},\"thumbnailUrl\":\"https:\/\/colegioarquitectos.com\/noticias\/wp-content\/uploads\/2014\/07\/destacadochiloe.jpg\",\"keywords\":[\"chiloe\"],\"articleSection\":[\"Delegaciones\"],\"inLanguage\":\"es\",\"potentialAction\":[{\"@type\":\"CommentAction\",\"name\":\"Comment\",\"target\":[\"https:\/\/colegioarquitectos.com\/noticias\/?p=5037#respond\"]}]},{\"@type\":\"WebPage\",\"@id\":\"https:\/\/colegioarquitectos.com\/noticias\/?p=5037\",\"url\":\"https:\/\/colegioarquitectos.com\/noticias\/?p=5037\",\"name\":\"A donde V\u00e1s Chilo\u00e9 - COLEGIO DE ARQUITECTOS DE CHILE\",\"isPartOf\":{\"@id\":\"https:\/\/colegioarquitectos.com\/noticias\/#website\"},\"primaryImageOfPage\":{\"@id\":\"https:\/\/colegioarquitectos.com\/noticias\/?p=5037#primaryimage\"},\"image\":{\"@id\":\"https:\/\/colegioarquitectos.com\/noticias\/?p=5037#primaryimage\"},\"thumbnailUrl\":\"https:\/\/colegioarquitectos.com\/noticias\/wp-content\/uploads\/2014\/07\/destacadochiloe.jpg\",\"datePublished\":\"2014-07-28T09:21:32+00:00\",\"dateModified\":\"2014-07-28T16:18:52+00:00\",\"breadcrumb\":{\"@id\":\"https:\/\/colegioarquitectos.com\/noticias\/?p=5037#breadcrumb\"},\"inLanguage\":\"es\",\"potentialAction\":[{\"@type\":\"ReadAction\",\"target\":[\"https:\/\/colegioarquitectos.com\/noticias\/?p=5037\"]}]},{\"@type\":\"ImageObject\",\"inLanguage\":\"es\",\"@id\":\"https:\/\/colegioarquitectos.com\/noticias\/?p=5037#primaryimage\",\"url\":\"https:\/\/colegioarquitectos.com\/noticias\/wp-content\/uploads\/2014\/07\/destacadochiloe.jpg\",\"contentUrl\":\"https:\/\/colegioarquitectos.com\/noticias\/wp-content\/uploads\/2014\/07\/destacadochiloe.jpg\",\"width\":688,\"height\":348},{\"@type\":\"BreadcrumbList\",\"@id\":\"https:\/\/colegioarquitectos.com\/noticias\/?p=5037#breadcrumb\",\"itemListElement\":[{\"@type\":\"ListItem\",\"position\":1,\"name\":\"Portada\",\"item\":\"https:\/\/colegioarquitectos.com\/noticias\"},{\"@type\":\"ListItem\",\"position\":2,\"name\":\"A donde V\u00e1s Chilo\u00e9\"}]},{\"@type\":\"WebSite\",\"@id\":\"https:\/\/colegioarquitectos.com\/noticias\/#website\",\"url\":\"https:\/\/colegioarquitectos.com\/noticias\/\",\"name\":\"COLEGIO DE ARQUITECTOS DE CHILE\",\"description\":\"\",\"publisher\":{\"@id\":\"https:\/\/colegioarquitectos.com\/noticias\/#organization\"},\"potentialAction\":[{\"@type\":\"SearchAction\",\"target\":{\"@type\":\"EntryPoint\",\"urlTemplate\":\"https:\/\/colegioarquitectos.com\/noticias\/?s={search_term_string}\"},\"query-input\":{\"@type\":\"PropertyValueSpecification\",\"valueRequired\":true,\"valueName\":\"search_term_string\"}}],\"inLanguage\":\"es\"},{\"@type\":\"Organization\",\"@id\":\"https:\/\/colegioarquitectos.com\/noticias\/#organization\",\"name\":\"COLEGIO DE ARQUITECTOS DE CHILE\",\"url\":\"https:\/\/colegioarquitectos.com\/noticias\/\",\"logo\":{\"@type\":\"ImageObject\",\"inLanguage\":\"es\",\"@id\":\"https:\/\/colegioarquitectos.com\/noticias\/#\/schema\/logo\/image\/\",\"url\":\"https:\/\/colegioarquitectos.com\/noticias\/wp-content\/uploads\/2021\/05\/ENCABEZADO-LOGO-CA.jpg\",\"contentUrl\":\"https:\/\/colegioarquitectos.com\/noticias\/wp-content\/uploads\/2021\/05\/ENCABEZADO-LOGO-CA.jpg\",\"width\":690,\"height\":350,\"caption\":\"COLEGIO DE ARQUITECTOS DE CHILE\"},\"image\":{\"@id\":\"https:\/\/colegioarquitectos.com\/noticias\/#\/schema\/logo\/image\/\"},\"sameAs\":[\"https:\/\/facebook.com\/Colegioarq\/\",\"https:\/\/x.com\/colegioarq\",\"https:\/\/instagram.com\/colegioarq\",\"https:\/\/youtube.com\/@ColegiodeArquitectosdeChile\"]},{\"@type\":\"Person\",\"@id\":\"https:\/\/colegioarquitectos.com\/noticias\/#\/schema\/person\/b6c7e912cd1283c089114093ed09741f\",\"name\":\"Gabriel Salgado S.\",\"url\":\"https:\/\/colegioarquitectos.com\/noticias\/?author=1\"}]}<\/script>\n<!-- \/ Yoast SEO plugin. -->","yoast_head_json":{"title":"A donde V\u00e1s Chilo\u00e9  - COLEGIO DE ARQUITECTOS DE CHILE","robots":{"index":"index","follow":"follow","max-snippet":"max-snippet:-1","max-image-preview":"max-image-preview:large","max-video-preview":"max-video-preview:-1"},"canonical":"https:\/\/colegioarquitectos.com\/noticias\/?p=5037","og_locale":"es_ES","og_type":"article","og_title":"A donde V\u00e1s Chilo\u00e9  - COLEGIO DE ARQUITECTOS DE CHILE","og_description":"Informamos, que a partir de la versi\u00f3n N\u00b0 20, de nuestro programa de radio\u00a0 \u201cADONDE VAS CHILO\u00c9, un espacio del Colegio de Arquitectos\u201d, realizada el jueves 17 de julio de 2014 y que cada jueves es transmitido por \u201cRadio Imagen\u201d &hellip; ver m\u00e1s","og_url":"https:\/\/colegioarquitectos.com\/noticias\/?p=5037","og_site_name":"COLEGIO DE ARQUITECTOS DE CHILE","article_publisher":"https:\/\/facebook.com\/Colegioarq\/","article_published_time":"2014-07-28T09:21:32+00:00","article_modified_time":"2014-07-28T16:18:52+00:00","og_image":[{"width":688,"height":348,"url":"https:\/\/colegioarquitectos.com\/noticias\/wp-content\/uploads\/2014\/07\/destacadochiloe.jpg","type":"image\/jpeg"}],"author":"Gabriel Salgado S.","twitter_card":"summary_large_image","twitter_creator":"@colegioarq","twitter_site":"@colegioarq","twitter_misc":{"Escrito por":"Gabriel Salgado S.","Tiempo de lectura":"3 minutos"},"schema":{"@context":"https:\/\/schema.org","@graph":[{"@type":"Article","@id":"https:\/\/colegioarquitectos.com\/noticias\/?p=5037#article","isPartOf":{"@id":"https:\/\/colegioarquitectos.com\/noticias\/?p=5037"},"author":{"name":"Gabriel Salgado S.","@id":"https:\/\/colegioarquitectos.com\/noticias\/#\/schema\/person\/b6c7e912cd1283c089114093ed09741f"},"headline":"A donde V\u00e1s Chilo\u00e9","datePublished":"2014-07-28T09:21:32+00:00","dateModified":"2014-07-28T16:18:52+00:00","mainEntityOfPage":{"@id":"https:\/\/colegioarquitectos.com\/noticias\/?p=5037"},"wordCount":561,"commentCount":0,"publisher":{"@id":"https:\/\/colegioarquitectos.com\/noticias\/#organization"},"image":{"@id":"https:\/\/colegioarquitectos.com\/noticias\/?p=5037#primaryimage"},"thumbnailUrl":"https:\/\/colegioarquitectos.com\/noticias\/wp-content\/uploads\/2014\/07\/destacadochiloe.jpg","keywords":["chiloe"],"articleSection":["Delegaciones"],"inLanguage":"es","potentialAction":[{"@type":"CommentAction","name":"Comment","target":["https:\/\/colegioarquitectos.com\/noticias\/?p=5037#respond"]}]},{"@type":"WebPage","@id":"https:\/\/colegioarquitectos.com\/noticias\/?p=5037","url":"https:\/\/colegioarquitectos.com\/noticias\/?p=5037","name":"A donde V\u00e1s Chilo\u00e9 - COLEGIO DE ARQUITECTOS DE CHILE","isPartOf":{"@id":"https:\/\/colegioarquitectos.com\/noticias\/#website"},"primaryImageOfPage":{"@id":"https:\/\/colegioarquitectos.com\/noticias\/?p=5037#primaryimage"},"image":{"@id":"https:\/\/colegioarquitectos.com\/noticias\/?p=5037#primaryimage"},"thumbnailUrl":"https:\/\/colegioarquitectos.com\/noticias\/wp-content\/uploads\/2014\/07\/destacadochiloe.jpg","datePublished":"2014-07-28T09:21:32+00:00","dateModified":"2014-07-28T16:18:52+00:00","breadcrumb":{"@id":"https:\/\/colegioarquitectos.com\/noticias\/?p=5037#breadcrumb"},"inLanguage":"es","potentialAction":[{"@type":"ReadAction","target":["https:\/\/colegioarquitectos.com\/noticias\/?p=5037"]}]},{"@type":"ImageObject","inLanguage":"es","@id":"https:\/\/colegioarquitectos.com\/noticias\/?p=5037#primaryimage","url":"https:\/\/colegioarquitectos.com\/noticias\/wp-content\/uploads\/2014\/07\/destacadochiloe.jpg","contentUrl":"https:\/\/colegioarquitectos.com\/noticias\/wp-content\/uploads\/2014\/07\/destacadochiloe.jpg","width":688,"height":348},{"@type":"BreadcrumbList","@id":"https:\/\/colegioarquitectos.com\/noticias\/?p=5037#breadcrumb","itemListElement":[{"@type":"ListItem","position":1,"name":"Portada","item":"https:\/\/colegioarquitectos.com\/noticias"},{"@type":"ListItem","position":2,"name":"A donde V\u00e1s Chilo\u00e9"}]},{"@type":"WebSite","@id":"https:\/\/colegioarquitectos.com\/noticias\/#website","url":"https:\/\/colegioarquitectos.com\/noticias\/","name":"COLEGIO DE ARQUITECTOS DE CHILE","description":"","publisher":{"@id":"https:\/\/colegioarquitectos.com\/noticias\/#organization"},"potentialAction":[{"@type":"SearchAction","target":{"@type":"EntryPoint","urlTemplate":"https:\/\/colegioarquitectos.com\/noticias\/?s={search_term_string}"},"query-input":{"@type":"PropertyValueSpecification","valueRequired":true,"valueName":"search_term_string"}}],"inLanguage":"es"},{"@type":"Organization","@id":"https:\/\/colegioarquitectos.com\/noticias\/#organization","name":"COLEGIO DE ARQUITECTOS DE CHILE","url":"https:\/\/colegioarquitectos.com\/noticias\/","logo":{"@type":"ImageObject","inLanguage":"es","@id":"https:\/\/colegioarquitectos.com\/noticias\/#\/schema\/logo\/image\/","url":"https:\/\/colegioarquitectos.com\/noticias\/wp-content\/uploads\/2021\/05\/ENCABEZADO-LOGO-CA.jpg","contentUrl":"https:\/\/colegioarquitectos.com\/noticias\/wp-content\/uploads\/2021\/05\/ENCABEZADO-LOGO-CA.jpg","width":690,"height":350,"caption":"COLEGIO DE ARQUITECTOS DE CHILE"},"image":{"@id":"https:\/\/colegioarquitectos.com\/noticias\/#\/schema\/logo\/image\/"},"sameAs":["https:\/\/facebook.com\/Colegioarq\/","https:\/\/x.com\/colegioarq","https:\/\/instagram.com\/colegioarq","https:\/\/youtube.com\/@ColegiodeArquitectosdeChile"]},{"@type":"Person","@id":"https:\/\/colegioarquitectos.com\/noticias\/#\/schema\/person\/b6c7e912cd1283c089114093ed09741f","name":"Gabriel Salgado S.","url":"https:\/\/colegioarquitectos.com\/noticias\/?author=1"}]}},"_links":{"self":[{"href":"https:\/\/colegioarquitectos.com\/noticias\/index.php?rest_route=\/wp\/v2\/posts\/5037","targetHints":{"allow":["GET"]}}],"collection":[{"href":"https:\/\/colegioarquitectos.com\/noticias\/index.php?rest_route=\/wp\/v2\/posts"}],"about":[{"href":"https:\/\/colegioarquitectos.com\/noticias\/index.php?rest_route=\/wp\/v2\/types\/post"}],"author":[{"embeddable":true,"href":"https:\/\/colegioarquitectos.com\/noticias\/index.php?rest_route=\/wp\/v2\/users\/1"}],"replies":[{"embeddable":true,"href":"https:\/\/colegioarquitectos.com\/noticias\/index.php?rest_route=%2Fwp%2Fv2%2Fcomments&post=5037"}],"version-history":[{"count":0,"href":"https:\/\/colegioarquitectos.com\/noticias\/index.php?rest_route=\/wp\/v2\/posts\/5037\/revisions"}],"wp:featuredmedia":[{"embeddable":true,"href":"https:\/\/colegioarquitectos.com\/noticias\/index.php?rest_route=\/wp\/v2\/media\/5489"}],"wp:attachment":[{"href":"https:\/\/colegioarquitectos.com\/noticias\/index.php?rest_route=%2Fwp%2Fv2%2Fmedia&parent=5037"}],"wp:term":[{"taxonomy":"category","embeddable":true,"href":"https:\/\/colegioarquitectos.com\/noticias\/index.php?rest_route=%2Fwp%2Fv2%2Fcategories&post=5037"},{"taxonomy":"post_tag","embeddable":true,"href":"https:\/\/colegioarquitectos.com\/noticias\/index.php?rest_route=%2Fwp%2Fv2%2Ftags&post=5037"}],"curies":[{"name":"wp","href":"https:\/\/api.w.org\/{rel}","templated":true}]}}