
{"id":5106,"date":"2014-04-07T20:48:43","date_gmt":"2014-04-07T20:48:43","guid":{"rendered":"http:\/\/colegioarquitectos.com\/?p=5106"},"modified":"2014-04-07T20:48:43","modified_gmt":"2014-04-07T20:48:43","slug":"diplomado-en-diseno-y-gestion-de-proyectos-urbanos-sostenibles","status":"publish","type":"post","link":"https:\/\/colegioarquitectos.com\/noticias\/?p=5106","title":{"rendered":"DIPLOMADO EN DISE\u00d1O Y GESTI\u00d3N DE PROYECTOS URBANOS SOSTENIBLES."},"content":{"rendered":"<p>La Facultad de Arquitectura, Urbanismo y Geograf\u00eda de la Universidad de Concepci\u00f3n presenta, para el a\u00f1o 2014, el DIPLOMADO EN DISE\u00d1O Y GESTI\u00d3N DE PROYECTOS URBANOS SOSTENIBLES.<\/p>\n<p>El objetivo general del Diplomado se centra en desarrollar instancias conceptuales y metodol\u00f3gicas que permitan adquirir experiencias y<br \/>\nconocimientos respecto a la sostenibilidad urbana, el dise\u00f1o de proyectos urbanos sostenibles, la gesti\u00f3n de estos proyectos en el marco institucional actual y el desarrollo de habilidades para eltrabajo multidisciplinario que favorezcan el planteamiento de propuestas<br \/>\nde reactivaci\u00f3n urbana integrales en el marco regional.<\/p>\n<p>Con esta finalidad el Diplomado plantea el trabajo sobre un caso de estudio local bajo la modalidad de workshops, desde donde se desprenda<br \/>\nun an\u00e1lisis y posicionamiento f\u00edsico y administrativo frente a una problem\u00e1tica territorial actual.<\/p>\n<p>El programa considera 10 sesiones o jornadas de trabajo, las cuales se realizar\u00e1n viernes por medio durante un periodo de 6 meses. Las clases<br \/>\nte\u00f3ricas se dictan de 8:30 hrs. a 13:30 hrs y los workshops de trabajo pr\u00e1ctico de 15:00 &#8211; 20:00 hrs.<\/p>\n<p>En esta oportunidad los workshops se centrar\u00e1n en la construcci\u00f3n de bases conceptuales y metodol\u00f3gicas para el desarrollo de un \u00abPlan<br \/>\nEstrat\u00e9gico para la Reactivaci\u00f3n del Centro Urbano de Concepci\u00f3n\u00bb; ejercicio que ser\u00e1 sustentado con clases te\u00f3ricas ofrecidas por un<br \/>\namplio grupo de docentes y expertos en el rubro de la planificaci\u00f3n urbana.<\/p>\n<p>Para m\u00e1s informaciones, contactarse con el Programa de Formaci\u00f3n<br \/>\nPermanente UdeC <a href=\"mailto:formacionpermanente@udec.cl\" target=\"_blank\">formacionpermanente@udec.cl<\/a> , o con la Direcci\u00f3n del Diplomado a trav\u00e9s de <a href=\"mailto:diplomadourb@udec.cl\" target=\"_blank\">diplomadourb@udec.cl<\/a><\/p>\n<p>M\u00e1s antecedentes en:<br \/>\n<a href=\"http:\/\/www.formacionpermanente.udec.cl\/sites\/default\/files\/DIPLOMADO%20URBANISMO_2.pdf\" target=\"_blank\">http:\/\/www.formacionpermanente<wbr \/>.udec.cl\/sites\/default\/files\/<wbr \/>DIPLOMADO%20URBANISMO_2.pdf<\/a><\/p>\n<p><\/p>","protected":false},"excerpt":{"rendered":"<p>La Facultad de Arquitectura, Urbanismo y Geograf\u00eda de la Universidad de Concepci\u00f3n presenta, para el a\u00f1o 2014, el DIPLOMADO EN DISE\u00d1O Y GESTI\u00d3N DE PROYECTOS URBANOS SOSTENIBLES. El objetivo general del Diplomado se centra en desarrollar instancias conceptuales y metodol\u00f3gicas &hellip; <a class=\"more-link\" href=\"https:\/\/colegioarquitectos.com\/noticias\/?p=5106\">ver m\u00e1s<\/a><\/p>","protected":false},"author":1,"featured_media":5107,"comment_status":"open","ping_status":"open","sticky":false,"template":"","format":"standard","meta":{"footnotes":""},"categories":[19],"tags":[],"class_list":["post-5106","post","type-post","status-publish","format-standard","has-post-thumbnail","hentry","category-actividades"],"yoast_head":"<!-- This site is optimized with the Yoast SEO plugin v24.2 - https:\/\/yoast.com\/wordpress\/plugins\/seo\/ -->\n<title>DIPLOMADO EN DISE\u00d1O Y GESTI\u00d3N DE PROYECTOS URBANOS SOSTENIBLES. - COLEGIO DE ARQUITECTOS DE CHILE<\/title>\n<meta name=\"robots\" content=\"index, follow, max-snippet:-1, max-image-preview:large, max-video-preview:-1\" \/>\n<link rel=\"canonical\" href=\"https:\/\/colegioarquitectos.com\/noticias\/?p=5106\" \/>\n<meta property=\"og:locale\" content=\"es_ES\" \/>\n<meta property=\"og:type\" content=\"article\" \/>\n<meta property=\"og:title\" content=\"DIPLOMADO EN DISE\u00d1O Y GESTI\u00d3N DE PROYECTOS URBANOS SOSTENIBLES. - COLEGIO DE ARQUITECTOS DE CHILE\" \/>\n<meta property=\"og:description\" content=\"La Facultad de Arquitectura, Urbanismo y Geograf\u00eda de la Universidad de Concepci\u00f3n presenta, para el a\u00f1o 2014, el DIPLOMADO EN DISE\u00d1O Y GESTI\u00d3N DE PROYECTOS URBANOS SOSTENIBLES. El objetivo general del Diplomado se centra en desarrollar instancias conceptuales y metodol\u00f3gicas &hellip; ver m\u00e1s\" \/>\n<meta property=\"og:url\" content=\"https:\/\/colegioarquitectos.com\/noticias\/?p=5106\" \/>\n<meta property=\"og:site_name\" content=\"COLEGIO DE ARQUITECTOS DE CHILE\" \/>\n<meta property=\"article:publisher\" content=\"https:\/\/facebook.com\/Colegioarq\/\" \/>\n<meta property=\"article:published_time\" content=\"2014-04-07T20:48:43+00:00\" \/>\n<meta property=\"og:image\" content=\"https:\/\/colegioarquitectos.com\/noticias\/wp-content\/uploads\/2014\/04\/UCONCE.jpg\" \/>\n\t<meta property=\"og:image:width\" content=\"575\" \/>\n\t<meta property=\"og:image:height\" content=\"600\" \/>\n\t<meta property=\"og:image:type\" content=\"image\/jpeg\" \/>\n<meta name=\"author\" content=\"Gabriel Salgado S.\" \/>\n<meta name=\"twitter:card\" content=\"summary_large_image\" \/>\n<meta name=\"twitter:creator\" content=\"@colegioarq\" \/>\n<meta name=\"twitter:site\" content=\"@colegioarq\" \/>\n<meta name=\"twitter:label1\" content=\"Escrito por\" \/>\n\t<meta name=\"twitter:data1\" content=\"Gabriel Salgado S.\" \/>\n\t<meta name=\"twitter:label2\" content=\"Tiempo de lectura\" \/>\n\t<meta name=\"twitter:data2\" content=\"1 minuto\" \/>\n<script type=\"application\/ld+json\" class=\"yoast-schema-graph\">{\"@context\":\"https:\/\/schema.org\",\"@graph\":[{\"@type\":\"Article\",\"@id\":\"https:\/\/colegioarquitectos.com\/noticias\/?p=5106#article\",\"isPartOf\":{\"@id\":\"https:\/\/colegioarquitectos.com\/noticias\/?p=5106\"},\"author\":{\"name\":\"Gabriel Salgado S.\",\"@id\":\"https:\/\/colegioarquitectos.com\/noticias\/#\/schema\/person\/b6c7e912cd1283c089114093ed09741f\"},\"headline\":\"DIPLOMADO EN DISE\u00d1O Y GESTI\u00d3N DE PROYECTOS URBANOS SOSTENIBLES.\",\"datePublished\":\"2014-04-07T20:48:43+00:00\",\"dateModified\":\"2014-04-07T20:48:43+00:00\",\"mainEntityOfPage\":{\"@id\":\"https:\/\/colegioarquitectos.com\/noticias\/?p=5106\"},\"wordCount\":294,\"commentCount\":0,\"publisher\":{\"@id\":\"https:\/\/colegioarquitectos.com\/noticias\/#organization\"},\"image\":{\"@id\":\"https:\/\/colegioarquitectos.com\/noticias\/?p=5106#primaryimage\"},\"thumbnailUrl\":\"https:\/\/colegioarquitectos.com\/noticias\/wp-content\/uploads\/2014\/04\/UCONCE.jpg\",\"articleSection\":[\"Actividades\"],\"inLanguage\":\"es\",\"potentialAction\":[{\"@type\":\"CommentAction\",\"name\":\"Comment\",\"target\":[\"https:\/\/colegioarquitectos.com\/noticias\/?p=5106#respond\"]}]},{\"@type\":\"WebPage\",\"@id\":\"https:\/\/colegioarquitectos.com\/noticias\/?p=5106\",\"url\":\"https:\/\/colegioarquitectos.com\/noticias\/?p=5106\",\"name\":\"DIPLOMADO EN DISE\u00d1O Y GESTI\u00d3N DE PROYECTOS URBANOS SOSTENIBLES. - COLEGIO DE ARQUITECTOS DE CHILE\",\"isPartOf\":{\"@id\":\"https:\/\/colegioarquitectos.com\/noticias\/#website\"},\"primaryImageOfPage\":{\"@id\":\"https:\/\/colegioarquitectos.com\/noticias\/?p=5106#primaryimage\"},\"image\":{\"@id\":\"https:\/\/colegioarquitectos.com\/noticias\/?p=5106#primaryimage\"},\"thumbnailUrl\":\"https:\/\/colegioarquitectos.com\/noticias\/wp-content\/uploads\/2014\/04\/UCONCE.jpg\",\"datePublished\":\"2014-04-07T20:48:43+00:00\",\"dateModified\":\"2014-04-07T20:48:43+00:00\",\"breadcrumb\":{\"@id\":\"https:\/\/colegioarquitectos.com\/noticias\/?p=5106#breadcrumb\"},\"inLanguage\":\"es\",\"potentialAction\":[{\"@type\":\"ReadAction\",\"target\":[\"https:\/\/colegioarquitectos.com\/noticias\/?p=5106\"]}]},{\"@type\":\"ImageObject\",\"inLanguage\":\"es\",\"@id\":\"https:\/\/colegioarquitectos.com\/noticias\/?p=5106#primaryimage\",\"url\":\"https:\/\/colegioarquitectos.com\/noticias\/wp-content\/uploads\/2014\/04\/UCONCE.jpg\",\"contentUrl\":\"https:\/\/colegioarquitectos.com\/noticias\/wp-content\/uploads\/2014\/04\/UCONCE.jpg\",\"width\":575,\"height\":600},{\"@type\":\"BreadcrumbList\",\"@id\":\"https:\/\/colegioarquitectos.com\/noticias\/?p=5106#breadcrumb\",\"itemListElement\":[{\"@type\":\"ListItem\",\"position\":1,\"name\":\"Portada\",\"item\":\"https:\/\/colegioarquitectos.com\/noticias\"},{\"@type\":\"ListItem\",\"position\":2,\"name\":\"DIPLOMADO EN DISE\u00d1O Y GESTI\u00d3N DE PROYECTOS URBANOS SOSTENIBLES.\"}]},{\"@type\":\"WebSite\",\"@id\":\"https:\/\/colegioarquitectos.com\/noticias\/#website\",\"url\":\"https:\/\/colegioarquitectos.com\/noticias\/\",\"name\":\"COLEGIO DE ARQUITECTOS DE CHILE\",\"description\":\"\",\"publisher\":{\"@id\":\"https:\/\/colegioarquitectos.com\/noticias\/#organization\"},\"potentialAction\":[{\"@type\":\"SearchAction\",\"target\":{\"@type\":\"EntryPoint\",\"urlTemplate\":\"https:\/\/colegioarquitectos.com\/noticias\/?s={search_term_string}\"},\"query-input\":{\"@type\":\"PropertyValueSpecification\",\"valueRequired\":true,\"valueName\":\"search_term_string\"}}],\"inLanguage\":\"es\"},{\"@type\":\"Organization\",\"@id\":\"https:\/\/colegioarquitectos.com\/noticias\/#organization\",\"name\":\"COLEGIO DE ARQUITECTOS DE CHILE\",\"url\":\"https:\/\/colegioarquitectos.com\/noticias\/\",\"logo\":{\"@type\":\"ImageObject\",\"inLanguage\":\"es\",\"@id\":\"https:\/\/colegioarquitectos.com\/noticias\/#\/schema\/logo\/image\/\",\"url\":\"https:\/\/colegioarquitectos.com\/noticias\/wp-content\/uploads\/2021\/05\/ENCABEZADO-LOGO-CA.jpg\",\"contentUrl\":\"https:\/\/colegioarquitectos.com\/noticias\/wp-content\/uploads\/2021\/05\/ENCABEZADO-LOGO-CA.jpg\",\"width\":690,\"height\":350,\"caption\":\"COLEGIO DE ARQUITECTOS DE CHILE\"},\"image\":{\"@id\":\"https:\/\/colegioarquitectos.com\/noticias\/#\/schema\/logo\/image\/\"},\"sameAs\":[\"https:\/\/facebook.com\/Colegioarq\/\",\"https:\/\/x.com\/colegioarq\",\"https:\/\/instagram.com\/colegioarq\",\"https:\/\/youtube.com\/@ColegiodeArquitectosdeChile\"]},{\"@type\":\"Person\",\"@id\":\"https:\/\/colegioarquitectos.com\/noticias\/#\/schema\/person\/b6c7e912cd1283c089114093ed09741f\",\"name\":\"Gabriel Salgado S.\",\"url\":\"https:\/\/colegioarquitectos.com\/noticias\/?author=1\"}]}<\/script>\n<!-- \/ Yoast SEO plugin. -->","yoast_head_json":{"title":"DIPLOMADO EN DISE\u00d1O Y GESTI\u00d3N DE PROYECTOS URBANOS SOSTENIBLES. - COLEGIO DE ARQUITECTOS DE CHILE","robots":{"index":"index","follow":"follow","max-snippet":"max-snippet:-1","max-image-preview":"max-image-preview:large","max-video-preview":"max-video-preview:-1"},"canonical":"https:\/\/colegioarquitectos.com\/noticias\/?p=5106","og_locale":"es_ES","og_type":"article","og_title":"DIPLOMADO EN DISE\u00d1O Y GESTI\u00d3N DE PROYECTOS URBANOS SOSTENIBLES. - COLEGIO DE ARQUITECTOS DE CHILE","og_description":"La Facultad de Arquitectura, Urbanismo y Geograf\u00eda de la Universidad de Concepci\u00f3n presenta, para el a\u00f1o 2014, el DIPLOMADO EN DISE\u00d1O Y GESTI\u00d3N DE PROYECTOS URBANOS SOSTENIBLES. El objetivo general del Diplomado se centra en desarrollar instancias conceptuales y metodol\u00f3gicas &hellip; ver m\u00e1s","og_url":"https:\/\/colegioarquitectos.com\/noticias\/?p=5106","og_site_name":"COLEGIO DE ARQUITECTOS DE CHILE","article_publisher":"https:\/\/facebook.com\/Colegioarq\/","article_published_time":"2014-04-07T20:48:43+00:00","og_image":[{"width":575,"height":600,"url":"https:\/\/colegioarquitectos.com\/noticias\/wp-content\/uploads\/2014\/04\/UCONCE.jpg","type":"image\/jpeg"}],"author":"Gabriel Salgado S.","twitter_card":"summary_large_image","twitter_creator":"@colegioarq","twitter_site":"@colegioarq","twitter_misc":{"Escrito por":"Gabriel Salgado S.","Tiempo de lectura":"1 minuto"},"schema":{"@context":"https:\/\/schema.org","@graph":[{"@type":"Article","@id":"https:\/\/colegioarquitectos.com\/noticias\/?p=5106#article","isPartOf":{"@id":"https:\/\/colegioarquitectos.com\/noticias\/?p=5106"},"author":{"name":"Gabriel Salgado S.","@id":"https:\/\/colegioarquitectos.com\/noticias\/#\/schema\/person\/b6c7e912cd1283c089114093ed09741f"},"headline":"DIPLOMADO EN DISE\u00d1O Y GESTI\u00d3N DE PROYECTOS URBANOS SOSTENIBLES.","datePublished":"2014-04-07T20:48:43+00:00","dateModified":"2014-04-07T20:48:43+00:00","mainEntityOfPage":{"@id":"https:\/\/colegioarquitectos.com\/noticias\/?p=5106"},"wordCount":294,"commentCount":0,"publisher":{"@id":"https:\/\/colegioarquitectos.com\/noticias\/#organization"},"image":{"@id":"https:\/\/colegioarquitectos.com\/noticias\/?p=5106#primaryimage"},"thumbnailUrl":"https:\/\/colegioarquitectos.com\/noticias\/wp-content\/uploads\/2014\/04\/UCONCE.jpg","articleSection":["Actividades"],"inLanguage":"es","potentialAction":[{"@type":"CommentAction","name":"Comment","target":["https:\/\/colegioarquitectos.com\/noticias\/?p=5106#respond"]}]},{"@type":"WebPage","@id":"https:\/\/colegioarquitectos.com\/noticias\/?p=5106","url":"https:\/\/colegioarquitectos.com\/noticias\/?p=5106","name":"DIPLOMADO EN DISE\u00d1O Y GESTI\u00d3N DE PROYECTOS URBANOS SOSTENIBLES. - COLEGIO DE ARQUITECTOS DE CHILE","isPartOf":{"@id":"https:\/\/colegioarquitectos.com\/noticias\/#website"},"primaryImageOfPage":{"@id":"https:\/\/colegioarquitectos.com\/noticias\/?p=5106#primaryimage"},"image":{"@id":"https:\/\/colegioarquitectos.com\/noticias\/?p=5106#primaryimage"},"thumbnailUrl":"https:\/\/colegioarquitectos.com\/noticias\/wp-content\/uploads\/2014\/04\/UCONCE.jpg","datePublished":"2014-04-07T20:48:43+00:00","dateModified":"2014-04-07T20:48:43+00:00","breadcrumb":{"@id":"https:\/\/colegioarquitectos.com\/noticias\/?p=5106#breadcrumb"},"inLanguage":"es","potentialAction":[{"@type":"ReadAction","target":["https:\/\/colegioarquitectos.com\/noticias\/?p=5106"]}]},{"@type":"ImageObject","inLanguage":"es","@id":"https:\/\/colegioarquitectos.com\/noticias\/?p=5106#primaryimage","url":"https:\/\/colegioarquitectos.com\/noticias\/wp-content\/uploads\/2014\/04\/UCONCE.jpg","contentUrl":"https:\/\/colegioarquitectos.com\/noticias\/wp-content\/uploads\/2014\/04\/UCONCE.jpg","width":575,"height":600},{"@type":"BreadcrumbList","@id":"https:\/\/colegioarquitectos.com\/noticias\/?p=5106#breadcrumb","itemListElement":[{"@type":"ListItem","position":1,"name":"Portada","item":"https:\/\/colegioarquitectos.com\/noticias"},{"@type":"ListItem","position":2,"name":"DIPLOMADO EN DISE\u00d1O Y GESTI\u00d3N DE PROYECTOS URBANOS SOSTENIBLES."}]},{"@type":"WebSite","@id":"https:\/\/colegioarquitectos.com\/noticias\/#website","url":"https:\/\/colegioarquitectos.com\/noticias\/","name":"COLEGIO DE ARQUITECTOS DE CHILE","description":"","publisher":{"@id":"https:\/\/colegioarquitectos.com\/noticias\/#organization"},"potentialAction":[{"@type":"SearchAction","target":{"@type":"EntryPoint","urlTemplate":"https:\/\/colegioarquitectos.com\/noticias\/?s={search_term_string}"},"query-input":{"@type":"PropertyValueSpecification","valueRequired":true,"valueName":"search_term_string"}}],"inLanguage":"es"},{"@type":"Organization","@id":"https:\/\/colegioarquitectos.com\/noticias\/#organization","name":"COLEGIO DE ARQUITECTOS DE CHILE","url":"https:\/\/colegioarquitectos.com\/noticias\/","logo":{"@type":"ImageObject","inLanguage":"es","@id":"https:\/\/colegioarquitectos.com\/noticias\/#\/schema\/logo\/image\/","url":"https:\/\/colegioarquitectos.com\/noticias\/wp-content\/uploads\/2021\/05\/ENCABEZADO-LOGO-CA.jpg","contentUrl":"https:\/\/colegioarquitectos.com\/noticias\/wp-content\/uploads\/2021\/05\/ENCABEZADO-LOGO-CA.jpg","width":690,"height":350,"caption":"COLEGIO DE ARQUITECTOS DE CHILE"},"image":{"@id":"https:\/\/colegioarquitectos.com\/noticias\/#\/schema\/logo\/image\/"},"sameAs":["https:\/\/facebook.com\/Colegioarq\/","https:\/\/x.com\/colegioarq","https:\/\/instagram.com\/colegioarq","https:\/\/youtube.com\/@ColegiodeArquitectosdeChile"]},{"@type":"Person","@id":"https:\/\/colegioarquitectos.com\/noticias\/#\/schema\/person\/b6c7e912cd1283c089114093ed09741f","name":"Gabriel Salgado S.","url":"https:\/\/colegioarquitectos.com\/noticias\/?author=1"}]}},"_links":{"self":[{"href":"https:\/\/colegioarquitectos.com\/noticias\/index.php?rest_route=\/wp\/v2\/posts\/5106","targetHints":{"allow":["GET"]}}],"collection":[{"href":"https:\/\/colegioarquitectos.com\/noticias\/index.php?rest_route=\/wp\/v2\/posts"}],"about":[{"href":"https:\/\/colegioarquitectos.com\/noticias\/index.php?rest_route=\/wp\/v2\/types\/post"}],"author":[{"embeddable":true,"href":"https:\/\/colegioarquitectos.com\/noticias\/index.php?rest_route=\/wp\/v2\/users\/1"}],"replies":[{"embeddable":true,"href":"https:\/\/colegioarquitectos.com\/noticias\/index.php?rest_route=%2Fwp%2Fv2%2Fcomments&post=5106"}],"version-history":[{"count":0,"href":"https:\/\/colegioarquitectos.com\/noticias\/index.php?rest_route=\/wp\/v2\/posts\/5106\/revisions"}],"wp:featuredmedia":[{"embeddable":true,"href":"https:\/\/colegioarquitectos.com\/noticias\/index.php?rest_route=\/wp\/v2\/media\/5107"}],"wp:attachment":[{"href":"https:\/\/colegioarquitectos.com\/noticias\/index.php?rest_route=%2Fwp%2Fv2%2Fmedia&parent=5106"}],"wp:term":[{"taxonomy":"category","embeddable":true,"href":"https:\/\/colegioarquitectos.com\/noticias\/index.php?rest_route=%2Fwp%2Fv2%2Fcategories&post=5106"},{"taxonomy":"post_tag","embeddable":true,"href":"https:\/\/colegioarquitectos.com\/noticias\/index.php?rest_route=%2Fwp%2Fv2%2Ftags&post=5106"}],"curies":[{"name":"wp","href":"https:\/\/api.w.org\/{rel}","templated":true}]}}