
{"id":5109,"date":"2014-04-08T15:13:13","date_gmt":"2014-04-08T15:13:13","guid":{"rendered":"http:\/\/colegioarquitectos.com\/?p=5109"},"modified":"2014-04-08T15:13:13","modified_gmt":"2014-04-08T15:13:13","slug":"jose-rosas-fue-premiado-en-el-xi-concurso-de-investigacion","status":"publish","type":"post","link":"https:\/\/colegioarquitectos.com\/noticias\/?p=5109","title":{"rendered":"Jos\u00e9 Rosas fue premiado en el XI Concurso de Investigaci\u00f3n"},"content":{"rendered":"<p><b>Junto a otros 16 acad\u00e9micos de toda la Universidad el profesor Rosas y su equipo fueron reconocidos por su investigaci\u00f3n \u201cLa Iglesia en la ciudad II: Santiago de Chile y la transformaci\u00f3n de las manzana con edificios religiosos en monumentos, patrimonio urbano \u00a0y bienes culturales de la naci\u00f3n\u201d.<\/b><\/p>\n<p>Este viernes 28 de marzo, se llev\u00f3 a cabo la Premiaci\u00f3n del XI Concurso de Investigaci\u00f3n, realizado por la Direcci\u00f3n de Pastoral y Cultura Cristiana junto a la Vicerrector\u00eda de Investigaci\u00f3n de la UC. En esta oportunidad se reconoci\u00f3 el trabajo de 17 acad\u00e9micos y sus equipos, entre ellos Jos\u00e9 Rosas, que desde diversas disciplinas, desarrollar\u00e1n los proyectos ganadores. Con esta ceremonia, se quiso reconocer el esp\u00edritu inquieto de esta comunidad que se ha consagrado en la b\u00fasqueda de la verdad y el bien com\u00fan.<\/p>\n<p>Bajo el t\u00edtulo \u201cLa luz de la fe ensancha los horizontes de la raz\u00f3n\u201d, el concurso de este a\u00f1o ten\u00eda como objetivo incentivar a los acad\u00e9micos de la UC a que contribuyeran al desarrollo de todas las dimensiones del hombre, buscando la verdad, el bien com\u00fan y la belleza, en un camino de fe y raz\u00f3n. La d\u00e9cimo primera versi\u00f3n del Concurso de Investigaci\u00f3n recibi\u00f3 73 proyectos, de 16 facultades distintas y del Campus Villarrica, de los cuales el jurado seleccion\u00f3 17, que hoy fueron premiados.<\/p>\n<p>La ceremonia inici\u00f3 con una misa presidida por el padre Cristi\u00e1n Borgo\u00f1o, quien se\u00f1al\u00f3 en su pr\u00e9dica que \u201ces fundamental iniciar esta premiaci\u00f3n con la Santa Misa, ya que como acad\u00e9micos buscamos el di\u00e1logo entre la fe y la raz\u00f3n, y la Verdad est\u00e1 aqu\u00ed, en la Eucarist\u00eda\u201d.<\/p>\n<p>Luego, se realiz\u00f3 la premiaci\u00f3n en el Sal\u00f3n Portaluppi, de la Facultad de Derecho, donde asistieron los ganadores en conjunto a sus equipos de trabajo de las distintas investigaciones. Entre las autoridades presentes, se destaca la participaci\u00f3n del rector, Dr. Ignacio S\u00e1nchez; el Vice Gran Canciller, padre Cristi\u00e1n Roncagliolo; y el Vicerrector de Investigaci\u00f3n, Juan Larra\u00edn.<\/p>\n<p>En esta instancia, el Vicerrector de Investigaci\u00f3n se dirigi\u00f3 a los presentes\u00a0 se\u00f1alando que \u201ceste concurso es uno de los que nos produce m\u00e1s alegr\u00eda, ya que nos permite juntar de la mejor forma dos de nuestros grandes desaf\u00edos: primero, ser una Universidad de excelencia en investigaci\u00f3n; y segundo, este concurso nos permite dar respuesta a nuestra misi\u00f3n, que es contribuir a la Iglesia y a nuestra sociedad\u201d.<\/p>\n<p>Otro invitado destacado fue el profesor Rafael Vicu\u00f1a, profesor titular de la Facultad de Ciencias Biol\u00f3gicas de nuestra Casa de Estudios y, desde el 2009, miembro de la Pontificia Academia de las Ciencias. Con su testimonio acerca del continuo di\u00e1logo entre fe y raz\u00f3n en el quehacer universitario, el profesor Vicu\u00f1a se\u00f1al\u00f3 que \u201cno es nuestra ignorancia la que nos acerca a Dios, como err\u00f3neamente piensan muchos. Son precisamente nuestros limitados conocimientos los que nos llevan al asombro. Mientras m\u00e1s progresamos en ciencias, m\u00e1s nos maravillamos, es decir, adoptamos la actitud opuesta a la de los materialistas que se conforman con la explicaci\u00f3n cient\u00edfica\u201d. El profesor agreg\u00f3 que \u201cesta capacidad de asombro est\u00e1 relacionada con el argumento teleol\u00f3gico que cada vez lo encuentro m\u00e1s expedito como camino para llegar a una convicci\u00f3n sobre la existencia de Dios en medio de la raz\u00f3n\u201d.<\/p>\n<p>Los 17 galardonados recibieron la Cruz UC, la que fue entregada por el rector S\u00e1nchez, el padre Cristi\u00e1n Roncagliolo, y Juan Larra\u00edn.<\/p>\n<p><\/p>","protected":false},"excerpt":{"rendered":"<p>Junto a otros 16 acad\u00e9micos de toda la Universidad el profesor Rosas y su equipo fueron reconocidos por su investigaci\u00f3n \u201cLa Iglesia en la ciudad II: Santiago de Chile y la transformaci\u00f3n de las manzana con edificios religiosos en monumentos, &hellip; <a class=\"more-link\" href=\"https:\/\/colegioarquitectos.com\/noticias\/?p=5109\">ver m\u00e1s<\/a><\/p>","protected":false},"author":1,"featured_media":5110,"comment_status":"open","ping_status":"open","sticky":false,"template":"","format":"standard","meta":{"footnotes":""},"categories":[3],"tags":[],"class_list":["post-5109","post","type-post","status-publish","format-standard","has-post-thumbnail","hentry","category-noticias"],"yoast_head":"<!-- This site is optimized with the Yoast SEO plugin v24.2 - https:\/\/yoast.com\/wordpress\/plugins\/seo\/ -->\n<title>Jos\u00e9 Rosas fue premiado en el XI Concurso de Investigaci\u00f3n - COLEGIO DE ARQUITECTOS DE CHILE<\/title>\n<meta name=\"robots\" content=\"index, follow, max-snippet:-1, max-image-preview:large, max-video-preview:-1\" \/>\n<link rel=\"canonical\" href=\"https:\/\/colegioarquitectos.com\/noticias\/?p=5109\" \/>\n<meta property=\"og:locale\" content=\"es_ES\" \/>\n<meta property=\"og:type\" content=\"article\" \/>\n<meta property=\"og:title\" content=\"Jos\u00e9 Rosas fue premiado en el XI Concurso de Investigaci\u00f3n - COLEGIO DE ARQUITECTOS DE CHILE\" \/>\n<meta property=\"og:description\" content=\"Junto a otros 16 acad\u00e9micos de toda la Universidad el profesor Rosas y su equipo fueron reconocidos por su investigaci\u00f3n \u201cLa Iglesia en la ciudad II: Santiago de Chile y la transformaci\u00f3n de las manzana con edificios religiosos en monumentos, &hellip; ver m\u00e1s\" \/>\n<meta property=\"og:url\" content=\"https:\/\/colegioarquitectos.com\/noticias\/?p=5109\" \/>\n<meta property=\"og:site_name\" content=\"COLEGIO DE ARQUITECTOS DE CHILE\" \/>\n<meta property=\"article:publisher\" content=\"https:\/\/facebook.com\/Colegioarq\/\" \/>\n<meta property=\"article:published_time\" content=\"2014-04-08T15:13:13+00:00\" \/>\n<meta property=\"og:image\" content=\"https:\/\/colegioarquitectos.com\/noticias\/wp-content\/uploads\/2014\/04\/peperosas.jpg\" \/>\n\t<meta property=\"og:image:width\" content=\"690\" \/>\n\t<meta property=\"og:image:height\" content=\"460\" \/>\n\t<meta property=\"og:image:type\" content=\"image\/jpeg\" \/>\n<meta name=\"author\" content=\"Gabriel Salgado S.\" \/>\n<meta name=\"twitter:card\" content=\"summary_large_image\" \/>\n<meta name=\"twitter:creator\" content=\"@colegioarq\" \/>\n<meta name=\"twitter:site\" content=\"@colegioarq\" \/>\n<meta name=\"twitter:label1\" content=\"Escrito por\" \/>\n\t<meta name=\"twitter:data1\" content=\"Gabriel Salgado S.\" \/>\n\t<meta name=\"twitter:label2\" content=\"Tiempo de lectura\" \/>\n\t<meta name=\"twitter:data2\" content=\"3 minutos\" \/>\n<script type=\"application\/ld+json\" class=\"yoast-schema-graph\">{\"@context\":\"https:\/\/schema.org\",\"@graph\":[{\"@type\":\"Article\",\"@id\":\"https:\/\/colegioarquitectos.com\/noticias\/?p=5109#article\",\"isPartOf\":{\"@id\":\"https:\/\/colegioarquitectos.com\/noticias\/?p=5109\"},\"author\":{\"name\":\"Gabriel Salgado S.\",\"@id\":\"https:\/\/colegioarquitectos.com\/noticias\/#\/schema\/person\/b6c7e912cd1283c089114093ed09741f\"},\"headline\":\"Jos\u00e9 Rosas fue premiado en el XI Concurso de Investigaci\u00f3n\",\"datePublished\":\"2014-04-08T15:13:13+00:00\",\"dateModified\":\"2014-04-08T15:13:13+00:00\",\"mainEntityOfPage\":{\"@id\":\"https:\/\/colegioarquitectos.com\/noticias\/?p=5109\"},\"wordCount\":623,\"commentCount\":0,\"publisher\":{\"@id\":\"https:\/\/colegioarquitectos.com\/noticias\/#organization\"},\"image\":{\"@id\":\"https:\/\/colegioarquitectos.com\/noticias\/?p=5109#primaryimage\"},\"thumbnailUrl\":\"https:\/\/colegioarquitectos.com\/noticias\/wp-content\/uploads\/2014\/04\/peperosas.jpg\",\"articleSection\":[\"Noticias\"],\"inLanguage\":\"es\",\"potentialAction\":[{\"@type\":\"CommentAction\",\"name\":\"Comment\",\"target\":[\"https:\/\/colegioarquitectos.com\/noticias\/?p=5109#respond\"]}]},{\"@type\":\"WebPage\",\"@id\":\"https:\/\/colegioarquitectos.com\/noticias\/?p=5109\",\"url\":\"https:\/\/colegioarquitectos.com\/noticias\/?p=5109\",\"name\":\"Jos\u00e9 Rosas fue premiado en el XI Concurso de Investigaci\u00f3n - COLEGIO DE ARQUITECTOS DE CHILE\",\"isPartOf\":{\"@id\":\"https:\/\/colegioarquitectos.com\/noticias\/#website\"},\"primaryImageOfPage\":{\"@id\":\"https:\/\/colegioarquitectos.com\/noticias\/?p=5109#primaryimage\"},\"image\":{\"@id\":\"https:\/\/colegioarquitectos.com\/noticias\/?p=5109#primaryimage\"},\"thumbnailUrl\":\"https:\/\/colegioarquitectos.com\/noticias\/wp-content\/uploads\/2014\/04\/peperosas.jpg\",\"datePublished\":\"2014-04-08T15:13:13+00:00\",\"dateModified\":\"2014-04-08T15:13:13+00:00\",\"breadcrumb\":{\"@id\":\"https:\/\/colegioarquitectos.com\/noticias\/?p=5109#breadcrumb\"},\"inLanguage\":\"es\",\"potentialAction\":[{\"@type\":\"ReadAction\",\"target\":[\"https:\/\/colegioarquitectos.com\/noticias\/?p=5109\"]}]},{\"@type\":\"ImageObject\",\"inLanguage\":\"es\",\"@id\":\"https:\/\/colegioarquitectos.com\/noticias\/?p=5109#primaryimage\",\"url\":\"https:\/\/colegioarquitectos.com\/noticias\/wp-content\/uploads\/2014\/04\/peperosas.jpg\",\"contentUrl\":\"https:\/\/colegioarquitectos.com\/noticias\/wp-content\/uploads\/2014\/04\/peperosas.jpg\",\"width\":690,\"height\":460},{\"@type\":\"BreadcrumbList\",\"@id\":\"https:\/\/colegioarquitectos.com\/noticias\/?p=5109#breadcrumb\",\"itemListElement\":[{\"@type\":\"ListItem\",\"position\":1,\"name\":\"Portada\",\"item\":\"https:\/\/colegioarquitectos.com\/noticias\"},{\"@type\":\"ListItem\",\"position\":2,\"name\":\"Jos\u00e9 Rosas fue premiado en el XI Concurso de Investigaci\u00f3n\"}]},{\"@type\":\"WebSite\",\"@id\":\"https:\/\/colegioarquitectos.com\/noticias\/#website\",\"url\":\"https:\/\/colegioarquitectos.com\/noticias\/\",\"name\":\"COLEGIO DE ARQUITECTOS DE CHILE\",\"description\":\"\",\"publisher\":{\"@id\":\"https:\/\/colegioarquitectos.com\/noticias\/#organization\"},\"potentialAction\":[{\"@type\":\"SearchAction\",\"target\":{\"@type\":\"EntryPoint\",\"urlTemplate\":\"https:\/\/colegioarquitectos.com\/noticias\/?s={search_term_string}\"},\"query-input\":{\"@type\":\"PropertyValueSpecification\",\"valueRequired\":true,\"valueName\":\"search_term_string\"}}],\"inLanguage\":\"es\"},{\"@type\":\"Organization\",\"@id\":\"https:\/\/colegioarquitectos.com\/noticias\/#organization\",\"name\":\"COLEGIO DE ARQUITECTOS DE CHILE\",\"url\":\"https:\/\/colegioarquitectos.com\/noticias\/\",\"logo\":{\"@type\":\"ImageObject\",\"inLanguage\":\"es\",\"@id\":\"https:\/\/colegioarquitectos.com\/noticias\/#\/schema\/logo\/image\/\",\"url\":\"https:\/\/colegioarquitectos.com\/noticias\/wp-content\/uploads\/2021\/05\/ENCABEZADO-LOGO-CA.jpg\",\"contentUrl\":\"https:\/\/colegioarquitectos.com\/noticias\/wp-content\/uploads\/2021\/05\/ENCABEZADO-LOGO-CA.jpg\",\"width\":690,\"height\":350,\"caption\":\"COLEGIO DE ARQUITECTOS DE CHILE\"},\"image\":{\"@id\":\"https:\/\/colegioarquitectos.com\/noticias\/#\/schema\/logo\/image\/\"},\"sameAs\":[\"https:\/\/facebook.com\/Colegioarq\/\",\"https:\/\/x.com\/colegioarq\",\"https:\/\/instagram.com\/colegioarq\",\"https:\/\/youtube.com\/@ColegiodeArquitectosdeChile\"]},{\"@type\":\"Person\",\"@id\":\"https:\/\/colegioarquitectos.com\/noticias\/#\/schema\/person\/b6c7e912cd1283c089114093ed09741f\",\"name\":\"Gabriel Salgado S.\",\"url\":\"https:\/\/colegioarquitectos.com\/noticias\/?author=1\"}]}<\/script>\n<!-- \/ Yoast SEO plugin. -->","yoast_head_json":{"title":"Jos\u00e9 Rosas fue premiado en el XI Concurso de Investigaci\u00f3n - COLEGIO DE ARQUITECTOS DE CHILE","robots":{"index":"index","follow":"follow","max-snippet":"max-snippet:-1","max-image-preview":"max-image-preview:large","max-video-preview":"max-video-preview:-1"},"canonical":"https:\/\/colegioarquitectos.com\/noticias\/?p=5109","og_locale":"es_ES","og_type":"article","og_title":"Jos\u00e9 Rosas fue premiado en el XI Concurso de Investigaci\u00f3n - COLEGIO DE ARQUITECTOS DE CHILE","og_description":"Junto a otros 16 acad\u00e9micos de toda la Universidad el profesor Rosas y su equipo fueron reconocidos por su investigaci\u00f3n \u201cLa Iglesia en la ciudad II: Santiago de Chile y la transformaci\u00f3n de las manzana con edificios religiosos en monumentos, &hellip; ver m\u00e1s","og_url":"https:\/\/colegioarquitectos.com\/noticias\/?p=5109","og_site_name":"COLEGIO DE ARQUITECTOS DE CHILE","article_publisher":"https:\/\/facebook.com\/Colegioarq\/","article_published_time":"2014-04-08T15:13:13+00:00","og_image":[{"width":690,"height":460,"url":"https:\/\/colegioarquitectos.com\/noticias\/wp-content\/uploads\/2014\/04\/peperosas.jpg","type":"image\/jpeg"}],"author":"Gabriel Salgado S.","twitter_card":"summary_large_image","twitter_creator":"@colegioarq","twitter_site":"@colegioarq","twitter_misc":{"Escrito por":"Gabriel Salgado S.","Tiempo de lectura":"3 minutos"},"schema":{"@context":"https:\/\/schema.org","@graph":[{"@type":"Article","@id":"https:\/\/colegioarquitectos.com\/noticias\/?p=5109#article","isPartOf":{"@id":"https:\/\/colegioarquitectos.com\/noticias\/?p=5109"},"author":{"name":"Gabriel Salgado S.","@id":"https:\/\/colegioarquitectos.com\/noticias\/#\/schema\/person\/b6c7e912cd1283c089114093ed09741f"},"headline":"Jos\u00e9 Rosas fue premiado en el XI Concurso de Investigaci\u00f3n","datePublished":"2014-04-08T15:13:13+00:00","dateModified":"2014-04-08T15:13:13+00:00","mainEntityOfPage":{"@id":"https:\/\/colegioarquitectos.com\/noticias\/?p=5109"},"wordCount":623,"commentCount":0,"publisher":{"@id":"https:\/\/colegioarquitectos.com\/noticias\/#organization"},"image":{"@id":"https:\/\/colegioarquitectos.com\/noticias\/?p=5109#primaryimage"},"thumbnailUrl":"https:\/\/colegioarquitectos.com\/noticias\/wp-content\/uploads\/2014\/04\/peperosas.jpg","articleSection":["Noticias"],"inLanguage":"es","potentialAction":[{"@type":"CommentAction","name":"Comment","target":["https:\/\/colegioarquitectos.com\/noticias\/?p=5109#respond"]}]},{"@type":"WebPage","@id":"https:\/\/colegioarquitectos.com\/noticias\/?p=5109","url":"https:\/\/colegioarquitectos.com\/noticias\/?p=5109","name":"Jos\u00e9 Rosas fue premiado en el XI Concurso de Investigaci\u00f3n - COLEGIO DE ARQUITECTOS DE CHILE","isPartOf":{"@id":"https:\/\/colegioarquitectos.com\/noticias\/#website"},"primaryImageOfPage":{"@id":"https:\/\/colegioarquitectos.com\/noticias\/?p=5109#primaryimage"},"image":{"@id":"https:\/\/colegioarquitectos.com\/noticias\/?p=5109#primaryimage"},"thumbnailUrl":"https:\/\/colegioarquitectos.com\/noticias\/wp-content\/uploads\/2014\/04\/peperosas.jpg","datePublished":"2014-04-08T15:13:13+00:00","dateModified":"2014-04-08T15:13:13+00:00","breadcrumb":{"@id":"https:\/\/colegioarquitectos.com\/noticias\/?p=5109#breadcrumb"},"inLanguage":"es","potentialAction":[{"@type":"ReadAction","target":["https:\/\/colegioarquitectos.com\/noticias\/?p=5109"]}]},{"@type":"ImageObject","inLanguage":"es","@id":"https:\/\/colegioarquitectos.com\/noticias\/?p=5109#primaryimage","url":"https:\/\/colegioarquitectos.com\/noticias\/wp-content\/uploads\/2014\/04\/peperosas.jpg","contentUrl":"https:\/\/colegioarquitectos.com\/noticias\/wp-content\/uploads\/2014\/04\/peperosas.jpg","width":690,"height":460},{"@type":"BreadcrumbList","@id":"https:\/\/colegioarquitectos.com\/noticias\/?p=5109#breadcrumb","itemListElement":[{"@type":"ListItem","position":1,"name":"Portada","item":"https:\/\/colegioarquitectos.com\/noticias"},{"@type":"ListItem","position":2,"name":"Jos\u00e9 Rosas fue premiado en el XI Concurso de Investigaci\u00f3n"}]},{"@type":"WebSite","@id":"https:\/\/colegioarquitectos.com\/noticias\/#website","url":"https:\/\/colegioarquitectos.com\/noticias\/","name":"COLEGIO DE ARQUITECTOS DE CHILE","description":"","publisher":{"@id":"https:\/\/colegioarquitectos.com\/noticias\/#organization"},"potentialAction":[{"@type":"SearchAction","target":{"@type":"EntryPoint","urlTemplate":"https:\/\/colegioarquitectos.com\/noticias\/?s={search_term_string}"},"query-input":{"@type":"PropertyValueSpecification","valueRequired":true,"valueName":"search_term_string"}}],"inLanguage":"es"},{"@type":"Organization","@id":"https:\/\/colegioarquitectos.com\/noticias\/#organization","name":"COLEGIO DE ARQUITECTOS DE CHILE","url":"https:\/\/colegioarquitectos.com\/noticias\/","logo":{"@type":"ImageObject","inLanguage":"es","@id":"https:\/\/colegioarquitectos.com\/noticias\/#\/schema\/logo\/image\/","url":"https:\/\/colegioarquitectos.com\/noticias\/wp-content\/uploads\/2021\/05\/ENCABEZADO-LOGO-CA.jpg","contentUrl":"https:\/\/colegioarquitectos.com\/noticias\/wp-content\/uploads\/2021\/05\/ENCABEZADO-LOGO-CA.jpg","width":690,"height":350,"caption":"COLEGIO DE ARQUITECTOS DE CHILE"},"image":{"@id":"https:\/\/colegioarquitectos.com\/noticias\/#\/schema\/logo\/image\/"},"sameAs":["https:\/\/facebook.com\/Colegioarq\/","https:\/\/x.com\/colegioarq","https:\/\/instagram.com\/colegioarq","https:\/\/youtube.com\/@ColegiodeArquitectosdeChile"]},{"@type":"Person","@id":"https:\/\/colegioarquitectos.com\/noticias\/#\/schema\/person\/b6c7e912cd1283c089114093ed09741f","name":"Gabriel Salgado S.","url":"https:\/\/colegioarquitectos.com\/noticias\/?author=1"}]}},"_links":{"self":[{"href":"https:\/\/colegioarquitectos.com\/noticias\/index.php?rest_route=\/wp\/v2\/posts\/5109","targetHints":{"allow":["GET"]}}],"collection":[{"href":"https:\/\/colegioarquitectos.com\/noticias\/index.php?rest_route=\/wp\/v2\/posts"}],"about":[{"href":"https:\/\/colegioarquitectos.com\/noticias\/index.php?rest_route=\/wp\/v2\/types\/post"}],"author":[{"embeddable":true,"href":"https:\/\/colegioarquitectos.com\/noticias\/index.php?rest_route=\/wp\/v2\/users\/1"}],"replies":[{"embeddable":true,"href":"https:\/\/colegioarquitectos.com\/noticias\/index.php?rest_route=%2Fwp%2Fv2%2Fcomments&post=5109"}],"version-history":[{"count":0,"href":"https:\/\/colegioarquitectos.com\/noticias\/index.php?rest_route=\/wp\/v2\/posts\/5109\/revisions"}],"wp:featuredmedia":[{"embeddable":true,"href":"https:\/\/colegioarquitectos.com\/noticias\/index.php?rest_route=\/wp\/v2\/media\/5110"}],"wp:attachment":[{"href":"https:\/\/colegioarquitectos.com\/noticias\/index.php?rest_route=%2Fwp%2Fv2%2Fmedia&parent=5109"}],"wp:term":[{"taxonomy":"category","embeddable":true,"href":"https:\/\/colegioarquitectos.com\/noticias\/index.php?rest_route=%2Fwp%2Fv2%2Fcategories&post=5109"},{"taxonomy":"post_tag","embeddable":true,"href":"https:\/\/colegioarquitectos.com\/noticias\/index.php?rest_route=%2Fwp%2Fv2%2Ftags&post=5109"}],"curies":[{"name":"wp","href":"https:\/\/api.w.org\/{rel}","templated":true}]}}