
{"id":5193,"date":"2014-05-13T17:05:50","date_gmt":"2014-05-13T17:05:50","guid":{"rendered":"http:\/\/colegioarquitectos.com\/?p=5193"},"modified":"2014-05-13T17:06:49","modified_gmt":"2014-05-13T17:06:49","slug":"catastro-de-arquitectura-publica-en-madera-de-la-region-de-aysen","status":"publish","type":"post","link":"https:\/\/colegioarquitectos.com\/noticias\/?p=5193","title":{"rendered":"CATASTRO DE ARQUITECTURA P\u00daBLICA EN MADERA DE LA REGI\u00d3N DE AYSEN"},"content":{"rendered":"<p>Comunicado de Prensa<\/p>\n<p>El Colegio de Arquitectos de Ays\u00e9n en conjunto con C\u00edrculo de Arquitectos y Urbanistas de Coyhaique tiene el agrado de comunicar a la comunidad de la Regi\u00f3n de Ays\u00e9n, que est\u00e1 ejecutando el proyecto denominado \u201cCATASTRO DE ARQUITECTURA P\u00daBLICA EN MADERA<br \/>\nDE LA REGI\u00d3N DE AYSEN\u201d en la l\u00ednea de Patrimonio e Identidad Cultural, financiado por el FNDR por un monto de $ 6.794.247.- cuyo Objetivo General es generar un catastro de 20 edificaciones de arquitectura p\u00fablica en madera de la Regi\u00f3n de Ays\u00e9n.<\/p>\n<p>El Proyecto tiene una duraci\u00f3n de 8 meses y considera las siguientes etapas:<br \/>\n-Primera etapa: Definici\u00f3n de dos edificaciones p\u00fablicas por comuna.<br \/>\n-Segunda etapa: Realizaci\u00f3n de levantamiento arquitect\u00f3nico<br \/>\n-Tercera etapa: An\u00e1lisis y determinaci\u00f3n del sistema constructivo y forma arquitect\u00f3nica.<br \/>\n-Cuarta etapa: Diagramaci\u00f3n y dise\u00f1o del libro con 20 ejemplos de arquitectura p\u00fablica en madera<br \/>\nde la Regi\u00f3n de Ays\u00e9n.<br \/>\n-Quinta etapa: Difusi\u00f3n<br \/>\nEsperamos en una segunda instancia realizar una publicaci\u00f3n de este material para su despacho a las distintas bibliotecas y otras dependencias en la Regi\u00f3n de Ays\u00e9n, para que est\u00e9 disponible tanto para profesionales como para estudiantes y vecinos de Ays\u00e9n.<br \/>\nTodo lo anterior, viene a reforzar el compromiso de nuestras organizaciones en contribuir al desarrollo arm\u00f3nico de la Regi\u00f3n de Ays\u00e9n y poner en valor sus tradiciones constructivas para generar un aporte al conocimiento y difusi\u00f3n de este sistema constructivo que fund\u00f3 las bases de la<br \/>\nedificaci\u00f3n en la regi\u00f3n.<\/p>\n<p>Fraternalmente,<\/p>\n<p>Alejandro del Pino A.<br \/>\nPresidente y Representante Directorio<br \/>\nColegio de Arquitectos Delegaci\u00f3n Zonal Ays\u00e9n<br \/>\nLillo 171, 2\u00b0 piso, Of. 1, Coyhaique<\/p>\n<p>&nbsp;<\/p>\n<p>&nbsp;<\/p>\n<p>[gview file=\u00bbhttp:\/\/colegioarquitectos.com\/DOCUMENTOS\/CPEdMadera.pdf\u00bb height=\u00bb650px\u00bb width=\u00bb660px\u00bb cache=\u00bb0&#8243;]<\/p>\n<p><\/p>","protected":false},"excerpt":{"rendered":"<p>Comunicado de Prensa El Colegio de Arquitectos de Ays\u00e9n en conjunto con C\u00edrculo de Arquitectos y Urbanistas de Coyhaique tiene el agrado de comunicar a la comunidad de la Regi\u00f3n de Ays\u00e9n, que est\u00e1 ejecutando el proyecto denominado \u201cCATASTRO DE &hellip; <a class=\"more-link\" href=\"https:\/\/colegioarquitectos.com\/noticias\/?p=5193\">ver m\u00e1s<\/a><\/p>","protected":false},"author":1,"featured_media":0,"comment_status":"open","ping_status":"open","sticky":false,"template":"","format":"standard","meta":{"footnotes":""},"categories":[10],"tags":[],"class_list":["post-5193","post","type-post","status-publish","format-standard","hentry","category-delegaciones-zonales"],"yoast_head":"<!-- This site is optimized with the Yoast SEO plugin v24.2 - https:\/\/yoast.com\/wordpress\/plugins\/seo\/ -->\n<title>CATASTRO DE ARQUITECTURA P\u00daBLICA EN MADERA DE LA REGI\u00d3N DE AYSEN - COLEGIO DE ARQUITECTOS DE CHILE<\/title>\n<meta name=\"robots\" content=\"index, follow, max-snippet:-1, max-image-preview:large, max-video-preview:-1\" \/>\n<link rel=\"canonical\" href=\"https:\/\/colegioarquitectos.com\/noticias\/?p=5193\" \/>\n<meta property=\"og:locale\" content=\"es_ES\" \/>\n<meta property=\"og:type\" content=\"article\" \/>\n<meta property=\"og:title\" content=\"CATASTRO DE ARQUITECTURA P\u00daBLICA EN MADERA DE LA REGI\u00d3N DE AYSEN - COLEGIO DE ARQUITECTOS DE CHILE\" \/>\n<meta property=\"og:description\" content=\"Comunicado de Prensa El Colegio de Arquitectos de Ays\u00e9n en conjunto con C\u00edrculo de Arquitectos y Urbanistas de Coyhaique tiene el agrado de comunicar a la comunidad de la Regi\u00f3n de Ays\u00e9n, que est\u00e1 ejecutando el proyecto denominado \u201cCATASTRO DE &hellip; ver m\u00e1s\" \/>\n<meta property=\"og:url\" content=\"https:\/\/colegioarquitectos.com\/noticias\/?p=5193\" \/>\n<meta property=\"og:site_name\" content=\"COLEGIO DE ARQUITECTOS DE CHILE\" \/>\n<meta property=\"article:publisher\" content=\"https:\/\/facebook.com\/Colegioarq\/\" \/>\n<meta property=\"article:published_time\" content=\"2014-05-13T17:05:50+00:00\" \/>\n<meta property=\"article:modified_time\" content=\"2014-05-13T17:06:49+00:00\" \/>\n<meta name=\"author\" content=\"Gabriel Salgado S.\" \/>\n<meta name=\"twitter:card\" content=\"summary_large_image\" \/>\n<meta name=\"twitter:creator\" content=\"@colegioarq\" \/>\n<meta name=\"twitter:site\" content=\"@colegioarq\" \/>\n<meta name=\"twitter:label1\" content=\"Escrito por\" \/>\n\t<meta name=\"twitter:data1\" content=\"Gabriel Salgado S.\" \/>\n\t<meta name=\"twitter:label2\" content=\"Tiempo de lectura\" \/>\n\t<meta name=\"twitter:data2\" content=\"2 minutos\" \/>\n<script type=\"application\/ld+json\" class=\"yoast-schema-graph\">{\"@context\":\"https:\/\/schema.org\",\"@graph\":[{\"@type\":\"Article\",\"@id\":\"https:\/\/colegioarquitectos.com\/noticias\/?p=5193#article\",\"isPartOf\":{\"@id\":\"https:\/\/colegioarquitectos.com\/noticias\/?p=5193\"},\"author\":{\"name\":\"Gabriel Salgado S.\",\"@id\":\"https:\/\/colegioarquitectos.com\/noticias\/#\/schema\/person\/b6c7e912cd1283c089114093ed09741f\"},\"headline\":\"CATASTRO DE ARQUITECTURA P\u00daBLICA EN MADERA DE LA REGI\u00d3N DE AYSEN\",\"datePublished\":\"2014-05-13T17:05:50+00:00\",\"dateModified\":\"2014-05-13T17:06:49+00:00\",\"mainEntityOfPage\":{\"@id\":\"https:\/\/colegioarquitectos.com\/noticias\/?p=5193\"},\"wordCount\":318,\"commentCount\":0,\"publisher\":{\"@id\":\"https:\/\/colegioarquitectos.com\/noticias\/#organization\"},\"articleSection\":[\"Delegaciones\"],\"inLanguage\":\"es\",\"potentialAction\":[{\"@type\":\"CommentAction\",\"name\":\"Comment\",\"target\":[\"https:\/\/colegioarquitectos.com\/noticias\/?p=5193#respond\"]}]},{\"@type\":\"WebPage\",\"@id\":\"https:\/\/colegioarquitectos.com\/noticias\/?p=5193\",\"url\":\"https:\/\/colegioarquitectos.com\/noticias\/?p=5193\",\"name\":\"CATASTRO DE ARQUITECTURA P\u00daBLICA EN MADERA DE LA REGI\u00d3N DE AYSEN - COLEGIO DE ARQUITECTOS DE CHILE\",\"isPartOf\":{\"@id\":\"https:\/\/colegioarquitectos.com\/noticias\/#website\"},\"datePublished\":\"2014-05-13T17:05:50+00:00\",\"dateModified\":\"2014-05-13T17:06:49+00:00\",\"breadcrumb\":{\"@id\":\"https:\/\/colegioarquitectos.com\/noticias\/?p=5193#breadcrumb\"},\"inLanguage\":\"es\",\"potentialAction\":[{\"@type\":\"ReadAction\",\"target\":[\"https:\/\/colegioarquitectos.com\/noticias\/?p=5193\"]}]},{\"@type\":\"BreadcrumbList\",\"@id\":\"https:\/\/colegioarquitectos.com\/noticias\/?p=5193#breadcrumb\",\"itemListElement\":[{\"@type\":\"ListItem\",\"position\":1,\"name\":\"Portada\",\"item\":\"https:\/\/colegioarquitectos.com\/noticias\"},{\"@type\":\"ListItem\",\"position\":2,\"name\":\"CATASTRO DE ARQUITECTURA P\u00daBLICA EN MADERA DE LA REGI\u00d3N DE AYSEN\"}]},{\"@type\":\"WebSite\",\"@id\":\"https:\/\/colegioarquitectos.com\/noticias\/#website\",\"url\":\"https:\/\/colegioarquitectos.com\/noticias\/\",\"name\":\"COLEGIO DE ARQUITECTOS DE CHILE\",\"description\":\"\",\"publisher\":{\"@id\":\"https:\/\/colegioarquitectos.com\/noticias\/#organization\"},\"potentialAction\":[{\"@type\":\"SearchAction\",\"target\":{\"@type\":\"EntryPoint\",\"urlTemplate\":\"https:\/\/colegioarquitectos.com\/noticias\/?s={search_term_string}\"},\"query-input\":{\"@type\":\"PropertyValueSpecification\",\"valueRequired\":true,\"valueName\":\"search_term_string\"}}],\"inLanguage\":\"es\"},{\"@type\":\"Organization\",\"@id\":\"https:\/\/colegioarquitectos.com\/noticias\/#organization\",\"name\":\"COLEGIO DE ARQUITECTOS DE CHILE\",\"url\":\"https:\/\/colegioarquitectos.com\/noticias\/\",\"logo\":{\"@type\":\"ImageObject\",\"inLanguage\":\"es\",\"@id\":\"https:\/\/colegioarquitectos.com\/noticias\/#\/schema\/logo\/image\/\",\"url\":\"https:\/\/colegioarquitectos.com\/noticias\/wp-content\/uploads\/2021\/05\/ENCABEZADO-LOGO-CA.jpg\",\"contentUrl\":\"https:\/\/colegioarquitectos.com\/noticias\/wp-content\/uploads\/2021\/05\/ENCABEZADO-LOGO-CA.jpg\",\"width\":690,\"height\":350,\"caption\":\"COLEGIO DE ARQUITECTOS DE CHILE\"},\"image\":{\"@id\":\"https:\/\/colegioarquitectos.com\/noticias\/#\/schema\/logo\/image\/\"},\"sameAs\":[\"https:\/\/facebook.com\/Colegioarq\/\",\"https:\/\/x.com\/colegioarq\",\"https:\/\/instagram.com\/colegioarq\",\"https:\/\/youtube.com\/@ColegiodeArquitectosdeChile\"]},{\"@type\":\"Person\",\"@id\":\"https:\/\/colegioarquitectos.com\/noticias\/#\/schema\/person\/b6c7e912cd1283c089114093ed09741f\",\"name\":\"Gabriel Salgado S.\",\"url\":\"https:\/\/colegioarquitectos.com\/noticias\/?author=1\"}]}<\/script>\n<!-- \/ Yoast SEO plugin. -->","yoast_head_json":{"title":"CATASTRO DE ARQUITECTURA P\u00daBLICA EN MADERA DE LA REGI\u00d3N DE AYSEN - COLEGIO DE ARQUITECTOS DE CHILE","robots":{"index":"index","follow":"follow","max-snippet":"max-snippet:-1","max-image-preview":"max-image-preview:large","max-video-preview":"max-video-preview:-1"},"canonical":"https:\/\/colegioarquitectos.com\/noticias\/?p=5193","og_locale":"es_ES","og_type":"article","og_title":"CATASTRO DE ARQUITECTURA P\u00daBLICA EN MADERA DE LA REGI\u00d3N DE AYSEN - COLEGIO DE ARQUITECTOS DE CHILE","og_description":"Comunicado de Prensa El Colegio de Arquitectos de Ays\u00e9n en conjunto con C\u00edrculo de Arquitectos y Urbanistas de Coyhaique tiene el agrado de comunicar a la comunidad de la Regi\u00f3n de Ays\u00e9n, que est\u00e1 ejecutando el proyecto denominado \u201cCATASTRO DE &hellip; ver m\u00e1s","og_url":"https:\/\/colegioarquitectos.com\/noticias\/?p=5193","og_site_name":"COLEGIO DE ARQUITECTOS DE CHILE","article_publisher":"https:\/\/facebook.com\/Colegioarq\/","article_published_time":"2014-05-13T17:05:50+00:00","article_modified_time":"2014-05-13T17:06:49+00:00","author":"Gabriel Salgado S.","twitter_card":"summary_large_image","twitter_creator":"@colegioarq","twitter_site":"@colegioarq","twitter_misc":{"Escrito por":"Gabriel Salgado S.","Tiempo de lectura":"2 minutos"},"schema":{"@context":"https:\/\/schema.org","@graph":[{"@type":"Article","@id":"https:\/\/colegioarquitectos.com\/noticias\/?p=5193#article","isPartOf":{"@id":"https:\/\/colegioarquitectos.com\/noticias\/?p=5193"},"author":{"name":"Gabriel Salgado S.","@id":"https:\/\/colegioarquitectos.com\/noticias\/#\/schema\/person\/b6c7e912cd1283c089114093ed09741f"},"headline":"CATASTRO DE ARQUITECTURA P\u00daBLICA EN MADERA DE LA REGI\u00d3N DE AYSEN","datePublished":"2014-05-13T17:05:50+00:00","dateModified":"2014-05-13T17:06:49+00:00","mainEntityOfPage":{"@id":"https:\/\/colegioarquitectos.com\/noticias\/?p=5193"},"wordCount":318,"commentCount":0,"publisher":{"@id":"https:\/\/colegioarquitectos.com\/noticias\/#organization"},"articleSection":["Delegaciones"],"inLanguage":"es","potentialAction":[{"@type":"CommentAction","name":"Comment","target":["https:\/\/colegioarquitectos.com\/noticias\/?p=5193#respond"]}]},{"@type":"WebPage","@id":"https:\/\/colegioarquitectos.com\/noticias\/?p=5193","url":"https:\/\/colegioarquitectos.com\/noticias\/?p=5193","name":"CATASTRO DE ARQUITECTURA P\u00daBLICA EN MADERA DE LA REGI\u00d3N DE AYSEN - COLEGIO DE ARQUITECTOS DE CHILE","isPartOf":{"@id":"https:\/\/colegioarquitectos.com\/noticias\/#website"},"datePublished":"2014-05-13T17:05:50+00:00","dateModified":"2014-05-13T17:06:49+00:00","breadcrumb":{"@id":"https:\/\/colegioarquitectos.com\/noticias\/?p=5193#breadcrumb"},"inLanguage":"es","potentialAction":[{"@type":"ReadAction","target":["https:\/\/colegioarquitectos.com\/noticias\/?p=5193"]}]},{"@type":"BreadcrumbList","@id":"https:\/\/colegioarquitectos.com\/noticias\/?p=5193#breadcrumb","itemListElement":[{"@type":"ListItem","position":1,"name":"Portada","item":"https:\/\/colegioarquitectos.com\/noticias"},{"@type":"ListItem","position":2,"name":"CATASTRO DE ARQUITECTURA P\u00daBLICA EN MADERA DE LA REGI\u00d3N DE AYSEN"}]},{"@type":"WebSite","@id":"https:\/\/colegioarquitectos.com\/noticias\/#website","url":"https:\/\/colegioarquitectos.com\/noticias\/","name":"COLEGIO DE ARQUITECTOS DE CHILE","description":"","publisher":{"@id":"https:\/\/colegioarquitectos.com\/noticias\/#organization"},"potentialAction":[{"@type":"SearchAction","target":{"@type":"EntryPoint","urlTemplate":"https:\/\/colegioarquitectos.com\/noticias\/?s={search_term_string}"},"query-input":{"@type":"PropertyValueSpecification","valueRequired":true,"valueName":"search_term_string"}}],"inLanguage":"es"},{"@type":"Organization","@id":"https:\/\/colegioarquitectos.com\/noticias\/#organization","name":"COLEGIO DE ARQUITECTOS DE CHILE","url":"https:\/\/colegioarquitectos.com\/noticias\/","logo":{"@type":"ImageObject","inLanguage":"es","@id":"https:\/\/colegioarquitectos.com\/noticias\/#\/schema\/logo\/image\/","url":"https:\/\/colegioarquitectos.com\/noticias\/wp-content\/uploads\/2021\/05\/ENCABEZADO-LOGO-CA.jpg","contentUrl":"https:\/\/colegioarquitectos.com\/noticias\/wp-content\/uploads\/2021\/05\/ENCABEZADO-LOGO-CA.jpg","width":690,"height":350,"caption":"COLEGIO DE ARQUITECTOS DE CHILE"},"image":{"@id":"https:\/\/colegioarquitectos.com\/noticias\/#\/schema\/logo\/image\/"},"sameAs":["https:\/\/facebook.com\/Colegioarq\/","https:\/\/x.com\/colegioarq","https:\/\/instagram.com\/colegioarq","https:\/\/youtube.com\/@ColegiodeArquitectosdeChile"]},{"@type":"Person","@id":"https:\/\/colegioarquitectos.com\/noticias\/#\/schema\/person\/b6c7e912cd1283c089114093ed09741f","name":"Gabriel Salgado S.","url":"https:\/\/colegioarquitectos.com\/noticias\/?author=1"}]}},"_links":{"self":[{"href":"https:\/\/colegioarquitectos.com\/noticias\/index.php?rest_route=\/wp\/v2\/posts\/5193","targetHints":{"allow":["GET"]}}],"collection":[{"href":"https:\/\/colegioarquitectos.com\/noticias\/index.php?rest_route=\/wp\/v2\/posts"}],"about":[{"href":"https:\/\/colegioarquitectos.com\/noticias\/index.php?rest_route=\/wp\/v2\/types\/post"}],"author":[{"embeddable":true,"href":"https:\/\/colegioarquitectos.com\/noticias\/index.php?rest_route=\/wp\/v2\/users\/1"}],"replies":[{"embeddable":true,"href":"https:\/\/colegioarquitectos.com\/noticias\/index.php?rest_route=%2Fwp%2Fv2%2Fcomments&post=5193"}],"version-history":[{"count":0,"href":"https:\/\/colegioarquitectos.com\/noticias\/index.php?rest_route=\/wp\/v2\/posts\/5193\/revisions"}],"wp:attachment":[{"href":"https:\/\/colegioarquitectos.com\/noticias\/index.php?rest_route=%2Fwp%2Fv2%2Fmedia&parent=5193"}],"wp:term":[{"taxonomy":"category","embeddable":true,"href":"https:\/\/colegioarquitectos.com\/noticias\/index.php?rest_route=%2Fwp%2Fv2%2Fcategories&post=5193"},{"taxonomy":"post_tag","embeddable":true,"href":"https:\/\/colegioarquitectos.com\/noticias\/index.php?rest_route=%2Fwp%2Fv2%2Ftags&post=5193"}],"curies":[{"name":"wp","href":"https:\/\/api.w.org\/{rel}","templated":true}]}}