
{"id":5295,"date":"2014-06-19T15:51:14","date_gmt":"2014-06-19T15:51:14","guid":{"rendered":"http:\/\/colegioarquitectos.com\/?p=5295"},"modified":"2014-06-19T21:24:04","modified_gmt":"2014-06-19T21:24:04","slug":"declaracion-publica-colegio-de-arquitectos-en-apoyo-al-consejo-de-monumentos-nacionales","status":"publish","type":"post","link":"https:\/\/colegioarquitectos.com\/noticias\/?p=5295","title":{"rendered":"DECLARACI\u00d3N P\u00daBLICA COLEGIO DE ARQUITECTOS EN APOYO AL CONSEJO DE MONUMENTOS NACIONALES"},"content":{"rendered":"<p style=\"text-align: justify;\">El Colegio de Arquitectos de Chile A.G. manifiesta su firme apoyo a las reivindicaciones laborales que han planteado a la autoridad los profesionales y trabajadores del Consejo de Monumentos Nacionales, instituci\u00f3n de la que legalmente formamos parte y cuya representaci\u00f3n la ejerce actualmente un arquitecto nominado por el Directorio Nacional de la Orden.<\/p>\n<p style=\"text-align: justify;\">Como es de conocimiento p\u00fablico, la Asamblea de Trabajadores del Consejo de Monumentos Nacionales\u00a0present\u00f3 el d\u00eda 4 de junio pasado un petitorio al Ministro de Educaci\u00f3n expresando all\u00ed sus demandas laborares e\u00a0institucionales. Al no recibir respuesta alguna, ni de parte del Ministro ni de ninguna otra autoridad, decidieron el d\u00eda 10\u00a0de junio paralizar totalmente sus actividades, algo que nunca hab\u00eda ocurrido en su larga historia. Este hecho en s\u00ed\u00a0mismo refleja a nuestro juicio la gravedad de la situaci\u00f3n.<\/p>\n<p style=\"text-align: justify;\">Cabe destacar que m\u00e1s all\u00e1 de las demandas laborales planteadas, la Asamblea ha formulado un diagn\u00f3stico\u00a0sobre las carencias y limitaciones que adolece el Consejo para cumplir satisfactoriamente con sus funciones legales.<br \/>\nExpresan tambi\u00e9n su escepticismo en que las iniciativas legales que actualmente se tramitan en el Congreso (nuevo\u00a0Ministerio de Cultura y Patrimonio y modificaci\u00f3n de la Ley de Monumentos Nacionales) sean eficaces para revertir\u00a0esta situaci\u00f3n, pues a su parecer incurren en los mismos problemas estructurales de la actual institucionalidad.<\/p>\n<p style=\"text-align: justify;\">Concluyen as\u00ed que el patrimonio no parece hoy en d\u00eda ocupar un lugar central en la agenda p\u00fablica.\u00a0El Colegio de Arquitectos hace suyo este certero diagn\u00f3stico, y recuerda que ha expresado similares\u00a0conceptos en sendas cartas dirigidas oportunamente a la m\u00e1s alta autoridad. A ello debe agregarse nuestra\u00a0preocupaci\u00f3n con una institucionalidad patrimonial incapaz de cumplir a tiempo con tramitaciones y aprobaciones que\u00a0le competen, pues ello afecta directamente la materializaci\u00f3n de proyectos de inversi\u00f3n, tanto p\u00fablica como privada.<\/p>\n<p style=\"text-align: justify;\">En lo inmediato y urgente, hay una coyuntura favorable para remediar, al menos para el a\u00f1o 2014, la situaci\u00f3n\u00a0presupuestaria del Consejo y su situaci\u00f3n laboral b\u00e1sica pues el Ministerio de Hacienda se encuentra actualmente\u00a0definiendo las asignaciones presupuestarias. Pero m\u00e1s all\u00e1 de esta circunstancia, el Colegio de Arquitectos cree\u00a0necesario manifestar que el Estado debe entregar luego respuestas eficaces y contundentes en materia de recursos y\u00a0readecuaciones institucionales que permitan modernizar nuestra institucionalidad patrimonial. El patrimonio cultural,\u00a0ambiental e inmaterial, partiendo por los profesionales involucrados, ya no pueden esperar m\u00e1s.<\/p>\n<p style=\"text-align: justify;\">DIRECTORIO NACIONAL COLEGIO DE ARQUITECTOS DE CHILE<br \/>\nSantiago, 18 de junio de 2014<\/p>\n<p style=\"text-align: justify;\">\n<p><\/p>","protected":false},"excerpt":{"rendered":"<p>El Colegio de Arquitectos de Chile A.G. manifiesta su firme apoyo a las reivindicaciones laborales que han planteado a la autoridad los profesionales y trabajadores del Consejo de Monumentos Nacionales, instituci\u00f3n de la que legalmente formamos parte y cuya representaci\u00f3n &hellip; <a class=\"more-link\" href=\"https:\/\/colegioarquitectos.com\/noticias\/?p=5295\">ver m\u00e1s<\/a><\/p>","protected":false},"author":1,"featured_media":0,"comment_status":"open","ping_status":"open","sticky":false,"template":"","format":"standard","meta":{"footnotes":""},"categories":[8],"tags":[],"class_list":["post-5295","post","type-post","status-publish","format-standard","hentry","category-colegio-de-arquitectos"],"yoast_head":"<!-- This site is optimized with the Yoast SEO plugin v24.2 - https:\/\/yoast.com\/wordpress\/plugins\/seo\/ -->\n<title>DECLARACI\u00d3N P\u00daBLICA COLEGIO DE ARQUITECTOS EN APOYO AL CONSEJO DE MONUMENTOS NACIONALES - COLEGIO DE ARQUITECTOS DE CHILE<\/title>\n<meta name=\"robots\" content=\"index, follow, max-snippet:-1, max-image-preview:large, max-video-preview:-1\" \/>\n<link rel=\"canonical\" href=\"https:\/\/colegioarquitectos.com\/noticias\/?p=5295\" \/>\n<meta property=\"og:locale\" content=\"es_ES\" \/>\n<meta property=\"og:type\" content=\"article\" \/>\n<meta property=\"og:title\" content=\"DECLARACI\u00d3N P\u00daBLICA COLEGIO DE ARQUITECTOS EN APOYO AL CONSEJO DE MONUMENTOS NACIONALES - COLEGIO DE ARQUITECTOS DE CHILE\" \/>\n<meta property=\"og:description\" content=\"El Colegio de Arquitectos de Chile A.G. manifiesta su firme apoyo a las reivindicaciones laborales que han planteado a la autoridad los profesionales y trabajadores del Consejo de Monumentos Nacionales, instituci\u00f3n de la que legalmente formamos parte y cuya representaci\u00f3n &hellip; ver m\u00e1s\" \/>\n<meta property=\"og:url\" content=\"https:\/\/colegioarquitectos.com\/noticias\/?p=5295\" \/>\n<meta property=\"og:site_name\" content=\"COLEGIO DE ARQUITECTOS DE CHILE\" \/>\n<meta property=\"article:publisher\" content=\"https:\/\/facebook.com\/Colegioarq\/\" \/>\n<meta property=\"article:published_time\" content=\"2014-06-19T15:51:14+00:00\" \/>\n<meta property=\"article:modified_time\" content=\"2014-06-19T21:24:04+00:00\" \/>\n<meta name=\"author\" content=\"Gabriel Salgado S.\" \/>\n<meta name=\"twitter:card\" content=\"summary_large_image\" \/>\n<meta name=\"twitter:creator\" content=\"@colegioarq\" \/>\n<meta name=\"twitter:site\" content=\"@colegioarq\" \/>\n<meta name=\"twitter:label1\" content=\"Escrito por\" \/>\n\t<meta name=\"twitter:data1\" content=\"Gabriel Salgado S.\" \/>\n\t<meta name=\"twitter:label2\" content=\"Tiempo de lectura\" \/>\n\t<meta name=\"twitter:data2\" content=\"2 minutos\" \/>\n<script type=\"application\/ld+json\" class=\"yoast-schema-graph\">{\"@context\":\"https:\/\/schema.org\",\"@graph\":[{\"@type\":\"Article\",\"@id\":\"https:\/\/colegioarquitectos.com\/noticias\/?p=5295#article\",\"isPartOf\":{\"@id\":\"https:\/\/colegioarquitectos.com\/noticias\/?p=5295\"},\"author\":{\"name\":\"Gabriel Salgado S.\",\"@id\":\"https:\/\/colegioarquitectos.com\/noticias\/#\/schema\/person\/b6c7e912cd1283c089114093ed09741f\"},\"headline\":\"DECLARACI\u00d3N P\u00daBLICA COLEGIO DE ARQUITECTOS EN APOYO AL CONSEJO DE MONUMENTOS NACIONALES\",\"datePublished\":\"2014-06-19T15:51:14+00:00\",\"dateModified\":\"2014-06-19T21:24:04+00:00\",\"mainEntityOfPage\":{\"@id\":\"https:\/\/colegioarquitectos.com\/noticias\/?p=5295\"},\"wordCount\":438,\"commentCount\":0,\"publisher\":{\"@id\":\"https:\/\/colegioarquitectos.com\/noticias\/#organization\"},\"articleSection\":[\"Colegio\"],\"inLanguage\":\"es\",\"potentialAction\":[{\"@type\":\"CommentAction\",\"name\":\"Comment\",\"target\":[\"https:\/\/colegioarquitectos.com\/noticias\/?p=5295#respond\"]}]},{\"@type\":\"WebPage\",\"@id\":\"https:\/\/colegioarquitectos.com\/noticias\/?p=5295\",\"url\":\"https:\/\/colegioarquitectos.com\/noticias\/?p=5295\",\"name\":\"DECLARACI\u00d3N P\u00daBLICA COLEGIO DE ARQUITECTOS EN APOYO AL CONSEJO DE MONUMENTOS NACIONALES - COLEGIO DE ARQUITECTOS DE CHILE\",\"isPartOf\":{\"@id\":\"https:\/\/colegioarquitectos.com\/noticias\/#website\"},\"datePublished\":\"2014-06-19T15:51:14+00:00\",\"dateModified\":\"2014-06-19T21:24:04+00:00\",\"breadcrumb\":{\"@id\":\"https:\/\/colegioarquitectos.com\/noticias\/?p=5295#breadcrumb\"},\"inLanguage\":\"es\",\"potentialAction\":[{\"@type\":\"ReadAction\",\"target\":[\"https:\/\/colegioarquitectos.com\/noticias\/?p=5295\"]}]},{\"@type\":\"BreadcrumbList\",\"@id\":\"https:\/\/colegioarquitectos.com\/noticias\/?p=5295#breadcrumb\",\"itemListElement\":[{\"@type\":\"ListItem\",\"position\":1,\"name\":\"Portada\",\"item\":\"https:\/\/colegioarquitectos.com\/noticias\"},{\"@type\":\"ListItem\",\"position\":2,\"name\":\"DECLARACI\u00d3N P\u00daBLICA COLEGIO DE ARQUITECTOS EN APOYO AL CONSEJO DE MONUMENTOS NACIONALES\"}]},{\"@type\":\"WebSite\",\"@id\":\"https:\/\/colegioarquitectos.com\/noticias\/#website\",\"url\":\"https:\/\/colegioarquitectos.com\/noticias\/\",\"name\":\"COLEGIO DE ARQUITECTOS DE CHILE\",\"description\":\"\",\"publisher\":{\"@id\":\"https:\/\/colegioarquitectos.com\/noticias\/#organization\"},\"potentialAction\":[{\"@type\":\"SearchAction\",\"target\":{\"@type\":\"EntryPoint\",\"urlTemplate\":\"https:\/\/colegioarquitectos.com\/noticias\/?s={search_term_string}\"},\"query-input\":{\"@type\":\"PropertyValueSpecification\",\"valueRequired\":true,\"valueName\":\"search_term_string\"}}],\"inLanguage\":\"es\"},{\"@type\":\"Organization\",\"@id\":\"https:\/\/colegioarquitectos.com\/noticias\/#organization\",\"name\":\"COLEGIO DE ARQUITECTOS DE CHILE\",\"url\":\"https:\/\/colegioarquitectos.com\/noticias\/\",\"logo\":{\"@type\":\"ImageObject\",\"inLanguage\":\"es\",\"@id\":\"https:\/\/colegioarquitectos.com\/noticias\/#\/schema\/logo\/image\/\",\"url\":\"https:\/\/colegioarquitectos.com\/noticias\/wp-content\/uploads\/2021\/05\/ENCABEZADO-LOGO-CA.jpg\",\"contentUrl\":\"https:\/\/colegioarquitectos.com\/noticias\/wp-content\/uploads\/2021\/05\/ENCABEZADO-LOGO-CA.jpg\",\"width\":690,\"height\":350,\"caption\":\"COLEGIO DE ARQUITECTOS DE CHILE\"},\"image\":{\"@id\":\"https:\/\/colegioarquitectos.com\/noticias\/#\/schema\/logo\/image\/\"},\"sameAs\":[\"https:\/\/facebook.com\/Colegioarq\/\",\"https:\/\/x.com\/colegioarq\",\"https:\/\/instagram.com\/colegioarq\",\"https:\/\/youtube.com\/@ColegiodeArquitectosdeChile\"]},{\"@type\":\"Person\",\"@id\":\"https:\/\/colegioarquitectos.com\/noticias\/#\/schema\/person\/b6c7e912cd1283c089114093ed09741f\",\"name\":\"Gabriel Salgado S.\",\"url\":\"https:\/\/colegioarquitectos.com\/noticias\/?author=1\"}]}<\/script>\n<!-- \/ Yoast SEO plugin. -->","yoast_head_json":{"title":"DECLARACI\u00d3N P\u00daBLICA COLEGIO DE ARQUITECTOS EN APOYO AL CONSEJO DE MONUMENTOS NACIONALES - COLEGIO DE ARQUITECTOS DE CHILE","robots":{"index":"index","follow":"follow","max-snippet":"max-snippet:-1","max-image-preview":"max-image-preview:large","max-video-preview":"max-video-preview:-1"},"canonical":"https:\/\/colegioarquitectos.com\/noticias\/?p=5295","og_locale":"es_ES","og_type":"article","og_title":"DECLARACI\u00d3N P\u00daBLICA COLEGIO DE ARQUITECTOS EN APOYO AL CONSEJO DE MONUMENTOS NACIONALES - COLEGIO DE ARQUITECTOS DE CHILE","og_description":"El Colegio de Arquitectos de Chile A.G. manifiesta su firme apoyo a las reivindicaciones laborales que han planteado a la autoridad los profesionales y trabajadores del Consejo de Monumentos Nacionales, instituci\u00f3n de la que legalmente formamos parte y cuya representaci\u00f3n &hellip; ver m\u00e1s","og_url":"https:\/\/colegioarquitectos.com\/noticias\/?p=5295","og_site_name":"COLEGIO DE ARQUITECTOS DE CHILE","article_publisher":"https:\/\/facebook.com\/Colegioarq\/","article_published_time":"2014-06-19T15:51:14+00:00","article_modified_time":"2014-06-19T21:24:04+00:00","author":"Gabriel Salgado S.","twitter_card":"summary_large_image","twitter_creator":"@colegioarq","twitter_site":"@colegioarq","twitter_misc":{"Escrito por":"Gabriel Salgado S.","Tiempo de lectura":"2 minutos"},"schema":{"@context":"https:\/\/schema.org","@graph":[{"@type":"Article","@id":"https:\/\/colegioarquitectos.com\/noticias\/?p=5295#article","isPartOf":{"@id":"https:\/\/colegioarquitectos.com\/noticias\/?p=5295"},"author":{"name":"Gabriel Salgado S.","@id":"https:\/\/colegioarquitectos.com\/noticias\/#\/schema\/person\/b6c7e912cd1283c089114093ed09741f"},"headline":"DECLARACI\u00d3N P\u00daBLICA COLEGIO DE ARQUITECTOS EN APOYO AL CONSEJO DE MONUMENTOS NACIONALES","datePublished":"2014-06-19T15:51:14+00:00","dateModified":"2014-06-19T21:24:04+00:00","mainEntityOfPage":{"@id":"https:\/\/colegioarquitectos.com\/noticias\/?p=5295"},"wordCount":438,"commentCount":0,"publisher":{"@id":"https:\/\/colegioarquitectos.com\/noticias\/#organization"},"articleSection":["Colegio"],"inLanguage":"es","potentialAction":[{"@type":"CommentAction","name":"Comment","target":["https:\/\/colegioarquitectos.com\/noticias\/?p=5295#respond"]}]},{"@type":"WebPage","@id":"https:\/\/colegioarquitectos.com\/noticias\/?p=5295","url":"https:\/\/colegioarquitectos.com\/noticias\/?p=5295","name":"DECLARACI\u00d3N P\u00daBLICA COLEGIO DE ARQUITECTOS EN APOYO AL CONSEJO DE MONUMENTOS NACIONALES - COLEGIO DE ARQUITECTOS DE CHILE","isPartOf":{"@id":"https:\/\/colegioarquitectos.com\/noticias\/#website"},"datePublished":"2014-06-19T15:51:14+00:00","dateModified":"2014-06-19T21:24:04+00:00","breadcrumb":{"@id":"https:\/\/colegioarquitectos.com\/noticias\/?p=5295#breadcrumb"},"inLanguage":"es","potentialAction":[{"@type":"ReadAction","target":["https:\/\/colegioarquitectos.com\/noticias\/?p=5295"]}]},{"@type":"BreadcrumbList","@id":"https:\/\/colegioarquitectos.com\/noticias\/?p=5295#breadcrumb","itemListElement":[{"@type":"ListItem","position":1,"name":"Portada","item":"https:\/\/colegioarquitectos.com\/noticias"},{"@type":"ListItem","position":2,"name":"DECLARACI\u00d3N P\u00daBLICA COLEGIO DE ARQUITECTOS EN APOYO AL CONSEJO DE MONUMENTOS NACIONALES"}]},{"@type":"WebSite","@id":"https:\/\/colegioarquitectos.com\/noticias\/#website","url":"https:\/\/colegioarquitectos.com\/noticias\/","name":"COLEGIO DE ARQUITECTOS DE CHILE","description":"","publisher":{"@id":"https:\/\/colegioarquitectos.com\/noticias\/#organization"},"potentialAction":[{"@type":"SearchAction","target":{"@type":"EntryPoint","urlTemplate":"https:\/\/colegioarquitectos.com\/noticias\/?s={search_term_string}"},"query-input":{"@type":"PropertyValueSpecification","valueRequired":true,"valueName":"search_term_string"}}],"inLanguage":"es"},{"@type":"Organization","@id":"https:\/\/colegioarquitectos.com\/noticias\/#organization","name":"COLEGIO DE ARQUITECTOS DE CHILE","url":"https:\/\/colegioarquitectos.com\/noticias\/","logo":{"@type":"ImageObject","inLanguage":"es","@id":"https:\/\/colegioarquitectos.com\/noticias\/#\/schema\/logo\/image\/","url":"https:\/\/colegioarquitectos.com\/noticias\/wp-content\/uploads\/2021\/05\/ENCABEZADO-LOGO-CA.jpg","contentUrl":"https:\/\/colegioarquitectos.com\/noticias\/wp-content\/uploads\/2021\/05\/ENCABEZADO-LOGO-CA.jpg","width":690,"height":350,"caption":"COLEGIO DE ARQUITECTOS DE CHILE"},"image":{"@id":"https:\/\/colegioarquitectos.com\/noticias\/#\/schema\/logo\/image\/"},"sameAs":["https:\/\/facebook.com\/Colegioarq\/","https:\/\/x.com\/colegioarq","https:\/\/instagram.com\/colegioarq","https:\/\/youtube.com\/@ColegiodeArquitectosdeChile"]},{"@type":"Person","@id":"https:\/\/colegioarquitectos.com\/noticias\/#\/schema\/person\/b6c7e912cd1283c089114093ed09741f","name":"Gabriel Salgado S.","url":"https:\/\/colegioarquitectos.com\/noticias\/?author=1"}]}},"_links":{"self":[{"href":"https:\/\/colegioarquitectos.com\/noticias\/index.php?rest_route=\/wp\/v2\/posts\/5295","targetHints":{"allow":["GET"]}}],"collection":[{"href":"https:\/\/colegioarquitectos.com\/noticias\/index.php?rest_route=\/wp\/v2\/posts"}],"about":[{"href":"https:\/\/colegioarquitectos.com\/noticias\/index.php?rest_route=\/wp\/v2\/types\/post"}],"author":[{"embeddable":true,"href":"https:\/\/colegioarquitectos.com\/noticias\/index.php?rest_route=\/wp\/v2\/users\/1"}],"replies":[{"embeddable":true,"href":"https:\/\/colegioarquitectos.com\/noticias\/index.php?rest_route=%2Fwp%2Fv2%2Fcomments&post=5295"}],"version-history":[{"count":0,"href":"https:\/\/colegioarquitectos.com\/noticias\/index.php?rest_route=\/wp\/v2\/posts\/5295\/revisions"}],"wp:attachment":[{"href":"https:\/\/colegioarquitectos.com\/noticias\/index.php?rest_route=%2Fwp%2Fv2%2Fmedia&parent=5295"}],"wp:term":[{"taxonomy":"category","embeddable":true,"href":"https:\/\/colegioarquitectos.com\/noticias\/index.php?rest_route=%2Fwp%2Fv2%2Fcategories&post=5295"},{"taxonomy":"post_tag","embeddable":true,"href":"https:\/\/colegioarquitectos.com\/noticias\/index.php?rest_route=%2Fwp%2Fv2%2Ftags&post=5295"}],"curies":[{"name":"wp","href":"https:\/\/api.w.org\/{rel}","templated":true}]}}