
{"id":5314,"date":"2014-06-19T21:41:20","date_gmt":"2014-06-19T21:41:20","guid":{"rendered":"http:\/\/colegioarquitectos.com\/?p=5314"},"modified":"2014-06-19T21:41:20","modified_gmt":"2014-06-19T21:41:20","slug":"concurso-de-acuarela-hardy-wistuba-va-por-su-quinta-version","status":"publish","type":"post","link":"https:\/\/colegioarquitectos.com\/noticias\/?p=5314","title":{"rendered":"Concurso de Acuarela Hardy Wistuba va por su quinta versi\u00f3n"},"content":{"rendered":"<p>Las obras seleccionadas se expondr\u00e1n en la Liga Chileno Alemana<\/p>\n<p>Concurso de Acuarela Hardy Wistuba va por su quinta versi\u00f3n<\/p>\n<p>El premio asciende a U$ 5000 y el plazo de recepci\u00f3n es hasta el 14 de agosto de 2014. Las obras seleccionadas har\u00e1n itinerancia a lo largo de Chile en una programaci\u00f3n por definir.<strong>\u00a0<\/strong><\/p>\n<p>Al cumplir cinco a\u00f1os desde su creaci\u00f3n,\u00a0el\u00a0<strong>Concurso de Acuarela Hardy Wistuba<\/strong>\u00a0ya est\u00e1 instalado como una tradici\u00f3n entre los acuarelistas chilenos. La Liga Chileno Alemana en conjunto con el arquitecto Alberto Collados, han llamado a participar en la quinta versi\u00f3n de este concurso anual.<\/p>\n<p>Creado en honor del artista chileno Hardy Wistuba, fallecido en 2010, el certamen busca relevar la figura del notable acuarelista as\u00ed como incentivar el cultivo de esa disciplina art\u00edstica. Pueden participar artistas profesionales o aficionados con obras realizadas \u00fanicamente con la t\u00e9cnica de la acuarela y sin limitaciones en el tema ni en el formato.<\/p>\n<p>Las obras seleccionadas se expondr\u00e1n en las salas de la Liga Chileno Alemana entre el 9 y el 30 de octubre y el premio \u00fanico alcanza a los US$ 5.000.<\/p>\n<p>\u201cNos sentimos honrados de seguir realizando este certamen y posibilitando que a\u00f1o a a\u00f1o los cultores de la acuarela tengan un espacio de encuentro y reconocimiento inspirado por el gran Hardy Wistuba \u201d, comenta Collados, director el Concurso y acuarelista de renombre, quien en su momento particip\u00f3 del ya legendario taller Wistuba.<\/p>\n<p>El jurado estar\u00e1 conformado por la ganadora de la versi\u00f3n 2013, Ximena Garc\u00eda; el cr\u00edtico Pedro Labowitz y otras personalidades del arte y la cultura. El director del concurso es\u00a0el arquitecto Alberto Collados.<\/p>\n<p><strong>Las obras deben enviarse hasta el 14 de agosto de 2014 al mail\u00a0<\/strong><a href=\"mailto:concursoacuarelahw@gmail.com\"><strong>concursoacuarelahw@gmail.com<\/strong><\/a><strong>\u00a0<\/strong><strong>y las bases se encuentran en\u00a0<a href=\"http:\/\/www.dcb.cl\/\">www.dcb.cl<\/a>.<\/strong><\/p>\n<p>Hardy Wistuba Stange<\/p>\n<p>Naci\u00f3 en Puerto Montt en 1925 y falleci\u00f3 en junio de 2010. Inici\u00f3 su labor art\u00edstica a temprana edad, para luego ingresar a la Escuela de Bellas Artes de la Universidad de Chile, consagrando su vida a la pintura. Aunque incursion\u00f3 en diversas t\u00e9cnicas pict\u00f3ricas, la acuarela es la protagonista de su pr\u00f3diga obra de alrededor de seis mil cuadros, muchos de ellos en museos y colecciones nacionales e internacionales. El paisaje predomina en su tem\u00e1tica, destacando ese sur siempre inspirador, pero abarcando la geograf\u00eda entera de Chile y algunos chispazos en el extranjero. Sus exposiciones han recorrido el pa\u00eds y el mundo, llegando a lugares tan remotos como China y Sud\u00e1frica, consagr\u00e1ndolo como el acuarelista m\u00e1s destacado del Chile. Notable fue tambi\u00e9n en su perseverante y fruct\u00edfera labor docente, formando una pl\u00e9yade de acuarelistas que han seguido su maestr\u00eda.<\/p>\n<p><a href=\":\u00a0http:\/\/dcb.cl\/concurso-wistuba-3\/\" target=\"_blank\">Bases Concurso<\/a><\/p>\n<p>Contacto de prensa: Mariana Hales \/\u00a0<a href=\"mailto:marianahales@gmail.com\">marianahales@gmail.com<\/a>\u00a0\/ 9 8350719<\/p>\n<p>&nbsp;<\/p>\n<p><\/p>","protected":false},"excerpt":{"rendered":"<p>Las obras seleccionadas se expondr\u00e1n en la Liga Chileno Alemana Concurso de Acuarela Hardy Wistuba va por su quinta versi\u00f3n El premio asciende a U$ 5000 y el plazo de recepci\u00f3n es hasta el 14 de agosto de 2014. Las &hellip; <a class=\"more-link\" href=\"https:\/\/colegioarquitectos.com\/noticias\/?p=5314\">ver m\u00e1s<\/a><\/p>","protected":false},"author":1,"featured_media":5315,"comment_status":"open","ping_status":"open","sticky":false,"template":"","format":"standard","meta":{"footnotes":""},"categories":[19],"tags":[],"class_list":["post-5314","post","type-post","status-publish","format-standard","has-post-thumbnail","hentry","category-actividades"],"yoast_head":"<!-- This site is optimized with the Yoast SEO plugin v24.2 - https:\/\/yoast.com\/wordpress\/plugins\/seo\/ -->\n<title>Concurso de Acuarela Hardy Wistuba va por su quinta versi\u00f3n - COLEGIO DE ARQUITECTOS DE CHILE<\/title>\n<meta name=\"robots\" content=\"index, follow, max-snippet:-1, max-image-preview:large, max-video-preview:-1\" \/>\n<link rel=\"canonical\" href=\"https:\/\/colegioarquitectos.com\/noticias\/?p=5314\" \/>\n<meta property=\"og:locale\" content=\"es_ES\" \/>\n<meta property=\"og:type\" content=\"article\" \/>\n<meta property=\"og:title\" content=\"Concurso de Acuarela Hardy Wistuba va por su quinta versi\u00f3n - COLEGIO DE ARQUITECTOS DE CHILE\" \/>\n<meta property=\"og:description\" content=\"Las obras seleccionadas se expondr\u00e1n en la Liga Chileno Alemana Concurso de Acuarela Hardy Wistuba va por su quinta versi\u00f3n El premio asciende a U$ 5000 y el plazo de recepci\u00f3n es hasta el 14 de agosto de 2014. Las &hellip; ver m\u00e1s\" \/>\n<meta property=\"og:url\" content=\"https:\/\/colegioarquitectos.com\/noticias\/?p=5314\" \/>\n<meta property=\"og:site_name\" content=\"COLEGIO DE ARQUITECTOS DE CHILE\" \/>\n<meta property=\"article:publisher\" content=\"https:\/\/facebook.com\/Colegioarq\/\" \/>\n<meta property=\"article:published_time\" content=\"2014-06-19T21:41:20+00:00\" \/>\n<meta property=\"og:image\" content=\"https:\/\/colegioarquitectos.com\/noticias\/wp-content\/uploads\/2014\/06\/destacadoframe.jpg\" \/>\n\t<meta property=\"og:image:width\" content=\"688\" \/>\n\t<meta property=\"og:image:height\" content=\"348\" \/>\n\t<meta property=\"og:image:type\" content=\"image\/jpeg\" \/>\n<meta name=\"author\" content=\"Gabriel Salgado S.\" \/>\n<meta name=\"twitter:card\" content=\"summary_large_image\" \/>\n<meta name=\"twitter:creator\" content=\"@colegioarq\" \/>\n<meta name=\"twitter:site\" content=\"@colegioarq\" \/>\n<meta name=\"twitter:label1\" content=\"Escrito por\" \/>\n\t<meta name=\"twitter:data1\" content=\"Gabriel Salgado S.\" \/>\n\t<meta name=\"twitter:label2\" content=\"Tiempo de lectura\" \/>\n\t<meta name=\"twitter:data2\" content=\"2 minutos\" \/>\n<script type=\"application\/ld+json\" class=\"yoast-schema-graph\">{\"@context\":\"https:\/\/schema.org\",\"@graph\":[{\"@type\":\"Article\",\"@id\":\"https:\/\/colegioarquitectos.com\/noticias\/?p=5314#article\",\"isPartOf\":{\"@id\":\"https:\/\/colegioarquitectos.com\/noticias\/?p=5314\"},\"author\":{\"name\":\"Gabriel Salgado S.\",\"@id\":\"https:\/\/colegioarquitectos.com\/noticias\/#\/schema\/person\/b6c7e912cd1283c089114093ed09741f\"},\"headline\":\"Concurso de Acuarela Hardy Wistuba va por su quinta versi\u00f3n\",\"datePublished\":\"2014-06-19T21:41:20+00:00\",\"dateModified\":\"2014-06-19T21:41:20+00:00\",\"mainEntityOfPage\":{\"@id\":\"https:\/\/colegioarquitectos.com\/noticias\/?p=5314\"},\"wordCount\":479,\"commentCount\":0,\"publisher\":{\"@id\":\"https:\/\/colegioarquitectos.com\/noticias\/#organization\"},\"image\":{\"@id\":\"https:\/\/colegioarquitectos.com\/noticias\/?p=5314#primaryimage\"},\"thumbnailUrl\":\"https:\/\/colegioarquitectos.com\/noticias\/wp-content\/uploads\/2014\/06\/destacadoframe.jpg\",\"articleSection\":[\"Actividades\"],\"inLanguage\":\"es\",\"potentialAction\":[{\"@type\":\"CommentAction\",\"name\":\"Comment\",\"target\":[\"https:\/\/colegioarquitectos.com\/noticias\/?p=5314#respond\"]}]},{\"@type\":\"WebPage\",\"@id\":\"https:\/\/colegioarquitectos.com\/noticias\/?p=5314\",\"url\":\"https:\/\/colegioarquitectos.com\/noticias\/?p=5314\",\"name\":\"Concurso de Acuarela Hardy Wistuba va por su quinta versi\u00f3n - COLEGIO DE ARQUITECTOS DE CHILE\",\"isPartOf\":{\"@id\":\"https:\/\/colegioarquitectos.com\/noticias\/#website\"},\"primaryImageOfPage\":{\"@id\":\"https:\/\/colegioarquitectos.com\/noticias\/?p=5314#primaryimage\"},\"image\":{\"@id\":\"https:\/\/colegioarquitectos.com\/noticias\/?p=5314#primaryimage\"},\"thumbnailUrl\":\"https:\/\/colegioarquitectos.com\/noticias\/wp-content\/uploads\/2014\/06\/destacadoframe.jpg\",\"datePublished\":\"2014-06-19T21:41:20+00:00\",\"dateModified\":\"2014-06-19T21:41:20+00:00\",\"breadcrumb\":{\"@id\":\"https:\/\/colegioarquitectos.com\/noticias\/?p=5314#breadcrumb\"},\"inLanguage\":\"es\",\"potentialAction\":[{\"@type\":\"ReadAction\",\"target\":[\"https:\/\/colegioarquitectos.com\/noticias\/?p=5314\"]}]},{\"@type\":\"ImageObject\",\"inLanguage\":\"es\",\"@id\":\"https:\/\/colegioarquitectos.com\/noticias\/?p=5314#primaryimage\",\"url\":\"https:\/\/colegioarquitectos.com\/noticias\/wp-content\/uploads\/2014\/06\/destacadoframe.jpg\",\"contentUrl\":\"https:\/\/colegioarquitectos.com\/noticias\/wp-content\/uploads\/2014\/06\/destacadoframe.jpg\",\"width\":688,\"height\":348},{\"@type\":\"BreadcrumbList\",\"@id\":\"https:\/\/colegioarquitectos.com\/noticias\/?p=5314#breadcrumb\",\"itemListElement\":[{\"@type\":\"ListItem\",\"position\":1,\"name\":\"Portada\",\"item\":\"https:\/\/colegioarquitectos.com\/noticias\"},{\"@type\":\"ListItem\",\"position\":2,\"name\":\"Concurso de Acuarela Hardy Wistuba va por su quinta versi\u00f3n\"}]},{\"@type\":\"WebSite\",\"@id\":\"https:\/\/colegioarquitectos.com\/noticias\/#website\",\"url\":\"https:\/\/colegioarquitectos.com\/noticias\/\",\"name\":\"COLEGIO DE ARQUITECTOS DE CHILE\",\"description\":\"\",\"publisher\":{\"@id\":\"https:\/\/colegioarquitectos.com\/noticias\/#organization\"},\"potentialAction\":[{\"@type\":\"SearchAction\",\"target\":{\"@type\":\"EntryPoint\",\"urlTemplate\":\"https:\/\/colegioarquitectos.com\/noticias\/?s={search_term_string}\"},\"query-input\":{\"@type\":\"PropertyValueSpecification\",\"valueRequired\":true,\"valueName\":\"search_term_string\"}}],\"inLanguage\":\"es\"},{\"@type\":\"Organization\",\"@id\":\"https:\/\/colegioarquitectos.com\/noticias\/#organization\",\"name\":\"COLEGIO DE ARQUITECTOS DE CHILE\",\"url\":\"https:\/\/colegioarquitectos.com\/noticias\/\",\"logo\":{\"@type\":\"ImageObject\",\"inLanguage\":\"es\",\"@id\":\"https:\/\/colegioarquitectos.com\/noticias\/#\/schema\/logo\/image\/\",\"url\":\"https:\/\/colegioarquitectos.com\/noticias\/wp-content\/uploads\/2021\/05\/ENCABEZADO-LOGO-CA.jpg\",\"contentUrl\":\"https:\/\/colegioarquitectos.com\/noticias\/wp-content\/uploads\/2021\/05\/ENCABEZADO-LOGO-CA.jpg\",\"width\":690,\"height\":350,\"caption\":\"COLEGIO DE ARQUITECTOS DE CHILE\"},\"image\":{\"@id\":\"https:\/\/colegioarquitectos.com\/noticias\/#\/schema\/logo\/image\/\"},\"sameAs\":[\"https:\/\/facebook.com\/Colegioarq\/\",\"https:\/\/x.com\/colegioarq\",\"https:\/\/instagram.com\/colegioarq\",\"https:\/\/youtube.com\/@ColegiodeArquitectosdeChile\"]},{\"@type\":\"Person\",\"@id\":\"https:\/\/colegioarquitectos.com\/noticias\/#\/schema\/person\/b6c7e912cd1283c089114093ed09741f\",\"name\":\"Gabriel Salgado S.\",\"url\":\"https:\/\/colegioarquitectos.com\/noticias\/?author=1\"}]}<\/script>\n<!-- \/ Yoast SEO plugin. -->","yoast_head_json":{"title":"Concurso de Acuarela Hardy Wistuba va por su quinta versi\u00f3n - COLEGIO DE ARQUITECTOS DE CHILE","robots":{"index":"index","follow":"follow","max-snippet":"max-snippet:-1","max-image-preview":"max-image-preview:large","max-video-preview":"max-video-preview:-1"},"canonical":"https:\/\/colegioarquitectos.com\/noticias\/?p=5314","og_locale":"es_ES","og_type":"article","og_title":"Concurso de Acuarela Hardy Wistuba va por su quinta versi\u00f3n - COLEGIO DE ARQUITECTOS DE CHILE","og_description":"Las obras seleccionadas se expondr\u00e1n en la Liga Chileno Alemana Concurso de Acuarela Hardy Wistuba va por su quinta versi\u00f3n El premio asciende a U$ 5000 y el plazo de recepci\u00f3n es hasta el 14 de agosto de 2014. Las &hellip; ver m\u00e1s","og_url":"https:\/\/colegioarquitectos.com\/noticias\/?p=5314","og_site_name":"COLEGIO DE ARQUITECTOS DE CHILE","article_publisher":"https:\/\/facebook.com\/Colegioarq\/","article_published_time":"2014-06-19T21:41:20+00:00","og_image":[{"width":688,"height":348,"url":"https:\/\/colegioarquitectos.com\/noticias\/wp-content\/uploads\/2014\/06\/destacadoframe.jpg","type":"image\/jpeg"}],"author":"Gabriel Salgado S.","twitter_card":"summary_large_image","twitter_creator":"@colegioarq","twitter_site":"@colegioarq","twitter_misc":{"Escrito por":"Gabriel Salgado S.","Tiempo de lectura":"2 minutos"},"schema":{"@context":"https:\/\/schema.org","@graph":[{"@type":"Article","@id":"https:\/\/colegioarquitectos.com\/noticias\/?p=5314#article","isPartOf":{"@id":"https:\/\/colegioarquitectos.com\/noticias\/?p=5314"},"author":{"name":"Gabriel Salgado S.","@id":"https:\/\/colegioarquitectos.com\/noticias\/#\/schema\/person\/b6c7e912cd1283c089114093ed09741f"},"headline":"Concurso de Acuarela Hardy Wistuba va por su quinta versi\u00f3n","datePublished":"2014-06-19T21:41:20+00:00","dateModified":"2014-06-19T21:41:20+00:00","mainEntityOfPage":{"@id":"https:\/\/colegioarquitectos.com\/noticias\/?p=5314"},"wordCount":479,"commentCount":0,"publisher":{"@id":"https:\/\/colegioarquitectos.com\/noticias\/#organization"},"image":{"@id":"https:\/\/colegioarquitectos.com\/noticias\/?p=5314#primaryimage"},"thumbnailUrl":"https:\/\/colegioarquitectos.com\/noticias\/wp-content\/uploads\/2014\/06\/destacadoframe.jpg","articleSection":["Actividades"],"inLanguage":"es","potentialAction":[{"@type":"CommentAction","name":"Comment","target":["https:\/\/colegioarquitectos.com\/noticias\/?p=5314#respond"]}]},{"@type":"WebPage","@id":"https:\/\/colegioarquitectos.com\/noticias\/?p=5314","url":"https:\/\/colegioarquitectos.com\/noticias\/?p=5314","name":"Concurso de Acuarela Hardy Wistuba va por su quinta versi\u00f3n - COLEGIO DE ARQUITECTOS DE CHILE","isPartOf":{"@id":"https:\/\/colegioarquitectos.com\/noticias\/#website"},"primaryImageOfPage":{"@id":"https:\/\/colegioarquitectos.com\/noticias\/?p=5314#primaryimage"},"image":{"@id":"https:\/\/colegioarquitectos.com\/noticias\/?p=5314#primaryimage"},"thumbnailUrl":"https:\/\/colegioarquitectos.com\/noticias\/wp-content\/uploads\/2014\/06\/destacadoframe.jpg","datePublished":"2014-06-19T21:41:20+00:00","dateModified":"2014-06-19T21:41:20+00:00","breadcrumb":{"@id":"https:\/\/colegioarquitectos.com\/noticias\/?p=5314#breadcrumb"},"inLanguage":"es","potentialAction":[{"@type":"ReadAction","target":["https:\/\/colegioarquitectos.com\/noticias\/?p=5314"]}]},{"@type":"ImageObject","inLanguage":"es","@id":"https:\/\/colegioarquitectos.com\/noticias\/?p=5314#primaryimage","url":"https:\/\/colegioarquitectos.com\/noticias\/wp-content\/uploads\/2014\/06\/destacadoframe.jpg","contentUrl":"https:\/\/colegioarquitectos.com\/noticias\/wp-content\/uploads\/2014\/06\/destacadoframe.jpg","width":688,"height":348},{"@type":"BreadcrumbList","@id":"https:\/\/colegioarquitectos.com\/noticias\/?p=5314#breadcrumb","itemListElement":[{"@type":"ListItem","position":1,"name":"Portada","item":"https:\/\/colegioarquitectos.com\/noticias"},{"@type":"ListItem","position":2,"name":"Concurso de Acuarela Hardy Wistuba va por su quinta versi\u00f3n"}]},{"@type":"WebSite","@id":"https:\/\/colegioarquitectos.com\/noticias\/#website","url":"https:\/\/colegioarquitectos.com\/noticias\/","name":"COLEGIO DE ARQUITECTOS DE CHILE","description":"","publisher":{"@id":"https:\/\/colegioarquitectos.com\/noticias\/#organization"},"potentialAction":[{"@type":"SearchAction","target":{"@type":"EntryPoint","urlTemplate":"https:\/\/colegioarquitectos.com\/noticias\/?s={search_term_string}"},"query-input":{"@type":"PropertyValueSpecification","valueRequired":true,"valueName":"search_term_string"}}],"inLanguage":"es"},{"@type":"Organization","@id":"https:\/\/colegioarquitectos.com\/noticias\/#organization","name":"COLEGIO DE ARQUITECTOS DE CHILE","url":"https:\/\/colegioarquitectos.com\/noticias\/","logo":{"@type":"ImageObject","inLanguage":"es","@id":"https:\/\/colegioarquitectos.com\/noticias\/#\/schema\/logo\/image\/","url":"https:\/\/colegioarquitectos.com\/noticias\/wp-content\/uploads\/2021\/05\/ENCABEZADO-LOGO-CA.jpg","contentUrl":"https:\/\/colegioarquitectos.com\/noticias\/wp-content\/uploads\/2021\/05\/ENCABEZADO-LOGO-CA.jpg","width":690,"height":350,"caption":"COLEGIO DE ARQUITECTOS DE CHILE"},"image":{"@id":"https:\/\/colegioarquitectos.com\/noticias\/#\/schema\/logo\/image\/"},"sameAs":["https:\/\/facebook.com\/Colegioarq\/","https:\/\/x.com\/colegioarq","https:\/\/instagram.com\/colegioarq","https:\/\/youtube.com\/@ColegiodeArquitectosdeChile"]},{"@type":"Person","@id":"https:\/\/colegioarquitectos.com\/noticias\/#\/schema\/person\/b6c7e912cd1283c089114093ed09741f","name":"Gabriel Salgado S.","url":"https:\/\/colegioarquitectos.com\/noticias\/?author=1"}]}},"_links":{"self":[{"href":"https:\/\/colegioarquitectos.com\/noticias\/index.php?rest_route=\/wp\/v2\/posts\/5314","targetHints":{"allow":["GET"]}}],"collection":[{"href":"https:\/\/colegioarquitectos.com\/noticias\/index.php?rest_route=\/wp\/v2\/posts"}],"about":[{"href":"https:\/\/colegioarquitectos.com\/noticias\/index.php?rest_route=\/wp\/v2\/types\/post"}],"author":[{"embeddable":true,"href":"https:\/\/colegioarquitectos.com\/noticias\/index.php?rest_route=\/wp\/v2\/users\/1"}],"replies":[{"embeddable":true,"href":"https:\/\/colegioarquitectos.com\/noticias\/index.php?rest_route=%2Fwp%2Fv2%2Fcomments&post=5314"}],"version-history":[{"count":0,"href":"https:\/\/colegioarquitectos.com\/noticias\/index.php?rest_route=\/wp\/v2\/posts\/5314\/revisions"}],"wp:featuredmedia":[{"embeddable":true,"href":"https:\/\/colegioarquitectos.com\/noticias\/index.php?rest_route=\/wp\/v2\/media\/5315"}],"wp:attachment":[{"href":"https:\/\/colegioarquitectos.com\/noticias\/index.php?rest_route=%2Fwp%2Fv2%2Fmedia&parent=5314"}],"wp:term":[{"taxonomy":"category","embeddable":true,"href":"https:\/\/colegioarquitectos.com\/noticias\/index.php?rest_route=%2Fwp%2Fv2%2Fcategories&post=5314"},{"taxonomy":"post_tag","embeddable":true,"href":"https:\/\/colegioarquitectos.com\/noticias\/index.php?rest_route=%2Fwp%2Fv2%2Ftags&post=5314"}],"curies":[{"name":"wp","href":"https:\/\/api.w.org\/{rel}","templated":true}]}}