
{"id":5403,"date":"2014-09-03T14:38:03","date_gmt":"2014-09-03T14:38:03","guid":{"rendered":"http:\/\/colegioarquitectos.com\/?p=5403"},"modified":"2014-09-04T20:51:01","modified_gmt":"2014-09-04T20:51:01","slug":"cena-anual-de-aniversario","status":"publish","type":"post","link":"https:\/\/colegioarquitectos.com\/noticias\/?p=5403","title":{"rendered":"Celebraci\u00f3n Aniversario 72 a\u00f1os CA"},"content":{"rendered":"<p style=\"text-align: justify;\">Culminando los actos de conmemoraci\u00f3n de un nuevo Aniversario, el Directorio Nacional del Colegio de Arquitectos de Chile convoc\u00f3 a todos sus asociados a compartir una cena de celebraci\u00f3n del cumplea\u00f1os N\u00b0 72 que se llev\u00f3 a efecto en los salones del Club de Campo del Banco Central, en la comuna de La Reina.<\/p>\n<p style=\"text-align: justify;\">Con la colaboraci\u00f3n de nuestros excelentes auspiciadores ARTEKNIA, ARTENOSTRO, PINTURAS BEHR, CERAMICA SANTIAGO, CLARO ELITE TEAM, COMGRAP, ECOGREEN, FELTREX, GRUPOCHC, IGNISTERRA, MASISA, METROGAS, SCHNEIDER ELECTRIC, TEKKROM\u00a0 Y UNIVERSIDAD MAYOR, y con la asistencia de destacadas autoridades del sector p\u00fablico, colegios profesionales y Facultades de Arquitectura de diversas Universidades, cerca de 400 arquitectos participaron en un c\u00f3ctel donde pudieron conocer las \u00faltimas novedades y adelantos de las empresas participantes\u00a0 y compartir con antiguos compa\u00f1eros de estudio y actuales colegas.<\/p>\n<p style=\"text-align: justify;\">Junto al saludo de nuestro Presidente Nacional Sebasti\u00e1n Gray, el recientemente nominado Curador de la XIX Bienal de Arquitectura 2015, Fernando Mar\u00edn, realiz\u00f3 una presentaci\u00f3n de lo que ser\u00e1 este evento, que por primera vez en su trayectoria se desarrollar\u00e1 simult\u00e1neamente en Santiago y en el Parque Cultural de Valparaiso.<\/p>\n<p style=\"text-align: justify;\">En el transcurso de la cena se realizaron sorteos de excelentes premios aportados por nuestros auspiciadores.<\/p>\n<p style=\"text-align: justify;\">Finalmente se impusieron la m\u00fasica y el bar abierto, culminando a altas horas esta fiesta de amigos con la alegr\u00eda y la satisfacci\u00f3n de un nuevo encuentro anual.<\/p>\n<p style=\"text-align: justify;\">[FAG id=5720]<\/p>\n<p><img loading=\"lazy\" decoding=\"async\" class=\"alignnone size-full wp-image-5716\" src=\"http:\/\/colegioarquitectos.com\/noticias\/wp-content\/uploads\/2014\/08\/footerlogos.jpg\" alt=\"footerlogos\" width=\"690\" height=\"326\" srcset=\"https:\/\/colegioarquitectos.com\/noticias\/wp-content\/uploads\/2014\/08\/footerlogos.jpg 690w, https:\/\/colegioarquitectos.com\/noticias\/wp-content\/uploads\/2014\/08\/footerlogos-300x141.jpg 300w\" sizes=\"auto, (max-width: 690px) 100vw, 690px\" \/><\/p>\n<p>&nbsp;<\/p>\n<p>&nbsp;<\/p>\n<p>&nbsp;<\/p>\n<p>&nbsp;<\/p>\n<p><\/p>","protected":false},"excerpt":{"rendered":"<p>Culminando los actos de conmemoraci\u00f3n de un nuevo Aniversario, el Directorio Nacional del Colegio de Arquitectos de Chile convoc\u00f3 a todos sus asociados a compartir una cena de celebraci\u00f3n del cumplea\u00f1os N\u00b0 72 que se llev\u00f3 a efecto en los &hellip; <a class=\"more-link\" href=\"https:\/\/colegioarquitectos.com\/noticias\/?p=5403\">ver m\u00e1s<\/a><\/p>","protected":false},"author":1,"featured_media":5718,"comment_status":"open","ping_status":"open","sticky":false,"template":"","format":"standard","meta":{"footnotes":""},"categories":[8],"tags":[],"class_list":["post-5403","post","type-post","status-publish","format-standard","has-post-thumbnail","hentry","category-colegio-de-arquitectos"],"yoast_head":"<!-- This site is optimized with the Yoast SEO plugin v24.2 - https:\/\/yoast.com\/wordpress\/plugins\/seo\/ -->\n<title>Celebraci\u00f3n Aniversario 72 a\u00f1os CA - COLEGIO DE ARQUITECTOS DE CHILE<\/title>\n<meta name=\"robots\" content=\"index, follow, max-snippet:-1, max-image-preview:large, max-video-preview:-1\" \/>\n<link rel=\"canonical\" href=\"https:\/\/colegioarquitectos.com\/noticias\/?p=5403\" \/>\n<meta property=\"og:locale\" content=\"es_ES\" \/>\n<meta property=\"og:type\" content=\"article\" \/>\n<meta property=\"og:title\" content=\"Celebraci\u00f3n Aniversario 72 a\u00f1os CA - COLEGIO DE ARQUITECTOS DE CHILE\" \/>\n<meta property=\"og:description\" content=\"Culminando los actos de conmemoraci\u00f3n de un nuevo Aniversario, el Directorio Nacional del Colegio de Arquitectos de Chile convoc\u00f3 a todos sus asociados a compartir una cena de celebraci\u00f3n del cumplea\u00f1os N\u00b0 72 que se llev\u00f3 a efecto en los &hellip; ver m\u00e1s\" \/>\n<meta property=\"og:url\" content=\"https:\/\/colegioarquitectos.com\/noticias\/?p=5403\" \/>\n<meta property=\"og:site_name\" content=\"COLEGIO DE ARQUITECTOS DE CHILE\" \/>\n<meta property=\"article:publisher\" content=\"https:\/\/facebook.com\/Colegioarq\/\" \/>\n<meta property=\"article:published_time\" content=\"2014-09-03T14:38:03+00:00\" \/>\n<meta property=\"article:modified_time\" content=\"2014-09-04T20:51:01+00:00\" \/>\n<meta property=\"og:image\" content=\"https:\/\/colegioarquitectos.com\/noticias\/wp-content\/uploads\/2014\/09\/destacadoframe.jpg\" \/>\n\t<meta property=\"og:image:width\" content=\"688\" \/>\n\t<meta property=\"og:image:height\" content=\"348\" \/>\n\t<meta property=\"og:image:type\" content=\"image\/jpeg\" \/>\n<meta name=\"author\" content=\"Gabriel Salgado S.\" \/>\n<meta name=\"twitter:card\" content=\"summary_large_image\" \/>\n<meta name=\"twitter:creator\" content=\"@colegioarq\" \/>\n<meta name=\"twitter:site\" content=\"@colegioarq\" \/>\n<meta name=\"twitter:label1\" content=\"Escrito por\" \/>\n\t<meta name=\"twitter:data1\" content=\"Gabriel Salgado S.\" \/>\n\t<meta name=\"twitter:label2\" content=\"Tiempo de lectura\" \/>\n\t<meta name=\"twitter:data2\" content=\"1 minuto\" \/>\n<script type=\"application\/ld+json\" class=\"yoast-schema-graph\">{\"@context\":\"https:\/\/schema.org\",\"@graph\":[{\"@type\":\"Article\",\"@id\":\"https:\/\/colegioarquitectos.com\/noticias\/?p=5403#article\",\"isPartOf\":{\"@id\":\"https:\/\/colegioarquitectos.com\/noticias\/?p=5403\"},\"author\":{\"name\":\"Gabriel Salgado S.\",\"@id\":\"https:\/\/colegioarquitectos.com\/noticias\/#\/schema\/person\/b6c7e912cd1283c089114093ed09741f\"},\"headline\":\"Celebraci\u00f3n Aniversario 72 a\u00f1os CA\",\"datePublished\":\"2014-09-03T14:38:03+00:00\",\"dateModified\":\"2014-09-04T20:51:01+00:00\",\"mainEntityOfPage\":{\"@id\":\"https:\/\/colegioarquitectos.com\/noticias\/?p=5403\"},\"wordCount\":249,\"commentCount\":1,\"publisher\":{\"@id\":\"https:\/\/colegioarquitectos.com\/noticias\/#organization\"},\"image\":{\"@id\":\"https:\/\/colegioarquitectos.com\/noticias\/?p=5403#primaryimage\"},\"thumbnailUrl\":\"https:\/\/colegioarquitectos.com\/noticias\/wp-content\/uploads\/2014\/09\/destacadoframe.jpg\",\"articleSection\":[\"Colegio\"],\"inLanguage\":\"es\",\"potentialAction\":[{\"@type\":\"CommentAction\",\"name\":\"Comment\",\"target\":[\"https:\/\/colegioarquitectos.com\/noticias\/?p=5403#respond\"]}]},{\"@type\":\"WebPage\",\"@id\":\"https:\/\/colegioarquitectos.com\/noticias\/?p=5403\",\"url\":\"https:\/\/colegioarquitectos.com\/noticias\/?p=5403\",\"name\":\"Celebraci\u00f3n Aniversario 72 a\u00f1os CA - COLEGIO DE ARQUITECTOS DE CHILE\",\"isPartOf\":{\"@id\":\"https:\/\/colegioarquitectos.com\/noticias\/#website\"},\"primaryImageOfPage\":{\"@id\":\"https:\/\/colegioarquitectos.com\/noticias\/?p=5403#primaryimage\"},\"image\":{\"@id\":\"https:\/\/colegioarquitectos.com\/noticias\/?p=5403#primaryimage\"},\"thumbnailUrl\":\"https:\/\/colegioarquitectos.com\/noticias\/wp-content\/uploads\/2014\/09\/destacadoframe.jpg\",\"datePublished\":\"2014-09-03T14:38:03+00:00\",\"dateModified\":\"2014-09-04T20:51:01+00:00\",\"breadcrumb\":{\"@id\":\"https:\/\/colegioarquitectos.com\/noticias\/?p=5403#breadcrumb\"},\"inLanguage\":\"es\",\"potentialAction\":[{\"@type\":\"ReadAction\",\"target\":[\"https:\/\/colegioarquitectos.com\/noticias\/?p=5403\"]}]},{\"@type\":\"ImageObject\",\"inLanguage\":\"es\",\"@id\":\"https:\/\/colegioarquitectos.com\/noticias\/?p=5403#primaryimage\",\"url\":\"https:\/\/colegioarquitectos.com\/noticias\/wp-content\/uploads\/2014\/09\/destacadoframe.jpg\",\"contentUrl\":\"https:\/\/colegioarquitectos.com\/noticias\/wp-content\/uploads\/2014\/09\/destacadoframe.jpg\",\"width\":688,\"height\":348},{\"@type\":\"BreadcrumbList\",\"@id\":\"https:\/\/colegioarquitectos.com\/noticias\/?p=5403#breadcrumb\",\"itemListElement\":[{\"@type\":\"ListItem\",\"position\":1,\"name\":\"Portada\",\"item\":\"https:\/\/colegioarquitectos.com\/noticias\"},{\"@type\":\"ListItem\",\"position\":2,\"name\":\"Celebraci\u00f3n Aniversario 72 a\u00f1os CA\"}]},{\"@type\":\"WebSite\",\"@id\":\"https:\/\/colegioarquitectos.com\/noticias\/#website\",\"url\":\"https:\/\/colegioarquitectos.com\/noticias\/\",\"name\":\"COLEGIO DE ARQUITECTOS DE CHILE\",\"description\":\"\",\"publisher\":{\"@id\":\"https:\/\/colegioarquitectos.com\/noticias\/#organization\"},\"potentialAction\":[{\"@type\":\"SearchAction\",\"target\":{\"@type\":\"EntryPoint\",\"urlTemplate\":\"https:\/\/colegioarquitectos.com\/noticias\/?s={search_term_string}\"},\"query-input\":{\"@type\":\"PropertyValueSpecification\",\"valueRequired\":true,\"valueName\":\"search_term_string\"}}],\"inLanguage\":\"es\"},{\"@type\":\"Organization\",\"@id\":\"https:\/\/colegioarquitectos.com\/noticias\/#organization\",\"name\":\"COLEGIO DE ARQUITECTOS DE CHILE\",\"url\":\"https:\/\/colegioarquitectos.com\/noticias\/\",\"logo\":{\"@type\":\"ImageObject\",\"inLanguage\":\"es\",\"@id\":\"https:\/\/colegioarquitectos.com\/noticias\/#\/schema\/logo\/image\/\",\"url\":\"https:\/\/colegioarquitectos.com\/noticias\/wp-content\/uploads\/2021\/05\/ENCABEZADO-LOGO-CA.jpg\",\"contentUrl\":\"https:\/\/colegioarquitectos.com\/noticias\/wp-content\/uploads\/2021\/05\/ENCABEZADO-LOGO-CA.jpg\",\"width\":690,\"height\":350,\"caption\":\"COLEGIO DE ARQUITECTOS DE CHILE\"},\"image\":{\"@id\":\"https:\/\/colegioarquitectos.com\/noticias\/#\/schema\/logo\/image\/\"},\"sameAs\":[\"https:\/\/facebook.com\/Colegioarq\/\",\"https:\/\/x.com\/colegioarq\",\"https:\/\/instagram.com\/colegioarq\",\"https:\/\/youtube.com\/@ColegiodeArquitectosdeChile\"]},{\"@type\":\"Person\",\"@id\":\"https:\/\/colegioarquitectos.com\/noticias\/#\/schema\/person\/b6c7e912cd1283c089114093ed09741f\",\"name\":\"Gabriel Salgado S.\",\"url\":\"https:\/\/colegioarquitectos.com\/noticias\/?author=1\"}]}<\/script>\n<!-- \/ Yoast SEO plugin. -->","yoast_head_json":{"title":"Celebraci\u00f3n Aniversario 72 a\u00f1os CA - COLEGIO DE ARQUITECTOS DE CHILE","robots":{"index":"index","follow":"follow","max-snippet":"max-snippet:-1","max-image-preview":"max-image-preview:large","max-video-preview":"max-video-preview:-1"},"canonical":"https:\/\/colegioarquitectos.com\/noticias\/?p=5403","og_locale":"es_ES","og_type":"article","og_title":"Celebraci\u00f3n Aniversario 72 a\u00f1os CA - COLEGIO DE ARQUITECTOS DE CHILE","og_description":"Culminando los actos de conmemoraci\u00f3n de un nuevo Aniversario, el Directorio Nacional del Colegio de Arquitectos de Chile convoc\u00f3 a todos sus asociados a compartir una cena de celebraci\u00f3n del cumplea\u00f1os N\u00b0 72 que se llev\u00f3 a efecto en los &hellip; ver m\u00e1s","og_url":"https:\/\/colegioarquitectos.com\/noticias\/?p=5403","og_site_name":"COLEGIO DE ARQUITECTOS DE CHILE","article_publisher":"https:\/\/facebook.com\/Colegioarq\/","article_published_time":"2014-09-03T14:38:03+00:00","article_modified_time":"2014-09-04T20:51:01+00:00","og_image":[{"width":688,"height":348,"url":"https:\/\/colegioarquitectos.com\/noticias\/wp-content\/uploads\/2014\/09\/destacadoframe.jpg","type":"image\/jpeg"}],"author":"Gabriel Salgado S.","twitter_card":"summary_large_image","twitter_creator":"@colegioarq","twitter_site":"@colegioarq","twitter_misc":{"Escrito por":"Gabriel Salgado S.","Tiempo de lectura":"1 minuto"},"schema":{"@context":"https:\/\/schema.org","@graph":[{"@type":"Article","@id":"https:\/\/colegioarquitectos.com\/noticias\/?p=5403#article","isPartOf":{"@id":"https:\/\/colegioarquitectos.com\/noticias\/?p=5403"},"author":{"name":"Gabriel Salgado S.","@id":"https:\/\/colegioarquitectos.com\/noticias\/#\/schema\/person\/b6c7e912cd1283c089114093ed09741f"},"headline":"Celebraci\u00f3n Aniversario 72 a\u00f1os CA","datePublished":"2014-09-03T14:38:03+00:00","dateModified":"2014-09-04T20:51:01+00:00","mainEntityOfPage":{"@id":"https:\/\/colegioarquitectos.com\/noticias\/?p=5403"},"wordCount":249,"commentCount":1,"publisher":{"@id":"https:\/\/colegioarquitectos.com\/noticias\/#organization"},"image":{"@id":"https:\/\/colegioarquitectos.com\/noticias\/?p=5403#primaryimage"},"thumbnailUrl":"https:\/\/colegioarquitectos.com\/noticias\/wp-content\/uploads\/2014\/09\/destacadoframe.jpg","articleSection":["Colegio"],"inLanguage":"es","potentialAction":[{"@type":"CommentAction","name":"Comment","target":["https:\/\/colegioarquitectos.com\/noticias\/?p=5403#respond"]}]},{"@type":"WebPage","@id":"https:\/\/colegioarquitectos.com\/noticias\/?p=5403","url":"https:\/\/colegioarquitectos.com\/noticias\/?p=5403","name":"Celebraci\u00f3n Aniversario 72 a\u00f1os CA - COLEGIO DE ARQUITECTOS DE CHILE","isPartOf":{"@id":"https:\/\/colegioarquitectos.com\/noticias\/#website"},"primaryImageOfPage":{"@id":"https:\/\/colegioarquitectos.com\/noticias\/?p=5403#primaryimage"},"image":{"@id":"https:\/\/colegioarquitectos.com\/noticias\/?p=5403#primaryimage"},"thumbnailUrl":"https:\/\/colegioarquitectos.com\/noticias\/wp-content\/uploads\/2014\/09\/destacadoframe.jpg","datePublished":"2014-09-03T14:38:03+00:00","dateModified":"2014-09-04T20:51:01+00:00","breadcrumb":{"@id":"https:\/\/colegioarquitectos.com\/noticias\/?p=5403#breadcrumb"},"inLanguage":"es","potentialAction":[{"@type":"ReadAction","target":["https:\/\/colegioarquitectos.com\/noticias\/?p=5403"]}]},{"@type":"ImageObject","inLanguage":"es","@id":"https:\/\/colegioarquitectos.com\/noticias\/?p=5403#primaryimage","url":"https:\/\/colegioarquitectos.com\/noticias\/wp-content\/uploads\/2014\/09\/destacadoframe.jpg","contentUrl":"https:\/\/colegioarquitectos.com\/noticias\/wp-content\/uploads\/2014\/09\/destacadoframe.jpg","width":688,"height":348},{"@type":"BreadcrumbList","@id":"https:\/\/colegioarquitectos.com\/noticias\/?p=5403#breadcrumb","itemListElement":[{"@type":"ListItem","position":1,"name":"Portada","item":"https:\/\/colegioarquitectos.com\/noticias"},{"@type":"ListItem","position":2,"name":"Celebraci\u00f3n Aniversario 72 a\u00f1os CA"}]},{"@type":"WebSite","@id":"https:\/\/colegioarquitectos.com\/noticias\/#website","url":"https:\/\/colegioarquitectos.com\/noticias\/","name":"COLEGIO DE ARQUITECTOS DE CHILE","description":"","publisher":{"@id":"https:\/\/colegioarquitectos.com\/noticias\/#organization"},"potentialAction":[{"@type":"SearchAction","target":{"@type":"EntryPoint","urlTemplate":"https:\/\/colegioarquitectos.com\/noticias\/?s={search_term_string}"},"query-input":{"@type":"PropertyValueSpecification","valueRequired":true,"valueName":"search_term_string"}}],"inLanguage":"es"},{"@type":"Organization","@id":"https:\/\/colegioarquitectos.com\/noticias\/#organization","name":"COLEGIO DE ARQUITECTOS DE CHILE","url":"https:\/\/colegioarquitectos.com\/noticias\/","logo":{"@type":"ImageObject","inLanguage":"es","@id":"https:\/\/colegioarquitectos.com\/noticias\/#\/schema\/logo\/image\/","url":"https:\/\/colegioarquitectos.com\/noticias\/wp-content\/uploads\/2021\/05\/ENCABEZADO-LOGO-CA.jpg","contentUrl":"https:\/\/colegioarquitectos.com\/noticias\/wp-content\/uploads\/2021\/05\/ENCABEZADO-LOGO-CA.jpg","width":690,"height":350,"caption":"COLEGIO DE ARQUITECTOS DE CHILE"},"image":{"@id":"https:\/\/colegioarquitectos.com\/noticias\/#\/schema\/logo\/image\/"},"sameAs":["https:\/\/facebook.com\/Colegioarq\/","https:\/\/x.com\/colegioarq","https:\/\/instagram.com\/colegioarq","https:\/\/youtube.com\/@ColegiodeArquitectosdeChile"]},{"@type":"Person","@id":"https:\/\/colegioarquitectos.com\/noticias\/#\/schema\/person\/b6c7e912cd1283c089114093ed09741f","name":"Gabriel Salgado S.","url":"https:\/\/colegioarquitectos.com\/noticias\/?author=1"}]}},"_links":{"self":[{"href":"https:\/\/colegioarquitectos.com\/noticias\/index.php?rest_route=\/wp\/v2\/posts\/5403","targetHints":{"allow":["GET"]}}],"collection":[{"href":"https:\/\/colegioarquitectos.com\/noticias\/index.php?rest_route=\/wp\/v2\/posts"}],"about":[{"href":"https:\/\/colegioarquitectos.com\/noticias\/index.php?rest_route=\/wp\/v2\/types\/post"}],"author":[{"embeddable":true,"href":"https:\/\/colegioarquitectos.com\/noticias\/index.php?rest_route=\/wp\/v2\/users\/1"}],"replies":[{"embeddable":true,"href":"https:\/\/colegioarquitectos.com\/noticias\/index.php?rest_route=%2Fwp%2Fv2%2Fcomments&post=5403"}],"version-history":[{"count":0,"href":"https:\/\/colegioarquitectos.com\/noticias\/index.php?rest_route=\/wp\/v2\/posts\/5403\/revisions"}],"wp:featuredmedia":[{"embeddable":true,"href":"https:\/\/colegioarquitectos.com\/noticias\/index.php?rest_route=\/wp\/v2\/media\/5718"}],"wp:attachment":[{"href":"https:\/\/colegioarquitectos.com\/noticias\/index.php?rest_route=%2Fwp%2Fv2%2Fmedia&parent=5403"}],"wp:term":[{"taxonomy":"category","embeddable":true,"href":"https:\/\/colegioarquitectos.com\/noticias\/index.php?rest_route=%2Fwp%2Fv2%2Fcategories&post=5403"},{"taxonomy":"post_tag","embeddable":true,"href":"https:\/\/colegioarquitectos.com\/noticias\/index.php?rest_route=%2Fwp%2Fv2%2Ftags&post=5403"}],"curies":[{"name":"wp","href":"https:\/\/api.w.org\/{rel}","templated":true}]}}