
{"id":5480,"date":"2014-07-28T15:47:09","date_gmt":"2014-07-28T15:47:09","guid":{"rendered":"http:\/\/colegioarquitectos.com\/?p=5480"},"modified":"2014-07-28T15:47:09","modified_gmt":"2014-07-28T15:47:09","slug":"colegio-de-arquitectos-firmo-convenio-de-colaboracion-certificacion-edificio-sustentable","status":"publish","type":"post","link":"https:\/\/colegioarquitectos.com\/noticias\/?p=5480","title":{"rendered":"Colegio de Arquitectos firm\u00f3 Convenio de Colaboraci\u00f3n Certificaci\u00f3n Edificio Sustentable"},"content":{"rendered":"<p><em>La iniciativa suscrita en conjunto con el Instituto de la Construcci\u00f3n, el ministerio de Obras P\u00fablicas y la C\u00e1mara Chilena de la Construcci\u00f3n y el Colegio de Arquitectos constituye un hito para la construcci\u00f3n sustentable en el pa\u00eds.<\/em><\/p>\n<p><strong><em>Julio, 2014.-<\/em><\/strong><\/p>\n<p>Con la participaci\u00f3n del ministro de Obras P\u00fablicas, Alberto Undurraga; el presidente del Instituto de la Construcci\u00f3n, Bernardo Echeverr\u00eda; el presidente de la C\u00e1mara Chilena de la Construcci\u00f3n, Daniel Hurtado y el presidente del Colegio de Arquitectos, Sebasti\u00e1n Gray, se firm\u00f3 el convenio de colaboraci\u00f3n cuatripartito que institucionaliza la implementaci\u00f3n de la <strong>Certificaci\u00f3n Edificio Sustentable<\/strong> en el pa\u00eds.<\/p>\n<p>Este paso, que constituye un hito para la construcci\u00f3n sustentable del pa\u00eds, permitir\u00e1 tener edificios de uso p\u00fablico con mejor calidad ambiental y m\u00e1s eficientes en su operaci\u00f3n, a la vez que dotar\u00e1 a la industria de la construcci\u00f3n de una certificaci\u00f3n acorde con la realidad nacional.<\/p>\n<p>Durante la actividad el presidente del Instituto de la Construcci\u00f3n, Bernardo Echeverr\u00eda, destac\u00f3 la importancia de la construcci\u00f3n sustentable como uno de los ejes del plan de acci\u00f3n del Instituto desde sus inicios.<\/p>\n<p>\u201cUn d\u00eda como hoy, 1 de julio, pero de 1997, hace 17 a\u00f1os, se cre\u00f3 el Instituto de la Construcci\u00f3n y desde ese entonces ya estaba la idea de contar en Chile con una certificaci\u00f3n de calidad ambiental y eficiencia energ\u00e9tica\u201d, relat\u00f3 a los presentes, agregando: \u201cHan transcurrido 17 a\u00f1os para estar aqu\u00ed firmando un convenio de colaboraci\u00f3n cuatripartito para implementar, promover, operar y perfeccionar la certificaci\u00f3n Edificio Sustentable en conjunto con el ministerio de Obras P\u00fablicas, la C\u00e1mara Chilena de la Construcci\u00f3n y el Colegio de Arquitectos de Chile.\u201d<\/p>\n<p>Por su parte, Sebasti\u00e1n Gray, presidente del Colegio de Arquitectos, felicit\u00f3 la labor realizada por el Instituto de la Construcci\u00f3n, destacando que \u201cse ha logrado crear un sistema de certificaci\u00f3n acorde con las necesidades del pa\u00eds. La hemos ajustado a nuestra propia cultura y realidad. Entramos en una nueva era y es responsabilidad de todos que esto se cumpla\u201d, enfatiz\u00f3.<\/p>\n<p>En tanto, Daniel Hurtado, presidente de la C\u00e1mara dijo que \u201cse reconoce el car\u00e1cter interdisciplinario de este gran proyecto al incorporar al Colegio de Arquitectos, al Ministerio de Obras P\u00fablicas, al Instituto de la Construcci\u00f3n y nosotros mismos como C\u00e1mara Chilena de la Construcci\u00f3n\u201d, lo que constituye un hito para el pa\u00eds.<\/p>\n<p>Asimismo destac\u00f3 el compromiso del IC como la instituci\u00f3n que materializ\u00f3 el proyecto y que actuar\u00e1 como nodo central en la puesta en marcha y la implementaci\u00f3n de la iniciativa.<\/p>\n<p>Finalmente, el ministro de Obras P\u00fablicas, Alberto Undurraga, indic\u00f3 que \u201ccomo pa\u00eds estamos ante un conjunto de desaf\u00edos y uno de ellos es qu\u00e9 tipo de infraestructura necesitamos\u201d.<\/p>\n<p>&nbsp;<\/p>\n<p>En ese sentido recalc\u00f3 que el compromiso del MOP ser\u00e1 primero \u201cpromover el uso de la Certificaci\u00f3n Edificio Sustentable en todas las obras de financiamiento p\u00fablico y, segundo, ver c\u00f3mo avanzamos para que esta certificaci\u00f3n no sea una herramienta optativa sino una norma que determine un antes y un despu\u00e9s en materia de edificaci\u00f3n p\u00fablica\u201d.<\/p>\n<p><img loading=\"lazy\" decoding=\"async\" class=\"alignnone size-full wp-image-5482\" src=\"http:\/\/colegioarquitectos.com\/noticias\/wp-content\/uploads\/2014\/07\/sgray.jpg\" alt=\"sgray\" width=\"690\" height=\"493\" srcset=\"https:\/\/colegioarquitectos.com\/noticias\/wp-content\/uploads\/2014\/07\/sgray.jpg 690w, https:\/\/colegioarquitectos.com\/noticias\/wp-content\/uploads\/2014\/07\/sgray-300x214.jpg 300w\" sizes=\"auto, (max-width: 690px) 100vw, 690px\" \/><\/p>\n<p><\/p>","protected":false},"excerpt":{"rendered":"<p>La iniciativa suscrita en conjunto con el Instituto de la Construcci\u00f3n, el ministerio de Obras P\u00fablicas y la C\u00e1mara Chilena de la Construcci\u00f3n y el Colegio de Arquitectos constituye un hito para la construcci\u00f3n sustentable en el pa\u00eds. Julio, 2014.- &hellip; <a class=\"more-link\" href=\"https:\/\/colegioarquitectos.com\/noticias\/?p=5480\">ver m\u00e1s<\/a><\/p>","protected":false},"author":1,"featured_media":5481,"comment_status":"open","ping_status":"open","sticky":false,"template":"","format":"standard","meta":{"footnotes":""},"categories":[3],"tags":[],"class_list":["post-5480","post","type-post","status-publish","format-standard","has-post-thumbnail","hentry","category-noticias"],"yoast_head":"<!-- This site is optimized with the Yoast SEO plugin v24.2 - https:\/\/yoast.com\/wordpress\/plugins\/seo\/ -->\n<title>Colegio de Arquitectos firm\u00f3 Convenio de Colaboraci\u00f3n Certificaci\u00f3n Edificio Sustentable - COLEGIO DE ARQUITECTOS DE CHILE<\/title>\n<meta name=\"robots\" content=\"index, follow, max-snippet:-1, max-image-preview:large, max-video-preview:-1\" \/>\n<link rel=\"canonical\" href=\"https:\/\/colegioarquitectos.com\/noticias\/?p=5480\" \/>\n<meta property=\"og:locale\" content=\"es_ES\" \/>\n<meta property=\"og:type\" content=\"article\" \/>\n<meta property=\"og:title\" content=\"Colegio de Arquitectos firm\u00f3 Convenio de Colaboraci\u00f3n Certificaci\u00f3n Edificio Sustentable - COLEGIO DE ARQUITECTOS DE CHILE\" \/>\n<meta property=\"og:description\" content=\"La iniciativa suscrita en conjunto con el Instituto de la Construcci\u00f3n, el ministerio de Obras P\u00fablicas y la C\u00e1mara Chilena de la Construcci\u00f3n y el Colegio de Arquitectos constituye un hito para la construcci\u00f3n sustentable en el pa\u00eds. Julio, 2014.- &hellip; ver m\u00e1s\" \/>\n<meta property=\"og:url\" content=\"https:\/\/colegioarquitectos.com\/noticias\/?p=5480\" \/>\n<meta property=\"og:site_name\" content=\"COLEGIO DE ARQUITECTOS DE CHILE\" \/>\n<meta property=\"article:publisher\" content=\"https:\/\/facebook.com\/Colegioarq\/\" \/>\n<meta property=\"article:published_time\" content=\"2014-07-28T15:47:09+00:00\" \/>\n<meta property=\"og:image\" content=\"https:\/\/colegioarquitectos.com\/noticias\/wp-content\/uploads\/2014\/07\/destacadoframecchc.jpg\" \/>\n\t<meta property=\"og:image:width\" content=\"688\" \/>\n\t<meta property=\"og:image:height\" content=\"348\" \/>\n\t<meta property=\"og:image:type\" content=\"image\/jpeg\" \/>\n<meta name=\"author\" content=\"Gabriel Salgado S.\" \/>\n<meta name=\"twitter:card\" content=\"summary_large_image\" \/>\n<meta name=\"twitter:creator\" content=\"@colegioarq\" \/>\n<meta name=\"twitter:site\" content=\"@colegioarq\" \/>\n<meta name=\"twitter:label1\" content=\"Escrito por\" \/>\n\t<meta name=\"twitter:data1\" content=\"Gabriel Salgado S.\" \/>\n\t<meta name=\"twitter:label2\" content=\"Tiempo de lectura\" \/>\n\t<meta name=\"twitter:data2\" content=\"3 minutos\" \/>\n<script type=\"application\/ld+json\" class=\"yoast-schema-graph\">{\"@context\":\"https:\/\/schema.org\",\"@graph\":[{\"@type\":\"Article\",\"@id\":\"https:\/\/colegioarquitectos.com\/noticias\/?p=5480#article\",\"isPartOf\":{\"@id\":\"https:\/\/colegioarquitectos.com\/noticias\/?p=5480\"},\"author\":{\"name\":\"Gabriel Salgado S.\",\"@id\":\"https:\/\/colegioarquitectos.com\/noticias\/#\/schema\/person\/b6c7e912cd1283c089114093ed09741f\"},\"headline\":\"Colegio de Arquitectos firm\u00f3 Convenio de Colaboraci\u00f3n Certificaci\u00f3n Edificio Sustentable\",\"datePublished\":\"2014-07-28T15:47:09+00:00\",\"dateModified\":\"2014-07-28T15:47:09+00:00\",\"mainEntityOfPage\":{\"@id\":\"https:\/\/colegioarquitectos.com\/noticias\/?p=5480\"},\"wordCount\":564,\"commentCount\":2,\"publisher\":{\"@id\":\"https:\/\/colegioarquitectos.com\/noticias\/#organization\"},\"image\":{\"@id\":\"https:\/\/colegioarquitectos.com\/noticias\/?p=5480#primaryimage\"},\"thumbnailUrl\":\"https:\/\/colegioarquitectos.com\/noticias\/wp-content\/uploads\/2014\/07\/destacadoframecchc.jpg\",\"articleSection\":[\"Noticias\"],\"inLanguage\":\"es\",\"potentialAction\":[{\"@type\":\"CommentAction\",\"name\":\"Comment\",\"target\":[\"https:\/\/colegioarquitectos.com\/noticias\/?p=5480#respond\"]}]},{\"@type\":\"WebPage\",\"@id\":\"https:\/\/colegioarquitectos.com\/noticias\/?p=5480\",\"url\":\"https:\/\/colegioarquitectos.com\/noticias\/?p=5480\",\"name\":\"Colegio de Arquitectos firm\u00f3 Convenio de Colaboraci\u00f3n Certificaci\u00f3n Edificio Sustentable - COLEGIO DE ARQUITECTOS DE CHILE\",\"isPartOf\":{\"@id\":\"https:\/\/colegioarquitectos.com\/noticias\/#website\"},\"primaryImageOfPage\":{\"@id\":\"https:\/\/colegioarquitectos.com\/noticias\/?p=5480#primaryimage\"},\"image\":{\"@id\":\"https:\/\/colegioarquitectos.com\/noticias\/?p=5480#primaryimage\"},\"thumbnailUrl\":\"https:\/\/colegioarquitectos.com\/noticias\/wp-content\/uploads\/2014\/07\/destacadoframecchc.jpg\",\"datePublished\":\"2014-07-28T15:47:09+00:00\",\"dateModified\":\"2014-07-28T15:47:09+00:00\",\"breadcrumb\":{\"@id\":\"https:\/\/colegioarquitectos.com\/noticias\/?p=5480#breadcrumb\"},\"inLanguage\":\"es\",\"potentialAction\":[{\"@type\":\"ReadAction\",\"target\":[\"https:\/\/colegioarquitectos.com\/noticias\/?p=5480\"]}]},{\"@type\":\"ImageObject\",\"inLanguage\":\"es\",\"@id\":\"https:\/\/colegioarquitectos.com\/noticias\/?p=5480#primaryimage\",\"url\":\"https:\/\/colegioarquitectos.com\/noticias\/wp-content\/uploads\/2014\/07\/destacadoframecchc.jpg\",\"contentUrl\":\"https:\/\/colegioarquitectos.com\/noticias\/wp-content\/uploads\/2014\/07\/destacadoframecchc.jpg\",\"width\":688,\"height\":348},{\"@type\":\"BreadcrumbList\",\"@id\":\"https:\/\/colegioarquitectos.com\/noticias\/?p=5480#breadcrumb\",\"itemListElement\":[{\"@type\":\"ListItem\",\"position\":1,\"name\":\"Portada\",\"item\":\"https:\/\/colegioarquitectos.com\/noticias\"},{\"@type\":\"ListItem\",\"position\":2,\"name\":\"Colegio de Arquitectos firm\u00f3 Convenio de Colaboraci\u00f3n Certificaci\u00f3n Edificio Sustentable\"}]},{\"@type\":\"WebSite\",\"@id\":\"https:\/\/colegioarquitectos.com\/noticias\/#website\",\"url\":\"https:\/\/colegioarquitectos.com\/noticias\/\",\"name\":\"COLEGIO DE ARQUITECTOS DE CHILE\",\"description\":\"\",\"publisher\":{\"@id\":\"https:\/\/colegioarquitectos.com\/noticias\/#organization\"},\"potentialAction\":[{\"@type\":\"SearchAction\",\"target\":{\"@type\":\"EntryPoint\",\"urlTemplate\":\"https:\/\/colegioarquitectos.com\/noticias\/?s={search_term_string}\"},\"query-input\":{\"@type\":\"PropertyValueSpecification\",\"valueRequired\":true,\"valueName\":\"search_term_string\"}}],\"inLanguage\":\"es\"},{\"@type\":\"Organization\",\"@id\":\"https:\/\/colegioarquitectos.com\/noticias\/#organization\",\"name\":\"COLEGIO DE ARQUITECTOS DE CHILE\",\"url\":\"https:\/\/colegioarquitectos.com\/noticias\/\",\"logo\":{\"@type\":\"ImageObject\",\"inLanguage\":\"es\",\"@id\":\"https:\/\/colegioarquitectos.com\/noticias\/#\/schema\/logo\/image\/\",\"url\":\"https:\/\/colegioarquitectos.com\/noticias\/wp-content\/uploads\/2021\/05\/ENCABEZADO-LOGO-CA.jpg\",\"contentUrl\":\"https:\/\/colegioarquitectos.com\/noticias\/wp-content\/uploads\/2021\/05\/ENCABEZADO-LOGO-CA.jpg\",\"width\":690,\"height\":350,\"caption\":\"COLEGIO DE ARQUITECTOS DE CHILE\"},\"image\":{\"@id\":\"https:\/\/colegioarquitectos.com\/noticias\/#\/schema\/logo\/image\/\"},\"sameAs\":[\"https:\/\/facebook.com\/Colegioarq\/\",\"https:\/\/x.com\/colegioarq\",\"https:\/\/instagram.com\/colegioarq\",\"https:\/\/youtube.com\/@ColegiodeArquitectosdeChile\"]},{\"@type\":\"Person\",\"@id\":\"https:\/\/colegioarquitectos.com\/noticias\/#\/schema\/person\/b6c7e912cd1283c089114093ed09741f\",\"name\":\"Gabriel Salgado S.\",\"url\":\"https:\/\/colegioarquitectos.com\/noticias\/?author=1\"}]}<\/script>\n<!-- \/ Yoast SEO plugin. -->","yoast_head_json":{"title":"Colegio de Arquitectos firm\u00f3 Convenio de Colaboraci\u00f3n Certificaci\u00f3n Edificio Sustentable - COLEGIO DE ARQUITECTOS DE CHILE","robots":{"index":"index","follow":"follow","max-snippet":"max-snippet:-1","max-image-preview":"max-image-preview:large","max-video-preview":"max-video-preview:-1"},"canonical":"https:\/\/colegioarquitectos.com\/noticias\/?p=5480","og_locale":"es_ES","og_type":"article","og_title":"Colegio de Arquitectos firm\u00f3 Convenio de Colaboraci\u00f3n Certificaci\u00f3n Edificio Sustentable - COLEGIO DE ARQUITECTOS DE CHILE","og_description":"La iniciativa suscrita en conjunto con el Instituto de la Construcci\u00f3n, el ministerio de Obras P\u00fablicas y la C\u00e1mara Chilena de la Construcci\u00f3n y el Colegio de Arquitectos constituye un hito para la construcci\u00f3n sustentable en el pa\u00eds. Julio, 2014.- &hellip; ver m\u00e1s","og_url":"https:\/\/colegioarquitectos.com\/noticias\/?p=5480","og_site_name":"COLEGIO DE ARQUITECTOS DE CHILE","article_publisher":"https:\/\/facebook.com\/Colegioarq\/","article_published_time":"2014-07-28T15:47:09+00:00","og_image":[{"width":688,"height":348,"url":"https:\/\/colegioarquitectos.com\/noticias\/wp-content\/uploads\/2014\/07\/destacadoframecchc.jpg","type":"image\/jpeg"}],"author":"Gabriel Salgado S.","twitter_card":"summary_large_image","twitter_creator":"@colegioarq","twitter_site":"@colegioarq","twitter_misc":{"Escrito por":"Gabriel Salgado S.","Tiempo de lectura":"3 minutos"},"schema":{"@context":"https:\/\/schema.org","@graph":[{"@type":"Article","@id":"https:\/\/colegioarquitectos.com\/noticias\/?p=5480#article","isPartOf":{"@id":"https:\/\/colegioarquitectos.com\/noticias\/?p=5480"},"author":{"name":"Gabriel Salgado S.","@id":"https:\/\/colegioarquitectos.com\/noticias\/#\/schema\/person\/b6c7e912cd1283c089114093ed09741f"},"headline":"Colegio de Arquitectos firm\u00f3 Convenio de Colaboraci\u00f3n Certificaci\u00f3n Edificio Sustentable","datePublished":"2014-07-28T15:47:09+00:00","dateModified":"2014-07-28T15:47:09+00:00","mainEntityOfPage":{"@id":"https:\/\/colegioarquitectos.com\/noticias\/?p=5480"},"wordCount":564,"commentCount":2,"publisher":{"@id":"https:\/\/colegioarquitectos.com\/noticias\/#organization"},"image":{"@id":"https:\/\/colegioarquitectos.com\/noticias\/?p=5480#primaryimage"},"thumbnailUrl":"https:\/\/colegioarquitectos.com\/noticias\/wp-content\/uploads\/2014\/07\/destacadoframecchc.jpg","articleSection":["Noticias"],"inLanguage":"es","potentialAction":[{"@type":"CommentAction","name":"Comment","target":["https:\/\/colegioarquitectos.com\/noticias\/?p=5480#respond"]}]},{"@type":"WebPage","@id":"https:\/\/colegioarquitectos.com\/noticias\/?p=5480","url":"https:\/\/colegioarquitectos.com\/noticias\/?p=5480","name":"Colegio de Arquitectos firm\u00f3 Convenio de Colaboraci\u00f3n Certificaci\u00f3n Edificio Sustentable - COLEGIO DE ARQUITECTOS DE CHILE","isPartOf":{"@id":"https:\/\/colegioarquitectos.com\/noticias\/#website"},"primaryImageOfPage":{"@id":"https:\/\/colegioarquitectos.com\/noticias\/?p=5480#primaryimage"},"image":{"@id":"https:\/\/colegioarquitectos.com\/noticias\/?p=5480#primaryimage"},"thumbnailUrl":"https:\/\/colegioarquitectos.com\/noticias\/wp-content\/uploads\/2014\/07\/destacadoframecchc.jpg","datePublished":"2014-07-28T15:47:09+00:00","dateModified":"2014-07-28T15:47:09+00:00","breadcrumb":{"@id":"https:\/\/colegioarquitectos.com\/noticias\/?p=5480#breadcrumb"},"inLanguage":"es","potentialAction":[{"@type":"ReadAction","target":["https:\/\/colegioarquitectos.com\/noticias\/?p=5480"]}]},{"@type":"ImageObject","inLanguage":"es","@id":"https:\/\/colegioarquitectos.com\/noticias\/?p=5480#primaryimage","url":"https:\/\/colegioarquitectos.com\/noticias\/wp-content\/uploads\/2014\/07\/destacadoframecchc.jpg","contentUrl":"https:\/\/colegioarquitectos.com\/noticias\/wp-content\/uploads\/2014\/07\/destacadoframecchc.jpg","width":688,"height":348},{"@type":"BreadcrumbList","@id":"https:\/\/colegioarquitectos.com\/noticias\/?p=5480#breadcrumb","itemListElement":[{"@type":"ListItem","position":1,"name":"Portada","item":"https:\/\/colegioarquitectos.com\/noticias"},{"@type":"ListItem","position":2,"name":"Colegio de Arquitectos firm\u00f3 Convenio de Colaboraci\u00f3n Certificaci\u00f3n Edificio Sustentable"}]},{"@type":"WebSite","@id":"https:\/\/colegioarquitectos.com\/noticias\/#website","url":"https:\/\/colegioarquitectos.com\/noticias\/","name":"COLEGIO DE ARQUITECTOS DE CHILE","description":"","publisher":{"@id":"https:\/\/colegioarquitectos.com\/noticias\/#organization"},"potentialAction":[{"@type":"SearchAction","target":{"@type":"EntryPoint","urlTemplate":"https:\/\/colegioarquitectos.com\/noticias\/?s={search_term_string}"},"query-input":{"@type":"PropertyValueSpecification","valueRequired":true,"valueName":"search_term_string"}}],"inLanguage":"es"},{"@type":"Organization","@id":"https:\/\/colegioarquitectos.com\/noticias\/#organization","name":"COLEGIO DE ARQUITECTOS DE CHILE","url":"https:\/\/colegioarquitectos.com\/noticias\/","logo":{"@type":"ImageObject","inLanguage":"es","@id":"https:\/\/colegioarquitectos.com\/noticias\/#\/schema\/logo\/image\/","url":"https:\/\/colegioarquitectos.com\/noticias\/wp-content\/uploads\/2021\/05\/ENCABEZADO-LOGO-CA.jpg","contentUrl":"https:\/\/colegioarquitectos.com\/noticias\/wp-content\/uploads\/2021\/05\/ENCABEZADO-LOGO-CA.jpg","width":690,"height":350,"caption":"COLEGIO DE ARQUITECTOS DE CHILE"},"image":{"@id":"https:\/\/colegioarquitectos.com\/noticias\/#\/schema\/logo\/image\/"},"sameAs":["https:\/\/facebook.com\/Colegioarq\/","https:\/\/x.com\/colegioarq","https:\/\/instagram.com\/colegioarq","https:\/\/youtube.com\/@ColegiodeArquitectosdeChile"]},{"@type":"Person","@id":"https:\/\/colegioarquitectos.com\/noticias\/#\/schema\/person\/b6c7e912cd1283c089114093ed09741f","name":"Gabriel Salgado S.","url":"https:\/\/colegioarquitectos.com\/noticias\/?author=1"}]}},"_links":{"self":[{"href":"https:\/\/colegioarquitectos.com\/noticias\/index.php?rest_route=\/wp\/v2\/posts\/5480","targetHints":{"allow":["GET"]}}],"collection":[{"href":"https:\/\/colegioarquitectos.com\/noticias\/index.php?rest_route=\/wp\/v2\/posts"}],"about":[{"href":"https:\/\/colegioarquitectos.com\/noticias\/index.php?rest_route=\/wp\/v2\/types\/post"}],"author":[{"embeddable":true,"href":"https:\/\/colegioarquitectos.com\/noticias\/index.php?rest_route=\/wp\/v2\/users\/1"}],"replies":[{"embeddable":true,"href":"https:\/\/colegioarquitectos.com\/noticias\/index.php?rest_route=%2Fwp%2Fv2%2Fcomments&post=5480"}],"version-history":[{"count":0,"href":"https:\/\/colegioarquitectos.com\/noticias\/index.php?rest_route=\/wp\/v2\/posts\/5480\/revisions"}],"wp:featuredmedia":[{"embeddable":true,"href":"https:\/\/colegioarquitectos.com\/noticias\/index.php?rest_route=\/wp\/v2\/media\/5481"}],"wp:attachment":[{"href":"https:\/\/colegioarquitectos.com\/noticias\/index.php?rest_route=%2Fwp%2Fv2%2Fmedia&parent=5480"}],"wp:term":[{"taxonomy":"category","embeddable":true,"href":"https:\/\/colegioarquitectos.com\/noticias\/index.php?rest_route=%2Fwp%2Fv2%2Fcategories&post=5480"},{"taxonomy":"post_tag","embeddable":true,"href":"https:\/\/colegioarquitectos.com\/noticias\/index.php?rest_route=%2Fwp%2Fv2%2Ftags&post=5480"}],"curies":[{"name":"wp","href":"https:\/\/api.w.org\/{rel}","templated":true}]}}