
{"id":5499,"date":"2014-07-30T17:48:20","date_gmt":"2014-07-30T17:48:20","guid":{"rendered":"http:\/\/colegioarquitectos.com\/?p=5499"},"modified":"2014-07-31T19:43:06","modified_gmt":"2014-07-31T19:43:06","slug":"colegio-de-arquitectos-entrega-a-delegado-presidencial-propuesta-urbana-para-valparaiso","status":"publish","type":"post","link":"https:\/\/colegioarquitectos.com\/noticias\/?p=5499","title":{"rendered":"Colegio de Arquitectos entrega a Delegado Presidencial propuesta urbana para Valpara\u00edso"},"content":{"rendered":"<p><strong>Luego de tres meses de trabajo multidisciplinario, el Colegio de Arquitectos termin\u00f3 un informe que entrega una propuesta de planificaci\u00f3n urbana de la ciudad de Valpara\u00edso para la zona siniestrada, que considera alternativas de Parques Urbanos, Vialidades, \u00e1reas de restituci\u00f3n ambiental, equipamientos y habilitaci\u00f3n de suelo para viviendas.<\/strong><\/p>\n<p><a title=\"PLAN MAESTRO VALPARAISO\" href=\"http:\/\/colegioarquitectos.com\/descargas\/PLANMAESTROCAV.jpg\" target=\"_blank\"><img loading=\"lazy\" decoding=\"async\" class=\"alignnone size-full wp-image-5502\" src=\"http:\/\/colegioarquitectos.com\/noticias\/wp-content\/uploads\/2014\/07\/PMCAV.jpg\" alt=\"PMCAV\" width=\"690\" height=\"577\" srcset=\"https:\/\/colegioarquitectos.com\/noticias\/wp-content\/uploads\/2014\/07\/PMCAV.jpg 690w, https:\/\/colegioarquitectos.com\/noticias\/wp-content\/uploads\/2014\/07\/PMCAV-300x250.jpg 300w\" sizes=\"auto, (max-width: 690px) 100vw, 690px\" \/><\/a><\/p>\n<p><strong>Valpara\u00edso, lunes 28 de julio 2014.<\/strong><\/p>\n<p>Debido al siniestro ocurrido el pasado 12 y 13 de Abril en el sector alto de Valpara\u00edso, el Colegio de Arquitectos Delegaci\u00f3n Valpara\u00edso conform\u00f3 una Comisi\u00f3n Especial de Reconstrucci\u00f3n, la cual convoc\u00f3 a una serie de actores locales y al cuerpo colegiado a trav\u00e9s de mesas t\u00e9cnicas desarrolladas durante tres meses.<\/p>\n<p>El objetivo busc\u00f3 aunar ideas, propuestas, reflexiones y miradas sobre las problem\u00e1ticas que involucra hoy en d\u00eda a las autoridades, sobre c\u00f3mo reconstruir y potenciar la Ciudad de Valpara\u00edso.<\/p>\n<p>Los resultados de esta propuesta fueron entregados por el Colegio de Arquitectos de Valpara\u00edso al Delegado Presidencial encargado de la Reconstrucci\u00f3n Andr\u00e9s Silva, como una forma de aportar con el an\u00e1lisis profesional y t\u00e9cnico de la entidad gremial en el desarrollo del futuro Plan Maestro comprometido por el Gobierno de la Presidenta Michelle Bachelet, tras el mega incendio que afect\u00f3 a los cerros porte\u00f1os.<\/p>\n<p>La propuesta punta hacia una ciudad justa, mediante orientaciones de equidad social, territorial y urbana para Valpara\u00edso.<\/p>\n<p>El Plan busca colocar un contexto para la reconstrucci\u00f3n de Valpara\u00edso, con un enfoque global y tiene 7 ejes:<\/p>\n<p>&#8211;\u00a0\u00a0\u00a0\u00a0\u00a0\u00a0\u00a0\u00a0\u00a0 <strong>Situar una Zona Especial de Reconstrucci\u00f3n ZER y nueva Institucionalidad<\/strong><\/p>\n<p>Concentrando dentro de un pol\u00edgono la oferta multisectorial de los Ministerios, junto con una nueva institucionalidad urbana para la ciudad.<\/p>\n<p>&#8211;\u00a0\u00a0\u00a0\u00a0\u00a0\u00a0\u00a0\u00a0\u00a0 <strong>Incrementar la dotaci\u00f3n de equipamientos y servicios p\u00fablicos <\/strong><\/p>\n<p>Promover la construcci\u00f3n de 12.000 m2 de equipamientos como de Comisar\u00edas, Cesfam, Salas de control para Bomberos, etc, aumentando los equipamientos p\u00fablicos para el sector.<\/p>\n<p>&#8211;\u00a0\u00a0\u00a0\u00a0\u00a0\u00a0\u00a0\u00a0\u00a0 <strong>Mejorar la Accesibilidad a los sectores altos del Borde Cima de la Ciudad<\/strong><\/p>\n<p>Dotar de anillos de conectividad mediante la materializaci\u00f3n de una trama vial de conectividad, junto con proveer factibilidad para servicios y redes hacia las zonas altas, disminuyendo los tiempos de traslado entre el centro y la periferia alta.<\/p>\n<p>Se propone el equipamiento de tramos de continuaci\u00f3n de la Avenida Alemania, nuevo trazado del Camino del Agua hacia el relleno urbano, nudos\u00a0 viales en el Camino La P\u00f3lvora, y corredores Transversales entre ellos.<\/p>\n<p>&#8211;\u00a0\u00a0\u00a0\u00a0\u00a0\u00a0\u00a0\u00a0\u00a0 <strong>Habilitar \u00e1reas seguras para el emplazamiento de viviendas<\/strong><\/p>\n<p>Mediante obras civiles, habilitar zonas para el emplazamiento de nuevos proyectos habitacionales con buena localizaci\u00f3n, ello implica el relleno y saneamiento de la quebrada El Litre \u00a0y Merced, situados lo m\u00e1s pr\u00f3ximo a los barrios siniestrados.<\/p>\n<p>&#8211;\u00a0\u00a0\u00a0\u00a0\u00a0\u00a0\u00a0\u00a0\u00a0 <strong>Restituir el componente medio ambiental de los corredores ecol\u00f3gicos y las quebradas<\/strong><\/p>\n<p>Recuperar el rol de corredor biol\u00f3gico de las quebradas y desarrollar un sistema de parques TRASNVERSALES que conecten ambientalmente los cerros y el plan, a trav\u00e9s de 350 h\u00e1 Parques Urbanos y 600 h\u00e1 de \u00e1reas verdes de restituci\u00f3n, mediante la figura de un Parque Metropolitano Valpara\u00edso.<\/p>\n<p>&#8211;\u00a0\u00a0\u00a0\u00a0\u00a0\u00a0\u00a0\u00a0\u00a0 <strong>Dotar de mayor superficie para la gesti\u00f3n de suelo estatal<\/strong><\/p>\n<p>Se establece la necesidad de evaluar aquellos inmuebles en abandono y que en su condici\u00f3n generen un grave da\u00f1o al entorno urbano. Mediante adquisici\u00f3n fiscal, las fajas comprendidas en las vialidades del PREMVAL y los Parques Urbanos se incorporar\u00eda nuevo suelo, el cual queda a disposici\u00f3n del Estado para prevenir la ocupaci\u00f3n irregular, propiciar su mantenci\u00f3n y administraci\u00f3n.<\/p>\n<p>&#8211;\u00a0\u00a0\u00a0\u00a0\u00a0\u00a0\u00a0\u00a0\u00a0 <strong>Re vincular las redes de oportunidad y tejido social<\/strong><\/p>\n<p>La reconstrucci\u00f3n y regeneraci\u00f3n de redes vecinales y sociales como meta, mediante\u00a0 un plan de restauraci\u00f3n social vinculado a los equipamientos vecinales y talleres, conformaci\u00f3n de gobernanzas barriales y programas comunitarios.<\/p>\n<p>&nbsp;<\/p>\n<p><strong>Durante las pr\u00f3ximas semanas, la comisi\u00f3n expondr\u00e1 el plan en la sede Nacional del Colegio de Arquitectos en Santiago, Universidades y seminarios colaborando con el amplio debate de propuestas y miradas sobre la ciudad y zona afectada.<\/strong><\/p>\n<p>&nbsp;<\/p>\n<h4><a href=\"http:\/\/colegioarquitectos.com\/descargas\/PLANCAV.pdf\" target=\"_blank\"><strong>\u00a0Descarga Documento propuesta PLAN MAESTRO VALPARAISO COLEGIO DE ARQUITECTOS DE CHILE DELEGACI\u00d3N ZONAL VALPARAISO<\/strong><\/a><\/h4>\n<p>[gview file=\u00bbhttp:\/\/colegioarquitectos.com\/descargas\/PLANCAV.pdf\u00bb height=\u00bb650px\u00bb width=\u00bb660px\u00bb cache=\u00bb0&#8243;]<\/p>\n<p>&nbsp;<\/p>\n<p><\/p>","protected":false},"excerpt":{"rendered":"<p>Luego de tres meses de trabajo multidisciplinario, el Colegio de Arquitectos termin\u00f3 un informe que entrega una propuesta de planificaci\u00f3n urbana de la ciudad de Valpara\u00edso para la zona siniestrada, que considera alternativas de Parques Urbanos, Vialidades, \u00e1reas de restituci\u00f3n &hellip; <a class=\"more-link\" href=\"https:\/\/colegioarquitectos.com\/noticias\/?p=5499\">ver m\u00e1s<\/a><\/p>","protected":false},"author":1,"featured_media":5501,"comment_status":"open","ping_status":"open","sticky":false,"template":"","format":"standard","meta":{"footnotes":""},"categories":[10],"tags":[53,52],"class_list":["post-5499","post","type-post","status-publish","format-standard","has-post-thumbnail","hentry","category-delegaciones-zonales","tag-incendio","tag-valparaiso"],"yoast_head":"<!-- This site is optimized with the Yoast SEO plugin v24.2 - https:\/\/yoast.com\/wordpress\/plugins\/seo\/ -->\n<title>Colegio de Arquitectos entrega a Delegado Presidencial propuesta urbana para Valpara\u00edso - COLEGIO DE ARQUITECTOS DE CHILE<\/title>\n<meta name=\"robots\" content=\"index, follow, max-snippet:-1, max-image-preview:large, max-video-preview:-1\" \/>\n<link rel=\"canonical\" href=\"https:\/\/colegioarquitectos.com\/noticias\/?p=5499\" \/>\n<meta property=\"og:locale\" content=\"es_ES\" \/>\n<meta property=\"og:type\" content=\"article\" \/>\n<meta property=\"og:title\" content=\"Colegio de Arquitectos entrega a Delegado Presidencial propuesta urbana para Valpara\u00edso - COLEGIO DE ARQUITECTOS DE CHILE\" \/>\n<meta property=\"og:description\" content=\"Luego de tres meses de trabajo multidisciplinario, el Colegio de Arquitectos termin\u00f3 un informe que entrega una propuesta de planificaci\u00f3n urbana de la ciudad de Valpara\u00edso para la zona siniestrada, que considera alternativas de Parques Urbanos, Vialidades, \u00e1reas de restituci\u00f3n &hellip; ver m\u00e1s\" \/>\n<meta property=\"og:url\" content=\"https:\/\/colegioarquitectos.com\/noticias\/?p=5499\" \/>\n<meta property=\"og:site_name\" content=\"COLEGIO DE ARQUITECTOS DE CHILE\" \/>\n<meta property=\"article:publisher\" content=\"https:\/\/facebook.com\/Colegioarq\/\" \/>\n<meta property=\"article:published_time\" content=\"2014-07-30T17:48:20+00:00\" \/>\n<meta property=\"article:modified_time\" content=\"2014-07-31T19:43:06+00:00\" \/>\n<meta property=\"og:image\" content=\"https:\/\/colegioarquitectos.com\/noticias\/wp-content\/uploads\/2014\/07\/DESTACADOPMV.jpg\" \/>\n\t<meta property=\"og:image:width\" content=\"688\" \/>\n\t<meta property=\"og:image:height\" content=\"348\" \/>\n\t<meta property=\"og:image:type\" content=\"image\/jpeg\" \/>\n<meta name=\"author\" content=\"Gabriel Salgado S.\" \/>\n<meta name=\"twitter:card\" content=\"summary_large_image\" \/>\n<meta name=\"twitter:creator\" content=\"@colegioarq\" \/>\n<meta name=\"twitter:site\" content=\"@colegioarq\" \/>\n<meta name=\"twitter:label1\" content=\"Escrito por\" \/>\n\t<meta name=\"twitter:data1\" content=\"Gabriel Salgado S.\" \/>\n\t<meta name=\"twitter:label2\" content=\"Tiempo de lectura\" \/>\n\t<meta name=\"twitter:data2\" content=\"4 minutos\" \/>\n<script type=\"application\/ld+json\" class=\"yoast-schema-graph\">{\"@context\":\"https:\/\/schema.org\",\"@graph\":[{\"@type\":\"Article\",\"@id\":\"https:\/\/colegioarquitectos.com\/noticias\/?p=5499#article\",\"isPartOf\":{\"@id\":\"https:\/\/colegioarquitectos.com\/noticias\/?p=5499\"},\"author\":{\"name\":\"Gabriel Salgado S.\",\"@id\":\"https:\/\/colegioarquitectos.com\/noticias\/#\/schema\/person\/b6c7e912cd1283c089114093ed09741f\"},\"headline\":\"Colegio de Arquitectos entrega a Delegado Presidencial propuesta urbana para Valpara\u00edso\",\"datePublished\":\"2014-07-30T17:48:20+00:00\",\"dateModified\":\"2014-07-31T19:43:06+00:00\",\"mainEntityOfPage\":{\"@id\":\"https:\/\/colegioarquitectos.com\/noticias\/?p=5499\"},\"wordCount\":730,\"commentCount\":2,\"publisher\":{\"@id\":\"https:\/\/colegioarquitectos.com\/noticias\/#organization\"},\"image\":{\"@id\":\"https:\/\/colegioarquitectos.com\/noticias\/?p=5499#primaryimage\"},\"thumbnailUrl\":\"https:\/\/colegioarquitectos.com\/noticias\/wp-content\/uploads\/2014\/07\/DESTACADOPMV.jpg\",\"keywords\":[\"INCENDIO\",\"VALPARAISO\"],\"articleSection\":[\"Delegaciones\"],\"inLanguage\":\"es\",\"potentialAction\":[{\"@type\":\"CommentAction\",\"name\":\"Comment\",\"target\":[\"https:\/\/colegioarquitectos.com\/noticias\/?p=5499#respond\"]}]},{\"@type\":\"WebPage\",\"@id\":\"https:\/\/colegioarquitectos.com\/noticias\/?p=5499\",\"url\":\"https:\/\/colegioarquitectos.com\/noticias\/?p=5499\",\"name\":\"Colegio de Arquitectos entrega a Delegado Presidencial propuesta urbana para Valpara\u00edso - COLEGIO DE ARQUITECTOS DE CHILE\",\"isPartOf\":{\"@id\":\"https:\/\/colegioarquitectos.com\/noticias\/#website\"},\"primaryImageOfPage\":{\"@id\":\"https:\/\/colegioarquitectos.com\/noticias\/?p=5499#primaryimage\"},\"image\":{\"@id\":\"https:\/\/colegioarquitectos.com\/noticias\/?p=5499#primaryimage\"},\"thumbnailUrl\":\"https:\/\/colegioarquitectos.com\/noticias\/wp-content\/uploads\/2014\/07\/DESTACADOPMV.jpg\",\"datePublished\":\"2014-07-30T17:48:20+00:00\",\"dateModified\":\"2014-07-31T19:43:06+00:00\",\"breadcrumb\":{\"@id\":\"https:\/\/colegioarquitectos.com\/noticias\/?p=5499#breadcrumb\"},\"inLanguage\":\"es\",\"potentialAction\":[{\"@type\":\"ReadAction\",\"target\":[\"https:\/\/colegioarquitectos.com\/noticias\/?p=5499\"]}]},{\"@type\":\"ImageObject\",\"inLanguage\":\"es\",\"@id\":\"https:\/\/colegioarquitectos.com\/noticias\/?p=5499#primaryimage\",\"url\":\"https:\/\/colegioarquitectos.com\/noticias\/wp-content\/uploads\/2014\/07\/DESTACADOPMV.jpg\",\"contentUrl\":\"https:\/\/colegioarquitectos.com\/noticias\/wp-content\/uploads\/2014\/07\/DESTACADOPMV.jpg\",\"width\":688,\"height\":348},{\"@type\":\"BreadcrumbList\",\"@id\":\"https:\/\/colegioarquitectos.com\/noticias\/?p=5499#breadcrumb\",\"itemListElement\":[{\"@type\":\"ListItem\",\"position\":1,\"name\":\"Portada\",\"item\":\"https:\/\/colegioarquitectos.com\/noticias\"},{\"@type\":\"ListItem\",\"position\":2,\"name\":\"Colegio de Arquitectos entrega a Delegado Presidencial propuesta urbana para Valpara\u00edso\"}]},{\"@type\":\"WebSite\",\"@id\":\"https:\/\/colegioarquitectos.com\/noticias\/#website\",\"url\":\"https:\/\/colegioarquitectos.com\/noticias\/\",\"name\":\"COLEGIO DE ARQUITECTOS DE CHILE\",\"description\":\"\",\"publisher\":{\"@id\":\"https:\/\/colegioarquitectos.com\/noticias\/#organization\"},\"potentialAction\":[{\"@type\":\"SearchAction\",\"target\":{\"@type\":\"EntryPoint\",\"urlTemplate\":\"https:\/\/colegioarquitectos.com\/noticias\/?s={search_term_string}\"},\"query-input\":{\"@type\":\"PropertyValueSpecification\",\"valueRequired\":true,\"valueName\":\"search_term_string\"}}],\"inLanguage\":\"es\"},{\"@type\":\"Organization\",\"@id\":\"https:\/\/colegioarquitectos.com\/noticias\/#organization\",\"name\":\"COLEGIO DE ARQUITECTOS DE CHILE\",\"url\":\"https:\/\/colegioarquitectos.com\/noticias\/\",\"logo\":{\"@type\":\"ImageObject\",\"inLanguage\":\"es\",\"@id\":\"https:\/\/colegioarquitectos.com\/noticias\/#\/schema\/logo\/image\/\",\"url\":\"https:\/\/colegioarquitectos.com\/noticias\/wp-content\/uploads\/2021\/05\/ENCABEZADO-LOGO-CA.jpg\",\"contentUrl\":\"https:\/\/colegioarquitectos.com\/noticias\/wp-content\/uploads\/2021\/05\/ENCABEZADO-LOGO-CA.jpg\",\"width\":690,\"height\":350,\"caption\":\"COLEGIO DE ARQUITECTOS DE CHILE\"},\"image\":{\"@id\":\"https:\/\/colegioarquitectos.com\/noticias\/#\/schema\/logo\/image\/\"},\"sameAs\":[\"https:\/\/facebook.com\/Colegioarq\/\",\"https:\/\/x.com\/colegioarq\",\"https:\/\/instagram.com\/colegioarq\",\"https:\/\/youtube.com\/@ColegiodeArquitectosdeChile\"]},{\"@type\":\"Person\",\"@id\":\"https:\/\/colegioarquitectos.com\/noticias\/#\/schema\/person\/b6c7e912cd1283c089114093ed09741f\",\"name\":\"Gabriel Salgado S.\",\"url\":\"https:\/\/colegioarquitectos.com\/noticias\/?author=1\"}]}<\/script>\n<!-- \/ Yoast SEO plugin. -->","yoast_head_json":{"title":"Colegio de Arquitectos entrega a Delegado Presidencial propuesta urbana para Valpara\u00edso - COLEGIO DE ARQUITECTOS DE CHILE","robots":{"index":"index","follow":"follow","max-snippet":"max-snippet:-1","max-image-preview":"max-image-preview:large","max-video-preview":"max-video-preview:-1"},"canonical":"https:\/\/colegioarquitectos.com\/noticias\/?p=5499","og_locale":"es_ES","og_type":"article","og_title":"Colegio de Arquitectos entrega a Delegado Presidencial propuesta urbana para Valpara\u00edso - COLEGIO DE ARQUITECTOS DE CHILE","og_description":"Luego de tres meses de trabajo multidisciplinario, el Colegio de Arquitectos termin\u00f3 un informe que entrega una propuesta de planificaci\u00f3n urbana de la ciudad de Valpara\u00edso para la zona siniestrada, que considera alternativas de Parques Urbanos, Vialidades, \u00e1reas de restituci\u00f3n &hellip; ver m\u00e1s","og_url":"https:\/\/colegioarquitectos.com\/noticias\/?p=5499","og_site_name":"COLEGIO DE ARQUITECTOS DE CHILE","article_publisher":"https:\/\/facebook.com\/Colegioarq\/","article_published_time":"2014-07-30T17:48:20+00:00","article_modified_time":"2014-07-31T19:43:06+00:00","og_image":[{"width":688,"height":348,"url":"https:\/\/colegioarquitectos.com\/noticias\/wp-content\/uploads\/2014\/07\/DESTACADOPMV.jpg","type":"image\/jpeg"}],"author":"Gabriel Salgado S.","twitter_card":"summary_large_image","twitter_creator":"@colegioarq","twitter_site":"@colegioarq","twitter_misc":{"Escrito por":"Gabriel Salgado S.","Tiempo de lectura":"4 minutos"},"schema":{"@context":"https:\/\/schema.org","@graph":[{"@type":"Article","@id":"https:\/\/colegioarquitectos.com\/noticias\/?p=5499#article","isPartOf":{"@id":"https:\/\/colegioarquitectos.com\/noticias\/?p=5499"},"author":{"name":"Gabriel Salgado S.","@id":"https:\/\/colegioarquitectos.com\/noticias\/#\/schema\/person\/b6c7e912cd1283c089114093ed09741f"},"headline":"Colegio de Arquitectos entrega a Delegado Presidencial propuesta urbana para Valpara\u00edso","datePublished":"2014-07-30T17:48:20+00:00","dateModified":"2014-07-31T19:43:06+00:00","mainEntityOfPage":{"@id":"https:\/\/colegioarquitectos.com\/noticias\/?p=5499"},"wordCount":730,"commentCount":2,"publisher":{"@id":"https:\/\/colegioarquitectos.com\/noticias\/#organization"},"image":{"@id":"https:\/\/colegioarquitectos.com\/noticias\/?p=5499#primaryimage"},"thumbnailUrl":"https:\/\/colegioarquitectos.com\/noticias\/wp-content\/uploads\/2014\/07\/DESTACADOPMV.jpg","keywords":["INCENDIO","VALPARAISO"],"articleSection":["Delegaciones"],"inLanguage":"es","potentialAction":[{"@type":"CommentAction","name":"Comment","target":["https:\/\/colegioarquitectos.com\/noticias\/?p=5499#respond"]}]},{"@type":"WebPage","@id":"https:\/\/colegioarquitectos.com\/noticias\/?p=5499","url":"https:\/\/colegioarquitectos.com\/noticias\/?p=5499","name":"Colegio de Arquitectos entrega a Delegado Presidencial propuesta urbana para Valpara\u00edso - COLEGIO DE ARQUITECTOS DE CHILE","isPartOf":{"@id":"https:\/\/colegioarquitectos.com\/noticias\/#website"},"primaryImageOfPage":{"@id":"https:\/\/colegioarquitectos.com\/noticias\/?p=5499#primaryimage"},"image":{"@id":"https:\/\/colegioarquitectos.com\/noticias\/?p=5499#primaryimage"},"thumbnailUrl":"https:\/\/colegioarquitectos.com\/noticias\/wp-content\/uploads\/2014\/07\/DESTACADOPMV.jpg","datePublished":"2014-07-30T17:48:20+00:00","dateModified":"2014-07-31T19:43:06+00:00","breadcrumb":{"@id":"https:\/\/colegioarquitectos.com\/noticias\/?p=5499#breadcrumb"},"inLanguage":"es","potentialAction":[{"@type":"ReadAction","target":["https:\/\/colegioarquitectos.com\/noticias\/?p=5499"]}]},{"@type":"ImageObject","inLanguage":"es","@id":"https:\/\/colegioarquitectos.com\/noticias\/?p=5499#primaryimage","url":"https:\/\/colegioarquitectos.com\/noticias\/wp-content\/uploads\/2014\/07\/DESTACADOPMV.jpg","contentUrl":"https:\/\/colegioarquitectos.com\/noticias\/wp-content\/uploads\/2014\/07\/DESTACADOPMV.jpg","width":688,"height":348},{"@type":"BreadcrumbList","@id":"https:\/\/colegioarquitectos.com\/noticias\/?p=5499#breadcrumb","itemListElement":[{"@type":"ListItem","position":1,"name":"Portada","item":"https:\/\/colegioarquitectos.com\/noticias"},{"@type":"ListItem","position":2,"name":"Colegio de Arquitectos entrega a Delegado Presidencial propuesta urbana para Valpara\u00edso"}]},{"@type":"WebSite","@id":"https:\/\/colegioarquitectos.com\/noticias\/#website","url":"https:\/\/colegioarquitectos.com\/noticias\/","name":"COLEGIO DE ARQUITECTOS DE CHILE","description":"","publisher":{"@id":"https:\/\/colegioarquitectos.com\/noticias\/#organization"},"potentialAction":[{"@type":"SearchAction","target":{"@type":"EntryPoint","urlTemplate":"https:\/\/colegioarquitectos.com\/noticias\/?s={search_term_string}"},"query-input":{"@type":"PropertyValueSpecification","valueRequired":true,"valueName":"search_term_string"}}],"inLanguage":"es"},{"@type":"Organization","@id":"https:\/\/colegioarquitectos.com\/noticias\/#organization","name":"COLEGIO DE ARQUITECTOS DE CHILE","url":"https:\/\/colegioarquitectos.com\/noticias\/","logo":{"@type":"ImageObject","inLanguage":"es","@id":"https:\/\/colegioarquitectos.com\/noticias\/#\/schema\/logo\/image\/","url":"https:\/\/colegioarquitectos.com\/noticias\/wp-content\/uploads\/2021\/05\/ENCABEZADO-LOGO-CA.jpg","contentUrl":"https:\/\/colegioarquitectos.com\/noticias\/wp-content\/uploads\/2021\/05\/ENCABEZADO-LOGO-CA.jpg","width":690,"height":350,"caption":"COLEGIO DE ARQUITECTOS DE CHILE"},"image":{"@id":"https:\/\/colegioarquitectos.com\/noticias\/#\/schema\/logo\/image\/"},"sameAs":["https:\/\/facebook.com\/Colegioarq\/","https:\/\/x.com\/colegioarq","https:\/\/instagram.com\/colegioarq","https:\/\/youtube.com\/@ColegiodeArquitectosdeChile"]},{"@type":"Person","@id":"https:\/\/colegioarquitectos.com\/noticias\/#\/schema\/person\/b6c7e912cd1283c089114093ed09741f","name":"Gabriel Salgado S.","url":"https:\/\/colegioarquitectos.com\/noticias\/?author=1"}]}},"_links":{"self":[{"href":"https:\/\/colegioarquitectos.com\/noticias\/index.php?rest_route=\/wp\/v2\/posts\/5499","targetHints":{"allow":["GET"]}}],"collection":[{"href":"https:\/\/colegioarquitectos.com\/noticias\/index.php?rest_route=\/wp\/v2\/posts"}],"about":[{"href":"https:\/\/colegioarquitectos.com\/noticias\/index.php?rest_route=\/wp\/v2\/types\/post"}],"author":[{"embeddable":true,"href":"https:\/\/colegioarquitectos.com\/noticias\/index.php?rest_route=\/wp\/v2\/users\/1"}],"replies":[{"embeddable":true,"href":"https:\/\/colegioarquitectos.com\/noticias\/index.php?rest_route=%2Fwp%2Fv2%2Fcomments&post=5499"}],"version-history":[{"count":0,"href":"https:\/\/colegioarquitectos.com\/noticias\/index.php?rest_route=\/wp\/v2\/posts\/5499\/revisions"}],"wp:featuredmedia":[{"embeddable":true,"href":"https:\/\/colegioarquitectos.com\/noticias\/index.php?rest_route=\/wp\/v2\/media\/5501"}],"wp:attachment":[{"href":"https:\/\/colegioarquitectos.com\/noticias\/index.php?rest_route=%2Fwp%2Fv2%2Fmedia&parent=5499"}],"wp:term":[{"taxonomy":"category","embeddable":true,"href":"https:\/\/colegioarquitectos.com\/noticias\/index.php?rest_route=%2Fwp%2Fv2%2Fcategories&post=5499"},{"taxonomy":"post_tag","embeddable":true,"href":"https:\/\/colegioarquitectos.com\/noticias\/index.php?rest_route=%2Fwp%2Fv2%2Ftags&post=5499"}],"curies":[{"name":"wp","href":"https:\/\/api.w.org\/{rel}","templated":true}]}}