
{"id":5523,"date":"2014-08-07T21:16:19","date_gmt":"2014-08-07T21:16:19","guid":{"rendered":"http:\/\/colegioarquitectos.com\/?p=5523"},"modified":"2014-08-07T21:16:19","modified_gmt":"2014-08-07T21:16:19","slug":"valeria-catafau-zegers-presento-su-renuncia-como-miembro-del-directorio-nacional","status":"publish","type":"post","link":"https:\/\/colegioarquitectos.com\/noticias\/?p=5523","title":{"rendered":"Valeria Catafau Zegers present\u00f3 su renuncia como miembro del Directorio Nacional"},"content":{"rendered":"<p style=\"text-align: justify;\">Con fecha 4 de Julio y en la sesi\u00f3n 12-2014 del Directorio Nacional, la Vicepresidenta Nacional Valeria Catafau Zegers present\u00f3 su renuncia como miembro del Directorio Nacional, explicando las razones personas y profesionales que la llevaron a tomar esa decisi\u00f3n en carta que transcribimos a continuaci\u00f3n:<\/p>\n<p style=\"text-align: justify;\">\u00a0\u201cEstimados Directores y Comunidad del Colegio de Arquitectos:<\/p>\n<p style=\"text-align: justify;\">Debo comunicar a ustedes que, luego de pensarlo detenidamente y por alg\u00fan tiempo,\u00a0 he decidido renunciar a mi cargo de Vicepresidenta de Asuntos Internos y a mi rol en el Directorio Nacional, decisi\u00f3n la cual he debido tomar por razones personales.<\/p>\n<p style=\"text-align: justify;\">\u00a0Quisiera expresarles los motivos por los cuales no fue f\u00e1cil tomar dicha decisi\u00f3n; contarles por ejemplo, que creo que los arquitectos que trabajan voluntariamente para nuestro Colegio son personas excepcionales, demostrado en la inmensa generosidad con la cual se desempe\u00f1an d\u00eda a d\u00eda en las diversas tem\u00e1ticas que nos unen, sacrificando tiempos individuales en virtud de fortalecer nuestra profesi\u00f3n y la relaci\u00f3n de \u00e9sta para con la sociedad. Que durante el tiempo que llevo trabajando en el Colegio, estos arquitectos han aportado enormemente a mi desarrollo profesional y personal, estableciendo relaciones de mucho cari\u00f1o y compa\u00f1erismo. Contarles que sigo creyendo que es a trav\u00e9s del Colegio de Arquitectos donde podemos expresar nuestras visiones e ideales, cr\u00edticas y aportes, preocupaciones y alertas, entendiendo que los arquitectos organizados tenemos m\u00e1s fuerza y representatividad, ha sido el Colegio de Arquitectos la instituci\u00f3n la cual durante la historia ha cumplido la funci\u00f3n de representarnos y creo que fortalecerla es una obligaci\u00f3n para nosotros como arquitectos.<\/p>\n<p style=\"text-align: justify;\">Adem\u00e1s contarles que me siento satisfecha por los peque\u00f1os aportes con los que pude contribuir desde mis cargos al fortalecimiento del Colegio donde destacan; primero, dar pasos importantes en el desarrollo de iniciativas de obtenci\u00f3n de fondos p\u00fablicos, con la materializaci\u00f3n de distintos esfuerzos a trav\u00e9s de la adjudicaci\u00f3n del FONDART para el desarrollo de la Bienal 2015 y Organizaci\u00f3n de la versi\u00f3n de la misma del 2017, donde por primera vez pudimos lograr realizar un concurso abierto para su curator\u00eda, impulsando una participaci\u00f3n m\u00e1s inclusiva y la incorporaci\u00f3n de iniciativas vanguardistas atingentes a los nuevos tiempos. Segundo, la realizaci\u00f3n de un Plan de Gesti\u00f3n de Nuestra Sede Nacional, donde se han impulsado y reunido las distintas iniciativas que buscan poner en valor nuestra sede Nacional con estrategias de corto y largo plazo, las cuales espero puedan concretarse con las acciones realizadas en conjunto con el Comit\u00e9 de Patrimonio a quienes adem\u00e1s he representado en el Directorio en las m\u00faltiples acciones que emprende este valioso grupo de colegas.<\/p>\n<p style=\"text-align: justify;\">Contarles que seguir\u00e9 trabajando para el\u00a0 Colegio desde el Comit\u00e9 de Patrimonio, presidiendo adem\u00e1s la Comisi\u00f3n Fachada la cual fue nombrada por el Ex Presidente del Colegio, Luis Eduardo Bresciani, para coordinar las iniciativas de recuperaci\u00f3n de la fachada de la sede.<\/p>\n<p style=\"text-align: justify;\">Quiero desearle a la actual directiva, suerte y\u00a0 fuerza para concluir la gesti\u00f3n que hemos iniciado, la cual conf\u00edo tendr\u00e1 los frutos esperados. Agradecer a cada uno de ustedes por darme la oportunidad de contribuir y a las personas que a diario trabajan para nuestro gremio por\u00a0 su entrega y dedicaci\u00f3n.<\/p>\n<p style=\"text-align: justify;\"><strong>VALERIA CATAFAU ZEGERS<\/strong><\/p>\n<p style=\"text-align: justify;\">Arquitecta ICA 7792<\/p>\n<p style=\"text-align: justify;\">El Directorio Nacional acord\u00f3 dejar constancia p\u00fablica y en acta de esa reuni\u00f3n de su agradecimiento por la labor desarrollada en dos per\u00edodos consecutivos como miembro del Directorio, as\u00ed como el aporte y entrega de la arquitecta Catafau en todas las actividades que desarroll\u00f3 en el ejercicio de su cargo.<\/p>\n<p><\/p>","protected":false},"excerpt":{"rendered":"<p>Con fecha 4 de Julio y en la sesi\u00f3n 12-2014 del Directorio Nacional, la Vicepresidenta Nacional Valeria Catafau Zegers present\u00f3 su renuncia como miembro del Directorio Nacional, explicando las razones personas y profesionales que la llevaron a tomar esa decisi\u00f3n &hellip; <a class=\"more-link\" href=\"https:\/\/colegioarquitectos.com\/noticias\/?p=5523\">ver m\u00e1s<\/a><\/p>","protected":false},"author":1,"featured_media":0,"comment_status":"open","ping_status":"open","sticky":false,"template":"","format":"standard","meta":{"footnotes":""},"categories":[8],"tags":[],"class_list":["post-5523","post","type-post","status-publish","format-standard","hentry","category-colegio-de-arquitectos"],"yoast_head":"<!-- This site is optimized with the Yoast SEO plugin v24.2 - https:\/\/yoast.com\/wordpress\/plugins\/seo\/ -->\n<title>Valeria Catafau Zegers present\u00f3 su renuncia como miembro del Directorio Nacional - COLEGIO DE ARQUITECTOS DE CHILE<\/title>\n<meta name=\"robots\" content=\"index, follow, max-snippet:-1, max-image-preview:large, max-video-preview:-1\" \/>\n<link rel=\"canonical\" href=\"https:\/\/colegioarquitectos.com\/noticias\/?p=5523\" \/>\n<meta property=\"og:locale\" content=\"es_ES\" \/>\n<meta property=\"og:type\" content=\"article\" \/>\n<meta property=\"og:title\" content=\"Valeria Catafau Zegers present\u00f3 su renuncia como miembro del Directorio Nacional - COLEGIO DE ARQUITECTOS DE CHILE\" \/>\n<meta property=\"og:description\" content=\"Con fecha 4 de Julio y en la sesi\u00f3n 12-2014 del Directorio Nacional, la Vicepresidenta Nacional Valeria Catafau Zegers present\u00f3 su renuncia como miembro del Directorio Nacional, explicando las razones personas y profesionales que la llevaron a tomar esa decisi\u00f3n &hellip; ver m\u00e1s\" \/>\n<meta property=\"og:url\" content=\"https:\/\/colegioarquitectos.com\/noticias\/?p=5523\" \/>\n<meta property=\"og:site_name\" content=\"COLEGIO DE ARQUITECTOS DE CHILE\" \/>\n<meta property=\"article:publisher\" content=\"https:\/\/facebook.com\/Colegioarq\/\" \/>\n<meta property=\"article:published_time\" content=\"2014-08-07T21:16:19+00:00\" \/>\n<meta name=\"author\" content=\"Gabriel Salgado S.\" \/>\n<meta name=\"twitter:card\" content=\"summary_large_image\" \/>\n<meta name=\"twitter:creator\" content=\"@colegioarq\" \/>\n<meta name=\"twitter:site\" content=\"@colegioarq\" \/>\n<meta name=\"twitter:label1\" content=\"Escrito por\" \/>\n\t<meta name=\"twitter:data1\" content=\"Gabriel Salgado S.\" \/>\n\t<meta name=\"twitter:label2\" content=\"Tiempo de lectura\" \/>\n\t<meta name=\"twitter:data2\" content=\"3 minutos\" \/>\n<script type=\"application\/ld+json\" class=\"yoast-schema-graph\">{\"@context\":\"https:\/\/schema.org\",\"@graph\":[{\"@type\":\"Article\",\"@id\":\"https:\/\/colegioarquitectos.com\/noticias\/?p=5523#article\",\"isPartOf\":{\"@id\":\"https:\/\/colegioarquitectos.com\/noticias\/?p=5523\"},\"author\":{\"name\":\"Gabriel Salgado S.\",\"@id\":\"https:\/\/colegioarquitectos.com\/noticias\/#\/schema\/person\/b6c7e912cd1283c089114093ed09741f\"},\"headline\":\"Valeria Catafau Zegers present\u00f3 su renuncia como miembro del Directorio Nacional\",\"datePublished\":\"2014-08-07T21:16:19+00:00\",\"dateModified\":\"2014-08-07T21:16:19+00:00\",\"mainEntityOfPage\":{\"@id\":\"https:\/\/colegioarquitectos.com\/noticias\/?p=5523\"},\"wordCount\":627,\"commentCount\":0,\"publisher\":{\"@id\":\"https:\/\/colegioarquitectos.com\/noticias\/#organization\"},\"articleSection\":[\"Colegio\"],\"inLanguage\":\"es\",\"potentialAction\":[{\"@type\":\"CommentAction\",\"name\":\"Comment\",\"target\":[\"https:\/\/colegioarquitectos.com\/noticias\/?p=5523#respond\"]}]},{\"@type\":\"WebPage\",\"@id\":\"https:\/\/colegioarquitectos.com\/noticias\/?p=5523\",\"url\":\"https:\/\/colegioarquitectos.com\/noticias\/?p=5523\",\"name\":\"Valeria Catafau Zegers present\u00f3 su renuncia como miembro del Directorio Nacional - COLEGIO DE ARQUITECTOS DE CHILE\",\"isPartOf\":{\"@id\":\"https:\/\/colegioarquitectos.com\/noticias\/#website\"},\"datePublished\":\"2014-08-07T21:16:19+00:00\",\"dateModified\":\"2014-08-07T21:16:19+00:00\",\"breadcrumb\":{\"@id\":\"https:\/\/colegioarquitectos.com\/noticias\/?p=5523#breadcrumb\"},\"inLanguage\":\"es\",\"potentialAction\":[{\"@type\":\"ReadAction\",\"target\":[\"https:\/\/colegioarquitectos.com\/noticias\/?p=5523\"]}]},{\"@type\":\"BreadcrumbList\",\"@id\":\"https:\/\/colegioarquitectos.com\/noticias\/?p=5523#breadcrumb\",\"itemListElement\":[{\"@type\":\"ListItem\",\"position\":1,\"name\":\"Portada\",\"item\":\"https:\/\/colegioarquitectos.com\/noticias\"},{\"@type\":\"ListItem\",\"position\":2,\"name\":\"Valeria Catafau Zegers present\u00f3 su renuncia como miembro del Directorio Nacional\"}]},{\"@type\":\"WebSite\",\"@id\":\"https:\/\/colegioarquitectos.com\/noticias\/#website\",\"url\":\"https:\/\/colegioarquitectos.com\/noticias\/\",\"name\":\"COLEGIO DE ARQUITECTOS DE CHILE\",\"description\":\"\",\"publisher\":{\"@id\":\"https:\/\/colegioarquitectos.com\/noticias\/#organization\"},\"potentialAction\":[{\"@type\":\"SearchAction\",\"target\":{\"@type\":\"EntryPoint\",\"urlTemplate\":\"https:\/\/colegioarquitectos.com\/noticias\/?s={search_term_string}\"},\"query-input\":{\"@type\":\"PropertyValueSpecification\",\"valueRequired\":true,\"valueName\":\"search_term_string\"}}],\"inLanguage\":\"es\"},{\"@type\":\"Organization\",\"@id\":\"https:\/\/colegioarquitectos.com\/noticias\/#organization\",\"name\":\"COLEGIO DE ARQUITECTOS DE CHILE\",\"url\":\"https:\/\/colegioarquitectos.com\/noticias\/\",\"logo\":{\"@type\":\"ImageObject\",\"inLanguage\":\"es\",\"@id\":\"https:\/\/colegioarquitectos.com\/noticias\/#\/schema\/logo\/image\/\",\"url\":\"https:\/\/colegioarquitectos.com\/noticias\/wp-content\/uploads\/2021\/05\/ENCABEZADO-LOGO-CA.jpg\",\"contentUrl\":\"https:\/\/colegioarquitectos.com\/noticias\/wp-content\/uploads\/2021\/05\/ENCABEZADO-LOGO-CA.jpg\",\"width\":690,\"height\":350,\"caption\":\"COLEGIO DE ARQUITECTOS DE CHILE\"},\"image\":{\"@id\":\"https:\/\/colegioarquitectos.com\/noticias\/#\/schema\/logo\/image\/\"},\"sameAs\":[\"https:\/\/facebook.com\/Colegioarq\/\",\"https:\/\/x.com\/colegioarq\",\"https:\/\/instagram.com\/colegioarq\",\"https:\/\/youtube.com\/@ColegiodeArquitectosdeChile\"]},{\"@type\":\"Person\",\"@id\":\"https:\/\/colegioarquitectos.com\/noticias\/#\/schema\/person\/b6c7e912cd1283c089114093ed09741f\",\"name\":\"Gabriel Salgado S.\",\"url\":\"https:\/\/colegioarquitectos.com\/noticias\/?author=1\"}]}<\/script>\n<!-- \/ Yoast SEO plugin. -->","yoast_head_json":{"title":"Valeria Catafau Zegers present\u00f3 su renuncia como miembro del Directorio Nacional - COLEGIO DE ARQUITECTOS DE CHILE","robots":{"index":"index","follow":"follow","max-snippet":"max-snippet:-1","max-image-preview":"max-image-preview:large","max-video-preview":"max-video-preview:-1"},"canonical":"https:\/\/colegioarquitectos.com\/noticias\/?p=5523","og_locale":"es_ES","og_type":"article","og_title":"Valeria Catafau Zegers present\u00f3 su renuncia como miembro del Directorio Nacional - COLEGIO DE ARQUITECTOS DE CHILE","og_description":"Con fecha 4 de Julio y en la sesi\u00f3n 12-2014 del Directorio Nacional, la Vicepresidenta Nacional Valeria Catafau Zegers present\u00f3 su renuncia como miembro del Directorio Nacional, explicando las razones personas y profesionales que la llevaron a tomar esa decisi\u00f3n &hellip; ver m\u00e1s","og_url":"https:\/\/colegioarquitectos.com\/noticias\/?p=5523","og_site_name":"COLEGIO DE ARQUITECTOS DE CHILE","article_publisher":"https:\/\/facebook.com\/Colegioarq\/","article_published_time":"2014-08-07T21:16:19+00:00","author":"Gabriel Salgado S.","twitter_card":"summary_large_image","twitter_creator":"@colegioarq","twitter_site":"@colegioarq","twitter_misc":{"Escrito por":"Gabriel Salgado S.","Tiempo de lectura":"3 minutos"},"schema":{"@context":"https:\/\/schema.org","@graph":[{"@type":"Article","@id":"https:\/\/colegioarquitectos.com\/noticias\/?p=5523#article","isPartOf":{"@id":"https:\/\/colegioarquitectos.com\/noticias\/?p=5523"},"author":{"name":"Gabriel Salgado S.","@id":"https:\/\/colegioarquitectos.com\/noticias\/#\/schema\/person\/b6c7e912cd1283c089114093ed09741f"},"headline":"Valeria Catafau Zegers present\u00f3 su renuncia como miembro del Directorio Nacional","datePublished":"2014-08-07T21:16:19+00:00","dateModified":"2014-08-07T21:16:19+00:00","mainEntityOfPage":{"@id":"https:\/\/colegioarquitectos.com\/noticias\/?p=5523"},"wordCount":627,"commentCount":0,"publisher":{"@id":"https:\/\/colegioarquitectos.com\/noticias\/#organization"},"articleSection":["Colegio"],"inLanguage":"es","potentialAction":[{"@type":"CommentAction","name":"Comment","target":["https:\/\/colegioarquitectos.com\/noticias\/?p=5523#respond"]}]},{"@type":"WebPage","@id":"https:\/\/colegioarquitectos.com\/noticias\/?p=5523","url":"https:\/\/colegioarquitectos.com\/noticias\/?p=5523","name":"Valeria Catafau Zegers present\u00f3 su renuncia como miembro del Directorio Nacional - COLEGIO DE ARQUITECTOS DE CHILE","isPartOf":{"@id":"https:\/\/colegioarquitectos.com\/noticias\/#website"},"datePublished":"2014-08-07T21:16:19+00:00","dateModified":"2014-08-07T21:16:19+00:00","breadcrumb":{"@id":"https:\/\/colegioarquitectos.com\/noticias\/?p=5523#breadcrumb"},"inLanguage":"es","potentialAction":[{"@type":"ReadAction","target":["https:\/\/colegioarquitectos.com\/noticias\/?p=5523"]}]},{"@type":"BreadcrumbList","@id":"https:\/\/colegioarquitectos.com\/noticias\/?p=5523#breadcrumb","itemListElement":[{"@type":"ListItem","position":1,"name":"Portada","item":"https:\/\/colegioarquitectos.com\/noticias"},{"@type":"ListItem","position":2,"name":"Valeria Catafau Zegers present\u00f3 su renuncia como miembro del Directorio Nacional"}]},{"@type":"WebSite","@id":"https:\/\/colegioarquitectos.com\/noticias\/#website","url":"https:\/\/colegioarquitectos.com\/noticias\/","name":"COLEGIO DE ARQUITECTOS DE CHILE","description":"","publisher":{"@id":"https:\/\/colegioarquitectos.com\/noticias\/#organization"},"potentialAction":[{"@type":"SearchAction","target":{"@type":"EntryPoint","urlTemplate":"https:\/\/colegioarquitectos.com\/noticias\/?s={search_term_string}"},"query-input":{"@type":"PropertyValueSpecification","valueRequired":true,"valueName":"search_term_string"}}],"inLanguage":"es"},{"@type":"Organization","@id":"https:\/\/colegioarquitectos.com\/noticias\/#organization","name":"COLEGIO DE ARQUITECTOS DE CHILE","url":"https:\/\/colegioarquitectos.com\/noticias\/","logo":{"@type":"ImageObject","inLanguage":"es","@id":"https:\/\/colegioarquitectos.com\/noticias\/#\/schema\/logo\/image\/","url":"https:\/\/colegioarquitectos.com\/noticias\/wp-content\/uploads\/2021\/05\/ENCABEZADO-LOGO-CA.jpg","contentUrl":"https:\/\/colegioarquitectos.com\/noticias\/wp-content\/uploads\/2021\/05\/ENCABEZADO-LOGO-CA.jpg","width":690,"height":350,"caption":"COLEGIO DE ARQUITECTOS DE CHILE"},"image":{"@id":"https:\/\/colegioarquitectos.com\/noticias\/#\/schema\/logo\/image\/"},"sameAs":["https:\/\/facebook.com\/Colegioarq\/","https:\/\/x.com\/colegioarq","https:\/\/instagram.com\/colegioarq","https:\/\/youtube.com\/@ColegiodeArquitectosdeChile"]},{"@type":"Person","@id":"https:\/\/colegioarquitectos.com\/noticias\/#\/schema\/person\/b6c7e912cd1283c089114093ed09741f","name":"Gabriel Salgado S.","url":"https:\/\/colegioarquitectos.com\/noticias\/?author=1"}]}},"_links":{"self":[{"href":"https:\/\/colegioarquitectos.com\/noticias\/index.php?rest_route=\/wp\/v2\/posts\/5523","targetHints":{"allow":["GET"]}}],"collection":[{"href":"https:\/\/colegioarquitectos.com\/noticias\/index.php?rest_route=\/wp\/v2\/posts"}],"about":[{"href":"https:\/\/colegioarquitectos.com\/noticias\/index.php?rest_route=\/wp\/v2\/types\/post"}],"author":[{"embeddable":true,"href":"https:\/\/colegioarquitectos.com\/noticias\/index.php?rest_route=\/wp\/v2\/users\/1"}],"replies":[{"embeddable":true,"href":"https:\/\/colegioarquitectos.com\/noticias\/index.php?rest_route=%2Fwp%2Fv2%2Fcomments&post=5523"}],"version-history":[{"count":0,"href":"https:\/\/colegioarquitectos.com\/noticias\/index.php?rest_route=\/wp\/v2\/posts\/5523\/revisions"}],"wp:attachment":[{"href":"https:\/\/colegioarquitectos.com\/noticias\/index.php?rest_route=%2Fwp%2Fv2%2Fmedia&parent=5523"}],"wp:term":[{"taxonomy":"category","embeddable":true,"href":"https:\/\/colegioarquitectos.com\/noticias\/index.php?rest_route=%2Fwp%2Fv2%2Fcategories&post=5523"},{"taxonomy":"post_tag","embeddable":true,"href":"https:\/\/colegioarquitectos.com\/noticias\/index.php?rest_route=%2Fwp%2Fv2%2Ftags&post=5523"}],"curies":[{"name":"wp","href":"https:\/\/api.w.org\/{rel}","templated":true}]}}