
{"id":5842,"date":"2014-10-10T17:02:40","date_gmt":"2014-10-10T17:02:40","guid":{"rendered":"http:\/\/colegioarquitectos.com\/?p=5842"},"modified":"2014-10-10T19:07:21","modified_gmt":"2014-10-10T19:07:21","slug":"chile-sera-sede-del-congreso-latinoamericano-de-bim","status":"publish","type":"post","link":"https:\/\/colegioarquitectos.com\/noticias\/?p=5842","title":{"rendered":"Chile ser\u00e1 sede del Congreso Latinoamericano de BIM"},"content":{"rendered":"<p>La Corporaci\u00f3n de Desarrollo Tecnol\u00f3gico, CDT, de la C\u00e1mara Chilena de la Construcci\u00f3n, CChC y Comgrap, realizar\u00e1 entre el 28 y 29 de octubre el Primer Congreso Latinoamericano de BIM en el Club Manquehue. El evento reunir\u00e1 a destacados expertos en la materia.<\/p>\n<p>Los organizadores que Building Information Modeling (BIM) \u2013 modelado de informaci\u00f3n para la edificaci\u00f3n \u2013 aseguran que esta es una herramienta clave en las fases constructivas, pues permite consolidar procesos para el desarrollo de proyecto, facilitar la toma de decisiones, optimizar recursos, minimizar errores, y reducir tiempos.<\/p>\n<p>Los sistemas BIM permiten un trabajo coordinado y expedito en obras de construcci\u00f3n, pues se desarrolla un \u00fanico modelo digital que contiene toda la informaci\u00f3n del proyecto, desde la representaci\u00f3n tridimensional de todos los sistemas e instalaciones hasta las especificaciones de materiales y cubicaciones.<\/p>\n<p>Una de las ventajas es que permite virtualizar la construcci\u00f3n antes de su desarrollo f\u00edsico, lo cual disminuye riesgos de errores. A su vez, es una fuente de datos muy confiable, especialmente \u00fatil en la etapa de explotaci\u00f3n y operaci\u00f3n de las instalaciones.<\/p>\n<p>Seg\u00fan los organizadores del encuentro BIM impacta directamente en la econom\u00eda y la cadena de valor de la construcci\u00f3n en general y en consecuencia en la econom\u00eda global: \u201cEste hecho ha conducido a los gobiernos de varios pa\u00edses a imponer el est\u00e1ndar BIM en el desarrollo de proyectos y esta tendencia se fortalecer\u00e1 en los pr\u00f3ximos a\u00f1os\u201d afirman.<\/p>\n<p>Ser\u00e1 un punto de encuentro entre la industria, la academia y la tecnolog\u00eda, a trav\u00e9s de una asamblea plenaria, salas de exposici\u00f3n, charlas t\u00e9cnicas y demostraciones. Por su parte, el programa incluye experiencias nacionales y extranjeras en BIM, dise\u00f1o conceptual, ciclos de trabajo, est\u00e1ndares y flujos de informaci\u00f3n, entornos colaborativos, coordinaci\u00f3n digital y visualizaci\u00f3n y metodolog\u00edas en la implementaci\u00f3n en empresas.<\/p>\n<p>El evento ser\u00e1 dirigido por gerentes generales de proyectos, tecnolog\u00edas e innovaci\u00f3n de empresas de arquitectura, dise\u00f1o, ingenier\u00eda, constructoras e inmobiliarias, as\u00ed como acad\u00e9micos del sector construcci\u00f3n y representantes de entidades p\u00fablicas y ministerios. Asistir\u00e1n delegaciones de las c\u00e1maras de la construcci\u00f3n de M\u00e9xico, Colombia, Brasil, Chile, Per\u00fa, entre otras.<\/p>\n<p>Toda la informaci\u00f3n sobre este congreso se puede encontrar en <a href=\"http:\/\/bimlatam.la\/\">http:\/\/bimlatam.la<\/a><\/p>\n<p><\/p>","protected":false},"excerpt":{"rendered":"<p>La Corporaci\u00f3n de Desarrollo Tecnol\u00f3gico, CDT, de la C\u00e1mara Chilena de la Construcci\u00f3n, CChC y Comgrap, realizar\u00e1 entre el 28 y 29 de octubre el Primer Congreso Latinoamericano de BIM en el Club Manquehue. El evento reunir\u00e1 a destacados expertos &hellip; <a class=\"more-link\" href=\"https:\/\/colegioarquitectos.com\/noticias\/?p=5842\">ver m\u00e1s<\/a><\/p>","protected":false},"author":4,"featured_media":5843,"comment_status":"open","ping_status":"open","sticky":false,"template":"","format":"standard","meta":{"footnotes":""},"categories":[19],"tags":[],"class_list":["post-5842","post","type-post","status-publish","format-standard","has-post-thumbnail","hentry","category-actividades"],"yoast_head":"<!-- This site is optimized with the Yoast SEO plugin v24.2 - https:\/\/yoast.com\/wordpress\/plugins\/seo\/ -->\n<title>Chile ser\u00e1 sede del Congreso Latinoamericano de BIM - COLEGIO DE ARQUITECTOS DE CHILE<\/title>\n<meta name=\"robots\" content=\"index, follow, max-snippet:-1, max-image-preview:large, max-video-preview:-1\" \/>\n<link rel=\"canonical\" href=\"https:\/\/colegioarquitectos.com\/noticias\/?p=5842\" \/>\n<meta property=\"og:locale\" content=\"es_ES\" \/>\n<meta property=\"og:type\" content=\"article\" \/>\n<meta property=\"og:title\" content=\"Chile ser\u00e1 sede del Congreso Latinoamericano de BIM - COLEGIO DE ARQUITECTOS DE CHILE\" \/>\n<meta property=\"og:description\" content=\"La Corporaci\u00f3n de Desarrollo Tecnol\u00f3gico, CDT, de la C\u00e1mara Chilena de la Construcci\u00f3n, CChC y Comgrap, realizar\u00e1 entre el 28 y 29 de octubre el Primer Congreso Latinoamericano de BIM en el Club Manquehue. El evento reunir\u00e1 a destacados expertos &hellip; ver m\u00e1s\" \/>\n<meta property=\"og:url\" content=\"https:\/\/colegioarquitectos.com\/noticias\/?p=5842\" \/>\n<meta property=\"og:site_name\" content=\"COLEGIO DE ARQUITECTOS DE CHILE\" \/>\n<meta property=\"article:publisher\" content=\"https:\/\/facebook.com\/Colegioarq\/\" \/>\n<meta property=\"article:published_time\" content=\"2014-10-10T17:02:40+00:00\" \/>\n<meta property=\"article:modified_time\" content=\"2014-10-10T19:07:21+00:00\" \/>\n<meta property=\"og:image\" content=\"https:\/\/colegioarquitectos.com\/noticias\/wp-content\/uploads\/2014\/10\/BIMLATAM-imagen.png\" \/>\n\t<meta property=\"og:image:width\" content=\"768\" \/>\n\t<meta property=\"og:image:height\" content=\"430\" \/>\n\t<meta property=\"og:image:type\" content=\"image\/png\" \/>\n<meta name=\"author\" content=\"Colegio de Arquitectos de Chile\" \/>\n<meta name=\"twitter:card\" content=\"summary_large_image\" \/>\n<meta name=\"twitter:creator\" content=\"@colegioarq\" \/>\n<meta name=\"twitter:site\" content=\"@colegioarq\" \/>\n<meta name=\"twitter:label1\" content=\"Escrito por\" \/>\n\t<meta name=\"twitter:data1\" content=\"Colegio de Arquitectos de Chile\" \/>\n\t<meta name=\"twitter:label2\" content=\"Tiempo de lectura\" \/>\n\t<meta name=\"twitter:data2\" content=\"2 minutos\" \/>\n<script type=\"application\/ld+json\" class=\"yoast-schema-graph\">{\"@context\":\"https:\/\/schema.org\",\"@graph\":[{\"@type\":\"Article\",\"@id\":\"https:\/\/colegioarquitectos.com\/noticias\/?p=5842#article\",\"isPartOf\":{\"@id\":\"https:\/\/colegioarquitectos.com\/noticias\/?p=5842\"},\"author\":{\"name\":\"Colegio de Arquitectos de Chile\",\"@id\":\"https:\/\/colegioarquitectos.com\/noticias\/#\/schema\/person\/685cc0aad148303c5608f049af8285ad\"},\"headline\":\"Chile ser\u00e1 sede del Congreso Latinoamericano de BIM\",\"datePublished\":\"2014-10-10T17:02:40+00:00\",\"dateModified\":\"2014-10-10T19:07:21+00:00\",\"mainEntityOfPage\":{\"@id\":\"https:\/\/colegioarquitectos.com\/noticias\/?p=5842\"},\"wordCount\":407,\"commentCount\":0,\"publisher\":{\"@id\":\"https:\/\/colegioarquitectos.com\/noticias\/#organization\"},\"image\":{\"@id\":\"https:\/\/colegioarquitectos.com\/noticias\/?p=5842#primaryimage\"},\"thumbnailUrl\":\"https:\/\/colegioarquitectos.com\/noticias\/wp-content\/uploads\/2014\/10\/BIMLATAM-imagen.png\",\"articleSection\":[\"Actividades\"],\"inLanguage\":\"es\",\"potentialAction\":[{\"@type\":\"CommentAction\",\"name\":\"Comment\",\"target\":[\"https:\/\/colegioarquitectos.com\/noticias\/?p=5842#respond\"]}]},{\"@type\":\"WebPage\",\"@id\":\"https:\/\/colegioarquitectos.com\/noticias\/?p=5842\",\"url\":\"https:\/\/colegioarquitectos.com\/noticias\/?p=5842\",\"name\":\"Chile ser\u00e1 sede del Congreso Latinoamericano de BIM - COLEGIO DE ARQUITECTOS DE CHILE\",\"isPartOf\":{\"@id\":\"https:\/\/colegioarquitectos.com\/noticias\/#website\"},\"primaryImageOfPage\":{\"@id\":\"https:\/\/colegioarquitectos.com\/noticias\/?p=5842#primaryimage\"},\"image\":{\"@id\":\"https:\/\/colegioarquitectos.com\/noticias\/?p=5842#primaryimage\"},\"thumbnailUrl\":\"https:\/\/colegioarquitectos.com\/noticias\/wp-content\/uploads\/2014\/10\/BIMLATAM-imagen.png\",\"datePublished\":\"2014-10-10T17:02:40+00:00\",\"dateModified\":\"2014-10-10T19:07:21+00:00\",\"breadcrumb\":{\"@id\":\"https:\/\/colegioarquitectos.com\/noticias\/?p=5842#breadcrumb\"},\"inLanguage\":\"es\",\"potentialAction\":[{\"@type\":\"ReadAction\",\"target\":[\"https:\/\/colegioarquitectos.com\/noticias\/?p=5842\"]}]},{\"@type\":\"ImageObject\",\"inLanguage\":\"es\",\"@id\":\"https:\/\/colegioarquitectos.com\/noticias\/?p=5842#primaryimage\",\"url\":\"https:\/\/colegioarquitectos.com\/noticias\/wp-content\/uploads\/2014\/10\/BIMLATAM-imagen.png\",\"contentUrl\":\"https:\/\/colegioarquitectos.com\/noticias\/wp-content\/uploads\/2014\/10\/BIMLATAM-imagen.png\",\"width\":768,\"height\":430},{\"@type\":\"BreadcrumbList\",\"@id\":\"https:\/\/colegioarquitectos.com\/noticias\/?p=5842#breadcrumb\",\"itemListElement\":[{\"@type\":\"ListItem\",\"position\":1,\"name\":\"Portada\",\"item\":\"https:\/\/colegioarquitectos.com\/noticias\"},{\"@type\":\"ListItem\",\"position\":2,\"name\":\"Chile ser\u00e1 sede del Congreso Latinoamericano de BIM\"}]},{\"@type\":\"WebSite\",\"@id\":\"https:\/\/colegioarquitectos.com\/noticias\/#website\",\"url\":\"https:\/\/colegioarquitectos.com\/noticias\/\",\"name\":\"COLEGIO DE ARQUITECTOS DE CHILE\",\"description\":\"\",\"publisher\":{\"@id\":\"https:\/\/colegioarquitectos.com\/noticias\/#organization\"},\"potentialAction\":[{\"@type\":\"SearchAction\",\"target\":{\"@type\":\"EntryPoint\",\"urlTemplate\":\"https:\/\/colegioarquitectos.com\/noticias\/?s={search_term_string}\"},\"query-input\":{\"@type\":\"PropertyValueSpecification\",\"valueRequired\":true,\"valueName\":\"search_term_string\"}}],\"inLanguage\":\"es\"},{\"@type\":\"Organization\",\"@id\":\"https:\/\/colegioarquitectos.com\/noticias\/#organization\",\"name\":\"COLEGIO DE ARQUITECTOS DE CHILE\",\"url\":\"https:\/\/colegioarquitectos.com\/noticias\/\",\"logo\":{\"@type\":\"ImageObject\",\"inLanguage\":\"es\",\"@id\":\"https:\/\/colegioarquitectos.com\/noticias\/#\/schema\/logo\/image\/\",\"url\":\"https:\/\/colegioarquitectos.com\/noticias\/wp-content\/uploads\/2021\/05\/ENCABEZADO-LOGO-CA.jpg\",\"contentUrl\":\"https:\/\/colegioarquitectos.com\/noticias\/wp-content\/uploads\/2021\/05\/ENCABEZADO-LOGO-CA.jpg\",\"width\":690,\"height\":350,\"caption\":\"COLEGIO DE ARQUITECTOS DE CHILE\"},\"image\":{\"@id\":\"https:\/\/colegioarquitectos.com\/noticias\/#\/schema\/logo\/image\/\"},\"sameAs\":[\"https:\/\/facebook.com\/Colegioarq\/\",\"https:\/\/x.com\/colegioarq\",\"https:\/\/instagram.com\/colegioarq\",\"https:\/\/youtube.com\/@ColegiodeArquitectosdeChile\"]},{\"@type\":\"Person\",\"@id\":\"https:\/\/colegioarquitectos.com\/noticias\/#\/schema\/person\/685cc0aad148303c5608f049af8285ad\",\"name\":\"Colegio de Arquitectos de Chile\",\"url\":\"https:\/\/colegioarquitectos.com\/noticias\/?author=4\"}]}<\/script>\n<!-- \/ Yoast SEO plugin. -->","yoast_head_json":{"title":"Chile ser\u00e1 sede del Congreso Latinoamericano de BIM - COLEGIO DE ARQUITECTOS DE CHILE","robots":{"index":"index","follow":"follow","max-snippet":"max-snippet:-1","max-image-preview":"max-image-preview:large","max-video-preview":"max-video-preview:-1"},"canonical":"https:\/\/colegioarquitectos.com\/noticias\/?p=5842","og_locale":"es_ES","og_type":"article","og_title":"Chile ser\u00e1 sede del Congreso Latinoamericano de BIM - COLEGIO DE ARQUITECTOS DE CHILE","og_description":"La Corporaci\u00f3n de Desarrollo Tecnol\u00f3gico, CDT, de la C\u00e1mara Chilena de la Construcci\u00f3n, CChC y Comgrap, realizar\u00e1 entre el 28 y 29 de octubre el Primer Congreso Latinoamericano de BIM en el Club Manquehue. El evento reunir\u00e1 a destacados expertos &hellip; ver m\u00e1s","og_url":"https:\/\/colegioarquitectos.com\/noticias\/?p=5842","og_site_name":"COLEGIO DE ARQUITECTOS DE CHILE","article_publisher":"https:\/\/facebook.com\/Colegioarq\/","article_published_time":"2014-10-10T17:02:40+00:00","article_modified_time":"2014-10-10T19:07:21+00:00","og_image":[{"width":768,"height":430,"url":"https:\/\/colegioarquitectos.com\/noticias\/wp-content\/uploads\/2014\/10\/BIMLATAM-imagen.png","type":"image\/png"}],"author":"Colegio de Arquitectos de Chile","twitter_card":"summary_large_image","twitter_creator":"@colegioarq","twitter_site":"@colegioarq","twitter_misc":{"Escrito por":"Colegio de Arquitectos de Chile","Tiempo de lectura":"2 minutos"},"schema":{"@context":"https:\/\/schema.org","@graph":[{"@type":"Article","@id":"https:\/\/colegioarquitectos.com\/noticias\/?p=5842#article","isPartOf":{"@id":"https:\/\/colegioarquitectos.com\/noticias\/?p=5842"},"author":{"name":"Colegio de Arquitectos de Chile","@id":"https:\/\/colegioarquitectos.com\/noticias\/#\/schema\/person\/685cc0aad148303c5608f049af8285ad"},"headline":"Chile ser\u00e1 sede del Congreso Latinoamericano de BIM","datePublished":"2014-10-10T17:02:40+00:00","dateModified":"2014-10-10T19:07:21+00:00","mainEntityOfPage":{"@id":"https:\/\/colegioarquitectos.com\/noticias\/?p=5842"},"wordCount":407,"commentCount":0,"publisher":{"@id":"https:\/\/colegioarquitectos.com\/noticias\/#organization"},"image":{"@id":"https:\/\/colegioarquitectos.com\/noticias\/?p=5842#primaryimage"},"thumbnailUrl":"https:\/\/colegioarquitectos.com\/noticias\/wp-content\/uploads\/2014\/10\/BIMLATAM-imagen.png","articleSection":["Actividades"],"inLanguage":"es","potentialAction":[{"@type":"CommentAction","name":"Comment","target":["https:\/\/colegioarquitectos.com\/noticias\/?p=5842#respond"]}]},{"@type":"WebPage","@id":"https:\/\/colegioarquitectos.com\/noticias\/?p=5842","url":"https:\/\/colegioarquitectos.com\/noticias\/?p=5842","name":"Chile ser\u00e1 sede del Congreso Latinoamericano de BIM - COLEGIO DE ARQUITECTOS DE CHILE","isPartOf":{"@id":"https:\/\/colegioarquitectos.com\/noticias\/#website"},"primaryImageOfPage":{"@id":"https:\/\/colegioarquitectos.com\/noticias\/?p=5842#primaryimage"},"image":{"@id":"https:\/\/colegioarquitectos.com\/noticias\/?p=5842#primaryimage"},"thumbnailUrl":"https:\/\/colegioarquitectos.com\/noticias\/wp-content\/uploads\/2014\/10\/BIMLATAM-imagen.png","datePublished":"2014-10-10T17:02:40+00:00","dateModified":"2014-10-10T19:07:21+00:00","breadcrumb":{"@id":"https:\/\/colegioarquitectos.com\/noticias\/?p=5842#breadcrumb"},"inLanguage":"es","potentialAction":[{"@type":"ReadAction","target":["https:\/\/colegioarquitectos.com\/noticias\/?p=5842"]}]},{"@type":"ImageObject","inLanguage":"es","@id":"https:\/\/colegioarquitectos.com\/noticias\/?p=5842#primaryimage","url":"https:\/\/colegioarquitectos.com\/noticias\/wp-content\/uploads\/2014\/10\/BIMLATAM-imagen.png","contentUrl":"https:\/\/colegioarquitectos.com\/noticias\/wp-content\/uploads\/2014\/10\/BIMLATAM-imagen.png","width":768,"height":430},{"@type":"BreadcrumbList","@id":"https:\/\/colegioarquitectos.com\/noticias\/?p=5842#breadcrumb","itemListElement":[{"@type":"ListItem","position":1,"name":"Portada","item":"https:\/\/colegioarquitectos.com\/noticias"},{"@type":"ListItem","position":2,"name":"Chile ser\u00e1 sede del Congreso Latinoamericano de BIM"}]},{"@type":"WebSite","@id":"https:\/\/colegioarquitectos.com\/noticias\/#website","url":"https:\/\/colegioarquitectos.com\/noticias\/","name":"COLEGIO DE ARQUITECTOS DE CHILE","description":"","publisher":{"@id":"https:\/\/colegioarquitectos.com\/noticias\/#organization"},"potentialAction":[{"@type":"SearchAction","target":{"@type":"EntryPoint","urlTemplate":"https:\/\/colegioarquitectos.com\/noticias\/?s={search_term_string}"},"query-input":{"@type":"PropertyValueSpecification","valueRequired":true,"valueName":"search_term_string"}}],"inLanguage":"es"},{"@type":"Organization","@id":"https:\/\/colegioarquitectos.com\/noticias\/#organization","name":"COLEGIO DE ARQUITECTOS DE CHILE","url":"https:\/\/colegioarquitectos.com\/noticias\/","logo":{"@type":"ImageObject","inLanguage":"es","@id":"https:\/\/colegioarquitectos.com\/noticias\/#\/schema\/logo\/image\/","url":"https:\/\/colegioarquitectos.com\/noticias\/wp-content\/uploads\/2021\/05\/ENCABEZADO-LOGO-CA.jpg","contentUrl":"https:\/\/colegioarquitectos.com\/noticias\/wp-content\/uploads\/2021\/05\/ENCABEZADO-LOGO-CA.jpg","width":690,"height":350,"caption":"COLEGIO DE ARQUITECTOS DE CHILE"},"image":{"@id":"https:\/\/colegioarquitectos.com\/noticias\/#\/schema\/logo\/image\/"},"sameAs":["https:\/\/facebook.com\/Colegioarq\/","https:\/\/x.com\/colegioarq","https:\/\/instagram.com\/colegioarq","https:\/\/youtube.com\/@ColegiodeArquitectosdeChile"]},{"@type":"Person","@id":"https:\/\/colegioarquitectos.com\/noticias\/#\/schema\/person\/685cc0aad148303c5608f049af8285ad","name":"Colegio de Arquitectos de Chile","url":"https:\/\/colegioarquitectos.com\/noticias\/?author=4"}]}},"_links":{"self":[{"href":"https:\/\/colegioarquitectos.com\/noticias\/index.php?rest_route=\/wp\/v2\/posts\/5842","targetHints":{"allow":["GET"]}}],"collection":[{"href":"https:\/\/colegioarquitectos.com\/noticias\/index.php?rest_route=\/wp\/v2\/posts"}],"about":[{"href":"https:\/\/colegioarquitectos.com\/noticias\/index.php?rest_route=\/wp\/v2\/types\/post"}],"author":[{"embeddable":true,"href":"https:\/\/colegioarquitectos.com\/noticias\/index.php?rest_route=\/wp\/v2\/users\/4"}],"replies":[{"embeddable":true,"href":"https:\/\/colegioarquitectos.com\/noticias\/index.php?rest_route=%2Fwp%2Fv2%2Fcomments&post=5842"}],"version-history":[{"count":0,"href":"https:\/\/colegioarquitectos.com\/noticias\/index.php?rest_route=\/wp\/v2\/posts\/5842\/revisions"}],"wp:featuredmedia":[{"embeddable":true,"href":"https:\/\/colegioarquitectos.com\/noticias\/index.php?rest_route=\/wp\/v2\/media\/5843"}],"wp:attachment":[{"href":"https:\/\/colegioarquitectos.com\/noticias\/index.php?rest_route=%2Fwp%2Fv2%2Fmedia&parent=5842"}],"wp:term":[{"taxonomy":"category","embeddable":true,"href":"https:\/\/colegioarquitectos.com\/noticias\/index.php?rest_route=%2Fwp%2Fv2%2Fcategories&post=5842"},{"taxonomy":"post_tag","embeddable":true,"href":"https:\/\/colegioarquitectos.com\/noticias\/index.php?rest_route=%2Fwp%2Fv2%2Ftags&post=5842"}],"curies":[{"name":"wp","href":"https:\/\/api.w.org\/{rel}","templated":true}]}}