
{"id":594,"date":"2012-03-29T10:00:39","date_gmt":"2012-03-29T10:00:39","guid":{"rendered":"http:\/\/colegioarquitectos.com\/noticias\/?p=594"},"modified":"2012-04-03T15:41:08","modified_gmt":"2012-04-03T15:41:08","slug":"panel-de-expertos-estudiara-una-nueva-politica-nacional-de-desarrollo-urbano-colegio-de-arquitectos-esta-representado-por-su-presidente-nacional","status":"publish","type":"post","link":"https:\/\/colegioarquitectos.com\/noticias\/?p=594","title":{"rendered":"Panel de expertos estudiar\u00e1 una nueva Pol\u00edtica Nacional de Desarrollo Urbano \u2013 Colegio de Arquitectos est\u00e1 representado por su Presidente Nacional"},"content":{"rendered":"<p>&nbsp;<\/p>\n<p style=\"text-align: justify;\"><strong>La comisi\u00f3n ser\u00e1 presidida por Antonia Lehmann, arquitecta Premio Nacional de Arquitectura 2004, y el cargo de secretario ejecutivo ser\u00e1 desempe\u00f1ado por Jos\u00e9 Ram\u00f3n Ugarte, ex presidente del Colegio de Arquitectos y asesor del ministerio. Junto a ellos, representando al Colegio de Arquitectos de Chile, participa el Presidente Nacional, Luis Eduardo Bresciani, invitado especialmente por el Ministro Rodrigo P\u00e9rez Mackenna.<\/strong><\/p>\n<p style=\"text-align: justify;\">Uno de los compromisos asumidos por el Presidente de la Rep\u00fablica en el discurso del 21 de Mayo del a\u00f1o pasado, era la formulaci\u00f3n de una nueva Pol\u00edtica Nacional de Desarrollo Urbano, que pretende dar los lineamientos de c\u00f3mo deben desarrollarse las ciudades de Chile en los pr\u00f3ximos 50 a\u00f1os. En el marco de esta iniciativa es que el Mandatario instruy\u00f3 la creaci\u00f3n de una comisi\u00f3n asesora presidencial para interactuar con el Ministerio de Vivienda y Urbanismo y validar una propuesta pol\u00edtica.<\/p>\n<p style=\"text-align: justify;\">Por a\u00f1os el pa\u00eds no ha contado con una pol\u00edtica de desarrollo urbano, se\u00f1alan los expertos, y por eso ha quedado patente una serie de problemas que est\u00e1n enfrentando las ciudades, relacionados con el patrimonio y con el impacto vial.<\/p>\n<p style=\"text-align: justify;\">Contar con una pol\u00edtica nacional busca el desarrollo de las ciudades en base a una serie de par\u00e1metros, de manera que sirva como gu\u00eda respecto de c\u00f3mo el pa\u00eds espera que sean las ciudades y las leyes que las regulan.<\/p>\n<p style=\"text-align: justify;\">Si bien se han dictado dos \u201cPol\u00edticas Nacionales de Desarrollo Urbano\u201d (PNDU), una en 1979 y la otra en 1985, ninguna de las dos constituy\u00f3 una pol\u00edtica propiamente tal, aspecto que incluso estaba reconocido en los respectivos textos.<\/p>\n<p style=\"text-align: justify;\">La pol\u00edtica nacional de desarrollo urbano no es una ley, su funci\u00f3n es definir los fundamentos y los objetivos conforme a los cuales deber\u00edan desarrollarse las ciudades chilenas y los lineamientos a seguir en la legislaci\u00f3n que impulse y regule el desarrollo urbano nacional. En otras palabras, se trata de establecer un marco conceptual y definiciones de principios para las iniciativas de urbanismo y planificaci\u00f3n.<\/p>\n<p style=\"text-align: justify;\">La comisi\u00f3n ser\u00e1 presidida por Antonia Lehmann, arquitecta Premio Nacional de Arquitectura 2004, y el cargo de secretario ejecutivo ser\u00e1 desempe\u00f1ado por Jos\u00e9 Ram\u00f3n Ugarte, ex presidente del Colegio de Arquitectos y asesor del ministerio. Junto a ellos, representando al Colegio de Arquitectos de Chile, participa el Presidente Nacional, Luis Eduardo Bresciani, invitado especialmente por el Ministro Rodrigo P\u00e9rez Mackenna.<\/p>\n<p style=\"text-align: justify;\">El resto de la comisi\u00f3n est\u00e1 compuesta por 26 integrantes, entre los que destacan alcaldes, arquitectos, senadores, diputados, ex ministros y varios decanos de facultades de arquitectura.<\/p>\n<p style=\"text-align: justify;\">Entre ellos, Carlos Hurtado, ex ministro de Obras P\u00fablicas; V\u00edctor P\u00e9rez, senador UDI; Hosa\u00edn Sabag, senador DC; Patricio Hales, diputado PPD; Alberto Etchegaray, ex ministro de Vivienda; Ra\u00fal Torrealba, presidente de la Asociaci\u00f3n Chilena de Municipalidades; Pablo Allard, decano de la Facultad de Arquitectura y Geograf\u00eda, Universidad del Desarrollo; Cristi\u00e1n Boza, arquitecto, Gran Premio Latinoamericano de Arquitectura; Mathias Klotz, decano de la Facultad de Arquitectura, Arte y Dise\u00f1o de la Universidad Diego Portales, e Iv\u00e1n Poduje, arquitecto urbanista, socio de la consultora Atisba, entre otros.<\/p>\n<p style=\"text-align: justify;\"><em><strong>Fuente: El Mercurio<\/strong><\/em><\/p>\n<p><\/p>","protected":false},"excerpt":{"rendered":"<p>&nbsp; La comisi\u00f3n ser\u00e1 presidida por Antonia Lehmann, arquitecta Premio Nacional de Arquitectura 2004, y el cargo de secretario ejecutivo ser\u00e1 desempe\u00f1ado por Jos\u00e9 Ram\u00f3n Ugarte, ex presidente del Colegio de Arquitectos y asesor del ministerio. Junto a ellos, representando &hellip; <a class=\"more-link\" href=\"https:\/\/colegioarquitectos.com\/noticias\/?p=594\">ver m\u00e1s<\/a><\/p>","protected":false},"author":1,"featured_media":0,"comment_status":"open","ping_status":"open","sticky":false,"template":"","format":"standard","meta":{"footnotes":""},"categories":[8,3],"tags":[],"class_list":["post-594","post","type-post","status-publish","format-standard","hentry","category-colegio-de-arquitectos","category-noticias"],"yoast_head":"<!-- This site is optimized with the Yoast SEO plugin v24.2 - https:\/\/yoast.com\/wordpress\/plugins\/seo\/ -->\n<title>Panel de expertos estudiar\u00e1 una nueva Pol\u00edtica Nacional de Desarrollo Urbano \u2013 Colegio de Arquitectos est\u00e1 representado por su Presidente Nacional - COLEGIO DE ARQUITECTOS DE CHILE<\/title>\n<meta name=\"robots\" content=\"index, follow, max-snippet:-1, max-image-preview:large, max-video-preview:-1\" \/>\n<link rel=\"canonical\" href=\"https:\/\/colegioarquitectos.com\/noticias\/?p=594\" \/>\n<meta property=\"og:locale\" content=\"es_ES\" \/>\n<meta property=\"og:type\" content=\"article\" \/>\n<meta property=\"og:title\" content=\"Panel de expertos estudiar\u00e1 una nueva Pol\u00edtica Nacional de Desarrollo Urbano \u2013 Colegio de Arquitectos est\u00e1 representado por su Presidente Nacional - COLEGIO DE ARQUITECTOS DE CHILE\" \/>\n<meta property=\"og:description\" content=\"&nbsp; La comisi\u00f3n ser\u00e1 presidida por Antonia Lehmann, arquitecta Premio Nacional de Arquitectura 2004, y el cargo de secretario ejecutivo ser\u00e1 desempe\u00f1ado por Jos\u00e9 Ram\u00f3n Ugarte, ex presidente del Colegio de Arquitectos y asesor del ministerio. Junto a ellos, representando &hellip; ver m\u00e1s\" \/>\n<meta property=\"og:url\" content=\"https:\/\/colegioarquitectos.com\/noticias\/?p=594\" \/>\n<meta property=\"og:site_name\" content=\"COLEGIO DE ARQUITECTOS DE CHILE\" \/>\n<meta property=\"article:publisher\" content=\"https:\/\/facebook.com\/Colegioarq\/\" \/>\n<meta property=\"article:published_time\" content=\"2012-03-29T10:00:39+00:00\" \/>\n<meta property=\"article:modified_time\" content=\"2012-04-03T15:41:08+00:00\" \/>\n<meta name=\"author\" content=\"Gabriel Salgado S.\" \/>\n<meta name=\"twitter:card\" content=\"summary_large_image\" \/>\n<meta name=\"twitter:creator\" content=\"@colegioarq\" \/>\n<meta name=\"twitter:site\" content=\"@colegioarq\" \/>\n<meta name=\"twitter:label1\" content=\"Escrito por\" \/>\n\t<meta name=\"twitter:data1\" content=\"Gabriel Salgado S.\" \/>\n\t<meta name=\"twitter:label2\" content=\"Tiempo de lectura\" \/>\n\t<meta name=\"twitter:data2\" content=\"3 minutos\" \/>\n<script type=\"application\/ld+json\" class=\"yoast-schema-graph\">{\"@context\":\"https:\/\/schema.org\",\"@graph\":[{\"@type\":\"Article\",\"@id\":\"https:\/\/colegioarquitectos.com\/noticias\/?p=594#article\",\"isPartOf\":{\"@id\":\"https:\/\/colegioarquitectos.com\/noticias\/?p=594\"},\"author\":{\"name\":\"Gabriel Salgado S.\",\"@id\":\"https:\/\/colegioarquitectos.com\/noticias\/#\/schema\/person\/b6c7e912cd1283c089114093ed09741f\"},\"headline\":\"Panel de expertos estudiar\u00e1 una nueva Pol\u00edtica Nacional de Desarrollo Urbano \u2013 Colegio de Arquitectos est\u00e1 representado por su Presidente Nacional\",\"datePublished\":\"2012-03-29T10:00:39+00:00\",\"dateModified\":\"2012-04-03T15:41:08+00:00\",\"mainEntityOfPage\":{\"@id\":\"https:\/\/colegioarquitectos.com\/noticias\/?p=594\"},\"wordCount\":561,\"commentCount\":0,\"publisher\":{\"@id\":\"https:\/\/colegioarquitectos.com\/noticias\/#organization\"},\"articleSection\":[\"Colegio\",\"Noticias\"],\"inLanguage\":\"es\",\"potentialAction\":[{\"@type\":\"CommentAction\",\"name\":\"Comment\",\"target\":[\"https:\/\/colegioarquitectos.com\/noticias\/?p=594#respond\"]}]},{\"@type\":\"WebPage\",\"@id\":\"https:\/\/colegioarquitectos.com\/noticias\/?p=594\",\"url\":\"https:\/\/colegioarquitectos.com\/noticias\/?p=594\",\"name\":\"Panel de expertos estudiar\u00e1 una nueva Pol\u00edtica Nacional de Desarrollo Urbano \u2013 Colegio de Arquitectos est\u00e1 representado por su Presidente Nacional - COLEGIO DE ARQUITECTOS DE CHILE\",\"isPartOf\":{\"@id\":\"https:\/\/colegioarquitectos.com\/noticias\/#website\"},\"datePublished\":\"2012-03-29T10:00:39+00:00\",\"dateModified\":\"2012-04-03T15:41:08+00:00\",\"breadcrumb\":{\"@id\":\"https:\/\/colegioarquitectos.com\/noticias\/?p=594#breadcrumb\"},\"inLanguage\":\"es\",\"potentialAction\":[{\"@type\":\"ReadAction\",\"target\":[\"https:\/\/colegioarquitectos.com\/noticias\/?p=594\"]}]},{\"@type\":\"BreadcrumbList\",\"@id\":\"https:\/\/colegioarquitectos.com\/noticias\/?p=594#breadcrumb\",\"itemListElement\":[{\"@type\":\"ListItem\",\"position\":1,\"name\":\"Portada\",\"item\":\"https:\/\/colegioarquitectos.com\/noticias\"},{\"@type\":\"ListItem\",\"position\":2,\"name\":\"Panel de expertos estudiar\u00e1 una nueva Pol\u00edtica Nacional de Desarrollo Urbano \u2013 Colegio de Arquitectos est\u00e1 representado por su Presidente Nacional\"}]},{\"@type\":\"WebSite\",\"@id\":\"https:\/\/colegioarquitectos.com\/noticias\/#website\",\"url\":\"https:\/\/colegioarquitectos.com\/noticias\/\",\"name\":\"COLEGIO DE ARQUITECTOS DE CHILE\",\"description\":\"\",\"publisher\":{\"@id\":\"https:\/\/colegioarquitectos.com\/noticias\/#organization\"},\"potentialAction\":[{\"@type\":\"SearchAction\",\"target\":{\"@type\":\"EntryPoint\",\"urlTemplate\":\"https:\/\/colegioarquitectos.com\/noticias\/?s={search_term_string}\"},\"query-input\":{\"@type\":\"PropertyValueSpecification\",\"valueRequired\":true,\"valueName\":\"search_term_string\"}}],\"inLanguage\":\"es\"},{\"@type\":\"Organization\",\"@id\":\"https:\/\/colegioarquitectos.com\/noticias\/#organization\",\"name\":\"COLEGIO DE ARQUITECTOS DE CHILE\",\"url\":\"https:\/\/colegioarquitectos.com\/noticias\/\",\"logo\":{\"@type\":\"ImageObject\",\"inLanguage\":\"es\",\"@id\":\"https:\/\/colegioarquitectos.com\/noticias\/#\/schema\/logo\/image\/\",\"url\":\"https:\/\/colegioarquitectos.com\/noticias\/wp-content\/uploads\/2021\/05\/ENCABEZADO-LOGO-CA.jpg\",\"contentUrl\":\"https:\/\/colegioarquitectos.com\/noticias\/wp-content\/uploads\/2021\/05\/ENCABEZADO-LOGO-CA.jpg\",\"width\":690,\"height\":350,\"caption\":\"COLEGIO DE ARQUITECTOS DE CHILE\"},\"image\":{\"@id\":\"https:\/\/colegioarquitectos.com\/noticias\/#\/schema\/logo\/image\/\"},\"sameAs\":[\"https:\/\/facebook.com\/Colegioarq\/\",\"https:\/\/x.com\/colegioarq\",\"https:\/\/instagram.com\/colegioarq\",\"https:\/\/youtube.com\/@ColegiodeArquitectosdeChile\"]},{\"@type\":\"Person\",\"@id\":\"https:\/\/colegioarquitectos.com\/noticias\/#\/schema\/person\/b6c7e912cd1283c089114093ed09741f\",\"name\":\"Gabriel Salgado S.\",\"url\":\"https:\/\/colegioarquitectos.com\/noticias\/?author=1\"}]}<\/script>\n<!-- \/ Yoast SEO plugin. -->","yoast_head_json":{"title":"Panel de expertos estudiar\u00e1 una nueva Pol\u00edtica Nacional de Desarrollo Urbano \u2013 Colegio de Arquitectos est\u00e1 representado por su Presidente Nacional - COLEGIO DE ARQUITECTOS DE CHILE","robots":{"index":"index","follow":"follow","max-snippet":"max-snippet:-1","max-image-preview":"max-image-preview:large","max-video-preview":"max-video-preview:-1"},"canonical":"https:\/\/colegioarquitectos.com\/noticias\/?p=594","og_locale":"es_ES","og_type":"article","og_title":"Panel de expertos estudiar\u00e1 una nueva Pol\u00edtica Nacional de Desarrollo Urbano \u2013 Colegio de Arquitectos est\u00e1 representado por su Presidente Nacional - COLEGIO DE ARQUITECTOS DE CHILE","og_description":"&nbsp; La comisi\u00f3n ser\u00e1 presidida por Antonia Lehmann, arquitecta Premio Nacional de Arquitectura 2004, y el cargo de secretario ejecutivo ser\u00e1 desempe\u00f1ado por Jos\u00e9 Ram\u00f3n Ugarte, ex presidente del Colegio de Arquitectos y asesor del ministerio. Junto a ellos, representando &hellip; ver m\u00e1s","og_url":"https:\/\/colegioarquitectos.com\/noticias\/?p=594","og_site_name":"COLEGIO DE ARQUITECTOS DE CHILE","article_publisher":"https:\/\/facebook.com\/Colegioarq\/","article_published_time":"2012-03-29T10:00:39+00:00","article_modified_time":"2012-04-03T15:41:08+00:00","author":"Gabriel Salgado S.","twitter_card":"summary_large_image","twitter_creator":"@colegioarq","twitter_site":"@colegioarq","twitter_misc":{"Escrito por":"Gabriel Salgado S.","Tiempo de lectura":"3 minutos"},"schema":{"@context":"https:\/\/schema.org","@graph":[{"@type":"Article","@id":"https:\/\/colegioarquitectos.com\/noticias\/?p=594#article","isPartOf":{"@id":"https:\/\/colegioarquitectos.com\/noticias\/?p=594"},"author":{"name":"Gabriel Salgado S.","@id":"https:\/\/colegioarquitectos.com\/noticias\/#\/schema\/person\/b6c7e912cd1283c089114093ed09741f"},"headline":"Panel de expertos estudiar\u00e1 una nueva Pol\u00edtica Nacional de Desarrollo Urbano \u2013 Colegio de Arquitectos est\u00e1 representado por su Presidente Nacional","datePublished":"2012-03-29T10:00:39+00:00","dateModified":"2012-04-03T15:41:08+00:00","mainEntityOfPage":{"@id":"https:\/\/colegioarquitectos.com\/noticias\/?p=594"},"wordCount":561,"commentCount":0,"publisher":{"@id":"https:\/\/colegioarquitectos.com\/noticias\/#organization"},"articleSection":["Colegio","Noticias"],"inLanguage":"es","potentialAction":[{"@type":"CommentAction","name":"Comment","target":["https:\/\/colegioarquitectos.com\/noticias\/?p=594#respond"]}]},{"@type":"WebPage","@id":"https:\/\/colegioarquitectos.com\/noticias\/?p=594","url":"https:\/\/colegioarquitectos.com\/noticias\/?p=594","name":"Panel de expertos estudiar\u00e1 una nueva Pol\u00edtica Nacional de Desarrollo Urbano \u2013 Colegio de Arquitectos est\u00e1 representado por su Presidente Nacional - COLEGIO DE ARQUITECTOS DE CHILE","isPartOf":{"@id":"https:\/\/colegioarquitectos.com\/noticias\/#website"},"datePublished":"2012-03-29T10:00:39+00:00","dateModified":"2012-04-03T15:41:08+00:00","breadcrumb":{"@id":"https:\/\/colegioarquitectos.com\/noticias\/?p=594#breadcrumb"},"inLanguage":"es","potentialAction":[{"@type":"ReadAction","target":["https:\/\/colegioarquitectos.com\/noticias\/?p=594"]}]},{"@type":"BreadcrumbList","@id":"https:\/\/colegioarquitectos.com\/noticias\/?p=594#breadcrumb","itemListElement":[{"@type":"ListItem","position":1,"name":"Portada","item":"https:\/\/colegioarquitectos.com\/noticias"},{"@type":"ListItem","position":2,"name":"Panel de expertos estudiar\u00e1 una nueva Pol\u00edtica Nacional de Desarrollo Urbano \u2013 Colegio de Arquitectos est\u00e1 representado por su Presidente Nacional"}]},{"@type":"WebSite","@id":"https:\/\/colegioarquitectos.com\/noticias\/#website","url":"https:\/\/colegioarquitectos.com\/noticias\/","name":"COLEGIO DE ARQUITECTOS DE CHILE","description":"","publisher":{"@id":"https:\/\/colegioarquitectos.com\/noticias\/#organization"},"potentialAction":[{"@type":"SearchAction","target":{"@type":"EntryPoint","urlTemplate":"https:\/\/colegioarquitectos.com\/noticias\/?s={search_term_string}"},"query-input":{"@type":"PropertyValueSpecification","valueRequired":true,"valueName":"search_term_string"}}],"inLanguage":"es"},{"@type":"Organization","@id":"https:\/\/colegioarquitectos.com\/noticias\/#organization","name":"COLEGIO DE ARQUITECTOS DE CHILE","url":"https:\/\/colegioarquitectos.com\/noticias\/","logo":{"@type":"ImageObject","inLanguage":"es","@id":"https:\/\/colegioarquitectos.com\/noticias\/#\/schema\/logo\/image\/","url":"https:\/\/colegioarquitectos.com\/noticias\/wp-content\/uploads\/2021\/05\/ENCABEZADO-LOGO-CA.jpg","contentUrl":"https:\/\/colegioarquitectos.com\/noticias\/wp-content\/uploads\/2021\/05\/ENCABEZADO-LOGO-CA.jpg","width":690,"height":350,"caption":"COLEGIO DE ARQUITECTOS DE CHILE"},"image":{"@id":"https:\/\/colegioarquitectos.com\/noticias\/#\/schema\/logo\/image\/"},"sameAs":["https:\/\/facebook.com\/Colegioarq\/","https:\/\/x.com\/colegioarq","https:\/\/instagram.com\/colegioarq","https:\/\/youtube.com\/@ColegiodeArquitectosdeChile"]},{"@type":"Person","@id":"https:\/\/colegioarquitectos.com\/noticias\/#\/schema\/person\/b6c7e912cd1283c089114093ed09741f","name":"Gabriel Salgado S.","url":"https:\/\/colegioarquitectos.com\/noticias\/?author=1"}]}},"_links":{"self":[{"href":"https:\/\/colegioarquitectos.com\/noticias\/index.php?rest_route=\/wp\/v2\/posts\/594","targetHints":{"allow":["GET"]}}],"collection":[{"href":"https:\/\/colegioarquitectos.com\/noticias\/index.php?rest_route=\/wp\/v2\/posts"}],"about":[{"href":"https:\/\/colegioarquitectos.com\/noticias\/index.php?rest_route=\/wp\/v2\/types\/post"}],"author":[{"embeddable":true,"href":"https:\/\/colegioarquitectos.com\/noticias\/index.php?rest_route=\/wp\/v2\/users\/1"}],"replies":[{"embeddable":true,"href":"https:\/\/colegioarquitectos.com\/noticias\/index.php?rest_route=%2Fwp%2Fv2%2Fcomments&post=594"}],"version-history":[{"count":0,"href":"https:\/\/colegioarquitectos.com\/noticias\/index.php?rest_route=\/wp\/v2\/posts\/594\/revisions"}],"wp:attachment":[{"href":"https:\/\/colegioarquitectos.com\/noticias\/index.php?rest_route=%2Fwp%2Fv2%2Fmedia&parent=594"}],"wp:term":[{"taxonomy":"category","embeddable":true,"href":"https:\/\/colegioarquitectos.com\/noticias\/index.php?rest_route=%2Fwp%2Fv2%2Fcategories&post=594"},{"taxonomy":"post_tag","embeddable":true,"href":"https:\/\/colegioarquitectos.com\/noticias\/index.php?rest_route=%2Fwp%2Fv2%2Ftags&post=594"}],"curies":[{"name":"wp","href":"https:\/\/api.w.org\/{rel}","templated":true}]}}